{"id":232380,"date":"2025-08-31T09:41:01","date_gmt":"2025-08-31T12:41:01","guid":{"rendered":"https:\/\/informelitoral.com.ar\/?p=232380"},"modified":"2025-08-31T09:42:52","modified_gmt":"2025-08-31T12:42:52","slug":"alejandro-carrere-consiguio-su-tercer-mandato-en-la-utn-facultad-regional-parana","status":"publish","type":"post","link":"https:\/\/informelitoral.com.ar\/alejandro-carrere-consiguio-su-tercer-mandato-en-la-utn-facultad-regional-parana\/","title":{"rendered":"Alejandro Carrere consigui\u00f3 su tercer mandato en la UTN &#8211; Facultad Regional Paran\u00e1"},"content":{"rendered":"<p><strong>Alejandro Carrere<\/strong> consigui\u00f3 el tercer mandato como decano de la Facultad Regional Paran\u00e1 de la Universidad Tecnol\u00f3gica Nacional (UTN) al imponerse sobre sus dos competidores. Como desde 2017, lo acompa\u00f1ar\u00e1 como vicedecano <strong>Alejandro Jerichau<\/strong> en el mandato 2025\/2029.<\/p>\n<h2><strong>Resultado de la elecci\u00f3n 2025 en la UTN Paran\u00e1\u00a0<\/strong><\/h2>\n<p>En primera instancia de la elecci\u00f3n de decano, Carrere consigui\u00f3 32 votos seguido por <strong>Enrique Sergio Burgos<\/strong>, que sum\u00f3 11; y <strong>Alberto Manuel Alcain<\/strong>, tambi\u00e9n con 11.<\/p>\n<p>En segunda vuelta, Carrere recogi\u00f3 31 votos; Burgos, 11; y Alcain 12.<\/p>\n<h2><strong>Carrere: \u00abLa educaci\u00f3n tecnol\u00f3gica debe ser un motor de transformaci\u00f3n social\u00bb<\/strong><\/h2>\n<p dir=\"ltr\">Tras conocerse los resultados, Carrere expres\u00f3: \u201cla UTN Paran\u00e1 es parte esencial del entramado social, productivo y cultural de nuestra regi\u00f3n. Nuestro mayor desaf\u00edo es seguir consolidando una universidad p\u00fablica que garantice igualdad de oportunidades y acceso para todas y todos. La educaci\u00f3n tecnol\u00f3gica debe ser un motor de transformaci\u00f3n social, permitiendo que m\u00e1s personas, sin importar su origen, puedan formarse y aportar al desarrollo del pa\u00eds\u201d.<\/p>\n<p dir=\"ltr\">Asimismo, subray\u00f3 la importancia de la universidad como espacio de encuentro democr\u00e1tico y de construcci\u00f3n colectiva: \u201cCada paso que damos est\u00e1 orientado a fortalecer el v\u00ednculo con la comunidad y a sostener la misi\u00f3n hist\u00f3rica de la UTN: formar profesionales comprometidos con el presente y el futuro de la Argentina\u201d.<\/p>\n<h2><strong>Los anteriores triunfos de Carrere\u00a0<\/strong><\/h2>\n<p>Carrere gan\u00f3 la elecci\u00f3n de decano de la UTN Paran\u00e1 por primera vez en 2017. Ese a\u00f1o se convirti\u00f3 en el sucesor de Omar Berardi en el cargo de decano.<\/p>\n<p>Entonces, Carrere se impuso, en segunda vuelta, por mayor\u00eda simple, con 31 votos, contra los 24 que sum\u00f3 su competidor C\u00e9sar Mini. De ese modo, Carrere se convirti\u00f3 en el nuevo decano de la Facultad Regional Paran\u00e1 de la UTN una vez concluido el tercer per\u00edodo de Omar Berardi al frente de la gesti\u00f3n.<\/p>\n<p>El\u00a0 decano de la UTN Paran\u00e1 inici\u00f3 gesti\u00f3n acompa\u00f1ado por Alejandro Jerichau, como vicedecano, quien fue el \u00fanico candidato para el cargo y obtuvo 49 votos, contra 6 abstenciones.<\/p>\n<p>En 2021, Carrere se impuso con mucha comodidad a la postulante Mar\u00eda del Carmen Ar\u00fas. Con una concurrencia de 54 consejeros acreditados, departamentales y directivos, Carrere gan\u00f3 en primera vuelta por 40 votos contra 12 de Arus, obteniendo m\u00e1s de dos tercios de los sufragios.<\/p>\n<p>Del mismo modo, en la elecci\u00f3n del vicedecano fue reelecto Alejandro Jerichau, en este caso sin oposici\u00f3n, con 44 votos a favor y 10 sufragios en blanco. Carrere y Jerichau estuvieron al frente de la facultad en el per\u00edodo 2021-2025 y ahora lo har\u00e1n hasta 2029.<\/p>\n<h6><em><strong>Del archivo:\u00a0<a href=\"https:\/\/informelitoral.com.ar\/la-universidad-publica-un-baluarte-imprescindible-en-tiempos-de-transformacion\/\" target=\"_blank\" rel=\"noopener\">La universidad p\u00fablica: un baluarte imprescindible en tiempos de transformaci\u00f3n<\/a><\/strong><\/em><\/h6>\n<h6><em><strong><a href=\"https:\/\/informelitoral.com.ar\/senadores-escucharon-aportes-sobre-la-creacion-de-un-consejo-interuniversitario-provincial\/\" target=\"_blank\" rel=\"noopener\">Senadores escucharon aportes sobre la creaci\u00f3n de un Consejo Interuniversitario Provincial<\/a><\/strong><\/em><\/h6>\n","protected":false},"excerpt":{"rendered":"<p>El actual decano seguir\u00e1 al frente de la Facultad hasta 2029 cuando cumplir\u00e1 su tercer y \u00faltimo mandato. Obtuvo 31 votos, mientras que la segunda f\u00f3rmula consigui\u00f3 12 y la tercera, 11 adhesiones.<\/p>\n","protected":false},"author":2,"featured_media":232381,"comment_status":"open","ping_status":"open","sticky":false,"template":"","format":"standard","meta":{"fifu_image_url":"https:\/\/lh3.googleusercontent.com\/drive-storage\/AJQWtBOd31TVbfyzwPAjv-XKL6oKf3PjNt-Pq8j5Sf-2nYo5XULwyvOMT7fDnOpuOGDpWogr2wcQ_6omjJvByWyXlk_S_uRF5rZ9HQiZWpvSDVdFkQ=w2048","fifu_image_alt":"","footnotes":""},"categories":[1597],"tags":[98,45,484,4435,4596],"class_list":{"0":"post-232380","1":"post","2":"type-post","3":"status-publish","4":"format-standard","5":"has-post-thumbnail","7":"category-parana","8":"tag-educacion","9":"tag-parana","10":"tag-universidad-publica","11":"tag-utn","12":"tag-utn-parana"},"yoast_head":"<title>Alejandro Carrere consigui\u00f3 su tercer mandato en la UTN - Facultad Regional Paran\u00e1 - Informe Litoral<\/title>\n<meta name=\"robots\" content=\"index, follow, max-snippet:-1, max-image-preview:large, max-video-preview:-1\" \/>\n<link rel=\"canonical\" href=\"https:\/\/informelitoral.com.ar\/alejandro-carrere-consiguio-su-tercer-mandato-en-la-utn-facultad-regional-parana\/\" \/>\n<meta property=\"og:locale\" content=\"es_ES\" \/>\n<meta property=\"og:type\" content=\"article\" \/>\n<meta property=\"og:title\" content=\"Alejandro Carrere consigui\u00f3 su tercer mandato en la UTN - Facultad Regional Paran\u00e1 - Informe Litoral\" \/>\n<meta property=\"og:description\" content=\"El actual decano seguir\u00e1 al frente de la Facultad hasta 2029 cuando cumplir\u00e1 su tercer y \u00faltimo mandato. Obtuvo 31 votos, mientras que la segunda f\u00f3rmula consigui\u00f3 12 y la tercera, 11 adhesiones.\" \/>\n<meta property=\"og:url\" content=\"https:\/\/informelitoral.com.ar\/alejandro-carrere-consiguio-su-tercer-mandato-en-la-utn-facultad-regional-parana\/\" \/>\n<meta property=\"og:site_name\" content=\"Informe Litoral\" \/>\n<meta property=\"article:publisher\" content=\"https:\/\/www.facebook.com\/informelitoral\/\" \/>\n<meta property=\"article:published_time\" content=\"2025-08-31T12:41:01+00:00\" \/>\n<meta property=\"article:modified_time\" content=\"2025-08-31T12:42:52+00:00\" \/>\n<meta property=\"og:image\" content=\"https:\/\/lh3.googleusercontent.com\/drive-storage\/AJQWtBOd31TVbfyzwPAjv-XKL6oKf3PjNt-Pq8j5Sf-2nYo5XULwyvOMT7fDnOpuOGDpWogr2wcQ_6omjJvByWyXlk_S_uRF5rZ9HQiZWpvSDVdFkQ=w2048\" \/><meta property=\"og:image\" content=\"https:\/\/lh3.googleusercontent.com\/drive-storage\/AJQWtBOd31TVbfyzwPAjv-XKL6oKf3PjNt-Pq8j5Sf-2nYo5XULwyvOMT7fDnOpuOGDpWogr2wcQ_6omjJvByWyXlk_S_uRF5rZ9HQiZWpvSDVdFkQ=w2048\" \/>\n\t<meta property=\"og:image:width\" content=\"2048\" \/>\n\t<meta property=\"og:image:height\" content=\"1450\" \/>\n\t<meta property=\"og:image:type\" content=\"image\/jpeg\" \/>\n<meta name=\"author\" content=\"Gonzalo Schmidt\" \/>\n<meta name=\"twitter:card\" content=\"summary_large_image\" \/>\n<meta name=\"twitter:image\" content=\"https:\/\/lh3.googleusercontent.com\/drive-storage\/AJQWtBOd31TVbfyzwPAjv-XKL6oKf3PjNt-Pq8j5Sf-2nYo5XULwyvOMT7fDnOpuOGDpWogr2wcQ_6omjJvByWyXlk_S_uRF5rZ9HQiZWpvSDVdFkQ=w2048\" \/>\n<meta name=\"twitter:creator\" content=\"@InformeLitoral\" \/>\n<meta name=\"twitter:site\" content=\"@InformeLitoral\" \/>\n<meta name=\"twitter:label1\" content=\"Escrito por\" \/>\n\t<meta name=\"twitter:data1\" content=\"Gonzalo Schmidt\" \/>\n\t<meta name=\"twitter:label2\" content=\"Tiempo de lectura\" \/>\n\t<meta name=\"twitter:data2\" content=\"3 minutos\" \/>\n<script type=\"application\/ld+json\" class=\"yoast-schema-graph\">{\"@context\":\"https:\\\/\\\/schema.org\",\"@graph\":[{\"@type\":\"Article\",\"@id\":\"https:\\\/\\\/informelitoral.com.ar\\\/alejandro-carrere-consiguio-su-tercer-mandato-en-la-utn-facultad-regional-parana\\\/#article\",\"isPartOf\":{\"@id\":\"https:\\\/\\\/informelitoral.com.ar\\\/alejandro-carrere-consiguio-su-tercer-mandato-en-la-utn-facultad-regional-parana\\\/\"},\"author\":{\"name\":\"Gonzalo Schmidt\",\"@id\":\"https:\\\/\\\/informelitoral.com.ar\\\/#\\\/schema\\\/person\\\/b9d00407c836482871ef1d57bf8e3180\"},\"headline\":\"Alejandro Carrere consigui\u00f3 su tercer mandato en la UTN &#8211; Facultad Regional Paran\u00e1\",\"datePublished\":\"2025-08-31T12:41:01+00:00\",\"dateModified\":\"2025-08-31T12:42:52+00:00\",\"mainEntityOfPage\":{\"@id\":\"https:\\\/\\\/informelitoral.com.ar\\\/alejandro-carrere-consiguio-su-tercer-mandato-en-la-utn-facultad-regional-parana\\\/\"},\"wordCount\":477,\"commentCount\":0,\"publisher\":{\"@id\":\"https:\\\/\\\/informelitoral.com.ar\\\/#organization\"},\"image\":{\"@id\":\"https:\\\/\\\/informelitoral.com.ar\\\/alejandro-carrere-consiguio-su-tercer-mandato-en-la-utn-facultad-regional-parana\\\/#primaryimage\"},\"thumbnailUrl\":\"https:\\\/\\\/lh3.googleusercontent.com\\\/drive-storage\\\/AJQWtBOd31TVbfyzwPAjv-XKL6oKf3PjNt-Pq8j5Sf-2nYo5XULwyvOMT7fDnOpuOGDpWogr2wcQ_6omjJvByWyXlk_S_uRF5rZ9HQiZWpvSDVdFkQ=w2048\",\"keywords\":[\"Educaci\u00f3n\",\"Paran\u00e1\",\"Universidad p\u00fablica\",\"UTN\",\"UTN Paran\u00e1\"],\"articleSection\":[\"Paran\u00e1\"],\"inLanguage\":\"es\",\"potentialAction\":[{\"@type\":\"CommentAction\",\"name\":\"Comment\",\"target\":[\"https:\\\/\\\/informelitoral.com.ar\\\/alejandro-carrere-consiguio-su-tercer-mandato-en-la-utn-facultad-regional-parana\\\/#respond\"]}]},{\"@type\":\"WebPage\",\"@id\":\"https:\\\/\\\/informelitoral.com.ar\\\/alejandro-carrere-consiguio-su-tercer-mandato-en-la-utn-facultad-regional-parana\\\/\",\"url\":\"https:\\\/\\\/informelitoral.com.ar\\\/alejandro-carrere-consiguio-su-tercer-mandato-en-la-utn-facultad-regional-parana\\\/\",\"name\":\"Alejandro Carrere consigui\u00f3 su tercer mandato en la UTN - Facultad Regional Paran\u00e1 - Informe Litoral\",\"isPartOf\":{\"@id\":\"https:\\\/\\\/informelitoral.com.ar\\\/#website\"},\"primaryImageOfPage\":{\"@id\":\"https:\\\/\\\/informelitoral.com.ar\\\/alejandro-carrere-consiguio-su-tercer-mandato-en-la-utn-facultad-regional-parana\\\/#primaryimage\"},\"image\":{\"@id\":\"https:\\\/\\\/informelitoral.com.ar\\\/alejandro-carrere-consiguio-su-tercer-mandato-en-la-utn-facultad-regional-parana\\\/#primaryimage\"},\"thumbnailUrl\":\"https:\\\/\\\/lh3.googleusercontent.com\\\/drive-storage\\\/AJQWtBOd31TVbfyzwPAjv-XKL6oKf3PjNt-Pq8j5Sf-2nYo5XULwyvOMT7fDnOpuOGDpWogr2wcQ_6omjJvByWyXlk_S_uRF5rZ9HQiZWpvSDVdFkQ=w2048\",\"datePublished\":\"2025-08-31T12:41:01+00:00\",\"dateModified\":\"2025-08-31T12:42:52+00:00\",\"breadcrumb\":{\"@id\":\"https:\\\/\\\/informelitoral.com.ar\\\/alejandro-carrere-consiguio-su-tercer-mandato-en-la-utn-facultad-regional-parana\\\/#breadcrumb\"},\"inLanguage\":\"es\",\"potentialAction\":[{\"@type\":\"ReadAction\",\"target\":[\"https:\\\/\\\/informelitoral.com.ar\\\/alejandro-carrere-consiguio-su-tercer-mandato-en-la-utn-facultad-regional-parana\\\/\"]}]},{\"@type\":\"ImageObject\",\"inLanguage\":\"es\",\"@id\":\"https:\\\/\\\/informelitoral.com.ar\\\/alejandro-carrere-consiguio-su-tercer-mandato-en-la-utn-facultad-regional-parana\\\/#primaryimage\",\"url\":\"https:\\\/\\\/lh3.googleusercontent.com\\\/drive-storage\\\/AJQWtBOd31TVbfyzwPAjv-XKL6oKf3PjNt-Pq8j5Sf-2nYo5XULwyvOMT7fDnOpuOGDpWogr2wcQ_6omjJvByWyXlk_S_uRF5rZ9HQiZWpvSDVdFkQ=w2048\",\"contentUrl\":\"https:\\\/\\\/lh3.googleusercontent.com\\\/drive-storage\\\/AJQWtBOd31TVbfyzwPAjv-XKL6oKf3PjNt-Pq8j5Sf-2nYo5XULwyvOMT7fDnOpuOGDpWogr2wcQ_6omjJvByWyXlk_S_uRF5rZ9HQiZWpvSDVdFkQ=w2048\",\"width\":\"2048\",\"height\":\"1450\"},{\"@type\":\"BreadcrumbList\",\"@id\":\"https:\\\/\\\/informelitoral.com.ar\\\/alejandro-carrere-consiguio-su-tercer-mandato-en-la-utn-facultad-regional-parana\\\/#breadcrumb\",\"itemListElement\":[{\"@type\":\"ListItem\",\"position\":1,\"name\":\"Portada\",\"item\":\"https:\\\/\\\/informelitoral.com.ar\\\/\"},{\"@type\":\"ListItem\",\"position\":2,\"name\":\"Alejandro Carrere consigui\u00f3 su tercer mandato en la UTN &#8211; Facultad Regional Paran\u00e1\"}]},{\"@type\":\"WebSite\",\"@id\":\"https:\\\/\\\/informelitoral.com.ar\\\/#website\",\"url\":\"https:\\\/\\\/informelitoral.com.ar\\\/\",\"name\":\"Informe Litoral\",\"description\":\"&quot;Nos informamos&quot; \",\"publisher\":{\"@id\":\"https:\\\/\\\/informelitoral.com.ar\\\/#organization\"},\"potentialAction\":[{\"@type\":\"SearchAction\",\"target\":{\"@type\":\"EntryPoint\",\"urlTemplate\":\"https:\\\/\\\/informelitoral.com.ar\\\/?s={search_term_string}\"},\"query-input\":{\"@type\":\"PropertyValueSpecification\",\"valueRequired\":true,\"valueName\":\"search_term_string\"}}],\"inLanguage\":\"es\"},{\"@type\":\"Organization\",\"@id\":\"https:\\\/\\\/informelitoral.com.ar\\\/#organization\",\"name\":\"Informe Litoral\",\"url\":\"https:\\\/\\\/informelitoral.com.ar\\\/\",\"logo\":{\"@type\":\"ImageObject\",\"inLanguage\":\"es\",\"@id\":\"https:\\\/\\\/informelitoral.com.ar\\\/#\\\/schema\\\/logo\\\/image\\\/\",\"url\":\"https:\\\/\\\/informelitoral.com.ar\\\/%77%70%2d%63%6f%6e%74%65%6e%74\\\/uploads\\\/2021\\\/01\\\/circulo.png\",\"contentUrl\":\"https:\\\/\\\/informelitoral.com.ar\\\/%77%70%2d%63%6f%6e%74%65%6e%74\\\/uploads\\\/2021\\\/01\\\/circulo.png\",\"width\":723,\"height\":731,\"caption\":\"Informe Litoral\"},\"image\":{\"@id\":\"https:\\\/\\\/informelitoral.com.ar\\\/#\\\/schema\\\/logo\\\/image\\\/\"},\"sameAs\":[\"https:\\\/\\\/www.facebook.com\\\/informelitoral\\\/\",\"https:\\\/\\\/x.com\\\/InformeLitoral\",\"https:\\\/\\\/www.instagram.com\\\/informelitoral\\\/\",\"https:\\\/\\\/www.youtube.com\\\/channel\\\/UCua4Qvz8Icb6MYqhoq9xLXw\"]},{\"@type\":\"Person\",\"@id\":\"https:\\\/\\\/informelitoral.com.ar\\\/#\\\/schema\\\/person\\\/b9d00407c836482871ef1d57bf8e3180\",\"name\":\"Gonzalo Schmidt\",\"image\":{\"@type\":\"ImageObject\",\"inLanguage\":\"es\",\"@id\":\"https:\\\/\\\/secure.gravatar.com\\\/avatar\\\/31a1a7b66ff2de83bd0e9fd79d026630d2d99e55e8bfe501287647b4fd9743de?s=96&d=mm&r=g\",\"url\":\"https:\\\/\\\/secure.gravatar.com\\\/avatar\\\/31a1a7b66ff2de83bd0e9fd79d026630d2d99e55e8bfe501287647b4fd9743de?s=96&d=mm&r=g\",\"contentUrl\":\"https:\\\/\\\/secure.gravatar.com\\\/avatar\\\/31a1a7b66ff2de83bd0e9fd79d026630d2d99e55e8bfe501287647b4fd9743de?s=96&d=mm&r=g\",\"caption\":\"Gonzalo Schmidt\"},\"description\":\"Sitio web de noticias de la provincia de Entre R\u00edos, Argentina. Informaci\u00f3n y entretenimiento. Informe Litoral, nos informamos.\",\"sameAs\":[\"http:\\\/\\\/www.isletasnoticias.com.ar\"],\"url\":\"https:\\\/\\\/informelitoral.com.ar\\\/author\\\/gonzalo\\\/\"}]}<\/script>","yoast_head_json":{"title":"Alejandro Carrere consigui\u00f3 su tercer mandato en la UTN - Facultad Regional Paran\u00e1 - Informe Litoral","robots":{"index":"index","follow":"follow","max-snippet":"max-snippet:-1","max-image-preview":"max-image-preview:large","max-video-preview":"max-video-preview:-1"},"canonical":"https:\/\/informelitoral.com.ar\/alejandro-carrere-consiguio-su-tercer-mandato-en-la-utn-facultad-regional-parana\/","og_locale":"es_ES","og_type":"article","og_title":"Alejandro Carrere consigui\u00f3 su tercer mandato en la UTN - Facultad Regional Paran\u00e1 - Informe Litoral","og_description":"El actual decano seguir\u00e1 al frente de la Facultad hasta 2029 cuando cumplir\u00e1 su tercer y \u00faltimo mandato. Obtuvo 31 votos, mientras que la segunda f\u00f3rmula consigui\u00f3 12 y la tercera, 11 adhesiones.","og_url":"https:\/\/informelitoral.com.ar\/alejandro-carrere-consiguio-su-tercer-mandato-en-la-utn-facultad-regional-parana\/","og_site_name":"Informe Litoral","article_publisher":"https:\/\/www.facebook.com\/informelitoral\/","article_published_time":"2025-08-31T12:41:01+00:00","article_modified_time":"2025-08-31T12:42:52+00:00","og_image":[{"url":"https:\/\/lh3.googleusercontent.com\/drive-storage\/AJQWtBOd31TVbfyzwPAjv-XKL6oKf3PjNt-Pq8j5Sf-2nYo5XULwyvOMT7fDnOpuOGDpWogr2wcQ_6omjJvByWyXlk_S_uRF5rZ9HQiZWpvSDVdFkQ=w2048","type":"","width":"","height":""},{"width":2048,"height":1450,"url":"https:\/\/lh3.googleusercontent.com\/drive-storage\/AJQWtBOd31TVbfyzwPAjv-XKL6oKf3PjNt-Pq8j5Sf-2nYo5XULwyvOMT7fDnOpuOGDpWogr2wcQ_6omjJvByWyXlk_S_uRF5rZ9HQiZWpvSDVdFkQ=w2048","type":"image\/jpeg"}],"author":"Gonzalo Schmidt","twitter_card":"summary_large_image","twitter_image":"https:\/\/lh3.googleusercontent.com\/drive-storage\/AJQWtBOd31TVbfyzwPAjv-XKL6oKf3PjNt-Pq8j5Sf-2nYo5XULwyvOMT7fDnOpuOGDpWogr2wcQ_6omjJvByWyXlk_S_uRF5rZ9HQiZWpvSDVdFkQ=w2048","twitter_creator":"@InformeLitoral","twitter_site":"@InformeLitoral","twitter_misc":{"Escrito por":"Gonzalo Schmidt","Tiempo de lectura":"3 minutos"},"schema":{"@context":"https:\/\/schema.org","@graph":[{"@type":"Article","@id":"https:\/\/informelitoral.com.ar\/alejandro-carrere-consiguio-su-tercer-mandato-en-la-utn-facultad-regional-parana\/#article","isPartOf":{"@id":"https:\/\/informelitoral.com.ar\/alejandro-carrere-consiguio-su-tercer-mandato-en-la-utn-facultad-regional-parana\/"},"author":{"name":"Gonzalo Schmidt","@id":"https:\/\/informelitoral.com.ar\/#\/schema\/person\/b9d00407c836482871ef1d57bf8e3180"},"headline":"Alejandro Carrere consigui\u00f3 su tercer mandato en la UTN &#8211; Facultad Regional Paran\u00e1","datePublished":"2025-08-31T12:41:01+00:00","dateModified":"2025-08-31T12:42:52+00:00","mainEntityOfPage":{"@id":"https:\/\/informelitoral.com.ar\/alejandro-carrere-consiguio-su-tercer-mandato-en-la-utn-facultad-regional-parana\/"},"wordCount":477,"commentCount":0,"publisher":{"@id":"https:\/\/informelitoral.com.ar\/#organization"},"image":{"@id":"https:\/\/informelitoral.com.ar\/alejandro-carrere-consiguio-su-tercer-mandato-en-la-utn-facultad-regional-parana\/#primaryimage"},"thumbnailUrl":"https:\/\/lh3.googleusercontent.com\/drive-storage\/AJQWtBOd31TVbfyzwPAjv-XKL6oKf3PjNt-Pq8j5Sf-2nYo5XULwyvOMT7fDnOpuOGDpWogr2wcQ_6omjJvByWyXlk_S_uRF5rZ9HQiZWpvSDVdFkQ=w2048","keywords":["Educaci\u00f3n","Paran\u00e1","Universidad p\u00fablica","UTN","UTN Paran\u00e1"],"articleSection":["Paran\u00e1"],"inLanguage":"es","potentialAction":[{"@type":"CommentAction","name":"Comment","target":["https:\/\/informelitoral.com.ar\/alejandro-carrere-consiguio-su-tercer-mandato-en-la-utn-facultad-regional-parana\/#respond"]}]},{"@type":"WebPage","@id":"https:\/\/informelitoral.com.ar\/alejandro-carrere-consiguio-su-tercer-mandato-en-la-utn-facultad-regional-parana\/","url":"https:\/\/informelitoral.com.ar\/alejandro-carrere-consiguio-su-tercer-mandato-en-la-utn-facultad-regional-parana\/","name":"Alejandro Carrere consigui\u00f3 su tercer mandato en la UTN - Facultad Regional Paran\u00e1 - Informe Litoral","isPartOf":{"@id":"https:\/\/informelitoral.com.ar\/#website"},"primaryImageOfPage":{"@id":"https:\/\/informelitoral.com.ar\/alejandro-carrere-consiguio-su-tercer-mandato-en-la-utn-facultad-regional-parana\/#primaryimage"},"image":{"@id":"https:\/\/informelitoral.com.ar\/alejandro-carrere-consiguio-su-tercer-mandato-en-la-utn-facultad-regional-parana\/#primaryimage"},"thumbnailUrl":"https:\/\/lh3.googleusercontent.com\/drive-storage\/AJQWtBOd31TVbfyzwPAjv-XKL6oKf3PjNt-Pq8j5Sf-2nYo5XULwyvOMT7fDnOpuOGDpWogr2wcQ_6omjJvByWyXlk_S_uRF5rZ9HQiZWpvSDVdFkQ=w2048","datePublished":"2025-08-31T12:41:01+00:00","dateModified":"2025-08-31T12:42:52+00:00","breadcrumb":{"@id":"https:\/\/informelitoral.com.ar\/alejandro-carrere-consiguio-su-tercer-mandato-en-la-utn-facultad-regional-parana\/#breadcrumb"},"inLanguage":"es","potentialAction":[{"@type":"ReadAction","target":["https:\/\/informelitoral.com.ar\/alejandro-carrere-consiguio-su-tercer-mandato-en-la-utn-facultad-regional-parana\/"]}]},{"@type":"ImageObject","inLanguage":"es","@id":"https:\/\/informelitoral.com.ar\/alejandro-carrere-consiguio-su-tercer-mandato-en-la-utn-facultad-regional-parana\/#primaryimage","url":"https:\/\/lh3.googleusercontent.com\/drive-storage\/AJQWtBOd31TVbfyzwPAjv-XKL6oKf3PjNt-Pq8j5Sf-2nYo5XULwyvOMT7fDnOpuOGDpWogr2wcQ_6omjJvByWyXlk_S_uRF5rZ9HQiZWpvSDVdFkQ=w2048","contentUrl":"https:\/\/lh3.googleusercontent.com\/drive-storage\/AJQWtBOd31TVbfyzwPAjv-XKL6oKf3PjNt-Pq8j5Sf-2nYo5XULwyvOMT7fDnOpuOGDpWogr2wcQ_6omjJvByWyXlk_S_uRF5rZ9HQiZWpvSDVdFkQ=w2048","width":"2048","height":"1450"},{"@type":"BreadcrumbList","@id":"https:\/\/informelitoral.com.ar\/alejandro-carrere-consiguio-su-tercer-mandato-en-la-utn-facultad-regional-parana\/#breadcrumb","itemListElement":[{"@type":"ListItem","position":1,"name":"Portada","item":"https:\/\/informelitoral.com.ar\/"},{"@type":"ListItem","position":2,"name":"Alejandro Carrere consigui\u00f3 su tercer mandato en la UTN &#8211; Facultad Regional Paran\u00e1"}]},{"@type":"WebSite","@id":"https:\/\/informelitoral.com.ar\/#website","url":"https:\/\/informelitoral.com.ar\/","name":"Informe Litoral","description":"&quot;Nos informamos&quot; ","publisher":{"@id":"https:\/\/informelitoral.com.ar\/#organization"},"potentialAction":[{"@type":"SearchAction","target":{"@type":"EntryPoint","urlTemplate":"https:\/\/informelitoral.com.ar\/?s={search_term_string}"},"query-input":{"@type":"PropertyValueSpecification","valueRequired":true,"valueName":"search_term_string"}}],"inLanguage":"es"},{"@type":"Organization","@id":"https:\/\/informelitoral.com.ar\/#organization","name":"Informe Litoral","url":"https:\/\/informelitoral.com.ar\/","logo":{"@type":"ImageObject","inLanguage":"es","@id":"https:\/\/informelitoral.com.ar\/#\/schema\/logo\/image\/","url":"https:\/\/informelitoral.com.ar\/%77%70%2d%63%6f%6e%74%65%6e%74\/uploads\/2021\/01\/circulo.png","contentUrl":"https:\/\/informelitoral.com.ar\/%77%70%2d%63%6f%6e%74%65%6e%74\/uploads\/2021\/01\/circulo.png","width":723,"height":731,"caption":"Informe Litoral"},"image":{"@id":"https:\/\/informelitoral.com.ar\/#\/schema\/logo\/image\/"},"sameAs":["https:\/\/www.facebook.com\/informelitoral\/","https:\/\/x.com\/InformeLitoral","https:\/\/www.instagram.com\/informelitoral\/","https:\/\/www.youtube.com\/channel\/UCua4Qvz8Icb6MYqhoq9xLXw"]},{"@type":"Person","@id":"https:\/\/informelitoral.com.ar\/#\/schema\/person\/b9d00407c836482871ef1d57bf8e3180","name":"Gonzalo Schmidt","image":{"@type":"ImageObject","inLanguage":"es","@id":"https:\/\/secure.gravatar.com\/avatar\/31a1a7b66ff2de83bd0e9fd79d026630d2d99e55e8bfe501287647b4fd9743de?s=96&d=mm&r=g","url":"https:\/\/secure.gravatar.com\/avatar\/31a1a7b66ff2de83bd0e9fd79d026630d2d99e55e8bfe501287647b4fd9743de?s=96&d=mm&r=g","contentUrl":"https:\/\/secure.gravatar.com\/avatar\/31a1a7b66ff2de83bd0e9fd79d026630d2d99e55e8bfe501287647b4fd9743de?s=96&d=mm&r=g","caption":"Gonzalo Schmidt"},"description":"Sitio web de noticias de la provincia de Entre R\u00edos, Argentina. Informaci\u00f3n y entretenimiento. Informe Litoral, nos informamos.","sameAs":["http:\/\/www.isletasnoticias.com.ar"],"url":"https:\/\/informelitoral.com.ar\/author\/gonzalo\/"}]}},"fifu_image_url":"https:\/\/lh3.googleusercontent.com\/drive-storage\/AJQWtBOd31TVbfyzwPAjv-XKL6oKf3PjNt-Pq8j5Sf-2nYo5XULwyvOMT7fDnOpuOGDpWogr2wcQ_6omjJvByWyXlk_S_uRF5rZ9HQiZWpvSDVdFkQ=w2048","_links":{"self":[{"href":"https:\/\/informelitoral.com.ar\/%77%70%2d%6a%73%6f%6e\/wp\/v2\/posts\/232380","targetHints":{"allow":["GET"]}}],"collection":[{"href":"https:\/\/informelitoral.com.ar\/%77%70%2d%6a%73%6f%6e\/wp\/v2\/posts"}],"about":[{"href":"https:\/\/informelitoral.com.ar\/%77%70%2d%6a%73%6f%6e\/wp\/v2\/types\/post"}],"author":[{"embeddable":true,"href":"https:\/\/informelitoral.com.ar\/%77%70%2d%6a%73%6f%6e\/wp\/v2\/users\/2"}],"replies":[{"embeddable":true,"href":"https:\/\/informelitoral.com.ar\/%77%70%2d%6a%73%6f%6e\/wp\/v2\/comments?post=232380"}],"version-history":[{"count":4,"href":"https:\/\/informelitoral.com.ar\/%77%70%2d%6a%73%6f%6e\/wp\/v2\/posts\/232380\/revisions"}],"predecessor-version":[{"id":232385,"href":"https:\/\/informelitoral.com.ar\/%77%70%2d%6a%73%6f%6e\/wp\/v2\/posts\/232380\/revisions\/232385"}],"wp:featuredmedia":[{"embeddable":true,"href":"https:\/\/informelitoral.com.ar\/%77%70%2d%6a%73%6f%6e\/wp\/v2\/media\/232381"}],"wp:attachment":[{"href":"https:\/\/informelitoral.com.ar\/%77%70%2d%6a%73%6f%6e\/wp\/v2\/media?parent=232380"}],"wp:term":[{"taxonomy":"category","embeddable":true,"href":"https:\/\/informelitoral.com.ar\/%77%70%2d%6a%73%6f%6e\/wp\/v2\/categories?post=232380"},{"taxonomy":"post_tag","embeddable":true,"href":"https:\/\/informelitoral.com.ar\/%77%70%2d%6a%73%6f%6e\/wp\/v2\/tags?post=232380"}],"curies":[{"name":"wp","href":"https:\/\/api.w.org\/{rel}","templated":true}]}}