{"id":232350,"date":"2025-08-29T12:15:33","date_gmt":"2025-08-29T15:15:33","guid":{"rendered":"https:\/\/informelitoral.com.ar\/?p=232350"},"modified":"2025-08-29T22:06:32","modified_gmt":"2025-08-30T01:06:32","slug":"candidatos-de-fuerza-entre-rios-recorrieron-diamante-en-campana-por-el-senado","status":"publish","type":"post","link":"https:\/\/informelitoral.com.ar\/candidatos-de-fuerza-entre-rios-recorrieron-diamante-en-campana-por-el-senado\/","title":{"rendered":"Candidatos de Fuerza Entre R\u00edos recorrieron Diamante en campa\u00f1a por el Senado"},"content":{"rendered":"<p>Encabezados por <strong>Ad\u00e1n Bahl<\/strong>, los postulantes se reunieron con vecinos y referentes locales en la sede partidaria, con el objetivo de fortalecer su campa\u00f1a de cara a las elecciones legislativas del 26 de octubre.<\/p>\n<p>La comitiva, integrada por <strong>Guillermo Michel, Susana Solis y Rodrigo Minguill\u00f3n<\/strong>, dialog\u00f3 con la comunidad sobre las principales preocupaciones de la regi\u00f3n. Durante el encuentro, los candidatos destacaron la importancia de representar los intereses de Entre R\u00edos en el Congreso, haciendo hincapi\u00e9 en propuestas vinculadas al desarrollo productivo, la generaci\u00f3n de empleo y la mejora de los servicios p\u00fablicos, seg\u00fan relataron asistentes al evento.<\/p>\n<p><strong>Ad\u00e1n Bahl<\/strong>, ex intendente de Paran\u00e1 y figura central de la lista, resalt\u00f3 la necesidad de construir consensos para enfrentar los desaf\u00edos econ\u00f3micos y sociales que atraviesa la provincia. Por su parte, Guillermo Michel, conocido por su trayectoria en la gesti\u00f3n p\u00fablica, subray\u00f3 el compromiso del espacio con la defensa de los sectores productivos y la integraci\u00f3n de pol\u00edticas que promuevan el crecimiento regional.<\/p>\n<h6><em><strong>Del archivo: <a href=\"https:\/\/informelitoral.com.ar\/detectaron-la-presencia-de-un-puma-en-la-zona-rural-de-diamante\/\" target=\"_blank\" rel=\"noopener\">Detectaron la presencia de un puma en la zona rural de Diamante<\/a><\/strong><\/em><\/h6>\n<p>El encuentro en Diamante tambi\u00e9n sirvi\u00f3 como espacio para escuchar las demandas de los vecinos, quienes plantearon inquietudes sobre infraestructura, acceso a la salud y seguridad. Los candidatos se comprometieron a llevar estas preocupaciones al \u00e1mbito nacional, destacando la importancia de una representaci\u00f3n fuerte que defienda los intereses de Entre R\u00edos en el Senado.<\/p>\n<p>Con esta visita, Fuerza Entre R\u00edos busca consolidar su presencia en el interior de la provincia, en un contexto electoral marcado por la fragmentaci\u00f3n del peronismo y la competencia con otras fuerzas pol\u00edticas. La actividad en Diamante refleja la estrategia del espacio de acercarse a la ciudadan\u00eda para construir un proyecto pol\u00edtico que combine experiencia y propuestas renovadoras de cara a los comicios de octubre.<\/p>\n<p><iframe loading=\"lazy\" src=\"https:\/\/informelitoral.com.ar\/?direct_file=eyJpZCI6IjE5VTN5OFk0QXBTdUp0WGNvQlB1VW5GbjNpT0NlRUIzbiIsImFjY291bnRJZCI6IjEzNTE3MDI2MDE4NTQ5MzU3ODYzIn0=&amp;embed=1\" width=\"100%\" height=\"480\" frameborder=\"0\" allowfullscreen=\"allowfullscreen\"><\/iframe><\/p>\n<h6><em><strong>Del archivo:\u00a0<a href=\"https:\/\/informelitoral.com.ar\/agmer-podra-hacer-campana-en-escuelas-para-las-proximas-elecciones\/\" target=\"_blank\" rel=\"noopener\">Agmer podr\u00e1 hacer campa\u00f1a en escuelas para las pr\u00f3ximas elecciones<\/a><\/strong><\/em><\/h6>\n","protected":false},"excerpt":{"rendered":"<p>Los candidatos de la Lista 501 de Fuerza Entre R\u00edos, que representa al Partido Justicialista (PJ) en la contienda por las bancas del Senado Nacional, realizaron una visita a la ciudad de Diamante. <\/p>\n","protected":false},"author":8,"featured_media":232351,"comment_status":"open","ping_status":"open","sticky":false,"template":"","format":"standard","meta":{"fifu_image_url":"https:\/\/lh3.googleusercontent.com\/drive-storage\/AJQWtBNqhYmlADAp29r4AWWMI4I5vwz36FcptIStA70W9DnP_j8GW4pTrOkIqh_SS0tcilFEIHRnOheZ_unlQu80umgrtC4bEjTNbv9ACFDGz6MQMg=w2048","fifu_image_alt":"","footnotes":""},"categories":[16],"tags":[5161,34,5277,5998,1284,197],"class_list":{"0":"post-232350","1":"post","2":"type-post","3":"status-publish","4":"format-standard","5":"has-post-thumbnail","7":"category-politi","8":"tag-candidatos","9":"tag-diamante","10":"tag-elecciones-2025","11":"tag-fuerza-entre-rios","12":"tag-justicialismo","13":"tag-pj"},"yoast_head":"<title>Candidatos de Fuerza Entre R\u00edos recorrieron Diamante en campa\u00f1a por el Senado - Informe Litoral<\/title>\n<meta name=\"robots\" content=\"index, follow, max-snippet:-1, max-image-preview:large, max-video-preview:-1\" \/>\n<link rel=\"canonical\" href=\"https:\/\/informelitoral.com.ar\/candidatos-de-fuerza-entre-rios-recorrieron-diamante-en-campana-por-el-senado\/\" \/>\n<meta property=\"og:locale\" content=\"es_ES\" \/>\n<meta property=\"og:type\" content=\"article\" \/>\n<meta property=\"og:title\" content=\"Candidatos de Fuerza Entre R\u00edos recorrieron Diamante en campa\u00f1a por el Senado - Informe Litoral\" \/>\n<meta property=\"og:description\" content=\"Los candidatos de la Lista 501 de Fuerza Entre R\u00edos, que representa al Partido Justicialista (PJ) en la contienda por las bancas del Senado Nacional, realizaron una visita a la ciudad de Diamante.\" \/>\n<meta property=\"og:url\" content=\"https:\/\/informelitoral.com.ar\/candidatos-de-fuerza-entre-rios-recorrieron-diamante-en-campana-por-el-senado\/\" \/>\n<meta property=\"og:site_name\" content=\"Informe Litoral\" \/>\n<meta property=\"article:publisher\" content=\"https:\/\/www.facebook.com\/informelitoral\/\" \/>\n<meta property=\"article:published_time\" content=\"2025-08-29T15:15:33+00:00\" \/>\n<meta property=\"article:modified_time\" content=\"2025-08-30T01:06:32+00:00\" \/>\n<meta property=\"og:image\" content=\"https:\/\/lh3.googleusercontent.com\/drive-storage\/AJQWtBNqhYmlADAp29r4AWWMI4I5vwz36FcptIStA70W9DnP_j8GW4pTrOkIqh_SS0tcilFEIHRnOheZ_unlQu80umgrtC4bEjTNbv9ACFDGz6MQMg=w2048\" \/><meta property=\"og:image\" content=\"https:\/\/lh3.googleusercontent.com\/drive-storage\/AJQWtBNqhYmlADAp29r4AWWMI4I5vwz36FcptIStA70W9DnP_j8GW4pTrOkIqh_SS0tcilFEIHRnOheZ_unlQu80umgrtC4bEjTNbv9ACFDGz6MQMg=w2048\" \/>\n\t<meta property=\"og:image:width\" content=\"1280\" \/>\n\t<meta property=\"og:image:height\" content=\"856\" \/>\n\t<meta property=\"og:image:type\" content=\"image\/jpeg\" \/>\n<meta name=\"author\" content=\"Sebastian\" \/>\n<meta name=\"twitter:card\" content=\"summary_large_image\" \/>\n<meta name=\"twitter:image\" content=\"https:\/\/lh3.googleusercontent.com\/drive-storage\/AJQWtBNqhYmlADAp29r4AWWMI4I5vwz36FcptIStA70W9DnP_j8GW4pTrOkIqh_SS0tcilFEIHRnOheZ_unlQu80umgrtC4bEjTNbv9ACFDGz6MQMg=w2048\" \/>\n<meta name=\"twitter:creator\" content=\"@InformeLitoral\" \/>\n<meta name=\"twitter:site\" content=\"@InformeLitoral\" \/>\n<meta name=\"twitter:label1\" content=\"Escrito por\" \/>\n\t<meta name=\"twitter:data1\" content=\"Sebastian\" \/>\n\t<meta name=\"twitter:label2\" content=\"Tiempo de lectura\" \/>\n\t<meta name=\"twitter:data2\" content=\"2 minutos\" \/>\n<script type=\"application\/ld+json\" class=\"yoast-schema-graph\">{\"@context\":\"https:\\\/\\\/schema.org\",\"@graph\":[{\"@type\":\"Article\",\"@id\":\"https:\\\/\\\/informelitoral.com.ar\\\/candidatos-de-fuerza-entre-rios-recorrieron-diamante-en-campana-por-el-senado\\\/#article\",\"isPartOf\":{\"@id\":\"https:\\\/\\\/informelitoral.com.ar\\\/candidatos-de-fuerza-entre-rios-recorrieron-diamante-en-campana-por-el-senado\\\/\"},\"author\":{\"name\":\"Sebastian\",\"@id\":\"https:\\\/\\\/informelitoral.com.ar\\\/#\\\/schema\\\/person\\\/f05f9f461677119578717524b127d6d5\"},\"headline\":\"Candidatos de Fuerza Entre R\u00edos recorrieron Diamante en campa\u00f1a por el Senado\",\"datePublished\":\"2025-08-29T15:15:33+00:00\",\"dateModified\":\"2025-08-30T01:06:32+00:00\",\"mainEntityOfPage\":{\"@id\":\"https:\\\/\\\/informelitoral.com.ar\\\/candidatos-de-fuerza-entre-rios-recorrieron-diamante-en-campana-por-el-senado\\\/\"},\"wordCount\":345,\"commentCount\":0,\"publisher\":{\"@id\":\"https:\\\/\\\/informelitoral.com.ar\\\/#organization\"},\"image\":{\"@id\":\"https:\\\/\\\/informelitoral.com.ar\\\/candidatos-de-fuerza-entre-rios-recorrieron-diamante-en-campana-por-el-senado\\\/#primaryimage\"},\"thumbnailUrl\":\"https:\\\/\\\/lh3.googleusercontent.com\\\/drive-storage\\\/AJQWtBNqhYmlADAp29r4AWWMI4I5vwz36FcptIStA70W9DnP_j8GW4pTrOkIqh_SS0tcilFEIHRnOheZ_unlQu80umgrtC4bEjTNbv9ACFDGz6MQMg=w2048\",\"keywords\":[\"Candidatos\",\"Diamante\",\"Elecciones 2025\",\"Fuerza Entre R\u00edos\",\"Justicialismo\",\"PJ\"],\"articleSection\":[\"Politica\"],\"inLanguage\":\"es\",\"potentialAction\":[{\"@type\":\"CommentAction\",\"name\":\"Comment\",\"target\":[\"https:\\\/\\\/informelitoral.com.ar\\\/candidatos-de-fuerza-entre-rios-recorrieron-diamante-en-campana-por-el-senado\\\/#respond\"]}]},{\"@type\":\"WebPage\",\"@id\":\"https:\\\/\\\/informelitoral.com.ar\\\/candidatos-de-fuerza-entre-rios-recorrieron-diamante-en-campana-por-el-senado\\\/\",\"url\":\"https:\\\/\\\/informelitoral.com.ar\\\/candidatos-de-fuerza-entre-rios-recorrieron-diamante-en-campana-por-el-senado\\\/\",\"name\":\"Candidatos de Fuerza Entre R\u00edos recorrieron Diamante en campa\u00f1a por el Senado - Informe Litoral\",\"isPartOf\":{\"@id\":\"https:\\\/\\\/informelitoral.com.ar\\\/#website\"},\"primaryImageOfPage\":{\"@id\":\"https:\\\/\\\/informelitoral.com.ar\\\/candidatos-de-fuerza-entre-rios-recorrieron-diamante-en-campana-por-el-senado\\\/#primaryimage\"},\"image\":{\"@id\":\"https:\\\/\\\/informelitoral.com.ar\\\/candidatos-de-fuerza-entre-rios-recorrieron-diamante-en-campana-por-el-senado\\\/#primaryimage\"},\"thumbnailUrl\":\"https:\\\/\\\/lh3.googleusercontent.com\\\/drive-storage\\\/AJQWtBNqhYmlADAp29r4AWWMI4I5vwz36FcptIStA70W9DnP_j8GW4pTrOkIqh_SS0tcilFEIHRnOheZ_unlQu80umgrtC4bEjTNbv9ACFDGz6MQMg=w2048\",\"datePublished\":\"2025-08-29T15:15:33+00:00\",\"dateModified\":\"2025-08-30T01:06:32+00:00\",\"breadcrumb\":{\"@id\":\"https:\\\/\\\/informelitoral.com.ar\\\/candidatos-de-fuerza-entre-rios-recorrieron-diamante-en-campana-por-el-senado\\\/#breadcrumb\"},\"inLanguage\":\"es\",\"potentialAction\":[{\"@type\":\"ReadAction\",\"target\":[\"https:\\\/\\\/informelitoral.com.ar\\\/candidatos-de-fuerza-entre-rios-recorrieron-diamante-en-campana-por-el-senado\\\/\"]}]},{\"@type\":\"ImageObject\",\"inLanguage\":\"es\",\"@id\":\"https:\\\/\\\/informelitoral.com.ar\\\/candidatos-de-fuerza-entre-rios-recorrieron-diamante-en-campana-por-el-senado\\\/#primaryimage\",\"url\":\"https:\\\/\\\/lh3.googleusercontent.com\\\/drive-storage\\\/AJQWtBNqhYmlADAp29r4AWWMI4I5vwz36FcptIStA70W9DnP_j8GW4pTrOkIqh_SS0tcilFEIHRnOheZ_unlQu80umgrtC4bEjTNbv9ACFDGz6MQMg=w2048\",\"contentUrl\":\"https:\\\/\\\/lh3.googleusercontent.com\\\/drive-storage\\\/AJQWtBNqhYmlADAp29r4AWWMI4I5vwz36FcptIStA70W9DnP_j8GW4pTrOkIqh_SS0tcilFEIHRnOheZ_unlQu80umgrtC4bEjTNbv9ACFDGz6MQMg=w2048\",\"width\":\"1280\",\"height\":\"856\"},{\"@type\":\"BreadcrumbList\",\"@id\":\"https:\\\/\\\/informelitoral.com.ar\\\/candidatos-de-fuerza-entre-rios-recorrieron-diamante-en-campana-por-el-senado\\\/#breadcrumb\",\"itemListElement\":[{\"@type\":\"ListItem\",\"position\":1,\"name\":\"Portada\",\"item\":\"https:\\\/\\\/informelitoral.com.ar\\\/\"},{\"@type\":\"ListItem\",\"position\":2,\"name\":\"Candidatos de Fuerza Entre R\u00edos recorrieron Diamante en campa\u00f1a por el Senado\"}]},{\"@type\":\"WebSite\",\"@id\":\"https:\\\/\\\/informelitoral.com.ar\\\/#website\",\"url\":\"https:\\\/\\\/informelitoral.com.ar\\\/\",\"name\":\"Informe Litoral\",\"description\":\"&quot;Nos informamos&quot; \",\"publisher\":{\"@id\":\"https:\\\/\\\/informelitoral.com.ar\\\/#organization\"},\"potentialAction\":[{\"@type\":\"SearchAction\",\"target\":{\"@type\":\"EntryPoint\",\"urlTemplate\":\"https:\\\/\\\/informelitoral.com.ar\\\/?s={search_term_string}\"},\"query-input\":{\"@type\":\"PropertyValueSpecification\",\"valueRequired\":true,\"valueName\":\"search_term_string\"}}],\"inLanguage\":\"es\"},{\"@type\":\"Organization\",\"@id\":\"https:\\\/\\\/informelitoral.com.ar\\\/#organization\",\"name\":\"Informe Litoral\",\"url\":\"https:\\\/\\\/informelitoral.com.ar\\\/\",\"logo\":{\"@type\":\"ImageObject\",\"inLanguage\":\"es\",\"@id\":\"https:\\\/\\\/informelitoral.com.ar\\\/#\\\/schema\\\/logo\\\/image\\\/\",\"url\":\"https:\\\/\\\/informelitoral.com.ar\\\/%77%70%2d%63%6f%6e%74%65%6e%74\\\/uploads\\\/2021\\\/01\\\/circulo.png\",\"contentUrl\":\"https:\\\/\\\/informelitoral.com.ar\\\/%77%70%2d%63%6f%6e%74%65%6e%74\\\/uploads\\\/2021\\\/01\\\/circulo.png\",\"width\":723,\"height\":731,\"caption\":\"Informe Litoral\"},\"image\":{\"@id\":\"https:\\\/\\\/informelitoral.com.ar\\\/#\\\/schema\\\/logo\\\/image\\\/\"},\"sameAs\":[\"https:\\\/\\\/www.facebook.com\\\/informelitoral\\\/\",\"https:\\\/\\\/x.com\\\/InformeLitoral\",\"https:\\\/\\\/www.instagram.com\\\/informelitoral\\\/\",\"https:\\\/\\\/www.youtube.com\\\/channel\\\/UCua4Qvz8Icb6MYqhoq9xLXw\"]},{\"@type\":\"Person\",\"@id\":\"https:\\\/\\\/informelitoral.com.ar\\\/#\\\/schema\\\/person\\\/f05f9f461677119578717524b127d6d5\",\"name\":\"Sebastian\",\"image\":{\"@type\":\"ImageObject\",\"inLanguage\":\"es\",\"@id\":\"https:\\\/\\\/secure.gravatar.com\\\/avatar\\\/b71bf7481d447dfb9583c7f2798e7cc64de6efb9067b74633ed8c31059a3bd82?s=96&d=mm&r=g\",\"url\":\"https:\\\/\\\/secure.gravatar.com\\\/avatar\\\/b71bf7481d447dfb9583c7f2798e7cc64de6efb9067b74633ed8c31059a3bd82?s=96&d=mm&r=g\",\"contentUrl\":\"https:\\\/\\\/secure.gravatar.com\\\/avatar\\\/b71bf7481d447dfb9583c7f2798e7cc64de6efb9067b74633ed8c31059a3bd82?s=96&d=mm&r=g\",\"caption\":\"Sebastian\"},\"url\":\"https:\\\/\\\/informelitoral.com.ar\\\/author\\\/sebastian\\\/\"}]}<\/script>","yoast_head_json":{"title":"Candidatos de Fuerza Entre R\u00edos recorrieron Diamante en campa\u00f1a por el Senado - Informe Litoral","robots":{"index":"index","follow":"follow","max-snippet":"max-snippet:-1","max-image-preview":"max-image-preview:large","max-video-preview":"max-video-preview:-1"},"canonical":"https:\/\/informelitoral.com.ar\/candidatos-de-fuerza-entre-rios-recorrieron-diamante-en-campana-por-el-senado\/","og_locale":"es_ES","og_type":"article","og_title":"Candidatos de Fuerza Entre R\u00edos recorrieron Diamante en campa\u00f1a por el Senado - Informe Litoral","og_description":"Los candidatos de la Lista 501 de Fuerza Entre R\u00edos, que representa al Partido Justicialista (PJ) en la contienda por las bancas del Senado Nacional, realizaron una visita a la ciudad de Diamante.","og_url":"https:\/\/informelitoral.com.ar\/candidatos-de-fuerza-entre-rios-recorrieron-diamante-en-campana-por-el-senado\/","og_site_name":"Informe Litoral","article_publisher":"https:\/\/www.facebook.com\/informelitoral\/","article_published_time":"2025-08-29T15:15:33+00:00","article_modified_time":"2025-08-30T01:06:32+00:00","og_image":[{"url":"https:\/\/lh3.googleusercontent.com\/drive-storage\/AJQWtBNqhYmlADAp29r4AWWMI4I5vwz36FcptIStA70W9DnP_j8GW4pTrOkIqh_SS0tcilFEIHRnOheZ_unlQu80umgrtC4bEjTNbv9ACFDGz6MQMg=w2048","type":"","width":"","height":""},{"width":1280,"height":856,"url":"https:\/\/lh3.googleusercontent.com\/drive-storage\/AJQWtBNqhYmlADAp29r4AWWMI4I5vwz36FcptIStA70W9DnP_j8GW4pTrOkIqh_SS0tcilFEIHRnOheZ_unlQu80umgrtC4bEjTNbv9ACFDGz6MQMg=w2048","type":"image\/jpeg"}],"author":"Sebastian","twitter_card":"summary_large_image","twitter_image":"https:\/\/lh3.googleusercontent.com\/drive-storage\/AJQWtBNqhYmlADAp29r4AWWMI4I5vwz36FcptIStA70W9DnP_j8GW4pTrOkIqh_SS0tcilFEIHRnOheZ_unlQu80umgrtC4bEjTNbv9ACFDGz6MQMg=w2048","twitter_creator":"@InformeLitoral","twitter_site":"@InformeLitoral","twitter_misc":{"Escrito por":"Sebastian","Tiempo de lectura":"2 minutos"},"schema":{"@context":"https:\/\/schema.org","@graph":[{"@type":"Article","@id":"https:\/\/informelitoral.com.ar\/candidatos-de-fuerza-entre-rios-recorrieron-diamante-en-campana-por-el-senado\/#article","isPartOf":{"@id":"https:\/\/informelitoral.com.ar\/candidatos-de-fuerza-entre-rios-recorrieron-diamante-en-campana-por-el-senado\/"},"author":{"name":"Sebastian","@id":"https:\/\/informelitoral.com.ar\/#\/schema\/person\/f05f9f461677119578717524b127d6d5"},"headline":"Candidatos de Fuerza Entre R\u00edos recorrieron Diamante en campa\u00f1a por el Senado","datePublished":"2025-08-29T15:15:33+00:00","dateModified":"2025-08-30T01:06:32+00:00","mainEntityOfPage":{"@id":"https:\/\/informelitoral.com.ar\/candidatos-de-fuerza-entre-rios-recorrieron-diamante-en-campana-por-el-senado\/"},"wordCount":345,"commentCount":0,"publisher":{"@id":"https:\/\/informelitoral.com.ar\/#organization"},"image":{"@id":"https:\/\/informelitoral.com.ar\/candidatos-de-fuerza-entre-rios-recorrieron-diamante-en-campana-por-el-senado\/#primaryimage"},"thumbnailUrl":"https:\/\/lh3.googleusercontent.com\/drive-storage\/AJQWtBNqhYmlADAp29r4AWWMI4I5vwz36FcptIStA70W9DnP_j8GW4pTrOkIqh_SS0tcilFEIHRnOheZ_unlQu80umgrtC4bEjTNbv9ACFDGz6MQMg=w2048","keywords":["Candidatos","Diamante","Elecciones 2025","Fuerza Entre R\u00edos","Justicialismo","PJ"],"articleSection":["Politica"],"inLanguage":"es","potentialAction":[{"@type":"CommentAction","name":"Comment","target":["https:\/\/informelitoral.com.ar\/candidatos-de-fuerza-entre-rios-recorrieron-diamante-en-campana-por-el-senado\/#respond"]}]},{"@type":"WebPage","@id":"https:\/\/informelitoral.com.ar\/candidatos-de-fuerza-entre-rios-recorrieron-diamante-en-campana-por-el-senado\/","url":"https:\/\/informelitoral.com.ar\/candidatos-de-fuerza-entre-rios-recorrieron-diamante-en-campana-por-el-senado\/","name":"Candidatos de Fuerza Entre R\u00edos recorrieron Diamante en campa\u00f1a por el Senado - Informe Litoral","isPartOf":{"@id":"https:\/\/informelitoral.com.ar\/#website"},"primaryImageOfPage":{"@id":"https:\/\/informelitoral.com.ar\/candidatos-de-fuerza-entre-rios-recorrieron-diamante-en-campana-por-el-senado\/#primaryimage"},"image":{"@id":"https:\/\/informelitoral.com.ar\/candidatos-de-fuerza-entre-rios-recorrieron-diamante-en-campana-por-el-senado\/#primaryimage"},"thumbnailUrl":"https:\/\/lh3.googleusercontent.com\/drive-storage\/AJQWtBNqhYmlADAp29r4AWWMI4I5vwz36FcptIStA70W9DnP_j8GW4pTrOkIqh_SS0tcilFEIHRnOheZ_unlQu80umgrtC4bEjTNbv9ACFDGz6MQMg=w2048","datePublished":"2025-08-29T15:15:33+00:00","dateModified":"2025-08-30T01:06:32+00:00","breadcrumb":{"@id":"https:\/\/informelitoral.com.ar\/candidatos-de-fuerza-entre-rios-recorrieron-diamante-en-campana-por-el-senado\/#breadcrumb"},"inLanguage":"es","potentialAction":[{"@type":"ReadAction","target":["https:\/\/informelitoral.com.ar\/candidatos-de-fuerza-entre-rios-recorrieron-diamante-en-campana-por-el-senado\/"]}]},{"@type":"ImageObject","inLanguage":"es","@id":"https:\/\/informelitoral.com.ar\/candidatos-de-fuerza-entre-rios-recorrieron-diamante-en-campana-por-el-senado\/#primaryimage","url":"https:\/\/lh3.googleusercontent.com\/drive-storage\/AJQWtBNqhYmlADAp29r4AWWMI4I5vwz36FcptIStA70W9DnP_j8GW4pTrOkIqh_SS0tcilFEIHRnOheZ_unlQu80umgrtC4bEjTNbv9ACFDGz6MQMg=w2048","contentUrl":"https:\/\/lh3.googleusercontent.com\/drive-storage\/AJQWtBNqhYmlADAp29r4AWWMI4I5vwz36FcptIStA70W9DnP_j8GW4pTrOkIqh_SS0tcilFEIHRnOheZ_unlQu80umgrtC4bEjTNbv9ACFDGz6MQMg=w2048","width":"1280","height":"856"},{"@type":"BreadcrumbList","@id":"https:\/\/informelitoral.com.ar\/candidatos-de-fuerza-entre-rios-recorrieron-diamante-en-campana-por-el-senado\/#breadcrumb","itemListElement":[{"@type":"ListItem","position":1,"name":"Portada","item":"https:\/\/informelitoral.com.ar\/"},{"@type":"ListItem","position":2,"name":"Candidatos de Fuerza Entre R\u00edos recorrieron Diamante en campa\u00f1a por el Senado"}]},{"@type":"WebSite","@id":"https:\/\/informelitoral.com.ar\/#website","url":"https:\/\/informelitoral.com.ar\/","name":"Informe Litoral","description":"&quot;Nos informamos&quot; ","publisher":{"@id":"https:\/\/informelitoral.com.ar\/#organization"},"potentialAction":[{"@type":"SearchAction","target":{"@type":"EntryPoint","urlTemplate":"https:\/\/informelitoral.com.ar\/?s={search_term_string}"},"query-input":{"@type":"PropertyValueSpecification","valueRequired":true,"valueName":"search_term_string"}}],"inLanguage":"es"},{"@type":"Organization","@id":"https:\/\/informelitoral.com.ar\/#organization","name":"Informe Litoral","url":"https:\/\/informelitoral.com.ar\/","logo":{"@type":"ImageObject","inLanguage":"es","@id":"https:\/\/informelitoral.com.ar\/#\/schema\/logo\/image\/","url":"https:\/\/informelitoral.com.ar\/%77%70%2d%63%6f%6e%74%65%6e%74\/uploads\/2021\/01\/circulo.png","contentUrl":"https:\/\/informelitoral.com.ar\/%77%70%2d%63%6f%6e%74%65%6e%74\/uploads\/2021\/01\/circulo.png","width":723,"height":731,"caption":"Informe Litoral"},"image":{"@id":"https:\/\/informelitoral.com.ar\/#\/schema\/logo\/image\/"},"sameAs":["https:\/\/www.facebook.com\/informelitoral\/","https:\/\/x.com\/InformeLitoral","https:\/\/www.instagram.com\/informelitoral\/","https:\/\/www.youtube.com\/channel\/UCua4Qvz8Icb6MYqhoq9xLXw"]},{"@type":"Person","@id":"https:\/\/informelitoral.com.ar\/#\/schema\/person\/f05f9f461677119578717524b127d6d5","name":"Sebastian","image":{"@type":"ImageObject","inLanguage":"es","@id":"https:\/\/secure.gravatar.com\/avatar\/b71bf7481d447dfb9583c7f2798e7cc64de6efb9067b74633ed8c31059a3bd82?s=96&d=mm&r=g","url":"https:\/\/secure.gravatar.com\/avatar\/b71bf7481d447dfb9583c7f2798e7cc64de6efb9067b74633ed8c31059a3bd82?s=96&d=mm&r=g","contentUrl":"https:\/\/secure.gravatar.com\/avatar\/b71bf7481d447dfb9583c7f2798e7cc64de6efb9067b74633ed8c31059a3bd82?s=96&d=mm&r=g","caption":"Sebastian"},"url":"https:\/\/informelitoral.com.ar\/author\/sebastian\/"}]}},"fifu_image_url":"https:\/\/lh3.googleusercontent.com\/drive-storage\/AJQWtBNqhYmlADAp29r4AWWMI4I5vwz36FcptIStA70W9DnP_j8GW4pTrOkIqh_SS0tcilFEIHRnOheZ_unlQu80umgrtC4bEjTNbv9ACFDGz6MQMg=w2048","_links":{"self":[{"href":"https:\/\/informelitoral.com.ar\/%77%70%2d%6a%73%6f%6e\/wp\/v2\/posts\/232350","targetHints":{"allow":["GET"]}}],"collection":[{"href":"https:\/\/informelitoral.com.ar\/%77%70%2d%6a%73%6f%6e\/wp\/v2\/posts"}],"about":[{"href":"https:\/\/informelitoral.com.ar\/%77%70%2d%6a%73%6f%6e\/wp\/v2\/types\/post"}],"author":[{"embeddable":true,"href":"https:\/\/informelitoral.com.ar\/%77%70%2d%6a%73%6f%6e\/wp\/v2\/users\/8"}],"replies":[{"embeddable":true,"href":"https:\/\/informelitoral.com.ar\/%77%70%2d%6a%73%6f%6e\/wp\/v2\/comments?post=232350"}],"version-history":[{"count":5,"href":"https:\/\/informelitoral.com.ar\/%77%70%2d%6a%73%6f%6e\/wp\/v2\/posts\/232350\/revisions"}],"predecessor-version":[{"id":232357,"href":"https:\/\/informelitoral.com.ar\/%77%70%2d%6a%73%6f%6e\/wp\/v2\/posts\/232350\/revisions\/232357"}],"wp:featuredmedia":[{"embeddable":true,"href":"https:\/\/informelitoral.com.ar\/%77%70%2d%6a%73%6f%6e\/wp\/v2\/media\/232351"}],"wp:attachment":[{"href":"https:\/\/informelitoral.com.ar\/%77%70%2d%6a%73%6f%6e\/wp\/v2\/media?parent=232350"}],"wp:term":[{"taxonomy":"category","embeddable":true,"href":"https:\/\/informelitoral.com.ar\/%77%70%2d%6a%73%6f%6e\/wp\/v2\/categories?post=232350"},{"taxonomy":"post_tag","embeddable":true,"href":"https:\/\/informelitoral.com.ar\/%77%70%2d%6a%73%6f%6e\/wp\/v2\/tags?post=232350"}],"curies":[{"name":"wp","href":"https:\/\/api.w.org\/{rel}","templated":true}]}}