{"id":23219,"date":"2017-09-28T12:50:52","date_gmt":"2017-09-28T15:50:52","guid":{"rendered":"http:\/\/www.isletasnoticias.com.ar\/?p=23219"},"modified":"2017-09-28T12:53:00","modified_gmt":"2017-09-28T15:53:00","slug":"fin-de-semana-largo-habra-momentos-para-el-aire-libre","status":"publish","type":"post","link":"https:\/\/informelitoral.com.ar\/fin-de-semana-largo-habra-momentos-para-el-aire-libre\/","title":{"rendered":"Fin de semana largo: habr\u00e1 momentos para el aire libre"},"content":{"rendered":"<div class=\"post-right\">\n<p class=\"post-excerpt\"><strong>Este viernes se celebra el d\u00eda de San Miguel, por lo que ser\u00e1 d\u00eda no laborable para muchos entrerrianos. El pron\u00f3stico del Servicio Metereol\u00f3gico Nacional (SMN) es m\u00e1s alentador que en los \u00faltimos d\u00edas, ya que que se prev\u00e9 que habr\u00e1 algunos momentos de sol pero tampoco se descartan precipitaciones.<a href=\"http:\/\/www.isletasnoticias.com.ar\/%77%70%2d%63%6f%6e%74%65%6e%74\/uploads\/2017\/09\/22007783_1403047626477074_2168280350280340682_n.jpg\"><img loading=\"lazy\" decoding=\"async\" class=\"aligncenter wp-image-23220 size-full\" src=\"http:\/\/www.isletasnoticias.com.ar\/%77%70%2d%63%6f%6e%74%65%6e%74\/uploads\/2017\/09\/22007783_1403047626477074_2168280350280340682_n.jpg\" alt=\"\" width=\"960\" height=\"640\" srcset=\"https:\/\/informelitoral.com.ar\/%77%70%2d%63%6f%6e%74%65%6e%74\/uploads\/2017\/09\/22007783_1403047626477074_2168280350280340682_n.jpg 960w, https:\/\/informelitoral.com.ar\/%77%70%2d%63%6f%6e%74%65%6e%74\/uploads\/2017\/09\/22007783_1403047626477074_2168280350280340682_n-300x200.jpg 300w, https:\/\/informelitoral.com.ar\/%77%70%2d%63%6f%6e%74%65%6e%74\/uploads\/2017\/09\/22007783_1403047626477074_2168280350280340682_n-768x512.jpg 768w\" sizes=\"auto, (max-width: 960px) 100vw, 960px\" \/><\/a><\/strong><\/p>\n<\/div>\n<div class=\"post-body-inner\">\n<p>Casi todos, en v\u00edsperas de un\u00a0<strong>fin de semana largo<\/strong>, una de las primeras cosas que nos preguntamos es c\u00f3mo estar\u00e1 el tiempo. M\u00e1s teniendo en cuenta, que en los \u00faltimos d\u00edas se vienen registrando lluvias y condiciones de inestabilidad.<\/p>\n<p>Recordemos que este viernes<b>\u00a0ser\u00e1 feriado para la administraci\u00f3n p\u00fablica y no habr\u00e1 clases en Entre R\u00edos<\/b>\u00a0por la celebraci\u00f3n del d\u00eda del patrono de la provincia, San Miguel Arc\u00e1ngel.\u00a0 Mientras tanto,\u00a0<b>la fecha no laborable es optativa para los sectores comercial, industrial y de servicios<\/b>.<\/p>\n<p>Si se cumple el pron\u00f3stico,\u00a0<strong>el d\u00eda m\u00e1s agradable para estar al aire libre ser\u00e1 el s\u00e1bado<\/strong>, aunque no ser\u00e1 un fin de semana de sol pleno y tampoco se puede asegurar que no habr\u00e1 algunas lluvias leves.<\/p>\n<p><b>El pron\u00f3stico para Paran\u00e1 y la regi\u00f3n<\/b><\/p>\n<figure class=\"embed\"><img decoding=\"async\" title=\"\" src=\"https:\/\/elonce-media.elonce.com\/fotos-emb\/2017\/09\/28\/o_1506594590.jpg\" alt=\"\" width=\"640\" \/><\/figure>\n<p><em>(Foto ilustrativa de Nelson Steinbach)<a href=\"http:\/\/www.isletasnoticias.com.ar\/%77%70%2d%63%6f%6e%74%65%6e%74\/uploads\/2017\/01\/Ruluto-Helados-Y-Cafe.jpg\"><img loading=\"lazy\" decoding=\"async\" class=\"size-full wp-image-19948 aligncenter\" src=\"http:\/\/www.isletasnoticias.com.ar\/%77%70%2d%63%6f%6e%74%65%6e%74\/uploads\/2017\/01\/Ruluto-Helados-Y-Cafe.jpg\" alt=\"\" width=\"199\" height=\"155\" \/><\/a><\/em><\/p>\n<\/div>\n","protected":false},"excerpt":{"rendered":"<p>Este viernes se celebra el d&iacute;a de San Miguel, por lo que ser&aacute; d&iacute;a no laborable para muchos entrerrianos. El pron&oacute;stico del Servicio Metereol&oacute;gico Nacional (SMN) es m&aacute;s alentador que en los &uacute;ltimos d&iacute;as, ya que que se prev&eacute; que habr&aacute; algunos momentos de sol pero tampoco se descartan precipitaciones. Casi todos, en v&iacute;speras de [&hellip;]<\/p>\n","protected":false},"author":2,"featured_media":0,"comment_status":"open","ping_status":"open","sticky":false,"template":"","format":"standard","meta":{"fifu_image_url":"","fifu_image_alt":"","footnotes":""},"categories":[6],"tags":[],"class_list":{"0":"post-23219","1":"post","2":"type-post","3":"status-publish","4":"format-standard","6":"category-entre-rios"},"yoast_head":"<title>Fin de semana largo: habr\u00e1 momentos para el aire libre - Informe Litoral<\/title>\n<meta name=\"robots\" content=\"index, follow, max-snippet:-1, max-image-preview:large, max-video-preview:-1\" \/>\n<link rel=\"canonical\" href=\"https:\/\/informelitoral.com.ar\/fin-de-semana-largo-habra-momentos-para-el-aire-libre\/\" \/>\n<meta property=\"og:locale\" content=\"es_ES\" \/>\n<meta property=\"og:type\" content=\"article\" \/>\n<meta property=\"og:title\" content=\"Fin de semana largo: habr\u00e1 momentos para el aire libre - Informe Litoral\" \/>\n<meta property=\"og:description\" content=\"Este viernes se celebra el d&iacute;a de San Miguel, por lo que ser&aacute; d&iacute;a no laborable para muchos entrerrianos. El pron&oacute;stico del Servicio Metereol&oacute;gico Nacional (SMN) es m&aacute;s alentador que en los &uacute;ltimos d&iacute;as, ya que que se prev&eacute; que habr&aacute; algunos momentos de sol pero tampoco se descartan precipitaciones. Casi todos, en v&iacute;speras de [&hellip;]\" \/>\n<meta property=\"og:url\" content=\"https:\/\/informelitoral.com.ar\/fin-de-semana-largo-habra-momentos-para-el-aire-libre\/\" \/>\n<meta property=\"og:site_name\" content=\"Informe Litoral\" \/>\n<meta property=\"article:publisher\" content=\"https:\/\/www.facebook.com\/informelitoral\/\" \/>\n<meta property=\"article:published_time\" content=\"2017-09-28T15:50:52+00:00\" \/>\n<meta property=\"article:modified_time\" content=\"2017-09-28T15:53:00+00:00\" \/>\n<meta property=\"og:image\" content=\"https:\/\/informelitoral.com.ar\/%77%70%2d%63%6f%6e%74%65%6e%74\/uploads\/2017\/09\/22007783_1403047626477074_2168280350280340682_n.jpg\" \/>\n\t<meta property=\"og:image:width\" content=\"960\" \/>\n\t<meta property=\"og:image:height\" content=\"640\" \/>\n\t<meta property=\"og:image:type\" content=\"image\/jpeg\" \/>\n<meta name=\"author\" content=\"Gonzalo Schmidt\" \/>\n<meta name=\"twitter:card\" content=\"summary_large_image\" \/>\n<meta name=\"twitter:creator\" content=\"@InformeLitoral\" \/>\n<meta name=\"twitter:site\" content=\"@InformeLitoral\" \/>\n<meta name=\"twitter:label1\" content=\"Escrito por\" \/>\n\t<meta name=\"twitter:data1\" content=\"Gonzalo Schmidt\" \/>\n\t<meta name=\"twitter:label2\" content=\"Tiempo de lectura\" \/>\n\t<meta name=\"twitter:data2\" content=\"1 minuto\" \/>\n<script type=\"application\/ld+json\" class=\"yoast-schema-graph\">{\"@context\":\"https:\\\/\\\/schema.org\",\"@graph\":[{\"@type\":\"Article\",\"@id\":\"https:\\\/\\\/informelitoral.com.ar\\\/fin-de-semana-largo-habra-momentos-para-el-aire-libre\\\/#article\",\"isPartOf\":{\"@id\":\"https:\\\/\\\/informelitoral.com.ar\\\/fin-de-semana-largo-habra-momentos-para-el-aire-libre\\\/\"},\"author\":{\"name\":\"Gonzalo Schmidt\",\"@id\":\"https:\\\/\\\/informelitoral.com.ar\\\/#\\\/schema\\\/person\\\/b9d00407c836482871ef1d57bf8e3180\"},\"headline\":\"Fin de semana largo: habr\u00e1 momentos para el aire libre\",\"datePublished\":\"2017-09-28T15:50:52+00:00\",\"dateModified\":\"2017-09-28T15:53:00+00:00\",\"mainEntityOfPage\":{\"@id\":\"https:\\\/\\\/informelitoral.com.ar\\\/fin-de-semana-largo-habra-momentos-para-el-aire-libre\\\/\"},\"wordCount\":218,\"commentCount\":0,\"publisher\":{\"@id\":\"https:\\\/\\\/informelitoral.com.ar\\\/#organization\"},\"image\":{\"@id\":\"https:\\\/\\\/informelitoral.com.ar\\\/fin-de-semana-largo-habra-momentos-para-el-aire-libre\\\/#primaryimage\"},\"thumbnailUrl\":\"http:\\\/\\\/www.isletasnoticias.com.ar\\\/%77%70%2d%63%6f%6e%74%65%6e%74\\\/uploads\\\/2017\\\/09\\\/22007783_1403047626477074_2168280350280340682_n.jpg\",\"articleSection\":[\"Entre R\u00edos\"],\"inLanguage\":\"es\",\"potentialAction\":[{\"@type\":\"CommentAction\",\"name\":\"Comment\",\"target\":[\"https:\\\/\\\/informelitoral.com.ar\\\/fin-de-semana-largo-habra-momentos-para-el-aire-libre\\\/#respond\"]}]},{\"@type\":\"WebPage\",\"@id\":\"https:\\\/\\\/informelitoral.com.ar\\\/fin-de-semana-largo-habra-momentos-para-el-aire-libre\\\/\",\"url\":\"https:\\\/\\\/informelitoral.com.ar\\\/fin-de-semana-largo-habra-momentos-para-el-aire-libre\\\/\",\"name\":\"Fin de semana largo: habr\u00e1 momentos para el aire libre - Informe Litoral\",\"isPartOf\":{\"@id\":\"https:\\\/\\\/informelitoral.com.ar\\\/#website\"},\"primaryImageOfPage\":{\"@id\":\"https:\\\/\\\/informelitoral.com.ar\\\/fin-de-semana-largo-habra-momentos-para-el-aire-libre\\\/#primaryimage\"},\"image\":{\"@id\":\"https:\\\/\\\/informelitoral.com.ar\\\/fin-de-semana-largo-habra-momentos-para-el-aire-libre\\\/#primaryimage\"},\"thumbnailUrl\":\"http:\\\/\\\/www.isletasnoticias.com.ar\\\/%77%70%2d%63%6f%6e%74%65%6e%74\\\/uploads\\\/2017\\\/09\\\/22007783_1403047626477074_2168280350280340682_n.jpg\",\"datePublished\":\"2017-09-28T15:50:52+00:00\",\"dateModified\":\"2017-09-28T15:53:00+00:00\",\"breadcrumb\":{\"@id\":\"https:\\\/\\\/informelitoral.com.ar\\\/fin-de-semana-largo-habra-momentos-para-el-aire-libre\\\/#breadcrumb\"},\"inLanguage\":\"es\",\"potentialAction\":[{\"@type\":\"ReadAction\",\"target\":[\"https:\\\/\\\/informelitoral.com.ar\\\/fin-de-semana-largo-habra-momentos-para-el-aire-libre\\\/\"]}]},{\"@type\":\"ImageObject\",\"inLanguage\":\"es\",\"@id\":\"https:\\\/\\\/informelitoral.com.ar\\\/fin-de-semana-largo-habra-momentos-para-el-aire-libre\\\/#primaryimage\",\"url\":\"http:\\\/\\\/www.isletasnoticias.com.ar\\\/%77%70%2d%63%6f%6e%74%65%6e%74\\\/uploads\\\/2017\\\/09\\\/22007783_1403047626477074_2168280350280340682_n.jpg\",\"contentUrl\":\"http:\\\/\\\/www.isletasnoticias.com.ar\\\/%77%70%2d%63%6f%6e%74%65%6e%74\\\/uploads\\\/2017\\\/09\\\/22007783_1403047626477074_2168280350280340682_n.jpg\"},{\"@type\":\"BreadcrumbList\",\"@id\":\"https:\\\/\\\/informelitoral.com.ar\\\/fin-de-semana-largo-habra-momentos-para-el-aire-libre\\\/#breadcrumb\",\"itemListElement\":[{\"@type\":\"ListItem\",\"position\":1,\"name\":\"Portada\",\"item\":\"https:\\\/\\\/informelitoral.com.ar\\\/\"},{\"@type\":\"ListItem\",\"position\":2,\"name\":\"Fin de semana largo: habr\u00e1 momentos para el aire libre\"}]},{\"@type\":\"WebSite\",\"@id\":\"https:\\\/\\\/informelitoral.com.ar\\\/#website\",\"url\":\"https:\\\/\\\/informelitoral.com.ar\\\/\",\"name\":\"Informe Litoral\",\"description\":\"&quot;Nos informamos&quot; \",\"publisher\":{\"@id\":\"https:\\\/\\\/informelitoral.com.ar\\\/#organization\"},\"potentialAction\":[{\"@type\":\"SearchAction\",\"target\":{\"@type\":\"EntryPoint\",\"urlTemplate\":\"https:\\\/\\\/informelitoral.com.ar\\\/?s={search_term_string}\"},\"query-input\":{\"@type\":\"PropertyValueSpecification\",\"valueRequired\":true,\"valueName\":\"search_term_string\"}}],\"inLanguage\":\"es\"},{\"@type\":\"Organization\",\"@id\":\"https:\\\/\\\/informelitoral.com.ar\\\/#organization\",\"name\":\"Informe Litoral\",\"url\":\"https:\\\/\\\/informelitoral.com.ar\\\/\",\"logo\":{\"@type\":\"ImageObject\",\"inLanguage\":\"es\",\"@id\":\"https:\\\/\\\/informelitoral.com.ar\\\/#\\\/schema\\\/logo\\\/image\\\/\",\"url\":\"https:\\\/\\\/informelitoral.com.ar\\\/%77%70%2d%63%6f%6e%74%65%6e%74\\\/uploads\\\/2021\\\/01\\\/circulo.png\",\"contentUrl\":\"https:\\\/\\\/informelitoral.com.ar\\\/%77%70%2d%63%6f%6e%74%65%6e%74\\\/uploads\\\/2021\\\/01\\\/circulo.png\",\"width\":723,\"height\":731,\"caption\":\"Informe Litoral\"},\"image\":{\"@id\":\"https:\\\/\\\/informelitoral.com.ar\\\/#\\\/schema\\\/logo\\\/image\\\/\"},\"sameAs\":[\"https:\\\/\\\/www.facebook.com\\\/informelitoral\\\/\",\"https:\\\/\\\/x.com\\\/InformeLitoral\",\"https:\\\/\\\/www.instagram.com\\\/informelitoral\\\/\",\"https:\\\/\\\/www.youtube.com\\\/channel\\\/UCua4Qvz8Icb6MYqhoq9xLXw\"]},{\"@type\":\"Person\",\"@id\":\"https:\\\/\\\/informelitoral.com.ar\\\/#\\\/schema\\\/person\\\/b9d00407c836482871ef1d57bf8e3180\",\"name\":\"Gonzalo Schmidt\",\"image\":{\"@type\":\"ImageObject\",\"inLanguage\":\"es\",\"@id\":\"https:\\\/\\\/secure.gravatar.com\\\/avatar\\\/31a1a7b66ff2de83bd0e9fd79d026630d2d99e55e8bfe501287647b4fd9743de?s=96&d=mm&r=g\",\"url\":\"https:\\\/\\\/secure.gravatar.com\\\/avatar\\\/31a1a7b66ff2de83bd0e9fd79d026630d2d99e55e8bfe501287647b4fd9743de?s=96&d=mm&r=g\",\"contentUrl\":\"https:\\\/\\\/secure.gravatar.com\\\/avatar\\\/31a1a7b66ff2de83bd0e9fd79d026630d2d99e55e8bfe501287647b4fd9743de?s=96&d=mm&r=g\",\"caption\":\"Gonzalo Schmidt\"},\"description\":\"Sitio web de noticias de la provincia de Entre R\u00edos, Argentina. Informaci\u00f3n y entretenimiento. Informe Litoral, nos informamos.\",\"sameAs\":[\"http:\\\/\\\/www.isletasnoticias.com.ar\"],\"url\":\"https:\\\/\\\/informelitoral.com.ar\\\/author\\\/gonzalo\\\/\"}]}<\/script>","yoast_head_json":{"title":"Fin de semana largo: habr\u00e1 momentos para el aire libre - Informe Litoral","robots":{"index":"index","follow":"follow","max-snippet":"max-snippet:-1","max-image-preview":"max-image-preview:large","max-video-preview":"max-video-preview:-1"},"canonical":"https:\/\/informelitoral.com.ar\/fin-de-semana-largo-habra-momentos-para-el-aire-libre\/","og_locale":"es_ES","og_type":"article","og_title":"Fin de semana largo: habr\u00e1 momentos para el aire libre - Informe Litoral","og_description":"Este viernes se celebra el d&iacute;a de San Miguel, por lo que ser&aacute; d&iacute;a no laborable para muchos entrerrianos. El pron&oacute;stico del Servicio Metereol&oacute;gico Nacional (SMN) es m&aacute;s alentador que en los &uacute;ltimos d&iacute;as, ya que que se prev&eacute; que habr&aacute; algunos momentos de sol pero tampoco se descartan precipitaciones. Casi todos, en v&iacute;speras de [&hellip;]","og_url":"https:\/\/informelitoral.com.ar\/fin-de-semana-largo-habra-momentos-para-el-aire-libre\/","og_site_name":"Informe Litoral","article_publisher":"https:\/\/www.facebook.com\/informelitoral\/","article_published_time":"2017-09-28T15:50:52+00:00","article_modified_time":"2017-09-28T15:53:00+00:00","og_image":[{"width":960,"height":640,"url":"https:\/\/informelitoral.com.ar\/%77%70%2d%63%6f%6e%74%65%6e%74\/uploads\/2017\/09\/22007783_1403047626477074_2168280350280340682_n.jpg","type":"image\/jpeg"}],"author":"Gonzalo Schmidt","twitter_card":"summary_large_image","twitter_creator":"@InformeLitoral","twitter_site":"@InformeLitoral","twitter_misc":{"Escrito por":"Gonzalo Schmidt","Tiempo de lectura":"1 minuto"},"schema":{"@context":"https:\/\/schema.org","@graph":[{"@type":"Article","@id":"https:\/\/informelitoral.com.ar\/fin-de-semana-largo-habra-momentos-para-el-aire-libre\/#article","isPartOf":{"@id":"https:\/\/informelitoral.com.ar\/fin-de-semana-largo-habra-momentos-para-el-aire-libre\/"},"author":{"name":"Gonzalo Schmidt","@id":"https:\/\/informelitoral.com.ar\/#\/schema\/person\/b9d00407c836482871ef1d57bf8e3180"},"headline":"Fin de semana largo: habr\u00e1 momentos para el aire libre","datePublished":"2017-09-28T15:50:52+00:00","dateModified":"2017-09-28T15:53:00+00:00","mainEntityOfPage":{"@id":"https:\/\/informelitoral.com.ar\/fin-de-semana-largo-habra-momentos-para-el-aire-libre\/"},"wordCount":218,"commentCount":0,"publisher":{"@id":"https:\/\/informelitoral.com.ar\/#organization"},"image":{"@id":"https:\/\/informelitoral.com.ar\/fin-de-semana-largo-habra-momentos-para-el-aire-libre\/#primaryimage"},"thumbnailUrl":"http:\/\/www.isletasnoticias.com.ar\/%77%70%2d%63%6f%6e%74%65%6e%74\/uploads\/2017\/09\/22007783_1403047626477074_2168280350280340682_n.jpg","articleSection":["Entre R\u00edos"],"inLanguage":"es","potentialAction":[{"@type":"CommentAction","name":"Comment","target":["https:\/\/informelitoral.com.ar\/fin-de-semana-largo-habra-momentos-para-el-aire-libre\/#respond"]}]},{"@type":"WebPage","@id":"https:\/\/informelitoral.com.ar\/fin-de-semana-largo-habra-momentos-para-el-aire-libre\/","url":"https:\/\/informelitoral.com.ar\/fin-de-semana-largo-habra-momentos-para-el-aire-libre\/","name":"Fin de semana largo: habr\u00e1 momentos para el aire libre - Informe Litoral","isPartOf":{"@id":"https:\/\/informelitoral.com.ar\/#website"},"primaryImageOfPage":{"@id":"https:\/\/informelitoral.com.ar\/fin-de-semana-largo-habra-momentos-para-el-aire-libre\/#primaryimage"},"image":{"@id":"https:\/\/informelitoral.com.ar\/fin-de-semana-largo-habra-momentos-para-el-aire-libre\/#primaryimage"},"thumbnailUrl":"http:\/\/www.isletasnoticias.com.ar\/%77%70%2d%63%6f%6e%74%65%6e%74\/uploads\/2017\/09\/22007783_1403047626477074_2168280350280340682_n.jpg","datePublished":"2017-09-28T15:50:52+00:00","dateModified":"2017-09-28T15:53:00+00:00","breadcrumb":{"@id":"https:\/\/informelitoral.com.ar\/fin-de-semana-largo-habra-momentos-para-el-aire-libre\/#breadcrumb"},"inLanguage":"es","potentialAction":[{"@type":"ReadAction","target":["https:\/\/informelitoral.com.ar\/fin-de-semana-largo-habra-momentos-para-el-aire-libre\/"]}]},{"@type":"ImageObject","inLanguage":"es","@id":"https:\/\/informelitoral.com.ar\/fin-de-semana-largo-habra-momentos-para-el-aire-libre\/#primaryimage","url":"http:\/\/www.isletasnoticias.com.ar\/%77%70%2d%63%6f%6e%74%65%6e%74\/uploads\/2017\/09\/22007783_1403047626477074_2168280350280340682_n.jpg","contentUrl":"http:\/\/www.isletasnoticias.com.ar\/%77%70%2d%63%6f%6e%74%65%6e%74\/uploads\/2017\/09\/22007783_1403047626477074_2168280350280340682_n.jpg"},{"@type":"BreadcrumbList","@id":"https:\/\/informelitoral.com.ar\/fin-de-semana-largo-habra-momentos-para-el-aire-libre\/#breadcrumb","itemListElement":[{"@type":"ListItem","position":1,"name":"Portada","item":"https:\/\/informelitoral.com.ar\/"},{"@type":"ListItem","position":2,"name":"Fin de semana largo: habr\u00e1 momentos para el aire libre"}]},{"@type":"WebSite","@id":"https:\/\/informelitoral.com.ar\/#website","url":"https:\/\/informelitoral.com.ar\/","name":"Informe Litoral","description":"&quot;Nos informamos&quot; ","publisher":{"@id":"https:\/\/informelitoral.com.ar\/#organization"},"potentialAction":[{"@type":"SearchAction","target":{"@type":"EntryPoint","urlTemplate":"https:\/\/informelitoral.com.ar\/?s={search_term_string}"},"query-input":{"@type":"PropertyValueSpecification","valueRequired":true,"valueName":"search_term_string"}}],"inLanguage":"es"},{"@type":"Organization","@id":"https:\/\/informelitoral.com.ar\/#organization","name":"Informe Litoral","url":"https:\/\/informelitoral.com.ar\/","logo":{"@type":"ImageObject","inLanguage":"es","@id":"https:\/\/informelitoral.com.ar\/#\/schema\/logo\/image\/","url":"https:\/\/informelitoral.com.ar\/%77%70%2d%63%6f%6e%74%65%6e%74\/uploads\/2021\/01\/circulo.png","contentUrl":"https:\/\/informelitoral.com.ar\/%77%70%2d%63%6f%6e%74%65%6e%74\/uploads\/2021\/01\/circulo.png","width":723,"height":731,"caption":"Informe Litoral"},"image":{"@id":"https:\/\/informelitoral.com.ar\/#\/schema\/logo\/image\/"},"sameAs":["https:\/\/www.facebook.com\/informelitoral\/","https:\/\/x.com\/InformeLitoral","https:\/\/www.instagram.com\/informelitoral\/","https:\/\/www.youtube.com\/channel\/UCua4Qvz8Icb6MYqhoq9xLXw"]},{"@type":"Person","@id":"https:\/\/informelitoral.com.ar\/#\/schema\/person\/b9d00407c836482871ef1d57bf8e3180","name":"Gonzalo Schmidt","image":{"@type":"ImageObject","inLanguage":"es","@id":"https:\/\/secure.gravatar.com\/avatar\/31a1a7b66ff2de83bd0e9fd79d026630d2d99e55e8bfe501287647b4fd9743de?s=96&d=mm&r=g","url":"https:\/\/secure.gravatar.com\/avatar\/31a1a7b66ff2de83bd0e9fd79d026630d2d99e55e8bfe501287647b4fd9743de?s=96&d=mm&r=g","contentUrl":"https:\/\/secure.gravatar.com\/avatar\/31a1a7b66ff2de83bd0e9fd79d026630d2d99e55e8bfe501287647b4fd9743de?s=96&d=mm&r=g","caption":"Gonzalo Schmidt"},"description":"Sitio web de noticias de la provincia de Entre R\u00edos, Argentina. Informaci\u00f3n y entretenimiento. Informe Litoral, nos informamos.","sameAs":["http:\/\/www.isletasnoticias.com.ar"],"url":"https:\/\/informelitoral.com.ar\/author\/gonzalo\/"}]}},"_links":{"self":[{"href":"https:\/\/informelitoral.com.ar\/%77%70%2d%6a%73%6f%6e\/wp\/v2\/posts\/23219","targetHints":{"allow":["GET"]}}],"collection":[{"href":"https:\/\/informelitoral.com.ar\/%77%70%2d%6a%73%6f%6e\/wp\/v2\/posts"}],"about":[{"href":"https:\/\/informelitoral.com.ar\/%77%70%2d%6a%73%6f%6e\/wp\/v2\/types\/post"}],"author":[{"embeddable":true,"href":"https:\/\/informelitoral.com.ar\/%77%70%2d%6a%73%6f%6e\/wp\/v2\/users\/2"}],"replies":[{"embeddable":true,"href":"https:\/\/informelitoral.com.ar\/%77%70%2d%6a%73%6f%6e\/wp\/v2\/comments?post=23219"}],"version-history":[{"count":0,"href":"https:\/\/informelitoral.com.ar\/%77%70%2d%6a%73%6f%6e\/wp\/v2\/posts\/23219\/revisions"}],"wp:attachment":[{"href":"https:\/\/informelitoral.com.ar\/%77%70%2d%6a%73%6f%6e\/wp\/v2\/media?parent=23219"}],"wp:term":[{"taxonomy":"category","embeddable":true,"href":"https:\/\/informelitoral.com.ar\/%77%70%2d%6a%73%6f%6e\/wp\/v2\/categories?post=23219"},{"taxonomy":"post_tag","embeddable":true,"href":"https:\/\/informelitoral.com.ar\/%77%70%2d%6a%73%6f%6e\/wp\/v2\/tags?post=23219"}],"curies":[{"name":"wp","href":"https:\/\/api.w.org\/{rel}","templated":true}]}}