{"id":23216,"date":"2017-09-28T12:47:04","date_gmt":"2017-09-28T15:47:04","guid":{"rendered":"http:\/\/www.isletasnoticias.com.ar\/?p=23216"},"modified":"2017-09-28T12:47:04","modified_gmt":"2017-09-28T15:47:04","slug":"es-ley-la-restitucion-de-los-feriados-puente","status":"publish","type":"post","link":"https:\/\/informelitoral.com.ar\/es-ley-la-restitucion-de-los-feriados-puente\/","title":{"rendered":"Es ley la restituci\u00f3n de los feriados puente"},"content":{"rendered":"<div id=\"post-body-45206\" class=\"post-body entry-content content-template wide-right\">\n<div class=\"post-right\">\n<p class=\"post-excerpt\"><strong>El proyecto fue aprobado esta tarde por el Senado. La nueva ley indica que el Poder Ejecutivo podr\u00e1 fijar hasta tres feriados puente por a\u00f1o a partir de 2018.<a href=\"http:\/\/www.isletasnoticias.com.ar\/%77%70%2d%63%6f%6e%74%65%6e%74\/uploads\/2017\/09\/turismo-feriados-puente.jpg\"><img loading=\"lazy\" decoding=\"async\" class=\"aligncenter wp-image-23217 size-full\" src=\"http:\/\/www.isletasnoticias.com.ar\/%77%70%2d%63%6f%6e%74%65%6e%74\/uploads\/2017\/09\/turismo-feriados-puente.jpg\" alt=\"\" width=\"1000\" height=\"500\" srcset=\"https:\/\/informelitoral.com.ar\/%77%70%2d%63%6f%6e%74%65%6e%74\/uploads\/2017\/09\/turismo-feriados-puente.jpg 1000w, https:\/\/informelitoral.com.ar\/%77%70%2d%63%6f%6e%74%65%6e%74\/uploads\/2017\/09\/turismo-feriados-puente-300x150.jpg 300w, https:\/\/informelitoral.com.ar\/%77%70%2d%63%6f%6e%74%65%6e%74\/uploads\/2017\/09\/turismo-feriados-puente-768x384.jpg 768w\" sizes=\"auto, (max-width: 1000px) 100vw, 1000px\" \/><\/a><\/strong><\/p>\n<\/div>\n<div class=\"post-body-inner\">\n<div class=\"row\">\n<div class=\"col-xs-12 col-print-12\">\n<p class=\"element element-paragraph\">Por 59 votos a favor y una abstenci\u00f3n, el Senado aprob\u00f3 el proyecto de ley que propone el regreso de los\u00a0<strong>feriados puente<\/strong>\u00a0y fija los\u00a0<strong>d\u00edas festivos de 2018.<\/strong>\u00a0La iniciativa del legislador por Misiones Maurice Closs le da la potestad al\u00a0<strong>Poder Ejecutivo<\/strong>\u00a0para definir tres feriados que puedan ser trasladados para\u00a0<strong>formar un fin de semana largo<\/strong>\u00a0con el objetivo de fomentar el\u00a0<strong>turismo interno.<\/strong><\/p>\n<\/div>\n<\/div>\n<div class=\"row\">\n<div class=\"col-xs-12 col-print-12\">\n<p class=\"element element-paragraph\">La norma, que hab\u00eda sido aprobada por la C\u00e1mara de Diputados\u00a0hac\u00eda dos semanas, busca restituir los feriados puente, que fueron eliminados en enero pasado por el decreto 52\/2017 firmado por el presidente Mauricio Macri, pero ahora el oficialismo apoy\u00f3 la propuesta de Closs, que propone el establecimiento de hasta\u00a0<strong>tres feriados de ese tipo.<\/strong><\/p>\n<\/div>\n<\/div>\n<div class=\"row\">\n<div class=\"col-xs-12 col-print-12\">\n<p class=\"element element-paragraph\">El proyecto mantiene la misma estructura de feriados\u00a0<strong>inamovibles<\/strong>\u00a0y\u00a0<strong>trasladables\u00a0<\/strong>pero agrega que el Poder Ejecutivo podr\u00e1\u00a0<strong>fijar anualmente hasta tres d\u00edas feriados o no laborables que coincidan con los d\u00edas lunes o viernes, con el fin de \u201cpromover la actividad tur\u00edstica\u201d<\/strong>. Seg\u00fan la iniciativa, el Poder Ejecutivo deber\u00e1 establecer esos feriados con\u00a0<strong>50 d\u00edas de antelaci\u00f3n<\/strong>\u00a0a la finalizaci\u00f3n del a\u00f1o calendario.<\/p>\n<\/div>\n<\/div>\n<div class=\"row\">\n<div class=\"col-xs-12 col-print-12\">\n<p class=\"element element-paragraph\">Ayer, durante el debate en la Comisi\u00f3n de Legislaci\u00f3n General del Senado fue abordado el tema y, a pesar de no haber tenido qu\u00f3rum, los legisladores presentes expresaron su\u00a0<strong>respaldo al proyecto<\/strong>\u00a0y anunciaron que ser\u00eda aprobado este mi\u00e9rcoles. En ese marco, la entrerriana\u00a0<strong>Sigrid<\/strong>\u00a0<strong>Kunath<\/strong>\u00a0(PJ-FPV) destac\u00f3 el \u201c<strong>beneficio econ\u00f3mico<\/strong>\u00a0a quienes se dedican al turismo\u201d que representar\u00eda la vuelta de los fines de semana largos.<\/p>\n<\/div>\n<\/div>\n<div class=\"row\">\n<div class=\"col-xs-12 col-print-12\">\n<p class=\"element element-paragraph\">Durante el tratamiento en la C\u00e1mara de Diputados, Closs explic\u00f3 que la intenci\u00f3n del proyecto es \u201c<strong>volver a un sistema flexible<\/strong>\u201d para \u201c<strong>recuperar la posibilidad de tener m\u00e1s feriados que fomenten la actividad del turismo<\/strong>\u201c.<\/p>\n<p class=\"element element-paragraph\">El diputado misionero puso como ejemplo que este a\u00f1o, el\u00a0<strong>25 de mayo y el 20 de junio<\/strong>\u00a0(ambos feriados inamovibles) cayeron jueves y martes, respectivamente, y que con el nuevo esquema esos casos se complementar\u00edan con puentes lunes y viernes.<\/p>\n<\/div>\n<\/div>\n<div class=\"row\">\n<div class=\"col-xs-12 col-print-12\">\n<p class=\"element element-paragraph\">\u201cTodos sabemos que en turismo, pasar los meses de mayo y junio es muy dif\u00edcil\u201d, apunt\u00f3 Closs, tras lo cual mencion\u00f3 que el a\u00f1o pr\u00f3ximo el 1 de mayo (D\u00eda del Trabajador) caer\u00e1 martes, por lo que el Ejecutivo podr\u00eda hacer que el 30 de abril sea feriado, para tener un fin de semana largo.<\/p>\n<p class=\"element element-paragraph\">Por otro lado, la ley fij\u00f3 los feriados inamovibles, los trasladables y los d\u00edas no laborables de 2018:<\/p>\n<\/div>\n<\/div>\n<div class=\"row\">\n<div class=\"col-xs-12 col-print-12\">\n<p class=\"element element-paragraph\"><strong>Feriados Nacionales Inamovibles<\/strong><\/p>\n<\/div>\n<\/div>\n<div class=\"row\">\n<div class=\"col-xs-12 col-print-12\">\n<p class=\"element element-paragraph\">1\u00ba de enero: A\u00f1o Nuevo<\/p>\n<\/div>\n<\/div>\n<div class=\"row\">\n<div class=\"col-xs-12 col-print-12\">\n<p class=\"element element-paragraph\">Lunes y Martes de Carnaval.<\/p>\n<\/div>\n<\/div>\n<div class=\"row\">\n<div class=\"col-xs-12 col-print-12\">\n<p class=\"element element-paragraph\">24 de marzo: D\u00eda Nacional de la Memoria por la Verdad y la Justicia.<\/p>\n<\/div>\n<\/div>\n<div class=\"row\">\n<div class=\"col-xs-12 col-print-12\">\n<p class=\"element element-paragraph\">Viernes Santo<\/p>\n<\/div>\n<\/div>\n<div class=\"row\">\n<div class=\"col-xs-12 col-print-12\">\n<p class=\"element element-paragraph\">2 de abril: D\u00eda del Veterano y de los Ca\u00eddos en la Guerra de Malvinas.<\/p>\n<\/div>\n<\/div>\n<div class=\"row\">\n<div class=\"col-xs-12 col-print-12\">\n<p class=\"element element-paragraph\">1\u00ba de mayo: D\u00eda del Trabajo.<\/p>\n<\/div>\n<\/div>\n<div class=\"row\">\n<div class=\"col-xs-12 col-print-12\">\n<p class=\"element element-paragraph\">25 de mayo: D\u00eda de la Revoluci\u00f3n de Mayo.<\/p>\n<\/div>\n<\/div>\n<div class=\"row\">\n<div class=\"col-xs-12 col-print-12\">\n<p class=\"element element-paragraph\">20 de junio: Paso a la Inmortalidad del General D. Manuel Belgrano.<\/p>\n<\/div>\n<\/div>\n<div class=\"row\">\n<div class=\"col-xs-12 col-print-12\">\n<p class=\"element element-paragraph\">9 de julio: D\u00eda de la Independencia.<\/p>\n<\/div>\n<\/div>\n<div class=\"row\">\n<div class=\"col-xs-12 col-print-12\">\n<p class=\"element element-paragraph\">8 de diciembre: D\u00eda de la Inmaculada Concepci\u00f3n de Mar\u00eda.<\/p>\n<\/div>\n<\/div>\n<div class=\"row\">\n<div class=\"col-xs-12 col-print-12\">\n<p class=\"element element-paragraph\">25 de diciembre: Navidad<\/p>\n<\/div>\n<\/div>\n<div class=\"row\">\n<div class=\"col-xs-12 col-print-12\">\n<p class=\"element element-paragraph\"><strong>Feriados nacionales trasladables<\/strong><\/p>\n<\/div>\n<\/div>\n<div class=\"row\">\n<div class=\"col-xs-12 col-print-12\">\n<p class=\"element element-paragraph\">17 de junio: Paso a la Inmortalidad del General Don Mart\u00edn de G\u00fcemes.<\/p>\n<\/div>\n<\/div>\n<div class=\"row\">\n<div class=\"col-xs-12 col-print-12\">\n<p class=\"element element-paragraph\">17 de agosto: Paso a la Inmortalidad del General D. Jos\u00e9 de San Mart\u00edn.<\/p>\n<\/div>\n<\/div>\n<div class=\"row\">\n<div class=\"col-xs-12 col-print-12\">\n<p class=\"element element-paragraph\">12 de octubre: D\u00eda del Respeto a la Diversidad Cultural.<\/p>\n<\/div>\n<\/div>\n<div class=\"row\">\n<div class=\"col-xs-12 col-print-12\">\n<p class=\"element element-paragraph\">20 de noviembre: D\u00eda de la Soberan\u00eda Nacional.<\/p>\n<\/div>\n<\/div>\n<div class=\"row\">\n<div class=\"col-xs-12 col-print-12\">\n<p class=\"element element-paragraph\"><strong>D\u00edas no laborables<\/strong><\/p>\n<\/div>\n<\/div>\n<div class=\"row\">\n<div class=\"col-xs-12 col-print-12\">\n<p class=\"element element-paragraph\">Jueves Santo<\/p>\n<\/div>\n<\/div>\n<div class=\"row\">\n<div class=\"col-xs-12 col-print-12\">\n<p class=\"element element-paragraph\">Para quienes profesen la religi\u00f3n jud\u00eda los d\u00edas del A\u00f1o Nuevo Jud\u00edo (Rosh Hashana), DOS (2) d\u00edas, el D\u00eda del Perd\u00f3n (Iom Kipur), UN (1) d\u00eda, y de la Pascua Jud\u00eda (Pesaj) los DOS (2) primeros d\u00edas y los DOS (2) \u00faltimos d\u00edas.<\/p>\n<\/div>\n<\/div>\n<div class=\"row\">\n<div class=\"col-xs-12 col-print-12\">\n<p class=\"element element-paragraph\">Para quienes profesen la religi\u00f3n isl\u00e1mica, el d\u00eda del A\u00f1o Nuevo Musulm\u00e1n (H\u00e9gira), el d\u00eda posterior a la culminaci\u00f3n del ayuno (Id Al-Fitr); y el d\u00eda de la Fiesta del Sacrificio (Id Al-Adha).\u00a0<em>(Infobae)<\/em><\/p>\n<\/div>\n<\/div>\n<\/div>\n<\/div>\n","protected":false},"excerpt":{"rendered":"<p>El proyecto fue aprobado esta tarde por el Senado. La nueva ley indica que el Poder Ejecutivo podr&aacute; fijar hasta tres feriados puente por a&ntilde;o a partir de 2018. Por 59 votos a favor y una abstenci&oacute;n, el Senado aprob&oacute; el proyecto de ley que propone el regreso de los&nbsp;feriados puente&nbsp;y fija los&nbsp;d&iacute;as festivos de [&hellip;]<\/p>\n","protected":false},"author":2,"featured_media":0,"comment_status":"open","ping_status":"open","sticky":false,"template":"","format":"standard","meta":{"fifu_image_url":"","fifu_image_alt":"","footnotes":""},"categories":[7,9],"tags":[],"class_list":{"0":"post-23216","1":"post","2":"type-post","3":"status-publish","4":"format-standard","6":"category-nacionales","7":"category-sociedad"},"yoast_head":"<title>Es ley la restituci\u00f3n de los feriados puente - Informe Litoral<\/title>\n<meta name=\"robots\" content=\"index, follow, max-snippet:-1, max-image-preview:large, max-video-preview:-1\" \/>\n<link rel=\"canonical\" href=\"https:\/\/informelitoral.com.ar\/es-ley-la-restitucion-de-los-feriados-puente\/\" \/>\n<meta property=\"og:locale\" content=\"es_ES\" \/>\n<meta property=\"og:type\" content=\"article\" \/>\n<meta property=\"og:title\" content=\"Es ley la restituci\u00f3n de los feriados puente - Informe Litoral\" \/>\n<meta property=\"og:description\" content=\"El proyecto fue aprobado esta tarde por el Senado. La nueva ley indica que el Poder Ejecutivo podr&aacute; fijar hasta tres feriados puente por a&ntilde;o a partir de 2018. Por 59 votos a favor y una abstenci&oacute;n, el Senado aprob&oacute; el proyecto de ley que propone el regreso de los&nbsp;feriados puente&nbsp;y fija los&nbsp;d&iacute;as festivos de [&hellip;]\" \/>\n<meta property=\"og:url\" content=\"https:\/\/informelitoral.com.ar\/es-ley-la-restitucion-de-los-feriados-puente\/\" \/>\n<meta property=\"og:site_name\" content=\"Informe Litoral\" \/>\n<meta property=\"article:publisher\" content=\"https:\/\/www.facebook.com\/informelitoral\/\" \/>\n<meta property=\"article:published_time\" content=\"2017-09-28T15:47:04+00:00\" \/>\n<meta property=\"og:image\" content=\"https:\/\/informelitoral.com.ar\/%77%70%2d%63%6f%6e%74%65%6e%74\/uploads\/2017\/09\/turismo-feriados-puente.jpg\" \/>\n\t<meta property=\"og:image:width\" content=\"1000\" \/>\n\t<meta property=\"og:image:height\" content=\"500\" \/>\n\t<meta property=\"og:image:type\" content=\"image\/jpeg\" \/>\n<meta name=\"author\" content=\"Gonzalo Schmidt\" \/>\n<meta name=\"twitter:card\" content=\"summary_large_image\" \/>\n<meta name=\"twitter:creator\" content=\"@InformeLitoral\" \/>\n<meta name=\"twitter:site\" content=\"@InformeLitoral\" \/>\n<meta name=\"twitter:label1\" content=\"Escrito por\" \/>\n\t<meta name=\"twitter:data1\" content=\"Gonzalo Schmidt\" \/>\n\t<meta name=\"twitter:label2\" content=\"Tiempo de lectura\" \/>\n\t<meta name=\"twitter:data2\" content=\"3 minutos\" \/>\n<script type=\"application\/ld+json\" class=\"yoast-schema-graph\">{\"@context\":\"https:\\\/\\\/schema.org\",\"@graph\":[{\"@type\":\"Article\",\"@id\":\"https:\\\/\\\/informelitoral.com.ar\\\/es-ley-la-restitucion-de-los-feriados-puente\\\/#article\",\"isPartOf\":{\"@id\":\"https:\\\/\\\/informelitoral.com.ar\\\/es-ley-la-restitucion-de-los-feriados-puente\\\/\"},\"author\":{\"name\":\"Gonzalo Schmidt\",\"@id\":\"https:\\\/\\\/informelitoral.com.ar\\\/#\\\/schema\\\/person\\\/b9d00407c836482871ef1d57bf8e3180\"},\"headline\":\"Es ley la restituci\u00f3n de los feriados puente\",\"datePublished\":\"2017-09-28T15:47:04+00:00\",\"mainEntityOfPage\":{\"@id\":\"https:\\\/\\\/informelitoral.com.ar\\\/es-ley-la-restitucion-de-los-feriados-puente\\\/\"},\"wordCount\":707,\"commentCount\":0,\"publisher\":{\"@id\":\"https:\\\/\\\/informelitoral.com.ar\\\/#organization\"},\"image\":{\"@id\":\"https:\\\/\\\/informelitoral.com.ar\\\/es-ley-la-restitucion-de-los-feriados-puente\\\/#primaryimage\"},\"thumbnailUrl\":\"http:\\\/\\\/www.isletasnoticias.com.ar\\\/%77%70%2d%63%6f%6e%74%65%6e%74\\\/uploads\\\/2017\\\/09\\\/turismo-feriados-puente.jpg\",\"articleSection\":[\"Nacionales\",\"Sociedad\"],\"inLanguage\":\"es\",\"potentialAction\":[{\"@type\":\"CommentAction\",\"name\":\"Comment\",\"target\":[\"https:\\\/\\\/informelitoral.com.ar\\\/es-ley-la-restitucion-de-los-feriados-puente\\\/#respond\"]}]},{\"@type\":\"WebPage\",\"@id\":\"https:\\\/\\\/informelitoral.com.ar\\\/es-ley-la-restitucion-de-los-feriados-puente\\\/\",\"url\":\"https:\\\/\\\/informelitoral.com.ar\\\/es-ley-la-restitucion-de-los-feriados-puente\\\/\",\"name\":\"Es ley la restituci\u00f3n de los feriados puente - Informe Litoral\",\"isPartOf\":{\"@id\":\"https:\\\/\\\/informelitoral.com.ar\\\/#website\"},\"primaryImageOfPage\":{\"@id\":\"https:\\\/\\\/informelitoral.com.ar\\\/es-ley-la-restitucion-de-los-feriados-puente\\\/#primaryimage\"},\"image\":{\"@id\":\"https:\\\/\\\/informelitoral.com.ar\\\/es-ley-la-restitucion-de-los-feriados-puente\\\/#primaryimage\"},\"thumbnailUrl\":\"http:\\\/\\\/www.isletasnoticias.com.ar\\\/%77%70%2d%63%6f%6e%74%65%6e%74\\\/uploads\\\/2017\\\/09\\\/turismo-feriados-puente.jpg\",\"datePublished\":\"2017-09-28T15:47:04+00:00\",\"breadcrumb\":{\"@id\":\"https:\\\/\\\/informelitoral.com.ar\\\/es-ley-la-restitucion-de-los-feriados-puente\\\/#breadcrumb\"},\"inLanguage\":\"es\",\"potentialAction\":[{\"@type\":\"ReadAction\",\"target\":[\"https:\\\/\\\/informelitoral.com.ar\\\/es-ley-la-restitucion-de-los-feriados-puente\\\/\"]}]},{\"@type\":\"ImageObject\",\"inLanguage\":\"es\",\"@id\":\"https:\\\/\\\/informelitoral.com.ar\\\/es-ley-la-restitucion-de-los-feriados-puente\\\/#primaryimage\",\"url\":\"http:\\\/\\\/www.isletasnoticias.com.ar\\\/%77%70%2d%63%6f%6e%74%65%6e%74\\\/uploads\\\/2017\\\/09\\\/turismo-feriados-puente.jpg\",\"contentUrl\":\"http:\\\/\\\/www.isletasnoticias.com.ar\\\/%77%70%2d%63%6f%6e%74%65%6e%74\\\/uploads\\\/2017\\\/09\\\/turismo-feriados-puente.jpg\"},{\"@type\":\"BreadcrumbList\",\"@id\":\"https:\\\/\\\/informelitoral.com.ar\\\/es-ley-la-restitucion-de-los-feriados-puente\\\/#breadcrumb\",\"itemListElement\":[{\"@type\":\"ListItem\",\"position\":1,\"name\":\"Portada\",\"item\":\"https:\\\/\\\/informelitoral.com.ar\\\/\"},{\"@type\":\"ListItem\",\"position\":2,\"name\":\"Es ley la restituci\u00f3n de los feriados puente\"}]},{\"@type\":\"WebSite\",\"@id\":\"https:\\\/\\\/informelitoral.com.ar\\\/#website\",\"url\":\"https:\\\/\\\/informelitoral.com.ar\\\/\",\"name\":\"Informe Litoral\",\"description\":\"&quot;Nos informamos&quot; \",\"publisher\":{\"@id\":\"https:\\\/\\\/informelitoral.com.ar\\\/#organization\"},\"potentialAction\":[{\"@type\":\"SearchAction\",\"target\":{\"@type\":\"EntryPoint\",\"urlTemplate\":\"https:\\\/\\\/informelitoral.com.ar\\\/?s={search_term_string}\"},\"query-input\":{\"@type\":\"PropertyValueSpecification\",\"valueRequired\":true,\"valueName\":\"search_term_string\"}}],\"inLanguage\":\"es\"},{\"@type\":\"Organization\",\"@id\":\"https:\\\/\\\/informelitoral.com.ar\\\/#organization\",\"name\":\"Informe Litoral\",\"url\":\"https:\\\/\\\/informelitoral.com.ar\\\/\",\"logo\":{\"@type\":\"ImageObject\",\"inLanguage\":\"es\",\"@id\":\"https:\\\/\\\/informelitoral.com.ar\\\/#\\\/schema\\\/logo\\\/image\\\/\",\"url\":\"https:\\\/\\\/informelitoral.com.ar\\\/%77%70%2d%63%6f%6e%74%65%6e%74\\\/uploads\\\/2021\\\/01\\\/circulo.png\",\"contentUrl\":\"https:\\\/\\\/informelitoral.com.ar\\\/%77%70%2d%63%6f%6e%74%65%6e%74\\\/uploads\\\/2021\\\/01\\\/circulo.png\",\"width\":723,\"height\":731,\"caption\":\"Informe Litoral\"},\"image\":{\"@id\":\"https:\\\/\\\/informelitoral.com.ar\\\/#\\\/schema\\\/logo\\\/image\\\/\"},\"sameAs\":[\"https:\\\/\\\/www.facebook.com\\\/informelitoral\\\/\",\"https:\\\/\\\/x.com\\\/InformeLitoral\",\"https:\\\/\\\/www.instagram.com\\\/informelitoral\\\/\",\"https:\\\/\\\/www.youtube.com\\\/channel\\\/UCua4Qvz8Icb6MYqhoq9xLXw\"]},{\"@type\":\"Person\",\"@id\":\"https:\\\/\\\/informelitoral.com.ar\\\/#\\\/schema\\\/person\\\/b9d00407c836482871ef1d57bf8e3180\",\"name\":\"Gonzalo Schmidt\",\"image\":{\"@type\":\"ImageObject\",\"inLanguage\":\"es\",\"@id\":\"https:\\\/\\\/secure.gravatar.com\\\/avatar\\\/31a1a7b66ff2de83bd0e9fd79d026630d2d99e55e8bfe501287647b4fd9743de?s=96&d=mm&r=g\",\"url\":\"https:\\\/\\\/secure.gravatar.com\\\/avatar\\\/31a1a7b66ff2de83bd0e9fd79d026630d2d99e55e8bfe501287647b4fd9743de?s=96&d=mm&r=g\",\"contentUrl\":\"https:\\\/\\\/secure.gravatar.com\\\/avatar\\\/31a1a7b66ff2de83bd0e9fd79d026630d2d99e55e8bfe501287647b4fd9743de?s=96&d=mm&r=g\",\"caption\":\"Gonzalo Schmidt\"},\"description\":\"Sitio web de noticias de la provincia de Entre R\u00edos, Argentina. Informaci\u00f3n y entretenimiento. Informe Litoral, nos informamos.\",\"sameAs\":[\"http:\\\/\\\/www.isletasnoticias.com.ar\"],\"url\":\"https:\\\/\\\/informelitoral.com.ar\\\/author\\\/gonzalo\\\/\"}]}<\/script>","yoast_head_json":{"title":"Es ley la restituci\u00f3n de los feriados puente - Informe Litoral","robots":{"index":"index","follow":"follow","max-snippet":"max-snippet:-1","max-image-preview":"max-image-preview:large","max-video-preview":"max-video-preview:-1"},"canonical":"https:\/\/informelitoral.com.ar\/es-ley-la-restitucion-de-los-feriados-puente\/","og_locale":"es_ES","og_type":"article","og_title":"Es ley la restituci\u00f3n de los feriados puente - Informe Litoral","og_description":"El proyecto fue aprobado esta tarde por el Senado. La nueva ley indica que el Poder Ejecutivo podr&aacute; fijar hasta tres feriados puente por a&ntilde;o a partir de 2018. Por 59 votos a favor y una abstenci&oacute;n, el Senado aprob&oacute; el proyecto de ley que propone el regreso de los&nbsp;feriados puente&nbsp;y fija los&nbsp;d&iacute;as festivos de [&hellip;]","og_url":"https:\/\/informelitoral.com.ar\/es-ley-la-restitucion-de-los-feriados-puente\/","og_site_name":"Informe Litoral","article_publisher":"https:\/\/www.facebook.com\/informelitoral\/","article_published_time":"2017-09-28T15:47:04+00:00","og_image":[{"width":1000,"height":500,"url":"https:\/\/informelitoral.com.ar\/%77%70%2d%63%6f%6e%74%65%6e%74\/uploads\/2017\/09\/turismo-feriados-puente.jpg","type":"image\/jpeg"}],"author":"Gonzalo Schmidt","twitter_card":"summary_large_image","twitter_creator":"@InformeLitoral","twitter_site":"@InformeLitoral","twitter_misc":{"Escrito por":"Gonzalo Schmidt","Tiempo de lectura":"3 minutos"},"schema":{"@context":"https:\/\/schema.org","@graph":[{"@type":"Article","@id":"https:\/\/informelitoral.com.ar\/es-ley-la-restitucion-de-los-feriados-puente\/#article","isPartOf":{"@id":"https:\/\/informelitoral.com.ar\/es-ley-la-restitucion-de-los-feriados-puente\/"},"author":{"name":"Gonzalo Schmidt","@id":"https:\/\/informelitoral.com.ar\/#\/schema\/person\/b9d00407c836482871ef1d57bf8e3180"},"headline":"Es ley la restituci\u00f3n de los feriados puente","datePublished":"2017-09-28T15:47:04+00:00","mainEntityOfPage":{"@id":"https:\/\/informelitoral.com.ar\/es-ley-la-restitucion-de-los-feriados-puente\/"},"wordCount":707,"commentCount":0,"publisher":{"@id":"https:\/\/informelitoral.com.ar\/#organization"},"image":{"@id":"https:\/\/informelitoral.com.ar\/es-ley-la-restitucion-de-los-feriados-puente\/#primaryimage"},"thumbnailUrl":"http:\/\/www.isletasnoticias.com.ar\/%77%70%2d%63%6f%6e%74%65%6e%74\/uploads\/2017\/09\/turismo-feriados-puente.jpg","articleSection":["Nacionales","Sociedad"],"inLanguage":"es","potentialAction":[{"@type":"CommentAction","name":"Comment","target":["https:\/\/informelitoral.com.ar\/es-ley-la-restitucion-de-los-feriados-puente\/#respond"]}]},{"@type":"WebPage","@id":"https:\/\/informelitoral.com.ar\/es-ley-la-restitucion-de-los-feriados-puente\/","url":"https:\/\/informelitoral.com.ar\/es-ley-la-restitucion-de-los-feriados-puente\/","name":"Es ley la restituci\u00f3n de los feriados puente - Informe Litoral","isPartOf":{"@id":"https:\/\/informelitoral.com.ar\/#website"},"primaryImageOfPage":{"@id":"https:\/\/informelitoral.com.ar\/es-ley-la-restitucion-de-los-feriados-puente\/#primaryimage"},"image":{"@id":"https:\/\/informelitoral.com.ar\/es-ley-la-restitucion-de-los-feriados-puente\/#primaryimage"},"thumbnailUrl":"http:\/\/www.isletasnoticias.com.ar\/%77%70%2d%63%6f%6e%74%65%6e%74\/uploads\/2017\/09\/turismo-feriados-puente.jpg","datePublished":"2017-09-28T15:47:04+00:00","breadcrumb":{"@id":"https:\/\/informelitoral.com.ar\/es-ley-la-restitucion-de-los-feriados-puente\/#breadcrumb"},"inLanguage":"es","potentialAction":[{"@type":"ReadAction","target":["https:\/\/informelitoral.com.ar\/es-ley-la-restitucion-de-los-feriados-puente\/"]}]},{"@type":"ImageObject","inLanguage":"es","@id":"https:\/\/informelitoral.com.ar\/es-ley-la-restitucion-de-los-feriados-puente\/#primaryimage","url":"http:\/\/www.isletasnoticias.com.ar\/%77%70%2d%63%6f%6e%74%65%6e%74\/uploads\/2017\/09\/turismo-feriados-puente.jpg","contentUrl":"http:\/\/www.isletasnoticias.com.ar\/%77%70%2d%63%6f%6e%74%65%6e%74\/uploads\/2017\/09\/turismo-feriados-puente.jpg"},{"@type":"BreadcrumbList","@id":"https:\/\/informelitoral.com.ar\/es-ley-la-restitucion-de-los-feriados-puente\/#breadcrumb","itemListElement":[{"@type":"ListItem","position":1,"name":"Portada","item":"https:\/\/informelitoral.com.ar\/"},{"@type":"ListItem","position":2,"name":"Es ley la restituci\u00f3n de los feriados puente"}]},{"@type":"WebSite","@id":"https:\/\/informelitoral.com.ar\/#website","url":"https:\/\/informelitoral.com.ar\/","name":"Informe Litoral","description":"&quot;Nos informamos&quot; ","publisher":{"@id":"https:\/\/informelitoral.com.ar\/#organization"},"potentialAction":[{"@type":"SearchAction","target":{"@type":"EntryPoint","urlTemplate":"https:\/\/informelitoral.com.ar\/?s={search_term_string}"},"query-input":{"@type":"PropertyValueSpecification","valueRequired":true,"valueName":"search_term_string"}}],"inLanguage":"es"},{"@type":"Organization","@id":"https:\/\/informelitoral.com.ar\/#organization","name":"Informe Litoral","url":"https:\/\/informelitoral.com.ar\/","logo":{"@type":"ImageObject","inLanguage":"es","@id":"https:\/\/informelitoral.com.ar\/#\/schema\/logo\/image\/","url":"https:\/\/informelitoral.com.ar\/%77%70%2d%63%6f%6e%74%65%6e%74\/uploads\/2021\/01\/circulo.png","contentUrl":"https:\/\/informelitoral.com.ar\/%77%70%2d%63%6f%6e%74%65%6e%74\/uploads\/2021\/01\/circulo.png","width":723,"height":731,"caption":"Informe Litoral"},"image":{"@id":"https:\/\/informelitoral.com.ar\/#\/schema\/logo\/image\/"},"sameAs":["https:\/\/www.facebook.com\/informelitoral\/","https:\/\/x.com\/InformeLitoral","https:\/\/www.instagram.com\/informelitoral\/","https:\/\/www.youtube.com\/channel\/UCua4Qvz8Icb6MYqhoq9xLXw"]},{"@type":"Person","@id":"https:\/\/informelitoral.com.ar\/#\/schema\/person\/b9d00407c836482871ef1d57bf8e3180","name":"Gonzalo Schmidt","image":{"@type":"ImageObject","inLanguage":"es","@id":"https:\/\/secure.gravatar.com\/avatar\/31a1a7b66ff2de83bd0e9fd79d026630d2d99e55e8bfe501287647b4fd9743de?s=96&d=mm&r=g","url":"https:\/\/secure.gravatar.com\/avatar\/31a1a7b66ff2de83bd0e9fd79d026630d2d99e55e8bfe501287647b4fd9743de?s=96&d=mm&r=g","contentUrl":"https:\/\/secure.gravatar.com\/avatar\/31a1a7b66ff2de83bd0e9fd79d026630d2d99e55e8bfe501287647b4fd9743de?s=96&d=mm&r=g","caption":"Gonzalo Schmidt"},"description":"Sitio web de noticias de la provincia de Entre R\u00edos, Argentina. Informaci\u00f3n y entretenimiento. Informe Litoral, nos informamos.","sameAs":["http:\/\/www.isletasnoticias.com.ar"],"url":"https:\/\/informelitoral.com.ar\/author\/gonzalo\/"}]}},"_links":{"self":[{"href":"https:\/\/informelitoral.com.ar\/%77%70%2d%6a%73%6f%6e\/wp\/v2\/posts\/23216","targetHints":{"allow":["GET"]}}],"collection":[{"href":"https:\/\/informelitoral.com.ar\/%77%70%2d%6a%73%6f%6e\/wp\/v2\/posts"}],"about":[{"href":"https:\/\/informelitoral.com.ar\/%77%70%2d%6a%73%6f%6e\/wp\/v2\/types\/post"}],"author":[{"embeddable":true,"href":"https:\/\/informelitoral.com.ar\/%77%70%2d%6a%73%6f%6e\/wp\/v2\/users\/2"}],"replies":[{"embeddable":true,"href":"https:\/\/informelitoral.com.ar\/%77%70%2d%6a%73%6f%6e\/wp\/v2\/comments?post=23216"}],"version-history":[{"count":0,"href":"https:\/\/informelitoral.com.ar\/%77%70%2d%6a%73%6f%6e\/wp\/v2\/posts\/23216\/revisions"}],"wp:attachment":[{"href":"https:\/\/informelitoral.com.ar\/%77%70%2d%6a%73%6f%6e\/wp\/v2\/media?parent=23216"}],"wp:term":[{"taxonomy":"category","embeddable":true,"href":"https:\/\/informelitoral.com.ar\/%77%70%2d%6a%73%6f%6e\/wp\/v2\/categories?post=23216"},{"taxonomy":"post_tag","embeddable":true,"href":"https:\/\/informelitoral.com.ar\/%77%70%2d%6a%73%6f%6e\/wp\/v2\/tags?post=23216"}],"curies":[{"name":"wp","href":"https:\/\/api.w.org\/{rel}","templated":true}]}}