{"id":23213,"date":"2017-09-28T12:39:00","date_gmt":"2017-09-28T15:39:00","guid":{"rendered":"http:\/\/www.isletasnoticias.com.ar\/?p=23213"},"modified":"2017-09-28T12:53:54","modified_gmt":"2017-09-28T15:53:54","slug":"encuestan-a-todos-los-molinos-de-harina-de-trigo-del-pais","status":"publish","type":"post","link":"https:\/\/informelitoral.com.ar\/encuestan-a-todos-los-molinos-de-harina-de-trigo-del-pais\/","title":{"rendered":"Encuestan a todos los molinos de harina de trigo del pa\u00eds"},"content":{"rendered":"<p><strong>El objetivo es actualizar la informaci\u00f3n de las plantas y su capacidad operativa. El vencimiento del plazo para presentar la informaci\u00f3n es el 9 de octubre.<a href=\"http:\/\/www.isletasnoticias.com.ar\/%77%70%2d%63%6f%6e%74%65%6e%74\/uploads\/2017\/09\/HarinadeTrigo1-1024x766.jpg\"><img loading=\"lazy\" decoding=\"async\" class=\"aligncenter wp-image-23214 size-large\" src=\"http:\/\/www.isletasnoticias.com.ar\/%77%70%2d%63%6f%6e%74%65%6e%74\/uploads\/2017\/09\/HarinadeTrigo1-1024x766-1024x766.jpg\" alt=\"\" width=\"600\" height=\"449\" srcset=\"https:\/\/informelitoral.com.ar\/%77%70%2d%63%6f%6e%74%65%6e%74\/uploads\/2017\/09\/HarinadeTrigo1-1024x766.jpg 1024w, https:\/\/informelitoral.com.ar\/%77%70%2d%63%6f%6e%74%65%6e%74\/uploads\/2017\/09\/HarinadeTrigo1-1024x766-300x224.jpg 300w, https:\/\/informelitoral.com.ar\/%77%70%2d%63%6f%6e%74%65%6e%74\/uploads\/2017\/09\/HarinadeTrigo1-1024x766-768x575.jpg 768w\" sizes=\"auto, (max-width: 600px) 100vw, 600px\" \/><\/a><\/strong><\/p>\n<p>En el marco de las pol\u00edticas p\u00fablicas de fiscalizaci\u00f3n y transparencia de las cadenas que lleva adelante el Ministerio de Agroindustria, se lanz\u00f3 una encuesta obligatoria para todos los molinos de harina de trigo del pa\u00eds que tiene como objetivo<strong> actualizar la informaci\u00f3n de las plantas y su capacidad operativa.<\/strong><\/p>\n<p>\u201cLa medida tiene su fundamento en la Resoluci\u00f3n N\u00b0 21-E\/2017 de creaci\u00f3n del Registro \u00danico de Operadores de la Cadena Agroindustrial (RUCA), donde se establece que el Ministerio de Agroindustria, mediante la Subsecretaria de Control Comercial Agropecuario (SUCCA), podr\u00e1 en cualquier momento, solicitar a los operadores informaci\u00f3n necesaria para ejercer sus competencias espec\u00edficas, encontr\u00e1ndose obligados a suministrarla bajo apercibimiento de su exclusi\u00f3n del Registro\u201d, explic\u00f3 la cartera en un comunicado oficial.<\/p>\n<p>Se trata de una decisi\u00f3n vinculada a la necesidad de\u00a0la SUCCA de \u201cefectuar una revisi\u00f3n integral del actual padr\u00f3n de la actividad\u201d ya que \u201cen los distintos reg\u00edmenes de informaci\u00f3n vigentes surgen severas inconsistencias\u201d. De esta manera, la iniciativa \u201ccobra especial relevancia, luego de muchos a\u00f1os de falta de control que ha fomentado la universalizaci\u00f3n de pr\u00e1cticas desleales de comercializaci\u00f3n y ha redundado en una situaci\u00f3n de grave crisis sectorial\u201d, sostuvo el Ministerio.<\/p>\n<p>En tanto, indic\u00f3 que ya se envi\u00f3 por correo electr\u00f3nico un formulario para cada operador en el que\u00a0deber\u00e1n cargarse los datos de la empresa, establecimiento, actividad comercial y producci\u00f3n.<\/p>\n<p>Seg\u00fan reprodujo <em>Infocampo,<\/em> \u201cel vencimiento del plazo para presentar la informaci\u00f3n requerida es indefectiblemente el 9 de octubre de 2017\u201d, remarc\u00f3 Agroindustria, al tiempo que aclar\u00f3 que \u201cel incumplimiento del presente requerimiento dar\u00e1 lugar a la suspensi\u00f3n de la inscripci\u00f3n oportunamente otorgada en la categor\u00eda Industrial Molino De Trigo en el RUCA hasta la regularizaci\u00f3n del mismo\u201d.<a href=\"http:\/\/www.isletasnoticias.com.ar\/%77%70%2d%63%6f%6e%74%65%6e%74\/uploads\/2017\/08\/CAUR.jpg\"><img loading=\"lazy\" decoding=\"async\" class=\"size-medium wp-image-22716 aligncenter\" src=\"http:\/\/www.isletasnoticias.com.ar\/%77%70%2d%63%6f%6e%74%65%6e%74\/uploads\/2017\/08\/CAUR-300x300.jpg\" alt=\"\" width=\"300\" height=\"300\" srcset=\"https:\/\/informelitoral.com.ar\/%77%70%2d%63%6f%6e%74%65%6e%74\/uploads\/2017\/08\/CAUR-300x300.jpg 300w, https:\/\/informelitoral.com.ar\/%77%70%2d%63%6f%6e%74%65%6e%74\/uploads\/2017\/08\/CAUR-150x150.jpg 150w, https:\/\/informelitoral.com.ar\/%77%70%2d%63%6f%6e%74%65%6e%74\/uploads\/2017\/08\/CAUR.jpg 351w\" sizes=\"auto, (max-width: 300px) 100vw, 300px\" \/><\/a><\/p>\n","protected":false},"excerpt":{"rendered":"<p>El objetivo es actualizar la informaci&oacute;n de las plantas y su capacidad operativa. El vencimiento del plazo para presentar la informaci&oacute;n es el 9 de octubre. En el marco de las pol&iacute;ticas p&uacute;blicas de fiscalizaci&oacute;n y transparencia de las cadenas que lleva adelante el Ministerio de Agroindustria, se lanz&oacute; una encuesta obligatoria para todos los [&hellip;]<\/p>\n","protected":false},"author":2,"featured_media":0,"comment_status":"open","ping_status":"open","sticky":false,"template":"","format":"standard","meta":{"fifu_image_url":"","fifu_image_alt":"","footnotes":""},"categories":[10,7],"tags":[],"class_list":{"0":"post-23213","1":"post","2":"type-post","3":"status-publish","4":"format-standard","6":"category-campo","7":"category-nacionales"},"yoast_head":"<title>Encuestan a todos los molinos de harina de trigo del pa\u00eds - Informe Litoral<\/title>\n<meta name=\"robots\" content=\"index, follow, max-snippet:-1, max-image-preview:large, max-video-preview:-1\" \/>\n<link rel=\"canonical\" href=\"https:\/\/informelitoral.com.ar\/encuestan-a-todos-los-molinos-de-harina-de-trigo-del-pais\/\" \/>\n<meta property=\"og:locale\" content=\"es_ES\" \/>\n<meta property=\"og:type\" content=\"article\" \/>\n<meta property=\"og:title\" content=\"Encuestan a todos los molinos de harina de trigo del pa\u00eds - Informe Litoral\" \/>\n<meta property=\"og:description\" content=\"El objetivo es actualizar la informaci&oacute;n de las plantas y su capacidad operativa. El vencimiento del plazo para presentar la informaci&oacute;n es el 9 de octubre. En el marco de las pol&iacute;ticas p&uacute;blicas de fiscalizaci&oacute;n y transparencia de las cadenas que lleva adelante el Ministerio de Agroindustria, se lanz&oacute; una encuesta obligatoria para todos los [&hellip;]\" \/>\n<meta property=\"og:url\" content=\"https:\/\/informelitoral.com.ar\/encuestan-a-todos-los-molinos-de-harina-de-trigo-del-pais\/\" \/>\n<meta property=\"og:site_name\" content=\"Informe Litoral\" \/>\n<meta property=\"article:publisher\" content=\"https:\/\/www.facebook.com\/informelitoral\/\" \/>\n<meta property=\"article:published_time\" content=\"2017-09-28T15:39:00+00:00\" \/>\n<meta property=\"article:modified_time\" content=\"2017-09-28T15:53:54+00:00\" \/>\n<meta property=\"og:image\" content=\"https:\/\/informelitoral.com.ar\/%77%70%2d%63%6f%6e%74%65%6e%74\/uploads\/2017\/09\/HarinadeTrigo1-1024x766.jpg\" \/>\n\t<meta property=\"og:image:width\" content=\"1024\" \/>\n\t<meta property=\"og:image:height\" content=\"766\" \/>\n\t<meta property=\"og:image:type\" content=\"image\/jpeg\" \/>\n<meta name=\"author\" content=\"Gonzalo Schmidt\" \/>\n<meta name=\"twitter:card\" content=\"summary_large_image\" \/>\n<meta name=\"twitter:creator\" content=\"@InformeLitoral\" \/>\n<meta name=\"twitter:site\" content=\"@InformeLitoral\" \/>\n<meta name=\"twitter:label1\" content=\"Escrito por\" \/>\n\t<meta name=\"twitter:data1\" content=\"Gonzalo Schmidt\" \/>\n\t<meta name=\"twitter:label2\" content=\"Tiempo de lectura\" \/>\n\t<meta name=\"twitter:data2\" content=\"2 minutos\" \/>\n<script type=\"application\/ld+json\" class=\"yoast-schema-graph\">{\"@context\":\"https:\\\/\\\/schema.org\",\"@graph\":[{\"@type\":\"Article\",\"@id\":\"https:\\\/\\\/informelitoral.com.ar\\\/encuestan-a-todos-los-molinos-de-harina-de-trigo-del-pais\\\/#article\",\"isPartOf\":{\"@id\":\"https:\\\/\\\/informelitoral.com.ar\\\/encuestan-a-todos-los-molinos-de-harina-de-trigo-del-pais\\\/\"},\"author\":{\"name\":\"Gonzalo Schmidt\",\"@id\":\"https:\\\/\\\/informelitoral.com.ar\\\/#\\\/schema\\\/person\\\/b9d00407c836482871ef1d57bf8e3180\"},\"headline\":\"Encuestan a todos los molinos de harina de trigo del pa\u00eds\",\"datePublished\":\"2017-09-28T15:39:00+00:00\",\"dateModified\":\"2017-09-28T15:53:54+00:00\",\"mainEntityOfPage\":{\"@id\":\"https:\\\/\\\/informelitoral.com.ar\\\/encuestan-a-todos-los-molinos-de-harina-de-trigo-del-pais\\\/\"},\"wordCount\":349,\"commentCount\":0,\"publisher\":{\"@id\":\"https:\\\/\\\/informelitoral.com.ar\\\/#organization\"},\"image\":{\"@id\":\"https:\\\/\\\/informelitoral.com.ar\\\/encuestan-a-todos-los-molinos-de-harina-de-trigo-del-pais\\\/#primaryimage\"},\"thumbnailUrl\":\"http:\\\/\\\/www.isletasnoticias.com.ar\\\/%77%70%2d%63%6f%6e%74%65%6e%74\\\/uploads\\\/2017\\\/09\\\/HarinadeTrigo1-1024x766-1024x766.jpg\",\"articleSection\":[\"Campo\",\"Nacionales\"],\"inLanguage\":\"es\",\"potentialAction\":[{\"@type\":\"CommentAction\",\"name\":\"Comment\",\"target\":[\"https:\\\/\\\/informelitoral.com.ar\\\/encuestan-a-todos-los-molinos-de-harina-de-trigo-del-pais\\\/#respond\"]}]},{\"@type\":\"WebPage\",\"@id\":\"https:\\\/\\\/informelitoral.com.ar\\\/encuestan-a-todos-los-molinos-de-harina-de-trigo-del-pais\\\/\",\"url\":\"https:\\\/\\\/informelitoral.com.ar\\\/encuestan-a-todos-los-molinos-de-harina-de-trigo-del-pais\\\/\",\"name\":\"Encuestan a todos los molinos de harina de trigo del pa\u00eds - Informe Litoral\",\"isPartOf\":{\"@id\":\"https:\\\/\\\/informelitoral.com.ar\\\/#website\"},\"primaryImageOfPage\":{\"@id\":\"https:\\\/\\\/informelitoral.com.ar\\\/encuestan-a-todos-los-molinos-de-harina-de-trigo-del-pais\\\/#primaryimage\"},\"image\":{\"@id\":\"https:\\\/\\\/informelitoral.com.ar\\\/encuestan-a-todos-los-molinos-de-harina-de-trigo-del-pais\\\/#primaryimage\"},\"thumbnailUrl\":\"http:\\\/\\\/www.isletasnoticias.com.ar\\\/%77%70%2d%63%6f%6e%74%65%6e%74\\\/uploads\\\/2017\\\/09\\\/HarinadeTrigo1-1024x766-1024x766.jpg\",\"datePublished\":\"2017-09-28T15:39:00+00:00\",\"dateModified\":\"2017-09-28T15:53:54+00:00\",\"breadcrumb\":{\"@id\":\"https:\\\/\\\/informelitoral.com.ar\\\/encuestan-a-todos-los-molinos-de-harina-de-trigo-del-pais\\\/#breadcrumb\"},\"inLanguage\":\"es\",\"potentialAction\":[{\"@type\":\"ReadAction\",\"target\":[\"https:\\\/\\\/informelitoral.com.ar\\\/encuestan-a-todos-los-molinos-de-harina-de-trigo-del-pais\\\/\"]}]},{\"@type\":\"ImageObject\",\"inLanguage\":\"es\",\"@id\":\"https:\\\/\\\/informelitoral.com.ar\\\/encuestan-a-todos-los-molinos-de-harina-de-trigo-del-pais\\\/#primaryimage\",\"url\":\"http:\\\/\\\/www.isletasnoticias.com.ar\\\/%77%70%2d%63%6f%6e%74%65%6e%74\\\/uploads\\\/2017\\\/09\\\/HarinadeTrigo1-1024x766-1024x766.jpg\",\"contentUrl\":\"http:\\\/\\\/www.isletasnoticias.com.ar\\\/%77%70%2d%63%6f%6e%74%65%6e%74\\\/uploads\\\/2017\\\/09\\\/HarinadeTrigo1-1024x766-1024x766.jpg\"},{\"@type\":\"BreadcrumbList\",\"@id\":\"https:\\\/\\\/informelitoral.com.ar\\\/encuestan-a-todos-los-molinos-de-harina-de-trigo-del-pais\\\/#breadcrumb\",\"itemListElement\":[{\"@type\":\"ListItem\",\"position\":1,\"name\":\"Portada\",\"item\":\"https:\\\/\\\/informelitoral.com.ar\\\/\"},{\"@type\":\"ListItem\",\"position\":2,\"name\":\"Encuestan a todos los molinos de harina de trigo del pa\u00eds\"}]},{\"@type\":\"WebSite\",\"@id\":\"https:\\\/\\\/informelitoral.com.ar\\\/#website\",\"url\":\"https:\\\/\\\/informelitoral.com.ar\\\/\",\"name\":\"Informe Litoral\",\"description\":\"&quot;Nos informamos&quot; \",\"publisher\":{\"@id\":\"https:\\\/\\\/informelitoral.com.ar\\\/#organization\"},\"potentialAction\":[{\"@type\":\"SearchAction\",\"target\":{\"@type\":\"EntryPoint\",\"urlTemplate\":\"https:\\\/\\\/informelitoral.com.ar\\\/?s={search_term_string}\"},\"query-input\":{\"@type\":\"PropertyValueSpecification\",\"valueRequired\":true,\"valueName\":\"search_term_string\"}}],\"inLanguage\":\"es\"},{\"@type\":\"Organization\",\"@id\":\"https:\\\/\\\/informelitoral.com.ar\\\/#organization\",\"name\":\"Informe Litoral\",\"url\":\"https:\\\/\\\/informelitoral.com.ar\\\/\",\"logo\":{\"@type\":\"ImageObject\",\"inLanguage\":\"es\",\"@id\":\"https:\\\/\\\/informelitoral.com.ar\\\/#\\\/schema\\\/logo\\\/image\\\/\",\"url\":\"https:\\\/\\\/informelitoral.com.ar\\\/%77%70%2d%63%6f%6e%74%65%6e%74\\\/uploads\\\/2021\\\/01\\\/circulo.png\",\"contentUrl\":\"https:\\\/\\\/informelitoral.com.ar\\\/%77%70%2d%63%6f%6e%74%65%6e%74\\\/uploads\\\/2021\\\/01\\\/circulo.png\",\"width\":723,\"height\":731,\"caption\":\"Informe Litoral\"},\"image\":{\"@id\":\"https:\\\/\\\/informelitoral.com.ar\\\/#\\\/schema\\\/logo\\\/image\\\/\"},\"sameAs\":[\"https:\\\/\\\/www.facebook.com\\\/informelitoral\\\/\",\"https:\\\/\\\/x.com\\\/InformeLitoral\",\"https:\\\/\\\/www.instagram.com\\\/informelitoral\\\/\",\"https:\\\/\\\/www.youtube.com\\\/channel\\\/UCua4Qvz8Icb6MYqhoq9xLXw\"]},{\"@type\":\"Person\",\"@id\":\"https:\\\/\\\/informelitoral.com.ar\\\/#\\\/schema\\\/person\\\/b9d00407c836482871ef1d57bf8e3180\",\"name\":\"Gonzalo Schmidt\",\"image\":{\"@type\":\"ImageObject\",\"inLanguage\":\"es\",\"@id\":\"https:\\\/\\\/secure.gravatar.com\\\/avatar\\\/31a1a7b66ff2de83bd0e9fd79d026630d2d99e55e8bfe501287647b4fd9743de?s=96&d=mm&r=g\",\"url\":\"https:\\\/\\\/secure.gravatar.com\\\/avatar\\\/31a1a7b66ff2de83bd0e9fd79d026630d2d99e55e8bfe501287647b4fd9743de?s=96&d=mm&r=g\",\"contentUrl\":\"https:\\\/\\\/secure.gravatar.com\\\/avatar\\\/31a1a7b66ff2de83bd0e9fd79d026630d2d99e55e8bfe501287647b4fd9743de?s=96&d=mm&r=g\",\"caption\":\"Gonzalo Schmidt\"},\"description\":\"Sitio web de noticias de la provincia de Entre R\u00edos, Argentina. Informaci\u00f3n y entretenimiento. Informe Litoral, nos informamos.\",\"sameAs\":[\"http:\\\/\\\/www.isletasnoticias.com.ar\"],\"url\":\"https:\\\/\\\/informelitoral.com.ar\\\/author\\\/gonzalo\\\/\"}]}<\/script>","yoast_head_json":{"title":"Encuestan a todos los molinos de harina de trigo del pa\u00eds - Informe Litoral","robots":{"index":"index","follow":"follow","max-snippet":"max-snippet:-1","max-image-preview":"max-image-preview:large","max-video-preview":"max-video-preview:-1"},"canonical":"https:\/\/informelitoral.com.ar\/encuestan-a-todos-los-molinos-de-harina-de-trigo-del-pais\/","og_locale":"es_ES","og_type":"article","og_title":"Encuestan a todos los molinos de harina de trigo del pa\u00eds - Informe Litoral","og_description":"El objetivo es actualizar la informaci&oacute;n de las plantas y su capacidad operativa. El vencimiento del plazo para presentar la informaci&oacute;n es el 9 de octubre. En el marco de las pol&iacute;ticas p&uacute;blicas de fiscalizaci&oacute;n y transparencia de las cadenas que lleva adelante el Ministerio de Agroindustria, se lanz&oacute; una encuesta obligatoria para todos los [&hellip;]","og_url":"https:\/\/informelitoral.com.ar\/encuestan-a-todos-los-molinos-de-harina-de-trigo-del-pais\/","og_site_name":"Informe Litoral","article_publisher":"https:\/\/www.facebook.com\/informelitoral\/","article_published_time":"2017-09-28T15:39:00+00:00","article_modified_time":"2017-09-28T15:53:54+00:00","og_image":[{"width":1024,"height":766,"url":"https:\/\/informelitoral.com.ar\/%77%70%2d%63%6f%6e%74%65%6e%74\/uploads\/2017\/09\/HarinadeTrigo1-1024x766.jpg","type":"image\/jpeg"}],"author":"Gonzalo Schmidt","twitter_card":"summary_large_image","twitter_creator":"@InformeLitoral","twitter_site":"@InformeLitoral","twitter_misc":{"Escrito por":"Gonzalo Schmidt","Tiempo de lectura":"2 minutos"},"schema":{"@context":"https:\/\/schema.org","@graph":[{"@type":"Article","@id":"https:\/\/informelitoral.com.ar\/encuestan-a-todos-los-molinos-de-harina-de-trigo-del-pais\/#article","isPartOf":{"@id":"https:\/\/informelitoral.com.ar\/encuestan-a-todos-los-molinos-de-harina-de-trigo-del-pais\/"},"author":{"name":"Gonzalo Schmidt","@id":"https:\/\/informelitoral.com.ar\/#\/schema\/person\/b9d00407c836482871ef1d57bf8e3180"},"headline":"Encuestan a todos los molinos de harina de trigo del pa\u00eds","datePublished":"2017-09-28T15:39:00+00:00","dateModified":"2017-09-28T15:53:54+00:00","mainEntityOfPage":{"@id":"https:\/\/informelitoral.com.ar\/encuestan-a-todos-los-molinos-de-harina-de-trigo-del-pais\/"},"wordCount":349,"commentCount":0,"publisher":{"@id":"https:\/\/informelitoral.com.ar\/#organization"},"image":{"@id":"https:\/\/informelitoral.com.ar\/encuestan-a-todos-los-molinos-de-harina-de-trigo-del-pais\/#primaryimage"},"thumbnailUrl":"http:\/\/www.isletasnoticias.com.ar\/%77%70%2d%63%6f%6e%74%65%6e%74\/uploads\/2017\/09\/HarinadeTrigo1-1024x766-1024x766.jpg","articleSection":["Campo","Nacionales"],"inLanguage":"es","potentialAction":[{"@type":"CommentAction","name":"Comment","target":["https:\/\/informelitoral.com.ar\/encuestan-a-todos-los-molinos-de-harina-de-trigo-del-pais\/#respond"]}]},{"@type":"WebPage","@id":"https:\/\/informelitoral.com.ar\/encuestan-a-todos-los-molinos-de-harina-de-trigo-del-pais\/","url":"https:\/\/informelitoral.com.ar\/encuestan-a-todos-los-molinos-de-harina-de-trigo-del-pais\/","name":"Encuestan a todos los molinos de harina de trigo del pa\u00eds - Informe Litoral","isPartOf":{"@id":"https:\/\/informelitoral.com.ar\/#website"},"primaryImageOfPage":{"@id":"https:\/\/informelitoral.com.ar\/encuestan-a-todos-los-molinos-de-harina-de-trigo-del-pais\/#primaryimage"},"image":{"@id":"https:\/\/informelitoral.com.ar\/encuestan-a-todos-los-molinos-de-harina-de-trigo-del-pais\/#primaryimage"},"thumbnailUrl":"http:\/\/www.isletasnoticias.com.ar\/%77%70%2d%63%6f%6e%74%65%6e%74\/uploads\/2017\/09\/HarinadeTrigo1-1024x766-1024x766.jpg","datePublished":"2017-09-28T15:39:00+00:00","dateModified":"2017-09-28T15:53:54+00:00","breadcrumb":{"@id":"https:\/\/informelitoral.com.ar\/encuestan-a-todos-los-molinos-de-harina-de-trigo-del-pais\/#breadcrumb"},"inLanguage":"es","potentialAction":[{"@type":"ReadAction","target":["https:\/\/informelitoral.com.ar\/encuestan-a-todos-los-molinos-de-harina-de-trigo-del-pais\/"]}]},{"@type":"ImageObject","inLanguage":"es","@id":"https:\/\/informelitoral.com.ar\/encuestan-a-todos-los-molinos-de-harina-de-trigo-del-pais\/#primaryimage","url":"http:\/\/www.isletasnoticias.com.ar\/%77%70%2d%63%6f%6e%74%65%6e%74\/uploads\/2017\/09\/HarinadeTrigo1-1024x766-1024x766.jpg","contentUrl":"http:\/\/www.isletasnoticias.com.ar\/%77%70%2d%63%6f%6e%74%65%6e%74\/uploads\/2017\/09\/HarinadeTrigo1-1024x766-1024x766.jpg"},{"@type":"BreadcrumbList","@id":"https:\/\/informelitoral.com.ar\/encuestan-a-todos-los-molinos-de-harina-de-trigo-del-pais\/#breadcrumb","itemListElement":[{"@type":"ListItem","position":1,"name":"Portada","item":"https:\/\/informelitoral.com.ar\/"},{"@type":"ListItem","position":2,"name":"Encuestan a todos los molinos de harina de trigo del pa\u00eds"}]},{"@type":"WebSite","@id":"https:\/\/informelitoral.com.ar\/#website","url":"https:\/\/informelitoral.com.ar\/","name":"Informe Litoral","description":"&quot;Nos informamos&quot; ","publisher":{"@id":"https:\/\/informelitoral.com.ar\/#organization"},"potentialAction":[{"@type":"SearchAction","target":{"@type":"EntryPoint","urlTemplate":"https:\/\/informelitoral.com.ar\/?s={search_term_string}"},"query-input":{"@type":"PropertyValueSpecification","valueRequired":true,"valueName":"search_term_string"}}],"inLanguage":"es"},{"@type":"Organization","@id":"https:\/\/informelitoral.com.ar\/#organization","name":"Informe Litoral","url":"https:\/\/informelitoral.com.ar\/","logo":{"@type":"ImageObject","inLanguage":"es","@id":"https:\/\/informelitoral.com.ar\/#\/schema\/logo\/image\/","url":"https:\/\/informelitoral.com.ar\/%77%70%2d%63%6f%6e%74%65%6e%74\/uploads\/2021\/01\/circulo.png","contentUrl":"https:\/\/informelitoral.com.ar\/%77%70%2d%63%6f%6e%74%65%6e%74\/uploads\/2021\/01\/circulo.png","width":723,"height":731,"caption":"Informe Litoral"},"image":{"@id":"https:\/\/informelitoral.com.ar\/#\/schema\/logo\/image\/"},"sameAs":["https:\/\/www.facebook.com\/informelitoral\/","https:\/\/x.com\/InformeLitoral","https:\/\/www.instagram.com\/informelitoral\/","https:\/\/www.youtube.com\/channel\/UCua4Qvz8Icb6MYqhoq9xLXw"]},{"@type":"Person","@id":"https:\/\/informelitoral.com.ar\/#\/schema\/person\/b9d00407c836482871ef1d57bf8e3180","name":"Gonzalo Schmidt","image":{"@type":"ImageObject","inLanguage":"es","@id":"https:\/\/secure.gravatar.com\/avatar\/31a1a7b66ff2de83bd0e9fd79d026630d2d99e55e8bfe501287647b4fd9743de?s=96&d=mm&r=g","url":"https:\/\/secure.gravatar.com\/avatar\/31a1a7b66ff2de83bd0e9fd79d026630d2d99e55e8bfe501287647b4fd9743de?s=96&d=mm&r=g","contentUrl":"https:\/\/secure.gravatar.com\/avatar\/31a1a7b66ff2de83bd0e9fd79d026630d2d99e55e8bfe501287647b4fd9743de?s=96&d=mm&r=g","caption":"Gonzalo Schmidt"},"description":"Sitio web de noticias de la provincia de Entre R\u00edos, Argentina. Informaci\u00f3n y entretenimiento. Informe Litoral, nos informamos.","sameAs":["http:\/\/www.isletasnoticias.com.ar"],"url":"https:\/\/informelitoral.com.ar\/author\/gonzalo\/"}]}},"_links":{"self":[{"href":"https:\/\/informelitoral.com.ar\/%77%70%2d%6a%73%6f%6e\/wp\/v2\/posts\/23213","targetHints":{"allow":["GET"]}}],"collection":[{"href":"https:\/\/informelitoral.com.ar\/%77%70%2d%6a%73%6f%6e\/wp\/v2\/posts"}],"about":[{"href":"https:\/\/informelitoral.com.ar\/%77%70%2d%6a%73%6f%6e\/wp\/v2\/types\/post"}],"author":[{"embeddable":true,"href":"https:\/\/informelitoral.com.ar\/%77%70%2d%6a%73%6f%6e\/wp\/v2\/users\/2"}],"replies":[{"embeddable":true,"href":"https:\/\/informelitoral.com.ar\/%77%70%2d%6a%73%6f%6e\/wp\/v2\/comments?post=23213"}],"version-history":[{"count":0,"href":"https:\/\/informelitoral.com.ar\/%77%70%2d%6a%73%6f%6e\/wp\/v2\/posts\/23213\/revisions"}],"wp:attachment":[{"href":"https:\/\/informelitoral.com.ar\/%77%70%2d%6a%73%6f%6e\/wp\/v2\/media?parent=23213"}],"wp:term":[{"taxonomy":"category","embeddable":true,"href":"https:\/\/informelitoral.com.ar\/%77%70%2d%6a%73%6f%6e\/wp\/v2\/categories?post=23213"},{"taxonomy":"post_tag","embeddable":true,"href":"https:\/\/informelitoral.com.ar\/%77%70%2d%6a%73%6f%6e\/wp\/v2\/tags?post=23213"}],"curies":[{"name":"wp","href":"https:\/\/api.w.org\/{rel}","templated":true}]}}