{"id":23206,"date":"2017-09-27T12:35:55","date_gmt":"2017-09-27T15:35:55","guid":{"rendered":"http:\/\/www.isletasnoticias.com.ar\/?p=23206"},"modified":"2017-09-27T12:35:55","modified_gmt":"2017-09-27T15:35:55","slug":"alertan-por-el-rapido-avance-de-enfermedades-en-trigo","status":"publish","type":"post","link":"https:\/\/informelitoral.com.ar\/alertan-por-el-rapido-avance-de-enfermedades-en-trigo\/","title":{"rendered":"Alertan por el r\u00e1pido avance de enfermedades en trigo"},"content":{"rendered":"<p><strong>Las lluvias y las altas temperaturas invernales generaron una repentina aparici\u00f3n de enfermedades tales como la Mancha amarilla y Roya amarilla en la zona n\u00facleo.<a href=\"http:\/\/www.isletasnoticias.com.ar\/%77%70%2d%63%6f%6e%74%65%6e%74\/uploads\/2017\/09\/roya-trigo-631-280-631-965622232857.jpg\"><img loading=\"lazy\" decoding=\"async\" class=\"aligncenter wp-image-23207 size-full\" src=\"http:\/\/www.isletasnoticias.com.ar\/%77%70%2d%63%6f%6e%74%65%6e%74\/uploads\/2017\/09\/roya-trigo-631-280-631-965622232857.jpg\" alt=\"\" width=\"631\" height=\"280\" srcset=\"https:\/\/informelitoral.com.ar\/%77%70%2d%63%6f%6e%74%65%6e%74\/uploads\/2017\/09\/roya-trigo-631-280-631-965622232857.jpg 631w, https:\/\/informelitoral.com.ar\/%77%70%2d%63%6f%6e%74%65%6e%74\/uploads\/2017\/09\/roya-trigo-631-280-631-965622232857-300x133.jpg 300w\" sizes=\"auto, (max-width: 631px) 100vw, 631px\" \/><\/a><\/strong><\/p>\n<p>En Buenos Aires, La Pampa, sur de Santa Fe y sur de C\u00f3rdoba, los excesos h\u00eddricos provocaron una disminuci\u00f3n de 150.000 hect\u00e1reas, lo que ha dejado un \u00e1rea efectiva de siembra de 5,3 millones de hect\u00e1reas. La humedad que presenta esta campa\u00f1a genera una mayor presi\u00f3n de enfermedades en los estad\u00edos iniciales del cultivo. Se ha detectado la aparici\u00f3n de Roya amarilla y Roya anaranjada, que en algunos casos registran incidencias del 100%.<\/p>\n<p>El perfil sanitario de la variedad, el estado fenol\u00f3gico, la identificaci\u00f3n del pat\u00f3geno y la correcta elecci\u00f3n de un fungicida son factores b\u00e1sicos en la toma de decisiones. En las \u00faltimas campa\u00f1as, las respuestas promedio a la aplicaci\u00f3n de fungicidas que llev\u00f3 adelante el equipo t\u00e9cnico de BASF fue de 813 kg\/ha. En aquellas franjas, donde hubo una alta presi\u00f3n de enfermedades, las respuestas superaron los 1000 kg\/ha y la misma comienza a impactar en algunos par\u00e1metros de calidad, como peso hectolitrito y prote\u00edna.<\/p>\n<p>Hoy, la Roya amarilla representa una de las mayores amenazas para el trigo. El ataque inicial se presenta en manchones de pocos cent\u00edmetros de di\u00e1metro, visibles por su color amarillento que avanza r\u00e1pidamente hacia la totalidad del lote. Uno de los primeros focos suele darse sobre las cabeceras del lote en donde generalmente hay m\u00e1s densidad de plantas. Tambi\u00e9n, se presenta en situaciones de cierre de entresurco en donde el ambiente es m\u00e1s h\u00famedo y el ataque puede iniciarse desde el centro del lote hacia la periferia. La detecci\u00f3n temprana es fundamental para el manejo de una enfermedad muy agresiva por ser polic\u00edclica (repite su ciclo hasta cinco veces en una campa\u00f1a de trigo).\u00a0 Por eso es fundamental que los productores est\u00e9n atentos a su evoluci\u00f3n para poder combatirla a tiempo. Actualmente el 88% de la producci\u00f3n mundial de trigo es susceptible a esta enfermedad, lo que puede llevar a da\u00f1os globales de m\u00e1s de 5 millones de toneladas de trigo y p\u00e9rdidas anuales equivalentes al valor de mil millones de d\u00f3lares.<\/p>\n<p>La importancia de la elecci\u00f3n del fungicida es fundamental ya que se pone en juego un alto porcentaje de rendimiento de cultivo. \u201cPara un mismo cultivo de trigo y situaci\u00f3n sanitaria, la aplicaci\u00f3n del fungicida Orquesta\u2122 Ultra mostr\u00f3 diferencias significativas en rendimiento y calidad si lo comparamos con otros tratamientos del mercado\u201d, sostiene el Ing. Agr. Juan P\u00e9rez Brea, Gerente de cultivo de trigo y cebada de BASF.<\/p>\n<p>\u201cEsta exclusiva triple mezcla ha demostrado a campo tanto su eficacia frente a los diferentes pat\u00f3genos, como su flexibilidad que permite aplicarlo en diferentes situaciones, en forma preventiva o curativa. Su formulaci\u00f3n le permite ingresar a la planta y distribuirse en el interior f\u00e1cilmente, logrando mayor eficiencia de control y entregando m\u00e1s d\u00edas de protecci\u00f3n\u201d, agrega el Ing. P\u00e9rez Brea.<\/p>\n<p>De esta manera, las pr\u00e1cticas de manejo para el control de enfermedades deben ser m\u00e1s exigentes este a\u00f1o en el conocimiento del perfil sanitario de la variedad. Es decir, es necesario aumentar la frecuencia del monitoreo y mantenerse informado del grado de avance de las enfermedades en distintas zonas a partir de los informes t\u00e9cnicos que brinda el INTA, BASF y otras entidades especializadas. <em>(Infocampo)<\/em><\/p>\n","protected":false},"excerpt":{"rendered":"<p>Las lluvias y las altas temperaturas invernales generaron una repentina aparici&oacute;n de enfermedades tales como la Mancha amarilla y Roya amarilla en la zona n&uacute;cleo. En Buenos Aires, La Pampa, sur de Santa Fe y sur de C&oacute;rdoba, los excesos h&iacute;dricos provocaron una disminuci&oacute;n de 150.000 hect&aacute;reas, lo que ha dejado un &aacute;rea efectiva de [&hellip;]<\/p>\n","protected":false},"author":2,"featured_media":0,"comment_status":"open","ping_status":"open","sticky":false,"template":"","format":"standard","meta":{"fifu_image_url":"","fifu_image_alt":"","footnotes":""},"categories":[10],"tags":[],"class_list":{"0":"post-23206","1":"post","2":"type-post","3":"status-publish","4":"format-standard","6":"category-campo"},"yoast_head":"<title>Alertan por el r\u00e1pido avance de enfermedades en trigo - Informe Litoral<\/title>\n<meta name=\"robots\" content=\"index, follow, max-snippet:-1, max-image-preview:large, max-video-preview:-1\" \/>\n<link rel=\"canonical\" href=\"https:\/\/informelitoral.com.ar\/alertan-por-el-rapido-avance-de-enfermedades-en-trigo\/\" \/>\n<meta property=\"og:locale\" content=\"es_ES\" \/>\n<meta property=\"og:type\" content=\"article\" \/>\n<meta property=\"og:title\" content=\"Alertan por el r\u00e1pido avance de enfermedades en trigo - Informe Litoral\" \/>\n<meta property=\"og:description\" content=\"Las lluvias y las altas temperaturas invernales generaron una repentina aparici&oacute;n de enfermedades tales como la Mancha amarilla y Roya amarilla en la zona n&uacute;cleo. En Buenos Aires, La Pampa, sur de Santa Fe y sur de C&oacute;rdoba, los excesos h&iacute;dricos provocaron una disminuci&oacute;n de 150.000 hect&aacute;reas, lo que ha dejado un &aacute;rea efectiva de [&hellip;]\" \/>\n<meta property=\"og:url\" content=\"https:\/\/informelitoral.com.ar\/alertan-por-el-rapido-avance-de-enfermedades-en-trigo\/\" \/>\n<meta property=\"og:site_name\" content=\"Informe Litoral\" \/>\n<meta property=\"article:publisher\" content=\"https:\/\/www.facebook.com\/informelitoral\/\" \/>\n<meta property=\"article:published_time\" content=\"2017-09-27T15:35:55+00:00\" \/>\n<meta property=\"og:image\" content=\"https:\/\/informelitoral.com.ar\/%77%70%2d%63%6f%6e%74%65%6e%74\/uploads\/2017\/09\/roya-trigo-631-280-631-965622232857.jpg\" \/>\n\t<meta property=\"og:image:width\" content=\"631\" \/>\n\t<meta property=\"og:image:height\" content=\"280\" \/>\n\t<meta property=\"og:image:type\" content=\"image\/jpeg\" \/>\n<meta name=\"author\" content=\"Gonzalo Schmidt\" \/>\n<meta name=\"twitter:card\" content=\"summary_large_image\" \/>\n<meta name=\"twitter:creator\" content=\"@InformeLitoral\" \/>\n<meta name=\"twitter:site\" content=\"@InformeLitoral\" \/>\n<meta name=\"twitter:label1\" content=\"Escrito por\" \/>\n\t<meta name=\"twitter:data1\" content=\"Gonzalo Schmidt\" \/>\n\t<meta name=\"twitter:label2\" content=\"Tiempo de lectura\" \/>\n\t<meta name=\"twitter:data2\" content=\"3 minutos\" \/>\n<script type=\"application\/ld+json\" class=\"yoast-schema-graph\">{\"@context\":\"https:\\\/\\\/schema.org\",\"@graph\":[{\"@type\":\"Article\",\"@id\":\"https:\\\/\\\/informelitoral.com.ar\\\/alertan-por-el-rapido-avance-de-enfermedades-en-trigo\\\/#article\",\"isPartOf\":{\"@id\":\"https:\\\/\\\/informelitoral.com.ar\\\/alertan-por-el-rapido-avance-de-enfermedades-en-trigo\\\/\"},\"author\":{\"name\":\"Gonzalo Schmidt\",\"@id\":\"https:\\\/\\\/informelitoral.com.ar\\\/#\\\/schema\\\/person\\\/b9d00407c836482871ef1d57bf8e3180\"},\"headline\":\"Alertan por el r\u00e1pido avance de enfermedades en trigo\",\"datePublished\":\"2017-09-27T15:35:55+00:00\",\"mainEntityOfPage\":{\"@id\":\"https:\\\/\\\/informelitoral.com.ar\\\/alertan-por-el-rapido-avance-de-enfermedades-en-trigo\\\/\"},\"wordCount\":606,\"commentCount\":0,\"publisher\":{\"@id\":\"https:\\\/\\\/informelitoral.com.ar\\\/#organization\"},\"image\":{\"@id\":\"https:\\\/\\\/informelitoral.com.ar\\\/alertan-por-el-rapido-avance-de-enfermedades-en-trigo\\\/#primaryimage\"},\"thumbnailUrl\":\"http:\\\/\\\/www.isletasnoticias.com.ar\\\/%77%70%2d%63%6f%6e%74%65%6e%74\\\/uploads\\\/2017\\\/09\\\/roya-trigo-631-280-631-965622232857.jpg\",\"articleSection\":[\"Campo\"],\"inLanguage\":\"es\",\"potentialAction\":[{\"@type\":\"CommentAction\",\"name\":\"Comment\",\"target\":[\"https:\\\/\\\/informelitoral.com.ar\\\/alertan-por-el-rapido-avance-de-enfermedades-en-trigo\\\/#respond\"]}]},{\"@type\":\"WebPage\",\"@id\":\"https:\\\/\\\/informelitoral.com.ar\\\/alertan-por-el-rapido-avance-de-enfermedades-en-trigo\\\/\",\"url\":\"https:\\\/\\\/informelitoral.com.ar\\\/alertan-por-el-rapido-avance-de-enfermedades-en-trigo\\\/\",\"name\":\"Alertan por el r\u00e1pido avance de enfermedades en trigo - Informe Litoral\",\"isPartOf\":{\"@id\":\"https:\\\/\\\/informelitoral.com.ar\\\/#website\"},\"primaryImageOfPage\":{\"@id\":\"https:\\\/\\\/informelitoral.com.ar\\\/alertan-por-el-rapido-avance-de-enfermedades-en-trigo\\\/#primaryimage\"},\"image\":{\"@id\":\"https:\\\/\\\/informelitoral.com.ar\\\/alertan-por-el-rapido-avance-de-enfermedades-en-trigo\\\/#primaryimage\"},\"thumbnailUrl\":\"http:\\\/\\\/www.isletasnoticias.com.ar\\\/%77%70%2d%63%6f%6e%74%65%6e%74\\\/uploads\\\/2017\\\/09\\\/roya-trigo-631-280-631-965622232857.jpg\",\"datePublished\":\"2017-09-27T15:35:55+00:00\",\"breadcrumb\":{\"@id\":\"https:\\\/\\\/informelitoral.com.ar\\\/alertan-por-el-rapido-avance-de-enfermedades-en-trigo\\\/#breadcrumb\"},\"inLanguage\":\"es\",\"potentialAction\":[{\"@type\":\"ReadAction\",\"target\":[\"https:\\\/\\\/informelitoral.com.ar\\\/alertan-por-el-rapido-avance-de-enfermedades-en-trigo\\\/\"]}]},{\"@type\":\"ImageObject\",\"inLanguage\":\"es\",\"@id\":\"https:\\\/\\\/informelitoral.com.ar\\\/alertan-por-el-rapido-avance-de-enfermedades-en-trigo\\\/#primaryimage\",\"url\":\"http:\\\/\\\/www.isletasnoticias.com.ar\\\/%77%70%2d%63%6f%6e%74%65%6e%74\\\/uploads\\\/2017\\\/09\\\/roya-trigo-631-280-631-965622232857.jpg\",\"contentUrl\":\"http:\\\/\\\/www.isletasnoticias.com.ar\\\/%77%70%2d%63%6f%6e%74%65%6e%74\\\/uploads\\\/2017\\\/09\\\/roya-trigo-631-280-631-965622232857.jpg\"},{\"@type\":\"BreadcrumbList\",\"@id\":\"https:\\\/\\\/informelitoral.com.ar\\\/alertan-por-el-rapido-avance-de-enfermedades-en-trigo\\\/#breadcrumb\",\"itemListElement\":[{\"@type\":\"ListItem\",\"position\":1,\"name\":\"Portada\",\"item\":\"https:\\\/\\\/informelitoral.com.ar\\\/\"},{\"@type\":\"ListItem\",\"position\":2,\"name\":\"Alertan por el r\u00e1pido avance de enfermedades en trigo\"}]},{\"@type\":\"WebSite\",\"@id\":\"https:\\\/\\\/informelitoral.com.ar\\\/#website\",\"url\":\"https:\\\/\\\/informelitoral.com.ar\\\/\",\"name\":\"Informe Litoral\",\"description\":\"&quot;Nos informamos&quot; \",\"publisher\":{\"@id\":\"https:\\\/\\\/informelitoral.com.ar\\\/#organization\"},\"potentialAction\":[{\"@type\":\"SearchAction\",\"target\":{\"@type\":\"EntryPoint\",\"urlTemplate\":\"https:\\\/\\\/informelitoral.com.ar\\\/?s={search_term_string}\"},\"query-input\":{\"@type\":\"PropertyValueSpecification\",\"valueRequired\":true,\"valueName\":\"search_term_string\"}}],\"inLanguage\":\"es\"},{\"@type\":\"Organization\",\"@id\":\"https:\\\/\\\/informelitoral.com.ar\\\/#organization\",\"name\":\"Informe Litoral\",\"url\":\"https:\\\/\\\/informelitoral.com.ar\\\/\",\"logo\":{\"@type\":\"ImageObject\",\"inLanguage\":\"es\",\"@id\":\"https:\\\/\\\/informelitoral.com.ar\\\/#\\\/schema\\\/logo\\\/image\\\/\",\"url\":\"https:\\\/\\\/informelitoral.com.ar\\\/%77%70%2d%63%6f%6e%74%65%6e%74\\\/uploads\\\/2021\\\/01\\\/circulo.png\",\"contentUrl\":\"https:\\\/\\\/informelitoral.com.ar\\\/%77%70%2d%63%6f%6e%74%65%6e%74\\\/uploads\\\/2021\\\/01\\\/circulo.png\",\"width\":723,\"height\":731,\"caption\":\"Informe Litoral\"},\"image\":{\"@id\":\"https:\\\/\\\/informelitoral.com.ar\\\/#\\\/schema\\\/logo\\\/image\\\/\"},\"sameAs\":[\"https:\\\/\\\/www.facebook.com\\\/informelitoral\\\/\",\"https:\\\/\\\/x.com\\\/InformeLitoral\",\"https:\\\/\\\/www.instagram.com\\\/informelitoral\\\/\",\"https:\\\/\\\/www.youtube.com\\\/channel\\\/UCua4Qvz8Icb6MYqhoq9xLXw\"]},{\"@type\":\"Person\",\"@id\":\"https:\\\/\\\/informelitoral.com.ar\\\/#\\\/schema\\\/person\\\/b9d00407c836482871ef1d57bf8e3180\",\"name\":\"Gonzalo Schmidt\",\"image\":{\"@type\":\"ImageObject\",\"inLanguage\":\"es\",\"@id\":\"https:\\\/\\\/secure.gravatar.com\\\/avatar\\\/31a1a7b66ff2de83bd0e9fd79d026630d2d99e55e8bfe501287647b4fd9743de?s=96&d=mm&r=g\",\"url\":\"https:\\\/\\\/secure.gravatar.com\\\/avatar\\\/31a1a7b66ff2de83bd0e9fd79d026630d2d99e55e8bfe501287647b4fd9743de?s=96&d=mm&r=g\",\"contentUrl\":\"https:\\\/\\\/secure.gravatar.com\\\/avatar\\\/31a1a7b66ff2de83bd0e9fd79d026630d2d99e55e8bfe501287647b4fd9743de?s=96&d=mm&r=g\",\"caption\":\"Gonzalo Schmidt\"},\"description\":\"Sitio web de noticias de la provincia de Entre R\u00edos, Argentina. Informaci\u00f3n y entretenimiento. Informe Litoral, nos informamos.\",\"sameAs\":[\"http:\\\/\\\/www.isletasnoticias.com.ar\"],\"url\":\"https:\\\/\\\/informelitoral.com.ar\\\/author\\\/gonzalo\\\/\"}]}<\/script>","yoast_head_json":{"title":"Alertan por el r\u00e1pido avance de enfermedades en trigo - Informe Litoral","robots":{"index":"index","follow":"follow","max-snippet":"max-snippet:-1","max-image-preview":"max-image-preview:large","max-video-preview":"max-video-preview:-1"},"canonical":"https:\/\/informelitoral.com.ar\/alertan-por-el-rapido-avance-de-enfermedades-en-trigo\/","og_locale":"es_ES","og_type":"article","og_title":"Alertan por el r\u00e1pido avance de enfermedades en trigo - Informe Litoral","og_description":"Las lluvias y las altas temperaturas invernales generaron una repentina aparici&oacute;n de enfermedades tales como la Mancha amarilla y Roya amarilla en la zona n&uacute;cleo. En Buenos Aires, La Pampa, sur de Santa Fe y sur de C&oacute;rdoba, los excesos h&iacute;dricos provocaron una disminuci&oacute;n de 150.000 hect&aacute;reas, lo que ha dejado un &aacute;rea efectiva de [&hellip;]","og_url":"https:\/\/informelitoral.com.ar\/alertan-por-el-rapido-avance-de-enfermedades-en-trigo\/","og_site_name":"Informe Litoral","article_publisher":"https:\/\/www.facebook.com\/informelitoral\/","article_published_time":"2017-09-27T15:35:55+00:00","og_image":[{"width":631,"height":280,"url":"https:\/\/informelitoral.com.ar\/%77%70%2d%63%6f%6e%74%65%6e%74\/uploads\/2017\/09\/roya-trigo-631-280-631-965622232857.jpg","type":"image\/jpeg"}],"author":"Gonzalo Schmidt","twitter_card":"summary_large_image","twitter_creator":"@InformeLitoral","twitter_site":"@InformeLitoral","twitter_misc":{"Escrito por":"Gonzalo Schmidt","Tiempo de lectura":"3 minutos"},"schema":{"@context":"https:\/\/schema.org","@graph":[{"@type":"Article","@id":"https:\/\/informelitoral.com.ar\/alertan-por-el-rapido-avance-de-enfermedades-en-trigo\/#article","isPartOf":{"@id":"https:\/\/informelitoral.com.ar\/alertan-por-el-rapido-avance-de-enfermedades-en-trigo\/"},"author":{"name":"Gonzalo Schmidt","@id":"https:\/\/informelitoral.com.ar\/#\/schema\/person\/b9d00407c836482871ef1d57bf8e3180"},"headline":"Alertan por el r\u00e1pido avance de enfermedades en trigo","datePublished":"2017-09-27T15:35:55+00:00","mainEntityOfPage":{"@id":"https:\/\/informelitoral.com.ar\/alertan-por-el-rapido-avance-de-enfermedades-en-trigo\/"},"wordCount":606,"commentCount":0,"publisher":{"@id":"https:\/\/informelitoral.com.ar\/#organization"},"image":{"@id":"https:\/\/informelitoral.com.ar\/alertan-por-el-rapido-avance-de-enfermedades-en-trigo\/#primaryimage"},"thumbnailUrl":"http:\/\/www.isletasnoticias.com.ar\/%77%70%2d%63%6f%6e%74%65%6e%74\/uploads\/2017\/09\/roya-trigo-631-280-631-965622232857.jpg","articleSection":["Campo"],"inLanguage":"es","potentialAction":[{"@type":"CommentAction","name":"Comment","target":["https:\/\/informelitoral.com.ar\/alertan-por-el-rapido-avance-de-enfermedades-en-trigo\/#respond"]}]},{"@type":"WebPage","@id":"https:\/\/informelitoral.com.ar\/alertan-por-el-rapido-avance-de-enfermedades-en-trigo\/","url":"https:\/\/informelitoral.com.ar\/alertan-por-el-rapido-avance-de-enfermedades-en-trigo\/","name":"Alertan por el r\u00e1pido avance de enfermedades en trigo - Informe Litoral","isPartOf":{"@id":"https:\/\/informelitoral.com.ar\/#website"},"primaryImageOfPage":{"@id":"https:\/\/informelitoral.com.ar\/alertan-por-el-rapido-avance-de-enfermedades-en-trigo\/#primaryimage"},"image":{"@id":"https:\/\/informelitoral.com.ar\/alertan-por-el-rapido-avance-de-enfermedades-en-trigo\/#primaryimage"},"thumbnailUrl":"http:\/\/www.isletasnoticias.com.ar\/%77%70%2d%63%6f%6e%74%65%6e%74\/uploads\/2017\/09\/roya-trigo-631-280-631-965622232857.jpg","datePublished":"2017-09-27T15:35:55+00:00","breadcrumb":{"@id":"https:\/\/informelitoral.com.ar\/alertan-por-el-rapido-avance-de-enfermedades-en-trigo\/#breadcrumb"},"inLanguage":"es","potentialAction":[{"@type":"ReadAction","target":["https:\/\/informelitoral.com.ar\/alertan-por-el-rapido-avance-de-enfermedades-en-trigo\/"]}]},{"@type":"ImageObject","inLanguage":"es","@id":"https:\/\/informelitoral.com.ar\/alertan-por-el-rapido-avance-de-enfermedades-en-trigo\/#primaryimage","url":"http:\/\/www.isletasnoticias.com.ar\/%77%70%2d%63%6f%6e%74%65%6e%74\/uploads\/2017\/09\/roya-trigo-631-280-631-965622232857.jpg","contentUrl":"http:\/\/www.isletasnoticias.com.ar\/%77%70%2d%63%6f%6e%74%65%6e%74\/uploads\/2017\/09\/roya-trigo-631-280-631-965622232857.jpg"},{"@type":"BreadcrumbList","@id":"https:\/\/informelitoral.com.ar\/alertan-por-el-rapido-avance-de-enfermedades-en-trigo\/#breadcrumb","itemListElement":[{"@type":"ListItem","position":1,"name":"Portada","item":"https:\/\/informelitoral.com.ar\/"},{"@type":"ListItem","position":2,"name":"Alertan por el r\u00e1pido avance de enfermedades en trigo"}]},{"@type":"WebSite","@id":"https:\/\/informelitoral.com.ar\/#website","url":"https:\/\/informelitoral.com.ar\/","name":"Informe Litoral","description":"&quot;Nos informamos&quot; ","publisher":{"@id":"https:\/\/informelitoral.com.ar\/#organization"},"potentialAction":[{"@type":"SearchAction","target":{"@type":"EntryPoint","urlTemplate":"https:\/\/informelitoral.com.ar\/?s={search_term_string}"},"query-input":{"@type":"PropertyValueSpecification","valueRequired":true,"valueName":"search_term_string"}}],"inLanguage":"es"},{"@type":"Organization","@id":"https:\/\/informelitoral.com.ar\/#organization","name":"Informe Litoral","url":"https:\/\/informelitoral.com.ar\/","logo":{"@type":"ImageObject","inLanguage":"es","@id":"https:\/\/informelitoral.com.ar\/#\/schema\/logo\/image\/","url":"https:\/\/informelitoral.com.ar\/%77%70%2d%63%6f%6e%74%65%6e%74\/uploads\/2021\/01\/circulo.png","contentUrl":"https:\/\/informelitoral.com.ar\/%77%70%2d%63%6f%6e%74%65%6e%74\/uploads\/2021\/01\/circulo.png","width":723,"height":731,"caption":"Informe Litoral"},"image":{"@id":"https:\/\/informelitoral.com.ar\/#\/schema\/logo\/image\/"},"sameAs":["https:\/\/www.facebook.com\/informelitoral\/","https:\/\/x.com\/InformeLitoral","https:\/\/www.instagram.com\/informelitoral\/","https:\/\/www.youtube.com\/channel\/UCua4Qvz8Icb6MYqhoq9xLXw"]},{"@type":"Person","@id":"https:\/\/informelitoral.com.ar\/#\/schema\/person\/b9d00407c836482871ef1d57bf8e3180","name":"Gonzalo Schmidt","image":{"@type":"ImageObject","inLanguage":"es","@id":"https:\/\/secure.gravatar.com\/avatar\/31a1a7b66ff2de83bd0e9fd79d026630d2d99e55e8bfe501287647b4fd9743de?s=96&d=mm&r=g","url":"https:\/\/secure.gravatar.com\/avatar\/31a1a7b66ff2de83bd0e9fd79d026630d2d99e55e8bfe501287647b4fd9743de?s=96&d=mm&r=g","contentUrl":"https:\/\/secure.gravatar.com\/avatar\/31a1a7b66ff2de83bd0e9fd79d026630d2d99e55e8bfe501287647b4fd9743de?s=96&d=mm&r=g","caption":"Gonzalo Schmidt"},"description":"Sitio web de noticias de la provincia de Entre R\u00edos, Argentina. Informaci\u00f3n y entretenimiento. Informe Litoral, nos informamos.","sameAs":["http:\/\/www.isletasnoticias.com.ar"],"url":"https:\/\/informelitoral.com.ar\/author\/gonzalo\/"}]}},"_links":{"self":[{"href":"https:\/\/informelitoral.com.ar\/%77%70%2d%6a%73%6f%6e\/wp\/v2\/posts\/23206","targetHints":{"allow":["GET"]}}],"collection":[{"href":"https:\/\/informelitoral.com.ar\/%77%70%2d%6a%73%6f%6e\/wp\/v2\/posts"}],"about":[{"href":"https:\/\/informelitoral.com.ar\/%77%70%2d%6a%73%6f%6e\/wp\/v2\/types\/post"}],"author":[{"embeddable":true,"href":"https:\/\/informelitoral.com.ar\/%77%70%2d%6a%73%6f%6e\/wp\/v2\/users\/2"}],"replies":[{"embeddable":true,"href":"https:\/\/informelitoral.com.ar\/%77%70%2d%6a%73%6f%6e\/wp\/v2\/comments?post=23206"}],"version-history":[{"count":0,"href":"https:\/\/informelitoral.com.ar\/%77%70%2d%6a%73%6f%6e\/wp\/v2\/posts\/23206\/revisions"}],"wp:attachment":[{"href":"https:\/\/informelitoral.com.ar\/%77%70%2d%6a%73%6f%6e\/wp\/v2\/media?parent=23206"}],"wp:term":[{"taxonomy":"category","embeddable":true,"href":"https:\/\/informelitoral.com.ar\/%77%70%2d%6a%73%6f%6e\/wp\/v2\/categories?post=23206"},{"taxonomy":"post_tag","embeddable":true,"href":"https:\/\/informelitoral.com.ar\/%77%70%2d%6a%73%6f%6e\/wp\/v2\/tags?post=23206"}],"curies":[{"name":"wp","href":"https:\/\/api.w.org\/{rel}","templated":true}]}}