{"id":23202,"date":"2017-09-27T12:28:01","date_gmt":"2017-09-27T15:28:01","guid":{"rendered":"http:\/\/www.isletasnoticias.com.ar\/?p=23202"},"modified":"2017-09-27T12:28:01","modified_gmt":"2017-09-27T15:28:01","slug":"por-que-es-feriado-el-viernes-en-entre-rios","status":"publish","type":"post","link":"https:\/\/informelitoral.com.ar\/por-que-es-feriado-el-viernes-en-entre-rios\/","title":{"rendered":"\u00bfPor qu\u00e9 es feriado el viernes en Entre R\u00edos?"},"content":{"rendered":"<div class=\"herramientas fin-nota\">\n<div class=\"advthis\">\n<p><strong>Este viernes, la administraci\u00f3n p\u00fablica y municipal de\u00a0cada localidad entrerriana tendr\u00e1 feriado. Adem\u00e1s, ser\u00e1 optativo para el empleador de comercio, industrias y servicios. El motivo:\u00a0San Miguel de Arc\u00e1ngel.<a href=\"http:\/\/www.isletasnoticias.com.ar\/%77%70%2d%63%6f%6e%74%65%6e%74\/uploads\/2017\/09\/SAN-MIGUEL.jpg\"><img loading=\"lazy\" decoding=\"async\" class=\"aligncenter wp-image-23203 size-full\" src=\"http:\/\/www.isletasnoticias.com.ar\/%77%70%2d%63%6f%6e%74%65%6e%74\/uploads\/2017\/09\/SAN-MIGUEL.jpg\" alt=\"\" width=\"792\" height=\"492\" srcset=\"https:\/\/informelitoral.com.ar\/%77%70%2d%63%6f%6e%74%65%6e%74\/uploads\/2017\/09\/SAN-MIGUEL.jpg 792w, https:\/\/informelitoral.com.ar\/%77%70%2d%63%6f%6e%74%65%6e%74\/uploads\/2017\/09\/SAN-MIGUEL-300x186.jpg 300w, https:\/\/informelitoral.com.ar\/%77%70%2d%63%6f%6e%74%65%6e%74\/uploads\/2017\/09\/SAN-MIGUEL-768x477.jpg 768w\" sizes=\"auto, (max-width: 792px) 100vw, 792px\" \/><\/a><\/strong><\/p>\n<p>En tiempos coloniales era una tradici\u00f3n cristiana la de\u00a0<strong>poner a cada pueblo bajo la protecci\u00f3n de un santo patrono<\/strong>. La decisi\u00f3n en Entre R\u00edos\u00a0<strong>lleg\u00f3 en 1825<\/strong>, cuando la elecci\u00f3n recay\u00f3 en San Miguel. El patrono entrerriano es representado con el traje de Guerrero o de Soldado Centuri\u00f3n como Pr\u00edncipe de la Milicia Celestial.\u00a0<strong>Es uno de los siete arc\u00e1ngeles<\/strong>\u00a0y\u00a0<strong>est\u00e1 entre los tres cuyos nombres aparecen en la Biblia<\/strong>\u00a0-los restantes son Gabriel y Rafael-.<\/p>\n<p>Su relaci\u00f3n con la provincia\u00a0<strong>surge en 1822<\/strong>\u00a0cuando\u00a0<strong>por iniciativa del cura Antol\u00edn Gil y Obligado se erigi\u00f3 en Paran\u00e1 la primera capilla en su honor<\/strong>. Se trata de la iglesia m\u00e1s antigua de la capital entrerriana y, en su momento,\u00a0<strong>fue iglesia matriz<\/strong>. Tambi\u00e9n tuvo su nombre la primera estancia jesu\u00edtica que dio origen a la ciudad de Paran\u00e1.<\/p>\n<p>En 1825 la devoci\u00f3n por San Miguel y la Virgen del Rosario era tal que\u00a0<strong>el de\u00e1n Francisco Dionisio \u00c1lvarez llam\u00f3 a la feligres\u00eda a una votaci\u00f3n<\/strong>\u00a0para determinar cu\u00e1l santo ser\u00eda patrono de la provincia y cual de Paran\u00e1. Fue el\u00a0<strong>1 de enero de ese a\u00f1o<\/strong>, en la plaza c\u00e9ntrica de Paran\u00e1 que\u00a0<strong>San Miguel result\u00f3 electo<\/strong>\u00a0patrono de Entre R\u00edos.<\/p>\n<p>Como dato aleda\u00f1o, las cr\u00f3nicas de aquel entonces marcan a este hecho como la\u00a0<strong>primera elecci\u00f3n democr\u00e1tica con la participaci\u00f3n de todo el pueblo<\/strong>. La virgen del Rosario, finalmente, fue elegida como la patrona de la ciudad, que entonces se llamaba Villa de Nuestra Se\u00f1ora del Rosario de la Baxada del Paran\u00e1.<\/p>\n<p>En 1851, el Papa P\u00edo IX confirm\u00f3 a San Miguel de Arc\u00e1ngel como Patrono de Entre R\u00edos.<\/p>\n<p><em>(Fuente: Sedes Sapientiae. Ilustraci\u00f3n: La Gazeta de Concordia)<\/em><\/p>\n<\/div>\n<\/div>\n","protected":false},"excerpt":{"rendered":"<p>Este viernes, la administraci&oacute;n p&uacute;blica y municipal de&nbsp;cada localidad entrerriana tendr&aacute; feriado. Adem&aacute;s, ser&aacute; optativo para el empleador de comercio, industrias y servicios. El motivo:&nbsp;San Miguel de Arc&aacute;ngel. En tiempos coloniales era una tradici&oacute;n cristiana la de&nbsp;poner a cada pueblo bajo la protecci&oacute;n de un santo patrono. La decisi&oacute;n en Entre R&iacute;os&nbsp;lleg&oacute; en 1825, cuando [&hellip;]<\/p>\n","protected":false},"author":2,"featured_media":0,"comment_status":"open","ping_status":"open","sticky":false,"template":"","format":"standard","meta":{"fifu_image_url":"","fifu_image_alt":"","footnotes":""},"categories":[6,9],"tags":[],"class_list":{"0":"post-23202","1":"post","2":"type-post","3":"status-publish","4":"format-standard","6":"category-entre-rios","7":"category-sociedad"},"yoast_head":"<title>\u00bfPor qu\u00e9 es feriado el viernes en Entre R\u00edos? - Informe Litoral<\/title>\n<meta name=\"robots\" content=\"index, follow, max-snippet:-1, max-image-preview:large, max-video-preview:-1\" \/>\n<link rel=\"canonical\" href=\"https:\/\/informelitoral.com.ar\/por-que-es-feriado-el-viernes-en-entre-rios\/\" \/>\n<meta property=\"og:locale\" content=\"es_ES\" \/>\n<meta property=\"og:type\" content=\"article\" \/>\n<meta property=\"og:title\" content=\"\u00bfPor qu\u00e9 es feriado el viernes en Entre R\u00edos? - Informe Litoral\" \/>\n<meta property=\"og:description\" content=\"Este viernes, la administraci&oacute;n p&uacute;blica y municipal de&nbsp;cada localidad entrerriana tendr&aacute; feriado. Adem&aacute;s, ser&aacute; optativo para el empleador de comercio, industrias y servicios. El motivo:&nbsp;San Miguel de Arc&aacute;ngel. En tiempos coloniales era una tradici&oacute;n cristiana la de&nbsp;poner a cada pueblo bajo la protecci&oacute;n de un santo patrono. La decisi&oacute;n en Entre R&iacute;os&nbsp;lleg&oacute; en 1825, cuando [&hellip;]\" \/>\n<meta property=\"og:url\" content=\"https:\/\/informelitoral.com.ar\/por-que-es-feriado-el-viernes-en-entre-rios\/\" \/>\n<meta property=\"og:site_name\" content=\"Informe Litoral\" \/>\n<meta property=\"article:publisher\" content=\"https:\/\/www.facebook.com\/informelitoral\/\" \/>\n<meta property=\"article:published_time\" content=\"2017-09-27T15:28:01+00:00\" \/>\n<meta property=\"og:image\" content=\"https:\/\/informelitoral.com.ar\/%77%70%2d%63%6f%6e%74%65%6e%74\/uploads\/2017\/09\/SAN-MIGUEL.jpg\" \/>\n\t<meta property=\"og:image:width\" content=\"792\" \/>\n\t<meta property=\"og:image:height\" content=\"492\" \/>\n\t<meta property=\"og:image:type\" content=\"image\/jpeg\" \/>\n<meta name=\"author\" content=\"Gonzalo Schmidt\" \/>\n<meta name=\"twitter:card\" content=\"summary_large_image\" \/>\n<meta name=\"twitter:creator\" content=\"@InformeLitoral\" \/>\n<meta name=\"twitter:site\" content=\"@InformeLitoral\" \/>\n<meta name=\"twitter:label1\" content=\"Escrito por\" \/>\n\t<meta name=\"twitter:data1\" content=\"Gonzalo Schmidt\" \/>\n\t<meta name=\"twitter:label2\" content=\"Tiempo de lectura\" \/>\n\t<meta name=\"twitter:data2\" content=\"2 minutos\" \/>\n<script type=\"application\/ld+json\" class=\"yoast-schema-graph\">{\"@context\":\"https:\\\/\\\/schema.org\",\"@graph\":[{\"@type\":\"Article\",\"@id\":\"https:\\\/\\\/informelitoral.com.ar\\\/por-que-es-feriado-el-viernes-en-entre-rios\\\/#article\",\"isPartOf\":{\"@id\":\"https:\\\/\\\/informelitoral.com.ar\\\/por-que-es-feriado-el-viernes-en-entre-rios\\\/\"},\"author\":{\"name\":\"Gonzalo Schmidt\",\"@id\":\"https:\\\/\\\/informelitoral.com.ar\\\/#\\\/schema\\\/person\\\/b9d00407c836482871ef1d57bf8e3180\"},\"headline\":\"\u00bfPor qu\u00e9 es feriado el viernes en Entre R\u00edos?\",\"datePublished\":\"2017-09-27T15:28:01+00:00\",\"mainEntityOfPage\":{\"@id\":\"https:\\\/\\\/informelitoral.com.ar\\\/por-que-es-feriado-el-viernes-en-entre-rios\\\/\"},\"wordCount\":350,\"commentCount\":0,\"publisher\":{\"@id\":\"https:\\\/\\\/informelitoral.com.ar\\\/#organization\"},\"image\":{\"@id\":\"https:\\\/\\\/informelitoral.com.ar\\\/por-que-es-feriado-el-viernes-en-entre-rios\\\/#primaryimage\"},\"thumbnailUrl\":\"http:\\\/\\\/www.isletasnoticias.com.ar\\\/%77%70%2d%63%6f%6e%74%65%6e%74\\\/uploads\\\/2017\\\/09\\\/SAN-MIGUEL.jpg\",\"articleSection\":[\"Entre R\u00edos\",\"Sociedad\"],\"inLanguage\":\"es\",\"potentialAction\":[{\"@type\":\"CommentAction\",\"name\":\"Comment\",\"target\":[\"https:\\\/\\\/informelitoral.com.ar\\\/por-que-es-feriado-el-viernes-en-entre-rios\\\/#respond\"]}]},{\"@type\":\"WebPage\",\"@id\":\"https:\\\/\\\/informelitoral.com.ar\\\/por-que-es-feriado-el-viernes-en-entre-rios\\\/\",\"url\":\"https:\\\/\\\/informelitoral.com.ar\\\/por-que-es-feriado-el-viernes-en-entre-rios\\\/\",\"name\":\"\u00bfPor qu\u00e9 es feriado el viernes en Entre R\u00edos? - Informe Litoral\",\"isPartOf\":{\"@id\":\"https:\\\/\\\/informelitoral.com.ar\\\/#website\"},\"primaryImageOfPage\":{\"@id\":\"https:\\\/\\\/informelitoral.com.ar\\\/por-que-es-feriado-el-viernes-en-entre-rios\\\/#primaryimage\"},\"image\":{\"@id\":\"https:\\\/\\\/informelitoral.com.ar\\\/por-que-es-feriado-el-viernes-en-entre-rios\\\/#primaryimage\"},\"thumbnailUrl\":\"http:\\\/\\\/www.isletasnoticias.com.ar\\\/%77%70%2d%63%6f%6e%74%65%6e%74\\\/uploads\\\/2017\\\/09\\\/SAN-MIGUEL.jpg\",\"datePublished\":\"2017-09-27T15:28:01+00:00\",\"breadcrumb\":{\"@id\":\"https:\\\/\\\/informelitoral.com.ar\\\/por-que-es-feriado-el-viernes-en-entre-rios\\\/#breadcrumb\"},\"inLanguage\":\"es\",\"potentialAction\":[{\"@type\":\"ReadAction\",\"target\":[\"https:\\\/\\\/informelitoral.com.ar\\\/por-que-es-feriado-el-viernes-en-entre-rios\\\/\"]}]},{\"@type\":\"ImageObject\",\"inLanguage\":\"es\",\"@id\":\"https:\\\/\\\/informelitoral.com.ar\\\/por-que-es-feriado-el-viernes-en-entre-rios\\\/#primaryimage\",\"url\":\"http:\\\/\\\/www.isletasnoticias.com.ar\\\/%77%70%2d%63%6f%6e%74%65%6e%74\\\/uploads\\\/2017\\\/09\\\/SAN-MIGUEL.jpg\",\"contentUrl\":\"http:\\\/\\\/www.isletasnoticias.com.ar\\\/%77%70%2d%63%6f%6e%74%65%6e%74\\\/uploads\\\/2017\\\/09\\\/SAN-MIGUEL.jpg\"},{\"@type\":\"BreadcrumbList\",\"@id\":\"https:\\\/\\\/informelitoral.com.ar\\\/por-que-es-feriado-el-viernes-en-entre-rios\\\/#breadcrumb\",\"itemListElement\":[{\"@type\":\"ListItem\",\"position\":1,\"name\":\"Portada\",\"item\":\"https:\\\/\\\/informelitoral.com.ar\\\/\"},{\"@type\":\"ListItem\",\"position\":2,\"name\":\"\u00bfPor qu\u00e9 es feriado el viernes en Entre R\u00edos?\"}]},{\"@type\":\"WebSite\",\"@id\":\"https:\\\/\\\/informelitoral.com.ar\\\/#website\",\"url\":\"https:\\\/\\\/informelitoral.com.ar\\\/\",\"name\":\"Informe Litoral\",\"description\":\"&quot;Nos informamos&quot; \",\"publisher\":{\"@id\":\"https:\\\/\\\/informelitoral.com.ar\\\/#organization\"},\"potentialAction\":[{\"@type\":\"SearchAction\",\"target\":{\"@type\":\"EntryPoint\",\"urlTemplate\":\"https:\\\/\\\/informelitoral.com.ar\\\/?s={search_term_string}\"},\"query-input\":{\"@type\":\"PropertyValueSpecification\",\"valueRequired\":true,\"valueName\":\"search_term_string\"}}],\"inLanguage\":\"es\"},{\"@type\":\"Organization\",\"@id\":\"https:\\\/\\\/informelitoral.com.ar\\\/#organization\",\"name\":\"Informe Litoral\",\"url\":\"https:\\\/\\\/informelitoral.com.ar\\\/\",\"logo\":{\"@type\":\"ImageObject\",\"inLanguage\":\"es\",\"@id\":\"https:\\\/\\\/informelitoral.com.ar\\\/#\\\/schema\\\/logo\\\/image\\\/\",\"url\":\"https:\\\/\\\/informelitoral.com.ar\\\/%77%70%2d%63%6f%6e%74%65%6e%74\\\/uploads\\\/2021\\\/01\\\/circulo.png\",\"contentUrl\":\"https:\\\/\\\/informelitoral.com.ar\\\/%77%70%2d%63%6f%6e%74%65%6e%74\\\/uploads\\\/2021\\\/01\\\/circulo.png\",\"width\":723,\"height\":731,\"caption\":\"Informe Litoral\"},\"image\":{\"@id\":\"https:\\\/\\\/informelitoral.com.ar\\\/#\\\/schema\\\/logo\\\/image\\\/\"},\"sameAs\":[\"https:\\\/\\\/www.facebook.com\\\/informelitoral\\\/\",\"https:\\\/\\\/x.com\\\/InformeLitoral\",\"https:\\\/\\\/www.instagram.com\\\/informelitoral\\\/\",\"https:\\\/\\\/www.youtube.com\\\/channel\\\/UCua4Qvz8Icb6MYqhoq9xLXw\"]},{\"@type\":\"Person\",\"@id\":\"https:\\\/\\\/informelitoral.com.ar\\\/#\\\/schema\\\/person\\\/b9d00407c836482871ef1d57bf8e3180\",\"name\":\"Gonzalo Schmidt\",\"image\":{\"@type\":\"ImageObject\",\"inLanguage\":\"es\",\"@id\":\"https:\\\/\\\/secure.gravatar.com\\\/avatar\\\/31a1a7b66ff2de83bd0e9fd79d026630d2d99e55e8bfe501287647b4fd9743de?s=96&d=mm&r=g\",\"url\":\"https:\\\/\\\/secure.gravatar.com\\\/avatar\\\/31a1a7b66ff2de83bd0e9fd79d026630d2d99e55e8bfe501287647b4fd9743de?s=96&d=mm&r=g\",\"contentUrl\":\"https:\\\/\\\/secure.gravatar.com\\\/avatar\\\/31a1a7b66ff2de83bd0e9fd79d026630d2d99e55e8bfe501287647b4fd9743de?s=96&d=mm&r=g\",\"caption\":\"Gonzalo Schmidt\"},\"description\":\"Sitio web de noticias de la provincia de Entre R\u00edos, Argentina. Informaci\u00f3n y entretenimiento. Informe Litoral, nos informamos.\",\"sameAs\":[\"http:\\\/\\\/www.isletasnoticias.com.ar\"],\"url\":\"https:\\\/\\\/informelitoral.com.ar\\\/author\\\/gonzalo\\\/\"}]}<\/script>","yoast_head_json":{"title":"\u00bfPor qu\u00e9 es feriado el viernes en Entre R\u00edos? - Informe Litoral","robots":{"index":"index","follow":"follow","max-snippet":"max-snippet:-1","max-image-preview":"max-image-preview:large","max-video-preview":"max-video-preview:-1"},"canonical":"https:\/\/informelitoral.com.ar\/por-que-es-feriado-el-viernes-en-entre-rios\/","og_locale":"es_ES","og_type":"article","og_title":"\u00bfPor qu\u00e9 es feriado el viernes en Entre R\u00edos? - Informe Litoral","og_description":"Este viernes, la administraci&oacute;n p&uacute;blica y municipal de&nbsp;cada localidad entrerriana tendr&aacute; feriado. Adem&aacute;s, ser&aacute; optativo para el empleador de comercio, industrias y servicios. El motivo:&nbsp;San Miguel de Arc&aacute;ngel. En tiempos coloniales era una tradici&oacute;n cristiana la de&nbsp;poner a cada pueblo bajo la protecci&oacute;n de un santo patrono. La decisi&oacute;n en Entre R&iacute;os&nbsp;lleg&oacute; en 1825, cuando [&hellip;]","og_url":"https:\/\/informelitoral.com.ar\/por-que-es-feriado-el-viernes-en-entre-rios\/","og_site_name":"Informe Litoral","article_publisher":"https:\/\/www.facebook.com\/informelitoral\/","article_published_time":"2017-09-27T15:28:01+00:00","og_image":[{"width":792,"height":492,"url":"https:\/\/informelitoral.com.ar\/%77%70%2d%63%6f%6e%74%65%6e%74\/uploads\/2017\/09\/SAN-MIGUEL.jpg","type":"image\/jpeg"}],"author":"Gonzalo Schmidt","twitter_card":"summary_large_image","twitter_creator":"@InformeLitoral","twitter_site":"@InformeLitoral","twitter_misc":{"Escrito por":"Gonzalo Schmidt","Tiempo de lectura":"2 minutos"},"schema":{"@context":"https:\/\/schema.org","@graph":[{"@type":"Article","@id":"https:\/\/informelitoral.com.ar\/por-que-es-feriado-el-viernes-en-entre-rios\/#article","isPartOf":{"@id":"https:\/\/informelitoral.com.ar\/por-que-es-feriado-el-viernes-en-entre-rios\/"},"author":{"name":"Gonzalo Schmidt","@id":"https:\/\/informelitoral.com.ar\/#\/schema\/person\/b9d00407c836482871ef1d57bf8e3180"},"headline":"\u00bfPor qu\u00e9 es feriado el viernes en Entre R\u00edos?","datePublished":"2017-09-27T15:28:01+00:00","mainEntityOfPage":{"@id":"https:\/\/informelitoral.com.ar\/por-que-es-feriado-el-viernes-en-entre-rios\/"},"wordCount":350,"commentCount":0,"publisher":{"@id":"https:\/\/informelitoral.com.ar\/#organization"},"image":{"@id":"https:\/\/informelitoral.com.ar\/por-que-es-feriado-el-viernes-en-entre-rios\/#primaryimage"},"thumbnailUrl":"http:\/\/www.isletasnoticias.com.ar\/%77%70%2d%63%6f%6e%74%65%6e%74\/uploads\/2017\/09\/SAN-MIGUEL.jpg","articleSection":["Entre R\u00edos","Sociedad"],"inLanguage":"es","potentialAction":[{"@type":"CommentAction","name":"Comment","target":["https:\/\/informelitoral.com.ar\/por-que-es-feriado-el-viernes-en-entre-rios\/#respond"]}]},{"@type":"WebPage","@id":"https:\/\/informelitoral.com.ar\/por-que-es-feriado-el-viernes-en-entre-rios\/","url":"https:\/\/informelitoral.com.ar\/por-que-es-feriado-el-viernes-en-entre-rios\/","name":"\u00bfPor qu\u00e9 es feriado el viernes en Entre R\u00edos? - Informe Litoral","isPartOf":{"@id":"https:\/\/informelitoral.com.ar\/#website"},"primaryImageOfPage":{"@id":"https:\/\/informelitoral.com.ar\/por-que-es-feriado-el-viernes-en-entre-rios\/#primaryimage"},"image":{"@id":"https:\/\/informelitoral.com.ar\/por-que-es-feriado-el-viernes-en-entre-rios\/#primaryimage"},"thumbnailUrl":"http:\/\/www.isletasnoticias.com.ar\/%77%70%2d%63%6f%6e%74%65%6e%74\/uploads\/2017\/09\/SAN-MIGUEL.jpg","datePublished":"2017-09-27T15:28:01+00:00","breadcrumb":{"@id":"https:\/\/informelitoral.com.ar\/por-que-es-feriado-el-viernes-en-entre-rios\/#breadcrumb"},"inLanguage":"es","potentialAction":[{"@type":"ReadAction","target":["https:\/\/informelitoral.com.ar\/por-que-es-feriado-el-viernes-en-entre-rios\/"]}]},{"@type":"ImageObject","inLanguage":"es","@id":"https:\/\/informelitoral.com.ar\/por-que-es-feriado-el-viernes-en-entre-rios\/#primaryimage","url":"http:\/\/www.isletasnoticias.com.ar\/%77%70%2d%63%6f%6e%74%65%6e%74\/uploads\/2017\/09\/SAN-MIGUEL.jpg","contentUrl":"http:\/\/www.isletasnoticias.com.ar\/%77%70%2d%63%6f%6e%74%65%6e%74\/uploads\/2017\/09\/SAN-MIGUEL.jpg"},{"@type":"BreadcrumbList","@id":"https:\/\/informelitoral.com.ar\/por-que-es-feriado-el-viernes-en-entre-rios\/#breadcrumb","itemListElement":[{"@type":"ListItem","position":1,"name":"Portada","item":"https:\/\/informelitoral.com.ar\/"},{"@type":"ListItem","position":2,"name":"\u00bfPor qu\u00e9 es feriado el viernes en Entre R\u00edos?"}]},{"@type":"WebSite","@id":"https:\/\/informelitoral.com.ar\/#website","url":"https:\/\/informelitoral.com.ar\/","name":"Informe Litoral","description":"&quot;Nos informamos&quot; ","publisher":{"@id":"https:\/\/informelitoral.com.ar\/#organization"},"potentialAction":[{"@type":"SearchAction","target":{"@type":"EntryPoint","urlTemplate":"https:\/\/informelitoral.com.ar\/?s={search_term_string}"},"query-input":{"@type":"PropertyValueSpecification","valueRequired":true,"valueName":"search_term_string"}}],"inLanguage":"es"},{"@type":"Organization","@id":"https:\/\/informelitoral.com.ar\/#organization","name":"Informe Litoral","url":"https:\/\/informelitoral.com.ar\/","logo":{"@type":"ImageObject","inLanguage":"es","@id":"https:\/\/informelitoral.com.ar\/#\/schema\/logo\/image\/","url":"https:\/\/informelitoral.com.ar\/%77%70%2d%63%6f%6e%74%65%6e%74\/uploads\/2021\/01\/circulo.png","contentUrl":"https:\/\/informelitoral.com.ar\/%77%70%2d%63%6f%6e%74%65%6e%74\/uploads\/2021\/01\/circulo.png","width":723,"height":731,"caption":"Informe Litoral"},"image":{"@id":"https:\/\/informelitoral.com.ar\/#\/schema\/logo\/image\/"},"sameAs":["https:\/\/www.facebook.com\/informelitoral\/","https:\/\/x.com\/InformeLitoral","https:\/\/www.instagram.com\/informelitoral\/","https:\/\/www.youtube.com\/channel\/UCua4Qvz8Icb6MYqhoq9xLXw"]},{"@type":"Person","@id":"https:\/\/informelitoral.com.ar\/#\/schema\/person\/b9d00407c836482871ef1d57bf8e3180","name":"Gonzalo Schmidt","image":{"@type":"ImageObject","inLanguage":"es","@id":"https:\/\/secure.gravatar.com\/avatar\/31a1a7b66ff2de83bd0e9fd79d026630d2d99e55e8bfe501287647b4fd9743de?s=96&d=mm&r=g","url":"https:\/\/secure.gravatar.com\/avatar\/31a1a7b66ff2de83bd0e9fd79d026630d2d99e55e8bfe501287647b4fd9743de?s=96&d=mm&r=g","contentUrl":"https:\/\/secure.gravatar.com\/avatar\/31a1a7b66ff2de83bd0e9fd79d026630d2d99e55e8bfe501287647b4fd9743de?s=96&d=mm&r=g","caption":"Gonzalo Schmidt"},"description":"Sitio web de noticias de la provincia de Entre R\u00edos, Argentina. Informaci\u00f3n y entretenimiento. Informe Litoral, nos informamos.","sameAs":["http:\/\/www.isletasnoticias.com.ar"],"url":"https:\/\/informelitoral.com.ar\/author\/gonzalo\/"}]}},"_links":{"self":[{"href":"https:\/\/informelitoral.com.ar\/%77%70%2d%6a%73%6f%6e\/wp\/v2\/posts\/23202","targetHints":{"allow":["GET"]}}],"collection":[{"href":"https:\/\/informelitoral.com.ar\/%77%70%2d%6a%73%6f%6e\/wp\/v2\/posts"}],"about":[{"href":"https:\/\/informelitoral.com.ar\/%77%70%2d%6a%73%6f%6e\/wp\/v2\/types\/post"}],"author":[{"embeddable":true,"href":"https:\/\/informelitoral.com.ar\/%77%70%2d%6a%73%6f%6e\/wp\/v2\/users\/2"}],"replies":[{"embeddable":true,"href":"https:\/\/informelitoral.com.ar\/%77%70%2d%6a%73%6f%6e\/wp\/v2\/comments?post=23202"}],"version-history":[{"count":0,"href":"https:\/\/informelitoral.com.ar\/%77%70%2d%6a%73%6f%6e\/wp\/v2\/posts\/23202\/revisions"}],"wp:attachment":[{"href":"https:\/\/informelitoral.com.ar\/%77%70%2d%6a%73%6f%6e\/wp\/v2\/media?parent=23202"}],"wp:term":[{"taxonomy":"category","embeddable":true,"href":"https:\/\/informelitoral.com.ar\/%77%70%2d%6a%73%6f%6e\/wp\/v2\/categories?post=23202"},{"taxonomy":"post_tag","embeddable":true,"href":"https:\/\/informelitoral.com.ar\/%77%70%2d%6a%73%6f%6e\/wp\/v2\/tags?post=23202"}],"curies":[{"name":"wp","href":"https:\/\/api.w.org\/{rel}","templated":true}]}}