{"id":232007,"date":"2025-08-28T08:53:33","date_gmt":"2025-08-28T11:53:33","guid":{"rendered":"https:\/\/informelitoral.com.ar\/?p=232007"},"modified":"2025-08-29T06:23:57","modified_gmt":"2025-08-29T09:23:57","slug":"reactivan-la-obra-de-la-ruta-32-en-entre-rios-con-una-inversion-de-20-000-millones-de-pesos","status":"publish","type":"post","link":"https:\/\/informelitoral.com.ar\/reactivan-la-obra-de-la-ruta-32-en-entre-rios-con-una-inversion-de-20-000-millones-de-pesos\/","title":{"rendered":"Reactivan la obra de la ruta 32 en Entre R\u00edos con una inversi\u00f3n de 20.000 millones de pesos"},"content":{"rendered":"<p>El Gobierno de Entre R\u00edos ha retomado las obras de la <b>Ruta Provincial N\u00b0 32<\/b>, un corredor vial clave para la producci\u00f3n, que conecta las localidades de Crespo, Segu\u00ed, Viale y Tabossi. La intervenci\u00f3n, con una inversi\u00f3n provincial de <b>20.000 millones de pesos<\/b>, busca mejorar significativamente las condiciones de esta v\u00eda que, seg\u00fan las autoridades, se encontraba en un estado deplorable.<\/p>\n<p>El ministro de Planeamiento e Infraestructura, <b>Dar\u00edo Schneider<\/b>, junto al director de Vialidad Provincial, <b>Exequiel Donda<\/b>, supervisaron los trabajos en la rotonda de acceso a Segu\u00ed. Schneider destac\u00f3 el impacto de la obra, se\u00f1alando que hace un a\u00f1o la ruta era intransitable y que su reactivaci\u00f3n se debe a la decisi\u00f3n pol\u00edtica del gobernador Rogelio Frigerio. \u00abPronto comenzar\u00e1n los trabajos espec\u00edficos en la rotonda, antes del aniversario de Segu\u00ed\u00bb, afirm\u00f3 el ministro.<\/p>\n<p>A pesar del complejo contexto econ\u00f3mico, Schneider subray\u00f3 el compromiso de la gesti\u00f3n provincial de recuperar las rutas entrerrianas. Mencion\u00f3 que se han revertido situaciones de obras neutralizadas y que se est\u00e1n administrando los recursos con responsabilidad. Adem\u00e1s de la Ruta 32, se est\u00e1n realizando intervenciones en otras v\u00edas como las rutas 10, 20, 26, 39 y 51.<\/p>\n<p>Por su parte, Exequiel Donda explic\u00f3 que los trabajos se est\u00e1n llevando a cabo con un margen financiero reducido, ajustando la planificaci\u00f3n para seguir avanzando. La obra est\u00e1 a cargo de la empresa <b>Jos\u00e9 Eleuterio Pit\u00f3n SA<\/b> e incluye la repavimentaci\u00f3n, se\u00f1alizaci\u00f3n y mejoras en la infraestructura vial existente.<\/p>\n<p>La Ruta 32 es un corredor estrat\u00e9gico que, adem\u00e1s de conectar localidades importantes, se vincula con rutas nacionales clave como la <b>127, 18 y 12<\/b>, facilitando el acceso a los puertos de Rosario y Diamante, y al aeropuerto de Paran\u00e1. Se espera que esta obra tenga un impacto directo en los sectores productivos y comerciales de la regi\u00f3n, impulsando el desarrollo de la provincia.<\/p>\n","protected":false},"excerpt":{"rendered":"<p>El ministro de Planeamiento e Infraestructura, Dar\u00edo Schneider, y el director de Vialidad Provincial, Exequiel Donda, recorrieron la zona de trabajo.<\/p>\n","protected":false},"author":8,"featured_media":232008,"comment_status":"open","ping_status":"open","sticky":false,"template":"","format":"standard","meta":{"fifu_image_url":"https:\/\/admin.desdeentrerios.com.ar\/wp-content\/uploads\/2025\/08\/Ruta-32.png","fifu_image_alt":"","footnotes":""},"categories":[6],"tags":[81,283,108],"class_list":{"0":"post-232007","1":"post","2":"type-post","3":"status-publish","4":"format-standard","5":"has-post-thumbnail","7":"category-entre-rios","8":"tag-entre-rios","9":"tag-obras","10":"tag-vialidad"},"yoast_head":"<title>Reactivan la obra de la ruta 32 en Entre R\u00edos con una inversi\u00f3n de 20.000 millones de pesos - Informe Litoral<\/title>\n<meta name=\"robots\" content=\"index, follow, max-snippet:-1, max-image-preview:large, max-video-preview:-1\" \/>\n<link rel=\"canonical\" href=\"https:\/\/informelitoral.com.ar\/reactivan-la-obra-de-la-ruta-32-en-entre-rios-con-una-inversion-de-20-000-millones-de-pesos\/\" \/>\n<meta property=\"og:locale\" content=\"es_ES\" \/>\n<meta property=\"og:type\" content=\"article\" \/>\n<meta property=\"og:title\" content=\"Reactivan la obra de la ruta 32 en Entre R\u00edos con una inversi\u00f3n de 20.000 millones de pesos - Informe Litoral\" \/>\n<meta property=\"og:description\" content=\"El ministro de Planeamiento e Infraestructura, Dar\u00edo Schneider, y el director de Vialidad Provincial, Exequiel Donda, recorrieron la zona de trabajo.\" \/>\n<meta property=\"og:url\" content=\"https:\/\/informelitoral.com.ar\/reactivan-la-obra-de-la-ruta-32-en-entre-rios-con-una-inversion-de-20-000-millones-de-pesos\/\" \/>\n<meta property=\"og:site_name\" content=\"Informe Litoral\" \/>\n<meta property=\"article:publisher\" content=\"https:\/\/www.facebook.com\/informelitoral\/\" \/>\n<meta property=\"article:published_time\" content=\"2025-08-28T11:53:33+00:00\" \/>\n<meta property=\"article:modified_time\" content=\"2025-08-29T09:23:57+00:00\" \/>\n<meta property=\"og:image\" content=\"https:\/\/admin.desdeentrerios.com.ar\/%77%70%2d%63%6f%6e%74%65%6e%74\/uploads\/2025\/08\/Ruta-32.png\" \/><meta property=\"og:image\" content=\"https:\/\/admin.desdeentrerios.com.ar\/%77%70%2d%63%6f%6e%74%65%6e%74\/uploads\/2025\/08\/Ruta-32.png\" \/>\n\t<meta property=\"og:image:width\" content=\"852\" \/>\n\t<meta property=\"og:image:height\" content=\"545\" \/>\n\t<meta property=\"og:image:type\" content=\"image\/jpeg\" \/>\n<meta name=\"author\" content=\"Sebastian\" \/>\n<meta name=\"twitter:card\" content=\"summary_large_image\" \/>\n<meta name=\"twitter:image\" content=\"https:\/\/admin.desdeentrerios.com.ar\/%77%70%2d%63%6f%6e%74%65%6e%74\/uploads\/2025\/08\/Ruta-32.png\" \/>\n<meta name=\"twitter:creator\" content=\"@InformeLitoral\" \/>\n<meta name=\"twitter:site\" content=\"@InformeLitoral\" \/>\n<meta name=\"twitter:label1\" content=\"Escrito por\" \/>\n\t<meta name=\"twitter:data1\" content=\"Sebastian\" \/>\n\t<meta name=\"twitter:label2\" content=\"Tiempo de lectura\" \/>\n\t<meta name=\"twitter:data2\" content=\"2 minutos\" \/>\n<script type=\"application\/ld+json\" class=\"yoast-schema-graph\">{\"@context\":\"https:\\\/\\\/schema.org\",\"@graph\":[{\"@type\":\"Article\",\"@id\":\"https:\\\/\\\/informelitoral.com.ar\\\/reactivan-la-obra-de-la-ruta-32-en-entre-rios-con-una-inversion-de-20-000-millones-de-pesos\\\/#article\",\"isPartOf\":{\"@id\":\"https:\\\/\\\/informelitoral.com.ar\\\/reactivan-la-obra-de-la-ruta-32-en-entre-rios-con-una-inversion-de-20-000-millones-de-pesos\\\/\"},\"author\":{\"name\":\"Sebastian\",\"@id\":\"https:\\\/\\\/informelitoral.com.ar\\\/#\\\/schema\\\/person\\\/f05f9f461677119578717524b127d6d5\"},\"headline\":\"Reactivan la obra de la ruta 32 en Entre R\u00edos con una inversi\u00f3n de 20.000 millones de pesos\",\"datePublished\":\"2025-08-28T11:53:33+00:00\",\"dateModified\":\"2025-08-29T09:23:57+00:00\",\"mainEntityOfPage\":{\"@id\":\"https:\\\/\\\/informelitoral.com.ar\\\/reactivan-la-obra-de-la-ruta-32-en-entre-rios-con-una-inversion-de-20-000-millones-de-pesos\\\/\"},\"wordCount\":339,\"commentCount\":0,\"publisher\":{\"@id\":\"https:\\\/\\\/informelitoral.com.ar\\\/#organization\"},\"image\":{\"@id\":\"https:\\\/\\\/informelitoral.com.ar\\\/reactivan-la-obra-de-la-ruta-32-en-entre-rios-con-una-inversion-de-20-000-millones-de-pesos\\\/#primaryimage\"},\"thumbnailUrl\":\"https:\\\/\\\/admin.desdeentrerios.com.ar\\\/%77%70%2d%63%6f%6e%74%65%6e%74\\\/uploads\\\/2025\\\/08\\\/Ruta-32.png\",\"keywords\":[\"Entre R\u00edos\",\"Obras\",\"Vialidad\"],\"articleSection\":[\"Entre R\u00edos\"],\"inLanguage\":\"es\",\"potentialAction\":[{\"@type\":\"CommentAction\",\"name\":\"Comment\",\"target\":[\"https:\\\/\\\/informelitoral.com.ar\\\/reactivan-la-obra-de-la-ruta-32-en-entre-rios-con-una-inversion-de-20-000-millones-de-pesos\\\/#respond\"]}]},{\"@type\":\"WebPage\",\"@id\":\"https:\\\/\\\/informelitoral.com.ar\\\/reactivan-la-obra-de-la-ruta-32-en-entre-rios-con-una-inversion-de-20-000-millones-de-pesos\\\/\",\"url\":\"https:\\\/\\\/informelitoral.com.ar\\\/reactivan-la-obra-de-la-ruta-32-en-entre-rios-con-una-inversion-de-20-000-millones-de-pesos\\\/\",\"name\":\"Reactivan la obra de la ruta 32 en Entre R\u00edos con una inversi\u00f3n de 20.000 millones de pesos - Informe Litoral\",\"isPartOf\":{\"@id\":\"https:\\\/\\\/informelitoral.com.ar\\\/#website\"},\"primaryImageOfPage\":{\"@id\":\"https:\\\/\\\/informelitoral.com.ar\\\/reactivan-la-obra-de-la-ruta-32-en-entre-rios-con-una-inversion-de-20-000-millones-de-pesos\\\/#primaryimage\"},\"image\":{\"@id\":\"https:\\\/\\\/informelitoral.com.ar\\\/reactivan-la-obra-de-la-ruta-32-en-entre-rios-con-una-inversion-de-20-000-millones-de-pesos\\\/#primaryimage\"},\"thumbnailUrl\":\"https:\\\/\\\/admin.desdeentrerios.com.ar\\\/%77%70%2d%63%6f%6e%74%65%6e%74\\\/uploads\\\/2025\\\/08\\\/Ruta-32.png\",\"datePublished\":\"2025-08-28T11:53:33+00:00\",\"dateModified\":\"2025-08-29T09:23:57+00:00\",\"breadcrumb\":{\"@id\":\"https:\\\/\\\/informelitoral.com.ar\\\/reactivan-la-obra-de-la-ruta-32-en-entre-rios-con-una-inversion-de-20-000-millones-de-pesos\\\/#breadcrumb\"},\"inLanguage\":\"es\",\"potentialAction\":[{\"@type\":\"ReadAction\",\"target\":[\"https:\\\/\\\/informelitoral.com.ar\\\/reactivan-la-obra-de-la-ruta-32-en-entre-rios-con-una-inversion-de-20-000-millones-de-pesos\\\/\"]}]},{\"@type\":\"ImageObject\",\"inLanguage\":\"es\",\"@id\":\"https:\\\/\\\/informelitoral.com.ar\\\/reactivan-la-obra-de-la-ruta-32-en-entre-rios-con-una-inversion-de-20-000-millones-de-pesos\\\/#primaryimage\",\"url\":\"https:\\\/\\\/admin.desdeentrerios.com.ar\\\/%77%70%2d%63%6f%6e%74%65%6e%74\\\/uploads\\\/2025\\\/08\\\/Ruta-32.png\",\"contentUrl\":\"https:\\\/\\\/admin.desdeentrerios.com.ar\\\/%77%70%2d%63%6f%6e%74%65%6e%74\\\/uploads\\\/2025\\\/08\\\/Ruta-32.png\",\"width\":\"852\",\"height\":\"545\"},{\"@type\":\"BreadcrumbList\",\"@id\":\"https:\\\/\\\/informelitoral.com.ar\\\/reactivan-la-obra-de-la-ruta-32-en-entre-rios-con-una-inversion-de-20-000-millones-de-pesos\\\/#breadcrumb\",\"itemListElement\":[{\"@type\":\"ListItem\",\"position\":1,\"name\":\"Portada\",\"item\":\"https:\\\/\\\/informelitoral.com.ar\\\/\"},{\"@type\":\"ListItem\",\"position\":2,\"name\":\"Reactivan la obra de la ruta 32 en Entre R\u00edos con una inversi\u00f3n de 20.000 millones de pesos\"}]},{\"@type\":\"WebSite\",\"@id\":\"https:\\\/\\\/informelitoral.com.ar\\\/#website\",\"url\":\"https:\\\/\\\/informelitoral.com.ar\\\/\",\"name\":\"Informe Litoral\",\"description\":\"&quot;Nos informamos&quot; \",\"publisher\":{\"@id\":\"https:\\\/\\\/informelitoral.com.ar\\\/#organization\"},\"potentialAction\":[{\"@type\":\"SearchAction\",\"target\":{\"@type\":\"EntryPoint\",\"urlTemplate\":\"https:\\\/\\\/informelitoral.com.ar\\\/?s={search_term_string}\"},\"query-input\":{\"@type\":\"PropertyValueSpecification\",\"valueRequired\":true,\"valueName\":\"search_term_string\"}}],\"inLanguage\":\"es\"},{\"@type\":\"Organization\",\"@id\":\"https:\\\/\\\/informelitoral.com.ar\\\/#organization\",\"name\":\"Informe Litoral\",\"url\":\"https:\\\/\\\/informelitoral.com.ar\\\/\",\"logo\":{\"@type\":\"ImageObject\",\"inLanguage\":\"es\",\"@id\":\"https:\\\/\\\/informelitoral.com.ar\\\/#\\\/schema\\\/logo\\\/image\\\/\",\"url\":\"https:\\\/\\\/informelitoral.com.ar\\\/%77%70%2d%63%6f%6e%74%65%6e%74\\\/uploads\\\/2021\\\/01\\\/circulo.png\",\"contentUrl\":\"https:\\\/\\\/informelitoral.com.ar\\\/%77%70%2d%63%6f%6e%74%65%6e%74\\\/uploads\\\/2021\\\/01\\\/circulo.png\",\"width\":723,\"height\":731,\"caption\":\"Informe Litoral\"},\"image\":{\"@id\":\"https:\\\/\\\/informelitoral.com.ar\\\/#\\\/schema\\\/logo\\\/image\\\/\"},\"sameAs\":[\"https:\\\/\\\/www.facebook.com\\\/informelitoral\\\/\",\"https:\\\/\\\/x.com\\\/InformeLitoral\",\"https:\\\/\\\/www.instagram.com\\\/informelitoral\\\/\",\"https:\\\/\\\/www.youtube.com\\\/channel\\\/UCua4Qvz8Icb6MYqhoq9xLXw\"]},{\"@type\":\"Person\",\"@id\":\"https:\\\/\\\/informelitoral.com.ar\\\/#\\\/schema\\\/person\\\/f05f9f461677119578717524b127d6d5\",\"name\":\"Sebastian\",\"image\":{\"@type\":\"ImageObject\",\"inLanguage\":\"es\",\"@id\":\"https:\\\/\\\/secure.gravatar.com\\\/avatar\\\/b71bf7481d447dfb9583c7f2798e7cc64de6efb9067b74633ed8c31059a3bd82?s=96&d=mm&r=g\",\"url\":\"https:\\\/\\\/secure.gravatar.com\\\/avatar\\\/b71bf7481d447dfb9583c7f2798e7cc64de6efb9067b74633ed8c31059a3bd82?s=96&d=mm&r=g\",\"contentUrl\":\"https:\\\/\\\/secure.gravatar.com\\\/avatar\\\/b71bf7481d447dfb9583c7f2798e7cc64de6efb9067b74633ed8c31059a3bd82?s=96&d=mm&r=g\",\"caption\":\"Sebastian\"},\"url\":\"https:\\\/\\\/informelitoral.com.ar\\\/author\\\/sebastian\\\/\"}]}<\/script>","yoast_head_json":{"title":"Reactivan la obra de la ruta 32 en Entre R\u00edos con una inversi\u00f3n de 20.000 millones de pesos - Informe Litoral","robots":{"index":"index","follow":"follow","max-snippet":"max-snippet:-1","max-image-preview":"max-image-preview:large","max-video-preview":"max-video-preview:-1"},"canonical":"https:\/\/informelitoral.com.ar\/reactivan-la-obra-de-la-ruta-32-en-entre-rios-con-una-inversion-de-20-000-millones-de-pesos\/","og_locale":"es_ES","og_type":"article","og_title":"Reactivan la obra de la ruta 32 en Entre R\u00edos con una inversi\u00f3n de 20.000 millones de pesos - Informe Litoral","og_description":"El ministro de Planeamiento e Infraestructura, Dar\u00edo Schneider, y el director de Vialidad Provincial, Exequiel Donda, recorrieron la zona de trabajo.","og_url":"https:\/\/informelitoral.com.ar\/reactivan-la-obra-de-la-ruta-32-en-entre-rios-con-una-inversion-de-20-000-millones-de-pesos\/","og_site_name":"Informe Litoral","article_publisher":"https:\/\/www.facebook.com\/informelitoral\/","article_published_time":"2025-08-28T11:53:33+00:00","article_modified_time":"2025-08-29T09:23:57+00:00","og_image":[{"url":"https:\/\/admin.desdeentrerios.com.ar\/wp-content\/uploads\/2025\/08\/Ruta-32.png","type":"","width":"","height":""},{"width":852,"height":545,"url":"https:\/\/admin.desdeentrerios.com.ar\/wp-content\/uploads\/2025\/08\/Ruta-32.png","type":"image\/jpeg"}],"author":"Sebastian","twitter_card":"summary_large_image","twitter_image":"https:\/\/admin.desdeentrerios.com.ar\/wp-content\/uploads\/2025\/08\/Ruta-32.png","twitter_creator":"@InformeLitoral","twitter_site":"@InformeLitoral","twitter_misc":{"Escrito por":"Sebastian","Tiempo de lectura":"2 minutos"},"schema":{"@context":"https:\/\/schema.org","@graph":[{"@type":"Article","@id":"https:\/\/informelitoral.com.ar\/reactivan-la-obra-de-la-ruta-32-en-entre-rios-con-una-inversion-de-20-000-millones-de-pesos\/#article","isPartOf":{"@id":"https:\/\/informelitoral.com.ar\/reactivan-la-obra-de-la-ruta-32-en-entre-rios-con-una-inversion-de-20-000-millones-de-pesos\/"},"author":{"name":"Sebastian","@id":"https:\/\/informelitoral.com.ar\/#\/schema\/person\/f05f9f461677119578717524b127d6d5"},"headline":"Reactivan la obra de la ruta 32 en Entre R\u00edos con una inversi\u00f3n de 20.000 millones de pesos","datePublished":"2025-08-28T11:53:33+00:00","dateModified":"2025-08-29T09:23:57+00:00","mainEntityOfPage":{"@id":"https:\/\/informelitoral.com.ar\/reactivan-la-obra-de-la-ruta-32-en-entre-rios-con-una-inversion-de-20-000-millones-de-pesos\/"},"wordCount":339,"commentCount":0,"publisher":{"@id":"https:\/\/informelitoral.com.ar\/#organization"},"image":{"@id":"https:\/\/informelitoral.com.ar\/reactivan-la-obra-de-la-ruta-32-en-entre-rios-con-una-inversion-de-20-000-millones-de-pesos\/#primaryimage"},"thumbnailUrl":"https:\/\/admin.desdeentrerios.com.ar\/%77%70%2d%63%6f%6e%74%65%6e%74\/uploads\/2025\/08\/Ruta-32.png","keywords":["Entre R\u00edos","Obras","Vialidad"],"articleSection":["Entre R\u00edos"],"inLanguage":"es","potentialAction":[{"@type":"CommentAction","name":"Comment","target":["https:\/\/informelitoral.com.ar\/reactivan-la-obra-de-la-ruta-32-en-entre-rios-con-una-inversion-de-20-000-millones-de-pesos\/#respond"]}]},{"@type":"WebPage","@id":"https:\/\/informelitoral.com.ar\/reactivan-la-obra-de-la-ruta-32-en-entre-rios-con-una-inversion-de-20-000-millones-de-pesos\/","url":"https:\/\/informelitoral.com.ar\/reactivan-la-obra-de-la-ruta-32-en-entre-rios-con-una-inversion-de-20-000-millones-de-pesos\/","name":"Reactivan la obra de la ruta 32 en Entre R\u00edos con una inversi\u00f3n de 20.000 millones de pesos - Informe Litoral","isPartOf":{"@id":"https:\/\/informelitoral.com.ar\/#website"},"primaryImageOfPage":{"@id":"https:\/\/informelitoral.com.ar\/reactivan-la-obra-de-la-ruta-32-en-entre-rios-con-una-inversion-de-20-000-millones-de-pesos\/#primaryimage"},"image":{"@id":"https:\/\/informelitoral.com.ar\/reactivan-la-obra-de-la-ruta-32-en-entre-rios-con-una-inversion-de-20-000-millones-de-pesos\/#primaryimage"},"thumbnailUrl":"https:\/\/admin.desdeentrerios.com.ar\/%77%70%2d%63%6f%6e%74%65%6e%74\/uploads\/2025\/08\/Ruta-32.png","datePublished":"2025-08-28T11:53:33+00:00","dateModified":"2025-08-29T09:23:57+00:00","breadcrumb":{"@id":"https:\/\/informelitoral.com.ar\/reactivan-la-obra-de-la-ruta-32-en-entre-rios-con-una-inversion-de-20-000-millones-de-pesos\/#breadcrumb"},"inLanguage":"es","potentialAction":[{"@type":"ReadAction","target":["https:\/\/informelitoral.com.ar\/reactivan-la-obra-de-la-ruta-32-en-entre-rios-con-una-inversion-de-20-000-millones-de-pesos\/"]}]},{"@type":"ImageObject","inLanguage":"es","@id":"https:\/\/informelitoral.com.ar\/reactivan-la-obra-de-la-ruta-32-en-entre-rios-con-una-inversion-de-20-000-millones-de-pesos\/#primaryimage","url":"https:\/\/admin.desdeentrerios.com.ar\/%77%70%2d%63%6f%6e%74%65%6e%74\/uploads\/2025\/08\/Ruta-32.png","contentUrl":"https:\/\/admin.desdeentrerios.com.ar\/%77%70%2d%63%6f%6e%74%65%6e%74\/uploads\/2025\/08\/Ruta-32.png","width":"852","height":"545"},{"@type":"BreadcrumbList","@id":"https:\/\/informelitoral.com.ar\/reactivan-la-obra-de-la-ruta-32-en-entre-rios-con-una-inversion-de-20-000-millones-de-pesos\/#breadcrumb","itemListElement":[{"@type":"ListItem","position":1,"name":"Portada","item":"https:\/\/informelitoral.com.ar\/"},{"@type":"ListItem","position":2,"name":"Reactivan la obra de la ruta 32 en Entre R\u00edos con una inversi\u00f3n de 20.000 millones de pesos"}]},{"@type":"WebSite","@id":"https:\/\/informelitoral.com.ar\/#website","url":"https:\/\/informelitoral.com.ar\/","name":"Informe Litoral","description":"&quot;Nos informamos&quot; ","publisher":{"@id":"https:\/\/informelitoral.com.ar\/#organization"},"potentialAction":[{"@type":"SearchAction","target":{"@type":"EntryPoint","urlTemplate":"https:\/\/informelitoral.com.ar\/?s={search_term_string}"},"query-input":{"@type":"PropertyValueSpecification","valueRequired":true,"valueName":"search_term_string"}}],"inLanguage":"es"},{"@type":"Organization","@id":"https:\/\/informelitoral.com.ar\/#organization","name":"Informe Litoral","url":"https:\/\/informelitoral.com.ar\/","logo":{"@type":"ImageObject","inLanguage":"es","@id":"https:\/\/informelitoral.com.ar\/#\/schema\/logo\/image\/","url":"https:\/\/informelitoral.com.ar\/%77%70%2d%63%6f%6e%74%65%6e%74\/uploads\/2021\/01\/circulo.png","contentUrl":"https:\/\/informelitoral.com.ar\/%77%70%2d%63%6f%6e%74%65%6e%74\/uploads\/2021\/01\/circulo.png","width":723,"height":731,"caption":"Informe Litoral"},"image":{"@id":"https:\/\/informelitoral.com.ar\/#\/schema\/logo\/image\/"},"sameAs":["https:\/\/www.facebook.com\/informelitoral\/","https:\/\/x.com\/InformeLitoral","https:\/\/www.instagram.com\/informelitoral\/","https:\/\/www.youtube.com\/channel\/UCua4Qvz8Icb6MYqhoq9xLXw"]},{"@type":"Person","@id":"https:\/\/informelitoral.com.ar\/#\/schema\/person\/f05f9f461677119578717524b127d6d5","name":"Sebastian","image":{"@type":"ImageObject","inLanguage":"es","@id":"https:\/\/secure.gravatar.com\/avatar\/b71bf7481d447dfb9583c7f2798e7cc64de6efb9067b74633ed8c31059a3bd82?s=96&d=mm&r=g","url":"https:\/\/secure.gravatar.com\/avatar\/b71bf7481d447dfb9583c7f2798e7cc64de6efb9067b74633ed8c31059a3bd82?s=96&d=mm&r=g","contentUrl":"https:\/\/secure.gravatar.com\/avatar\/b71bf7481d447dfb9583c7f2798e7cc64de6efb9067b74633ed8c31059a3bd82?s=96&d=mm&r=g","caption":"Sebastian"},"url":"https:\/\/informelitoral.com.ar\/author\/sebastian\/"}]}},"fifu_image_url":"https:\/\/admin.desdeentrerios.com.ar\/wp-content\/uploads\/2025\/08\/Ruta-32.png","_links":{"self":[{"href":"https:\/\/informelitoral.com.ar\/%77%70%2d%6a%73%6f%6e\/wp\/v2\/posts\/232007","targetHints":{"allow":["GET"]}}],"collection":[{"href":"https:\/\/informelitoral.com.ar\/%77%70%2d%6a%73%6f%6e\/wp\/v2\/posts"}],"about":[{"href":"https:\/\/informelitoral.com.ar\/%77%70%2d%6a%73%6f%6e\/wp\/v2\/types\/post"}],"author":[{"embeddable":true,"href":"https:\/\/informelitoral.com.ar\/%77%70%2d%6a%73%6f%6e\/wp\/v2\/users\/8"}],"replies":[{"embeddable":true,"href":"https:\/\/informelitoral.com.ar\/%77%70%2d%6a%73%6f%6e\/wp\/v2\/comments?post=232007"}],"version-history":[{"count":2,"href":"https:\/\/informelitoral.com.ar\/%77%70%2d%6a%73%6f%6e\/wp\/v2\/posts\/232007\/revisions"}],"predecessor-version":[{"id":232120,"href":"https:\/\/informelitoral.com.ar\/%77%70%2d%6a%73%6f%6e\/wp\/v2\/posts\/232007\/revisions\/232120"}],"wp:featuredmedia":[{"embeddable":true,"href":"https:\/\/informelitoral.com.ar\/%77%70%2d%6a%73%6f%6e\/wp\/v2\/media\/232008"}],"wp:attachment":[{"href":"https:\/\/informelitoral.com.ar\/%77%70%2d%6a%73%6f%6e\/wp\/v2\/media?parent=232007"}],"wp:term":[{"taxonomy":"category","embeddable":true,"href":"https:\/\/informelitoral.com.ar\/%77%70%2d%6a%73%6f%6e\/wp\/v2\/categories?post=232007"},{"taxonomy":"post_tag","embeddable":true,"href":"https:\/\/informelitoral.com.ar\/%77%70%2d%6a%73%6f%6e\/wp\/v2\/tags?post=232007"}],"curies":[{"name":"wp","href":"https:\/\/api.w.org\/{rel}","templated":true}]}}