{"id":2320,"date":"2013-07-02T20:10:15","date_gmt":"2013-07-02T23:10:15","guid":{"rendered":"http:\/\/www.isletasnoticias.com.ar\/?p=2320"},"modified":"2013-07-02T20:10:15","modified_gmt":"2013-07-02T23:10:15","slug":"calendario-electoral-2013-las-boletas-que-encontraremos-en-el-cuarto-oscuro-en-las-paso","status":"publish","type":"post","link":"https:\/\/informelitoral.com.ar\/calendario-electoral-2013-las-boletas-que-encontraremos-en-el-cuarto-oscuro-en-las-paso\/","title":{"rendered":"Calendario electoral 2013: las boletas que encontraremos en el cuarto oscuro en las PASO"},"content":{"rendered":"<p><strong>\u00a0<em>Qui\u00e9n Dice Qu\u00e9<\/em>\u00a0mostr\u00f3 las boletas de las listas, partidos y frentes que compiten para las elecciones PASO (primarias abiertas, simult\u00e1neas y obligatorias) previstas para el 11 de agosto pr\u00f3ximo, por Entre R\u00edos.<\/strong><\/p>\n<div>\n<div id=\"coda-slider-1\">\n<div>\n<div>\n<div><img loading=\"lazy\" decoding=\"async\" class=\"aligncenter\" alt=\"\" src=\"http:\/\/once.media.elonce.com\/fotos\/2013\/07\/02\/e_1372741736.jpg\" width=\"432\" height=\"324\" \/><\/div>\n<\/div>\n<\/div>\n<\/div>\n<\/div>\n<div>Seg\u00fan lo fija el cronograma electoral, el 28 de junio se produjo la oficializaci\u00f3n de boletas por las Juntas partidarias.<\/p>\n<p>En las PASO, por Entre R\u00edos se deber\u00e1n designar a los aspirantes de cada fuerza para renovar cinco diputados nacionales y tres senadores por la provincia.<\/p>\n<p>El precandidato elegido por cada partido o alianza ser\u00e1 quien pase a la otra instancia, donde all\u00ed s\u00ed surgir\u00e1n los nuevos representantes entrerrianos en el Congreso de la Naci\u00f3n.<\/p>\n<p><strong>Cinco partidos inscriptos, ocho boletas en el cuarto oscuro\u00a0<\/strong><\/p>\n<p>En las PASO habr\u00e1 cinco partidos o alianzas definiendo sus candidaturas, pero de ellas, s\u00f3lo dos deber\u00e1n dirimirlas, ya que en las otras tres hay una sola lista presentada (que, de todos modos, debe superar el 1,5% de los votos v\u00e1lidos emitidos en el distrito para la categor\u00eda en la que pretenda competir).<\/p>\n<p>El 11 de agosto, cada votante se encontrar\u00e1 con un total de ocho listas de candidatos en los cuartos oscuros de Entre R\u00edos: ocho boletas, cada una de ellas con dos cuerpos, (diputados y senadores).<\/p>\n<p><strong>Partidos, alianzas y listas:<\/strong><\/p>\n<p>Dos fuerzas tendr\u00e1n disputa interna: el oficialismo y el FAP.<\/p>\n<p><strong>1)<\/strong> El oficialismo, con el nombre\u00a0<b>Frente para la Victoria<\/b>. Formado por los partidos Justicialista, Movimiento por Todos y Frente Grande. Compiten dos listas:<\/p>\n<p>&#8211;<i>\u00a0<\/i>La de Urribarri\u00a0(no trascendi\u00f3 el nombre): Senadores: encabeza el actual senador Pedro Guastavino, seguido por Sigrid Kunath, actual secretaria general de la Gobernaci\u00f3n. Diputados: encabeza el ministro de Educaci\u00f3n, Jos\u00e9 Lauritto, seguido por Carolina Gaillard, titular de la Casa de Entre R\u00edos en Capital; sigue Jorge Barreto, funcionario del Ministerio de Desarrollo Social de la Naci\u00f3n; en cuarto lugar sigue Fabiana Dom\u00ednguez, de la Escuela Rural N\u00ba 26, de Colonia San Jos\u00e9 del Monte (en nuestro departamento Uruguay); y va quinto, Lautaro Gervasoni, secretario de Juventud de Urribarri.<\/p>\n<p>&#8211; La lista \u201cBasta\u201d, que se referencia como<strong> \u201cperonismo disidente\u201d<\/strong> pero dar\u00e1 batalla dentro del oficialismo. Senadores: va primero el ex senador H\u00e9ctor Maya, de Gualeguaych\u00fa. Le sigue la paranaense Claudia Godoy. Diputados: En primer lugar encabeza el ex alasinista An\u00edbal Vergara (de Paran\u00e1), seguido Amalia Casella (de Gualeguaych\u00fa) y Carlos Reggiardo (de Victoria).<\/p>\n<p><strong>2)<\/strong> El\u00a0<b>Frente Amplio Progresista<\/b>, integrado por el socialismo y el GEN, que suma adem\u00e1s a otros grupos, como la Unidad Popular.<\/p>\n<p>Compiten tres listas:<\/p>\n<p>&#8211;<i>\u00a0Lista <\/i><strong>\u201cUnidad Progresista\u201d:<\/strong> es la \u00fanica lista dentro del FAP que exhibe candidatos de las tres fuerzas que integran el Frente. Senadores: encabezan dos paranaenses, el actual diputado provincial Lisandro Viale, del Partido Socialista; seguido por Stella Maris Castillo (delegada gremial y dirigente de Unidad Popular); le sigue Melina Mazaira, concejala socialista de Concordia. Diputados: el primero es el uruguayense Am\u00e9rico Schvartzman (PS); le sigue Mar\u00eda Decastelli, concordiense, miembro del Comit\u00e9 Nacional del GEN; en tercer lugar est\u00e1 Marina Sim\u00f3n, ex candidata socialista a intendente de Gualeguaych\u00fa; luego sigue el paranaense Miguel Le\u00f3n, presidente de la Uni\u00f3n de Vecinales entrerrianas; y en quinto lugar, Gerardo Lodi, dirigente de Federaci\u00f3n Agraria, de La Paz.<\/p>\n<p>&#8211;\u00a0<i>Lista <\/i><strong>\u201cNo a la rereelecci\u00f3n\u201d:<\/strong> todos sus integrantes son del partido GEN: Senadores: en primer lugar est\u00e1 Francisco Larocca, presidente del GEN de Concepci\u00f3n del Uruguay. Seguido por Marisa Virgolini, de Paran\u00e1. En tercer lugar va Daniel Arias, ex dirigente del PI, de Gualeguaych\u00fa. Diputados: encabeza el ex diputado provincial, Osvaldo Fern\u00e1ndez, de Gualeguaych\u00fa. En segundo lugar va Valentina Uranga, de Paran\u00e1, ex directora del Museo de Bellas Artes de Entre R\u00edos. Le sigue Esteban Zoilo Cruz, jubilado de Rosario del Tala. Cierran la lista titular Felipe Antonio Gonz\u00e1lez, abogado de Gualeguay, y Gladys Cabrera, de Gualeguaych\u00fa.<\/p>\n<p>&#8211;\u00a0<i>Lista <\/i><strong>\u201cUn paso al frente\u201d<\/strong><strong>:<\/strong> se presenta como representante de un sector del PS, referenciado con la diputada Emma Bargagna, aunque incluye extrapartidarios. Senadores: encabeza Jorge Mart\u00ednez Arias (del PS, docente de Nogoy\u00e1), seguido por Silvina Calveyra (dirigente de la CTA Paran\u00e1) y V\u00edctor Sartori (Corriente Clasista y Combativa). Diputados: encabeza-N\u00e9stor L\u00f3pez, abogado de Gualeguaych\u00fa. Le siguen los paranaenses Clara Quirolo y el presidente del Centro de Almaceneros Pablo Romero (Partido Socialista Aut\u00e9ntico); el docente de Victoria, Carlos Claro D\u00edaz y Gabriel Ben\u00edtez, de Federaci\u00f3n.<\/p>\n<p><strong>3)<\/strong>\u00a0<b>Uni\u00f3n por Entre R\u00edos<\/b>: esta alianza est\u00e1 constituida por los partidos Pro &#8211; Propuesta Republicana, Frente Entrerriano Federal y Uni\u00f3n Por La Libertad. Hay una sola lista: Senadores: el primer candidato a senador es Alfredo De Angeli. Le sigue otra dirigente rural, en este caso de la Sociedad Rural de La Paz, Marithe Sciberras, afiliada del PRO. El tercer senador es otro dirigente de la Sociedad Rural, Juan Ruiz Orrico (Concepci\u00f3n del Uruguay). Diputados: encabeza Cristina Cremer de Busti, la esposa del tres veces gobernador. El segundo lugar es para Luis Leissa, del Nuevo Espacio y ex intendente de Gualeguaych\u00fa. En tercer lugar va Josefina Etienot, de Paran\u00e1, apoderada del PRO. Dos bustistas completan la lista: Mart\u00edn Alizegui (hijo del diputado provincial Antonio Alizegui) y Eduardo L\u00f3pez Segura, ex macrista que se pas\u00f3 al FEF.<\/p>\n<p><strong>4)<\/strong>\u00a0<b>Uni\u00f3n C\u00edvica Radical<\/b>: no acord\u00f3 con ninguna fuerza y finalmente va sola. Hay una sola lista: Senadores: el primer candidato a senador es Atilio Benedetti, actual diputado nacional. Le sigue Gabriela Lena, concejal radical de Chajar\u00ed, y Ra\u00fal Boc-Ho, ex candidato a intendente de Villaguay. Diputados: en primer lugar va el presidente de la UCR, Jorge D\u2019Agostino; le sigue la actual diputada nacional, Hilma R\u00e9, que se referencia con Elisa Carri\u00f3. Siguen los paranaenses Stela Olalla y Nicol\u00e1s Palazotti, de la juventud radical. Cierra la lista Mar\u00eda Elena Romero, concejal de Feliciano.<\/p>\n<p><strong>5)<\/strong>\u00a0<b>MST-Nueva Izquierda<\/b>. Senadores: en primer lugar va Gabriel Geist, dirigente de Agmer, de Crespo. Segunda sigue Gloria Mathern, vinculada a la CTA Paran\u00e1. El tercero es V\u00edctor Romero, de Nogoy\u00e1. Diputados: el primer lugar lo ocupa el paranaense Luis Meiners, tambi\u00e9n vinculado a CTA; segunda sigue Ver\u00f3nica Zubir\u00eda, de Paran\u00e1; luego Eduardo Pascual Fern\u00e1ndez, de Nogoy\u00e1.<\/div>\n<div><\/div>\n<div>\u00a0No se difundi\u00f3 la boleta del Frente para la Victoria, que seg\u00fan se conoci\u00f3 \u201cdecidi\u00f3 no mostrar su boleta hasta que no sea aprobada por la Justicia Electoral\u201d.<i>\u00a0<\/i>Indica Elonce.com.<\/div>\n","protected":false},"excerpt":{"rendered":"<p>&nbsp;Qui&eacute;n Dice Qu&eacute;&nbsp;mostr&oacute; las boletas de las listas, partidos y frentes que compiten para las elecciones PASO (primarias abiertas, simult&aacute;neas y obligatorias) previstas para el 11 de agosto pr&oacute;ximo, por Entre R&iacute;os. Seg&uacute;n lo fija el cronograma electoral, el 28 de junio se produjo la oficializaci&oacute;n de boletas por las Juntas partidarias. En las PASO, [&hellip;]<\/p>\n","protected":false},"author":2,"featured_media":0,"comment_status":"open","ping_status":"open","sticky":false,"template":"","format":"standard","meta":{"fifu_image_url":"","fifu_image_alt":"","footnotes":""},"categories":[6,16],"tags":[],"class_list":{"0":"post-2320","1":"post","2":"type-post","3":"status-publish","4":"format-standard","6":"category-entre-rios","7":"category-politi"},"yoast_head":"<title>Calendario electoral 2013: las boletas que encontraremos en el cuarto oscuro en las PASO - Informe Litoral<\/title>\n<meta name=\"robots\" content=\"index, follow, max-snippet:-1, max-image-preview:large, max-video-preview:-1\" \/>\n<link rel=\"canonical\" href=\"https:\/\/informelitoral.com.ar\/calendario-electoral-2013-las-boletas-que-encontraremos-en-el-cuarto-oscuro-en-las-paso\/\" \/>\n<meta property=\"og:locale\" content=\"es_ES\" \/>\n<meta property=\"og:type\" content=\"article\" \/>\n<meta property=\"og:title\" content=\"Calendario electoral 2013: las boletas que encontraremos en el cuarto oscuro en las PASO - Informe Litoral\" \/>\n<meta property=\"og:description\" content=\"&nbsp;Qui&eacute;n Dice Qu&eacute;&nbsp;mostr&oacute; las boletas de las listas, partidos y frentes que compiten para las elecciones PASO (primarias abiertas, simult&aacute;neas y obligatorias) previstas para el 11 de agosto pr&oacute;ximo, por Entre R&iacute;os. Seg&uacute;n lo fija el cronograma electoral, el 28 de junio se produjo la oficializaci&oacute;n de boletas por las Juntas partidarias. En las PASO, [&hellip;]\" \/>\n<meta property=\"og:url\" content=\"https:\/\/informelitoral.com.ar\/calendario-electoral-2013-las-boletas-que-encontraremos-en-el-cuarto-oscuro-en-las-paso\/\" \/>\n<meta property=\"og:site_name\" content=\"Informe Litoral\" \/>\n<meta property=\"article:publisher\" content=\"https:\/\/www.facebook.com\/informelitoral\/\" \/>\n<meta property=\"article:published_time\" content=\"2013-07-02T23:10:15+00:00\" \/>\n<meta property=\"og:image\" content=\"http:\/\/once.media.elonce.com\/fotos\/2013\/07\/02\/e_1372741736.jpg\" \/>\n<meta name=\"author\" content=\"Gonzalo Schmidt\" \/>\n<meta name=\"twitter:card\" content=\"summary_large_image\" \/>\n<meta name=\"twitter:creator\" content=\"@InformeLitoral\" \/>\n<meta name=\"twitter:site\" content=\"@InformeLitoral\" \/>\n<meta name=\"twitter:label1\" content=\"Escrito por\" \/>\n\t<meta name=\"twitter:data1\" content=\"Gonzalo Schmidt\" \/>\n\t<meta name=\"twitter:label2\" content=\"Tiempo de lectura\" \/>\n\t<meta name=\"twitter:data2\" content=\"5 minutos\" \/>\n<script type=\"application\/ld+json\" class=\"yoast-schema-graph\">{\"@context\":\"https:\\\/\\\/schema.org\",\"@graph\":[{\"@type\":\"Article\",\"@id\":\"https:\\\/\\\/informelitoral.com.ar\\\/calendario-electoral-2013-las-boletas-que-encontraremos-en-el-cuarto-oscuro-en-las-paso\\\/#article\",\"isPartOf\":{\"@id\":\"https:\\\/\\\/informelitoral.com.ar\\\/calendario-electoral-2013-las-boletas-que-encontraremos-en-el-cuarto-oscuro-en-las-paso\\\/\"},\"author\":{\"name\":\"Gonzalo Schmidt\",\"@id\":\"https:\\\/\\\/informelitoral.com.ar\\\/#\\\/schema\\\/person\\\/b9d00407c836482871ef1d57bf8e3180\"},\"headline\":\"Calendario electoral 2013: las boletas que encontraremos en el cuarto oscuro en las PASO\",\"datePublished\":\"2013-07-02T23:10:15+00:00\",\"mainEntityOfPage\":{\"@id\":\"https:\\\/\\\/informelitoral.com.ar\\\/calendario-electoral-2013-las-boletas-que-encontraremos-en-el-cuarto-oscuro-en-las-paso\\\/\"},\"wordCount\":1091,\"commentCount\":0,\"publisher\":{\"@id\":\"https:\\\/\\\/informelitoral.com.ar\\\/#organization\"},\"image\":{\"@id\":\"https:\\\/\\\/informelitoral.com.ar\\\/calendario-electoral-2013-las-boletas-que-encontraremos-en-el-cuarto-oscuro-en-las-paso\\\/#primaryimage\"},\"thumbnailUrl\":\"http:\\\/\\\/once.media.elonce.com\\\/fotos\\\/2013\\\/07\\\/02\\\/e_1372741736.jpg\",\"articleSection\":[\"Entre R\u00edos\",\"Politica\"],\"inLanguage\":\"es\",\"potentialAction\":[{\"@type\":\"CommentAction\",\"name\":\"Comment\",\"target\":[\"https:\\\/\\\/informelitoral.com.ar\\\/calendario-electoral-2013-las-boletas-que-encontraremos-en-el-cuarto-oscuro-en-las-paso\\\/#respond\"]}]},{\"@type\":\"WebPage\",\"@id\":\"https:\\\/\\\/informelitoral.com.ar\\\/calendario-electoral-2013-las-boletas-que-encontraremos-en-el-cuarto-oscuro-en-las-paso\\\/\",\"url\":\"https:\\\/\\\/informelitoral.com.ar\\\/calendario-electoral-2013-las-boletas-que-encontraremos-en-el-cuarto-oscuro-en-las-paso\\\/\",\"name\":\"Calendario electoral 2013: las boletas que encontraremos en el cuarto oscuro en las PASO - Informe Litoral\",\"isPartOf\":{\"@id\":\"https:\\\/\\\/informelitoral.com.ar\\\/#website\"},\"primaryImageOfPage\":{\"@id\":\"https:\\\/\\\/informelitoral.com.ar\\\/calendario-electoral-2013-las-boletas-que-encontraremos-en-el-cuarto-oscuro-en-las-paso\\\/#primaryimage\"},\"image\":{\"@id\":\"https:\\\/\\\/informelitoral.com.ar\\\/calendario-electoral-2013-las-boletas-que-encontraremos-en-el-cuarto-oscuro-en-las-paso\\\/#primaryimage\"},\"thumbnailUrl\":\"http:\\\/\\\/once.media.elonce.com\\\/fotos\\\/2013\\\/07\\\/02\\\/e_1372741736.jpg\",\"datePublished\":\"2013-07-02T23:10:15+00:00\",\"breadcrumb\":{\"@id\":\"https:\\\/\\\/informelitoral.com.ar\\\/calendario-electoral-2013-las-boletas-que-encontraremos-en-el-cuarto-oscuro-en-las-paso\\\/#breadcrumb\"},\"inLanguage\":\"es\",\"potentialAction\":[{\"@type\":\"ReadAction\",\"target\":[\"https:\\\/\\\/informelitoral.com.ar\\\/calendario-electoral-2013-las-boletas-que-encontraremos-en-el-cuarto-oscuro-en-las-paso\\\/\"]}]},{\"@type\":\"ImageObject\",\"inLanguage\":\"es\",\"@id\":\"https:\\\/\\\/informelitoral.com.ar\\\/calendario-electoral-2013-las-boletas-que-encontraremos-en-el-cuarto-oscuro-en-las-paso\\\/#primaryimage\",\"url\":\"http:\\\/\\\/once.media.elonce.com\\\/fotos\\\/2013\\\/07\\\/02\\\/e_1372741736.jpg\",\"contentUrl\":\"http:\\\/\\\/once.media.elonce.com\\\/fotos\\\/2013\\\/07\\\/02\\\/e_1372741736.jpg\"},{\"@type\":\"BreadcrumbList\",\"@id\":\"https:\\\/\\\/informelitoral.com.ar\\\/calendario-electoral-2013-las-boletas-que-encontraremos-en-el-cuarto-oscuro-en-las-paso\\\/#breadcrumb\",\"itemListElement\":[{\"@type\":\"ListItem\",\"position\":1,\"name\":\"Portada\",\"item\":\"https:\\\/\\\/informelitoral.com.ar\\\/\"},{\"@type\":\"ListItem\",\"position\":2,\"name\":\"Calendario electoral 2013: las boletas que encontraremos en el cuarto oscuro en las PASO\"}]},{\"@type\":\"WebSite\",\"@id\":\"https:\\\/\\\/informelitoral.com.ar\\\/#website\",\"url\":\"https:\\\/\\\/informelitoral.com.ar\\\/\",\"name\":\"Informe Litoral\",\"description\":\"&quot;Nos informamos&quot; \",\"publisher\":{\"@id\":\"https:\\\/\\\/informelitoral.com.ar\\\/#organization\"},\"potentialAction\":[{\"@type\":\"SearchAction\",\"target\":{\"@type\":\"EntryPoint\",\"urlTemplate\":\"https:\\\/\\\/informelitoral.com.ar\\\/?s={search_term_string}\"},\"query-input\":{\"@type\":\"PropertyValueSpecification\",\"valueRequired\":true,\"valueName\":\"search_term_string\"}}],\"inLanguage\":\"es\"},{\"@type\":\"Organization\",\"@id\":\"https:\\\/\\\/informelitoral.com.ar\\\/#organization\",\"name\":\"Informe Litoral\",\"url\":\"https:\\\/\\\/informelitoral.com.ar\\\/\",\"logo\":{\"@type\":\"ImageObject\",\"inLanguage\":\"es\",\"@id\":\"https:\\\/\\\/informelitoral.com.ar\\\/#\\\/schema\\\/logo\\\/image\\\/\",\"url\":\"https:\\\/\\\/informelitoral.com.ar\\\/%77%70%2d%63%6f%6e%74%65%6e%74\\\/uploads\\\/2021\\\/01\\\/circulo.png\",\"contentUrl\":\"https:\\\/\\\/informelitoral.com.ar\\\/%77%70%2d%63%6f%6e%74%65%6e%74\\\/uploads\\\/2021\\\/01\\\/circulo.png\",\"width\":723,\"height\":731,\"caption\":\"Informe Litoral\"},\"image\":{\"@id\":\"https:\\\/\\\/informelitoral.com.ar\\\/#\\\/schema\\\/logo\\\/image\\\/\"},\"sameAs\":[\"https:\\\/\\\/www.facebook.com\\\/informelitoral\\\/\",\"https:\\\/\\\/x.com\\\/InformeLitoral\",\"https:\\\/\\\/www.instagram.com\\\/informelitoral\\\/\",\"https:\\\/\\\/www.youtube.com\\\/channel\\\/UCua4Qvz8Icb6MYqhoq9xLXw\"]},{\"@type\":\"Person\",\"@id\":\"https:\\\/\\\/informelitoral.com.ar\\\/#\\\/schema\\\/person\\\/b9d00407c836482871ef1d57bf8e3180\",\"name\":\"Gonzalo Schmidt\",\"image\":{\"@type\":\"ImageObject\",\"inLanguage\":\"es\",\"@id\":\"https:\\\/\\\/secure.gravatar.com\\\/avatar\\\/31a1a7b66ff2de83bd0e9fd79d026630d2d99e55e8bfe501287647b4fd9743de?s=96&d=mm&r=g\",\"url\":\"https:\\\/\\\/secure.gravatar.com\\\/avatar\\\/31a1a7b66ff2de83bd0e9fd79d026630d2d99e55e8bfe501287647b4fd9743de?s=96&d=mm&r=g\",\"contentUrl\":\"https:\\\/\\\/secure.gravatar.com\\\/avatar\\\/31a1a7b66ff2de83bd0e9fd79d026630d2d99e55e8bfe501287647b4fd9743de?s=96&d=mm&r=g\",\"caption\":\"Gonzalo Schmidt\"},\"description\":\"Sitio web de noticias de la provincia de Entre R\u00edos, Argentina. Informaci\u00f3n y entretenimiento. Informe Litoral, nos informamos.\",\"sameAs\":[\"http:\\\/\\\/www.isletasnoticias.com.ar\"],\"url\":\"https:\\\/\\\/informelitoral.com.ar\\\/author\\\/gonzalo\\\/\"}]}<\/script>","yoast_head_json":{"title":"Calendario electoral 2013: las boletas que encontraremos en el cuarto oscuro en las PASO - Informe Litoral","robots":{"index":"index","follow":"follow","max-snippet":"max-snippet:-1","max-image-preview":"max-image-preview:large","max-video-preview":"max-video-preview:-1"},"canonical":"https:\/\/informelitoral.com.ar\/calendario-electoral-2013-las-boletas-que-encontraremos-en-el-cuarto-oscuro-en-las-paso\/","og_locale":"es_ES","og_type":"article","og_title":"Calendario electoral 2013: las boletas que encontraremos en el cuarto oscuro en las PASO - Informe Litoral","og_description":"&nbsp;Qui&eacute;n Dice Qu&eacute;&nbsp;mostr&oacute; las boletas de las listas, partidos y frentes que compiten para las elecciones PASO (primarias abiertas, simult&aacute;neas y obligatorias) previstas para el 11 de agosto pr&oacute;ximo, por Entre R&iacute;os. Seg&uacute;n lo fija el cronograma electoral, el 28 de junio se produjo la oficializaci&oacute;n de boletas por las Juntas partidarias. En las PASO, [&hellip;]","og_url":"https:\/\/informelitoral.com.ar\/calendario-electoral-2013-las-boletas-que-encontraremos-en-el-cuarto-oscuro-en-las-paso\/","og_site_name":"Informe Litoral","article_publisher":"https:\/\/www.facebook.com\/informelitoral\/","article_published_time":"2013-07-02T23:10:15+00:00","og_image":[{"url":"http:\/\/once.media.elonce.com\/fotos\/2013\/07\/02\/e_1372741736.jpg","type":"","width":"","height":""}],"author":"Gonzalo Schmidt","twitter_card":"summary_large_image","twitter_creator":"@InformeLitoral","twitter_site":"@InformeLitoral","twitter_misc":{"Escrito por":"Gonzalo Schmidt","Tiempo de lectura":"5 minutos"},"schema":{"@context":"https:\/\/schema.org","@graph":[{"@type":"Article","@id":"https:\/\/informelitoral.com.ar\/calendario-electoral-2013-las-boletas-que-encontraremos-en-el-cuarto-oscuro-en-las-paso\/#article","isPartOf":{"@id":"https:\/\/informelitoral.com.ar\/calendario-electoral-2013-las-boletas-que-encontraremos-en-el-cuarto-oscuro-en-las-paso\/"},"author":{"name":"Gonzalo Schmidt","@id":"https:\/\/informelitoral.com.ar\/#\/schema\/person\/b9d00407c836482871ef1d57bf8e3180"},"headline":"Calendario electoral 2013: las boletas que encontraremos en el cuarto oscuro en las PASO","datePublished":"2013-07-02T23:10:15+00:00","mainEntityOfPage":{"@id":"https:\/\/informelitoral.com.ar\/calendario-electoral-2013-las-boletas-que-encontraremos-en-el-cuarto-oscuro-en-las-paso\/"},"wordCount":1091,"commentCount":0,"publisher":{"@id":"https:\/\/informelitoral.com.ar\/#organization"},"image":{"@id":"https:\/\/informelitoral.com.ar\/calendario-electoral-2013-las-boletas-que-encontraremos-en-el-cuarto-oscuro-en-las-paso\/#primaryimage"},"thumbnailUrl":"http:\/\/once.media.elonce.com\/fotos\/2013\/07\/02\/e_1372741736.jpg","articleSection":["Entre R\u00edos","Politica"],"inLanguage":"es","potentialAction":[{"@type":"CommentAction","name":"Comment","target":["https:\/\/informelitoral.com.ar\/calendario-electoral-2013-las-boletas-que-encontraremos-en-el-cuarto-oscuro-en-las-paso\/#respond"]}]},{"@type":"WebPage","@id":"https:\/\/informelitoral.com.ar\/calendario-electoral-2013-las-boletas-que-encontraremos-en-el-cuarto-oscuro-en-las-paso\/","url":"https:\/\/informelitoral.com.ar\/calendario-electoral-2013-las-boletas-que-encontraremos-en-el-cuarto-oscuro-en-las-paso\/","name":"Calendario electoral 2013: las boletas que encontraremos en el cuarto oscuro en las PASO - Informe Litoral","isPartOf":{"@id":"https:\/\/informelitoral.com.ar\/#website"},"primaryImageOfPage":{"@id":"https:\/\/informelitoral.com.ar\/calendario-electoral-2013-las-boletas-que-encontraremos-en-el-cuarto-oscuro-en-las-paso\/#primaryimage"},"image":{"@id":"https:\/\/informelitoral.com.ar\/calendario-electoral-2013-las-boletas-que-encontraremos-en-el-cuarto-oscuro-en-las-paso\/#primaryimage"},"thumbnailUrl":"http:\/\/once.media.elonce.com\/fotos\/2013\/07\/02\/e_1372741736.jpg","datePublished":"2013-07-02T23:10:15+00:00","breadcrumb":{"@id":"https:\/\/informelitoral.com.ar\/calendario-electoral-2013-las-boletas-que-encontraremos-en-el-cuarto-oscuro-en-las-paso\/#breadcrumb"},"inLanguage":"es","potentialAction":[{"@type":"ReadAction","target":["https:\/\/informelitoral.com.ar\/calendario-electoral-2013-las-boletas-que-encontraremos-en-el-cuarto-oscuro-en-las-paso\/"]}]},{"@type":"ImageObject","inLanguage":"es","@id":"https:\/\/informelitoral.com.ar\/calendario-electoral-2013-las-boletas-que-encontraremos-en-el-cuarto-oscuro-en-las-paso\/#primaryimage","url":"http:\/\/once.media.elonce.com\/fotos\/2013\/07\/02\/e_1372741736.jpg","contentUrl":"http:\/\/once.media.elonce.com\/fotos\/2013\/07\/02\/e_1372741736.jpg"},{"@type":"BreadcrumbList","@id":"https:\/\/informelitoral.com.ar\/calendario-electoral-2013-las-boletas-que-encontraremos-en-el-cuarto-oscuro-en-las-paso\/#breadcrumb","itemListElement":[{"@type":"ListItem","position":1,"name":"Portada","item":"https:\/\/informelitoral.com.ar\/"},{"@type":"ListItem","position":2,"name":"Calendario electoral 2013: las boletas que encontraremos en el cuarto oscuro en las PASO"}]},{"@type":"WebSite","@id":"https:\/\/informelitoral.com.ar\/#website","url":"https:\/\/informelitoral.com.ar\/","name":"Informe Litoral","description":"&quot;Nos informamos&quot; ","publisher":{"@id":"https:\/\/informelitoral.com.ar\/#organization"},"potentialAction":[{"@type":"SearchAction","target":{"@type":"EntryPoint","urlTemplate":"https:\/\/informelitoral.com.ar\/?s={search_term_string}"},"query-input":{"@type":"PropertyValueSpecification","valueRequired":true,"valueName":"search_term_string"}}],"inLanguage":"es"},{"@type":"Organization","@id":"https:\/\/informelitoral.com.ar\/#organization","name":"Informe Litoral","url":"https:\/\/informelitoral.com.ar\/","logo":{"@type":"ImageObject","inLanguage":"es","@id":"https:\/\/informelitoral.com.ar\/#\/schema\/logo\/image\/","url":"https:\/\/informelitoral.com.ar\/%77%70%2d%63%6f%6e%74%65%6e%74\/uploads\/2021\/01\/circulo.png","contentUrl":"https:\/\/informelitoral.com.ar\/%77%70%2d%63%6f%6e%74%65%6e%74\/uploads\/2021\/01\/circulo.png","width":723,"height":731,"caption":"Informe Litoral"},"image":{"@id":"https:\/\/informelitoral.com.ar\/#\/schema\/logo\/image\/"},"sameAs":["https:\/\/www.facebook.com\/informelitoral\/","https:\/\/x.com\/InformeLitoral","https:\/\/www.instagram.com\/informelitoral\/","https:\/\/www.youtube.com\/channel\/UCua4Qvz8Icb6MYqhoq9xLXw"]},{"@type":"Person","@id":"https:\/\/informelitoral.com.ar\/#\/schema\/person\/b9d00407c836482871ef1d57bf8e3180","name":"Gonzalo Schmidt","image":{"@type":"ImageObject","inLanguage":"es","@id":"https:\/\/secure.gravatar.com\/avatar\/31a1a7b66ff2de83bd0e9fd79d026630d2d99e55e8bfe501287647b4fd9743de?s=96&d=mm&r=g","url":"https:\/\/secure.gravatar.com\/avatar\/31a1a7b66ff2de83bd0e9fd79d026630d2d99e55e8bfe501287647b4fd9743de?s=96&d=mm&r=g","contentUrl":"https:\/\/secure.gravatar.com\/avatar\/31a1a7b66ff2de83bd0e9fd79d026630d2d99e55e8bfe501287647b4fd9743de?s=96&d=mm&r=g","caption":"Gonzalo Schmidt"},"description":"Sitio web de noticias de la provincia de Entre R\u00edos, Argentina. Informaci\u00f3n y entretenimiento. Informe Litoral, nos informamos.","sameAs":["http:\/\/www.isletasnoticias.com.ar"],"url":"https:\/\/informelitoral.com.ar\/author\/gonzalo\/"}]}},"_links":{"self":[{"href":"https:\/\/informelitoral.com.ar\/%77%70%2d%6a%73%6f%6e\/wp\/v2\/posts\/2320","targetHints":{"allow":["GET"]}}],"collection":[{"href":"https:\/\/informelitoral.com.ar\/%77%70%2d%6a%73%6f%6e\/wp\/v2\/posts"}],"about":[{"href":"https:\/\/informelitoral.com.ar\/%77%70%2d%6a%73%6f%6e\/wp\/v2\/types\/post"}],"author":[{"embeddable":true,"href":"https:\/\/informelitoral.com.ar\/%77%70%2d%6a%73%6f%6e\/wp\/v2\/users\/2"}],"replies":[{"embeddable":true,"href":"https:\/\/informelitoral.com.ar\/%77%70%2d%6a%73%6f%6e\/wp\/v2\/comments?post=2320"}],"version-history":[{"count":0,"href":"https:\/\/informelitoral.com.ar\/%77%70%2d%6a%73%6f%6e\/wp\/v2\/posts\/2320\/revisions"}],"wp:attachment":[{"href":"https:\/\/informelitoral.com.ar\/%77%70%2d%6a%73%6f%6e\/wp\/v2\/media?parent=2320"}],"wp:term":[{"taxonomy":"category","embeddable":true,"href":"https:\/\/informelitoral.com.ar\/%77%70%2d%6a%73%6f%6e\/wp\/v2\/categories?post=2320"},{"taxonomy":"post_tag","embeddable":true,"href":"https:\/\/informelitoral.com.ar\/%77%70%2d%6a%73%6f%6e\/wp\/v2\/tags?post=2320"}],"curies":[{"name":"wp","href":"https:\/\/api.w.org\/{rel}","templated":true}]}}