{"id":231986,"date":"2025-08-28T05:33:16","date_gmt":"2025-08-28T08:33:16","guid":{"rendered":"https:\/\/informelitoral.com.ar\/?p=231986"},"modified":"2025-08-28T07:47:15","modified_gmt":"2025-08-28T10:47:15","slug":"jueves-con-cielo-variable-y-temperaturas-en-ascenso-en-entre-rios","status":"publish","type":"post","link":"https:\/\/informelitoral.com.ar\/jueves-con-cielo-variable-y-temperaturas-en-ascenso-en-entre-rios\/","title":{"rendered":"Jueves con cielo variable y temperaturas en ascenso en Entre R\u00edos"},"content":{"rendered":"<p>El pron\u00f3stico del tiempo para este jueves 28 de agosto en la provincia de Entre R\u00edos indica una jornada con condiciones variables. La ma\u00f1ana comenzar\u00e1 con un cielo cubierto y temperaturas que rondar\u00e1n los 10\u00b0C, acompa\u00f1adas de un viento moderado del este, lo que podr\u00eda generar una sensaci\u00f3n t\u00e9rmica ligeramente inferior.<\/p>\n<p>A medida que avance el d\u00eda, se espera un cambio gradual. Para el mediod\u00eda, las nubes comenzar\u00e1n a disiparse, dando lugar a un cielo con \u00abnubes y claros\u00bb. El term\u00f3metro subir\u00e1 de forma notable, alcanzando los 17\u00b0C, con una sensaci\u00f3n t\u00e9rmica similar. La velocidad del viento del este se mantendr\u00e1, pero con menor intensidad. Se anticipa un \u00edndice de radiaci\u00f3n UV medio (6-10), por lo que se recomienda el uso de protector solar en las horas centrales del d\u00eda.<\/p>\n<p>El pico de temperatura se registrar\u00e1 en la tarde, alrededor de las 14, con una m\u00e1xima de 20\u00b0C. El viento cambiar\u00e1 su direcci\u00f3n, soplando del norte y con menor velocidad, lo que har\u00e1 la tarde m\u00e1s agradable.<\/p>\n<p>Para el atardecer y la noche, se prev\u00e9 un descenso paulatino de las temperaturas. El cielo se volver\u00e1 parcialmente nuboso y la temperatura bajar\u00e1 a 19\u00b0C. La noche ser\u00e1 fresca, con vientos moderados del este, que podr\u00edan generar una sensaci\u00f3n t\u00e9rmica m\u00e1s baja.<\/p>\n<p>En resumen, se espera un jueves con un marcado contraste entre una ma\u00f1ana fresca y nublada, y una tarde m\u00e1s c\u00e1lida y con sol, finalizando con una noche fresca y con brisa.<\/p>\n","protected":false},"excerpt":{"rendered":"<p>Se espera una jornada fresca en la ma\u00f1ana que dar\u00e1 paso a una tarde m\u00e1s c\u00e1lida y con vientos moderados.<\/p>\n","protected":false},"author":8,"featured_media":167686,"comment_status":"open","ping_status":"open","sticky":false,"template":"","format":"standard","meta":{"fifu_image_url":"","fifu_image_alt":"","footnotes":""},"categories":[6],"tags":[38],"class_list":{"0":"post-231986","1":"post","2":"type-post","3":"status-publish","4":"format-standard","5":"has-post-thumbnail","7":"category-entre-rios","8":"tag-el-tiempo"},"yoast_head":"<title>Jueves con cielo variable y temperaturas en ascenso en Entre R\u00edos - Informe Litoral<\/title>\n<meta name=\"robots\" content=\"index, follow, max-snippet:-1, max-image-preview:large, max-video-preview:-1\" \/>\n<link rel=\"canonical\" href=\"https:\/\/informelitoral.com.ar\/jueves-con-cielo-variable-y-temperaturas-en-ascenso-en-entre-rios\/\" \/>\n<meta property=\"og:locale\" content=\"es_ES\" \/>\n<meta property=\"og:type\" content=\"article\" \/>\n<meta property=\"og:title\" content=\"Jueves con cielo variable y temperaturas en ascenso en Entre R\u00edos - Informe Litoral\" \/>\n<meta property=\"og:description\" content=\"Se espera una jornada fresca en la ma\u00f1ana que dar\u00e1 paso a una tarde m\u00e1s c\u00e1lida y con vientos moderados.\" \/>\n<meta property=\"og:url\" content=\"https:\/\/informelitoral.com.ar\/jueves-con-cielo-variable-y-temperaturas-en-ascenso-en-entre-rios\/\" \/>\n<meta property=\"og:site_name\" content=\"Informe Litoral\" \/>\n<meta property=\"article:publisher\" content=\"https:\/\/www.facebook.com\/informelitoral\/\" \/>\n<meta property=\"article:published_time\" content=\"2025-08-28T08:33:16+00:00\" \/>\n<meta property=\"article:modified_time\" content=\"2025-08-28T10:47:15+00:00\" \/>\n<meta property=\"og:image\" content=\"https:\/\/informelitoral.com.ar\/%77%70%2d%63%6f%6e%74%65%6e%74\/uploads\/2023\/10\/amanecer-despejado.jpg\" \/>\n\t<meta property=\"og:image:width\" content=\"960\" \/>\n\t<meta property=\"og:image:height\" content=\"720\" \/>\n\t<meta property=\"og:image:type\" content=\"image\/jpeg\" \/>\n<meta name=\"author\" content=\"Sebastian\" \/>\n<meta name=\"twitter:card\" content=\"summary_large_image\" \/>\n<meta name=\"twitter:creator\" content=\"@InformeLitoral\" \/>\n<meta name=\"twitter:site\" content=\"@InformeLitoral\" \/>\n<meta name=\"twitter:label1\" content=\"Escrito por\" \/>\n\t<meta name=\"twitter:data1\" content=\"Sebastian\" \/>\n\t<meta name=\"twitter:label2\" content=\"Tiempo de lectura\" \/>\n\t<meta name=\"twitter:data2\" content=\"2 minutos\" \/>\n<script type=\"application\/ld+json\" class=\"yoast-schema-graph\">{\"@context\":\"https:\\\/\\\/schema.org\",\"@graph\":[{\"@type\":\"Article\",\"@id\":\"https:\\\/\\\/informelitoral.com.ar\\\/jueves-con-cielo-variable-y-temperaturas-en-ascenso-en-entre-rios\\\/#article\",\"isPartOf\":{\"@id\":\"https:\\\/\\\/informelitoral.com.ar\\\/jueves-con-cielo-variable-y-temperaturas-en-ascenso-en-entre-rios\\\/\"},\"author\":{\"name\":\"Sebastian\",\"@id\":\"https:\\\/\\\/informelitoral.com.ar\\\/#\\\/schema\\\/person\\\/f05f9f461677119578717524b127d6d5\"},\"headline\":\"Jueves con cielo variable y temperaturas en ascenso en Entre R\u00edos\",\"datePublished\":\"2025-08-28T08:33:16+00:00\",\"dateModified\":\"2025-08-28T10:47:15+00:00\",\"mainEntityOfPage\":{\"@id\":\"https:\\\/\\\/informelitoral.com.ar\\\/jueves-con-cielo-variable-y-temperaturas-en-ascenso-en-entre-rios\\\/\"},\"wordCount\":278,\"commentCount\":0,\"publisher\":{\"@id\":\"https:\\\/\\\/informelitoral.com.ar\\\/#organization\"},\"image\":{\"@id\":\"https:\\\/\\\/informelitoral.com.ar\\\/jueves-con-cielo-variable-y-temperaturas-en-ascenso-en-entre-rios\\\/#primaryimage\"},\"thumbnailUrl\":\"https:\\\/\\\/informelitoral.com.ar\\\/%77%70%2d%63%6f%6e%74%65%6e%74\\\/uploads\\\/2023\\\/10\\\/amanecer-despejado.jpg\",\"keywords\":[\"El tiempo\"],\"articleSection\":[\"Entre R\u00edos\"],\"inLanguage\":\"es\",\"potentialAction\":[{\"@type\":\"CommentAction\",\"name\":\"Comment\",\"target\":[\"https:\\\/\\\/informelitoral.com.ar\\\/jueves-con-cielo-variable-y-temperaturas-en-ascenso-en-entre-rios\\\/#respond\"]}]},{\"@type\":\"WebPage\",\"@id\":\"https:\\\/\\\/informelitoral.com.ar\\\/jueves-con-cielo-variable-y-temperaturas-en-ascenso-en-entre-rios\\\/\",\"url\":\"https:\\\/\\\/informelitoral.com.ar\\\/jueves-con-cielo-variable-y-temperaturas-en-ascenso-en-entre-rios\\\/\",\"name\":\"Jueves con cielo variable y temperaturas en ascenso en Entre R\u00edos - Informe Litoral\",\"isPartOf\":{\"@id\":\"https:\\\/\\\/informelitoral.com.ar\\\/#website\"},\"primaryImageOfPage\":{\"@id\":\"https:\\\/\\\/informelitoral.com.ar\\\/jueves-con-cielo-variable-y-temperaturas-en-ascenso-en-entre-rios\\\/#primaryimage\"},\"image\":{\"@id\":\"https:\\\/\\\/informelitoral.com.ar\\\/jueves-con-cielo-variable-y-temperaturas-en-ascenso-en-entre-rios\\\/#primaryimage\"},\"thumbnailUrl\":\"https:\\\/\\\/informelitoral.com.ar\\\/%77%70%2d%63%6f%6e%74%65%6e%74\\\/uploads\\\/2023\\\/10\\\/amanecer-despejado.jpg\",\"datePublished\":\"2025-08-28T08:33:16+00:00\",\"dateModified\":\"2025-08-28T10:47:15+00:00\",\"breadcrumb\":{\"@id\":\"https:\\\/\\\/informelitoral.com.ar\\\/jueves-con-cielo-variable-y-temperaturas-en-ascenso-en-entre-rios\\\/#breadcrumb\"},\"inLanguage\":\"es\",\"potentialAction\":[{\"@type\":\"ReadAction\",\"target\":[\"https:\\\/\\\/informelitoral.com.ar\\\/jueves-con-cielo-variable-y-temperaturas-en-ascenso-en-entre-rios\\\/\"]}]},{\"@type\":\"ImageObject\",\"inLanguage\":\"es\",\"@id\":\"https:\\\/\\\/informelitoral.com.ar\\\/jueves-con-cielo-variable-y-temperaturas-en-ascenso-en-entre-rios\\\/#primaryimage\",\"url\":\"https:\\\/\\\/informelitoral.com.ar\\\/%77%70%2d%63%6f%6e%74%65%6e%74\\\/uploads\\\/2023\\\/10\\\/amanecer-despejado.jpg\",\"contentUrl\":\"https:\\\/\\\/informelitoral.com.ar\\\/%77%70%2d%63%6f%6e%74%65%6e%74\\\/uploads\\\/2023\\\/10\\\/amanecer-despejado.jpg\",\"width\":960,\"height\":720},{\"@type\":\"BreadcrumbList\",\"@id\":\"https:\\\/\\\/informelitoral.com.ar\\\/jueves-con-cielo-variable-y-temperaturas-en-ascenso-en-entre-rios\\\/#breadcrumb\",\"itemListElement\":[{\"@type\":\"ListItem\",\"position\":1,\"name\":\"Portada\",\"item\":\"https:\\\/\\\/informelitoral.com.ar\\\/\"},{\"@type\":\"ListItem\",\"position\":2,\"name\":\"Jueves con cielo variable y temperaturas en ascenso en Entre R\u00edos\"}]},{\"@type\":\"WebSite\",\"@id\":\"https:\\\/\\\/informelitoral.com.ar\\\/#website\",\"url\":\"https:\\\/\\\/informelitoral.com.ar\\\/\",\"name\":\"Informe Litoral\",\"description\":\"&quot;Nos informamos&quot; \",\"publisher\":{\"@id\":\"https:\\\/\\\/informelitoral.com.ar\\\/#organization\"},\"potentialAction\":[{\"@type\":\"SearchAction\",\"target\":{\"@type\":\"EntryPoint\",\"urlTemplate\":\"https:\\\/\\\/informelitoral.com.ar\\\/?s={search_term_string}\"},\"query-input\":{\"@type\":\"PropertyValueSpecification\",\"valueRequired\":true,\"valueName\":\"search_term_string\"}}],\"inLanguage\":\"es\"},{\"@type\":\"Organization\",\"@id\":\"https:\\\/\\\/informelitoral.com.ar\\\/#organization\",\"name\":\"Informe Litoral\",\"url\":\"https:\\\/\\\/informelitoral.com.ar\\\/\",\"logo\":{\"@type\":\"ImageObject\",\"inLanguage\":\"es\",\"@id\":\"https:\\\/\\\/informelitoral.com.ar\\\/#\\\/schema\\\/logo\\\/image\\\/\",\"url\":\"https:\\\/\\\/informelitoral.com.ar\\\/%77%70%2d%63%6f%6e%74%65%6e%74\\\/uploads\\\/2021\\\/01\\\/circulo.png\",\"contentUrl\":\"https:\\\/\\\/informelitoral.com.ar\\\/%77%70%2d%63%6f%6e%74%65%6e%74\\\/uploads\\\/2021\\\/01\\\/circulo.png\",\"width\":723,\"height\":731,\"caption\":\"Informe Litoral\"},\"image\":{\"@id\":\"https:\\\/\\\/informelitoral.com.ar\\\/#\\\/schema\\\/logo\\\/image\\\/\"},\"sameAs\":[\"https:\\\/\\\/www.facebook.com\\\/informelitoral\\\/\",\"https:\\\/\\\/x.com\\\/InformeLitoral\",\"https:\\\/\\\/www.instagram.com\\\/informelitoral\\\/\",\"https:\\\/\\\/www.youtube.com\\\/channel\\\/UCua4Qvz8Icb6MYqhoq9xLXw\"]},{\"@type\":\"Person\",\"@id\":\"https:\\\/\\\/informelitoral.com.ar\\\/#\\\/schema\\\/person\\\/f05f9f461677119578717524b127d6d5\",\"name\":\"Sebastian\",\"image\":{\"@type\":\"ImageObject\",\"inLanguage\":\"es\",\"@id\":\"https:\\\/\\\/secure.gravatar.com\\\/avatar\\\/b71bf7481d447dfb9583c7f2798e7cc64de6efb9067b74633ed8c31059a3bd82?s=96&d=mm&r=g\",\"url\":\"https:\\\/\\\/secure.gravatar.com\\\/avatar\\\/b71bf7481d447dfb9583c7f2798e7cc64de6efb9067b74633ed8c31059a3bd82?s=96&d=mm&r=g\",\"contentUrl\":\"https:\\\/\\\/secure.gravatar.com\\\/avatar\\\/b71bf7481d447dfb9583c7f2798e7cc64de6efb9067b74633ed8c31059a3bd82?s=96&d=mm&r=g\",\"caption\":\"Sebastian\"},\"url\":\"https:\\\/\\\/informelitoral.com.ar\\\/author\\\/sebastian\\\/\"}]}<\/script>","yoast_head_json":{"title":"Jueves con cielo variable y temperaturas en ascenso en Entre R\u00edos - Informe Litoral","robots":{"index":"index","follow":"follow","max-snippet":"max-snippet:-1","max-image-preview":"max-image-preview:large","max-video-preview":"max-video-preview:-1"},"canonical":"https:\/\/informelitoral.com.ar\/jueves-con-cielo-variable-y-temperaturas-en-ascenso-en-entre-rios\/","og_locale":"es_ES","og_type":"article","og_title":"Jueves con cielo variable y temperaturas en ascenso en Entre R\u00edos - Informe Litoral","og_description":"Se espera una jornada fresca en la ma\u00f1ana que dar\u00e1 paso a una tarde m\u00e1s c\u00e1lida y con vientos moderados.","og_url":"https:\/\/informelitoral.com.ar\/jueves-con-cielo-variable-y-temperaturas-en-ascenso-en-entre-rios\/","og_site_name":"Informe Litoral","article_publisher":"https:\/\/www.facebook.com\/informelitoral\/","article_published_time":"2025-08-28T08:33:16+00:00","article_modified_time":"2025-08-28T10:47:15+00:00","og_image":[{"width":960,"height":720,"url":"https:\/\/informelitoral.com.ar\/%77%70%2d%63%6f%6e%74%65%6e%74\/uploads\/2023\/10\/amanecer-despejado.jpg","type":"image\/jpeg"}],"author":"Sebastian","twitter_card":"summary_large_image","twitter_creator":"@InformeLitoral","twitter_site":"@InformeLitoral","twitter_misc":{"Escrito por":"Sebastian","Tiempo de lectura":"2 minutos"},"schema":{"@context":"https:\/\/schema.org","@graph":[{"@type":"Article","@id":"https:\/\/informelitoral.com.ar\/jueves-con-cielo-variable-y-temperaturas-en-ascenso-en-entre-rios\/#article","isPartOf":{"@id":"https:\/\/informelitoral.com.ar\/jueves-con-cielo-variable-y-temperaturas-en-ascenso-en-entre-rios\/"},"author":{"name":"Sebastian","@id":"https:\/\/informelitoral.com.ar\/#\/schema\/person\/f05f9f461677119578717524b127d6d5"},"headline":"Jueves con cielo variable y temperaturas en ascenso en Entre R\u00edos","datePublished":"2025-08-28T08:33:16+00:00","dateModified":"2025-08-28T10:47:15+00:00","mainEntityOfPage":{"@id":"https:\/\/informelitoral.com.ar\/jueves-con-cielo-variable-y-temperaturas-en-ascenso-en-entre-rios\/"},"wordCount":278,"commentCount":0,"publisher":{"@id":"https:\/\/informelitoral.com.ar\/#organization"},"image":{"@id":"https:\/\/informelitoral.com.ar\/jueves-con-cielo-variable-y-temperaturas-en-ascenso-en-entre-rios\/#primaryimage"},"thumbnailUrl":"https:\/\/informelitoral.com.ar\/%77%70%2d%63%6f%6e%74%65%6e%74\/uploads\/2023\/10\/amanecer-despejado.jpg","keywords":["El tiempo"],"articleSection":["Entre R\u00edos"],"inLanguage":"es","potentialAction":[{"@type":"CommentAction","name":"Comment","target":["https:\/\/informelitoral.com.ar\/jueves-con-cielo-variable-y-temperaturas-en-ascenso-en-entre-rios\/#respond"]}]},{"@type":"WebPage","@id":"https:\/\/informelitoral.com.ar\/jueves-con-cielo-variable-y-temperaturas-en-ascenso-en-entre-rios\/","url":"https:\/\/informelitoral.com.ar\/jueves-con-cielo-variable-y-temperaturas-en-ascenso-en-entre-rios\/","name":"Jueves con cielo variable y temperaturas en ascenso en Entre R\u00edos - Informe Litoral","isPartOf":{"@id":"https:\/\/informelitoral.com.ar\/#website"},"primaryImageOfPage":{"@id":"https:\/\/informelitoral.com.ar\/jueves-con-cielo-variable-y-temperaturas-en-ascenso-en-entre-rios\/#primaryimage"},"image":{"@id":"https:\/\/informelitoral.com.ar\/jueves-con-cielo-variable-y-temperaturas-en-ascenso-en-entre-rios\/#primaryimage"},"thumbnailUrl":"https:\/\/informelitoral.com.ar\/%77%70%2d%63%6f%6e%74%65%6e%74\/uploads\/2023\/10\/amanecer-despejado.jpg","datePublished":"2025-08-28T08:33:16+00:00","dateModified":"2025-08-28T10:47:15+00:00","breadcrumb":{"@id":"https:\/\/informelitoral.com.ar\/jueves-con-cielo-variable-y-temperaturas-en-ascenso-en-entre-rios\/#breadcrumb"},"inLanguage":"es","potentialAction":[{"@type":"ReadAction","target":["https:\/\/informelitoral.com.ar\/jueves-con-cielo-variable-y-temperaturas-en-ascenso-en-entre-rios\/"]}]},{"@type":"ImageObject","inLanguage":"es","@id":"https:\/\/informelitoral.com.ar\/jueves-con-cielo-variable-y-temperaturas-en-ascenso-en-entre-rios\/#primaryimage","url":"https:\/\/informelitoral.com.ar\/%77%70%2d%63%6f%6e%74%65%6e%74\/uploads\/2023\/10\/amanecer-despejado.jpg","contentUrl":"https:\/\/informelitoral.com.ar\/%77%70%2d%63%6f%6e%74%65%6e%74\/uploads\/2023\/10\/amanecer-despejado.jpg","width":960,"height":720},{"@type":"BreadcrumbList","@id":"https:\/\/informelitoral.com.ar\/jueves-con-cielo-variable-y-temperaturas-en-ascenso-en-entre-rios\/#breadcrumb","itemListElement":[{"@type":"ListItem","position":1,"name":"Portada","item":"https:\/\/informelitoral.com.ar\/"},{"@type":"ListItem","position":2,"name":"Jueves con cielo variable y temperaturas en ascenso en Entre R\u00edos"}]},{"@type":"WebSite","@id":"https:\/\/informelitoral.com.ar\/#website","url":"https:\/\/informelitoral.com.ar\/","name":"Informe Litoral","description":"&quot;Nos informamos&quot; ","publisher":{"@id":"https:\/\/informelitoral.com.ar\/#organization"},"potentialAction":[{"@type":"SearchAction","target":{"@type":"EntryPoint","urlTemplate":"https:\/\/informelitoral.com.ar\/?s={search_term_string}"},"query-input":{"@type":"PropertyValueSpecification","valueRequired":true,"valueName":"search_term_string"}}],"inLanguage":"es"},{"@type":"Organization","@id":"https:\/\/informelitoral.com.ar\/#organization","name":"Informe Litoral","url":"https:\/\/informelitoral.com.ar\/","logo":{"@type":"ImageObject","inLanguage":"es","@id":"https:\/\/informelitoral.com.ar\/#\/schema\/logo\/image\/","url":"https:\/\/informelitoral.com.ar\/%77%70%2d%63%6f%6e%74%65%6e%74\/uploads\/2021\/01\/circulo.png","contentUrl":"https:\/\/informelitoral.com.ar\/%77%70%2d%63%6f%6e%74%65%6e%74\/uploads\/2021\/01\/circulo.png","width":723,"height":731,"caption":"Informe Litoral"},"image":{"@id":"https:\/\/informelitoral.com.ar\/#\/schema\/logo\/image\/"},"sameAs":["https:\/\/www.facebook.com\/informelitoral\/","https:\/\/x.com\/InformeLitoral","https:\/\/www.instagram.com\/informelitoral\/","https:\/\/www.youtube.com\/channel\/UCua4Qvz8Icb6MYqhoq9xLXw"]},{"@type":"Person","@id":"https:\/\/informelitoral.com.ar\/#\/schema\/person\/f05f9f461677119578717524b127d6d5","name":"Sebastian","image":{"@type":"ImageObject","inLanguage":"es","@id":"https:\/\/secure.gravatar.com\/avatar\/b71bf7481d447dfb9583c7f2798e7cc64de6efb9067b74633ed8c31059a3bd82?s=96&d=mm&r=g","url":"https:\/\/secure.gravatar.com\/avatar\/b71bf7481d447dfb9583c7f2798e7cc64de6efb9067b74633ed8c31059a3bd82?s=96&d=mm&r=g","contentUrl":"https:\/\/secure.gravatar.com\/avatar\/b71bf7481d447dfb9583c7f2798e7cc64de6efb9067b74633ed8c31059a3bd82?s=96&d=mm&r=g","caption":"Sebastian"},"url":"https:\/\/informelitoral.com.ar\/author\/sebastian\/"}]}},"_links":{"self":[{"href":"https:\/\/informelitoral.com.ar\/%77%70%2d%6a%73%6f%6e\/wp\/v2\/posts\/231986","targetHints":{"allow":["GET"]}}],"collection":[{"href":"https:\/\/informelitoral.com.ar\/%77%70%2d%6a%73%6f%6e\/wp\/v2\/posts"}],"about":[{"href":"https:\/\/informelitoral.com.ar\/%77%70%2d%6a%73%6f%6e\/wp\/v2\/types\/post"}],"author":[{"embeddable":true,"href":"https:\/\/informelitoral.com.ar\/%77%70%2d%6a%73%6f%6e\/wp\/v2\/users\/8"}],"replies":[{"embeddable":true,"href":"https:\/\/informelitoral.com.ar\/%77%70%2d%6a%73%6f%6e\/wp\/v2\/comments?post=231986"}],"version-history":[{"count":4,"href":"https:\/\/informelitoral.com.ar\/%77%70%2d%6a%73%6f%6e\/wp\/v2\/posts\/231986\/revisions"}],"predecessor-version":[{"id":231994,"href":"https:\/\/informelitoral.com.ar\/%77%70%2d%6a%73%6f%6e\/wp\/v2\/posts\/231986\/revisions\/231994"}],"wp:featuredmedia":[{"embeddable":true,"href":"https:\/\/informelitoral.com.ar\/%77%70%2d%6a%73%6f%6e\/wp\/v2\/media\/167686"}],"wp:attachment":[{"href":"https:\/\/informelitoral.com.ar\/%77%70%2d%6a%73%6f%6e\/wp\/v2\/media?parent=231986"}],"wp:term":[{"taxonomy":"category","embeddable":true,"href":"https:\/\/informelitoral.com.ar\/%77%70%2d%6a%73%6f%6e\/wp\/v2\/categories?post=231986"},{"taxonomy":"post_tag","embeddable":true,"href":"https:\/\/informelitoral.com.ar\/%77%70%2d%6a%73%6f%6e\/wp\/v2\/tags?post=231986"}],"curies":[{"name":"wp","href":"https:\/\/api.w.org\/{rel}","templated":true}]}}