{"id":23198,"date":"2017-09-27T07:35:28","date_gmt":"2017-09-27T10:35:28","guid":{"rendered":"http:\/\/www.isletasnoticias.com.ar\/?p=23198"},"modified":"2017-09-27T08:04:08","modified_gmt":"2017-09-27T11:04:08","slug":"bordet-pidio-que-los-candidatos-fijen-su-postura-sobre-salto-grande","status":"publish","type":"post","link":"https:\/\/informelitoral.com.ar\/bordet-pidio-que-los-candidatos-fijen-su-postura-sobre-salto-grande\/","title":{"rendered":"Bordet pidi\u00f3 que los candidatos fijen su postura sobre Salto Grande"},"content":{"rendered":"<div class=\"post-right\">\n<p class=\"post-excerpt\"><strong>\u00abSer\u00eda importante que los candidatos de todos los partidos expliquen cu\u00e1l va a ser su posici\u00f3n respecto a la defensa de los intereses de los entrerrianos\u201d, expres\u00f3 el gobernador <em>Gustavo Bordet<\/em>. El mandatario estuvo en Federal donde le dio un nuevo impulso al proyecto de provincializaci\u00f3n de Salto Grande.<a href=\"http:\/\/www.isletasnoticias.com.ar\/%77%70%2d%63%6f%6e%74%65%6e%74\/uploads\/2017\/09\/Represa-Salto-Grande.jpg\"><img loading=\"lazy\" decoding=\"async\" class=\"aligncenter wp-image-23199 size-full\" src=\"http:\/\/www.isletasnoticias.com.ar\/%77%70%2d%63%6f%6e%74%65%6e%74\/uploads\/2017\/09\/Represa-Salto-Grande.jpg\" alt=\"\" width=\"798\" height=\"539\" srcset=\"https:\/\/informelitoral.com.ar\/%77%70%2d%63%6f%6e%74%65%6e%74\/uploads\/2017\/09\/Represa-Salto-Grande.jpg 798w, https:\/\/informelitoral.com.ar\/%77%70%2d%63%6f%6e%74%65%6e%74\/uploads\/2017\/09\/Represa-Salto-Grande-300x203.jpg 300w, https:\/\/informelitoral.com.ar\/%77%70%2d%63%6f%6e%74%65%6e%74\/uploads\/2017\/09\/Represa-Salto-Grande-768x519.jpg 768w\" sizes=\"auto, (max-width: 798px) 100vw, 798px\" \/><\/a><\/strong><\/p>\n<\/div>\n<div class=\"post-body-inner\">\n<p>El gobernador Gustavo Bordet reclam\u00f3 a los candidatos que sienten postura sobre el\u00a0<strong>proyecto de provincializaci\u00f3n de Salto Grande<\/strong>\u00a0para que los entrerrianos paguen un costo menor en la factura de luz en virtud de que la energ\u00eda el\u00e9ctrica se genera desde Entre R\u00edos. \u201c<strong>Ser\u00eda importante que los candidatos de todos los partidos expliquen cu\u00e1l va a ser su posici\u00f3n respecto a la defensa de los intereses de los entrerrianos<\/strong>\u201d, expres\u00f3 el martes en Federal durante la apertura de sobres del cierre energ\u00e9tico del norte entrerriano, en la que el gobierno provincial invertir\u00e1 con fondos propios alrededor de 280 millones de pesos.\u00a0<a class=\"thickbox\" href=\"http:\/\/www.entremediosweb.com\/%77%70%2d%63%6f%6e%74%65%6e%74\/uploads\/2017\/09\/x_1506455257.jpg\"><img loading=\"lazy\" decoding=\"async\" class=\"aligncenter wp-image-45155 size-large\" src=\"http:\/\/www.entremediosweb.com\/%77%70%2d%63%6f%6e%74%65%6e%74\/uploads\/2017\/09\/x_1506455257-640x427.jpg\" sizes=\"auto, (max-width: 640px) 100vw, 640px\" srcset=\"http:\/\/www.entremediosweb.com\/%77%70%2d%63%6f%6e%74%65%6e%74\/uploads\/2017\/09\/x_1506455257-640x427.jpg 640w, http:\/\/www.entremediosweb.com\/%77%70%2d%63%6f%6e%74%65%6e%74\/uploads\/2017\/09\/x_1506455257-240x160.jpg 240w, http:\/\/www.entremediosweb.com\/%77%70%2d%63%6f%6e%74%65%6e%74\/uploads\/2017\/09\/x_1506455257-400x267.jpg 400w, http:\/\/www.entremediosweb.com\/%77%70%2d%63%6f%6e%74%65%6e%74\/uploads\/2017\/09\/x_1506455257-768x512.jpg 768w\" alt=\"\" width=\"640\" height=\"427\" \/><\/a><br \/>\n\u201c\u00bfPor qu\u00e9 si en nuestra provincia hacemos todas estas inversiones con fondos propios y generamos la energ\u00eda a trav\u00e9s de Salto Grande, pagamos el doble m\u00e1s cara la factura de luz que en otros distritos?, se pregunt\u00f3 el mandatario. \u201c<strong>Y que se entienda que \u00e9ste no es un reclamo, sino un derecho porque Entre R\u00edos le aporta a la Naci\u00f3n mucho m\u00e1s de lo que recibe.<\/strong>Estas son las cuestiones equitativas por las que estamos pidiendo\u201d, a\u00f1adi\u00f3.<\/p>\n<p>Y agreg\u00f3: \u201cEsto lo quiero decir ahora que hay elecciones porque\u00a0<strong>este es un problema que no es de un partido pol\u00edtico, esto atraviesa a todos<\/strong>, entonces ser\u00eda importante que todos los candidatos a diputados de todos los partidos expliquen cu\u00e1l va a ser su posici\u00f3n respecto a la defensa de los intereses de los entrerrianos. Esto resulta clave y vital para el futuro\u201d, asegur\u00f3.<\/p>\n<p>\u201c<strong>Entendemos que son tiempos de trabajar en conjunto<\/strong>, como lo hacemos con el municipio de Federal lo hacemos con todos los municipios, independientemente del color pol\u00edtico. Lo hacemos con el gobierno nacional, trabajamos en conjunto porque las elecciones pasan pero los problemas quedan y el 23 de octubre tenemos que seguir resolvi\u00e9ndolos y para eso tenemos que estar todos juntos, con objetivos concretos. Esta es la convocatoria, necesitamos conseguir los recursos que leg\u00edtimamente le corresponden a Entre R\u00edos y van a encontrar un gobernador que estar\u00e1 permanentemente luchando por lo que por derecho, le corresponde a la provincia\u201d, agreg\u00f3.\u00a0<a class=\"thickbox\" href=\"http:\/\/www.entremediosweb.com\/%77%70%2d%63%6f%6e%74%65%6e%74\/uploads\/2017\/09\/x_1506455433.jpg\"><img loading=\"lazy\" decoding=\"async\" class=\"aligncenter wp-image-45156 size-large\" src=\"http:\/\/www.entremediosweb.com\/%77%70%2d%63%6f%6e%74%65%6e%74\/uploads\/2017\/09\/x_1506455433-640x427.jpg\" sizes=\"auto, (max-width: 640px) 100vw, 640px\" srcset=\"http:\/\/www.entremediosweb.com\/%77%70%2d%63%6f%6e%74%65%6e%74\/uploads\/2017\/09\/x_1506455433-640x427.jpg 640w, http:\/\/www.entremediosweb.com\/%77%70%2d%63%6f%6e%74%65%6e%74\/uploads\/2017\/09\/x_1506455433-240x160.jpg 240w, http:\/\/www.entremediosweb.com\/%77%70%2d%63%6f%6e%74%65%6e%74\/uploads\/2017\/09\/x_1506455433-400x267.jpg 400w, http:\/\/www.entremediosweb.com\/%77%70%2d%63%6f%6e%74%65%6e%74\/uploads\/2017\/09\/x_1506455433-768x512.jpg 768w\" alt=\"\" width=\"640\" height=\"427\" \/><\/a><\/p>\n<p><strong>Los presentes<\/strong><br \/>\nTambi\u00e9n participaron del acto el ministro de Planeamiento,\u00a0<strong>Luis Bendetto<\/strong>; los senadores provinciales\u00a0<strong>Nancy Miranda, Aldo Ballestena<\/strong>\u00a0y\u00a0<strong>Miriam Espinosa<\/strong>; el diputado\u00a0<strong>Juan Jos\u00e9 Bahillo<\/strong>; el secretario de Energ\u00eda,\u00a0<strong>Ra\u00fal Arroyo<\/strong>; el presidente de Enersa,\u00a0<strong>Jorge Gonz\u00e1lez<\/strong>; la directora de Vialidad provincial,\u00a0<strong>Alicia Ben\u00edtez<\/strong>; el interventor del EPRE,<strong>\u00a0Jos\u00e9 Carlos Halle;<\/strong>\u00a0el secretario general de la Federaci\u00f3n Argentina de Trabajadores de Luz y Fuerza,\u00a0<strong>Guillermo Moser<\/strong>; el secretario de Salud,\u00a0<strong>Mario Imaz<\/strong>; la presidenta del Copnaf,<strong>\u00a0Marisa Paira<\/strong>; y funcionarios municipales, entre otros.<\/p>\n<\/div>\n","protected":false},"excerpt":{"rendered":"<p>&laquo;Ser&iacute;a importante que los candidatos de todos los partidos expliquen cu&aacute;l va a ser su posici&oacute;n respecto a la defensa de los intereses de los entrerrianos&rdquo;, expres&oacute; el gobernador Gustavo Bordet. El mandatario estuvo en Federal donde le dio un nuevo impulso al proyecto de provincializaci&oacute;n de Salto Grande. El gobernador Gustavo Bordet reclam&oacute; a [&hellip;]<\/p>\n","protected":false},"author":2,"featured_media":0,"comment_status":"open","ping_status":"open","sticky":false,"template":"","format":"standard","meta":{"fifu_image_url":"","fifu_image_alt":"","footnotes":""},"categories":[6],"tags":[],"class_list":{"0":"post-23198","1":"post","2":"type-post","3":"status-publish","4":"format-standard","6":"category-entre-rios"},"yoast_head":"<title>Bordet pidi\u00f3 que los candidatos fijen su postura sobre Salto Grande - Informe Litoral<\/title>\n<meta name=\"robots\" content=\"index, follow, max-snippet:-1, max-image-preview:large, max-video-preview:-1\" \/>\n<link rel=\"canonical\" href=\"https:\/\/informelitoral.com.ar\/bordet-pidio-que-los-candidatos-fijen-su-postura-sobre-salto-grande\/\" \/>\n<meta property=\"og:locale\" content=\"es_ES\" \/>\n<meta property=\"og:type\" content=\"article\" \/>\n<meta property=\"og:title\" content=\"Bordet pidi\u00f3 que los candidatos fijen su postura sobre Salto Grande - Informe Litoral\" \/>\n<meta property=\"og:description\" content=\"&laquo;Ser&iacute;a importante que los candidatos de todos los partidos expliquen cu&aacute;l va a ser su posici&oacute;n respecto a la defensa de los intereses de los entrerrianos&rdquo;, expres&oacute; el gobernador Gustavo Bordet. El mandatario estuvo en Federal donde le dio un nuevo impulso al proyecto de provincializaci&oacute;n de Salto Grande. El gobernador Gustavo Bordet reclam&oacute; a [&hellip;]\" \/>\n<meta property=\"og:url\" content=\"https:\/\/informelitoral.com.ar\/bordet-pidio-que-los-candidatos-fijen-su-postura-sobre-salto-grande\/\" \/>\n<meta property=\"og:site_name\" content=\"Informe Litoral\" \/>\n<meta property=\"article:publisher\" content=\"https:\/\/www.facebook.com\/informelitoral\/\" \/>\n<meta property=\"article:published_time\" content=\"2017-09-27T10:35:28+00:00\" \/>\n<meta property=\"article:modified_time\" content=\"2017-09-27T11:04:08+00:00\" \/>\n<meta property=\"og:image\" content=\"https:\/\/informelitoral.com.ar\/%77%70%2d%63%6f%6e%74%65%6e%74\/uploads\/2017\/09\/Represa-Salto-Grande.jpg\" \/>\n\t<meta property=\"og:image:width\" content=\"798\" \/>\n\t<meta property=\"og:image:height\" content=\"539\" \/>\n\t<meta property=\"og:image:type\" content=\"image\/jpeg\" \/>\n<meta name=\"author\" content=\"Gonzalo Schmidt\" \/>\n<meta name=\"twitter:card\" content=\"summary_large_image\" \/>\n<meta name=\"twitter:creator\" content=\"@InformeLitoral\" \/>\n<meta name=\"twitter:site\" content=\"@InformeLitoral\" \/>\n<meta name=\"twitter:label1\" content=\"Escrito por\" \/>\n\t<meta name=\"twitter:data1\" content=\"Gonzalo Schmidt\" \/>\n\t<meta name=\"twitter:label2\" content=\"Tiempo de lectura\" \/>\n\t<meta name=\"twitter:data2\" content=\"3 minutos\" \/>\n<script type=\"application\/ld+json\" class=\"yoast-schema-graph\">{\"@context\":\"https:\\\/\\\/schema.org\",\"@graph\":[{\"@type\":\"Article\",\"@id\":\"https:\\\/\\\/informelitoral.com.ar\\\/bordet-pidio-que-los-candidatos-fijen-su-postura-sobre-salto-grande\\\/#article\",\"isPartOf\":{\"@id\":\"https:\\\/\\\/informelitoral.com.ar\\\/bordet-pidio-que-los-candidatos-fijen-su-postura-sobre-salto-grande\\\/\"},\"author\":{\"name\":\"Gonzalo Schmidt\",\"@id\":\"https:\\\/\\\/informelitoral.com.ar\\\/#\\\/schema\\\/person\\\/b9d00407c836482871ef1d57bf8e3180\"},\"headline\":\"Bordet pidi\u00f3 que los candidatos fijen su postura sobre Salto Grande\",\"datePublished\":\"2017-09-27T10:35:28+00:00\",\"dateModified\":\"2017-09-27T11:04:08+00:00\",\"mainEntityOfPage\":{\"@id\":\"https:\\\/\\\/informelitoral.com.ar\\\/bordet-pidio-que-los-candidatos-fijen-su-postura-sobre-salto-grande\\\/\"},\"wordCount\":519,\"commentCount\":0,\"publisher\":{\"@id\":\"https:\\\/\\\/informelitoral.com.ar\\\/#organization\"},\"image\":{\"@id\":\"https:\\\/\\\/informelitoral.com.ar\\\/bordet-pidio-que-los-candidatos-fijen-su-postura-sobre-salto-grande\\\/#primaryimage\"},\"thumbnailUrl\":\"http:\\\/\\\/www.isletasnoticias.com.ar\\\/%77%70%2d%63%6f%6e%74%65%6e%74\\\/uploads\\\/2017\\\/09\\\/Represa-Salto-Grande.jpg\",\"articleSection\":[\"Entre R\u00edos\"],\"inLanguage\":\"es\",\"potentialAction\":[{\"@type\":\"CommentAction\",\"name\":\"Comment\",\"target\":[\"https:\\\/\\\/informelitoral.com.ar\\\/bordet-pidio-que-los-candidatos-fijen-su-postura-sobre-salto-grande\\\/#respond\"]}]},{\"@type\":\"WebPage\",\"@id\":\"https:\\\/\\\/informelitoral.com.ar\\\/bordet-pidio-que-los-candidatos-fijen-su-postura-sobre-salto-grande\\\/\",\"url\":\"https:\\\/\\\/informelitoral.com.ar\\\/bordet-pidio-que-los-candidatos-fijen-su-postura-sobre-salto-grande\\\/\",\"name\":\"Bordet pidi\u00f3 que los candidatos fijen su postura sobre Salto Grande - Informe Litoral\",\"isPartOf\":{\"@id\":\"https:\\\/\\\/informelitoral.com.ar\\\/#website\"},\"primaryImageOfPage\":{\"@id\":\"https:\\\/\\\/informelitoral.com.ar\\\/bordet-pidio-que-los-candidatos-fijen-su-postura-sobre-salto-grande\\\/#primaryimage\"},\"image\":{\"@id\":\"https:\\\/\\\/informelitoral.com.ar\\\/bordet-pidio-que-los-candidatos-fijen-su-postura-sobre-salto-grande\\\/#primaryimage\"},\"thumbnailUrl\":\"http:\\\/\\\/www.isletasnoticias.com.ar\\\/%77%70%2d%63%6f%6e%74%65%6e%74\\\/uploads\\\/2017\\\/09\\\/Represa-Salto-Grande.jpg\",\"datePublished\":\"2017-09-27T10:35:28+00:00\",\"dateModified\":\"2017-09-27T11:04:08+00:00\",\"breadcrumb\":{\"@id\":\"https:\\\/\\\/informelitoral.com.ar\\\/bordet-pidio-que-los-candidatos-fijen-su-postura-sobre-salto-grande\\\/#breadcrumb\"},\"inLanguage\":\"es\",\"potentialAction\":[{\"@type\":\"ReadAction\",\"target\":[\"https:\\\/\\\/informelitoral.com.ar\\\/bordet-pidio-que-los-candidatos-fijen-su-postura-sobre-salto-grande\\\/\"]}]},{\"@type\":\"ImageObject\",\"inLanguage\":\"es\",\"@id\":\"https:\\\/\\\/informelitoral.com.ar\\\/bordet-pidio-que-los-candidatos-fijen-su-postura-sobre-salto-grande\\\/#primaryimage\",\"url\":\"http:\\\/\\\/www.isletasnoticias.com.ar\\\/%77%70%2d%63%6f%6e%74%65%6e%74\\\/uploads\\\/2017\\\/09\\\/Represa-Salto-Grande.jpg\",\"contentUrl\":\"http:\\\/\\\/www.isletasnoticias.com.ar\\\/%77%70%2d%63%6f%6e%74%65%6e%74\\\/uploads\\\/2017\\\/09\\\/Represa-Salto-Grande.jpg\"},{\"@type\":\"BreadcrumbList\",\"@id\":\"https:\\\/\\\/informelitoral.com.ar\\\/bordet-pidio-que-los-candidatos-fijen-su-postura-sobre-salto-grande\\\/#breadcrumb\",\"itemListElement\":[{\"@type\":\"ListItem\",\"position\":1,\"name\":\"Portada\",\"item\":\"https:\\\/\\\/informelitoral.com.ar\\\/\"},{\"@type\":\"ListItem\",\"position\":2,\"name\":\"Bordet pidi\u00f3 que los candidatos fijen su postura sobre Salto Grande\"}]},{\"@type\":\"WebSite\",\"@id\":\"https:\\\/\\\/informelitoral.com.ar\\\/#website\",\"url\":\"https:\\\/\\\/informelitoral.com.ar\\\/\",\"name\":\"Informe Litoral\",\"description\":\"&quot;Nos informamos&quot; \",\"publisher\":{\"@id\":\"https:\\\/\\\/informelitoral.com.ar\\\/#organization\"},\"potentialAction\":[{\"@type\":\"SearchAction\",\"target\":{\"@type\":\"EntryPoint\",\"urlTemplate\":\"https:\\\/\\\/informelitoral.com.ar\\\/?s={search_term_string}\"},\"query-input\":{\"@type\":\"PropertyValueSpecification\",\"valueRequired\":true,\"valueName\":\"search_term_string\"}}],\"inLanguage\":\"es\"},{\"@type\":\"Organization\",\"@id\":\"https:\\\/\\\/informelitoral.com.ar\\\/#organization\",\"name\":\"Informe Litoral\",\"url\":\"https:\\\/\\\/informelitoral.com.ar\\\/\",\"logo\":{\"@type\":\"ImageObject\",\"inLanguage\":\"es\",\"@id\":\"https:\\\/\\\/informelitoral.com.ar\\\/#\\\/schema\\\/logo\\\/image\\\/\",\"url\":\"https:\\\/\\\/informelitoral.com.ar\\\/%77%70%2d%63%6f%6e%74%65%6e%74\\\/uploads\\\/2021\\\/01\\\/circulo.png\",\"contentUrl\":\"https:\\\/\\\/informelitoral.com.ar\\\/%77%70%2d%63%6f%6e%74%65%6e%74\\\/uploads\\\/2021\\\/01\\\/circulo.png\",\"width\":723,\"height\":731,\"caption\":\"Informe Litoral\"},\"image\":{\"@id\":\"https:\\\/\\\/informelitoral.com.ar\\\/#\\\/schema\\\/logo\\\/image\\\/\"},\"sameAs\":[\"https:\\\/\\\/www.facebook.com\\\/informelitoral\\\/\",\"https:\\\/\\\/x.com\\\/InformeLitoral\",\"https:\\\/\\\/www.instagram.com\\\/informelitoral\\\/\",\"https:\\\/\\\/www.youtube.com\\\/channel\\\/UCua4Qvz8Icb6MYqhoq9xLXw\"]},{\"@type\":\"Person\",\"@id\":\"https:\\\/\\\/informelitoral.com.ar\\\/#\\\/schema\\\/person\\\/b9d00407c836482871ef1d57bf8e3180\",\"name\":\"Gonzalo Schmidt\",\"image\":{\"@type\":\"ImageObject\",\"inLanguage\":\"es\",\"@id\":\"https:\\\/\\\/secure.gravatar.com\\\/avatar\\\/31a1a7b66ff2de83bd0e9fd79d026630d2d99e55e8bfe501287647b4fd9743de?s=96&d=mm&r=g\",\"url\":\"https:\\\/\\\/secure.gravatar.com\\\/avatar\\\/31a1a7b66ff2de83bd0e9fd79d026630d2d99e55e8bfe501287647b4fd9743de?s=96&d=mm&r=g\",\"contentUrl\":\"https:\\\/\\\/secure.gravatar.com\\\/avatar\\\/31a1a7b66ff2de83bd0e9fd79d026630d2d99e55e8bfe501287647b4fd9743de?s=96&d=mm&r=g\",\"caption\":\"Gonzalo Schmidt\"},\"description\":\"Sitio web de noticias de la provincia de Entre R\u00edos, Argentina. Informaci\u00f3n y entretenimiento. Informe Litoral, nos informamos.\",\"sameAs\":[\"http:\\\/\\\/www.isletasnoticias.com.ar\"],\"url\":\"https:\\\/\\\/informelitoral.com.ar\\\/author\\\/gonzalo\\\/\"}]}<\/script>","yoast_head_json":{"title":"Bordet pidi\u00f3 que los candidatos fijen su postura sobre Salto Grande - Informe Litoral","robots":{"index":"index","follow":"follow","max-snippet":"max-snippet:-1","max-image-preview":"max-image-preview:large","max-video-preview":"max-video-preview:-1"},"canonical":"https:\/\/informelitoral.com.ar\/bordet-pidio-que-los-candidatos-fijen-su-postura-sobre-salto-grande\/","og_locale":"es_ES","og_type":"article","og_title":"Bordet pidi\u00f3 que los candidatos fijen su postura sobre Salto Grande - Informe Litoral","og_description":"&laquo;Ser&iacute;a importante que los candidatos de todos los partidos expliquen cu&aacute;l va a ser su posici&oacute;n respecto a la defensa de los intereses de los entrerrianos&rdquo;, expres&oacute; el gobernador Gustavo Bordet. El mandatario estuvo en Federal donde le dio un nuevo impulso al proyecto de provincializaci&oacute;n de Salto Grande. El gobernador Gustavo Bordet reclam&oacute; a [&hellip;]","og_url":"https:\/\/informelitoral.com.ar\/bordet-pidio-que-los-candidatos-fijen-su-postura-sobre-salto-grande\/","og_site_name":"Informe Litoral","article_publisher":"https:\/\/www.facebook.com\/informelitoral\/","article_published_time":"2017-09-27T10:35:28+00:00","article_modified_time":"2017-09-27T11:04:08+00:00","og_image":[{"width":798,"height":539,"url":"https:\/\/informelitoral.com.ar\/%77%70%2d%63%6f%6e%74%65%6e%74\/uploads\/2017\/09\/Represa-Salto-Grande.jpg","type":"image\/jpeg"}],"author":"Gonzalo Schmidt","twitter_card":"summary_large_image","twitter_creator":"@InformeLitoral","twitter_site":"@InformeLitoral","twitter_misc":{"Escrito por":"Gonzalo Schmidt","Tiempo de lectura":"3 minutos"},"schema":{"@context":"https:\/\/schema.org","@graph":[{"@type":"Article","@id":"https:\/\/informelitoral.com.ar\/bordet-pidio-que-los-candidatos-fijen-su-postura-sobre-salto-grande\/#article","isPartOf":{"@id":"https:\/\/informelitoral.com.ar\/bordet-pidio-que-los-candidatos-fijen-su-postura-sobre-salto-grande\/"},"author":{"name":"Gonzalo Schmidt","@id":"https:\/\/informelitoral.com.ar\/#\/schema\/person\/b9d00407c836482871ef1d57bf8e3180"},"headline":"Bordet pidi\u00f3 que los candidatos fijen su postura sobre Salto Grande","datePublished":"2017-09-27T10:35:28+00:00","dateModified":"2017-09-27T11:04:08+00:00","mainEntityOfPage":{"@id":"https:\/\/informelitoral.com.ar\/bordet-pidio-que-los-candidatos-fijen-su-postura-sobre-salto-grande\/"},"wordCount":519,"commentCount":0,"publisher":{"@id":"https:\/\/informelitoral.com.ar\/#organization"},"image":{"@id":"https:\/\/informelitoral.com.ar\/bordet-pidio-que-los-candidatos-fijen-su-postura-sobre-salto-grande\/#primaryimage"},"thumbnailUrl":"http:\/\/www.isletasnoticias.com.ar\/%77%70%2d%63%6f%6e%74%65%6e%74\/uploads\/2017\/09\/Represa-Salto-Grande.jpg","articleSection":["Entre R\u00edos"],"inLanguage":"es","potentialAction":[{"@type":"CommentAction","name":"Comment","target":["https:\/\/informelitoral.com.ar\/bordet-pidio-que-los-candidatos-fijen-su-postura-sobre-salto-grande\/#respond"]}]},{"@type":"WebPage","@id":"https:\/\/informelitoral.com.ar\/bordet-pidio-que-los-candidatos-fijen-su-postura-sobre-salto-grande\/","url":"https:\/\/informelitoral.com.ar\/bordet-pidio-que-los-candidatos-fijen-su-postura-sobre-salto-grande\/","name":"Bordet pidi\u00f3 que los candidatos fijen su postura sobre Salto Grande - Informe Litoral","isPartOf":{"@id":"https:\/\/informelitoral.com.ar\/#website"},"primaryImageOfPage":{"@id":"https:\/\/informelitoral.com.ar\/bordet-pidio-que-los-candidatos-fijen-su-postura-sobre-salto-grande\/#primaryimage"},"image":{"@id":"https:\/\/informelitoral.com.ar\/bordet-pidio-que-los-candidatos-fijen-su-postura-sobre-salto-grande\/#primaryimage"},"thumbnailUrl":"http:\/\/www.isletasnoticias.com.ar\/%77%70%2d%63%6f%6e%74%65%6e%74\/uploads\/2017\/09\/Represa-Salto-Grande.jpg","datePublished":"2017-09-27T10:35:28+00:00","dateModified":"2017-09-27T11:04:08+00:00","breadcrumb":{"@id":"https:\/\/informelitoral.com.ar\/bordet-pidio-que-los-candidatos-fijen-su-postura-sobre-salto-grande\/#breadcrumb"},"inLanguage":"es","potentialAction":[{"@type":"ReadAction","target":["https:\/\/informelitoral.com.ar\/bordet-pidio-que-los-candidatos-fijen-su-postura-sobre-salto-grande\/"]}]},{"@type":"ImageObject","inLanguage":"es","@id":"https:\/\/informelitoral.com.ar\/bordet-pidio-que-los-candidatos-fijen-su-postura-sobre-salto-grande\/#primaryimage","url":"http:\/\/www.isletasnoticias.com.ar\/%77%70%2d%63%6f%6e%74%65%6e%74\/uploads\/2017\/09\/Represa-Salto-Grande.jpg","contentUrl":"http:\/\/www.isletasnoticias.com.ar\/%77%70%2d%63%6f%6e%74%65%6e%74\/uploads\/2017\/09\/Represa-Salto-Grande.jpg"},{"@type":"BreadcrumbList","@id":"https:\/\/informelitoral.com.ar\/bordet-pidio-que-los-candidatos-fijen-su-postura-sobre-salto-grande\/#breadcrumb","itemListElement":[{"@type":"ListItem","position":1,"name":"Portada","item":"https:\/\/informelitoral.com.ar\/"},{"@type":"ListItem","position":2,"name":"Bordet pidi\u00f3 que los candidatos fijen su postura sobre Salto Grande"}]},{"@type":"WebSite","@id":"https:\/\/informelitoral.com.ar\/#website","url":"https:\/\/informelitoral.com.ar\/","name":"Informe Litoral","description":"&quot;Nos informamos&quot; ","publisher":{"@id":"https:\/\/informelitoral.com.ar\/#organization"},"potentialAction":[{"@type":"SearchAction","target":{"@type":"EntryPoint","urlTemplate":"https:\/\/informelitoral.com.ar\/?s={search_term_string}"},"query-input":{"@type":"PropertyValueSpecification","valueRequired":true,"valueName":"search_term_string"}}],"inLanguage":"es"},{"@type":"Organization","@id":"https:\/\/informelitoral.com.ar\/#organization","name":"Informe Litoral","url":"https:\/\/informelitoral.com.ar\/","logo":{"@type":"ImageObject","inLanguage":"es","@id":"https:\/\/informelitoral.com.ar\/#\/schema\/logo\/image\/","url":"https:\/\/informelitoral.com.ar\/%77%70%2d%63%6f%6e%74%65%6e%74\/uploads\/2021\/01\/circulo.png","contentUrl":"https:\/\/informelitoral.com.ar\/%77%70%2d%63%6f%6e%74%65%6e%74\/uploads\/2021\/01\/circulo.png","width":723,"height":731,"caption":"Informe Litoral"},"image":{"@id":"https:\/\/informelitoral.com.ar\/#\/schema\/logo\/image\/"},"sameAs":["https:\/\/www.facebook.com\/informelitoral\/","https:\/\/x.com\/InformeLitoral","https:\/\/www.instagram.com\/informelitoral\/","https:\/\/www.youtube.com\/channel\/UCua4Qvz8Icb6MYqhoq9xLXw"]},{"@type":"Person","@id":"https:\/\/informelitoral.com.ar\/#\/schema\/person\/b9d00407c836482871ef1d57bf8e3180","name":"Gonzalo Schmidt","image":{"@type":"ImageObject","inLanguage":"es","@id":"https:\/\/secure.gravatar.com\/avatar\/31a1a7b66ff2de83bd0e9fd79d026630d2d99e55e8bfe501287647b4fd9743de?s=96&d=mm&r=g","url":"https:\/\/secure.gravatar.com\/avatar\/31a1a7b66ff2de83bd0e9fd79d026630d2d99e55e8bfe501287647b4fd9743de?s=96&d=mm&r=g","contentUrl":"https:\/\/secure.gravatar.com\/avatar\/31a1a7b66ff2de83bd0e9fd79d026630d2d99e55e8bfe501287647b4fd9743de?s=96&d=mm&r=g","caption":"Gonzalo Schmidt"},"description":"Sitio web de noticias de la provincia de Entre R\u00edos, Argentina. Informaci\u00f3n y entretenimiento. Informe Litoral, nos informamos.","sameAs":["http:\/\/www.isletasnoticias.com.ar"],"url":"https:\/\/informelitoral.com.ar\/author\/gonzalo\/"}]}},"_links":{"self":[{"href":"https:\/\/informelitoral.com.ar\/%77%70%2d%6a%73%6f%6e\/wp\/v2\/posts\/23198","targetHints":{"allow":["GET"]}}],"collection":[{"href":"https:\/\/informelitoral.com.ar\/%77%70%2d%6a%73%6f%6e\/wp\/v2\/posts"}],"about":[{"href":"https:\/\/informelitoral.com.ar\/%77%70%2d%6a%73%6f%6e\/wp\/v2\/types\/post"}],"author":[{"embeddable":true,"href":"https:\/\/informelitoral.com.ar\/%77%70%2d%6a%73%6f%6e\/wp\/v2\/users\/2"}],"replies":[{"embeddable":true,"href":"https:\/\/informelitoral.com.ar\/%77%70%2d%6a%73%6f%6e\/wp\/v2\/comments?post=23198"}],"version-history":[{"count":0,"href":"https:\/\/informelitoral.com.ar\/%77%70%2d%6a%73%6f%6e\/wp\/v2\/posts\/23198\/revisions"}],"wp:attachment":[{"href":"https:\/\/informelitoral.com.ar\/%77%70%2d%6a%73%6f%6e\/wp\/v2\/media?parent=23198"}],"wp:term":[{"taxonomy":"category","embeddable":true,"href":"https:\/\/informelitoral.com.ar\/%77%70%2d%6a%73%6f%6e\/wp\/v2\/categories?post=23198"},{"taxonomy":"post_tag","embeddable":true,"href":"https:\/\/informelitoral.com.ar\/%77%70%2d%6a%73%6f%6e\/wp\/v2\/tags?post=23198"}],"curies":[{"name":"wp","href":"https:\/\/api.w.org\/{rel}","templated":true}]}}