{"id":23195,"date":"2017-09-27T07:32:21","date_gmt":"2017-09-27T10:32:21","guid":{"rendered":"http:\/\/www.isletasnoticias.com.ar\/?p=23195"},"modified":"2017-09-27T07:32:21","modified_gmt":"2017-09-27T10:32:21","slug":"continua-el-alerta-por-tormentas-y-lloveria-hasta-el-viernes","status":"publish","type":"post","link":"https:\/\/informelitoral.com.ar\/continua-el-alerta-por-tormentas-y-lloveria-hasta-el-viernes\/","title":{"rendered":"Contin\u00faa el alerta por tormentas y llover\u00eda hasta el viernes"},"content":{"rendered":"<div class=\"post-right\">\n<p class=\"post-excerpt\"><strong>El fen\u00f3meno abarca el centro y norte de Entre R\u00edos, inform\u00f3 el Servicio Metereol\u00f3gico Nacional. El organismo pronosticador prev\u00e9 que las condiciones mejorar\u00e1n en el transcurso de la jornada pero las lluvias continuar\u00edan durante, al menos, dos d\u00edas m\u00e1s. Hacia el fin de semana seguir\u00eda la inestabilidad pero no se prev\u00e9n precipitaciones.<a href=\"http:\/\/www.isletasnoticias.com.ar\/%77%70%2d%63%6f%6e%74%65%6e%74\/uploads\/2017\/09\/lluvia.smn_.pron\u00f3stico.jpg\"><img loading=\"lazy\" decoding=\"async\" class=\"aligncenter wp-image-23196 size-full\" src=\"http:\/\/www.isletasnoticias.com.ar\/%77%70%2d%63%6f%6e%74%65%6e%74\/uploads\/2017\/09\/lluvia.smn_.pron\u00f3stico.jpg\" alt=\"\" width=\"900\" height=\"602\" srcset=\"https:\/\/informelitoral.com.ar\/%77%70%2d%63%6f%6e%74%65%6e%74\/uploads\/2017\/09\/lluvia.smn_.pron\u00f3stico.jpg 900w, https:\/\/informelitoral.com.ar\/%77%70%2d%63%6f%6e%74%65%6e%74\/uploads\/2017\/09\/lluvia.smn_.pron\u00f3stico-300x201.jpg 300w, https:\/\/informelitoral.com.ar\/%77%70%2d%63%6f%6e%74%65%6e%74\/uploads\/2017\/09\/lluvia.smn_.pron\u00f3stico-768x514.jpg 768w\" sizes=\"auto, (max-width: 900px) 100vw, 900px\" \/><\/a><\/strong><\/p>\n<\/div>\n<div class=\"post-body-inner\">\n<p>El Servicio Meteorol\u00f3gico Nacional\u00a0<strong>-SMN-<\/strong>\u00a0renov\u00f3 a las 4.30 el<strong>\u00a0alerta por<\/strong>\u00a0<strong>tormentas fuertes<\/strong>para el\u00a0<strong>norte y centro de Entre R\u00edos<\/strong>, sur de Corrientes, norte y centro de Santa Fe, Santiago del Estero y Tucum\u00e1n, aunque anticipa que las condiciones mejorar\u00e1n durante la ma\u00f1ana.<a class=\"thickbox\" href=\"http:\/\/www.entremediosweb.com\/%77%70%2d%63%6f%6e%74%65%6e%74\/uploads\/2017\/09\/o_1506502669.jpg\"><img loading=\"lazy\" decoding=\"async\" class=\"aligncenter wp-image-45165 size-large\" src=\"http:\/\/www.entremediosweb.com\/%77%70%2d%63%6f%6e%74%65%6e%74\/uploads\/2017\/09\/o_1506502669-640x360.jpg\" sizes=\"auto, (max-width: 640px) 100vw, 640px\" srcset=\"http:\/\/www.entremediosweb.com\/%77%70%2d%63%6f%6e%74%65%6e%74\/uploads\/2017\/09\/o_1506502669-640x360.jpg 640w, http:\/\/www.entremediosweb.com\/%77%70%2d%63%6f%6e%74%65%6e%74\/uploads\/2017\/09\/o_1506502669-240x135.jpg 240w, http:\/\/www.entremediosweb.com\/%77%70%2d%63%6f%6e%74%65%6e%74\/uploads\/2017\/09\/o_1506502669-400x225.jpg 400w, http:\/\/www.entremediosweb.com\/%77%70%2d%63%6f%6e%74%65%6e%74\/uploads\/2017\/09\/o_1506502669-768x432.jpg 768w, http:\/\/www.entremediosweb.com\/%77%70%2d%63%6f%6e%74%65%6e%74\/uploads\/2017\/09\/o_1506502669.jpg 800w\" alt=\"\" width=\"640\" height=\"360\" \/><\/a><\/p>\n<p>El informe da cuenta de que\u00a0<em>\u201cse est\u00e1n desarrollando tormentas de variada intensidad\u201d<\/em>. Se prev\u00e9 que\u00a0<em>\u201cen las pr\u00f3ximas horas las mismas se generalicen al resto de la regi\u00f3n. Algunas de las tormentas podr\u00edan ser localmente fuertes, acompa\u00f1adas de abundante ca\u00edda de agua en cortos periodos, fuerte actividad el\u00e9ctrica, r\u00e1fagas y ocasional ca\u00edda de granizo\u201d.\u00a0<\/em><\/p>\n<p>\u201cEstas condiciones tender\u00e1n a\u00a0<strong>mejorar durante la ma\u00f1ana<\/strong>\u00a0del d\u00eda de hoy\u201d, se\u00f1ala el SMN.<\/p>\n<p><strong>El pron\u00f3stico extendido<\/strong><\/p>\n<p>Para lo que resta de la jornada de este\u00a0<strong>mi\u00e9rcoles<\/strong>\u00a0se anticipa cielo nublado, probabilidad de lluvias y chaparrones y vientos moderados del sector sur, rotando al sudeste. La\u00a0<strong>temperatura m\u00ednima fue de 13 grados y la m\u00e1xima alcanzar\u00e1 los 20.<\/strong><\/p>\n<p>En tanto, para el\u00a0<strong>jueves 28<\/strong>, el Servicio Metereol\u00f3gico prev\u00e9\u00a0<strong>lluvias y lloviznas durante toda la jornada<\/strong>, mientras que el\u00a0<strong>viernes 29<\/strong>\u00a0-feriado provincial-\u00a0<strong>comenzar\u00eda con lluvias y hacia la tarde o noche estar\u00eda inestable con probables precipitaciones.<\/strong>\u00a0Las temperaturas para ambas jornadas promediar\u00e1n los 12 grados la m\u00ednima y 18 la m\u00e1xima.<\/p>\n<p>Por el momento,\u00a0<strong>para el s\u00e1bado 30 no se anuncian precipitaciones.<\/strong>\u00a0Estar\u00eda inestable por la ma\u00f1ana y parcialmente nublado hacia la tarde noche. La temperatura m\u00ednima estar\u00eda en los 12 y la m\u00e1xima alcanzar\u00eda los 21 grados.<\/p>\n<\/div>\n","protected":false},"excerpt":{"rendered":"<p>El fen&oacute;meno abarca el centro y norte de Entre R&iacute;os, inform&oacute; el Servicio Metereol&oacute;gico Nacional. El organismo pronosticador prev&eacute; que las condiciones mejorar&aacute;n en el transcurso de la jornada pero las lluvias continuar&iacute;an durante, al menos, dos d&iacute;as m&aacute;s. Hacia el fin de semana seguir&iacute;a la inestabilidad pero no se prev&eacute;n precipitaciones. El Servicio Meteorol&oacute;gico [&hellip;]<\/p>\n","protected":false},"author":2,"featured_media":0,"comment_status":"open","ping_status":"open","sticky":false,"template":"","format":"standard","meta":{"fifu_image_url":"","fifu_image_alt":"","footnotes":""},"categories":[6],"tags":[],"class_list":{"0":"post-23195","1":"post","2":"type-post","3":"status-publish","4":"format-standard","6":"category-entre-rios"},"yoast_head":"<title>Contin\u00faa el alerta por tormentas y llover\u00eda hasta el viernes - Informe Litoral<\/title>\n<meta name=\"robots\" content=\"index, follow, max-snippet:-1, max-image-preview:large, max-video-preview:-1\" \/>\n<link rel=\"canonical\" href=\"https:\/\/informelitoral.com.ar\/continua-el-alerta-por-tormentas-y-lloveria-hasta-el-viernes\/\" \/>\n<meta property=\"og:locale\" content=\"es_ES\" \/>\n<meta property=\"og:type\" content=\"article\" \/>\n<meta property=\"og:title\" content=\"Contin\u00faa el alerta por tormentas y llover\u00eda hasta el viernes - Informe Litoral\" \/>\n<meta property=\"og:description\" content=\"El fen&oacute;meno abarca el centro y norte de Entre R&iacute;os, inform&oacute; el Servicio Metereol&oacute;gico Nacional. El organismo pronosticador prev&eacute; que las condiciones mejorar&aacute;n en el transcurso de la jornada pero las lluvias continuar&iacute;an durante, al menos, dos d&iacute;as m&aacute;s. Hacia el fin de semana seguir&iacute;a la inestabilidad pero no se prev&eacute;n precipitaciones. El Servicio Meteorol&oacute;gico [&hellip;]\" \/>\n<meta property=\"og:url\" content=\"https:\/\/informelitoral.com.ar\/continua-el-alerta-por-tormentas-y-lloveria-hasta-el-viernes\/\" \/>\n<meta property=\"og:site_name\" content=\"Informe Litoral\" \/>\n<meta property=\"article:publisher\" content=\"https:\/\/www.facebook.com\/informelitoral\/\" \/>\n<meta property=\"article:published_time\" content=\"2017-09-27T10:32:21+00:00\" \/>\n<meta property=\"og:image\" content=\"http:\/\/www.entremediosweb.com\/%77%70%2d%63%6f%6e%74%65%6e%74\/uploads\/2017\/09\/o_1506502669-640x360.jpg\" \/>\n<meta name=\"author\" content=\"Gonzalo Schmidt\" \/>\n<meta name=\"twitter:card\" content=\"summary_large_image\" \/>\n<meta name=\"twitter:creator\" content=\"@InformeLitoral\" \/>\n<meta name=\"twitter:site\" content=\"@InformeLitoral\" \/>\n<meta name=\"twitter:label1\" content=\"Escrito por\" \/>\n\t<meta name=\"twitter:data1\" content=\"Gonzalo Schmidt\" \/>\n\t<meta name=\"twitter:label2\" content=\"Tiempo de lectura\" \/>\n\t<meta name=\"twitter:data2\" content=\"2 minutos\" \/>\n<script type=\"application\/ld+json\" class=\"yoast-schema-graph\">{\"@context\":\"https:\\\/\\\/schema.org\",\"@graph\":[{\"@type\":\"Article\",\"@id\":\"https:\\\/\\\/informelitoral.com.ar\\\/continua-el-alerta-por-tormentas-y-lloveria-hasta-el-viernes\\\/#article\",\"isPartOf\":{\"@id\":\"https:\\\/\\\/informelitoral.com.ar\\\/continua-el-alerta-por-tormentas-y-lloveria-hasta-el-viernes\\\/\"},\"author\":{\"name\":\"Gonzalo Schmidt\",\"@id\":\"https:\\\/\\\/informelitoral.com.ar\\\/#\\\/schema\\\/person\\\/b9d00407c836482871ef1d57bf8e3180\"},\"headline\":\"Contin\u00faa el alerta por tormentas y llover\u00eda hasta el viernes\",\"datePublished\":\"2017-09-27T10:32:21+00:00\",\"mainEntityOfPage\":{\"@id\":\"https:\\\/\\\/informelitoral.com.ar\\\/continua-el-alerta-por-tormentas-y-lloveria-hasta-el-viernes\\\/\"},\"wordCount\":346,\"commentCount\":0,\"publisher\":{\"@id\":\"https:\\\/\\\/informelitoral.com.ar\\\/#organization\"},\"image\":{\"@id\":\"https:\\\/\\\/informelitoral.com.ar\\\/continua-el-alerta-por-tormentas-y-lloveria-hasta-el-viernes\\\/#primaryimage\"},\"thumbnailUrl\":\"http:\\\/\\\/www.entremediosweb.com\\\/%77%70%2d%63%6f%6e%74%65%6e%74\\\/uploads\\\/2017\\\/09\\\/o_1506502669-640x360.jpg\",\"articleSection\":[\"Entre R\u00edos\"],\"inLanguage\":\"es\",\"potentialAction\":[{\"@type\":\"CommentAction\",\"name\":\"Comment\",\"target\":[\"https:\\\/\\\/informelitoral.com.ar\\\/continua-el-alerta-por-tormentas-y-lloveria-hasta-el-viernes\\\/#respond\"]}]},{\"@type\":\"WebPage\",\"@id\":\"https:\\\/\\\/informelitoral.com.ar\\\/continua-el-alerta-por-tormentas-y-lloveria-hasta-el-viernes\\\/\",\"url\":\"https:\\\/\\\/informelitoral.com.ar\\\/continua-el-alerta-por-tormentas-y-lloveria-hasta-el-viernes\\\/\",\"name\":\"Contin\u00faa el alerta por tormentas y llover\u00eda hasta el viernes - Informe Litoral\",\"isPartOf\":{\"@id\":\"https:\\\/\\\/informelitoral.com.ar\\\/#website\"},\"primaryImageOfPage\":{\"@id\":\"https:\\\/\\\/informelitoral.com.ar\\\/continua-el-alerta-por-tormentas-y-lloveria-hasta-el-viernes\\\/#primaryimage\"},\"image\":{\"@id\":\"https:\\\/\\\/informelitoral.com.ar\\\/continua-el-alerta-por-tormentas-y-lloveria-hasta-el-viernes\\\/#primaryimage\"},\"thumbnailUrl\":\"http:\\\/\\\/www.entremediosweb.com\\\/%77%70%2d%63%6f%6e%74%65%6e%74\\\/uploads\\\/2017\\\/09\\\/o_1506502669-640x360.jpg\",\"datePublished\":\"2017-09-27T10:32:21+00:00\",\"breadcrumb\":{\"@id\":\"https:\\\/\\\/informelitoral.com.ar\\\/continua-el-alerta-por-tormentas-y-lloveria-hasta-el-viernes\\\/#breadcrumb\"},\"inLanguage\":\"es\",\"potentialAction\":[{\"@type\":\"ReadAction\",\"target\":[\"https:\\\/\\\/informelitoral.com.ar\\\/continua-el-alerta-por-tormentas-y-lloveria-hasta-el-viernes\\\/\"]}]},{\"@type\":\"ImageObject\",\"inLanguage\":\"es\",\"@id\":\"https:\\\/\\\/informelitoral.com.ar\\\/continua-el-alerta-por-tormentas-y-lloveria-hasta-el-viernes\\\/#primaryimage\",\"url\":\"http:\\\/\\\/www.entremediosweb.com\\\/%77%70%2d%63%6f%6e%74%65%6e%74\\\/uploads\\\/2017\\\/09\\\/o_1506502669-640x360.jpg\",\"contentUrl\":\"http:\\\/\\\/www.entremediosweb.com\\\/%77%70%2d%63%6f%6e%74%65%6e%74\\\/uploads\\\/2017\\\/09\\\/o_1506502669-640x360.jpg\"},{\"@type\":\"BreadcrumbList\",\"@id\":\"https:\\\/\\\/informelitoral.com.ar\\\/continua-el-alerta-por-tormentas-y-lloveria-hasta-el-viernes\\\/#breadcrumb\",\"itemListElement\":[{\"@type\":\"ListItem\",\"position\":1,\"name\":\"Portada\",\"item\":\"https:\\\/\\\/informelitoral.com.ar\\\/\"},{\"@type\":\"ListItem\",\"position\":2,\"name\":\"Contin\u00faa el alerta por tormentas y llover\u00eda hasta el viernes\"}]},{\"@type\":\"WebSite\",\"@id\":\"https:\\\/\\\/informelitoral.com.ar\\\/#website\",\"url\":\"https:\\\/\\\/informelitoral.com.ar\\\/\",\"name\":\"Informe Litoral\",\"description\":\"&quot;Nos informamos&quot; \",\"publisher\":{\"@id\":\"https:\\\/\\\/informelitoral.com.ar\\\/#organization\"},\"potentialAction\":[{\"@type\":\"SearchAction\",\"target\":{\"@type\":\"EntryPoint\",\"urlTemplate\":\"https:\\\/\\\/informelitoral.com.ar\\\/?s={search_term_string}\"},\"query-input\":{\"@type\":\"PropertyValueSpecification\",\"valueRequired\":true,\"valueName\":\"search_term_string\"}}],\"inLanguage\":\"es\"},{\"@type\":\"Organization\",\"@id\":\"https:\\\/\\\/informelitoral.com.ar\\\/#organization\",\"name\":\"Informe Litoral\",\"url\":\"https:\\\/\\\/informelitoral.com.ar\\\/\",\"logo\":{\"@type\":\"ImageObject\",\"inLanguage\":\"es\",\"@id\":\"https:\\\/\\\/informelitoral.com.ar\\\/#\\\/schema\\\/logo\\\/image\\\/\",\"url\":\"https:\\\/\\\/informelitoral.com.ar\\\/%77%70%2d%63%6f%6e%74%65%6e%74\\\/uploads\\\/2021\\\/01\\\/circulo.png\",\"contentUrl\":\"https:\\\/\\\/informelitoral.com.ar\\\/%77%70%2d%63%6f%6e%74%65%6e%74\\\/uploads\\\/2021\\\/01\\\/circulo.png\",\"width\":723,\"height\":731,\"caption\":\"Informe Litoral\"},\"image\":{\"@id\":\"https:\\\/\\\/informelitoral.com.ar\\\/#\\\/schema\\\/logo\\\/image\\\/\"},\"sameAs\":[\"https:\\\/\\\/www.facebook.com\\\/informelitoral\\\/\",\"https:\\\/\\\/x.com\\\/InformeLitoral\",\"https:\\\/\\\/www.instagram.com\\\/informelitoral\\\/\",\"https:\\\/\\\/www.youtube.com\\\/channel\\\/UCua4Qvz8Icb6MYqhoq9xLXw\"]},{\"@type\":\"Person\",\"@id\":\"https:\\\/\\\/informelitoral.com.ar\\\/#\\\/schema\\\/person\\\/b9d00407c836482871ef1d57bf8e3180\",\"name\":\"Gonzalo Schmidt\",\"image\":{\"@type\":\"ImageObject\",\"inLanguage\":\"es\",\"@id\":\"https:\\\/\\\/secure.gravatar.com\\\/avatar\\\/31a1a7b66ff2de83bd0e9fd79d026630d2d99e55e8bfe501287647b4fd9743de?s=96&d=mm&r=g\",\"url\":\"https:\\\/\\\/secure.gravatar.com\\\/avatar\\\/31a1a7b66ff2de83bd0e9fd79d026630d2d99e55e8bfe501287647b4fd9743de?s=96&d=mm&r=g\",\"contentUrl\":\"https:\\\/\\\/secure.gravatar.com\\\/avatar\\\/31a1a7b66ff2de83bd0e9fd79d026630d2d99e55e8bfe501287647b4fd9743de?s=96&d=mm&r=g\",\"caption\":\"Gonzalo Schmidt\"},\"description\":\"Sitio web de noticias de la provincia de Entre R\u00edos, Argentina. Informaci\u00f3n y entretenimiento. Informe Litoral, nos informamos.\",\"sameAs\":[\"http:\\\/\\\/www.isletasnoticias.com.ar\"],\"url\":\"https:\\\/\\\/informelitoral.com.ar\\\/author\\\/gonzalo\\\/\"}]}<\/script>","yoast_head_json":{"title":"Contin\u00faa el alerta por tormentas y llover\u00eda hasta el viernes - Informe Litoral","robots":{"index":"index","follow":"follow","max-snippet":"max-snippet:-1","max-image-preview":"max-image-preview:large","max-video-preview":"max-video-preview:-1"},"canonical":"https:\/\/informelitoral.com.ar\/continua-el-alerta-por-tormentas-y-lloveria-hasta-el-viernes\/","og_locale":"es_ES","og_type":"article","og_title":"Contin\u00faa el alerta por tormentas y llover\u00eda hasta el viernes - Informe Litoral","og_description":"El fen&oacute;meno abarca el centro y norte de Entre R&iacute;os, inform&oacute; el Servicio Metereol&oacute;gico Nacional. El organismo pronosticador prev&eacute; que las condiciones mejorar&aacute;n en el transcurso de la jornada pero las lluvias continuar&iacute;an durante, al menos, dos d&iacute;as m&aacute;s. Hacia el fin de semana seguir&iacute;a la inestabilidad pero no se prev&eacute;n precipitaciones. El Servicio Meteorol&oacute;gico [&hellip;]","og_url":"https:\/\/informelitoral.com.ar\/continua-el-alerta-por-tormentas-y-lloveria-hasta-el-viernes\/","og_site_name":"Informe Litoral","article_publisher":"https:\/\/www.facebook.com\/informelitoral\/","article_published_time":"2017-09-27T10:32:21+00:00","og_image":[{"url":"http:\/\/www.entremediosweb.com\/%77%70%2d%63%6f%6e%74%65%6e%74\/uploads\/2017\/09\/o_1506502669-640x360.jpg","type":"","width":"","height":""}],"author":"Gonzalo Schmidt","twitter_card":"summary_large_image","twitter_creator":"@InformeLitoral","twitter_site":"@InformeLitoral","twitter_misc":{"Escrito por":"Gonzalo Schmidt","Tiempo de lectura":"2 minutos"},"schema":{"@context":"https:\/\/schema.org","@graph":[{"@type":"Article","@id":"https:\/\/informelitoral.com.ar\/continua-el-alerta-por-tormentas-y-lloveria-hasta-el-viernes\/#article","isPartOf":{"@id":"https:\/\/informelitoral.com.ar\/continua-el-alerta-por-tormentas-y-lloveria-hasta-el-viernes\/"},"author":{"name":"Gonzalo Schmidt","@id":"https:\/\/informelitoral.com.ar\/#\/schema\/person\/b9d00407c836482871ef1d57bf8e3180"},"headline":"Contin\u00faa el alerta por tormentas y llover\u00eda hasta el viernes","datePublished":"2017-09-27T10:32:21+00:00","mainEntityOfPage":{"@id":"https:\/\/informelitoral.com.ar\/continua-el-alerta-por-tormentas-y-lloveria-hasta-el-viernes\/"},"wordCount":346,"commentCount":0,"publisher":{"@id":"https:\/\/informelitoral.com.ar\/#organization"},"image":{"@id":"https:\/\/informelitoral.com.ar\/continua-el-alerta-por-tormentas-y-lloveria-hasta-el-viernes\/#primaryimage"},"thumbnailUrl":"http:\/\/www.entremediosweb.com\/%77%70%2d%63%6f%6e%74%65%6e%74\/uploads\/2017\/09\/o_1506502669-640x360.jpg","articleSection":["Entre R\u00edos"],"inLanguage":"es","potentialAction":[{"@type":"CommentAction","name":"Comment","target":["https:\/\/informelitoral.com.ar\/continua-el-alerta-por-tormentas-y-lloveria-hasta-el-viernes\/#respond"]}]},{"@type":"WebPage","@id":"https:\/\/informelitoral.com.ar\/continua-el-alerta-por-tormentas-y-lloveria-hasta-el-viernes\/","url":"https:\/\/informelitoral.com.ar\/continua-el-alerta-por-tormentas-y-lloveria-hasta-el-viernes\/","name":"Contin\u00faa el alerta por tormentas y llover\u00eda hasta el viernes - Informe Litoral","isPartOf":{"@id":"https:\/\/informelitoral.com.ar\/#website"},"primaryImageOfPage":{"@id":"https:\/\/informelitoral.com.ar\/continua-el-alerta-por-tormentas-y-lloveria-hasta-el-viernes\/#primaryimage"},"image":{"@id":"https:\/\/informelitoral.com.ar\/continua-el-alerta-por-tormentas-y-lloveria-hasta-el-viernes\/#primaryimage"},"thumbnailUrl":"http:\/\/www.entremediosweb.com\/%77%70%2d%63%6f%6e%74%65%6e%74\/uploads\/2017\/09\/o_1506502669-640x360.jpg","datePublished":"2017-09-27T10:32:21+00:00","breadcrumb":{"@id":"https:\/\/informelitoral.com.ar\/continua-el-alerta-por-tormentas-y-lloveria-hasta-el-viernes\/#breadcrumb"},"inLanguage":"es","potentialAction":[{"@type":"ReadAction","target":["https:\/\/informelitoral.com.ar\/continua-el-alerta-por-tormentas-y-lloveria-hasta-el-viernes\/"]}]},{"@type":"ImageObject","inLanguage":"es","@id":"https:\/\/informelitoral.com.ar\/continua-el-alerta-por-tormentas-y-lloveria-hasta-el-viernes\/#primaryimage","url":"http:\/\/www.entremediosweb.com\/%77%70%2d%63%6f%6e%74%65%6e%74\/uploads\/2017\/09\/o_1506502669-640x360.jpg","contentUrl":"http:\/\/www.entremediosweb.com\/%77%70%2d%63%6f%6e%74%65%6e%74\/uploads\/2017\/09\/o_1506502669-640x360.jpg"},{"@type":"BreadcrumbList","@id":"https:\/\/informelitoral.com.ar\/continua-el-alerta-por-tormentas-y-lloveria-hasta-el-viernes\/#breadcrumb","itemListElement":[{"@type":"ListItem","position":1,"name":"Portada","item":"https:\/\/informelitoral.com.ar\/"},{"@type":"ListItem","position":2,"name":"Contin\u00faa el alerta por tormentas y llover\u00eda hasta el viernes"}]},{"@type":"WebSite","@id":"https:\/\/informelitoral.com.ar\/#website","url":"https:\/\/informelitoral.com.ar\/","name":"Informe Litoral","description":"&quot;Nos informamos&quot; ","publisher":{"@id":"https:\/\/informelitoral.com.ar\/#organization"},"potentialAction":[{"@type":"SearchAction","target":{"@type":"EntryPoint","urlTemplate":"https:\/\/informelitoral.com.ar\/?s={search_term_string}"},"query-input":{"@type":"PropertyValueSpecification","valueRequired":true,"valueName":"search_term_string"}}],"inLanguage":"es"},{"@type":"Organization","@id":"https:\/\/informelitoral.com.ar\/#organization","name":"Informe Litoral","url":"https:\/\/informelitoral.com.ar\/","logo":{"@type":"ImageObject","inLanguage":"es","@id":"https:\/\/informelitoral.com.ar\/#\/schema\/logo\/image\/","url":"https:\/\/informelitoral.com.ar\/%77%70%2d%63%6f%6e%74%65%6e%74\/uploads\/2021\/01\/circulo.png","contentUrl":"https:\/\/informelitoral.com.ar\/%77%70%2d%63%6f%6e%74%65%6e%74\/uploads\/2021\/01\/circulo.png","width":723,"height":731,"caption":"Informe Litoral"},"image":{"@id":"https:\/\/informelitoral.com.ar\/#\/schema\/logo\/image\/"},"sameAs":["https:\/\/www.facebook.com\/informelitoral\/","https:\/\/x.com\/InformeLitoral","https:\/\/www.instagram.com\/informelitoral\/","https:\/\/www.youtube.com\/channel\/UCua4Qvz8Icb6MYqhoq9xLXw"]},{"@type":"Person","@id":"https:\/\/informelitoral.com.ar\/#\/schema\/person\/b9d00407c836482871ef1d57bf8e3180","name":"Gonzalo Schmidt","image":{"@type":"ImageObject","inLanguage":"es","@id":"https:\/\/secure.gravatar.com\/avatar\/31a1a7b66ff2de83bd0e9fd79d026630d2d99e55e8bfe501287647b4fd9743de?s=96&d=mm&r=g","url":"https:\/\/secure.gravatar.com\/avatar\/31a1a7b66ff2de83bd0e9fd79d026630d2d99e55e8bfe501287647b4fd9743de?s=96&d=mm&r=g","contentUrl":"https:\/\/secure.gravatar.com\/avatar\/31a1a7b66ff2de83bd0e9fd79d026630d2d99e55e8bfe501287647b4fd9743de?s=96&d=mm&r=g","caption":"Gonzalo Schmidt"},"description":"Sitio web de noticias de la provincia de Entre R\u00edos, Argentina. Informaci\u00f3n y entretenimiento. Informe Litoral, nos informamos.","sameAs":["http:\/\/www.isletasnoticias.com.ar"],"url":"https:\/\/informelitoral.com.ar\/author\/gonzalo\/"}]}},"_links":{"self":[{"href":"https:\/\/informelitoral.com.ar\/%77%70%2d%6a%73%6f%6e\/wp\/v2\/posts\/23195","targetHints":{"allow":["GET"]}}],"collection":[{"href":"https:\/\/informelitoral.com.ar\/%77%70%2d%6a%73%6f%6e\/wp\/v2\/posts"}],"about":[{"href":"https:\/\/informelitoral.com.ar\/%77%70%2d%6a%73%6f%6e\/wp\/v2\/types\/post"}],"author":[{"embeddable":true,"href":"https:\/\/informelitoral.com.ar\/%77%70%2d%6a%73%6f%6e\/wp\/v2\/users\/2"}],"replies":[{"embeddable":true,"href":"https:\/\/informelitoral.com.ar\/%77%70%2d%6a%73%6f%6e\/wp\/v2\/comments?post=23195"}],"version-history":[{"count":0,"href":"https:\/\/informelitoral.com.ar\/%77%70%2d%6a%73%6f%6e\/wp\/v2\/posts\/23195\/revisions"}],"wp:attachment":[{"href":"https:\/\/informelitoral.com.ar\/%77%70%2d%6a%73%6f%6e\/wp\/v2\/media?parent=23195"}],"wp:term":[{"taxonomy":"category","embeddable":true,"href":"https:\/\/informelitoral.com.ar\/%77%70%2d%6a%73%6f%6e\/wp\/v2\/categories?post=23195"},{"taxonomy":"post_tag","embeddable":true,"href":"https:\/\/informelitoral.com.ar\/%77%70%2d%6a%73%6f%6e\/wp\/v2\/tags?post=23195"}],"curies":[{"name":"wp","href":"https:\/\/api.w.org\/{rel}","templated":true}]}}