{"id":23181,"date":"2017-09-26T08:41:58","date_gmt":"2017-09-26T11:41:58","guid":{"rendered":"http:\/\/www.isletasnoticias.com.ar\/?p=23181"},"modified":"2017-09-26T08:45:01","modified_gmt":"2017-09-26T11:45:01","slug":"las-lluvias-se-podrian-extender-desde-este-martes-al-viernes","status":"publish","type":"post","link":"https:\/\/informelitoral.com.ar\/las-lluvias-se-podrian-extender-desde-este-martes-al-viernes\/","title":{"rendered":"Las lluvias se podr\u00edan extender desde este martes al viernes"},"content":{"rendered":"<div class=\"post-right\">\n<p class=\"post-excerpt\"><strong>As\u00ed lo indica el pron\u00f3stico del Servicio Metereol\u00f3gico Nacional. Las precipitaciones podr\u00edan comenzar hacia la tarde noche de hoy. Desde el mi\u00e9rcoles bajar\u00e1n las temperaturas. El fin de semana habr\u00eda buen tiempo.<a href=\"http:\/\/www.isletasnoticias.com.ar\/%77%70%2d%63%6f%6e%74%65%6e%74\/uploads\/2017\/09\/lluvias3.jpg\"><img loading=\"lazy\" decoding=\"async\" class=\"aligncenter wp-image-23182 size-full\" src=\"http:\/\/www.isletasnoticias.com.ar\/%77%70%2d%63%6f%6e%74%65%6e%74\/uploads\/2017\/09\/lluvias3.jpg\" alt=\"\" width=\"970\" height=\"546\" srcset=\"https:\/\/informelitoral.com.ar\/%77%70%2d%63%6f%6e%74%65%6e%74\/uploads\/2017\/09\/lluvias3.jpg 970w, https:\/\/informelitoral.com.ar\/%77%70%2d%63%6f%6e%74%65%6e%74\/uploads\/2017\/09\/lluvias3-300x169.jpg 300w, https:\/\/informelitoral.com.ar\/%77%70%2d%63%6f%6e%74%65%6e%74\/uploads\/2017\/09\/lluvias3-768x432.jpg 768w\" sizes=\"auto, (max-width: 970px) 100vw, 970px\" \/><\/a><\/strong><\/p>\n<\/div>\n<div class=\"post-body-inner\">\n<p>Es posible que estemos viviendo las \u00faltimas horas con sol y temperatura primaveral porque luego, si se cumple el pron\u00f3stico del\u00a0<strong>Servicio Metereol\u00f3gico Nacional (SMN)<\/strong>, habr\u00e1 varios d\u00edas con mal tiempo.<\/p>\n<p>Hacia lo largo de la jornada, la nubosidad ir\u00eda en incremento y\u00a0<strong>hacia la tarde o noche hay probabilidad de lluvias y algunas tormentas<\/strong>, seg\u00fan el organismo pronosticador.\u00a0<strong>La temperatura m\u00ednima fue de 17 grados y la m\u00e1xima alcanzar\u00eda los 26.<\/strong><\/p>\n<p>Para el\u00a0<strong>mi\u00e9rcoles 27<\/strong>\u00a0y\u00a0<strong>jueves 28<\/strong>\u00a0se anticipan\u00a0<strong>lluvias y lloviznas,<\/strong>\u00a0con temperaturas m\u00ednimas que promediar\u00e1n los 12 grados y m\u00e1ximas que alcanzar\u00edan solamente los 17, es decir,<strong>\u00a0volver\u00e1n algunos d\u00edas frescos.<\/strong><\/p>\n<p>Hacia el\u00a0<strong>viernes 29<\/strong>\u00a0se esperan<strong>\u00a0lluvias por la ma\u00f1ana e inestable con probables precipitaciones hacia la tarde o noche<\/strong>. La temperatura m\u00ednima ser\u00eda de 14 y la m\u00e1xima de 17 grados.<\/p>\n<p>Seg\u00fan otros pron\u00f3sticos,\u00a0<strong>el fin de semana estar\u00e1 mayormente soleado y nuevamente subir\u00e1n las temperaturas<\/strong>, pero por el momento, habr\u00e1 que aprovechar lo que ser\u00edan las \u00faltimas horas con sol.<a href=\"http:\/\/www.isletasnoticias.com.ar\/%77%70%2d%63%6f%6e%74%65%6e%74\/uploads\/2017\/01\/Ruluto-Helados-Y-Cafe.jpg\"><img loading=\"lazy\" decoding=\"async\" class=\"size-full wp-image-19948 aligncenter\" src=\"http:\/\/www.isletasnoticias.com.ar\/%77%70%2d%63%6f%6e%74%65%6e%74\/uploads\/2017\/01\/Ruluto-Helados-Y-Cafe.jpg\" alt=\"\" width=\"199\" height=\"155\" \/><\/a><\/p>\n<\/div>\n","protected":false},"excerpt":{"rendered":"<p>As&iacute; lo indica el pron&oacute;stico del Servicio Metereol&oacute;gico Nacional. Las precipitaciones podr&iacute;an comenzar hacia la tarde noche de hoy. Desde el mi&eacute;rcoles bajar&aacute;n las temperaturas. El fin de semana habr&iacute;a buen tiempo. Es posible que estemos viviendo las &uacute;ltimas horas con sol y temperatura primaveral porque luego, si se cumple el pron&oacute;stico del&nbsp;Servicio Metereol&oacute;gico Nacional [&hellip;]<\/p>\n","protected":false},"author":2,"featured_media":0,"comment_status":"open","ping_status":"open","sticky":false,"template":"","format":"standard","meta":{"fifu_image_url":"","fifu_image_alt":"","footnotes":""},"categories":[6],"tags":[],"class_list":{"0":"post-23181","1":"post","2":"type-post","3":"status-publish","4":"format-standard","6":"category-entre-rios"},"yoast_head":"<title>Las lluvias se podr\u00edan extender desde este martes al viernes - Informe Litoral<\/title>\n<meta name=\"robots\" content=\"index, follow, max-snippet:-1, max-image-preview:large, max-video-preview:-1\" \/>\n<link rel=\"canonical\" href=\"https:\/\/informelitoral.com.ar\/las-lluvias-se-podrian-extender-desde-este-martes-al-viernes\/\" \/>\n<meta property=\"og:locale\" content=\"es_ES\" \/>\n<meta property=\"og:type\" content=\"article\" \/>\n<meta property=\"og:title\" content=\"Las lluvias se podr\u00edan extender desde este martes al viernes - Informe Litoral\" \/>\n<meta property=\"og:description\" content=\"As&iacute; lo indica el pron&oacute;stico del Servicio Metereol&oacute;gico Nacional. Las precipitaciones podr&iacute;an comenzar hacia la tarde noche de hoy. Desde el mi&eacute;rcoles bajar&aacute;n las temperaturas. El fin de semana habr&iacute;a buen tiempo. Es posible que estemos viviendo las &uacute;ltimas horas con sol y temperatura primaveral porque luego, si se cumple el pron&oacute;stico del&nbsp;Servicio Metereol&oacute;gico Nacional [&hellip;]\" \/>\n<meta property=\"og:url\" content=\"https:\/\/informelitoral.com.ar\/las-lluvias-se-podrian-extender-desde-este-martes-al-viernes\/\" \/>\n<meta property=\"og:site_name\" content=\"Informe Litoral\" \/>\n<meta property=\"article:publisher\" content=\"https:\/\/www.facebook.com\/informelitoral\/\" \/>\n<meta property=\"article:published_time\" content=\"2017-09-26T11:41:58+00:00\" \/>\n<meta property=\"article:modified_time\" content=\"2017-09-26T11:45:01+00:00\" \/>\n<meta property=\"og:image\" content=\"https:\/\/informelitoral.com.ar\/%77%70%2d%63%6f%6e%74%65%6e%74\/uploads\/2017\/09\/lluvias3.jpg\" \/>\n\t<meta property=\"og:image:width\" content=\"970\" \/>\n\t<meta property=\"og:image:height\" content=\"546\" \/>\n\t<meta property=\"og:image:type\" content=\"image\/jpeg\" \/>\n<meta name=\"author\" content=\"Gonzalo Schmidt\" \/>\n<meta name=\"twitter:card\" content=\"summary_large_image\" \/>\n<meta name=\"twitter:creator\" content=\"@InformeLitoral\" \/>\n<meta name=\"twitter:site\" content=\"@InformeLitoral\" \/>\n<meta name=\"twitter:label1\" content=\"Escrito por\" \/>\n\t<meta name=\"twitter:data1\" content=\"Gonzalo Schmidt\" \/>\n\t<meta name=\"twitter:label2\" content=\"Tiempo de lectura\" \/>\n\t<meta name=\"twitter:data2\" content=\"1 minuto\" \/>\n<script type=\"application\/ld+json\" class=\"yoast-schema-graph\">{\"@context\":\"https:\\\/\\\/schema.org\",\"@graph\":[{\"@type\":\"Article\",\"@id\":\"https:\\\/\\\/informelitoral.com.ar\\\/las-lluvias-se-podrian-extender-desde-este-martes-al-viernes\\\/#article\",\"isPartOf\":{\"@id\":\"https:\\\/\\\/informelitoral.com.ar\\\/las-lluvias-se-podrian-extender-desde-este-martes-al-viernes\\\/\"},\"author\":{\"name\":\"Gonzalo Schmidt\",\"@id\":\"https:\\\/\\\/informelitoral.com.ar\\\/#\\\/schema\\\/person\\\/b9d00407c836482871ef1d57bf8e3180\"},\"headline\":\"Las lluvias se podr\u00edan extender desde este martes al viernes\",\"datePublished\":\"2017-09-26T11:41:58+00:00\",\"dateModified\":\"2017-09-26T11:45:01+00:00\",\"mainEntityOfPage\":{\"@id\":\"https:\\\/\\\/informelitoral.com.ar\\\/las-lluvias-se-podrian-extender-desde-este-martes-al-viernes\\\/\"},\"wordCount\":230,\"commentCount\":0,\"publisher\":{\"@id\":\"https:\\\/\\\/informelitoral.com.ar\\\/#organization\"},\"image\":{\"@id\":\"https:\\\/\\\/informelitoral.com.ar\\\/las-lluvias-se-podrian-extender-desde-este-martes-al-viernes\\\/#primaryimage\"},\"thumbnailUrl\":\"http:\\\/\\\/www.isletasnoticias.com.ar\\\/%77%70%2d%63%6f%6e%74%65%6e%74\\\/uploads\\\/2017\\\/09\\\/lluvias3.jpg\",\"articleSection\":[\"Entre R\u00edos\"],\"inLanguage\":\"es\",\"potentialAction\":[{\"@type\":\"CommentAction\",\"name\":\"Comment\",\"target\":[\"https:\\\/\\\/informelitoral.com.ar\\\/las-lluvias-se-podrian-extender-desde-este-martes-al-viernes\\\/#respond\"]}]},{\"@type\":\"WebPage\",\"@id\":\"https:\\\/\\\/informelitoral.com.ar\\\/las-lluvias-se-podrian-extender-desde-este-martes-al-viernes\\\/\",\"url\":\"https:\\\/\\\/informelitoral.com.ar\\\/las-lluvias-se-podrian-extender-desde-este-martes-al-viernes\\\/\",\"name\":\"Las lluvias se podr\u00edan extender desde este martes al viernes - Informe Litoral\",\"isPartOf\":{\"@id\":\"https:\\\/\\\/informelitoral.com.ar\\\/#website\"},\"primaryImageOfPage\":{\"@id\":\"https:\\\/\\\/informelitoral.com.ar\\\/las-lluvias-se-podrian-extender-desde-este-martes-al-viernes\\\/#primaryimage\"},\"image\":{\"@id\":\"https:\\\/\\\/informelitoral.com.ar\\\/las-lluvias-se-podrian-extender-desde-este-martes-al-viernes\\\/#primaryimage\"},\"thumbnailUrl\":\"http:\\\/\\\/www.isletasnoticias.com.ar\\\/%77%70%2d%63%6f%6e%74%65%6e%74\\\/uploads\\\/2017\\\/09\\\/lluvias3.jpg\",\"datePublished\":\"2017-09-26T11:41:58+00:00\",\"dateModified\":\"2017-09-26T11:45:01+00:00\",\"breadcrumb\":{\"@id\":\"https:\\\/\\\/informelitoral.com.ar\\\/las-lluvias-se-podrian-extender-desde-este-martes-al-viernes\\\/#breadcrumb\"},\"inLanguage\":\"es\",\"potentialAction\":[{\"@type\":\"ReadAction\",\"target\":[\"https:\\\/\\\/informelitoral.com.ar\\\/las-lluvias-se-podrian-extender-desde-este-martes-al-viernes\\\/\"]}]},{\"@type\":\"ImageObject\",\"inLanguage\":\"es\",\"@id\":\"https:\\\/\\\/informelitoral.com.ar\\\/las-lluvias-se-podrian-extender-desde-este-martes-al-viernes\\\/#primaryimage\",\"url\":\"http:\\\/\\\/www.isletasnoticias.com.ar\\\/%77%70%2d%63%6f%6e%74%65%6e%74\\\/uploads\\\/2017\\\/09\\\/lluvias3.jpg\",\"contentUrl\":\"http:\\\/\\\/www.isletasnoticias.com.ar\\\/%77%70%2d%63%6f%6e%74%65%6e%74\\\/uploads\\\/2017\\\/09\\\/lluvias3.jpg\"},{\"@type\":\"BreadcrumbList\",\"@id\":\"https:\\\/\\\/informelitoral.com.ar\\\/las-lluvias-se-podrian-extender-desde-este-martes-al-viernes\\\/#breadcrumb\",\"itemListElement\":[{\"@type\":\"ListItem\",\"position\":1,\"name\":\"Portada\",\"item\":\"https:\\\/\\\/informelitoral.com.ar\\\/\"},{\"@type\":\"ListItem\",\"position\":2,\"name\":\"Las lluvias se podr\u00edan extender desde este martes al viernes\"}]},{\"@type\":\"WebSite\",\"@id\":\"https:\\\/\\\/informelitoral.com.ar\\\/#website\",\"url\":\"https:\\\/\\\/informelitoral.com.ar\\\/\",\"name\":\"Informe Litoral\",\"description\":\"&quot;Nos informamos&quot; \",\"publisher\":{\"@id\":\"https:\\\/\\\/informelitoral.com.ar\\\/#organization\"},\"potentialAction\":[{\"@type\":\"SearchAction\",\"target\":{\"@type\":\"EntryPoint\",\"urlTemplate\":\"https:\\\/\\\/informelitoral.com.ar\\\/?s={search_term_string}\"},\"query-input\":{\"@type\":\"PropertyValueSpecification\",\"valueRequired\":true,\"valueName\":\"search_term_string\"}}],\"inLanguage\":\"es\"},{\"@type\":\"Organization\",\"@id\":\"https:\\\/\\\/informelitoral.com.ar\\\/#organization\",\"name\":\"Informe Litoral\",\"url\":\"https:\\\/\\\/informelitoral.com.ar\\\/\",\"logo\":{\"@type\":\"ImageObject\",\"inLanguage\":\"es\",\"@id\":\"https:\\\/\\\/informelitoral.com.ar\\\/#\\\/schema\\\/logo\\\/image\\\/\",\"url\":\"https:\\\/\\\/informelitoral.com.ar\\\/%77%70%2d%63%6f%6e%74%65%6e%74\\\/uploads\\\/2021\\\/01\\\/circulo.png\",\"contentUrl\":\"https:\\\/\\\/informelitoral.com.ar\\\/%77%70%2d%63%6f%6e%74%65%6e%74\\\/uploads\\\/2021\\\/01\\\/circulo.png\",\"width\":723,\"height\":731,\"caption\":\"Informe Litoral\"},\"image\":{\"@id\":\"https:\\\/\\\/informelitoral.com.ar\\\/#\\\/schema\\\/logo\\\/image\\\/\"},\"sameAs\":[\"https:\\\/\\\/www.facebook.com\\\/informelitoral\\\/\",\"https:\\\/\\\/x.com\\\/InformeLitoral\",\"https:\\\/\\\/www.instagram.com\\\/informelitoral\\\/\",\"https:\\\/\\\/www.youtube.com\\\/channel\\\/UCua4Qvz8Icb6MYqhoq9xLXw\"]},{\"@type\":\"Person\",\"@id\":\"https:\\\/\\\/informelitoral.com.ar\\\/#\\\/schema\\\/person\\\/b9d00407c836482871ef1d57bf8e3180\",\"name\":\"Gonzalo Schmidt\",\"image\":{\"@type\":\"ImageObject\",\"inLanguage\":\"es\",\"@id\":\"https:\\\/\\\/secure.gravatar.com\\\/avatar\\\/31a1a7b66ff2de83bd0e9fd79d026630d2d99e55e8bfe501287647b4fd9743de?s=96&d=mm&r=g\",\"url\":\"https:\\\/\\\/secure.gravatar.com\\\/avatar\\\/31a1a7b66ff2de83bd0e9fd79d026630d2d99e55e8bfe501287647b4fd9743de?s=96&d=mm&r=g\",\"contentUrl\":\"https:\\\/\\\/secure.gravatar.com\\\/avatar\\\/31a1a7b66ff2de83bd0e9fd79d026630d2d99e55e8bfe501287647b4fd9743de?s=96&d=mm&r=g\",\"caption\":\"Gonzalo Schmidt\"},\"description\":\"Sitio web de noticias de la provincia de Entre R\u00edos, Argentina. Informaci\u00f3n y entretenimiento. Informe Litoral, nos informamos.\",\"sameAs\":[\"http:\\\/\\\/www.isletasnoticias.com.ar\"],\"url\":\"https:\\\/\\\/informelitoral.com.ar\\\/author\\\/gonzalo\\\/\"}]}<\/script>","yoast_head_json":{"title":"Las lluvias se podr\u00edan extender desde este martes al viernes - Informe Litoral","robots":{"index":"index","follow":"follow","max-snippet":"max-snippet:-1","max-image-preview":"max-image-preview:large","max-video-preview":"max-video-preview:-1"},"canonical":"https:\/\/informelitoral.com.ar\/las-lluvias-se-podrian-extender-desde-este-martes-al-viernes\/","og_locale":"es_ES","og_type":"article","og_title":"Las lluvias se podr\u00edan extender desde este martes al viernes - Informe Litoral","og_description":"As&iacute; lo indica el pron&oacute;stico del Servicio Metereol&oacute;gico Nacional. Las precipitaciones podr&iacute;an comenzar hacia la tarde noche de hoy. Desde el mi&eacute;rcoles bajar&aacute;n las temperaturas. El fin de semana habr&iacute;a buen tiempo. Es posible que estemos viviendo las &uacute;ltimas horas con sol y temperatura primaveral porque luego, si se cumple el pron&oacute;stico del&nbsp;Servicio Metereol&oacute;gico Nacional [&hellip;]","og_url":"https:\/\/informelitoral.com.ar\/las-lluvias-se-podrian-extender-desde-este-martes-al-viernes\/","og_site_name":"Informe Litoral","article_publisher":"https:\/\/www.facebook.com\/informelitoral\/","article_published_time":"2017-09-26T11:41:58+00:00","article_modified_time":"2017-09-26T11:45:01+00:00","og_image":[{"width":970,"height":546,"url":"https:\/\/informelitoral.com.ar\/%77%70%2d%63%6f%6e%74%65%6e%74\/uploads\/2017\/09\/lluvias3.jpg","type":"image\/jpeg"}],"author":"Gonzalo Schmidt","twitter_card":"summary_large_image","twitter_creator":"@InformeLitoral","twitter_site":"@InformeLitoral","twitter_misc":{"Escrito por":"Gonzalo Schmidt","Tiempo de lectura":"1 minuto"},"schema":{"@context":"https:\/\/schema.org","@graph":[{"@type":"Article","@id":"https:\/\/informelitoral.com.ar\/las-lluvias-se-podrian-extender-desde-este-martes-al-viernes\/#article","isPartOf":{"@id":"https:\/\/informelitoral.com.ar\/las-lluvias-se-podrian-extender-desde-este-martes-al-viernes\/"},"author":{"name":"Gonzalo Schmidt","@id":"https:\/\/informelitoral.com.ar\/#\/schema\/person\/b9d00407c836482871ef1d57bf8e3180"},"headline":"Las lluvias se podr\u00edan extender desde este martes al viernes","datePublished":"2017-09-26T11:41:58+00:00","dateModified":"2017-09-26T11:45:01+00:00","mainEntityOfPage":{"@id":"https:\/\/informelitoral.com.ar\/las-lluvias-se-podrian-extender-desde-este-martes-al-viernes\/"},"wordCount":230,"commentCount":0,"publisher":{"@id":"https:\/\/informelitoral.com.ar\/#organization"},"image":{"@id":"https:\/\/informelitoral.com.ar\/las-lluvias-se-podrian-extender-desde-este-martes-al-viernes\/#primaryimage"},"thumbnailUrl":"http:\/\/www.isletasnoticias.com.ar\/%77%70%2d%63%6f%6e%74%65%6e%74\/uploads\/2017\/09\/lluvias3.jpg","articleSection":["Entre R\u00edos"],"inLanguage":"es","potentialAction":[{"@type":"CommentAction","name":"Comment","target":["https:\/\/informelitoral.com.ar\/las-lluvias-se-podrian-extender-desde-este-martes-al-viernes\/#respond"]}]},{"@type":"WebPage","@id":"https:\/\/informelitoral.com.ar\/las-lluvias-se-podrian-extender-desde-este-martes-al-viernes\/","url":"https:\/\/informelitoral.com.ar\/las-lluvias-se-podrian-extender-desde-este-martes-al-viernes\/","name":"Las lluvias se podr\u00edan extender desde este martes al viernes - Informe Litoral","isPartOf":{"@id":"https:\/\/informelitoral.com.ar\/#website"},"primaryImageOfPage":{"@id":"https:\/\/informelitoral.com.ar\/las-lluvias-se-podrian-extender-desde-este-martes-al-viernes\/#primaryimage"},"image":{"@id":"https:\/\/informelitoral.com.ar\/las-lluvias-se-podrian-extender-desde-este-martes-al-viernes\/#primaryimage"},"thumbnailUrl":"http:\/\/www.isletasnoticias.com.ar\/%77%70%2d%63%6f%6e%74%65%6e%74\/uploads\/2017\/09\/lluvias3.jpg","datePublished":"2017-09-26T11:41:58+00:00","dateModified":"2017-09-26T11:45:01+00:00","breadcrumb":{"@id":"https:\/\/informelitoral.com.ar\/las-lluvias-se-podrian-extender-desde-este-martes-al-viernes\/#breadcrumb"},"inLanguage":"es","potentialAction":[{"@type":"ReadAction","target":["https:\/\/informelitoral.com.ar\/las-lluvias-se-podrian-extender-desde-este-martes-al-viernes\/"]}]},{"@type":"ImageObject","inLanguage":"es","@id":"https:\/\/informelitoral.com.ar\/las-lluvias-se-podrian-extender-desde-este-martes-al-viernes\/#primaryimage","url":"http:\/\/www.isletasnoticias.com.ar\/%77%70%2d%63%6f%6e%74%65%6e%74\/uploads\/2017\/09\/lluvias3.jpg","contentUrl":"http:\/\/www.isletasnoticias.com.ar\/%77%70%2d%63%6f%6e%74%65%6e%74\/uploads\/2017\/09\/lluvias3.jpg"},{"@type":"BreadcrumbList","@id":"https:\/\/informelitoral.com.ar\/las-lluvias-se-podrian-extender-desde-este-martes-al-viernes\/#breadcrumb","itemListElement":[{"@type":"ListItem","position":1,"name":"Portada","item":"https:\/\/informelitoral.com.ar\/"},{"@type":"ListItem","position":2,"name":"Las lluvias se podr\u00edan extender desde este martes al viernes"}]},{"@type":"WebSite","@id":"https:\/\/informelitoral.com.ar\/#website","url":"https:\/\/informelitoral.com.ar\/","name":"Informe Litoral","description":"&quot;Nos informamos&quot; ","publisher":{"@id":"https:\/\/informelitoral.com.ar\/#organization"},"potentialAction":[{"@type":"SearchAction","target":{"@type":"EntryPoint","urlTemplate":"https:\/\/informelitoral.com.ar\/?s={search_term_string}"},"query-input":{"@type":"PropertyValueSpecification","valueRequired":true,"valueName":"search_term_string"}}],"inLanguage":"es"},{"@type":"Organization","@id":"https:\/\/informelitoral.com.ar\/#organization","name":"Informe Litoral","url":"https:\/\/informelitoral.com.ar\/","logo":{"@type":"ImageObject","inLanguage":"es","@id":"https:\/\/informelitoral.com.ar\/#\/schema\/logo\/image\/","url":"https:\/\/informelitoral.com.ar\/%77%70%2d%63%6f%6e%74%65%6e%74\/uploads\/2021\/01\/circulo.png","contentUrl":"https:\/\/informelitoral.com.ar\/%77%70%2d%63%6f%6e%74%65%6e%74\/uploads\/2021\/01\/circulo.png","width":723,"height":731,"caption":"Informe Litoral"},"image":{"@id":"https:\/\/informelitoral.com.ar\/#\/schema\/logo\/image\/"},"sameAs":["https:\/\/www.facebook.com\/informelitoral\/","https:\/\/x.com\/InformeLitoral","https:\/\/www.instagram.com\/informelitoral\/","https:\/\/www.youtube.com\/channel\/UCua4Qvz8Icb6MYqhoq9xLXw"]},{"@type":"Person","@id":"https:\/\/informelitoral.com.ar\/#\/schema\/person\/b9d00407c836482871ef1d57bf8e3180","name":"Gonzalo Schmidt","image":{"@type":"ImageObject","inLanguage":"es","@id":"https:\/\/secure.gravatar.com\/avatar\/31a1a7b66ff2de83bd0e9fd79d026630d2d99e55e8bfe501287647b4fd9743de?s=96&d=mm&r=g","url":"https:\/\/secure.gravatar.com\/avatar\/31a1a7b66ff2de83bd0e9fd79d026630d2d99e55e8bfe501287647b4fd9743de?s=96&d=mm&r=g","contentUrl":"https:\/\/secure.gravatar.com\/avatar\/31a1a7b66ff2de83bd0e9fd79d026630d2d99e55e8bfe501287647b4fd9743de?s=96&d=mm&r=g","caption":"Gonzalo Schmidt"},"description":"Sitio web de noticias de la provincia de Entre R\u00edos, Argentina. Informaci\u00f3n y entretenimiento. Informe Litoral, nos informamos.","sameAs":["http:\/\/www.isletasnoticias.com.ar"],"url":"https:\/\/informelitoral.com.ar\/author\/gonzalo\/"}]}},"_links":{"self":[{"href":"https:\/\/informelitoral.com.ar\/%77%70%2d%6a%73%6f%6e\/wp\/v2\/posts\/23181","targetHints":{"allow":["GET"]}}],"collection":[{"href":"https:\/\/informelitoral.com.ar\/%77%70%2d%6a%73%6f%6e\/wp\/v2\/posts"}],"about":[{"href":"https:\/\/informelitoral.com.ar\/%77%70%2d%6a%73%6f%6e\/wp\/v2\/types\/post"}],"author":[{"embeddable":true,"href":"https:\/\/informelitoral.com.ar\/%77%70%2d%6a%73%6f%6e\/wp\/v2\/users\/2"}],"replies":[{"embeddable":true,"href":"https:\/\/informelitoral.com.ar\/%77%70%2d%6a%73%6f%6e\/wp\/v2\/comments?post=23181"}],"version-history":[{"count":0,"href":"https:\/\/informelitoral.com.ar\/%77%70%2d%6a%73%6f%6e\/wp\/v2\/posts\/23181\/revisions"}],"wp:attachment":[{"href":"https:\/\/informelitoral.com.ar\/%77%70%2d%6a%73%6f%6e\/wp\/v2\/media?parent=23181"}],"wp:term":[{"taxonomy":"category","embeddable":true,"href":"https:\/\/informelitoral.com.ar\/%77%70%2d%6a%73%6f%6e\/wp\/v2\/categories?post=23181"},{"taxonomy":"post_tag","embeddable":true,"href":"https:\/\/informelitoral.com.ar\/%77%70%2d%6a%73%6f%6e\/wp\/v2\/tags?post=23181"}],"curies":[{"name":"wp","href":"https:\/\/api.w.org\/{rel}","templated":true}]}}