{"id":23178,"date":"2017-09-26T08:07:09","date_gmt":"2017-09-26T11:07:09","guid":{"rendered":"http:\/\/www.isletasnoticias.com.ar\/?p=23178"},"modified":"2017-09-26T08:07:09","modified_gmt":"2017-09-26T11:07:09","slug":"el-conmovedor-relato-de-una-nena-victima-de-bullying","status":"publish","type":"post","link":"https:\/\/informelitoral.com.ar\/el-conmovedor-relato-de-una-nena-victima-de-bullying\/","title":{"rendered":"El conmovedor relato de una nena v\u00edctima de bullying"},"content":{"rendered":"<div class=\"post-right\">\n<p class=\"post-excerpt\"><strong>Tiene 9 a\u00f1os y va a una escuela en Santa Fe. Tom\u00f3 pastillas para intentar suicidarse.<a href=\"http:\/\/www.isletasnoticias.com.ar\/%77%70%2d%63%6f%6e%74%65%6e%74\/uploads\/2017\/09\/v\u00edctima-bullying.jpg\"><img loading=\"lazy\" decoding=\"async\" class=\"aligncenter wp-image-23179 size-full\" src=\"http:\/\/www.isletasnoticias.com.ar\/%77%70%2d%63%6f%6e%74%65%6e%74\/uploads\/2017\/09\/v\u00edctima-bullying.jpg\" alt=\"\" width=\"770\" height=\"528\" srcset=\"https:\/\/informelitoral.com.ar\/%77%70%2d%63%6f%6e%74%65%6e%74\/uploads\/2017\/09\/v\u00edctima-bullying.jpg 770w, https:\/\/informelitoral.com.ar\/%77%70%2d%63%6f%6e%74%65%6e%74\/uploads\/2017\/09\/v\u00edctima-bullying-300x206.jpg 300w, https:\/\/informelitoral.com.ar\/%77%70%2d%63%6f%6e%74%65%6e%74\/uploads\/2017\/09\/v\u00edctima-bullying-768x527.jpg 768w\" sizes=\"auto, (max-width: 770px) 100vw, 770px\" \/><\/a><\/strong><\/p>\n<\/div>\n<div class=\"post-body-inner\">\n<p><strong>\u201cMe quise matar con pastillas\u201d<\/strong>, dice entre llantos y mucha angustia una peque\u00f1a de nueve a\u00f1os. Se lo cuenta a su madre que sostiene el celular para grabarla. No es una charla \u00edntima.\u00a0<strong>La madre, resignada por no encontrar respuestas en ning\u00fan lado, elige la red social Facebook para que primero ese registro golpee en cada rinc\u00f3n de la ciudad de Santa Fe y luego tenga un impacto nacional<\/strong>, como lo est\u00e1 teniendo. Como consecuencia del bullying, la nena decidi\u00f3 quitarse la vida. Su infancia, lejos de representar una de las etapas m\u00e1s felices, se convirti\u00f3 en un calvario.<\/p>\n<p>El director de la Regional IV del Ministerio de Educaci\u00f3n de la provincia,\u00a0<strong>Juan Cruz Jim\u00e9nez<\/strong>, dijo que \u201cno vamos a confrontar,\u00a0<strong>si la escuela no reaccion\u00f3 a tiempo vamos a hacer lo que tenemos que hacer en la v\u00eda disciplinaria<\/strong>\u201c.<\/p>\n<p>La menor cursa en el cuarto grado de la<strong>\u00a0escuela Esperanza Solidaria<\/strong>, en el norte de la ciudad y hace unos d\u00edas\u00a0<strong>tom\u00f3 10 pastillas de clonazepam para intentar suicidarse<\/strong>. Cuando la mam\u00e1 regres\u00f3 de su trabajo, not\u00f3 una conducta extra\u00f1a en su hija, que hab\u00eda quedado en su casa junto a sus dos hermanas mayores, con un comportamiento exaltado. La llev\u00f3 al hospital Mira y L\u00f3pez, donde\u00a0<strong>le realizaron un lavaje de est\u00f3mago y qued\u00f3 internada.<\/strong><\/p>\n<h2><\/h2>\n<p>Ya de vuelta en su casa, la madre grab\u00f3 el video, que subi\u00f3 a su cuenta de Facebook.\u00a0<em>\u201cMe muero de verg\u00fcenza de exponer a mi hija as\u00ed, jam\u00e1s publico nada personal, pero yo hoy hubiera llorado a mi hija muerta por unos pendejos crueles. Lo que dice en el video no es ni la mitad que me cont\u00f3, le hice repetir algunas palabras. Si la cambio de escuela hay otras nenas de su curso que pasan por lo mismo. Es injusto porque ella quiere a sus compa\u00f1eros, por cinco pibes que se creen vivos\u201d<\/em>, escribi\u00f3 en su muro la mujer.<\/p>\n<h2><\/h2>\n<p>\u201cYo te voy a hacer unas preguntas y quiero que respondas qu\u00e9 te pasa\u201d, comienza el video.\u00a0<strong>\u201cEn la escuela me dicen gorda, me ponen la traba y me caigo y dicen terremoto\u2026 y yo no quiero vivir m\u00e1s\u201d<\/strong>, explica la v\u00edctima con resignaci\u00f3n en otro tramo del video.<\/p>\n<p>-\u00bfLes contaste a tus maestros? -le pregunta la madre.<\/p>\n<p>-Les cont\u00e9 pero nos retaron a nosotras y a los varones no le dicen nada -responde la peque\u00f1a.<\/p>\n<p>Para la familia, no queda otra alternativa que cambiar a la menor de escuela. Con ella tambi\u00e9n lo har\u00eda su otra hija, dos a\u00f1os mayor que la v\u00edctima.<\/p>\n<p>En el video la menor reconoce haber ingerido pastillas para terminar con su vida. \u201cMe quise matar con pastillas\u201d, recuerda con profundo dolor. \u201cYa se va a terminar, mi vida, todo esto\u201d, le dice a su madre en el video del que hoy habla toda la regi\u00f3n y que expuso una realidad que padecen millones de chicos en el pa\u00eds.<\/p>\n<p>Por su parte, el funcionario del Ministerio de Educaci\u00f3n evit\u00f3 mencionar la palabra bullying (\u201cuna situaci\u00f3n de desacreditaci\u00f3n de su cuerpo\u201d) pero aclar\u00f3 que tomaron conocimiento el d\u00eda que internaron a la menor. \u201cEstamos viendo si la escuela ha tenido un llamado de atenci\u00f3n sobre esta problem\u00e1tica. Es una escuela que tiene m\u00e1s de 700 alumnos en distintos horarios y niveles\u201d, se\u00f1al\u00f3.<\/p>\n<p>Sobre el caso, expuso que \u201ccomo es una situaci\u00f3n colectiva y est\u00e1 claro que no se produce de un d\u00eda para el otro, lo que estamos viendo es si la escuela ha tenido llamados de atenci\u00f3n y no dio cuenta su equipo directivo para la intervenci\u00f3n que correspond\u00eda a la protecci\u00f3n a los derechos del ni\u00f1o. Si es as\u00ed, tomaremos las medidas necesarias\u201d.<\/p>\n<p>El funcionario indic\u00f3 que se convoc\u00f3 a la familia de menor para conocer detalles ya que en el libro de actas de la escuela no figuran antecedentes por \u201cepisodios grupales o individuales\u201d.\u00a0<em>(Clar\u00edn)<\/em><\/p>\n<\/div>\n","protected":false},"excerpt":{"rendered":"<p>Tiene 9 a&ntilde;os y va a una escuela en Santa Fe. Tom&oacute; pastillas para intentar suicidarse. &ldquo;Me quise matar con pastillas&rdquo;, dice entre llantos y mucha angustia una peque&ntilde;a de nueve a&ntilde;os. Se lo cuenta a su madre que sostiene el celular para grabarla. No es una charla &iacute;ntima.&nbsp;La madre, resignada por no encontrar respuestas [&hellip;]<\/p>\n","protected":false},"author":2,"featured_media":0,"comment_status":"open","ping_status":"open","sticky":false,"template":"","format":"standard","meta":{"fifu_image_url":"","fifu_image_alt":"","footnotes":""},"categories":[14,9],"tags":[],"class_list":{"0":"post-23178","1":"post","2":"type-post","3":"status-publish","4":"format-standard","6":"category-policiales","7":"category-sociedad"},"yoast_head":"<title>El conmovedor relato de una nena v\u00edctima de bullying - Informe Litoral<\/title>\n<meta name=\"robots\" content=\"index, follow, max-snippet:-1, max-image-preview:large, max-video-preview:-1\" \/>\n<link rel=\"canonical\" href=\"https:\/\/informelitoral.com.ar\/el-conmovedor-relato-de-una-nena-victima-de-bullying\/\" \/>\n<meta property=\"og:locale\" content=\"es_ES\" \/>\n<meta property=\"og:type\" content=\"article\" \/>\n<meta property=\"og:title\" content=\"El conmovedor relato de una nena v\u00edctima de bullying - Informe Litoral\" \/>\n<meta property=\"og:description\" content=\"Tiene 9 a&ntilde;os y va a una escuela en Santa Fe. Tom&oacute; pastillas para intentar suicidarse. &ldquo;Me quise matar con pastillas&rdquo;, dice entre llantos y mucha angustia una peque&ntilde;a de nueve a&ntilde;os. Se lo cuenta a su madre que sostiene el celular para grabarla. No es una charla &iacute;ntima.&nbsp;La madre, resignada por no encontrar respuestas [&hellip;]\" \/>\n<meta property=\"og:url\" content=\"https:\/\/informelitoral.com.ar\/el-conmovedor-relato-de-una-nena-victima-de-bullying\/\" \/>\n<meta property=\"og:site_name\" content=\"Informe Litoral\" \/>\n<meta property=\"article:publisher\" content=\"https:\/\/www.facebook.com\/informelitoral\/\" \/>\n<meta property=\"article:published_time\" content=\"2017-09-26T11:07:09+00:00\" \/>\n<meta name=\"author\" content=\"Gonzalo Schmidt\" \/>\n<meta name=\"twitter:card\" content=\"summary_large_image\" \/>\n<meta name=\"twitter:creator\" content=\"@InformeLitoral\" \/>\n<meta name=\"twitter:site\" content=\"@InformeLitoral\" \/>\n<meta name=\"twitter:label1\" content=\"Escrito por\" \/>\n\t<meta name=\"twitter:data1\" content=\"Gonzalo Schmidt\" \/>\n\t<meta name=\"twitter:label2\" content=\"Tiempo de lectura\" \/>\n\t<meta name=\"twitter:data2\" content=\"3 minutos\" \/>\n<script type=\"application\/ld+json\" class=\"yoast-schema-graph\">{\"@context\":\"https:\\\/\\\/schema.org\",\"@graph\":[{\"@type\":\"Article\",\"@id\":\"https:\\\/\\\/informelitoral.com.ar\\\/el-conmovedor-relato-de-una-nena-victima-de-bullying\\\/#article\",\"isPartOf\":{\"@id\":\"https:\\\/\\\/informelitoral.com.ar\\\/el-conmovedor-relato-de-una-nena-victima-de-bullying\\\/\"},\"author\":{\"name\":\"Gonzalo Schmidt\",\"@id\":\"https:\\\/\\\/informelitoral.com.ar\\\/#\\\/schema\\\/person\\\/b9d00407c836482871ef1d57bf8e3180\"},\"headline\":\"El conmovedor relato de una nena v\u00edctima de bullying\",\"datePublished\":\"2017-09-26T11:07:09+00:00\",\"mainEntityOfPage\":{\"@id\":\"https:\\\/\\\/informelitoral.com.ar\\\/el-conmovedor-relato-de-una-nena-victima-de-bullying\\\/\"},\"wordCount\":707,\"commentCount\":0,\"publisher\":{\"@id\":\"https:\\\/\\\/informelitoral.com.ar\\\/#organization\"},\"articleSection\":[\"Policiales\",\"Sociedad\"],\"inLanguage\":\"es\",\"potentialAction\":[{\"@type\":\"CommentAction\",\"name\":\"Comment\",\"target\":[\"https:\\\/\\\/informelitoral.com.ar\\\/el-conmovedor-relato-de-una-nena-victima-de-bullying\\\/#respond\"]}]},{\"@type\":\"WebPage\",\"@id\":\"https:\\\/\\\/informelitoral.com.ar\\\/el-conmovedor-relato-de-una-nena-victima-de-bullying\\\/\",\"url\":\"https:\\\/\\\/informelitoral.com.ar\\\/el-conmovedor-relato-de-una-nena-victima-de-bullying\\\/\",\"name\":\"El conmovedor relato de una nena v\u00edctima de bullying - Informe Litoral\",\"isPartOf\":{\"@id\":\"https:\\\/\\\/informelitoral.com.ar\\\/#website\"},\"datePublished\":\"2017-09-26T11:07:09+00:00\",\"breadcrumb\":{\"@id\":\"https:\\\/\\\/informelitoral.com.ar\\\/el-conmovedor-relato-de-una-nena-victima-de-bullying\\\/#breadcrumb\"},\"inLanguage\":\"es\",\"potentialAction\":[{\"@type\":\"ReadAction\",\"target\":[\"https:\\\/\\\/informelitoral.com.ar\\\/el-conmovedor-relato-de-una-nena-victima-de-bullying\\\/\"]}]},{\"@type\":\"BreadcrumbList\",\"@id\":\"https:\\\/\\\/informelitoral.com.ar\\\/el-conmovedor-relato-de-una-nena-victima-de-bullying\\\/#breadcrumb\",\"itemListElement\":[{\"@type\":\"ListItem\",\"position\":1,\"name\":\"Portada\",\"item\":\"https:\\\/\\\/informelitoral.com.ar\\\/\"},{\"@type\":\"ListItem\",\"position\":2,\"name\":\"El conmovedor relato de una nena v\u00edctima de bullying\"}]},{\"@type\":\"WebSite\",\"@id\":\"https:\\\/\\\/informelitoral.com.ar\\\/#website\",\"url\":\"https:\\\/\\\/informelitoral.com.ar\\\/\",\"name\":\"Informe Litoral\",\"description\":\"&quot;Nos informamos&quot; \",\"publisher\":{\"@id\":\"https:\\\/\\\/informelitoral.com.ar\\\/#organization\"},\"potentialAction\":[{\"@type\":\"SearchAction\",\"target\":{\"@type\":\"EntryPoint\",\"urlTemplate\":\"https:\\\/\\\/informelitoral.com.ar\\\/?s={search_term_string}\"},\"query-input\":{\"@type\":\"PropertyValueSpecification\",\"valueRequired\":true,\"valueName\":\"search_term_string\"}}],\"inLanguage\":\"es\"},{\"@type\":\"Organization\",\"@id\":\"https:\\\/\\\/informelitoral.com.ar\\\/#organization\",\"name\":\"Informe Litoral\",\"url\":\"https:\\\/\\\/informelitoral.com.ar\\\/\",\"logo\":{\"@type\":\"ImageObject\",\"inLanguage\":\"es\",\"@id\":\"https:\\\/\\\/informelitoral.com.ar\\\/#\\\/schema\\\/logo\\\/image\\\/\",\"url\":\"https:\\\/\\\/informelitoral.com.ar\\\/%77%70%2d%63%6f%6e%74%65%6e%74\\\/uploads\\\/2021\\\/01\\\/circulo.png\",\"contentUrl\":\"https:\\\/\\\/informelitoral.com.ar\\\/%77%70%2d%63%6f%6e%74%65%6e%74\\\/uploads\\\/2021\\\/01\\\/circulo.png\",\"width\":723,\"height\":731,\"caption\":\"Informe Litoral\"},\"image\":{\"@id\":\"https:\\\/\\\/informelitoral.com.ar\\\/#\\\/schema\\\/logo\\\/image\\\/\"},\"sameAs\":[\"https:\\\/\\\/www.facebook.com\\\/informelitoral\\\/\",\"https:\\\/\\\/x.com\\\/InformeLitoral\",\"https:\\\/\\\/www.instagram.com\\\/informelitoral\\\/\",\"https:\\\/\\\/www.youtube.com\\\/channel\\\/UCua4Qvz8Icb6MYqhoq9xLXw\"]},{\"@type\":\"Person\",\"@id\":\"https:\\\/\\\/informelitoral.com.ar\\\/#\\\/schema\\\/person\\\/b9d00407c836482871ef1d57bf8e3180\",\"name\":\"Gonzalo Schmidt\",\"image\":{\"@type\":\"ImageObject\",\"inLanguage\":\"es\",\"@id\":\"https:\\\/\\\/secure.gravatar.com\\\/avatar\\\/31a1a7b66ff2de83bd0e9fd79d026630d2d99e55e8bfe501287647b4fd9743de?s=96&d=mm&r=g\",\"url\":\"https:\\\/\\\/secure.gravatar.com\\\/avatar\\\/31a1a7b66ff2de83bd0e9fd79d026630d2d99e55e8bfe501287647b4fd9743de?s=96&d=mm&r=g\",\"contentUrl\":\"https:\\\/\\\/secure.gravatar.com\\\/avatar\\\/31a1a7b66ff2de83bd0e9fd79d026630d2d99e55e8bfe501287647b4fd9743de?s=96&d=mm&r=g\",\"caption\":\"Gonzalo Schmidt\"},\"description\":\"Sitio web de noticias de la provincia de Entre R\u00edos, Argentina. Informaci\u00f3n y entretenimiento. Informe Litoral, nos informamos.\",\"sameAs\":[\"http:\\\/\\\/www.isletasnoticias.com.ar\"],\"url\":\"https:\\\/\\\/informelitoral.com.ar\\\/author\\\/gonzalo\\\/\"}]}<\/script>","yoast_head_json":{"title":"El conmovedor relato de una nena v\u00edctima de bullying - Informe Litoral","robots":{"index":"index","follow":"follow","max-snippet":"max-snippet:-1","max-image-preview":"max-image-preview:large","max-video-preview":"max-video-preview:-1"},"canonical":"https:\/\/informelitoral.com.ar\/el-conmovedor-relato-de-una-nena-victima-de-bullying\/","og_locale":"es_ES","og_type":"article","og_title":"El conmovedor relato de una nena v\u00edctima de bullying - Informe Litoral","og_description":"Tiene 9 a&ntilde;os y va a una escuela en Santa Fe. Tom&oacute; pastillas para intentar suicidarse. &ldquo;Me quise matar con pastillas&rdquo;, dice entre llantos y mucha angustia una peque&ntilde;a de nueve a&ntilde;os. Se lo cuenta a su madre que sostiene el celular para grabarla. No es una charla &iacute;ntima.&nbsp;La madre, resignada por no encontrar respuestas [&hellip;]","og_url":"https:\/\/informelitoral.com.ar\/el-conmovedor-relato-de-una-nena-victima-de-bullying\/","og_site_name":"Informe Litoral","article_publisher":"https:\/\/www.facebook.com\/informelitoral\/","article_published_time":"2017-09-26T11:07:09+00:00","author":"Gonzalo Schmidt","twitter_card":"summary_large_image","twitter_creator":"@InformeLitoral","twitter_site":"@InformeLitoral","twitter_misc":{"Escrito por":"Gonzalo Schmidt","Tiempo de lectura":"3 minutos"},"schema":{"@context":"https:\/\/schema.org","@graph":[{"@type":"Article","@id":"https:\/\/informelitoral.com.ar\/el-conmovedor-relato-de-una-nena-victima-de-bullying\/#article","isPartOf":{"@id":"https:\/\/informelitoral.com.ar\/el-conmovedor-relato-de-una-nena-victima-de-bullying\/"},"author":{"name":"Gonzalo Schmidt","@id":"https:\/\/informelitoral.com.ar\/#\/schema\/person\/b9d00407c836482871ef1d57bf8e3180"},"headline":"El conmovedor relato de una nena v\u00edctima de bullying","datePublished":"2017-09-26T11:07:09+00:00","mainEntityOfPage":{"@id":"https:\/\/informelitoral.com.ar\/el-conmovedor-relato-de-una-nena-victima-de-bullying\/"},"wordCount":707,"commentCount":0,"publisher":{"@id":"https:\/\/informelitoral.com.ar\/#organization"},"articleSection":["Policiales","Sociedad"],"inLanguage":"es","potentialAction":[{"@type":"CommentAction","name":"Comment","target":["https:\/\/informelitoral.com.ar\/el-conmovedor-relato-de-una-nena-victima-de-bullying\/#respond"]}]},{"@type":"WebPage","@id":"https:\/\/informelitoral.com.ar\/el-conmovedor-relato-de-una-nena-victima-de-bullying\/","url":"https:\/\/informelitoral.com.ar\/el-conmovedor-relato-de-una-nena-victima-de-bullying\/","name":"El conmovedor relato de una nena v\u00edctima de bullying - Informe Litoral","isPartOf":{"@id":"https:\/\/informelitoral.com.ar\/#website"},"datePublished":"2017-09-26T11:07:09+00:00","breadcrumb":{"@id":"https:\/\/informelitoral.com.ar\/el-conmovedor-relato-de-una-nena-victima-de-bullying\/#breadcrumb"},"inLanguage":"es","potentialAction":[{"@type":"ReadAction","target":["https:\/\/informelitoral.com.ar\/el-conmovedor-relato-de-una-nena-victima-de-bullying\/"]}]},{"@type":"BreadcrumbList","@id":"https:\/\/informelitoral.com.ar\/el-conmovedor-relato-de-una-nena-victima-de-bullying\/#breadcrumb","itemListElement":[{"@type":"ListItem","position":1,"name":"Portada","item":"https:\/\/informelitoral.com.ar\/"},{"@type":"ListItem","position":2,"name":"El conmovedor relato de una nena v\u00edctima de bullying"}]},{"@type":"WebSite","@id":"https:\/\/informelitoral.com.ar\/#website","url":"https:\/\/informelitoral.com.ar\/","name":"Informe Litoral","description":"&quot;Nos informamos&quot; ","publisher":{"@id":"https:\/\/informelitoral.com.ar\/#organization"},"potentialAction":[{"@type":"SearchAction","target":{"@type":"EntryPoint","urlTemplate":"https:\/\/informelitoral.com.ar\/?s={search_term_string}"},"query-input":{"@type":"PropertyValueSpecification","valueRequired":true,"valueName":"search_term_string"}}],"inLanguage":"es"},{"@type":"Organization","@id":"https:\/\/informelitoral.com.ar\/#organization","name":"Informe Litoral","url":"https:\/\/informelitoral.com.ar\/","logo":{"@type":"ImageObject","inLanguage":"es","@id":"https:\/\/informelitoral.com.ar\/#\/schema\/logo\/image\/","url":"https:\/\/informelitoral.com.ar\/%77%70%2d%63%6f%6e%74%65%6e%74\/uploads\/2021\/01\/circulo.png","contentUrl":"https:\/\/informelitoral.com.ar\/%77%70%2d%63%6f%6e%74%65%6e%74\/uploads\/2021\/01\/circulo.png","width":723,"height":731,"caption":"Informe Litoral"},"image":{"@id":"https:\/\/informelitoral.com.ar\/#\/schema\/logo\/image\/"},"sameAs":["https:\/\/www.facebook.com\/informelitoral\/","https:\/\/x.com\/InformeLitoral","https:\/\/www.instagram.com\/informelitoral\/","https:\/\/www.youtube.com\/channel\/UCua4Qvz8Icb6MYqhoq9xLXw"]},{"@type":"Person","@id":"https:\/\/informelitoral.com.ar\/#\/schema\/person\/b9d00407c836482871ef1d57bf8e3180","name":"Gonzalo Schmidt","image":{"@type":"ImageObject","inLanguage":"es","@id":"https:\/\/secure.gravatar.com\/avatar\/31a1a7b66ff2de83bd0e9fd79d026630d2d99e55e8bfe501287647b4fd9743de?s=96&d=mm&r=g","url":"https:\/\/secure.gravatar.com\/avatar\/31a1a7b66ff2de83bd0e9fd79d026630d2d99e55e8bfe501287647b4fd9743de?s=96&d=mm&r=g","contentUrl":"https:\/\/secure.gravatar.com\/avatar\/31a1a7b66ff2de83bd0e9fd79d026630d2d99e55e8bfe501287647b4fd9743de?s=96&d=mm&r=g","caption":"Gonzalo Schmidt"},"description":"Sitio web de noticias de la provincia de Entre R\u00edos, Argentina. Informaci\u00f3n y entretenimiento. Informe Litoral, nos informamos.","sameAs":["http:\/\/www.isletasnoticias.com.ar"],"url":"https:\/\/informelitoral.com.ar\/author\/gonzalo\/"}]}},"_links":{"self":[{"href":"https:\/\/informelitoral.com.ar\/%77%70%2d%6a%73%6f%6e\/wp\/v2\/posts\/23178","targetHints":{"allow":["GET"]}}],"collection":[{"href":"https:\/\/informelitoral.com.ar\/%77%70%2d%6a%73%6f%6e\/wp\/v2\/posts"}],"about":[{"href":"https:\/\/informelitoral.com.ar\/%77%70%2d%6a%73%6f%6e\/wp\/v2\/types\/post"}],"author":[{"embeddable":true,"href":"https:\/\/informelitoral.com.ar\/%77%70%2d%6a%73%6f%6e\/wp\/v2\/users\/2"}],"replies":[{"embeddable":true,"href":"https:\/\/informelitoral.com.ar\/%77%70%2d%6a%73%6f%6e\/wp\/v2\/comments?post=23178"}],"version-history":[{"count":0,"href":"https:\/\/informelitoral.com.ar\/%77%70%2d%6a%73%6f%6e\/wp\/v2\/posts\/23178\/revisions"}],"wp:attachment":[{"href":"https:\/\/informelitoral.com.ar\/%77%70%2d%6a%73%6f%6e\/wp\/v2\/media?parent=23178"}],"wp:term":[{"taxonomy":"category","embeddable":true,"href":"https:\/\/informelitoral.com.ar\/%77%70%2d%6a%73%6f%6e\/wp\/v2\/categories?post=23178"},{"taxonomy":"post_tag","embeddable":true,"href":"https:\/\/informelitoral.com.ar\/%77%70%2d%6a%73%6f%6e\/wp\/v2\/tags?post=23178"}],"curies":[{"name":"wp","href":"https:\/\/api.w.org\/{rel}","templated":true}]}}