{"id":231360,"date":"2025-08-23T21:49:07","date_gmt":"2025-08-24T00:49:07","guid":{"rendered":"https:\/\/informelitoral.com.ar\/?p=231360"},"modified":"2025-08-25T07:34:27","modified_gmt":"2025-08-25T10:34:27","slug":"frigerio-anuncio-creditos-para-productores-y-mejoras-viales","status":"publish","type":"post","link":"https:\/\/informelitoral.com.ar\/frigerio-anuncio-creditos-para-productores-y-mejoras-viales\/","title":{"rendered":"Frigerio anunci\u00f3 cr\u00e9ditos para productores y mejoras viales"},"content":{"rendered":"<p>El gobernador sostuvo que \u00abesta exposici\u00f3n que se viene haciendo hace 80 a\u00f1os es m\u00e1s que una vidriera. Es una se\u00f1al. La se\u00f1al de que Entre R\u00edos est\u00e1 viva, late y produce. Ustedes son la viva prueba de que el campo no se rinde y de que el futuro empieza ac\u00e1 en esta tierra y con ustedes\u00bb.<\/p>\n<p>Asegur\u00f3 que \u00abhoy el Estado no pone un pie encima del productor, intenta tender una mano. Estar del mismo lado que el que produce todos los d\u00edas en la Argentina y en nuestra provincia\u00bb, y si bien dijo que \u00abhoy pa\u00eds y Entre R\u00edos atraviesan una de las peores crisis de las que tengamos memoria, eso no puede ser una excusa. Al contrario, es justamente un motivo para redoblar el esfuerzo\u00bb.<\/p>\n<p>En ese marco, sostuvo que \u00abno puede ser que en una provincia como la nuestra, una potencia productiva, uno de los mayores problemas que enfrentemos sea sacar lo que se produce. \u00a0Para solucionarlo tuvimos que empezar por algo que parece obvio: cada peso de los entrerrianos termine beneficiando a los entrerrianos. El mejor s\u00edmbolo de esto es que ahora el 100 por ciento del impuesto inmobiliario rural se destina a reparar los caminos de la producci\u00f3n. Yo me comprometo hacer todos los esfuerzos que est\u00e9n a mi disposici\u00f3n para que en estos pr\u00f3ximos dos a\u00f1os de gesti\u00f3n podamos repavimentar en su totalidad la ruta 1, la ruta 2 y realmente empezar a saldar una deuda enorme que tenemos con el norte de nuestra provincia\u00bb, remarc\u00f3.<\/p>\n<p>\u00abPero el apoyo al campo no se agota ac\u00e1\u00bb, dijo Frigerio antes de mencionar la baja de las retenciones y \u00a0las reducciones en ingresos brutos e impuesto a los sellos. En materia de energ\u00eda el\u00e9ctrica, precis\u00f3 que \u00abEntre R\u00edos pas\u00f3 de ser la provincia con la tarifa m\u00e1s cara del pa\u00eds a estar a la mitad de la tabla y tambi\u00e9n ac\u00e1 no voy a descansar para que la provincia de Entre R\u00edos sea una de las provincias m\u00e1s baratas en energ\u00eda al finalizar mi gesti\u00f3n\u00bb. Mencion\u00f3 adem\u00e1s que se simplific\u00f3 la burocracia que hab\u00eda y se elimin\u00f3 m\u00e1s de 100 tasas, la mitad de las que hab\u00eda en la provincia.<\/p>\n<p>Habl\u00f3 luego de las obras que se est\u00e1n llevando a cabo en Feliciano al decir que \u00abel Estado est\u00e1 donde tiene que estar, acompa\u00f1ando con obras, servicios b\u00e1sicos y respuestas concretas, pero tambi\u00e9n sabemos que la inversi\u00f3n privada es el verdadero motor del desarrollo y que el financiamiento es el combustible de esa inversi\u00f3n. Por eso impulsamos como nunca antes el acceso al cr\u00e9dito\u00bb.<\/p>\n<p>Mencion\u00f3 \u00a0entonces a las diversas l\u00edneas vigentes y anunci\u00f3 que se lanzar\u00e1 una l\u00ednea de cr\u00e9dito para productores ovinos y caprinos, o para quienes quieran ingresar en la actividad e inviertan en la provincia\u00bb. Explic\u00f3 que la idea es \u00abacompa\u00f1arlos para que puedan mejorar su infraestructura, incorporar gen\u00e9tica, aumentar su stock y comprar equipamiento. En pocos d\u00edas van a estar operativos esos cr\u00e9ditos y las entidades del agro van a ser parte de un consejo consultivo donde los proyectos van a ser evaluados\u00bb.<\/p>\n<p>Por \u00faltimo, asegur\u00f3 que \u00absi los productores van por m\u00e1s, Entre R\u00edos va por m\u00e1s. Ese es nuestro compromiso. Nuestra provincia fue y tiene que volver a ser una de las provincias que lideren a la Argentina porque nuestra identidad est\u00e1 intacta. Esfuerzo, trabajo, producci\u00f3n y sobre todo porque los entrerrianos no queremos que nos regalen nada. Queremos libertad para trabajar y reglas claras para crecer. El resto lo hacemos nosotros\u00bb, concluy\u00f3.<\/p>\n<h2><strong>Presencias<\/strong><\/h2>\n<p>Acompa\u00f1aron al gobernador Rogelio Frigerio, el intendente de Feliciano, Damian Ar\u00e9valo; el presidente de la Sociedad Rural de Feliciano, Joaqu\u00edn Mancioni; el presidente de la Federaci\u00f3n de Asociaciones Rurales de Entre R\u00edos (Farer), Nicasio Tito; el vicepresidente de las Confederaciones Rurales Argentinas (CRA), Jos\u00e9 Colombatto; el ministro de Desarrollo Econ\u00f3mico, Guillermo Bernaudo; y su par de Hacienda y Finanzas, Fabi\u00e1n Boleas; el director del Distrito Entre R\u00edos de la Sociedad Rural Argentina, Juan Etchevere; la senadora Gladys \u00abMeca\u00bb Dom\u00ednguez, \u00a0y la diputada Mar\u00eda Elena Romero, entre otras autoridades.<\/p>\n<h2>Recorridas<\/h2>\n<p>En la oportunidad, el gobernador recorri\u00f3 los trabajos que se realizan en la ruta provincial N\u00b028 donde se repone ripio y construye un nuevo tramo. Luego, se dirigi\u00f3 a la escuela aerot\u00e9cnica N\u00b0 52 y visit\u00f3 la obra finalizada en la residencia de mujeres. Hizo lo propio en el hospital General Francisco Ram\u00edrez donde se hicieron arreglos en el asilo y la red el\u00e9ctrica, adem\u00e1s de trabajos en laboratorio y en la zona de guardia con partidas extraordinarias, y mejoras integrales para poner en condiciones el quir\u00f3fano. Tambi\u00e9n estuvo en el barrio 22 Viviendas de IAPV y recorri\u00f3 las obras. Finalmente, tras recorrer la exposici\u00f3n rural, particip\u00f3 del acto inaugural.<\/p>\n<h6><em><strong>Del archivo:\u00a0<a href=\"https:\/\/informelitoral.com.ar\/bahillo-cuestiono-la-reestructuracion-del-inta-e-inase\/\" target=\"_blank\" rel=\"noopener\">Bahillo cuestion\u00f3 la reestructuraci\u00f3n del INTA e INASE<\/a><\/strong><\/em><\/h6>\n","protected":false},"excerpt":{"rendered":"<p>El gobernador  particip\u00f3 de la inauguraci\u00f3n oficial de la 80\u00b0 Exposici\u00f3n de Ganader\u00eda, Industria y Comercio en Feliciano, y anunci\u00f3 una l\u00ednea de cr\u00e9dito para productores ovinos y\/o caprinos, o para quienes quieran ingresar en la actividad e inviertan en la provincia. Tambi\u00e9n se comprometi\u00f3 \u00aben estos pr\u00f3ximos dos a\u00f1os de gesti\u00f3n a repavimentar en su totalidad la ruta 1 y la ruta 2\u00bb en el norte entrerriano.<\/p>\n","protected":false},"author":2,"featured_media":231378,"comment_status":"open","ping_status":"open","sticky":false,"template":"","format":"standard","meta":{"fifu_image_url":"https:\/\/lh3.googleusercontent.com\/drive-storage\/AJQWtBOGA0JMqIDhNa4RNh5QOUeC9n_HLfAJK78oBsDDsigeyUdlChNv3g9WlM_cM6NV5nDfTUHBucgB1_cv905jF_imxofBkGPtpAH3JIAIMJhjSw=w2048-h2048-p-k-nu","fifu_image_alt":"","footnotes":""},"categories":[10],"tags":[1560,81,513,949,1098],"class_list":{"0":"post-231360","1":"post","2":"type-post","3":"status-publish","4":"format-standard","5":"has-post-thumbnail","7":"category-campo","8":"tag-caminos-rurales","9":"tag-entre-rios","10":"tag-feliciano","11":"tag-rogelio-frigerio","12":"tag-rutas"},"yoast_head":"<title>Frigerio anunci\u00f3 cr\u00e9ditos para productores y mejoras viales - Informe Litoral<\/title>\n<meta name=\"robots\" content=\"index, follow, max-snippet:-1, max-image-preview:large, max-video-preview:-1\" \/>\n<link rel=\"canonical\" href=\"https:\/\/informelitoral.com.ar\/frigerio-anuncio-creditos-para-productores-y-mejoras-viales\/\" \/>\n<meta property=\"og:locale\" content=\"es_ES\" \/>\n<meta property=\"og:type\" content=\"article\" \/>\n<meta property=\"og:title\" content=\"Frigerio anunci\u00f3 cr\u00e9ditos para productores y mejoras viales - Informe Litoral\" \/>\n<meta property=\"og:description\" content=\"El gobernador particip\u00f3 de la inauguraci\u00f3n oficial de la 80\u00b0 Exposici\u00f3n de Ganader\u00eda, Industria y Comercio en Feliciano, y anunci\u00f3 una l\u00ednea de cr\u00e9dito para productores ovinos y\/o caprinos, o para quienes quieran ingresar en la actividad e inviertan en la provincia. Tambi\u00e9n se comprometi\u00f3 &quot;en estos pr\u00f3ximos dos a\u00f1os de gesti\u00f3n a repavimentar en su totalidad la ruta 1 y la ruta 2&quot; en el norte entrerriano.\" \/>\n<meta property=\"og:url\" content=\"https:\/\/informelitoral.com.ar\/frigerio-anuncio-creditos-para-productores-y-mejoras-viales\/\" \/>\n<meta property=\"og:site_name\" content=\"Informe Litoral\" \/>\n<meta property=\"article:publisher\" content=\"https:\/\/www.facebook.com\/informelitoral\/\" \/>\n<meta property=\"article:published_time\" content=\"2025-08-24T00:49:07+00:00\" \/>\n<meta property=\"article:modified_time\" content=\"2025-08-25T10:34:27+00:00\" \/>\n<meta property=\"og:image\" content=\"https:\/\/lh3.googleusercontent.com\/drive-storage\/AJQWtBOGA0JMqIDhNa4RNh5QOUeC9n_HLfAJK78oBsDDsigeyUdlChNv3g9WlM_cM6NV5nDfTUHBucgB1_cv905jF_imxofBkGPtpAH3JIAIMJhjSw=w2048-h2048-p-k-nu\" \/><meta property=\"og:image\" content=\"https:\/\/lh3.googleusercontent.com\/drive-storage\/AJQWtBOGA0JMqIDhNa4RNh5QOUeC9n_HLfAJK78oBsDDsigeyUdlChNv3g9WlM_cM6NV5nDfTUHBucgB1_cv905jF_imxofBkGPtpAH3JIAIMJhjSw=w2048-h2048-p-k-nu\" \/>\n\t<meta property=\"og:image:width\" content=\"1920\" \/>\n\t<meta property=\"og:image:height\" content=\"1280\" \/>\n\t<meta property=\"og:image:type\" content=\"image\/jpeg\" \/>\n<meta name=\"author\" content=\"Gonzalo Schmidt\" \/>\n<meta name=\"twitter:card\" content=\"summary_large_image\" \/>\n<meta name=\"twitter:image\" content=\"https:\/\/lh3.googleusercontent.com\/drive-storage\/AJQWtBOGA0JMqIDhNa4RNh5QOUeC9n_HLfAJK78oBsDDsigeyUdlChNv3g9WlM_cM6NV5nDfTUHBucgB1_cv905jF_imxofBkGPtpAH3JIAIMJhjSw=w2048-h2048-p-k-nu\" \/>\n<meta name=\"twitter:creator\" content=\"@InformeLitoral\" \/>\n<meta name=\"twitter:site\" content=\"@InformeLitoral\" \/>\n<meta name=\"twitter:label1\" content=\"Escrito por\" \/>\n\t<meta name=\"twitter:data1\" content=\"Gonzalo Schmidt\" \/>\n\t<meta name=\"twitter:label2\" content=\"Tiempo de lectura\" \/>\n\t<meta name=\"twitter:data2\" content=\"4 minutos\" \/>\n<script type=\"application\/ld+json\" class=\"yoast-schema-graph\">{\"@context\":\"https:\\\/\\\/schema.org\",\"@graph\":[{\"@type\":\"Article\",\"@id\":\"https:\\\/\\\/informelitoral.com.ar\\\/frigerio-anuncio-creditos-para-productores-y-mejoras-viales\\\/#article\",\"isPartOf\":{\"@id\":\"https:\\\/\\\/informelitoral.com.ar\\\/frigerio-anuncio-creditos-para-productores-y-mejoras-viales\\\/\"},\"author\":{\"name\":\"Gonzalo Schmidt\",\"@id\":\"https:\\\/\\\/informelitoral.com.ar\\\/#\\\/schema\\\/person\\\/b9d00407c836482871ef1d57bf8e3180\"},\"headline\":\"Frigerio anunci\u00f3 cr\u00e9ditos para productores y mejoras viales\",\"datePublished\":\"2025-08-24T00:49:07+00:00\",\"dateModified\":\"2025-08-25T10:34:27+00:00\",\"mainEntityOfPage\":{\"@id\":\"https:\\\/\\\/informelitoral.com.ar\\\/frigerio-anuncio-creditos-para-productores-y-mejoras-viales\\\/\"},\"wordCount\":861,\"commentCount\":0,\"publisher\":{\"@id\":\"https:\\\/\\\/informelitoral.com.ar\\\/#organization\"},\"image\":{\"@id\":\"https:\\\/\\\/informelitoral.com.ar\\\/frigerio-anuncio-creditos-para-productores-y-mejoras-viales\\\/#primaryimage\"},\"thumbnailUrl\":\"https:\\\/\\\/lh3.googleusercontent.com\\\/drive-storage\\\/AJQWtBOGA0JMqIDhNa4RNh5QOUeC9n_HLfAJK78oBsDDsigeyUdlChNv3g9WlM_cM6NV5nDfTUHBucgB1_cv905jF_imxofBkGPtpAH3JIAIMJhjSw=w2048-h2048-p-k-nu\",\"keywords\":[\"Caminos rurales\",\"Entre R\u00edos\",\"Feliciano\",\"Rogelio Frigerio\",\"Rutas\"],\"articleSection\":[\"Campo\"],\"inLanguage\":\"es\",\"potentialAction\":[{\"@type\":\"CommentAction\",\"name\":\"Comment\",\"target\":[\"https:\\\/\\\/informelitoral.com.ar\\\/frigerio-anuncio-creditos-para-productores-y-mejoras-viales\\\/#respond\"]}]},{\"@type\":\"WebPage\",\"@id\":\"https:\\\/\\\/informelitoral.com.ar\\\/frigerio-anuncio-creditos-para-productores-y-mejoras-viales\\\/\",\"url\":\"https:\\\/\\\/informelitoral.com.ar\\\/frigerio-anuncio-creditos-para-productores-y-mejoras-viales\\\/\",\"name\":\"Frigerio anunci\u00f3 cr\u00e9ditos para productores y mejoras viales - Informe Litoral\",\"isPartOf\":{\"@id\":\"https:\\\/\\\/informelitoral.com.ar\\\/#website\"},\"primaryImageOfPage\":{\"@id\":\"https:\\\/\\\/informelitoral.com.ar\\\/frigerio-anuncio-creditos-para-productores-y-mejoras-viales\\\/#primaryimage\"},\"image\":{\"@id\":\"https:\\\/\\\/informelitoral.com.ar\\\/frigerio-anuncio-creditos-para-productores-y-mejoras-viales\\\/#primaryimage\"},\"thumbnailUrl\":\"https:\\\/\\\/lh3.googleusercontent.com\\\/drive-storage\\\/AJQWtBOGA0JMqIDhNa4RNh5QOUeC9n_HLfAJK78oBsDDsigeyUdlChNv3g9WlM_cM6NV5nDfTUHBucgB1_cv905jF_imxofBkGPtpAH3JIAIMJhjSw=w2048-h2048-p-k-nu\",\"datePublished\":\"2025-08-24T00:49:07+00:00\",\"dateModified\":\"2025-08-25T10:34:27+00:00\",\"breadcrumb\":{\"@id\":\"https:\\\/\\\/informelitoral.com.ar\\\/frigerio-anuncio-creditos-para-productores-y-mejoras-viales\\\/#breadcrumb\"},\"inLanguage\":\"es\",\"potentialAction\":[{\"@type\":\"ReadAction\",\"target\":[\"https:\\\/\\\/informelitoral.com.ar\\\/frigerio-anuncio-creditos-para-productores-y-mejoras-viales\\\/\"]}]},{\"@type\":\"ImageObject\",\"inLanguage\":\"es\",\"@id\":\"https:\\\/\\\/informelitoral.com.ar\\\/frigerio-anuncio-creditos-para-productores-y-mejoras-viales\\\/#primaryimage\",\"url\":\"https:\\\/\\\/lh3.googleusercontent.com\\\/drive-storage\\\/AJQWtBOGA0JMqIDhNa4RNh5QOUeC9n_HLfAJK78oBsDDsigeyUdlChNv3g9WlM_cM6NV5nDfTUHBucgB1_cv905jF_imxofBkGPtpAH3JIAIMJhjSw=w2048-h2048-p-k-nu\",\"contentUrl\":\"https:\\\/\\\/lh3.googleusercontent.com\\\/drive-storage\\\/AJQWtBOGA0JMqIDhNa4RNh5QOUeC9n_HLfAJK78oBsDDsigeyUdlChNv3g9WlM_cM6NV5nDfTUHBucgB1_cv905jF_imxofBkGPtpAH3JIAIMJhjSw=w2048-h2048-p-k-nu\",\"width\":\"1920\",\"height\":\"1280\"},{\"@type\":\"BreadcrumbList\",\"@id\":\"https:\\\/\\\/informelitoral.com.ar\\\/frigerio-anuncio-creditos-para-productores-y-mejoras-viales\\\/#breadcrumb\",\"itemListElement\":[{\"@type\":\"ListItem\",\"position\":1,\"name\":\"Portada\",\"item\":\"https:\\\/\\\/informelitoral.com.ar\\\/\"},{\"@type\":\"ListItem\",\"position\":2,\"name\":\"Frigerio anunci\u00f3 cr\u00e9ditos para productores y mejoras viales\"}]},{\"@type\":\"WebSite\",\"@id\":\"https:\\\/\\\/informelitoral.com.ar\\\/#website\",\"url\":\"https:\\\/\\\/informelitoral.com.ar\\\/\",\"name\":\"Informe Litoral\",\"description\":\"&quot;Nos informamos&quot; \",\"publisher\":{\"@id\":\"https:\\\/\\\/informelitoral.com.ar\\\/#organization\"},\"potentialAction\":[{\"@type\":\"SearchAction\",\"target\":{\"@type\":\"EntryPoint\",\"urlTemplate\":\"https:\\\/\\\/informelitoral.com.ar\\\/?s={search_term_string}\"},\"query-input\":{\"@type\":\"PropertyValueSpecification\",\"valueRequired\":true,\"valueName\":\"search_term_string\"}}],\"inLanguage\":\"es\"},{\"@type\":\"Organization\",\"@id\":\"https:\\\/\\\/informelitoral.com.ar\\\/#organization\",\"name\":\"Informe Litoral\",\"url\":\"https:\\\/\\\/informelitoral.com.ar\\\/\",\"logo\":{\"@type\":\"ImageObject\",\"inLanguage\":\"es\",\"@id\":\"https:\\\/\\\/informelitoral.com.ar\\\/#\\\/schema\\\/logo\\\/image\\\/\",\"url\":\"https:\\\/\\\/informelitoral.com.ar\\\/%77%70%2d%63%6f%6e%74%65%6e%74\\\/uploads\\\/2021\\\/01\\\/circulo.png\",\"contentUrl\":\"https:\\\/\\\/informelitoral.com.ar\\\/%77%70%2d%63%6f%6e%74%65%6e%74\\\/uploads\\\/2021\\\/01\\\/circulo.png\",\"width\":723,\"height\":731,\"caption\":\"Informe Litoral\"},\"image\":{\"@id\":\"https:\\\/\\\/informelitoral.com.ar\\\/#\\\/schema\\\/logo\\\/image\\\/\"},\"sameAs\":[\"https:\\\/\\\/www.facebook.com\\\/informelitoral\\\/\",\"https:\\\/\\\/x.com\\\/InformeLitoral\",\"https:\\\/\\\/www.instagram.com\\\/informelitoral\\\/\",\"https:\\\/\\\/www.youtube.com\\\/channel\\\/UCua4Qvz8Icb6MYqhoq9xLXw\"]},{\"@type\":\"Person\",\"@id\":\"https:\\\/\\\/informelitoral.com.ar\\\/#\\\/schema\\\/person\\\/b9d00407c836482871ef1d57bf8e3180\",\"name\":\"Gonzalo Schmidt\",\"image\":{\"@type\":\"ImageObject\",\"inLanguage\":\"es\",\"@id\":\"https:\\\/\\\/secure.gravatar.com\\\/avatar\\\/31a1a7b66ff2de83bd0e9fd79d026630d2d99e55e8bfe501287647b4fd9743de?s=96&d=mm&r=g\",\"url\":\"https:\\\/\\\/secure.gravatar.com\\\/avatar\\\/31a1a7b66ff2de83bd0e9fd79d026630d2d99e55e8bfe501287647b4fd9743de?s=96&d=mm&r=g\",\"contentUrl\":\"https:\\\/\\\/secure.gravatar.com\\\/avatar\\\/31a1a7b66ff2de83bd0e9fd79d026630d2d99e55e8bfe501287647b4fd9743de?s=96&d=mm&r=g\",\"caption\":\"Gonzalo Schmidt\"},\"description\":\"Sitio web de noticias de la provincia de Entre R\u00edos, Argentina. Informaci\u00f3n y entretenimiento. Informe Litoral, nos informamos.\",\"sameAs\":[\"http:\\\/\\\/www.isletasnoticias.com.ar\"],\"url\":\"https:\\\/\\\/informelitoral.com.ar\\\/author\\\/gonzalo\\\/\"}]}<\/script>","yoast_head_json":{"title":"Frigerio anunci\u00f3 cr\u00e9ditos para productores y mejoras viales - Informe Litoral","robots":{"index":"index","follow":"follow","max-snippet":"max-snippet:-1","max-image-preview":"max-image-preview:large","max-video-preview":"max-video-preview:-1"},"canonical":"https:\/\/informelitoral.com.ar\/frigerio-anuncio-creditos-para-productores-y-mejoras-viales\/","og_locale":"es_ES","og_type":"article","og_title":"Frigerio anunci\u00f3 cr\u00e9ditos para productores y mejoras viales - Informe Litoral","og_description":"El gobernador particip\u00f3 de la inauguraci\u00f3n oficial de la 80\u00b0 Exposici\u00f3n de Ganader\u00eda, Industria y Comercio en Feliciano, y anunci\u00f3 una l\u00ednea de cr\u00e9dito para productores ovinos y\/o caprinos, o para quienes quieran ingresar en la actividad e inviertan en la provincia. Tambi\u00e9n se comprometi\u00f3 \"en estos pr\u00f3ximos dos a\u00f1os de gesti\u00f3n a repavimentar en su totalidad la ruta 1 y la ruta 2\" en el norte entrerriano.","og_url":"https:\/\/informelitoral.com.ar\/frigerio-anuncio-creditos-para-productores-y-mejoras-viales\/","og_site_name":"Informe Litoral","article_publisher":"https:\/\/www.facebook.com\/informelitoral\/","article_published_time":"2025-08-24T00:49:07+00:00","article_modified_time":"2025-08-25T10:34:27+00:00","og_image":[{"url":"https:\/\/lh3.googleusercontent.com\/drive-storage\/AJQWtBOGA0JMqIDhNa4RNh5QOUeC9n_HLfAJK78oBsDDsigeyUdlChNv3g9WlM_cM6NV5nDfTUHBucgB1_cv905jF_imxofBkGPtpAH3JIAIMJhjSw=w2048-h2048-p-k-nu","type":"","width":"","height":""},{"width":1920,"height":1280,"url":"https:\/\/lh3.googleusercontent.com\/drive-storage\/AJQWtBOGA0JMqIDhNa4RNh5QOUeC9n_HLfAJK78oBsDDsigeyUdlChNv3g9WlM_cM6NV5nDfTUHBucgB1_cv905jF_imxofBkGPtpAH3JIAIMJhjSw=w2048-h2048-p-k-nu","type":"image\/jpeg"}],"author":"Gonzalo Schmidt","twitter_card":"summary_large_image","twitter_image":"https:\/\/lh3.googleusercontent.com\/drive-storage\/AJQWtBOGA0JMqIDhNa4RNh5QOUeC9n_HLfAJK78oBsDDsigeyUdlChNv3g9WlM_cM6NV5nDfTUHBucgB1_cv905jF_imxofBkGPtpAH3JIAIMJhjSw=w2048-h2048-p-k-nu","twitter_creator":"@InformeLitoral","twitter_site":"@InformeLitoral","twitter_misc":{"Escrito por":"Gonzalo Schmidt","Tiempo de lectura":"4 minutos"},"schema":{"@context":"https:\/\/schema.org","@graph":[{"@type":"Article","@id":"https:\/\/informelitoral.com.ar\/frigerio-anuncio-creditos-para-productores-y-mejoras-viales\/#article","isPartOf":{"@id":"https:\/\/informelitoral.com.ar\/frigerio-anuncio-creditos-para-productores-y-mejoras-viales\/"},"author":{"name":"Gonzalo Schmidt","@id":"https:\/\/informelitoral.com.ar\/#\/schema\/person\/b9d00407c836482871ef1d57bf8e3180"},"headline":"Frigerio anunci\u00f3 cr\u00e9ditos para productores y mejoras viales","datePublished":"2025-08-24T00:49:07+00:00","dateModified":"2025-08-25T10:34:27+00:00","mainEntityOfPage":{"@id":"https:\/\/informelitoral.com.ar\/frigerio-anuncio-creditos-para-productores-y-mejoras-viales\/"},"wordCount":861,"commentCount":0,"publisher":{"@id":"https:\/\/informelitoral.com.ar\/#organization"},"image":{"@id":"https:\/\/informelitoral.com.ar\/frigerio-anuncio-creditos-para-productores-y-mejoras-viales\/#primaryimage"},"thumbnailUrl":"https:\/\/lh3.googleusercontent.com\/drive-storage\/AJQWtBOGA0JMqIDhNa4RNh5QOUeC9n_HLfAJK78oBsDDsigeyUdlChNv3g9WlM_cM6NV5nDfTUHBucgB1_cv905jF_imxofBkGPtpAH3JIAIMJhjSw=w2048-h2048-p-k-nu","keywords":["Caminos rurales","Entre R\u00edos","Feliciano","Rogelio Frigerio","Rutas"],"articleSection":["Campo"],"inLanguage":"es","potentialAction":[{"@type":"CommentAction","name":"Comment","target":["https:\/\/informelitoral.com.ar\/frigerio-anuncio-creditos-para-productores-y-mejoras-viales\/#respond"]}]},{"@type":"WebPage","@id":"https:\/\/informelitoral.com.ar\/frigerio-anuncio-creditos-para-productores-y-mejoras-viales\/","url":"https:\/\/informelitoral.com.ar\/frigerio-anuncio-creditos-para-productores-y-mejoras-viales\/","name":"Frigerio anunci\u00f3 cr\u00e9ditos para productores y mejoras viales - Informe Litoral","isPartOf":{"@id":"https:\/\/informelitoral.com.ar\/#website"},"primaryImageOfPage":{"@id":"https:\/\/informelitoral.com.ar\/frigerio-anuncio-creditos-para-productores-y-mejoras-viales\/#primaryimage"},"image":{"@id":"https:\/\/informelitoral.com.ar\/frigerio-anuncio-creditos-para-productores-y-mejoras-viales\/#primaryimage"},"thumbnailUrl":"https:\/\/lh3.googleusercontent.com\/drive-storage\/AJQWtBOGA0JMqIDhNa4RNh5QOUeC9n_HLfAJK78oBsDDsigeyUdlChNv3g9WlM_cM6NV5nDfTUHBucgB1_cv905jF_imxofBkGPtpAH3JIAIMJhjSw=w2048-h2048-p-k-nu","datePublished":"2025-08-24T00:49:07+00:00","dateModified":"2025-08-25T10:34:27+00:00","breadcrumb":{"@id":"https:\/\/informelitoral.com.ar\/frigerio-anuncio-creditos-para-productores-y-mejoras-viales\/#breadcrumb"},"inLanguage":"es","potentialAction":[{"@type":"ReadAction","target":["https:\/\/informelitoral.com.ar\/frigerio-anuncio-creditos-para-productores-y-mejoras-viales\/"]}]},{"@type":"ImageObject","inLanguage":"es","@id":"https:\/\/informelitoral.com.ar\/frigerio-anuncio-creditos-para-productores-y-mejoras-viales\/#primaryimage","url":"https:\/\/lh3.googleusercontent.com\/drive-storage\/AJQWtBOGA0JMqIDhNa4RNh5QOUeC9n_HLfAJK78oBsDDsigeyUdlChNv3g9WlM_cM6NV5nDfTUHBucgB1_cv905jF_imxofBkGPtpAH3JIAIMJhjSw=w2048-h2048-p-k-nu","contentUrl":"https:\/\/lh3.googleusercontent.com\/drive-storage\/AJQWtBOGA0JMqIDhNa4RNh5QOUeC9n_HLfAJK78oBsDDsigeyUdlChNv3g9WlM_cM6NV5nDfTUHBucgB1_cv905jF_imxofBkGPtpAH3JIAIMJhjSw=w2048-h2048-p-k-nu","width":"1920","height":"1280"},{"@type":"BreadcrumbList","@id":"https:\/\/informelitoral.com.ar\/frigerio-anuncio-creditos-para-productores-y-mejoras-viales\/#breadcrumb","itemListElement":[{"@type":"ListItem","position":1,"name":"Portada","item":"https:\/\/informelitoral.com.ar\/"},{"@type":"ListItem","position":2,"name":"Frigerio anunci\u00f3 cr\u00e9ditos para productores y mejoras viales"}]},{"@type":"WebSite","@id":"https:\/\/informelitoral.com.ar\/#website","url":"https:\/\/informelitoral.com.ar\/","name":"Informe Litoral","description":"&quot;Nos informamos&quot; ","publisher":{"@id":"https:\/\/informelitoral.com.ar\/#organization"},"potentialAction":[{"@type":"SearchAction","target":{"@type":"EntryPoint","urlTemplate":"https:\/\/informelitoral.com.ar\/?s={search_term_string}"},"query-input":{"@type":"PropertyValueSpecification","valueRequired":true,"valueName":"search_term_string"}}],"inLanguage":"es"},{"@type":"Organization","@id":"https:\/\/informelitoral.com.ar\/#organization","name":"Informe Litoral","url":"https:\/\/informelitoral.com.ar\/","logo":{"@type":"ImageObject","inLanguage":"es","@id":"https:\/\/informelitoral.com.ar\/#\/schema\/logo\/image\/","url":"https:\/\/informelitoral.com.ar\/%77%70%2d%63%6f%6e%74%65%6e%74\/uploads\/2021\/01\/circulo.png","contentUrl":"https:\/\/informelitoral.com.ar\/%77%70%2d%63%6f%6e%74%65%6e%74\/uploads\/2021\/01\/circulo.png","width":723,"height":731,"caption":"Informe Litoral"},"image":{"@id":"https:\/\/informelitoral.com.ar\/#\/schema\/logo\/image\/"},"sameAs":["https:\/\/www.facebook.com\/informelitoral\/","https:\/\/x.com\/InformeLitoral","https:\/\/www.instagram.com\/informelitoral\/","https:\/\/www.youtube.com\/channel\/UCua4Qvz8Icb6MYqhoq9xLXw"]},{"@type":"Person","@id":"https:\/\/informelitoral.com.ar\/#\/schema\/person\/b9d00407c836482871ef1d57bf8e3180","name":"Gonzalo Schmidt","image":{"@type":"ImageObject","inLanguage":"es","@id":"https:\/\/secure.gravatar.com\/avatar\/31a1a7b66ff2de83bd0e9fd79d026630d2d99e55e8bfe501287647b4fd9743de?s=96&d=mm&r=g","url":"https:\/\/secure.gravatar.com\/avatar\/31a1a7b66ff2de83bd0e9fd79d026630d2d99e55e8bfe501287647b4fd9743de?s=96&d=mm&r=g","contentUrl":"https:\/\/secure.gravatar.com\/avatar\/31a1a7b66ff2de83bd0e9fd79d026630d2d99e55e8bfe501287647b4fd9743de?s=96&d=mm&r=g","caption":"Gonzalo Schmidt"},"description":"Sitio web de noticias de la provincia de Entre R\u00edos, Argentina. Informaci\u00f3n y entretenimiento. Informe Litoral, nos informamos.","sameAs":["http:\/\/www.isletasnoticias.com.ar"],"url":"https:\/\/informelitoral.com.ar\/author\/gonzalo\/"}]}},"fifu_image_url":"https:\/\/lh3.googleusercontent.com\/drive-storage\/AJQWtBOGA0JMqIDhNa4RNh5QOUeC9n_HLfAJK78oBsDDsigeyUdlChNv3g9WlM_cM6NV5nDfTUHBucgB1_cv905jF_imxofBkGPtpAH3JIAIMJhjSw=w2048-h2048-p-k-nu","_links":{"self":[{"href":"https:\/\/informelitoral.com.ar\/%77%70%2d%6a%73%6f%6e\/wp\/v2\/posts\/231360","targetHints":{"allow":["GET"]}}],"collection":[{"href":"https:\/\/informelitoral.com.ar\/%77%70%2d%6a%73%6f%6e\/wp\/v2\/posts"}],"about":[{"href":"https:\/\/informelitoral.com.ar\/%77%70%2d%6a%73%6f%6e\/wp\/v2\/types\/post"}],"author":[{"embeddable":true,"href":"https:\/\/informelitoral.com.ar\/%77%70%2d%6a%73%6f%6e\/wp\/v2\/users\/2"}],"replies":[{"embeddable":true,"href":"https:\/\/informelitoral.com.ar\/%77%70%2d%6a%73%6f%6e\/wp\/v2\/comments?post=231360"}],"version-history":[{"count":1,"href":"https:\/\/informelitoral.com.ar\/%77%70%2d%6a%73%6f%6e\/wp\/v2\/posts\/231360\/revisions"}],"predecessor-version":[{"id":231362,"href":"https:\/\/informelitoral.com.ar\/%77%70%2d%6a%73%6f%6e\/wp\/v2\/posts\/231360\/revisions\/231362"}],"wp:featuredmedia":[{"embeddable":true,"href":"https:\/\/informelitoral.com.ar\/%77%70%2d%6a%73%6f%6e\/wp\/v2\/media\/231378"}],"wp:attachment":[{"href":"https:\/\/informelitoral.com.ar\/%77%70%2d%6a%73%6f%6e\/wp\/v2\/media?parent=231360"}],"wp:term":[{"taxonomy":"category","embeddable":true,"href":"https:\/\/informelitoral.com.ar\/%77%70%2d%6a%73%6f%6e\/wp\/v2\/categories?post=231360"},{"taxonomy":"post_tag","embeddable":true,"href":"https:\/\/informelitoral.com.ar\/%77%70%2d%6a%73%6f%6e\/wp\/v2\/tags?post=231360"}],"curies":[{"name":"wp","href":"https:\/\/api.w.org\/{rel}","templated":true}]}}