{"id":231196,"date":"2025-08-22T06:00:50","date_gmt":"2025-08-22T09:00:50","guid":{"rendered":"https:\/\/informelitoral.com.ar\/?p=231196"},"modified":"2025-08-22T07:44:04","modified_gmt":"2025-08-22T10:44:04","slug":"river-se-clasifico-a-los-cuartos-de-final-de-la-copa-libertadores","status":"publish","type":"post","link":"https:\/\/informelitoral.com.ar\/river-se-clasifico-a-los-cuartos-de-final-de-la-copa-libertadores\/","title":{"rendered":"River se clasific\u00f3 a los cuartos de final de la Copa Libertadores"},"content":{"rendered":"<p><strong>En una noche emocionante en el Monumental, River Plate logr\u00f3 avanzar a los cuartos de final de la Copa Libertadores tras vencer a Libertad de Paraguay en una electrizante definici\u00f3n por penales, con un acumulado de 3-1<\/strong>.<\/p>\n<p>El partido, que hab\u00eda comenzado con un empate 1-1, se torn\u00f3 en un espect\u00e1culo de emociones intensas tanto para los jugadores como para el p\u00fablico presente.<br \/>\nEl primer tiempo mostr\u00f3 a un River dominante que intent\u00f3 imponer su estilo de juego desde los primeros minutos. El equipo, dirigido por el prestigioso Marcelo Gallardo, encontr\u00f3 su recompensa luego de que Sebasti\u00e1n Driussi capturara un rebote para el delirio de los hinchas, rompiendo as\u00ed el 0-0, al alcanzar el minuto 29.<\/p>\n<p>Sin embargo, antes de que finalizara la primera mitad, Libertad logr\u00f3 igualar el marcador a trav\u00e9s de un remate de cabeza certero de Robert Rojas, conocido por su paso previo por el equipo argentino.<\/p>\n<p>La contienda gan\u00f3 un mayor nivel de intensidad en el segundo tiempo. Los dirigidos por Gallardo fueron sorprendidos por la expulsi\u00f3n de Giuliano Galoppo, lo que oblig\u00f3 al equipo a ajustar su estrategia tras quedar con un jugador menos. Para el conjunto paraguayo, este fue un aliciente para tratar de dominar el encuentro, pero la s\u00f3lida defensa del Millonario, sumada a la actuaci\u00f3n destacada del arquero Franco Armani, fue fundamental para que el duelo transitara hacia la definici\u00f3n por penales.<\/p>\n<p>En la tanda de penales, River mostr\u00f3 su val\u00eda con un Armani transformado en h\u00e9roe al detener el tiro de Marcelo Fern\u00e1ndez. Las fallas de los jugadores de Libertad fueron cruciales, destac\u00e1ndose el tiro al palo de Jorge Recalde y el disparo desviado de Hernesto Caballero. Por el lado de River, los convertidos por Ignacio Fern\u00e1ndez, Miguel Borja y Lucas Mart\u00ednez Quarta, contrastaron con el disparo fallido de Marcos Acu\u00f1a, bloqueado por el arquero rival, Martin Silva.<\/p>\n<p>Con este emocionante triunfo, River tiene un nuevo desaf\u00edo por delante, se enfrentar\u00e1 a Palmeiras en los cuartos de final, lo que augura un encuentro vibrante, donde el equipo de N\u00fa\u00f1ez buscar\u00e1 seguir con paso firme su camino hacia el t\u00edtulo internacional. Mientras tanto, en el \u00e1mbito local, ya piensan en el partido contra Lan\u00fas, previsto para el lunes 29 de agosto, en el marco de la sexta jornada del Torneo Clausura. <em>(Con informaci\u00f3n de El Cordillerano)<\/em><\/p>\n<h6><em><strong>Del archivo:\u00a0<a href=\"https:\/\/informelitoral.com.ar\/racing-elimino-a-penarol-y-avanzo-a-cuartos-de-la-copa-libertadores\/\" target=\"_blank\" rel=\"noopener\">Racing elimin\u00f3 a Pe\u00f1arol y avanz\u00f3 a cuartos de la Copa Libertadores<\/a><\/strong><\/em><\/h6>\n","protected":false},"excerpt":{"rendered":"<p>Luego de igualar 1-1 en el tiempo regular, venci\u00f3 a Libertad de Paraguay por penales.<\/p>\n","protected":false},"author":2,"featured_media":231197,"comment_status":"open","ping_status":"open","sticky":false,"template":"","format":"standard","meta":{"fifu_image_url":"https:\/\/elcordillerano-s3.cdn.net.ar\/s3i233\/2025\/08\/elcordillerano\/images\/02\/24\/34\/2243425_cdd3a69d1a70be51cb518129f998d3cc39feb441101f100d3ef694b6c381019f\/md.webp","fifu_image_alt":"","footnotes":""},"categories":[13],"tags":[400,57,1254],"class_list":{"0":"post-231196","1":"post","2":"type-post","3":"status-publish","4":"format-standard","5":"has-post-thumbnail","7":"category-deportes","8":"tag-copa-libertadores","9":"tag-futbol","10":"tag-river"},"yoast_head":"<title>River se clasific\u00f3 a los cuartos de final de la Copa Libertadores - Informe Litoral<\/title>\n<meta name=\"robots\" content=\"index, follow, max-snippet:-1, max-image-preview:large, max-video-preview:-1\" \/>\n<link rel=\"canonical\" href=\"https:\/\/informelitoral.com.ar\/river-se-clasifico-a-los-cuartos-de-final-de-la-copa-libertadores\/\" \/>\n<meta property=\"og:locale\" content=\"es_ES\" \/>\n<meta property=\"og:type\" content=\"article\" \/>\n<meta property=\"og:title\" content=\"River se clasific\u00f3 a los cuartos de final de la Copa Libertadores - Informe Litoral\" \/>\n<meta property=\"og:description\" content=\"Luego de igualar 1-1 en el tiempo regular, venci\u00f3 a Libertad de Paraguay por penales.\" \/>\n<meta property=\"og:url\" content=\"https:\/\/informelitoral.com.ar\/river-se-clasifico-a-los-cuartos-de-final-de-la-copa-libertadores\/\" \/>\n<meta property=\"og:site_name\" content=\"Informe Litoral\" \/>\n<meta property=\"article:publisher\" content=\"https:\/\/www.facebook.com\/informelitoral\/\" \/>\n<meta property=\"article:published_time\" content=\"2025-08-22T09:00:50+00:00\" \/>\n<meta property=\"article:modified_time\" content=\"2025-08-22T10:44:04+00:00\" \/>\n<meta property=\"og:image\" content=\"https:\/\/elcordillerano-s3.cdn.net.ar\/s3i233\/2025\/08\/elcordillerano\/images\/02\/24\/34\/2243425_cdd3a69d1a70be51cb518129f998d3cc39feb441101f100d3ef694b6c381019f\/md.webp\" \/><meta property=\"og:image\" content=\"https:\/\/elcordillerano-s3.cdn.net.ar\/s3i233\/2025\/08\/elcordillerano\/images\/02\/24\/34\/2243425_cdd3a69d1a70be51cb518129f998d3cc39feb441101f100d3ef694b6c381019f\/md.webp\" \/>\n\t<meta property=\"og:image:width\" content=\"992\" \/>\n\t<meta property=\"og:image:height\" content=\"697\" \/>\n\t<meta property=\"og:image:type\" content=\"image\/jpeg\" \/>\n<meta name=\"author\" content=\"Gonzalo Schmidt\" \/>\n<meta name=\"twitter:card\" content=\"summary_large_image\" \/>\n<meta name=\"twitter:image\" content=\"https:\/\/elcordillerano-s3.cdn.net.ar\/s3i233\/2025\/08\/elcordillerano\/images\/02\/24\/34\/2243425_cdd3a69d1a70be51cb518129f998d3cc39feb441101f100d3ef694b6c381019f\/md.webp\" \/>\n<meta name=\"twitter:creator\" content=\"@InformeLitoral\" \/>\n<meta name=\"twitter:site\" content=\"@InformeLitoral\" \/>\n<meta name=\"twitter:label1\" content=\"Escrito por\" \/>\n\t<meta name=\"twitter:data1\" content=\"Gonzalo Schmidt\" \/>\n\t<meta name=\"twitter:label2\" content=\"Tiempo de lectura\" \/>\n\t<meta name=\"twitter:data2\" content=\"2 minutos\" \/>\n<script type=\"application\/ld+json\" class=\"yoast-schema-graph\">{\"@context\":\"https:\\\/\\\/schema.org\",\"@graph\":[{\"@type\":\"Article\",\"@id\":\"https:\\\/\\\/informelitoral.com.ar\\\/river-se-clasifico-a-los-cuartos-de-final-de-la-copa-libertadores\\\/#article\",\"isPartOf\":{\"@id\":\"https:\\\/\\\/informelitoral.com.ar\\\/river-se-clasifico-a-los-cuartos-de-final-de-la-copa-libertadores\\\/\"},\"author\":{\"name\":\"Gonzalo Schmidt\",\"@id\":\"https:\\\/\\\/informelitoral.com.ar\\\/#\\\/schema\\\/person\\\/b9d00407c836482871ef1d57bf8e3180\"},\"headline\":\"River se clasific\u00f3 a los cuartos de final de la Copa Libertadores\",\"datePublished\":\"2025-08-22T09:00:50+00:00\",\"dateModified\":\"2025-08-22T10:44:04+00:00\",\"mainEntityOfPage\":{\"@id\":\"https:\\\/\\\/informelitoral.com.ar\\\/river-se-clasifico-a-los-cuartos-de-final-de-la-copa-libertadores\\\/\"},\"wordCount\":431,\"commentCount\":0,\"publisher\":{\"@id\":\"https:\\\/\\\/informelitoral.com.ar\\\/#organization\"},\"image\":{\"@id\":\"https:\\\/\\\/informelitoral.com.ar\\\/river-se-clasifico-a-los-cuartos-de-final-de-la-copa-libertadores\\\/#primaryimage\"},\"thumbnailUrl\":\"https:\\\/\\\/elcordillerano-s3.cdn.net.ar\\\/s3i233\\\/2025\\\/08\\\/elcordillerano\\\/images\\\/02\\\/24\\\/34\\\/2243425_cdd3a69d1a70be51cb518129f998d3cc39feb441101f100d3ef694b6c381019f\\\/md.webp\",\"keywords\":[\"Copa Libertadores\",\"F\u00fatbol\",\"River\"],\"articleSection\":[\"Deportes\"],\"inLanguage\":\"es\",\"potentialAction\":[{\"@type\":\"CommentAction\",\"name\":\"Comment\",\"target\":[\"https:\\\/\\\/informelitoral.com.ar\\\/river-se-clasifico-a-los-cuartos-de-final-de-la-copa-libertadores\\\/#respond\"]}]},{\"@type\":\"WebPage\",\"@id\":\"https:\\\/\\\/informelitoral.com.ar\\\/river-se-clasifico-a-los-cuartos-de-final-de-la-copa-libertadores\\\/\",\"url\":\"https:\\\/\\\/informelitoral.com.ar\\\/river-se-clasifico-a-los-cuartos-de-final-de-la-copa-libertadores\\\/\",\"name\":\"River se clasific\u00f3 a los cuartos de final de la Copa Libertadores - Informe Litoral\",\"isPartOf\":{\"@id\":\"https:\\\/\\\/informelitoral.com.ar\\\/#website\"},\"primaryImageOfPage\":{\"@id\":\"https:\\\/\\\/informelitoral.com.ar\\\/river-se-clasifico-a-los-cuartos-de-final-de-la-copa-libertadores\\\/#primaryimage\"},\"image\":{\"@id\":\"https:\\\/\\\/informelitoral.com.ar\\\/river-se-clasifico-a-los-cuartos-de-final-de-la-copa-libertadores\\\/#primaryimage\"},\"thumbnailUrl\":\"https:\\\/\\\/elcordillerano-s3.cdn.net.ar\\\/s3i233\\\/2025\\\/08\\\/elcordillerano\\\/images\\\/02\\\/24\\\/34\\\/2243425_cdd3a69d1a70be51cb518129f998d3cc39feb441101f100d3ef694b6c381019f\\\/md.webp\",\"datePublished\":\"2025-08-22T09:00:50+00:00\",\"dateModified\":\"2025-08-22T10:44:04+00:00\",\"breadcrumb\":{\"@id\":\"https:\\\/\\\/informelitoral.com.ar\\\/river-se-clasifico-a-los-cuartos-de-final-de-la-copa-libertadores\\\/#breadcrumb\"},\"inLanguage\":\"es\",\"potentialAction\":[{\"@type\":\"ReadAction\",\"target\":[\"https:\\\/\\\/informelitoral.com.ar\\\/river-se-clasifico-a-los-cuartos-de-final-de-la-copa-libertadores\\\/\"]}]},{\"@type\":\"ImageObject\",\"inLanguage\":\"es\",\"@id\":\"https:\\\/\\\/informelitoral.com.ar\\\/river-se-clasifico-a-los-cuartos-de-final-de-la-copa-libertadores\\\/#primaryimage\",\"url\":\"https:\\\/\\\/elcordillerano-s3.cdn.net.ar\\\/s3i233\\\/2025\\\/08\\\/elcordillerano\\\/images\\\/02\\\/24\\\/34\\\/2243425_cdd3a69d1a70be51cb518129f998d3cc39feb441101f100d3ef694b6c381019f\\\/md.webp\",\"contentUrl\":\"https:\\\/\\\/elcordillerano-s3.cdn.net.ar\\\/s3i233\\\/2025\\\/08\\\/elcordillerano\\\/images\\\/02\\\/24\\\/34\\\/2243425_cdd3a69d1a70be51cb518129f998d3cc39feb441101f100d3ef694b6c381019f\\\/md.webp\",\"width\":\"992\",\"height\":\"697\"},{\"@type\":\"BreadcrumbList\",\"@id\":\"https:\\\/\\\/informelitoral.com.ar\\\/river-se-clasifico-a-los-cuartos-de-final-de-la-copa-libertadores\\\/#breadcrumb\",\"itemListElement\":[{\"@type\":\"ListItem\",\"position\":1,\"name\":\"Portada\",\"item\":\"https:\\\/\\\/informelitoral.com.ar\\\/\"},{\"@type\":\"ListItem\",\"position\":2,\"name\":\"River se clasific\u00f3 a los cuartos de final de la Copa Libertadores\"}]},{\"@type\":\"WebSite\",\"@id\":\"https:\\\/\\\/informelitoral.com.ar\\\/#website\",\"url\":\"https:\\\/\\\/informelitoral.com.ar\\\/\",\"name\":\"Informe Litoral\",\"description\":\"&quot;Nos informamos&quot; \",\"publisher\":{\"@id\":\"https:\\\/\\\/informelitoral.com.ar\\\/#organization\"},\"potentialAction\":[{\"@type\":\"SearchAction\",\"target\":{\"@type\":\"EntryPoint\",\"urlTemplate\":\"https:\\\/\\\/informelitoral.com.ar\\\/?s={search_term_string}\"},\"query-input\":{\"@type\":\"PropertyValueSpecification\",\"valueRequired\":true,\"valueName\":\"search_term_string\"}}],\"inLanguage\":\"es\"},{\"@type\":\"Organization\",\"@id\":\"https:\\\/\\\/informelitoral.com.ar\\\/#organization\",\"name\":\"Informe Litoral\",\"url\":\"https:\\\/\\\/informelitoral.com.ar\\\/\",\"logo\":{\"@type\":\"ImageObject\",\"inLanguage\":\"es\",\"@id\":\"https:\\\/\\\/informelitoral.com.ar\\\/#\\\/schema\\\/logo\\\/image\\\/\",\"url\":\"https:\\\/\\\/informelitoral.com.ar\\\/%77%70%2d%63%6f%6e%74%65%6e%74\\\/uploads\\\/2021\\\/01\\\/circulo.png\",\"contentUrl\":\"https:\\\/\\\/informelitoral.com.ar\\\/%77%70%2d%63%6f%6e%74%65%6e%74\\\/uploads\\\/2021\\\/01\\\/circulo.png\",\"width\":723,\"height\":731,\"caption\":\"Informe Litoral\"},\"image\":{\"@id\":\"https:\\\/\\\/informelitoral.com.ar\\\/#\\\/schema\\\/logo\\\/image\\\/\"},\"sameAs\":[\"https:\\\/\\\/www.facebook.com\\\/informelitoral\\\/\",\"https:\\\/\\\/x.com\\\/InformeLitoral\",\"https:\\\/\\\/www.instagram.com\\\/informelitoral\\\/\",\"https:\\\/\\\/www.youtube.com\\\/channel\\\/UCua4Qvz8Icb6MYqhoq9xLXw\"]},{\"@type\":\"Person\",\"@id\":\"https:\\\/\\\/informelitoral.com.ar\\\/#\\\/schema\\\/person\\\/b9d00407c836482871ef1d57bf8e3180\",\"name\":\"Gonzalo Schmidt\",\"image\":{\"@type\":\"ImageObject\",\"inLanguage\":\"es\",\"@id\":\"https:\\\/\\\/secure.gravatar.com\\\/avatar\\\/31a1a7b66ff2de83bd0e9fd79d026630d2d99e55e8bfe501287647b4fd9743de?s=96&d=mm&r=g\",\"url\":\"https:\\\/\\\/secure.gravatar.com\\\/avatar\\\/31a1a7b66ff2de83bd0e9fd79d026630d2d99e55e8bfe501287647b4fd9743de?s=96&d=mm&r=g\",\"contentUrl\":\"https:\\\/\\\/secure.gravatar.com\\\/avatar\\\/31a1a7b66ff2de83bd0e9fd79d026630d2d99e55e8bfe501287647b4fd9743de?s=96&d=mm&r=g\",\"caption\":\"Gonzalo Schmidt\"},\"description\":\"Sitio web de noticias de la provincia de Entre R\u00edos, Argentina. Informaci\u00f3n y entretenimiento. Informe Litoral, nos informamos.\",\"sameAs\":[\"http:\\\/\\\/www.isletasnoticias.com.ar\"],\"url\":\"https:\\\/\\\/informelitoral.com.ar\\\/author\\\/gonzalo\\\/\"}]}<\/script>","yoast_head_json":{"title":"River se clasific\u00f3 a los cuartos de final de la Copa Libertadores - Informe Litoral","robots":{"index":"index","follow":"follow","max-snippet":"max-snippet:-1","max-image-preview":"max-image-preview:large","max-video-preview":"max-video-preview:-1"},"canonical":"https:\/\/informelitoral.com.ar\/river-se-clasifico-a-los-cuartos-de-final-de-la-copa-libertadores\/","og_locale":"es_ES","og_type":"article","og_title":"River se clasific\u00f3 a los cuartos de final de la Copa Libertadores - Informe Litoral","og_description":"Luego de igualar 1-1 en el tiempo regular, venci\u00f3 a Libertad de Paraguay por penales.","og_url":"https:\/\/informelitoral.com.ar\/river-se-clasifico-a-los-cuartos-de-final-de-la-copa-libertadores\/","og_site_name":"Informe Litoral","article_publisher":"https:\/\/www.facebook.com\/informelitoral\/","article_published_time":"2025-08-22T09:00:50+00:00","article_modified_time":"2025-08-22T10:44:04+00:00","og_image":[{"url":"https:\/\/elcordillerano-s3.cdn.net.ar\/s3i233\/2025\/08\/elcordillerano\/images\/02\/24\/34\/2243425_cdd3a69d1a70be51cb518129f998d3cc39feb441101f100d3ef694b6c381019f\/md.webp","type":"","width":"","height":""},{"width":992,"height":697,"url":"https:\/\/elcordillerano-s3.cdn.net.ar\/s3i233\/2025\/08\/elcordillerano\/images\/02\/24\/34\/2243425_cdd3a69d1a70be51cb518129f998d3cc39feb441101f100d3ef694b6c381019f\/md.webp","type":"image\/jpeg"}],"author":"Gonzalo Schmidt","twitter_card":"summary_large_image","twitter_image":"https:\/\/elcordillerano-s3.cdn.net.ar\/s3i233\/2025\/08\/elcordillerano\/images\/02\/24\/34\/2243425_cdd3a69d1a70be51cb518129f998d3cc39feb441101f100d3ef694b6c381019f\/md.webp","twitter_creator":"@InformeLitoral","twitter_site":"@InformeLitoral","twitter_misc":{"Escrito por":"Gonzalo Schmidt","Tiempo de lectura":"2 minutos"},"schema":{"@context":"https:\/\/schema.org","@graph":[{"@type":"Article","@id":"https:\/\/informelitoral.com.ar\/river-se-clasifico-a-los-cuartos-de-final-de-la-copa-libertadores\/#article","isPartOf":{"@id":"https:\/\/informelitoral.com.ar\/river-se-clasifico-a-los-cuartos-de-final-de-la-copa-libertadores\/"},"author":{"name":"Gonzalo Schmidt","@id":"https:\/\/informelitoral.com.ar\/#\/schema\/person\/b9d00407c836482871ef1d57bf8e3180"},"headline":"River se clasific\u00f3 a los cuartos de final de la Copa Libertadores","datePublished":"2025-08-22T09:00:50+00:00","dateModified":"2025-08-22T10:44:04+00:00","mainEntityOfPage":{"@id":"https:\/\/informelitoral.com.ar\/river-se-clasifico-a-los-cuartos-de-final-de-la-copa-libertadores\/"},"wordCount":431,"commentCount":0,"publisher":{"@id":"https:\/\/informelitoral.com.ar\/#organization"},"image":{"@id":"https:\/\/informelitoral.com.ar\/river-se-clasifico-a-los-cuartos-de-final-de-la-copa-libertadores\/#primaryimage"},"thumbnailUrl":"https:\/\/elcordillerano-s3.cdn.net.ar\/s3i233\/2025\/08\/elcordillerano\/images\/02\/24\/34\/2243425_cdd3a69d1a70be51cb518129f998d3cc39feb441101f100d3ef694b6c381019f\/md.webp","keywords":["Copa Libertadores","F\u00fatbol","River"],"articleSection":["Deportes"],"inLanguage":"es","potentialAction":[{"@type":"CommentAction","name":"Comment","target":["https:\/\/informelitoral.com.ar\/river-se-clasifico-a-los-cuartos-de-final-de-la-copa-libertadores\/#respond"]}]},{"@type":"WebPage","@id":"https:\/\/informelitoral.com.ar\/river-se-clasifico-a-los-cuartos-de-final-de-la-copa-libertadores\/","url":"https:\/\/informelitoral.com.ar\/river-se-clasifico-a-los-cuartos-de-final-de-la-copa-libertadores\/","name":"River se clasific\u00f3 a los cuartos de final de la Copa Libertadores - Informe Litoral","isPartOf":{"@id":"https:\/\/informelitoral.com.ar\/#website"},"primaryImageOfPage":{"@id":"https:\/\/informelitoral.com.ar\/river-se-clasifico-a-los-cuartos-de-final-de-la-copa-libertadores\/#primaryimage"},"image":{"@id":"https:\/\/informelitoral.com.ar\/river-se-clasifico-a-los-cuartos-de-final-de-la-copa-libertadores\/#primaryimage"},"thumbnailUrl":"https:\/\/elcordillerano-s3.cdn.net.ar\/s3i233\/2025\/08\/elcordillerano\/images\/02\/24\/34\/2243425_cdd3a69d1a70be51cb518129f998d3cc39feb441101f100d3ef694b6c381019f\/md.webp","datePublished":"2025-08-22T09:00:50+00:00","dateModified":"2025-08-22T10:44:04+00:00","breadcrumb":{"@id":"https:\/\/informelitoral.com.ar\/river-se-clasifico-a-los-cuartos-de-final-de-la-copa-libertadores\/#breadcrumb"},"inLanguage":"es","potentialAction":[{"@type":"ReadAction","target":["https:\/\/informelitoral.com.ar\/river-se-clasifico-a-los-cuartos-de-final-de-la-copa-libertadores\/"]}]},{"@type":"ImageObject","inLanguage":"es","@id":"https:\/\/informelitoral.com.ar\/river-se-clasifico-a-los-cuartos-de-final-de-la-copa-libertadores\/#primaryimage","url":"https:\/\/elcordillerano-s3.cdn.net.ar\/s3i233\/2025\/08\/elcordillerano\/images\/02\/24\/34\/2243425_cdd3a69d1a70be51cb518129f998d3cc39feb441101f100d3ef694b6c381019f\/md.webp","contentUrl":"https:\/\/elcordillerano-s3.cdn.net.ar\/s3i233\/2025\/08\/elcordillerano\/images\/02\/24\/34\/2243425_cdd3a69d1a70be51cb518129f998d3cc39feb441101f100d3ef694b6c381019f\/md.webp","width":"992","height":"697"},{"@type":"BreadcrumbList","@id":"https:\/\/informelitoral.com.ar\/river-se-clasifico-a-los-cuartos-de-final-de-la-copa-libertadores\/#breadcrumb","itemListElement":[{"@type":"ListItem","position":1,"name":"Portada","item":"https:\/\/informelitoral.com.ar\/"},{"@type":"ListItem","position":2,"name":"River se clasific\u00f3 a los cuartos de final de la Copa Libertadores"}]},{"@type":"WebSite","@id":"https:\/\/informelitoral.com.ar\/#website","url":"https:\/\/informelitoral.com.ar\/","name":"Informe Litoral","description":"&quot;Nos informamos&quot; ","publisher":{"@id":"https:\/\/informelitoral.com.ar\/#organization"},"potentialAction":[{"@type":"SearchAction","target":{"@type":"EntryPoint","urlTemplate":"https:\/\/informelitoral.com.ar\/?s={search_term_string}"},"query-input":{"@type":"PropertyValueSpecification","valueRequired":true,"valueName":"search_term_string"}}],"inLanguage":"es"},{"@type":"Organization","@id":"https:\/\/informelitoral.com.ar\/#organization","name":"Informe Litoral","url":"https:\/\/informelitoral.com.ar\/","logo":{"@type":"ImageObject","inLanguage":"es","@id":"https:\/\/informelitoral.com.ar\/#\/schema\/logo\/image\/","url":"https:\/\/informelitoral.com.ar\/%77%70%2d%63%6f%6e%74%65%6e%74\/uploads\/2021\/01\/circulo.png","contentUrl":"https:\/\/informelitoral.com.ar\/%77%70%2d%63%6f%6e%74%65%6e%74\/uploads\/2021\/01\/circulo.png","width":723,"height":731,"caption":"Informe Litoral"},"image":{"@id":"https:\/\/informelitoral.com.ar\/#\/schema\/logo\/image\/"},"sameAs":["https:\/\/www.facebook.com\/informelitoral\/","https:\/\/x.com\/InformeLitoral","https:\/\/www.instagram.com\/informelitoral\/","https:\/\/www.youtube.com\/channel\/UCua4Qvz8Icb6MYqhoq9xLXw"]},{"@type":"Person","@id":"https:\/\/informelitoral.com.ar\/#\/schema\/person\/b9d00407c836482871ef1d57bf8e3180","name":"Gonzalo Schmidt","image":{"@type":"ImageObject","inLanguage":"es","@id":"https:\/\/secure.gravatar.com\/avatar\/31a1a7b66ff2de83bd0e9fd79d026630d2d99e55e8bfe501287647b4fd9743de?s=96&d=mm&r=g","url":"https:\/\/secure.gravatar.com\/avatar\/31a1a7b66ff2de83bd0e9fd79d026630d2d99e55e8bfe501287647b4fd9743de?s=96&d=mm&r=g","contentUrl":"https:\/\/secure.gravatar.com\/avatar\/31a1a7b66ff2de83bd0e9fd79d026630d2d99e55e8bfe501287647b4fd9743de?s=96&d=mm&r=g","caption":"Gonzalo Schmidt"},"description":"Sitio web de noticias de la provincia de Entre R\u00edos, Argentina. Informaci\u00f3n y entretenimiento. Informe Litoral, nos informamos.","sameAs":["http:\/\/www.isletasnoticias.com.ar"],"url":"https:\/\/informelitoral.com.ar\/author\/gonzalo\/"}]}},"fifu_image_url":"https:\/\/elcordillerano-s3.cdn.net.ar\/s3i233\/2025\/08\/elcordillerano\/images\/02\/24\/34\/2243425_cdd3a69d1a70be51cb518129f998d3cc39feb441101f100d3ef694b6c381019f\/md.webp","_links":{"self":[{"href":"https:\/\/informelitoral.com.ar\/%77%70%2d%6a%73%6f%6e\/wp\/v2\/posts\/231196","targetHints":{"allow":["GET"]}}],"collection":[{"href":"https:\/\/informelitoral.com.ar\/%77%70%2d%6a%73%6f%6e\/wp\/v2\/posts"}],"about":[{"href":"https:\/\/informelitoral.com.ar\/%77%70%2d%6a%73%6f%6e\/wp\/v2\/types\/post"}],"author":[{"embeddable":true,"href":"https:\/\/informelitoral.com.ar\/%77%70%2d%6a%73%6f%6e\/wp\/v2\/users\/2"}],"replies":[{"embeddable":true,"href":"https:\/\/informelitoral.com.ar\/%77%70%2d%6a%73%6f%6e\/wp\/v2\/comments?post=231196"}],"version-history":[{"count":1,"href":"https:\/\/informelitoral.com.ar\/%77%70%2d%6a%73%6f%6e\/wp\/v2\/posts\/231196\/revisions"}],"predecessor-version":[{"id":231198,"href":"https:\/\/informelitoral.com.ar\/%77%70%2d%6a%73%6f%6e\/wp\/v2\/posts\/231196\/revisions\/231198"}],"wp:featuredmedia":[{"embeddable":true,"href":"https:\/\/informelitoral.com.ar\/%77%70%2d%6a%73%6f%6e\/wp\/v2\/media\/231197"}],"wp:attachment":[{"href":"https:\/\/informelitoral.com.ar\/%77%70%2d%6a%73%6f%6e\/wp\/v2\/media?parent=231196"}],"wp:term":[{"taxonomy":"category","embeddable":true,"href":"https:\/\/informelitoral.com.ar\/%77%70%2d%6a%73%6f%6e\/wp\/v2\/categories?post=231196"},{"taxonomy":"post_tag","embeddable":true,"href":"https:\/\/informelitoral.com.ar\/%77%70%2d%6a%73%6f%6e\/wp\/v2\/tags?post=231196"}],"curies":[{"name":"wp","href":"https:\/\/api.w.org\/{rel}","templated":true}]}}