{"id":230849,"date":"2025-08-18T14:19:45","date_gmt":"2025-08-18T17:19:45","guid":{"rendered":"https:\/\/informelitoral.com.ar\/?p=230849"},"modified":"2025-08-18T14:19:45","modified_gmt":"2025-08-18T17:19:45","slug":"delta-el-gobierno-nacional-elimino-el-fondo-nacional-del-fuego","status":"publish","type":"post","link":"https:\/\/informelitoral.com.ar\/delta-el-gobierno-nacional-elimino-el-fondo-nacional-del-fuego\/","title":{"rendered":"Delta: el Gobierno nacional elimin\u00f3 el Fondo Nacional del Fuego"},"content":{"rendered":"<p>Los gobiernos de Entre R\u00edos, Santa Fe y Buenos Aires se reunieron en los primeros d\u00edas de agosto para coordinar un protocolo de actuaci\u00f3n y fortalecer la formaci\u00f3n de brigadistas, con el objetivo de combatir los incendios en los humedales del Delta. Sin embargo, en medio de estos esfuerzos, se conoci\u00f3 una noticia que genera gran alarma: el <b>Poder Ejecutivo Nacional elimin\u00f3 los fondos<\/b> para el Plan Nacional de Manejo del Fuego.<\/p>\n<p>Mediante el decreto N\u00ba 463\/2025, el Gobierno Nacional disolvi\u00f3 el \u00abFideicomiso Financiero y de Administraci\u00f3n del Fondo Nacional del Manejo del Fuego\u00bb. Aunque la medida busca \u00abeficientizar el gasto\u00bb, deja al Sistema Federal del Manejo del Fuego sin una fuente exclusiva de financiamiento, ya que sus recursos ahora pasan a formar parte del presupuesto general del Ministerio de Seguridad.<\/p>\n<p><a href=\"https:\/\/informelitoral.com.ar\/%77%70%2d%63%6f%6e%74%65%6e%74\/uploads\/2024\/10\/879265-bolivia-20incendios.jpg\"><img loading=\"lazy\" decoding=\"async\" class=\"alignnone size-full wp-image-200010\" src=\"https:\/\/informelitoral.com.ar\/%77%70%2d%63%6f%6e%74%65%6e%74\/uploads\/2024\/10\/879265-bolivia-20incendios.jpg\" alt=\"\" width=\"960\" height=\"640\" srcset=\"https:\/\/informelitoral.com.ar\/%77%70%2d%63%6f%6e%74%65%6e%74\/uploads\/2024\/10\/879265-bolivia-20incendios.jpg 960w, https:\/\/informelitoral.com.ar\/%77%70%2d%63%6f%6e%74%65%6e%74\/uploads\/2024\/10\/879265-bolivia-20incendios-300x200.jpg 300w, https:\/\/informelitoral.com.ar\/%77%70%2d%63%6f%6e%74%65%6e%74\/uploads\/2024\/10\/879265-bolivia-20incendios-768x512.jpg 768w, https:\/\/informelitoral.com.ar\/%77%70%2d%63%6f%6e%74%65%6e%74\/uploads\/2024\/10\/879265-bolivia-20incendios-630x420.jpg 630w, https:\/\/informelitoral.com.ar\/%77%70%2d%63%6f%6e%74%65%6e%74\/uploads\/2024\/10\/879265-bolivia-20incendios-696x464.jpg 696w\" sizes=\"auto, (max-width: 960px) 100vw, 960px\" \/><\/a><\/p>\n<p>Este fondo, creado en 2020, se alimentaba de aportes del Tesoro Nacional y un porcentaje de las primas de seguros. Seg\u00fan la periodista B\u00e1rbara Godoy, el plan recaud\u00f3 m\u00e1s de <b>$10 mil millones en 2022<\/b> y super\u00f3 los <b>$22 mil millones en 2023<\/b>, recursos que se destinaban a la compra de equipamiento, capacitaci\u00f3n de personal y obras de infraestructura. Su eliminaci\u00f3n debilita la capacidad operativa de las brigadas y las deja supeditadas a decisiones administrativas de otra \u00e1rea del Estado.<\/p>\n<p>La disoluci\u00f3n del fideicomiso es especialmente preocupante, ya que se da en un momento de <b>alta volatilidad del material combustible<\/b> en la regi\u00f3n. Un bi\u00f3logo explic\u00f3 que las plantas anuales, que mueren en invierno, se deshidratan y se convierten en \u00abmateria org\u00e1nica seca, con un 12% a 15% de humedad, que la hace susceptible de ser quemada\u00bb. Esto eleva el riesgo de incendios y subraya la necesidad de contar con una respuesta r\u00e1pida y bien financiada, como lo ven\u00eda siendo el fondo eliminado.<\/p>\n<h6><em><strong>Del archivo:\u00a0<a href=\"https:\/\/informelitoral.com.ar\/228760-2\/\" target=\"_blank\" rel=\"noopener\">Hist\u00f3rica condena por incendios en el Delta del Paran\u00e1: Apicultores recibieron prisi\u00f3n preventiva<\/a><\/strong><\/em><\/h6>\n","protected":false},"excerpt":{"rendered":"<p>Un decreto nacional disolvi\u00f3 el fideicomiso que financiaba el combate contra los incendios. La medida genera gran preocupaci\u00f3n entre brigadistas y ambientalistas ante el riesgo de la temporada de sequ\u00eda.<\/p>\n","protected":false},"author":8,"featured_media":230850,"comment_status":"open","ping_status":"open","sticky":false,"template":"","format":"standard","meta":{"fifu_image_url":"https:\/\/apfdigital-s3.cdn.net.ar\/s3i233\/2025\/08\/apfdigital\/images\/02\/23\/78\/2237899_7566939e2a5e5eabf95a890d4df234a93930fd50d70d5c2b3ec09a08e2370851\/md.webp","fifu_image_alt":"","footnotes":""},"categories":[16],"tags":[281,1676,3535],"class_list":{"0":"post-230849","1":"post","2":"type-post","3":"status-publish","4":"format-standard","5":"has-post-thumbnail","7":"category-politi","8":"tag-delta","9":"tag-incendios-forestales","10":"tag-reuniones"},"yoast_head":"<title>Delta: el Gobierno nacional elimin\u00f3 el Fondo Nacional del Fuego - Informe Litoral<\/title>\n<meta name=\"robots\" content=\"index, follow, max-snippet:-1, max-image-preview:large, max-video-preview:-1\" \/>\n<link rel=\"canonical\" href=\"https:\/\/informelitoral.com.ar\/delta-el-gobierno-nacional-elimino-el-fondo-nacional-del-fuego\/\" \/>\n<meta property=\"og:locale\" content=\"es_ES\" \/>\n<meta property=\"og:type\" content=\"article\" \/>\n<meta property=\"og:title\" content=\"Delta: el Gobierno nacional elimin\u00f3 el Fondo Nacional del Fuego - Informe Litoral\" \/>\n<meta property=\"og:description\" content=\"Un decreto nacional disolvi\u00f3 el fideicomiso que financiaba el combate contra los incendios. La medida genera gran preocupaci\u00f3n entre brigadistas y ambientalistas ante el riesgo de la temporada de sequ\u00eda.\" \/>\n<meta property=\"og:url\" content=\"https:\/\/informelitoral.com.ar\/delta-el-gobierno-nacional-elimino-el-fondo-nacional-del-fuego\/\" \/>\n<meta property=\"og:site_name\" content=\"Informe Litoral\" \/>\n<meta property=\"article:publisher\" content=\"https:\/\/www.facebook.com\/informelitoral\/\" \/>\n<meta property=\"article:published_time\" content=\"2025-08-18T17:19:45+00:00\" \/>\n<meta property=\"og:image\" content=\"https:\/\/apfdigital-s3.cdn.net.ar\/s3i233\/2025\/08\/apfdigital\/images\/02\/23\/78\/2237899_7566939e2a5e5eabf95a890d4df234a93930fd50d70d5c2b3ec09a08e2370851\/md.webp\" \/><meta property=\"og:image\" content=\"https:\/\/apfdigital-s3.cdn.net.ar\/s3i233\/2025\/08\/apfdigital\/images\/02\/23\/78\/2237899_7566939e2a5e5eabf95a890d4df234a93930fd50d70d5c2b3ec09a08e2370851\/md.webp\" \/>\n\t<meta property=\"og:image:width\" content=\"992\" \/>\n\t<meta property=\"og:image:height\" content=\"892\" \/>\n\t<meta property=\"og:image:type\" content=\"image\/jpeg\" \/>\n<meta name=\"author\" content=\"Sebastian\" \/>\n<meta name=\"twitter:card\" content=\"summary_large_image\" \/>\n<meta name=\"twitter:image\" content=\"https:\/\/apfdigital-s3.cdn.net.ar\/s3i233\/2025\/08\/apfdigital\/images\/02\/23\/78\/2237899_7566939e2a5e5eabf95a890d4df234a93930fd50d70d5c2b3ec09a08e2370851\/md.webp\" \/>\n<meta name=\"twitter:creator\" content=\"@InformeLitoral\" \/>\n<meta name=\"twitter:site\" content=\"@InformeLitoral\" \/>\n<meta name=\"twitter:label1\" content=\"Escrito por\" \/>\n\t<meta name=\"twitter:data1\" content=\"Sebastian\" \/>\n\t<meta name=\"twitter:label2\" content=\"Tiempo de lectura\" \/>\n\t<meta name=\"twitter:data2\" content=\"2 minutos\" \/>\n<script type=\"application\/ld+json\" class=\"yoast-schema-graph\">{\"@context\":\"https:\\\/\\\/schema.org\",\"@graph\":[{\"@type\":\"Article\",\"@id\":\"https:\\\/\\\/informelitoral.com.ar\\\/delta-el-gobierno-nacional-elimino-el-fondo-nacional-del-fuego\\\/#article\",\"isPartOf\":{\"@id\":\"https:\\\/\\\/informelitoral.com.ar\\\/delta-el-gobierno-nacional-elimino-el-fondo-nacional-del-fuego\\\/\"},\"author\":{\"name\":\"Sebastian\",\"@id\":\"https:\\\/\\\/informelitoral.com.ar\\\/#\\\/schema\\\/person\\\/f05f9f461677119578717524b127d6d5\"},\"headline\":\"Delta: el Gobierno nacional elimin\u00f3 el Fondo Nacional del Fuego\",\"datePublished\":\"2025-08-18T17:19:45+00:00\",\"mainEntityOfPage\":{\"@id\":\"https:\\\/\\\/informelitoral.com.ar\\\/delta-el-gobierno-nacional-elimino-el-fondo-nacional-del-fuego\\\/\"},\"wordCount\":329,\"commentCount\":0,\"publisher\":{\"@id\":\"https:\\\/\\\/informelitoral.com.ar\\\/#organization\"},\"image\":{\"@id\":\"https:\\\/\\\/informelitoral.com.ar\\\/delta-el-gobierno-nacional-elimino-el-fondo-nacional-del-fuego\\\/#primaryimage\"},\"thumbnailUrl\":\"https:\\\/\\\/apfdigital-s3.cdn.net.ar\\\/s3i233\\\/2025\\\/08\\\/apfdigital\\\/images\\\/02\\\/23\\\/78\\\/2237899_7566939e2a5e5eabf95a890d4df234a93930fd50d70d5c2b3ec09a08e2370851\\\/md.webp\",\"keywords\":[\"Delta\",\"Incendios forestales\",\"Reuniones\"],\"articleSection\":[\"Politica\"],\"inLanguage\":\"es\",\"potentialAction\":[{\"@type\":\"CommentAction\",\"name\":\"Comment\",\"target\":[\"https:\\\/\\\/informelitoral.com.ar\\\/delta-el-gobierno-nacional-elimino-el-fondo-nacional-del-fuego\\\/#respond\"]}]},{\"@type\":\"WebPage\",\"@id\":\"https:\\\/\\\/informelitoral.com.ar\\\/delta-el-gobierno-nacional-elimino-el-fondo-nacional-del-fuego\\\/\",\"url\":\"https:\\\/\\\/informelitoral.com.ar\\\/delta-el-gobierno-nacional-elimino-el-fondo-nacional-del-fuego\\\/\",\"name\":\"Delta: el Gobierno nacional elimin\u00f3 el Fondo Nacional del Fuego - Informe Litoral\",\"isPartOf\":{\"@id\":\"https:\\\/\\\/informelitoral.com.ar\\\/#website\"},\"primaryImageOfPage\":{\"@id\":\"https:\\\/\\\/informelitoral.com.ar\\\/delta-el-gobierno-nacional-elimino-el-fondo-nacional-del-fuego\\\/#primaryimage\"},\"image\":{\"@id\":\"https:\\\/\\\/informelitoral.com.ar\\\/delta-el-gobierno-nacional-elimino-el-fondo-nacional-del-fuego\\\/#primaryimage\"},\"thumbnailUrl\":\"https:\\\/\\\/apfdigital-s3.cdn.net.ar\\\/s3i233\\\/2025\\\/08\\\/apfdigital\\\/images\\\/02\\\/23\\\/78\\\/2237899_7566939e2a5e5eabf95a890d4df234a93930fd50d70d5c2b3ec09a08e2370851\\\/md.webp\",\"datePublished\":\"2025-08-18T17:19:45+00:00\",\"breadcrumb\":{\"@id\":\"https:\\\/\\\/informelitoral.com.ar\\\/delta-el-gobierno-nacional-elimino-el-fondo-nacional-del-fuego\\\/#breadcrumb\"},\"inLanguage\":\"es\",\"potentialAction\":[{\"@type\":\"ReadAction\",\"target\":[\"https:\\\/\\\/informelitoral.com.ar\\\/delta-el-gobierno-nacional-elimino-el-fondo-nacional-del-fuego\\\/\"]}]},{\"@type\":\"ImageObject\",\"inLanguage\":\"es\",\"@id\":\"https:\\\/\\\/informelitoral.com.ar\\\/delta-el-gobierno-nacional-elimino-el-fondo-nacional-del-fuego\\\/#primaryimage\",\"url\":\"https:\\\/\\\/apfdigital-s3.cdn.net.ar\\\/s3i233\\\/2025\\\/08\\\/apfdigital\\\/images\\\/02\\\/23\\\/78\\\/2237899_7566939e2a5e5eabf95a890d4df234a93930fd50d70d5c2b3ec09a08e2370851\\\/md.webp\",\"contentUrl\":\"https:\\\/\\\/apfdigital-s3.cdn.net.ar\\\/s3i233\\\/2025\\\/08\\\/apfdigital\\\/images\\\/02\\\/23\\\/78\\\/2237899_7566939e2a5e5eabf95a890d4df234a93930fd50d70d5c2b3ec09a08e2370851\\\/md.webp\",\"width\":\"992\",\"height\":\"892\"},{\"@type\":\"BreadcrumbList\",\"@id\":\"https:\\\/\\\/informelitoral.com.ar\\\/delta-el-gobierno-nacional-elimino-el-fondo-nacional-del-fuego\\\/#breadcrumb\",\"itemListElement\":[{\"@type\":\"ListItem\",\"position\":1,\"name\":\"Portada\",\"item\":\"https:\\\/\\\/informelitoral.com.ar\\\/\"},{\"@type\":\"ListItem\",\"position\":2,\"name\":\"Delta: el Gobierno nacional elimin\u00f3 el Fondo Nacional del Fuego\"}]},{\"@type\":\"WebSite\",\"@id\":\"https:\\\/\\\/informelitoral.com.ar\\\/#website\",\"url\":\"https:\\\/\\\/informelitoral.com.ar\\\/\",\"name\":\"Informe Litoral\",\"description\":\"&quot;Nos informamos&quot; \",\"publisher\":{\"@id\":\"https:\\\/\\\/informelitoral.com.ar\\\/#organization\"},\"potentialAction\":[{\"@type\":\"SearchAction\",\"target\":{\"@type\":\"EntryPoint\",\"urlTemplate\":\"https:\\\/\\\/informelitoral.com.ar\\\/?s={search_term_string}\"},\"query-input\":{\"@type\":\"PropertyValueSpecification\",\"valueRequired\":true,\"valueName\":\"search_term_string\"}}],\"inLanguage\":\"es\"},{\"@type\":\"Organization\",\"@id\":\"https:\\\/\\\/informelitoral.com.ar\\\/#organization\",\"name\":\"Informe Litoral\",\"url\":\"https:\\\/\\\/informelitoral.com.ar\\\/\",\"logo\":{\"@type\":\"ImageObject\",\"inLanguage\":\"es\",\"@id\":\"https:\\\/\\\/informelitoral.com.ar\\\/#\\\/schema\\\/logo\\\/image\\\/\",\"url\":\"https:\\\/\\\/informelitoral.com.ar\\\/%77%70%2d%63%6f%6e%74%65%6e%74\\\/uploads\\\/2021\\\/01\\\/circulo.png\",\"contentUrl\":\"https:\\\/\\\/informelitoral.com.ar\\\/%77%70%2d%63%6f%6e%74%65%6e%74\\\/uploads\\\/2021\\\/01\\\/circulo.png\",\"width\":723,\"height\":731,\"caption\":\"Informe Litoral\"},\"image\":{\"@id\":\"https:\\\/\\\/informelitoral.com.ar\\\/#\\\/schema\\\/logo\\\/image\\\/\"},\"sameAs\":[\"https:\\\/\\\/www.facebook.com\\\/informelitoral\\\/\",\"https:\\\/\\\/x.com\\\/InformeLitoral\",\"https:\\\/\\\/www.instagram.com\\\/informelitoral\\\/\",\"https:\\\/\\\/www.youtube.com\\\/channel\\\/UCua4Qvz8Icb6MYqhoq9xLXw\"]},{\"@type\":\"Person\",\"@id\":\"https:\\\/\\\/informelitoral.com.ar\\\/#\\\/schema\\\/person\\\/f05f9f461677119578717524b127d6d5\",\"name\":\"Sebastian\",\"image\":{\"@type\":\"ImageObject\",\"inLanguage\":\"es\",\"@id\":\"https:\\\/\\\/secure.gravatar.com\\\/avatar\\\/b71bf7481d447dfb9583c7f2798e7cc64de6efb9067b74633ed8c31059a3bd82?s=96&d=mm&r=g\",\"url\":\"https:\\\/\\\/secure.gravatar.com\\\/avatar\\\/b71bf7481d447dfb9583c7f2798e7cc64de6efb9067b74633ed8c31059a3bd82?s=96&d=mm&r=g\",\"contentUrl\":\"https:\\\/\\\/secure.gravatar.com\\\/avatar\\\/b71bf7481d447dfb9583c7f2798e7cc64de6efb9067b74633ed8c31059a3bd82?s=96&d=mm&r=g\",\"caption\":\"Sebastian\"},\"url\":\"https:\\\/\\\/informelitoral.com.ar\\\/author\\\/sebastian\\\/\"}]}<\/script>","yoast_head_json":{"title":"Delta: el Gobierno nacional elimin\u00f3 el Fondo Nacional del Fuego - Informe Litoral","robots":{"index":"index","follow":"follow","max-snippet":"max-snippet:-1","max-image-preview":"max-image-preview:large","max-video-preview":"max-video-preview:-1"},"canonical":"https:\/\/informelitoral.com.ar\/delta-el-gobierno-nacional-elimino-el-fondo-nacional-del-fuego\/","og_locale":"es_ES","og_type":"article","og_title":"Delta: el Gobierno nacional elimin\u00f3 el Fondo Nacional del Fuego - Informe Litoral","og_description":"Un decreto nacional disolvi\u00f3 el fideicomiso que financiaba el combate contra los incendios. La medida genera gran preocupaci\u00f3n entre brigadistas y ambientalistas ante el riesgo de la temporada de sequ\u00eda.","og_url":"https:\/\/informelitoral.com.ar\/delta-el-gobierno-nacional-elimino-el-fondo-nacional-del-fuego\/","og_site_name":"Informe Litoral","article_publisher":"https:\/\/www.facebook.com\/informelitoral\/","article_published_time":"2025-08-18T17:19:45+00:00","og_image":[{"url":"https:\/\/apfdigital-s3.cdn.net.ar\/s3i233\/2025\/08\/apfdigital\/images\/02\/23\/78\/2237899_7566939e2a5e5eabf95a890d4df234a93930fd50d70d5c2b3ec09a08e2370851\/md.webp","type":"","width":"","height":""},{"width":992,"height":892,"url":"https:\/\/apfdigital-s3.cdn.net.ar\/s3i233\/2025\/08\/apfdigital\/images\/02\/23\/78\/2237899_7566939e2a5e5eabf95a890d4df234a93930fd50d70d5c2b3ec09a08e2370851\/md.webp","type":"image\/jpeg"}],"author":"Sebastian","twitter_card":"summary_large_image","twitter_image":"https:\/\/apfdigital-s3.cdn.net.ar\/s3i233\/2025\/08\/apfdigital\/images\/02\/23\/78\/2237899_7566939e2a5e5eabf95a890d4df234a93930fd50d70d5c2b3ec09a08e2370851\/md.webp","twitter_creator":"@InformeLitoral","twitter_site":"@InformeLitoral","twitter_misc":{"Escrito por":"Sebastian","Tiempo de lectura":"2 minutos"},"schema":{"@context":"https:\/\/schema.org","@graph":[{"@type":"Article","@id":"https:\/\/informelitoral.com.ar\/delta-el-gobierno-nacional-elimino-el-fondo-nacional-del-fuego\/#article","isPartOf":{"@id":"https:\/\/informelitoral.com.ar\/delta-el-gobierno-nacional-elimino-el-fondo-nacional-del-fuego\/"},"author":{"name":"Sebastian","@id":"https:\/\/informelitoral.com.ar\/#\/schema\/person\/f05f9f461677119578717524b127d6d5"},"headline":"Delta: el Gobierno nacional elimin\u00f3 el Fondo Nacional del Fuego","datePublished":"2025-08-18T17:19:45+00:00","mainEntityOfPage":{"@id":"https:\/\/informelitoral.com.ar\/delta-el-gobierno-nacional-elimino-el-fondo-nacional-del-fuego\/"},"wordCount":329,"commentCount":0,"publisher":{"@id":"https:\/\/informelitoral.com.ar\/#organization"},"image":{"@id":"https:\/\/informelitoral.com.ar\/delta-el-gobierno-nacional-elimino-el-fondo-nacional-del-fuego\/#primaryimage"},"thumbnailUrl":"https:\/\/apfdigital-s3.cdn.net.ar\/s3i233\/2025\/08\/apfdigital\/images\/02\/23\/78\/2237899_7566939e2a5e5eabf95a890d4df234a93930fd50d70d5c2b3ec09a08e2370851\/md.webp","keywords":["Delta","Incendios forestales","Reuniones"],"articleSection":["Politica"],"inLanguage":"es","potentialAction":[{"@type":"CommentAction","name":"Comment","target":["https:\/\/informelitoral.com.ar\/delta-el-gobierno-nacional-elimino-el-fondo-nacional-del-fuego\/#respond"]}]},{"@type":"WebPage","@id":"https:\/\/informelitoral.com.ar\/delta-el-gobierno-nacional-elimino-el-fondo-nacional-del-fuego\/","url":"https:\/\/informelitoral.com.ar\/delta-el-gobierno-nacional-elimino-el-fondo-nacional-del-fuego\/","name":"Delta: el Gobierno nacional elimin\u00f3 el Fondo Nacional del Fuego - Informe Litoral","isPartOf":{"@id":"https:\/\/informelitoral.com.ar\/#website"},"primaryImageOfPage":{"@id":"https:\/\/informelitoral.com.ar\/delta-el-gobierno-nacional-elimino-el-fondo-nacional-del-fuego\/#primaryimage"},"image":{"@id":"https:\/\/informelitoral.com.ar\/delta-el-gobierno-nacional-elimino-el-fondo-nacional-del-fuego\/#primaryimage"},"thumbnailUrl":"https:\/\/apfdigital-s3.cdn.net.ar\/s3i233\/2025\/08\/apfdigital\/images\/02\/23\/78\/2237899_7566939e2a5e5eabf95a890d4df234a93930fd50d70d5c2b3ec09a08e2370851\/md.webp","datePublished":"2025-08-18T17:19:45+00:00","breadcrumb":{"@id":"https:\/\/informelitoral.com.ar\/delta-el-gobierno-nacional-elimino-el-fondo-nacional-del-fuego\/#breadcrumb"},"inLanguage":"es","potentialAction":[{"@type":"ReadAction","target":["https:\/\/informelitoral.com.ar\/delta-el-gobierno-nacional-elimino-el-fondo-nacional-del-fuego\/"]}]},{"@type":"ImageObject","inLanguage":"es","@id":"https:\/\/informelitoral.com.ar\/delta-el-gobierno-nacional-elimino-el-fondo-nacional-del-fuego\/#primaryimage","url":"https:\/\/apfdigital-s3.cdn.net.ar\/s3i233\/2025\/08\/apfdigital\/images\/02\/23\/78\/2237899_7566939e2a5e5eabf95a890d4df234a93930fd50d70d5c2b3ec09a08e2370851\/md.webp","contentUrl":"https:\/\/apfdigital-s3.cdn.net.ar\/s3i233\/2025\/08\/apfdigital\/images\/02\/23\/78\/2237899_7566939e2a5e5eabf95a890d4df234a93930fd50d70d5c2b3ec09a08e2370851\/md.webp","width":"992","height":"892"},{"@type":"BreadcrumbList","@id":"https:\/\/informelitoral.com.ar\/delta-el-gobierno-nacional-elimino-el-fondo-nacional-del-fuego\/#breadcrumb","itemListElement":[{"@type":"ListItem","position":1,"name":"Portada","item":"https:\/\/informelitoral.com.ar\/"},{"@type":"ListItem","position":2,"name":"Delta: el Gobierno nacional elimin\u00f3 el Fondo Nacional del Fuego"}]},{"@type":"WebSite","@id":"https:\/\/informelitoral.com.ar\/#website","url":"https:\/\/informelitoral.com.ar\/","name":"Informe Litoral","description":"&quot;Nos informamos&quot; ","publisher":{"@id":"https:\/\/informelitoral.com.ar\/#organization"},"potentialAction":[{"@type":"SearchAction","target":{"@type":"EntryPoint","urlTemplate":"https:\/\/informelitoral.com.ar\/?s={search_term_string}"},"query-input":{"@type":"PropertyValueSpecification","valueRequired":true,"valueName":"search_term_string"}}],"inLanguage":"es"},{"@type":"Organization","@id":"https:\/\/informelitoral.com.ar\/#organization","name":"Informe Litoral","url":"https:\/\/informelitoral.com.ar\/","logo":{"@type":"ImageObject","inLanguage":"es","@id":"https:\/\/informelitoral.com.ar\/#\/schema\/logo\/image\/","url":"https:\/\/informelitoral.com.ar\/%77%70%2d%63%6f%6e%74%65%6e%74\/uploads\/2021\/01\/circulo.png","contentUrl":"https:\/\/informelitoral.com.ar\/%77%70%2d%63%6f%6e%74%65%6e%74\/uploads\/2021\/01\/circulo.png","width":723,"height":731,"caption":"Informe Litoral"},"image":{"@id":"https:\/\/informelitoral.com.ar\/#\/schema\/logo\/image\/"},"sameAs":["https:\/\/www.facebook.com\/informelitoral\/","https:\/\/x.com\/InformeLitoral","https:\/\/www.instagram.com\/informelitoral\/","https:\/\/www.youtube.com\/channel\/UCua4Qvz8Icb6MYqhoq9xLXw"]},{"@type":"Person","@id":"https:\/\/informelitoral.com.ar\/#\/schema\/person\/f05f9f461677119578717524b127d6d5","name":"Sebastian","image":{"@type":"ImageObject","inLanguage":"es","@id":"https:\/\/secure.gravatar.com\/avatar\/b71bf7481d447dfb9583c7f2798e7cc64de6efb9067b74633ed8c31059a3bd82?s=96&d=mm&r=g","url":"https:\/\/secure.gravatar.com\/avatar\/b71bf7481d447dfb9583c7f2798e7cc64de6efb9067b74633ed8c31059a3bd82?s=96&d=mm&r=g","contentUrl":"https:\/\/secure.gravatar.com\/avatar\/b71bf7481d447dfb9583c7f2798e7cc64de6efb9067b74633ed8c31059a3bd82?s=96&d=mm&r=g","caption":"Sebastian"},"url":"https:\/\/informelitoral.com.ar\/author\/sebastian\/"}]}},"fifu_image_url":"https:\/\/apfdigital-s3.cdn.net.ar\/s3i233\/2025\/08\/apfdigital\/images\/02\/23\/78\/2237899_7566939e2a5e5eabf95a890d4df234a93930fd50d70d5c2b3ec09a08e2370851\/md.webp","_links":{"self":[{"href":"https:\/\/informelitoral.com.ar\/%77%70%2d%6a%73%6f%6e\/wp\/v2\/posts\/230849","targetHints":{"allow":["GET"]}}],"collection":[{"href":"https:\/\/informelitoral.com.ar\/%77%70%2d%6a%73%6f%6e\/wp\/v2\/posts"}],"about":[{"href":"https:\/\/informelitoral.com.ar\/%77%70%2d%6a%73%6f%6e\/wp\/v2\/types\/post"}],"author":[{"embeddable":true,"href":"https:\/\/informelitoral.com.ar\/%77%70%2d%6a%73%6f%6e\/wp\/v2\/users\/8"}],"replies":[{"embeddable":true,"href":"https:\/\/informelitoral.com.ar\/%77%70%2d%6a%73%6f%6e\/wp\/v2\/comments?post=230849"}],"version-history":[{"count":1,"href":"https:\/\/informelitoral.com.ar\/%77%70%2d%6a%73%6f%6e\/wp\/v2\/posts\/230849\/revisions"}],"predecessor-version":[{"id":230851,"href":"https:\/\/informelitoral.com.ar\/%77%70%2d%6a%73%6f%6e\/wp\/v2\/posts\/230849\/revisions\/230851"}],"wp:featuredmedia":[{"embeddable":true,"href":"https:\/\/informelitoral.com.ar\/%77%70%2d%6a%73%6f%6e\/wp\/v2\/media\/230850"}],"wp:attachment":[{"href":"https:\/\/informelitoral.com.ar\/%77%70%2d%6a%73%6f%6e\/wp\/v2\/media?parent=230849"}],"wp:term":[{"taxonomy":"category","embeddable":true,"href":"https:\/\/informelitoral.com.ar\/%77%70%2d%6a%73%6f%6e\/wp\/v2\/categories?post=230849"},{"taxonomy":"post_tag","embeddable":true,"href":"https:\/\/informelitoral.com.ar\/%77%70%2d%6a%73%6f%6e\/wp\/v2\/tags?post=230849"}],"curies":[{"name":"wp","href":"https:\/\/api.w.org\/{rel}","templated":true}]}}