{"id":230789,"date":"2025-08-18T10:33:46","date_gmt":"2025-08-18T13:33:46","guid":{"rendered":"https:\/\/informelitoral.com.ar\/?p=230789"},"modified":"2025-08-18T10:37:02","modified_gmt":"2025-08-18T13:37:02","slug":"ramirez-obras-de-mejora-integral-en-calle-libertad","status":"publish","type":"post","link":"https:\/\/informelitoral.com.ar\/ramirez-obras-de-mejora-integral-en-calle-libertad\/","title":{"rendered":"Ram\u00edrez: obras de mejora integral en calle Libertad"},"content":{"rendered":"<p><strong>La Municipalidad de General Ram\u00edrez<\/strong>\u00a0ha finalizado una serie de obras de mejora integral en una de las calles m\u00e1s transitadas de la ciudad. Con recursos propios, el proyecto se centr\u00f3 en la renovaci\u00f3n completa de la infraestructura para optimizar el tr\u00e1nsito peatonal y vehicular, as\u00ed como para prevenir problemas por anegamientos.<\/p>\n<p>Las obras incluyeron la construcci\u00f3n de 600 metros de veredas, 150 metros de cord\u00f3n cuneta y la instalaci\u00f3n de 120 metros de desag\u00fces entubados, con sus correspondientes c\u00e1maras y sumideros. Adem\u00e1s, se renov\u00f3 un puente peatonal para garantizar mayor seguridad y accesibilidad.(<em>Informe Litoral<\/em>)<\/p>\n","protected":false},"excerpt":{"rendered":"<p>El municipio complet\u00f3 una serie de obras para optimizar la infraestructura urbana y mejorar la seguridad de los vecinos.<\/p>\n","protected":false},"author":8,"featured_media":230791,"comment_status":"open","ping_status":"open","sticky":false,"template":"","format":"standard","meta":{"fifu_image_url":"https:\/\/lh3.googleusercontent.com\/drive-storage\/AJQWtBMF18zZrsNCBanXs2qVToWGGNHPeCBdcV4_jXaDdzk5-_Ns2G0gOLTxWHwW-Nwa9_iCMKdsz7L8iBP1pfo3lYwcxQ5plt1ngDFf4UfkkzeYEQ=w2048-h2048-p-k-nu","fifu_image_alt":"","footnotes":""},"categories":[5,4586],"tags":[556,1433,283],"class_list":{"0":"post-230789","1":"post","2":"type-post","3":"status-publish","4":"format-standard","5":"has-post-thumbnail","7":"category-zonales","8":"category-general-ramirez","9":"tag-general-ramirez","10":"tag-municipalidad-de-general-ramirez","11":"tag-obras"},"yoast_head":"<title>Ram\u00edrez: obras de mejora integral en calle Libertad - Informe Litoral<\/title>\n<meta name=\"robots\" content=\"index, follow, max-snippet:-1, max-image-preview:large, max-video-preview:-1\" \/>\n<link rel=\"canonical\" href=\"https:\/\/informelitoral.com.ar\/ramirez-obras-de-mejora-integral-en-calle-libertad\/\" \/>\n<meta property=\"og:locale\" content=\"es_ES\" \/>\n<meta property=\"og:type\" content=\"article\" \/>\n<meta property=\"og:title\" content=\"Ram\u00edrez: obras de mejora integral en calle Libertad - Informe Litoral\" \/>\n<meta property=\"og:description\" content=\"El municipio complet\u00f3 una serie de obras para optimizar la infraestructura urbana y mejorar la seguridad de los vecinos.\" \/>\n<meta property=\"og:url\" content=\"https:\/\/informelitoral.com.ar\/ramirez-obras-de-mejora-integral-en-calle-libertad\/\" \/>\n<meta property=\"og:site_name\" content=\"Informe Litoral\" \/>\n<meta property=\"article:publisher\" content=\"https:\/\/www.facebook.com\/informelitoral\/\" \/>\n<meta property=\"article:published_time\" content=\"2025-08-18T13:33:46+00:00\" \/>\n<meta property=\"article:modified_time\" content=\"2025-08-18T13:37:02+00:00\" \/>\n<meta property=\"og:image\" content=\"https:\/\/lh3.googleusercontent.com\/drive-storage\/AJQWtBMF18zZrsNCBanXs2qVToWGGNHPeCBdcV4_jXaDdzk5-_Ns2G0gOLTxWHwW-Nwa9_iCMKdsz7L8iBP1pfo3lYwcxQ5plt1ngDFf4UfkkzeYEQ=w2048-h2048-p-k-nu\" \/><meta property=\"og:image\" content=\"https:\/\/lh3.googleusercontent.com\/drive-storage\/AJQWtBMF18zZrsNCBanXs2qVToWGGNHPeCBdcV4_jXaDdzk5-_Ns2G0gOLTxWHwW-Nwa9_iCMKdsz7L8iBP1pfo3lYwcxQ5plt1ngDFf4UfkkzeYEQ=w2048-h2048-p-k-nu\" \/>\n\t<meta property=\"og:image:width\" content=\"1080\" \/>\n\t<meta property=\"og:image:height\" content=\"1350\" \/>\n\t<meta property=\"og:image:type\" content=\"image\/jpeg\" \/>\n<meta name=\"author\" content=\"Sebastian\" \/>\n<meta name=\"twitter:card\" content=\"summary_large_image\" \/>\n<meta name=\"twitter:image\" content=\"https:\/\/lh3.googleusercontent.com\/drive-storage\/AJQWtBMF18zZrsNCBanXs2qVToWGGNHPeCBdcV4_jXaDdzk5-_Ns2G0gOLTxWHwW-Nwa9_iCMKdsz7L8iBP1pfo3lYwcxQ5plt1ngDFf4UfkkzeYEQ=w2048-h2048-p-k-nu\" \/>\n<meta name=\"twitter:creator\" content=\"@InformeLitoral\" \/>\n<meta name=\"twitter:site\" content=\"@InformeLitoral\" \/>\n<meta name=\"twitter:label1\" content=\"Escrito por\" \/>\n\t<meta name=\"twitter:data1\" content=\"Sebastian\" \/>\n\t<meta name=\"twitter:label2\" content=\"Tiempo de lectura\" \/>\n\t<meta name=\"twitter:data2\" content=\"1 minuto\" \/>\n<script type=\"application\/ld+json\" class=\"yoast-schema-graph\">{\"@context\":\"https:\\\/\\\/schema.org\",\"@graph\":[{\"@type\":\"Article\",\"@id\":\"https:\\\/\\\/informelitoral.com.ar\\\/ramirez-obras-de-mejora-integral-en-calle-libertad\\\/#article\",\"isPartOf\":{\"@id\":\"https:\\\/\\\/informelitoral.com.ar\\\/ramirez-obras-de-mejora-integral-en-calle-libertad\\\/\"},\"author\":{\"name\":\"Sebastian\",\"@id\":\"https:\\\/\\\/informelitoral.com.ar\\\/#\\\/schema\\\/person\\\/f05f9f461677119578717524b127d6d5\"},\"headline\":\"Ram\u00edrez: obras de mejora integral en calle Libertad\",\"datePublished\":\"2025-08-18T13:33:46+00:00\",\"dateModified\":\"2025-08-18T13:37:02+00:00\",\"mainEntityOfPage\":{\"@id\":\"https:\\\/\\\/informelitoral.com.ar\\\/ramirez-obras-de-mejora-integral-en-calle-libertad\\\/\"},\"wordCount\":112,\"commentCount\":0,\"publisher\":{\"@id\":\"https:\\\/\\\/informelitoral.com.ar\\\/#organization\"},\"image\":{\"@id\":\"https:\\\/\\\/informelitoral.com.ar\\\/ramirez-obras-de-mejora-integral-en-calle-libertad\\\/#primaryimage\"},\"thumbnailUrl\":\"https:\\\/\\\/lh3.googleusercontent.com\\\/drive-storage\\\/AJQWtBMF18zZrsNCBanXs2qVToWGGNHPeCBdcV4_jXaDdzk5-_Ns2G0gOLTxWHwW-Nwa9_iCMKdsz7L8iBP1pfo3lYwcxQ5plt1ngDFf4UfkkzeYEQ=w2048-h2048-p-k-nu\",\"keywords\":[\"General Ram\u00edrez\",\"Municipalidad de General Ram\u00edrez\",\"Obras\"],\"articleSection\":[\"Departamento Diamante\",\"General Ram\u00edrez\"],\"inLanguage\":\"es\",\"potentialAction\":[{\"@type\":\"CommentAction\",\"name\":\"Comment\",\"target\":[\"https:\\\/\\\/informelitoral.com.ar\\\/ramirez-obras-de-mejora-integral-en-calle-libertad\\\/#respond\"]}]},{\"@type\":\"WebPage\",\"@id\":\"https:\\\/\\\/informelitoral.com.ar\\\/ramirez-obras-de-mejora-integral-en-calle-libertad\\\/\",\"url\":\"https:\\\/\\\/informelitoral.com.ar\\\/ramirez-obras-de-mejora-integral-en-calle-libertad\\\/\",\"name\":\"Ram\u00edrez: obras de mejora integral en calle Libertad - Informe Litoral\",\"isPartOf\":{\"@id\":\"https:\\\/\\\/informelitoral.com.ar\\\/#website\"},\"primaryImageOfPage\":{\"@id\":\"https:\\\/\\\/informelitoral.com.ar\\\/ramirez-obras-de-mejora-integral-en-calle-libertad\\\/#primaryimage\"},\"image\":{\"@id\":\"https:\\\/\\\/informelitoral.com.ar\\\/ramirez-obras-de-mejora-integral-en-calle-libertad\\\/#primaryimage\"},\"thumbnailUrl\":\"https:\\\/\\\/lh3.googleusercontent.com\\\/drive-storage\\\/AJQWtBMF18zZrsNCBanXs2qVToWGGNHPeCBdcV4_jXaDdzk5-_Ns2G0gOLTxWHwW-Nwa9_iCMKdsz7L8iBP1pfo3lYwcxQ5plt1ngDFf4UfkkzeYEQ=w2048-h2048-p-k-nu\",\"datePublished\":\"2025-08-18T13:33:46+00:00\",\"dateModified\":\"2025-08-18T13:37:02+00:00\",\"breadcrumb\":{\"@id\":\"https:\\\/\\\/informelitoral.com.ar\\\/ramirez-obras-de-mejora-integral-en-calle-libertad\\\/#breadcrumb\"},\"inLanguage\":\"es\",\"potentialAction\":[{\"@type\":\"ReadAction\",\"target\":[\"https:\\\/\\\/informelitoral.com.ar\\\/ramirez-obras-de-mejora-integral-en-calle-libertad\\\/\"]}]},{\"@type\":\"ImageObject\",\"inLanguage\":\"es\",\"@id\":\"https:\\\/\\\/informelitoral.com.ar\\\/ramirez-obras-de-mejora-integral-en-calle-libertad\\\/#primaryimage\",\"url\":\"https:\\\/\\\/lh3.googleusercontent.com\\\/drive-storage\\\/AJQWtBMF18zZrsNCBanXs2qVToWGGNHPeCBdcV4_jXaDdzk5-_Ns2G0gOLTxWHwW-Nwa9_iCMKdsz7L8iBP1pfo3lYwcxQ5plt1ngDFf4UfkkzeYEQ=w2048-h2048-p-k-nu\",\"contentUrl\":\"https:\\\/\\\/lh3.googleusercontent.com\\\/drive-storage\\\/AJQWtBMF18zZrsNCBanXs2qVToWGGNHPeCBdcV4_jXaDdzk5-_Ns2G0gOLTxWHwW-Nwa9_iCMKdsz7L8iBP1pfo3lYwcxQ5plt1ngDFf4UfkkzeYEQ=w2048-h2048-p-k-nu\",\"width\":\"1080\",\"height\":\"1350\"},{\"@type\":\"BreadcrumbList\",\"@id\":\"https:\\\/\\\/informelitoral.com.ar\\\/ramirez-obras-de-mejora-integral-en-calle-libertad\\\/#breadcrumb\",\"itemListElement\":[{\"@type\":\"ListItem\",\"position\":1,\"name\":\"Portada\",\"item\":\"https:\\\/\\\/informelitoral.com.ar\\\/\"},{\"@type\":\"ListItem\",\"position\":2,\"name\":\"Ram\u00edrez: obras de mejora integral en calle Libertad\"}]},{\"@type\":\"WebSite\",\"@id\":\"https:\\\/\\\/informelitoral.com.ar\\\/#website\",\"url\":\"https:\\\/\\\/informelitoral.com.ar\\\/\",\"name\":\"Informe Litoral\",\"description\":\"&quot;Nos informamos&quot; \",\"publisher\":{\"@id\":\"https:\\\/\\\/informelitoral.com.ar\\\/#organization\"},\"potentialAction\":[{\"@type\":\"SearchAction\",\"target\":{\"@type\":\"EntryPoint\",\"urlTemplate\":\"https:\\\/\\\/informelitoral.com.ar\\\/?s={search_term_string}\"},\"query-input\":{\"@type\":\"PropertyValueSpecification\",\"valueRequired\":true,\"valueName\":\"search_term_string\"}}],\"inLanguage\":\"es\"},{\"@type\":\"Organization\",\"@id\":\"https:\\\/\\\/informelitoral.com.ar\\\/#organization\",\"name\":\"Informe Litoral\",\"url\":\"https:\\\/\\\/informelitoral.com.ar\\\/\",\"logo\":{\"@type\":\"ImageObject\",\"inLanguage\":\"es\",\"@id\":\"https:\\\/\\\/informelitoral.com.ar\\\/#\\\/schema\\\/logo\\\/image\\\/\",\"url\":\"https:\\\/\\\/informelitoral.com.ar\\\/%77%70%2d%63%6f%6e%74%65%6e%74\\\/uploads\\\/2021\\\/01\\\/circulo.png\",\"contentUrl\":\"https:\\\/\\\/informelitoral.com.ar\\\/%77%70%2d%63%6f%6e%74%65%6e%74\\\/uploads\\\/2021\\\/01\\\/circulo.png\",\"width\":723,\"height\":731,\"caption\":\"Informe Litoral\"},\"image\":{\"@id\":\"https:\\\/\\\/informelitoral.com.ar\\\/#\\\/schema\\\/logo\\\/image\\\/\"},\"sameAs\":[\"https:\\\/\\\/www.facebook.com\\\/informelitoral\\\/\",\"https:\\\/\\\/x.com\\\/InformeLitoral\",\"https:\\\/\\\/www.instagram.com\\\/informelitoral\\\/\",\"https:\\\/\\\/www.youtube.com\\\/channel\\\/UCua4Qvz8Icb6MYqhoq9xLXw\"]},{\"@type\":\"Person\",\"@id\":\"https:\\\/\\\/informelitoral.com.ar\\\/#\\\/schema\\\/person\\\/f05f9f461677119578717524b127d6d5\",\"name\":\"Sebastian\",\"image\":{\"@type\":\"ImageObject\",\"inLanguage\":\"es\",\"@id\":\"https:\\\/\\\/secure.gravatar.com\\\/avatar\\\/b71bf7481d447dfb9583c7f2798e7cc64de6efb9067b74633ed8c31059a3bd82?s=96&d=mm&r=g\",\"url\":\"https:\\\/\\\/secure.gravatar.com\\\/avatar\\\/b71bf7481d447dfb9583c7f2798e7cc64de6efb9067b74633ed8c31059a3bd82?s=96&d=mm&r=g\",\"contentUrl\":\"https:\\\/\\\/secure.gravatar.com\\\/avatar\\\/b71bf7481d447dfb9583c7f2798e7cc64de6efb9067b74633ed8c31059a3bd82?s=96&d=mm&r=g\",\"caption\":\"Sebastian\"},\"url\":\"https:\\\/\\\/informelitoral.com.ar\\\/author\\\/sebastian\\\/\"}]}<\/script>","yoast_head_json":{"title":"Ram\u00edrez: obras de mejora integral en calle Libertad - Informe Litoral","robots":{"index":"index","follow":"follow","max-snippet":"max-snippet:-1","max-image-preview":"max-image-preview:large","max-video-preview":"max-video-preview:-1"},"canonical":"https:\/\/informelitoral.com.ar\/ramirez-obras-de-mejora-integral-en-calle-libertad\/","og_locale":"es_ES","og_type":"article","og_title":"Ram\u00edrez: obras de mejora integral en calle Libertad - Informe Litoral","og_description":"El municipio complet\u00f3 una serie de obras para optimizar la infraestructura urbana y mejorar la seguridad de los vecinos.","og_url":"https:\/\/informelitoral.com.ar\/ramirez-obras-de-mejora-integral-en-calle-libertad\/","og_site_name":"Informe Litoral","article_publisher":"https:\/\/www.facebook.com\/informelitoral\/","article_published_time":"2025-08-18T13:33:46+00:00","article_modified_time":"2025-08-18T13:37:02+00:00","og_image":[{"url":"https:\/\/lh3.googleusercontent.com\/drive-storage\/AJQWtBMF18zZrsNCBanXs2qVToWGGNHPeCBdcV4_jXaDdzk5-_Ns2G0gOLTxWHwW-Nwa9_iCMKdsz7L8iBP1pfo3lYwcxQ5plt1ngDFf4UfkkzeYEQ=w2048-h2048-p-k-nu","type":"","width":"","height":""},{"width":1080,"height":1350,"url":"https:\/\/lh3.googleusercontent.com\/drive-storage\/AJQWtBMF18zZrsNCBanXs2qVToWGGNHPeCBdcV4_jXaDdzk5-_Ns2G0gOLTxWHwW-Nwa9_iCMKdsz7L8iBP1pfo3lYwcxQ5plt1ngDFf4UfkkzeYEQ=w2048-h2048-p-k-nu","type":"image\/jpeg"}],"author":"Sebastian","twitter_card":"summary_large_image","twitter_image":"https:\/\/lh3.googleusercontent.com\/drive-storage\/AJQWtBMF18zZrsNCBanXs2qVToWGGNHPeCBdcV4_jXaDdzk5-_Ns2G0gOLTxWHwW-Nwa9_iCMKdsz7L8iBP1pfo3lYwcxQ5plt1ngDFf4UfkkzeYEQ=w2048-h2048-p-k-nu","twitter_creator":"@InformeLitoral","twitter_site":"@InformeLitoral","twitter_misc":{"Escrito por":"Sebastian","Tiempo de lectura":"1 minuto"},"schema":{"@context":"https:\/\/schema.org","@graph":[{"@type":"Article","@id":"https:\/\/informelitoral.com.ar\/ramirez-obras-de-mejora-integral-en-calle-libertad\/#article","isPartOf":{"@id":"https:\/\/informelitoral.com.ar\/ramirez-obras-de-mejora-integral-en-calle-libertad\/"},"author":{"name":"Sebastian","@id":"https:\/\/informelitoral.com.ar\/#\/schema\/person\/f05f9f461677119578717524b127d6d5"},"headline":"Ram\u00edrez: obras de mejora integral en calle Libertad","datePublished":"2025-08-18T13:33:46+00:00","dateModified":"2025-08-18T13:37:02+00:00","mainEntityOfPage":{"@id":"https:\/\/informelitoral.com.ar\/ramirez-obras-de-mejora-integral-en-calle-libertad\/"},"wordCount":112,"commentCount":0,"publisher":{"@id":"https:\/\/informelitoral.com.ar\/#organization"},"image":{"@id":"https:\/\/informelitoral.com.ar\/ramirez-obras-de-mejora-integral-en-calle-libertad\/#primaryimage"},"thumbnailUrl":"https:\/\/lh3.googleusercontent.com\/drive-storage\/AJQWtBMF18zZrsNCBanXs2qVToWGGNHPeCBdcV4_jXaDdzk5-_Ns2G0gOLTxWHwW-Nwa9_iCMKdsz7L8iBP1pfo3lYwcxQ5plt1ngDFf4UfkkzeYEQ=w2048-h2048-p-k-nu","keywords":["General Ram\u00edrez","Municipalidad de General Ram\u00edrez","Obras"],"articleSection":["Departamento Diamante","General Ram\u00edrez"],"inLanguage":"es","potentialAction":[{"@type":"CommentAction","name":"Comment","target":["https:\/\/informelitoral.com.ar\/ramirez-obras-de-mejora-integral-en-calle-libertad\/#respond"]}]},{"@type":"WebPage","@id":"https:\/\/informelitoral.com.ar\/ramirez-obras-de-mejora-integral-en-calle-libertad\/","url":"https:\/\/informelitoral.com.ar\/ramirez-obras-de-mejora-integral-en-calle-libertad\/","name":"Ram\u00edrez: obras de mejora integral en calle Libertad - Informe Litoral","isPartOf":{"@id":"https:\/\/informelitoral.com.ar\/#website"},"primaryImageOfPage":{"@id":"https:\/\/informelitoral.com.ar\/ramirez-obras-de-mejora-integral-en-calle-libertad\/#primaryimage"},"image":{"@id":"https:\/\/informelitoral.com.ar\/ramirez-obras-de-mejora-integral-en-calle-libertad\/#primaryimage"},"thumbnailUrl":"https:\/\/lh3.googleusercontent.com\/drive-storage\/AJQWtBMF18zZrsNCBanXs2qVToWGGNHPeCBdcV4_jXaDdzk5-_Ns2G0gOLTxWHwW-Nwa9_iCMKdsz7L8iBP1pfo3lYwcxQ5plt1ngDFf4UfkkzeYEQ=w2048-h2048-p-k-nu","datePublished":"2025-08-18T13:33:46+00:00","dateModified":"2025-08-18T13:37:02+00:00","breadcrumb":{"@id":"https:\/\/informelitoral.com.ar\/ramirez-obras-de-mejora-integral-en-calle-libertad\/#breadcrumb"},"inLanguage":"es","potentialAction":[{"@type":"ReadAction","target":["https:\/\/informelitoral.com.ar\/ramirez-obras-de-mejora-integral-en-calle-libertad\/"]}]},{"@type":"ImageObject","inLanguage":"es","@id":"https:\/\/informelitoral.com.ar\/ramirez-obras-de-mejora-integral-en-calle-libertad\/#primaryimage","url":"https:\/\/lh3.googleusercontent.com\/drive-storage\/AJQWtBMF18zZrsNCBanXs2qVToWGGNHPeCBdcV4_jXaDdzk5-_Ns2G0gOLTxWHwW-Nwa9_iCMKdsz7L8iBP1pfo3lYwcxQ5plt1ngDFf4UfkkzeYEQ=w2048-h2048-p-k-nu","contentUrl":"https:\/\/lh3.googleusercontent.com\/drive-storage\/AJQWtBMF18zZrsNCBanXs2qVToWGGNHPeCBdcV4_jXaDdzk5-_Ns2G0gOLTxWHwW-Nwa9_iCMKdsz7L8iBP1pfo3lYwcxQ5plt1ngDFf4UfkkzeYEQ=w2048-h2048-p-k-nu","width":"1080","height":"1350"},{"@type":"BreadcrumbList","@id":"https:\/\/informelitoral.com.ar\/ramirez-obras-de-mejora-integral-en-calle-libertad\/#breadcrumb","itemListElement":[{"@type":"ListItem","position":1,"name":"Portada","item":"https:\/\/informelitoral.com.ar\/"},{"@type":"ListItem","position":2,"name":"Ram\u00edrez: obras de mejora integral en calle Libertad"}]},{"@type":"WebSite","@id":"https:\/\/informelitoral.com.ar\/#website","url":"https:\/\/informelitoral.com.ar\/","name":"Informe Litoral","description":"&quot;Nos informamos&quot; ","publisher":{"@id":"https:\/\/informelitoral.com.ar\/#organization"},"potentialAction":[{"@type":"SearchAction","target":{"@type":"EntryPoint","urlTemplate":"https:\/\/informelitoral.com.ar\/?s={search_term_string}"},"query-input":{"@type":"PropertyValueSpecification","valueRequired":true,"valueName":"search_term_string"}}],"inLanguage":"es"},{"@type":"Organization","@id":"https:\/\/informelitoral.com.ar\/#organization","name":"Informe Litoral","url":"https:\/\/informelitoral.com.ar\/","logo":{"@type":"ImageObject","inLanguage":"es","@id":"https:\/\/informelitoral.com.ar\/#\/schema\/logo\/image\/","url":"https:\/\/informelitoral.com.ar\/%77%70%2d%63%6f%6e%74%65%6e%74\/uploads\/2021\/01\/circulo.png","contentUrl":"https:\/\/informelitoral.com.ar\/%77%70%2d%63%6f%6e%74%65%6e%74\/uploads\/2021\/01\/circulo.png","width":723,"height":731,"caption":"Informe Litoral"},"image":{"@id":"https:\/\/informelitoral.com.ar\/#\/schema\/logo\/image\/"},"sameAs":["https:\/\/www.facebook.com\/informelitoral\/","https:\/\/x.com\/InformeLitoral","https:\/\/www.instagram.com\/informelitoral\/","https:\/\/www.youtube.com\/channel\/UCua4Qvz8Icb6MYqhoq9xLXw"]},{"@type":"Person","@id":"https:\/\/informelitoral.com.ar\/#\/schema\/person\/f05f9f461677119578717524b127d6d5","name":"Sebastian","image":{"@type":"ImageObject","inLanguage":"es","@id":"https:\/\/secure.gravatar.com\/avatar\/b71bf7481d447dfb9583c7f2798e7cc64de6efb9067b74633ed8c31059a3bd82?s=96&d=mm&r=g","url":"https:\/\/secure.gravatar.com\/avatar\/b71bf7481d447dfb9583c7f2798e7cc64de6efb9067b74633ed8c31059a3bd82?s=96&d=mm&r=g","contentUrl":"https:\/\/secure.gravatar.com\/avatar\/b71bf7481d447dfb9583c7f2798e7cc64de6efb9067b74633ed8c31059a3bd82?s=96&d=mm&r=g","caption":"Sebastian"},"url":"https:\/\/informelitoral.com.ar\/author\/sebastian\/"}]}},"fifu_image_url":"https:\/\/lh3.googleusercontent.com\/drive-storage\/AJQWtBMF18zZrsNCBanXs2qVToWGGNHPeCBdcV4_jXaDdzk5-_Ns2G0gOLTxWHwW-Nwa9_iCMKdsz7L8iBP1pfo3lYwcxQ5plt1ngDFf4UfkkzeYEQ=w2048-h2048-p-k-nu","_links":{"self":[{"href":"https:\/\/informelitoral.com.ar\/%77%70%2d%6a%73%6f%6e\/wp\/v2\/posts\/230789","targetHints":{"allow":["GET"]}}],"collection":[{"href":"https:\/\/informelitoral.com.ar\/%77%70%2d%6a%73%6f%6e\/wp\/v2\/posts"}],"about":[{"href":"https:\/\/informelitoral.com.ar\/%77%70%2d%6a%73%6f%6e\/wp\/v2\/types\/post"}],"author":[{"embeddable":true,"href":"https:\/\/informelitoral.com.ar\/%77%70%2d%6a%73%6f%6e\/wp\/v2\/users\/8"}],"replies":[{"embeddable":true,"href":"https:\/\/informelitoral.com.ar\/%77%70%2d%6a%73%6f%6e\/wp\/v2\/comments?post=230789"}],"version-history":[{"count":2,"href":"https:\/\/informelitoral.com.ar\/%77%70%2d%6a%73%6f%6e\/wp\/v2\/posts\/230789\/revisions"}],"predecessor-version":[{"id":230792,"href":"https:\/\/informelitoral.com.ar\/%77%70%2d%6a%73%6f%6e\/wp\/v2\/posts\/230789\/revisions\/230792"}],"wp:featuredmedia":[{"embeddable":true,"href":"https:\/\/informelitoral.com.ar\/%77%70%2d%6a%73%6f%6e\/wp\/v2\/media\/230791"}],"wp:attachment":[{"href":"https:\/\/informelitoral.com.ar\/%77%70%2d%6a%73%6f%6e\/wp\/v2\/media?parent=230789"}],"wp:term":[{"taxonomy":"category","embeddable":true,"href":"https:\/\/informelitoral.com.ar\/%77%70%2d%6a%73%6f%6e\/wp\/v2\/categories?post=230789"},{"taxonomy":"post_tag","embeddable":true,"href":"https:\/\/informelitoral.com.ar\/%77%70%2d%6a%73%6f%6e\/wp\/v2\/tags?post=230789"}],"curies":[{"name":"wp","href":"https:\/\/api.w.org\/{rel}","templated":true}]}}