{"id":230666,"date":"2025-08-15T15:50:31","date_gmt":"2025-08-15T18:50:31","guid":{"rendered":"https:\/\/informelitoral.com.ar\/?p=230666"},"modified":"2025-08-18T06:39:19","modified_gmt":"2025-08-18T09:39:19","slug":"vergara-la-deuda-que-dejo-bordet-asfixia-a-entre-rios","status":"publish","type":"post","link":"https:\/\/informelitoral.com.ar\/vergara-la-deuda-que-dejo-bordet-asfixia-a-entre-rios\/","title":{"rendered":"Vergara: \u201cLa deuda que dej\u00f3 Bordet asfixia a Entre R\u00edos\u201d"},"content":{"rendered":"<p>El senador por el departamento Diamante y presidente de la Comisi\u00f3n de Presupuesto y Hacienda, <a href=\"https:\/\/www.facebook.com\/GustavoVergaraOk\" target=\"_blank\" rel=\"noopener\"><strong>Gustavo Vergara<\/strong> <\/a>(Juntos por Entre R\u00edos),<strong> respald\u00f3 la iniciativa del Ejecutivo provincial que busca mejorar las condiciones de pago de la deuda,<\/strong> reorganizando vencimientos y reduciendo el peso de los intereses.<\/p>\n<p>\u201c<strong>Este reperfilamiento permitir\u00e1 desahogar las cuentas de la provincia y direccionar m\u00e1s fondos a la obra p\u00fablica, que es la principal demanda del pueblo entrerriano<\/strong>\u201d, afirm\u00f3 el legislador, quien record\u00f3 que en 2017, siendo intendente de General Ram\u00edrez, particip\u00f3 de un esquema similar impulsado por el gobierno provincial. \u201cCon ese cr\u00e9dito compramos maquinaria vial y veh\u00edculos que todav\u00eda siguen en funcionamiento, en una ciudad que pr\u00e1cticamente no ten\u00eda material rodante. Fue una inversi\u00f3n que cambi\u00f3 la capacidad operativa del municipio\u201d, remarc\u00f3.<\/p>\n<h6><em><strong>Nota relacionada:\u00a0<a href=\"https:\/\/informelitoral.com.ar\/ramirez-el-municipio-adquirio-una-camioneta-0-km-y-esperan-mas-vehiculos\/\" target=\"_blank\" rel=\"noopener\">Ram\u00edrez: el municipio adquiri\u00f3 una camioneta 0 km y esperan m\u00e1s veh\u00edculos<\/a><\/strong><\/em><\/h6>\n<p>Vergara <strong>destac\u00f3 que no se trata de endeudamiento nuevo para cubrir gastos corrientes, sino de mejorar compromisos asumidos en gran parte durante la gesti\u00f3n Bordet, que en muchos casos se usaron para financiar gastos de funcionamiento.<\/strong><\/p>\n<p>Tambi\u00e9n subray\u00f3 que <strong>15 municipios podr\u00e1n acceder a este esquema para fortalecer sus finanzas y destinar recursos a infraestructura<\/strong>. \u201cCuando uno gobierna sabe que una motoniveladora o un cami\u00f3n no son un gasto, son una inversi\u00f3n que da respuesta a la gente. Por eso defiendo esta herramienta\u201d, sostuvo.<\/p>\n<p>En cuanto a los plazos, consider\u00f3 que<strong> es prudente esperar a que pase el proceso electoral<\/strong> para salir al mercado internacional, dado que las condiciones podr\u00edan mejorar. \u201cMientras tanto, dejamos todo listo desde el punto de vista legal y t\u00e9cnico, como hicieron provincias como C\u00f3rdoba o Santa Fe\u201d, se\u00f1al\u00f3.<\/p>\n<p>Finalmente, Vergara remarc\u00f3: \u201cEsta es una pol\u00edtica de Estado, no de un partido. Proyectar a futuro significa fortalecer lo que somos: una Entre R\u00edos que se construye entre todos\u201d.<\/p>\n","protected":false},"excerpt":{"rendered":"<p>El senador provincial Gustavo Vergara defendi\u00f3 el proyecto del Poder Ejecutivo para autorizar un endeudamiento destinado a reestructurar compromisos heredados de la gesti\u00f3n Bordet, liberar recursos y fortalecer la obra p\u00fablica en la provincia y en 15 municipios.<\/p>\n","protected":false},"author":8,"featured_media":230667,"comment_status":"open","ping_status":"open","sticky":false,"template":"","format":"standard","meta":{"fifu_image_url":"","fifu_image_alt":"","footnotes":""},"categories":[16],"tags":[373,167,263,642,949,5098],"class_list":{"0":"post-230666","1":"post","2":"type-post","3":"status-publish","4":"format-standard","5":"has-post-thumbnail","7":"category-politi","8":"tag-endeudamiento","9":"tag-gustavo-bordet","10":"tag-gustavo-vergara","11":"tag-reunion","12":"tag-rogelio-frigerio","13":"tag-senador"},"yoast_head":"<title>Vergara: \u201cLa deuda que dej\u00f3 Bordet asfixia a Entre R\u00edos\u201d - Informe Litoral<\/title>\n<meta name=\"robots\" content=\"index, follow, max-snippet:-1, max-image-preview:large, max-video-preview:-1\" \/>\n<link rel=\"canonical\" href=\"https:\/\/informelitoral.com.ar\/vergara-la-deuda-que-dejo-bordet-asfixia-a-entre-rios\/\" \/>\n<meta property=\"og:locale\" content=\"es_ES\" \/>\n<meta property=\"og:type\" content=\"article\" \/>\n<meta property=\"og:title\" content=\"Vergara: \u201cLa deuda que dej\u00f3 Bordet asfixia a Entre R\u00edos\u201d - Informe Litoral\" \/>\n<meta property=\"og:description\" content=\"El senador provincial Gustavo Vergara defendi\u00f3 el proyecto del Poder Ejecutivo para autorizar un endeudamiento destinado a reestructurar compromisos heredados de la gesti\u00f3n Bordet, liberar recursos y fortalecer la obra p\u00fablica en la provincia y en 15 municipios.\" \/>\n<meta property=\"og:url\" content=\"https:\/\/informelitoral.com.ar\/vergara-la-deuda-que-dejo-bordet-asfixia-a-entre-rios\/\" \/>\n<meta property=\"og:site_name\" content=\"Informe Litoral\" \/>\n<meta property=\"article:publisher\" content=\"https:\/\/www.facebook.com\/informelitoral\/\" \/>\n<meta property=\"article:published_time\" content=\"2025-08-15T18:50:31+00:00\" \/>\n<meta property=\"article:modified_time\" content=\"2025-08-18T09:39:19+00:00\" \/>\n<meta property=\"og:image\" content=\"https:\/\/informelitoral.com.ar\/%77%70%2d%63%6f%6e%74%65%6e%74\/uploads\/2025\/08\/WhatsApp-Image-2025-08-15-at-13.47.54.jpeg\" \/>\n\t<meta property=\"og:image:width\" content=\"1280\" \/>\n\t<meta property=\"og:image:height\" content=\"853\" \/>\n\t<meta property=\"og:image:type\" content=\"image\/jpeg\" \/>\n<meta name=\"author\" content=\"Sebastian\" \/>\n<meta name=\"twitter:card\" content=\"summary_large_image\" \/>\n<meta name=\"twitter:creator\" content=\"@InformeLitoral\" \/>\n<meta name=\"twitter:site\" content=\"@InformeLitoral\" \/>\n<meta name=\"twitter:label1\" content=\"Escrito por\" \/>\n\t<meta name=\"twitter:data1\" content=\"Sebastian\" \/>\n\t<meta name=\"twitter:label2\" content=\"Tiempo de lectura\" \/>\n\t<meta name=\"twitter:data2\" content=\"2 minutos\" \/>\n<script type=\"application\/ld+json\" class=\"yoast-schema-graph\">{\"@context\":\"https:\\\/\\\/schema.org\",\"@graph\":[{\"@type\":\"Article\",\"@id\":\"https:\\\/\\\/informelitoral.com.ar\\\/vergara-la-deuda-que-dejo-bordet-asfixia-a-entre-rios\\\/#article\",\"isPartOf\":{\"@id\":\"https:\\\/\\\/informelitoral.com.ar\\\/vergara-la-deuda-que-dejo-bordet-asfixia-a-entre-rios\\\/\"},\"author\":{\"name\":\"Sebastian\",\"@id\":\"https:\\\/\\\/informelitoral.com.ar\\\/#\\\/schema\\\/person\\\/f05f9f461677119578717524b127d6d5\"},\"headline\":\"Vergara: \u201cLa deuda que dej\u00f3 Bordet asfixia a Entre R\u00edos\u201d\",\"datePublished\":\"2025-08-15T18:50:31+00:00\",\"dateModified\":\"2025-08-18T09:39:19+00:00\",\"mainEntityOfPage\":{\"@id\":\"https:\\\/\\\/informelitoral.com.ar\\\/vergara-la-deuda-que-dejo-bordet-asfixia-a-entre-rios\\\/\"},\"wordCount\":336,\"commentCount\":0,\"publisher\":{\"@id\":\"https:\\\/\\\/informelitoral.com.ar\\\/#organization\"},\"image\":{\"@id\":\"https:\\\/\\\/informelitoral.com.ar\\\/vergara-la-deuda-que-dejo-bordet-asfixia-a-entre-rios\\\/#primaryimage\"},\"thumbnailUrl\":\"https:\\\/\\\/informelitoral.com.ar\\\/%77%70%2d%63%6f%6e%74%65%6e%74\\\/uploads\\\/2025\\\/08\\\/WhatsApp-Image-2025-08-15-at-13.47.54.jpeg\",\"keywords\":[\"Endeudamiento\",\"Gustavo Bordet\",\"Gustavo Vergara\",\"Reuni\u00f3n\",\"Rogelio Frigerio\",\"Senador\"],\"articleSection\":[\"Politica\"],\"inLanguage\":\"es\",\"potentialAction\":[{\"@type\":\"CommentAction\",\"name\":\"Comment\",\"target\":[\"https:\\\/\\\/informelitoral.com.ar\\\/vergara-la-deuda-que-dejo-bordet-asfixia-a-entre-rios\\\/#respond\"]}]},{\"@type\":\"WebPage\",\"@id\":\"https:\\\/\\\/informelitoral.com.ar\\\/vergara-la-deuda-que-dejo-bordet-asfixia-a-entre-rios\\\/\",\"url\":\"https:\\\/\\\/informelitoral.com.ar\\\/vergara-la-deuda-que-dejo-bordet-asfixia-a-entre-rios\\\/\",\"name\":\"Vergara: \u201cLa deuda que dej\u00f3 Bordet asfixia a Entre R\u00edos\u201d - Informe Litoral\",\"isPartOf\":{\"@id\":\"https:\\\/\\\/informelitoral.com.ar\\\/#website\"},\"primaryImageOfPage\":{\"@id\":\"https:\\\/\\\/informelitoral.com.ar\\\/vergara-la-deuda-que-dejo-bordet-asfixia-a-entre-rios\\\/#primaryimage\"},\"image\":{\"@id\":\"https:\\\/\\\/informelitoral.com.ar\\\/vergara-la-deuda-que-dejo-bordet-asfixia-a-entre-rios\\\/#primaryimage\"},\"thumbnailUrl\":\"https:\\\/\\\/informelitoral.com.ar\\\/%77%70%2d%63%6f%6e%74%65%6e%74\\\/uploads\\\/2025\\\/08\\\/WhatsApp-Image-2025-08-15-at-13.47.54.jpeg\",\"datePublished\":\"2025-08-15T18:50:31+00:00\",\"dateModified\":\"2025-08-18T09:39:19+00:00\",\"breadcrumb\":{\"@id\":\"https:\\\/\\\/informelitoral.com.ar\\\/vergara-la-deuda-que-dejo-bordet-asfixia-a-entre-rios\\\/#breadcrumb\"},\"inLanguage\":\"es\",\"potentialAction\":[{\"@type\":\"ReadAction\",\"target\":[\"https:\\\/\\\/informelitoral.com.ar\\\/vergara-la-deuda-que-dejo-bordet-asfixia-a-entre-rios\\\/\"]}]},{\"@type\":\"ImageObject\",\"inLanguage\":\"es\",\"@id\":\"https:\\\/\\\/informelitoral.com.ar\\\/vergara-la-deuda-que-dejo-bordet-asfixia-a-entre-rios\\\/#primaryimage\",\"url\":\"https:\\\/\\\/informelitoral.com.ar\\\/%77%70%2d%63%6f%6e%74%65%6e%74\\\/uploads\\\/2025\\\/08\\\/WhatsApp-Image-2025-08-15-at-13.47.54.jpeg\",\"contentUrl\":\"https:\\\/\\\/informelitoral.com.ar\\\/%77%70%2d%63%6f%6e%74%65%6e%74\\\/uploads\\\/2025\\\/08\\\/WhatsApp-Image-2025-08-15-at-13.47.54.jpeg\",\"width\":1280,\"height\":853},{\"@type\":\"BreadcrumbList\",\"@id\":\"https:\\\/\\\/informelitoral.com.ar\\\/vergara-la-deuda-que-dejo-bordet-asfixia-a-entre-rios\\\/#breadcrumb\",\"itemListElement\":[{\"@type\":\"ListItem\",\"position\":1,\"name\":\"Portada\",\"item\":\"https:\\\/\\\/informelitoral.com.ar\\\/\"},{\"@type\":\"ListItem\",\"position\":2,\"name\":\"Vergara: \u201cLa deuda que dej\u00f3 Bordet asfixia a Entre R\u00edos\u201d\"}]},{\"@type\":\"WebSite\",\"@id\":\"https:\\\/\\\/informelitoral.com.ar\\\/#website\",\"url\":\"https:\\\/\\\/informelitoral.com.ar\\\/\",\"name\":\"Informe Litoral\",\"description\":\"&quot;Nos informamos&quot; \",\"publisher\":{\"@id\":\"https:\\\/\\\/informelitoral.com.ar\\\/#organization\"},\"potentialAction\":[{\"@type\":\"SearchAction\",\"target\":{\"@type\":\"EntryPoint\",\"urlTemplate\":\"https:\\\/\\\/informelitoral.com.ar\\\/?s={search_term_string}\"},\"query-input\":{\"@type\":\"PropertyValueSpecification\",\"valueRequired\":true,\"valueName\":\"search_term_string\"}}],\"inLanguage\":\"es\"},{\"@type\":\"Organization\",\"@id\":\"https:\\\/\\\/informelitoral.com.ar\\\/#organization\",\"name\":\"Informe Litoral\",\"url\":\"https:\\\/\\\/informelitoral.com.ar\\\/\",\"logo\":{\"@type\":\"ImageObject\",\"inLanguage\":\"es\",\"@id\":\"https:\\\/\\\/informelitoral.com.ar\\\/#\\\/schema\\\/logo\\\/image\\\/\",\"url\":\"https:\\\/\\\/informelitoral.com.ar\\\/%77%70%2d%63%6f%6e%74%65%6e%74\\\/uploads\\\/2021\\\/01\\\/circulo.png\",\"contentUrl\":\"https:\\\/\\\/informelitoral.com.ar\\\/%77%70%2d%63%6f%6e%74%65%6e%74\\\/uploads\\\/2021\\\/01\\\/circulo.png\",\"width\":723,\"height\":731,\"caption\":\"Informe Litoral\"},\"image\":{\"@id\":\"https:\\\/\\\/informelitoral.com.ar\\\/#\\\/schema\\\/logo\\\/image\\\/\"},\"sameAs\":[\"https:\\\/\\\/www.facebook.com\\\/informelitoral\\\/\",\"https:\\\/\\\/x.com\\\/InformeLitoral\",\"https:\\\/\\\/www.instagram.com\\\/informelitoral\\\/\",\"https:\\\/\\\/www.youtube.com\\\/channel\\\/UCua4Qvz8Icb6MYqhoq9xLXw\"]},{\"@type\":\"Person\",\"@id\":\"https:\\\/\\\/informelitoral.com.ar\\\/#\\\/schema\\\/person\\\/f05f9f461677119578717524b127d6d5\",\"name\":\"Sebastian\",\"image\":{\"@type\":\"ImageObject\",\"inLanguage\":\"es\",\"@id\":\"https:\\\/\\\/secure.gravatar.com\\\/avatar\\\/b71bf7481d447dfb9583c7f2798e7cc64de6efb9067b74633ed8c31059a3bd82?s=96&d=mm&r=g\",\"url\":\"https:\\\/\\\/secure.gravatar.com\\\/avatar\\\/b71bf7481d447dfb9583c7f2798e7cc64de6efb9067b74633ed8c31059a3bd82?s=96&d=mm&r=g\",\"contentUrl\":\"https:\\\/\\\/secure.gravatar.com\\\/avatar\\\/b71bf7481d447dfb9583c7f2798e7cc64de6efb9067b74633ed8c31059a3bd82?s=96&d=mm&r=g\",\"caption\":\"Sebastian\"},\"url\":\"https:\\\/\\\/informelitoral.com.ar\\\/author\\\/sebastian\\\/\"}]}<\/script>","yoast_head_json":{"title":"Vergara: \u201cLa deuda que dej\u00f3 Bordet asfixia a Entre R\u00edos\u201d - Informe Litoral","robots":{"index":"index","follow":"follow","max-snippet":"max-snippet:-1","max-image-preview":"max-image-preview:large","max-video-preview":"max-video-preview:-1"},"canonical":"https:\/\/informelitoral.com.ar\/vergara-la-deuda-que-dejo-bordet-asfixia-a-entre-rios\/","og_locale":"es_ES","og_type":"article","og_title":"Vergara: \u201cLa deuda que dej\u00f3 Bordet asfixia a Entre R\u00edos\u201d - Informe Litoral","og_description":"El senador provincial Gustavo Vergara defendi\u00f3 el proyecto del Poder Ejecutivo para autorizar un endeudamiento destinado a reestructurar compromisos heredados de la gesti\u00f3n Bordet, liberar recursos y fortalecer la obra p\u00fablica en la provincia y en 15 municipios.","og_url":"https:\/\/informelitoral.com.ar\/vergara-la-deuda-que-dejo-bordet-asfixia-a-entre-rios\/","og_site_name":"Informe Litoral","article_publisher":"https:\/\/www.facebook.com\/informelitoral\/","article_published_time":"2025-08-15T18:50:31+00:00","article_modified_time":"2025-08-18T09:39:19+00:00","og_image":[{"width":1280,"height":853,"url":"https:\/\/informelitoral.com.ar\/%77%70%2d%63%6f%6e%74%65%6e%74\/uploads\/2025\/08\/WhatsApp-Image-2025-08-15-at-13.47.54.jpeg","type":"image\/jpeg"}],"author":"Sebastian","twitter_card":"summary_large_image","twitter_creator":"@InformeLitoral","twitter_site":"@InformeLitoral","twitter_misc":{"Escrito por":"Sebastian","Tiempo de lectura":"2 minutos"},"schema":{"@context":"https:\/\/schema.org","@graph":[{"@type":"Article","@id":"https:\/\/informelitoral.com.ar\/vergara-la-deuda-que-dejo-bordet-asfixia-a-entre-rios\/#article","isPartOf":{"@id":"https:\/\/informelitoral.com.ar\/vergara-la-deuda-que-dejo-bordet-asfixia-a-entre-rios\/"},"author":{"name":"Sebastian","@id":"https:\/\/informelitoral.com.ar\/#\/schema\/person\/f05f9f461677119578717524b127d6d5"},"headline":"Vergara: \u201cLa deuda que dej\u00f3 Bordet asfixia a Entre R\u00edos\u201d","datePublished":"2025-08-15T18:50:31+00:00","dateModified":"2025-08-18T09:39:19+00:00","mainEntityOfPage":{"@id":"https:\/\/informelitoral.com.ar\/vergara-la-deuda-que-dejo-bordet-asfixia-a-entre-rios\/"},"wordCount":336,"commentCount":0,"publisher":{"@id":"https:\/\/informelitoral.com.ar\/#organization"},"image":{"@id":"https:\/\/informelitoral.com.ar\/vergara-la-deuda-que-dejo-bordet-asfixia-a-entre-rios\/#primaryimage"},"thumbnailUrl":"https:\/\/informelitoral.com.ar\/%77%70%2d%63%6f%6e%74%65%6e%74\/uploads\/2025\/08\/WhatsApp-Image-2025-08-15-at-13.47.54.jpeg","keywords":["Endeudamiento","Gustavo Bordet","Gustavo Vergara","Reuni\u00f3n","Rogelio Frigerio","Senador"],"articleSection":["Politica"],"inLanguage":"es","potentialAction":[{"@type":"CommentAction","name":"Comment","target":["https:\/\/informelitoral.com.ar\/vergara-la-deuda-que-dejo-bordet-asfixia-a-entre-rios\/#respond"]}]},{"@type":"WebPage","@id":"https:\/\/informelitoral.com.ar\/vergara-la-deuda-que-dejo-bordet-asfixia-a-entre-rios\/","url":"https:\/\/informelitoral.com.ar\/vergara-la-deuda-que-dejo-bordet-asfixia-a-entre-rios\/","name":"Vergara: \u201cLa deuda que dej\u00f3 Bordet asfixia a Entre R\u00edos\u201d - Informe Litoral","isPartOf":{"@id":"https:\/\/informelitoral.com.ar\/#website"},"primaryImageOfPage":{"@id":"https:\/\/informelitoral.com.ar\/vergara-la-deuda-que-dejo-bordet-asfixia-a-entre-rios\/#primaryimage"},"image":{"@id":"https:\/\/informelitoral.com.ar\/vergara-la-deuda-que-dejo-bordet-asfixia-a-entre-rios\/#primaryimage"},"thumbnailUrl":"https:\/\/informelitoral.com.ar\/%77%70%2d%63%6f%6e%74%65%6e%74\/uploads\/2025\/08\/WhatsApp-Image-2025-08-15-at-13.47.54.jpeg","datePublished":"2025-08-15T18:50:31+00:00","dateModified":"2025-08-18T09:39:19+00:00","breadcrumb":{"@id":"https:\/\/informelitoral.com.ar\/vergara-la-deuda-que-dejo-bordet-asfixia-a-entre-rios\/#breadcrumb"},"inLanguage":"es","potentialAction":[{"@type":"ReadAction","target":["https:\/\/informelitoral.com.ar\/vergara-la-deuda-que-dejo-bordet-asfixia-a-entre-rios\/"]}]},{"@type":"ImageObject","inLanguage":"es","@id":"https:\/\/informelitoral.com.ar\/vergara-la-deuda-que-dejo-bordet-asfixia-a-entre-rios\/#primaryimage","url":"https:\/\/informelitoral.com.ar\/%77%70%2d%63%6f%6e%74%65%6e%74\/uploads\/2025\/08\/WhatsApp-Image-2025-08-15-at-13.47.54.jpeg","contentUrl":"https:\/\/informelitoral.com.ar\/%77%70%2d%63%6f%6e%74%65%6e%74\/uploads\/2025\/08\/WhatsApp-Image-2025-08-15-at-13.47.54.jpeg","width":1280,"height":853},{"@type":"BreadcrumbList","@id":"https:\/\/informelitoral.com.ar\/vergara-la-deuda-que-dejo-bordet-asfixia-a-entre-rios\/#breadcrumb","itemListElement":[{"@type":"ListItem","position":1,"name":"Portada","item":"https:\/\/informelitoral.com.ar\/"},{"@type":"ListItem","position":2,"name":"Vergara: \u201cLa deuda que dej\u00f3 Bordet asfixia a Entre R\u00edos\u201d"}]},{"@type":"WebSite","@id":"https:\/\/informelitoral.com.ar\/#website","url":"https:\/\/informelitoral.com.ar\/","name":"Informe Litoral","description":"&quot;Nos informamos&quot; ","publisher":{"@id":"https:\/\/informelitoral.com.ar\/#organization"},"potentialAction":[{"@type":"SearchAction","target":{"@type":"EntryPoint","urlTemplate":"https:\/\/informelitoral.com.ar\/?s={search_term_string}"},"query-input":{"@type":"PropertyValueSpecification","valueRequired":true,"valueName":"search_term_string"}}],"inLanguage":"es"},{"@type":"Organization","@id":"https:\/\/informelitoral.com.ar\/#organization","name":"Informe Litoral","url":"https:\/\/informelitoral.com.ar\/","logo":{"@type":"ImageObject","inLanguage":"es","@id":"https:\/\/informelitoral.com.ar\/#\/schema\/logo\/image\/","url":"https:\/\/informelitoral.com.ar\/%77%70%2d%63%6f%6e%74%65%6e%74\/uploads\/2021\/01\/circulo.png","contentUrl":"https:\/\/informelitoral.com.ar\/%77%70%2d%63%6f%6e%74%65%6e%74\/uploads\/2021\/01\/circulo.png","width":723,"height":731,"caption":"Informe Litoral"},"image":{"@id":"https:\/\/informelitoral.com.ar\/#\/schema\/logo\/image\/"},"sameAs":["https:\/\/www.facebook.com\/informelitoral\/","https:\/\/x.com\/InformeLitoral","https:\/\/www.instagram.com\/informelitoral\/","https:\/\/www.youtube.com\/channel\/UCua4Qvz8Icb6MYqhoq9xLXw"]},{"@type":"Person","@id":"https:\/\/informelitoral.com.ar\/#\/schema\/person\/f05f9f461677119578717524b127d6d5","name":"Sebastian","image":{"@type":"ImageObject","inLanguage":"es","@id":"https:\/\/secure.gravatar.com\/avatar\/b71bf7481d447dfb9583c7f2798e7cc64de6efb9067b74633ed8c31059a3bd82?s=96&d=mm&r=g","url":"https:\/\/secure.gravatar.com\/avatar\/b71bf7481d447dfb9583c7f2798e7cc64de6efb9067b74633ed8c31059a3bd82?s=96&d=mm&r=g","contentUrl":"https:\/\/secure.gravatar.com\/avatar\/b71bf7481d447dfb9583c7f2798e7cc64de6efb9067b74633ed8c31059a3bd82?s=96&d=mm&r=g","caption":"Sebastian"},"url":"https:\/\/informelitoral.com.ar\/author\/sebastian\/"}]}},"_links":{"self":[{"href":"https:\/\/informelitoral.com.ar\/%77%70%2d%6a%73%6f%6e\/wp\/v2\/posts\/230666","targetHints":{"allow":["GET"]}}],"collection":[{"href":"https:\/\/informelitoral.com.ar\/%77%70%2d%6a%73%6f%6e\/wp\/v2\/posts"}],"about":[{"href":"https:\/\/informelitoral.com.ar\/%77%70%2d%6a%73%6f%6e\/wp\/v2\/types\/post"}],"author":[{"embeddable":true,"href":"https:\/\/informelitoral.com.ar\/%77%70%2d%6a%73%6f%6e\/wp\/v2\/users\/8"}],"replies":[{"embeddable":true,"href":"https:\/\/informelitoral.com.ar\/%77%70%2d%6a%73%6f%6e\/wp\/v2\/comments?post=230666"}],"version-history":[{"count":3,"href":"https:\/\/informelitoral.com.ar\/%77%70%2d%6a%73%6f%6e\/wp\/v2\/posts\/230666\/revisions"}],"predecessor-version":[{"id":230676,"href":"https:\/\/informelitoral.com.ar\/%77%70%2d%6a%73%6f%6e\/wp\/v2\/posts\/230666\/revisions\/230676"}],"wp:featuredmedia":[{"embeddable":true,"href":"https:\/\/informelitoral.com.ar\/%77%70%2d%6a%73%6f%6e\/wp\/v2\/media\/230667"}],"wp:attachment":[{"href":"https:\/\/informelitoral.com.ar\/%77%70%2d%6a%73%6f%6e\/wp\/v2\/media?parent=230666"}],"wp:term":[{"taxonomy":"category","embeddable":true,"href":"https:\/\/informelitoral.com.ar\/%77%70%2d%6a%73%6f%6e\/wp\/v2\/categories?post=230666"},{"taxonomy":"post_tag","embeddable":true,"href":"https:\/\/informelitoral.com.ar\/%77%70%2d%6a%73%6f%6e\/wp\/v2\/tags?post=230666"}],"curies":[{"name":"wp","href":"https:\/\/api.w.org\/{rel}","templated":true}]}}