{"id":230572,"date":"2025-08-15T08:33:17","date_gmt":"2025-08-15T11:33:17","guid":{"rendered":"https:\/\/informelitoral.com.ar\/?p=230572"},"modified":"2025-08-15T10:09:43","modified_gmt":"2025-08-15T13:09:43","slug":"salud-mental-organizan-un-encuentro-en-diamante-sobre-nuevos-paradigmas-en-la-atencion","status":"publish","type":"post","link":"https:\/\/informelitoral.com.ar\/salud-mental-organizan-un-encuentro-en-diamante-sobre-nuevos-paradigmas-en-la-atencion\/","title":{"rendered":"Salud mental: organizan un encuentro en Diamante sobre nuevos paradigmas en la atenci\u00f3n"},"content":{"rendered":"<p><strong>La diputada provincial, Silvina Decc\u00f3 organiza un espacio de reflexi\u00f3n sobre los actuales modelos de atenci\u00f3n en salud mental, que se desarrollar\u00e1 el pr\u00f3ximo jueves 4 de septiembre a las 19 en el Centro de Investigaciones CICYTTP-CONICET de Diamante.<\/strong><\/p>\n<h6><em><strong>Leer tambi\u00e9n: <a href=\"https:\/\/informelitoral.com.ar\/declararon-de-interes-el-25-aniversario-de-un-centro-de-salud-mental-de-diamante\/\" target=\"_blank\" rel=\"noopener\">Declararon de inter\u00e9s el 25\u00b0 aniversario de un centro de salud mental de Diamante<\/a><\/strong><\/em><\/h6>\n<p>La conferencia central estar\u00e1 a cargo de la reconocida profesional<strong> Adriana Beade<\/strong>, psic\u00f3loga y psicoanalista con una amplia trayectoria como expresidenta del Colegio de Psic\u00f3logos, docente universitaria y escritora. Su exposici\u00f3n abordar\u00e1 los<strong> cambios necesarios en los sistemas de atenci\u00f3n, con especial foco en el respeto a los derechos humanos de las personas con padecimientos mentales.<\/strong><\/p>\n<p>El encuentro <strong>propone analizar los modelos comunitarios como alternativa superadora<\/strong> a los enfoques tradicionales, promoviendo la integraci\u00f3n social y la recuperaci\u00f3n de la autonom\u00eda. Esta perspectiva se alinea con los principios establecidos en la legislaci\u00f3n vigente, que busca <strong>garantizar una atenci\u00f3n digna y libre de estigmas.<\/strong><\/p>\n<p>La diputada Decc\u00f3 destac\u00f3 la importancia de abrir estos espacios de di\u00e1logo en la provincia, donde \u201ca\u00fan persisten desaf\u00edos importantes en la implementaci\u00f3n efectiva de la ley\u201d. <strong>El evento est\u00e1 dirigido a profesionales de la salud, trabajadores sociales, estudiantes y p\u00fablico interesado en la tem\u00e1tica.<\/strong><\/p>\n<p>Esta jornada se enmarca en los esfuerzos por visibilizar y mejorar las pol\u00edticas p\u00fablicas en salud mental, un \u00e1rea que requiere de constante actualizaci\u00f3n y compromiso social. Los organizadores esperan que el debate contribuya a consolidar un sistema m\u00e1s humano e inclusivo en la atenci\u00f3n de la salud mental en nuestra regi\u00f3n.<\/p>\n<h6><em><strong>Del archivo:\u00a0<a href=\"https:\/\/informelitoral.com.ar\/diputados-hubo-dictamen-de-comisiones-para-el-regimen-de-consorcios-camineros\/\" target=\"_blank\" rel=\"noopener\">Diputados: hubo dictamen de comisiones para el R\u00e9gimen de Consorcios Camineros<\/a><\/strong><\/em><\/h6>\n<h6><em><strong><a href=\"https:\/\/informelitoral.com.ar\/silvina-decco-uno-de-los-desafios-es-ubicar-a-la-salud-mental-en-la-agenda\/\" target=\"_blank\" rel=\"noopener\">Silvina Decc\u00f3: \u201cUno de los desaf\u00edos es ubicar a la salud mental en la agenda\u201d<\/a><\/strong><\/em><\/h6>\n","protected":false},"excerpt":{"rendered":"<p>El evento busca generar un debate profundo sobre los desaf\u00edos en la aplicaci\u00f3n de la Ley Nacional de Salud Mental.<\/p>\n","protected":false},"author":2,"featured_media":230573,"comment_status":"open","ping_status":"open","sticky":false,"template":"","format":"standard","meta":{"fifu_image_url":"https:\/\/lh3.googleusercontent.com\/drive-storage\/AJQWtBPX6g61XQEUHfMUWDId3wkZfy5A6uzdwV1zONxadt2aOBbo4rpMCITIurBq-C52bCoSxvU24F5Qz_VMVI1KwTKnHiC90IMER7Xo53lT5HPAvEk=w2048-h2048-p-k-nu","fifu_image_alt":"","footnotes":""},"categories":[4588,1595],"tags":[34,1678,5613],"class_list":{"0":"post-230572","1":"post","2":"type-post","3":"status-publish","4":"format-standard","5":"has-post-thumbnail","7":"category-diamante","8":"category-salud","9":"tag-diamante","10":"tag-salud-mental","11":"tag-silvina-decco"},"yoast_head":"<title>Salud mental: organizan un encuentro en Diamante sobre nuevos paradigmas en la atenci\u00f3n - Informe Litoral<\/title>\n<meta name=\"robots\" content=\"index, follow, max-snippet:-1, max-image-preview:large, max-video-preview:-1\" \/>\n<link rel=\"canonical\" href=\"https:\/\/informelitoral.com.ar\/salud-mental-organizan-un-encuentro-en-diamante-sobre-nuevos-paradigmas-en-la-atencion\/\" \/>\n<meta property=\"og:locale\" content=\"es_ES\" \/>\n<meta property=\"og:type\" content=\"article\" \/>\n<meta property=\"og:title\" content=\"Salud mental: organizan un encuentro en Diamante sobre nuevos paradigmas en la atenci\u00f3n - Informe Litoral\" \/>\n<meta property=\"og:description\" content=\"El evento busca generar un debate profundo sobre los desaf\u00edos en la aplicaci\u00f3n de la Ley Nacional de Salud Mental.\" \/>\n<meta property=\"og:url\" content=\"https:\/\/informelitoral.com.ar\/salud-mental-organizan-un-encuentro-en-diamante-sobre-nuevos-paradigmas-en-la-atencion\/\" \/>\n<meta property=\"og:site_name\" content=\"Informe Litoral\" \/>\n<meta property=\"article:publisher\" content=\"https:\/\/www.facebook.com\/informelitoral\/\" \/>\n<meta property=\"article:published_time\" content=\"2025-08-15T11:33:17+00:00\" \/>\n<meta property=\"article:modified_time\" content=\"2025-08-15T13:09:43+00:00\" \/>\n<meta property=\"og:image\" content=\"https:\/\/lh3.googleusercontent.com\/drive-storage\/AJQWtBPX6g61XQEUHfMUWDId3wkZfy5A6uzdwV1zONxadt2aOBbo4rpMCITIurBq-C52bCoSxvU24F5Qz_VMVI1KwTKnHiC90IMER7Xo53lT5HPAvEk=w2048-h2048-p-k-nu\" \/><meta property=\"og:image\" content=\"https:\/\/lh3.googleusercontent.com\/drive-storage\/AJQWtBPX6g61XQEUHfMUWDId3wkZfy5A6uzdwV1zONxadt2aOBbo4rpMCITIurBq-C52bCoSxvU24F5Qz_VMVI1KwTKnHiC90IMER7Xo53lT5HPAvEk=w2048-h2048-p-k-nu\" \/>\n\t<meta property=\"og:image:width\" content=\"1280\" \/>\n\t<meta property=\"og:image:height\" content=\"720\" \/>\n\t<meta property=\"og:image:type\" content=\"image\/jpeg\" \/>\n<meta name=\"author\" content=\"Gonzalo Schmidt\" \/>\n<meta name=\"twitter:card\" content=\"summary_large_image\" \/>\n<meta name=\"twitter:image\" content=\"https:\/\/lh3.googleusercontent.com\/drive-storage\/AJQWtBPX6g61XQEUHfMUWDId3wkZfy5A6uzdwV1zONxadt2aOBbo4rpMCITIurBq-C52bCoSxvU24F5Qz_VMVI1KwTKnHiC90IMER7Xo53lT5HPAvEk=w2048-h2048-p-k-nu\" \/>\n<meta name=\"twitter:creator\" content=\"@InformeLitoral\" \/>\n<meta name=\"twitter:site\" content=\"@InformeLitoral\" \/>\n<meta name=\"twitter:label1\" content=\"Escrito por\" \/>\n\t<meta name=\"twitter:data1\" content=\"Gonzalo Schmidt\" \/>\n\t<meta name=\"twitter:label2\" content=\"Tiempo de lectura\" \/>\n\t<meta name=\"twitter:data2\" content=\"2 minutos\" \/>\n<script type=\"application\/ld+json\" class=\"yoast-schema-graph\">{\"@context\":\"https:\\\/\\\/schema.org\",\"@graph\":[{\"@type\":\"Article\",\"@id\":\"https:\\\/\\\/informelitoral.com.ar\\\/salud-mental-organizan-un-encuentro-en-diamante-sobre-nuevos-paradigmas-en-la-atencion\\\/#article\",\"isPartOf\":{\"@id\":\"https:\\\/\\\/informelitoral.com.ar\\\/salud-mental-organizan-un-encuentro-en-diamante-sobre-nuevos-paradigmas-en-la-atencion\\\/\"},\"author\":{\"name\":\"Gonzalo Schmidt\",\"@id\":\"https:\\\/\\\/informelitoral.com.ar\\\/#\\\/schema\\\/person\\\/b9d00407c836482871ef1d57bf8e3180\"},\"headline\":\"Salud mental: organizan un encuentro en Diamante sobre nuevos paradigmas en la atenci\u00f3n\",\"datePublished\":\"2025-08-15T11:33:17+00:00\",\"dateModified\":\"2025-08-15T13:09:43+00:00\",\"mainEntityOfPage\":{\"@id\":\"https:\\\/\\\/informelitoral.com.ar\\\/salud-mental-organizan-un-encuentro-en-diamante-sobre-nuevos-paradigmas-en-la-atencion\\\/\"},\"wordCount\":321,\"commentCount\":0,\"publisher\":{\"@id\":\"https:\\\/\\\/informelitoral.com.ar\\\/#organization\"},\"image\":{\"@id\":\"https:\\\/\\\/informelitoral.com.ar\\\/salud-mental-organizan-un-encuentro-en-diamante-sobre-nuevos-paradigmas-en-la-atencion\\\/#primaryimage\"},\"thumbnailUrl\":\"https:\\\/\\\/lh3.googleusercontent.com\\\/drive-storage\\\/AJQWtBPX6g61XQEUHfMUWDId3wkZfy5A6uzdwV1zONxadt2aOBbo4rpMCITIurBq-C52bCoSxvU24F5Qz_VMVI1KwTKnHiC90IMER7Xo53lT5HPAvEk=w2048-h2048-p-k-nu\",\"keywords\":[\"Diamante\",\"Salud Mental\",\"Silvina Decc\u00f3\"],\"articleSection\":[\"Diamante\",\"Salud\"],\"inLanguage\":\"es\",\"potentialAction\":[{\"@type\":\"CommentAction\",\"name\":\"Comment\",\"target\":[\"https:\\\/\\\/informelitoral.com.ar\\\/salud-mental-organizan-un-encuentro-en-diamante-sobre-nuevos-paradigmas-en-la-atencion\\\/#respond\"]}]},{\"@type\":\"WebPage\",\"@id\":\"https:\\\/\\\/informelitoral.com.ar\\\/salud-mental-organizan-un-encuentro-en-diamante-sobre-nuevos-paradigmas-en-la-atencion\\\/\",\"url\":\"https:\\\/\\\/informelitoral.com.ar\\\/salud-mental-organizan-un-encuentro-en-diamante-sobre-nuevos-paradigmas-en-la-atencion\\\/\",\"name\":\"Salud mental: organizan un encuentro en Diamante sobre nuevos paradigmas en la atenci\u00f3n - Informe Litoral\",\"isPartOf\":{\"@id\":\"https:\\\/\\\/informelitoral.com.ar\\\/#website\"},\"primaryImageOfPage\":{\"@id\":\"https:\\\/\\\/informelitoral.com.ar\\\/salud-mental-organizan-un-encuentro-en-diamante-sobre-nuevos-paradigmas-en-la-atencion\\\/#primaryimage\"},\"image\":{\"@id\":\"https:\\\/\\\/informelitoral.com.ar\\\/salud-mental-organizan-un-encuentro-en-diamante-sobre-nuevos-paradigmas-en-la-atencion\\\/#primaryimage\"},\"thumbnailUrl\":\"https:\\\/\\\/lh3.googleusercontent.com\\\/drive-storage\\\/AJQWtBPX6g61XQEUHfMUWDId3wkZfy5A6uzdwV1zONxadt2aOBbo4rpMCITIurBq-C52bCoSxvU24F5Qz_VMVI1KwTKnHiC90IMER7Xo53lT5HPAvEk=w2048-h2048-p-k-nu\",\"datePublished\":\"2025-08-15T11:33:17+00:00\",\"dateModified\":\"2025-08-15T13:09:43+00:00\",\"breadcrumb\":{\"@id\":\"https:\\\/\\\/informelitoral.com.ar\\\/salud-mental-organizan-un-encuentro-en-diamante-sobre-nuevos-paradigmas-en-la-atencion\\\/#breadcrumb\"},\"inLanguage\":\"es\",\"potentialAction\":[{\"@type\":\"ReadAction\",\"target\":[\"https:\\\/\\\/informelitoral.com.ar\\\/salud-mental-organizan-un-encuentro-en-diamante-sobre-nuevos-paradigmas-en-la-atencion\\\/\"]}]},{\"@type\":\"ImageObject\",\"inLanguage\":\"es\",\"@id\":\"https:\\\/\\\/informelitoral.com.ar\\\/salud-mental-organizan-un-encuentro-en-diamante-sobre-nuevos-paradigmas-en-la-atencion\\\/#primaryimage\",\"url\":\"https:\\\/\\\/lh3.googleusercontent.com\\\/drive-storage\\\/AJQWtBPX6g61XQEUHfMUWDId3wkZfy5A6uzdwV1zONxadt2aOBbo4rpMCITIurBq-C52bCoSxvU24F5Qz_VMVI1KwTKnHiC90IMER7Xo53lT5HPAvEk=w2048-h2048-p-k-nu\",\"contentUrl\":\"https:\\\/\\\/lh3.googleusercontent.com\\\/drive-storage\\\/AJQWtBPX6g61XQEUHfMUWDId3wkZfy5A6uzdwV1zONxadt2aOBbo4rpMCITIurBq-C52bCoSxvU24F5Qz_VMVI1KwTKnHiC90IMER7Xo53lT5HPAvEk=w2048-h2048-p-k-nu\",\"width\":\"1280\",\"height\":\"720\"},{\"@type\":\"BreadcrumbList\",\"@id\":\"https:\\\/\\\/informelitoral.com.ar\\\/salud-mental-organizan-un-encuentro-en-diamante-sobre-nuevos-paradigmas-en-la-atencion\\\/#breadcrumb\",\"itemListElement\":[{\"@type\":\"ListItem\",\"position\":1,\"name\":\"Portada\",\"item\":\"https:\\\/\\\/informelitoral.com.ar\\\/\"},{\"@type\":\"ListItem\",\"position\":2,\"name\":\"Salud mental: organizan un encuentro en Diamante sobre nuevos paradigmas en la atenci\u00f3n\"}]},{\"@type\":\"WebSite\",\"@id\":\"https:\\\/\\\/informelitoral.com.ar\\\/#website\",\"url\":\"https:\\\/\\\/informelitoral.com.ar\\\/\",\"name\":\"Informe Litoral\",\"description\":\"&quot;Nos informamos&quot; \",\"publisher\":{\"@id\":\"https:\\\/\\\/informelitoral.com.ar\\\/#organization\"},\"potentialAction\":[{\"@type\":\"SearchAction\",\"target\":{\"@type\":\"EntryPoint\",\"urlTemplate\":\"https:\\\/\\\/informelitoral.com.ar\\\/?s={search_term_string}\"},\"query-input\":{\"@type\":\"PropertyValueSpecification\",\"valueRequired\":true,\"valueName\":\"search_term_string\"}}],\"inLanguage\":\"es\"},{\"@type\":\"Organization\",\"@id\":\"https:\\\/\\\/informelitoral.com.ar\\\/#organization\",\"name\":\"Informe Litoral\",\"url\":\"https:\\\/\\\/informelitoral.com.ar\\\/\",\"logo\":{\"@type\":\"ImageObject\",\"inLanguage\":\"es\",\"@id\":\"https:\\\/\\\/informelitoral.com.ar\\\/#\\\/schema\\\/logo\\\/image\\\/\",\"url\":\"https:\\\/\\\/informelitoral.com.ar\\\/%77%70%2d%63%6f%6e%74%65%6e%74\\\/uploads\\\/2021\\\/01\\\/circulo.png\",\"contentUrl\":\"https:\\\/\\\/informelitoral.com.ar\\\/%77%70%2d%63%6f%6e%74%65%6e%74\\\/uploads\\\/2021\\\/01\\\/circulo.png\",\"width\":723,\"height\":731,\"caption\":\"Informe Litoral\"},\"image\":{\"@id\":\"https:\\\/\\\/informelitoral.com.ar\\\/#\\\/schema\\\/logo\\\/image\\\/\"},\"sameAs\":[\"https:\\\/\\\/www.facebook.com\\\/informelitoral\\\/\",\"https:\\\/\\\/x.com\\\/InformeLitoral\",\"https:\\\/\\\/www.instagram.com\\\/informelitoral\\\/\",\"https:\\\/\\\/www.youtube.com\\\/channel\\\/UCua4Qvz8Icb6MYqhoq9xLXw\"]},{\"@type\":\"Person\",\"@id\":\"https:\\\/\\\/informelitoral.com.ar\\\/#\\\/schema\\\/person\\\/b9d00407c836482871ef1d57bf8e3180\",\"name\":\"Gonzalo Schmidt\",\"image\":{\"@type\":\"ImageObject\",\"inLanguage\":\"es\",\"@id\":\"https:\\\/\\\/secure.gravatar.com\\\/avatar\\\/31a1a7b66ff2de83bd0e9fd79d026630d2d99e55e8bfe501287647b4fd9743de?s=96&d=mm&r=g\",\"url\":\"https:\\\/\\\/secure.gravatar.com\\\/avatar\\\/31a1a7b66ff2de83bd0e9fd79d026630d2d99e55e8bfe501287647b4fd9743de?s=96&d=mm&r=g\",\"contentUrl\":\"https:\\\/\\\/secure.gravatar.com\\\/avatar\\\/31a1a7b66ff2de83bd0e9fd79d026630d2d99e55e8bfe501287647b4fd9743de?s=96&d=mm&r=g\",\"caption\":\"Gonzalo Schmidt\"},\"description\":\"Sitio web de noticias de la provincia de Entre R\u00edos, Argentina. Informaci\u00f3n y entretenimiento. Informe Litoral, nos informamos.\",\"sameAs\":[\"http:\\\/\\\/www.isletasnoticias.com.ar\"],\"url\":\"https:\\\/\\\/informelitoral.com.ar\\\/author\\\/gonzalo\\\/\"}]}<\/script>","yoast_head_json":{"title":"Salud mental: organizan un encuentro en Diamante sobre nuevos paradigmas en la atenci\u00f3n - Informe Litoral","robots":{"index":"index","follow":"follow","max-snippet":"max-snippet:-1","max-image-preview":"max-image-preview:large","max-video-preview":"max-video-preview:-1"},"canonical":"https:\/\/informelitoral.com.ar\/salud-mental-organizan-un-encuentro-en-diamante-sobre-nuevos-paradigmas-en-la-atencion\/","og_locale":"es_ES","og_type":"article","og_title":"Salud mental: organizan un encuentro en Diamante sobre nuevos paradigmas en la atenci\u00f3n - Informe Litoral","og_description":"El evento busca generar un debate profundo sobre los desaf\u00edos en la aplicaci\u00f3n de la Ley Nacional de Salud Mental.","og_url":"https:\/\/informelitoral.com.ar\/salud-mental-organizan-un-encuentro-en-diamante-sobre-nuevos-paradigmas-en-la-atencion\/","og_site_name":"Informe Litoral","article_publisher":"https:\/\/www.facebook.com\/informelitoral\/","article_published_time":"2025-08-15T11:33:17+00:00","article_modified_time":"2025-08-15T13:09:43+00:00","og_image":[{"url":"https:\/\/lh3.googleusercontent.com\/drive-storage\/AJQWtBPX6g61XQEUHfMUWDId3wkZfy5A6uzdwV1zONxadt2aOBbo4rpMCITIurBq-C52bCoSxvU24F5Qz_VMVI1KwTKnHiC90IMER7Xo53lT5HPAvEk=w2048-h2048-p-k-nu","type":"","width":"","height":""},{"width":1280,"height":720,"url":"https:\/\/lh3.googleusercontent.com\/drive-storage\/AJQWtBPX6g61XQEUHfMUWDId3wkZfy5A6uzdwV1zONxadt2aOBbo4rpMCITIurBq-C52bCoSxvU24F5Qz_VMVI1KwTKnHiC90IMER7Xo53lT5HPAvEk=w2048-h2048-p-k-nu","type":"image\/jpeg"}],"author":"Gonzalo Schmidt","twitter_card":"summary_large_image","twitter_image":"https:\/\/lh3.googleusercontent.com\/drive-storage\/AJQWtBPX6g61XQEUHfMUWDId3wkZfy5A6uzdwV1zONxadt2aOBbo4rpMCITIurBq-C52bCoSxvU24F5Qz_VMVI1KwTKnHiC90IMER7Xo53lT5HPAvEk=w2048-h2048-p-k-nu","twitter_creator":"@InformeLitoral","twitter_site":"@InformeLitoral","twitter_misc":{"Escrito por":"Gonzalo Schmidt","Tiempo de lectura":"2 minutos"},"schema":{"@context":"https:\/\/schema.org","@graph":[{"@type":"Article","@id":"https:\/\/informelitoral.com.ar\/salud-mental-organizan-un-encuentro-en-diamante-sobre-nuevos-paradigmas-en-la-atencion\/#article","isPartOf":{"@id":"https:\/\/informelitoral.com.ar\/salud-mental-organizan-un-encuentro-en-diamante-sobre-nuevos-paradigmas-en-la-atencion\/"},"author":{"name":"Gonzalo Schmidt","@id":"https:\/\/informelitoral.com.ar\/#\/schema\/person\/b9d00407c836482871ef1d57bf8e3180"},"headline":"Salud mental: organizan un encuentro en Diamante sobre nuevos paradigmas en la atenci\u00f3n","datePublished":"2025-08-15T11:33:17+00:00","dateModified":"2025-08-15T13:09:43+00:00","mainEntityOfPage":{"@id":"https:\/\/informelitoral.com.ar\/salud-mental-organizan-un-encuentro-en-diamante-sobre-nuevos-paradigmas-en-la-atencion\/"},"wordCount":321,"commentCount":0,"publisher":{"@id":"https:\/\/informelitoral.com.ar\/#organization"},"image":{"@id":"https:\/\/informelitoral.com.ar\/salud-mental-organizan-un-encuentro-en-diamante-sobre-nuevos-paradigmas-en-la-atencion\/#primaryimage"},"thumbnailUrl":"https:\/\/lh3.googleusercontent.com\/drive-storage\/AJQWtBPX6g61XQEUHfMUWDId3wkZfy5A6uzdwV1zONxadt2aOBbo4rpMCITIurBq-C52bCoSxvU24F5Qz_VMVI1KwTKnHiC90IMER7Xo53lT5HPAvEk=w2048-h2048-p-k-nu","keywords":["Diamante","Salud Mental","Silvina Decc\u00f3"],"articleSection":["Diamante","Salud"],"inLanguage":"es","potentialAction":[{"@type":"CommentAction","name":"Comment","target":["https:\/\/informelitoral.com.ar\/salud-mental-organizan-un-encuentro-en-diamante-sobre-nuevos-paradigmas-en-la-atencion\/#respond"]}]},{"@type":"WebPage","@id":"https:\/\/informelitoral.com.ar\/salud-mental-organizan-un-encuentro-en-diamante-sobre-nuevos-paradigmas-en-la-atencion\/","url":"https:\/\/informelitoral.com.ar\/salud-mental-organizan-un-encuentro-en-diamante-sobre-nuevos-paradigmas-en-la-atencion\/","name":"Salud mental: organizan un encuentro en Diamante sobre nuevos paradigmas en la atenci\u00f3n - Informe Litoral","isPartOf":{"@id":"https:\/\/informelitoral.com.ar\/#website"},"primaryImageOfPage":{"@id":"https:\/\/informelitoral.com.ar\/salud-mental-organizan-un-encuentro-en-diamante-sobre-nuevos-paradigmas-en-la-atencion\/#primaryimage"},"image":{"@id":"https:\/\/informelitoral.com.ar\/salud-mental-organizan-un-encuentro-en-diamante-sobre-nuevos-paradigmas-en-la-atencion\/#primaryimage"},"thumbnailUrl":"https:\/\/lh3.googleusercontent.com\/drive-storage\/AJQWtBPX6g61XQEUHfMUWDId3wkZfy5A6uzdwV1zONxadt2aOBbo4rpMCITIurBq-C52bCoSxvU24F5Qz_VMVI1KwTKnHiC90IMER7Xo53lT5HPAvEk=w2048-h2048-p-k-nu","datePublished":"2025-08-15T11:33:17+00:00","dateModified":"2025-08-15T13:09:43+00:00","breadcrumb":{"@id":"https:\/\/informelitoral.com.ar\/salud-mental-organizan-un-encuentro-en-diamante-sobre-nuevos-paradigmas-en-la-atencion\/#breadcrumb"},"inLanguage":"es","potentialAction":[{"@type":"ReadAction","target":["https:\/\/informelitoral.com.ar\/salud-mental-organizan-un-encuentro-en-diamante-sobre-nuevos-paradigmas-en-la-atencion\/"]}]},{"@type":"ImageObject","inLanguage":"es","@id":"https:\/\/informelitoral.com.ar\/salud-mental-organizan-un-encuentro-en-diamante-sobre-nuevos-paradigmas-en-la-atencion\/#primaryimage","url":"https:\/\/lh3.googleusercontent.com\/drive-storage\/AJQWtBPX6g61XQEUHfMUWDId3wkZfy5A6uzdwV1zONxadt2aOBbo4rpMCITIurBq-C52bCoSxvU24F5Qz_VMVI1KwTKnHiC90IMER7Xo53lT5HPAvEk=w2048-h2048-p-k-nu","contentUrl":"https:\/\/lh3.googleusercontent.com\/drive-storage\/AJQWtBPX6g61XQEUHfMUWDId3wkZfy5A6uzdwV1zONxadt2aOBbo4rpMCITIurBq-C52bCoSxvU24F5Qz_VMVI1KwTKnHiC90IMER7Xo53lT5HPAvEk=w2048-h2048-p-k-nu","width":"1280","height":"720"},{"@type":"BreadcrumbList","@id":"https:\/\/informelitoral.com.ar\/salud-mental-organizan-un-encuentro-en-diamante-sobre-nuevos-paradigmas-en-la-atencion\/#breadcrumb","itemListElement":[{"@type":"ListItem","position":1,"name":"Portada","item":"https:\/\/informelitoral.com.ar\/"},{"@type":"ListItem","position":2,"name":"Salud mental: organizan un encuentro en Diamante sobre nuevos paradigmas en la atenci\u00f3n"}]},{"@type":"WebSite","@id":"https:\/\/informelitoral.com.ar\/#website","url":"https:\/\/informelitoral.com.ar\/","name":"Informe Litoral","description":"&quot;Nos informamos&quot; ","publisher":{"@id":"https:\/\/informelitoral.com.ar\/#organization"},"potentialAction":[{"@type":"SearchAction","target":{"@type":"EntryPoint","urlTemplate":"https:\/\/informelitoral.com.ar\/?s={search_term_string}"},"query-input":{"@type":"PropertyValueSpecification","valueRequired":true,"valueName":"search_term_string"}}],"inLanguage":"es"},{"@type":"Organization","@id":"https:\/\/informelitoral.com.ar\/#organization","name":"Informe Litoral","url":"https:\/\/informelitoral.com.ar\/","logo":{"@type":"ImageObject","inLanguage":"es","@id":"https:\/\/informelitoral.com.ar\/#\/schema\/logo\/image\/","url":"https:\/\/informelitoral.com.ar\/%77%70%2d%63%6f%6e%74%65%6e%74\/uploads\/2021\/01\/circulo.png","contentUrl":"https:\/\/informelitoral.com.ar\/%77%70%2d%63%6f%6e%74%65%6e%74\/uploads\/2021\/01\/circulo.png","width":723,"height":731,"caption":"Informe Litoral"},"image":{"@id":"https:\/\/informelitoral.com.ar\/#\/schema\/logo\/image\/"},"sameAs":["https:\/\/www.facebook.com\/informelitoral\/","https:\/\/x.com\/InformeLitoral","https:\/\/www.instagram.com\/informelitoral\/","https:\/\/www.youtube.com\/channel\/UCua4Qvz8Icb6MYqhoq9xLXw"]},{"@type":"Person","@id":"https:\/\/informelitoral.com.ar\/#\/schema\/person\/b9d00407c836482871ef1d57bf8e3180","name":"Gonzalo Schmidt","image":{"@type":"ImageObject","inLanguage":"es","@id":"https:\/\/secure.gravatar.com\/avatar\/31a1a7b66ff2de83bd0e9fd79d026630d2d99e55e8bfe501287647b4fd9743de?s=96&d=mm&r=g","url":"https:\/\/secure.gravatar.com\/avatar\/31a1a7b66ff2de83bd0e9fd79d026630d2d99e55e8bfe501287647b4fd9743de?s=96&d=mm&r=g","contentUrl":"https:\/\/secure.gravatar.com\/avatar\/31a1a7b66ff2de83bd0e9fd79d026630d2d99e55e8bfe501287647b4fd9743de?s=96&d=mm&r=g","caption":"Gonzalo Schmidt"},"description":"Sitio web de noticias de la provincia de Entre R\u00edos, Argentina. Informaci\u00f3n y entretenimiento. Informe Litoral, nos informamos.","sameAs":["http:\/\/www.isletasnoticias.com.ar"],"url":"https:\/\/informelitoral.com.ar\/author\/gonzalo\/"}]}},"fifu_image_url":"https:\/\/lh3.googleusercontent.com\/drive-storage\/AJQWtBPX6g61XQEUHfMUWDId3wkZfy5A6uzdwV1zONxadt2aOBbo4rpMCITIurBq-C52bCoSxvU24F5Qz_VMVI1KwTKnHiC90IMER7Xo53lT5HPAvEk=w2048-h2048-p-k-nu","_links":{"self":[{"href":"https:\/\/informelitoral.com.ar\/%77%70%2d%6a%73%6f%6e\/wp\/v2\/posts\/230572","targetHints":{"allow":["GET"]}}],"collection":[{"href":"https:\/\/informelitoral.com.ar\/%77%70%2d%6a%73%6f%6e\/wp\/v2\/posts"}],"about":[{"href":"https:\/\/informelitoral.com.ar\/%77%70%2d%6a%73%6f%6e\/wp\/v2\/types\/post"}],"author":[{"embeddable":true,"href":"https:\/\/informelitoral.com.ar\/%77%70%2d%6a%73%6f%6e\/wp\/v2\/users\/2"}],"replies":[{"embeddable":true,"href":"https:\/\/informelitoral.com.ar\/%77%70%2d%6a%73%6f%6e\/wp\/v2\/comments?post=230572"}],"version-history":[{"count":2,"href":"https:\/\/informelitoral.com.ar\/%77%70%2d%6a%73%6f%6e\/wp\/v2\/posts\/230572\/revisions"}],"predecessor-version":[{"id":230626,"href":"https:\/\/informelitoral.com.ar\/%77%70%2d%6a%73%6f%6e\/wp\/v2\/posts\/230572\/revisions\/230626"}],"wp:featuredmedia":[{"embeddable":true,"href":"https:\/\/informelitoral.com.ar\/%77%70%2d%6a%73%6f%6e\/wp\/v2\/media\/230573"}],"wp:attachment":[{"href":"https:\/\/informelitoral.com.ar\/%77%70%2d%6a%73%6f%6e\/wp\/v2\/media?parent=230572"}],"wp:term":[{"taxonomy":"category","embeddable":true,"href":"https:\/\/informelitoral.com.ar\/%77%70%2d%6a%73%6f%6e\/wp\/v2\/categories?post=230572"},{"taxonomy":"post_tag","embeddable":true,"href":"https:\/\/informelitoral.com.ar\/%77%70%2d%6a%73%6f%6e\/wp\/v2\/tags?post=230572"}],"curies":[{"name":"wp","href":"https:\/\/api.w.org\/{rel}","templated":true}]}}