{"id":229987,"date":"2025-08-09T09:45:26","date_gmt":"2025-08-09T12:45:26","guid":{"rendered":"https:\/\/informelitoral.com.ar\/?p=229987"},"modified":"2025-08-09T09:45:26","modified_gmt":"2025-08-09T12:45:26","slug":"milei-busca-amurallar-el-deficit-cero-prohibira-la-emision-y-una-ley-para-penar-a-los-que-gasten-de-mas","status":"publish","type":"post","link":"https:\/\/informelitoral.com.ar\/milei-busca-amurallar-el-deficit-cero-prohibira-la-emision-y-una-ley-para-penar-a-los-que-gasten-de-mas\/","title":{"rendered":"Milei busca \u201camurallar el d\u00e9ficit cero\u201d: prohibir\u00e1 la emisi\u00f3n y una ley para penar a los que gasten de m\u00e1s"},"content":{"rendered":"<p>El presidente\u00a0<strong>Javier Milei<\/strong>\u00a0anunci\u00f3 que prohibir\u00e1 que el\u00a0<strong>Tesoro<\/strong>\u00a0pueda financiarse con emisi\u00f3n monetaria y que enviar\u00e1 al\u00a0<strong>Congreso<\/strong>\u00a0una ley para castigar a quien apruebe presupuestos con\u00a0<strong>d\u00e9bito fiscal<\/strong>.<\/p>\n<p>\u201cEn los pr\u00f3ximos d\u00edas tomaremos dos medidas para amurallar el\u00a0<strong>d\u00e9bito cero<\/strong>: el lunes firmar\u00e9 un decreto para prohibir que el Tesoro financie el gasto con emisi\u00f3n monetaria. El Tesoro no podr\u00e1 pedir dinero al\u00a0<strong>Banco Central<\/strong>. Esto ya lo implement\u00e1bamos, pero ahora lo hacemos oficial\u201d, enfatiz\u00f3 el mandatario nacional.<\/p>\n<p>En un discurso de poco m\u00e1s de veinte minutos transmitido en cadena nacional, Milei sostuvo que la segunda medida que tomar\u00e1 a partir de la pr\u00f3xima semana ser\u00e1 \u00abenviar un proyecto de ley para penalizar la aprobaci\u00f3n de presupuestos con d\u00e9ficit fiscal\u00bb.<\/p>\n<p><strong>\u00abExige presupuestos con equilibrio o super\u00e1vit\u201d,<\/strong>\u00a0explic\u00f3 el Presidente sobre su propuesta legislativa.<\/p>\n<p>Adem\u00e1s, el jefe de Estado se\u00f1al\u00f3 que\u00a0<strong>\u00abcada peso que quieran sacar tiene que tener nombre y apellido de a qui\u00e9n se lo quieren sacar\u201d<\/strong>, reprodujo<em> Noticias Argentinas.<\/em><\/p>\n<p><strong>\u201cLo que el Congreso quiere imponer nos forzar\u00eda a emitir dinero\u201d,<\/strong>\u00a0se quej\u00f3 Milei, que utiliz\u00f3 la cadena para justificar sus vetos al aumento a las jubilaciones y a la Ley de Emergencia en Discapacidad.<\/p>\n<h6><em><strong>Del archivo:\u00a0<a href=\"https:\/\/informelitoral.com.ar\/rogelio-frigerio-confirmo-la-coalicion-con-javier-milei\/\" target=\"_blank\" rel=\"noopener\">Rogelio Frigerio confirm\u00f3 la coalici\u00f3n con Javier Milei<\/a><\/strong><\/em><\/h6>\n","protected":false},"excerpt":{"rendered":"<p>En cadena nacional, anunci\u00f3 dos nuevas medidas. Prohibir\u00e1 por decreto la emisi\u00f3n monetaria y enviar\u00e1 una ley para castigar los presupuestos con d\u00e9ficit.<\/p>\n","protected":false},"author":2,"featured_media":229988,"comment_status":"open","ping_status":"open","sticky":false,"template":"","format":"standard","meta":{"fifu_image_url":"https:\/\/media.c5n.com\/p\/4562b515a0a0542f6a793a46e81673ec\/adjuntos\/326\/imagenes\/000\/342\/0000342319\/790x0\/smart\/milei-cadena-nacional.png","fifu_image_alt":"","footnotes":""},"categories":[16],"tags":[233,2603],"class_list":{"0":"post-229987","1":"post","2":"type-post","3":"status-publish","4":"format-standard","5":"has-post-thumbnail","7":"category-politi","8":"tag-gobierno-nacional","9":"tag-javier-milei"},"yoast_head":"<title>Milei busca \u201camurallar el d\u00e9ficit cero\u201d: prohibir\u00e1 la emisi\u00f3n y una ley para penar a los que gasten de m\u00e1s - Informe Litoral<\/title>\n<meta name=\"robots\" content=\"index, follow, max-snippet:-1, max-image-preview:large, max-video-preview:-1\" \/>\n<link rel=\"canonical\" href=\"https:\/\/informelitoral.com.ar\/milei-busca-amurallar-el-deficit-cero-prohibira-la-emision-y-una-ley-para-penar-a-los-que-gasten-de-mas\/\" \/>\n<meta property=\"og:locale\" content=\"es_ES\" \/>\n<meta property=\"og:type\" content=\"article\" \/>\n<meta property=\"og:title\" content=\"Milei busca \u201camurallar el d\u00e9ficit cero\u201d: prohibir\u00e1 la emisi\u00f3n y una ley para penar a los que gasten de m\u00e1s - Informe Litoral\" \/>\n<meta property=\"og:description\" content=\"En cadena nacional, anunci\u00f3 dos nuevas medidas. Prohibir\u00e1 por decreto la emisi\u00f3n monetaria y enviar\u00e1 una ley para castigar los presupuestos con d\u00e9ficit.\" \/>\n<meta property=\"og:url\" content=\"https:\/\/informelitoral.com.ar\/milei-busca-amurallar-el-deficit-cero-prohibira-la-emision-y-una-ley-para-penar-a-los-que-gasten-de-mas\/\" \/>\n<meta property=\"og:site_name\" content=\"Informe Litoral\" \/>\n<meta property=\"article:publisher\" content=\"https:\/\/www.facebook.com\/informelitoral\/\" \/>\n<meta property=\"article:published_time\" content=\"2025-08-09T12:45:26+00:00\" \/>\n<meta property=\"og:image\" content=\"https:\/\/media.c5n.com\/p\/4562b515a0a0542f6a793a46e81673ec\/adjuntos\/326\/imagenes\/000\/342\/0000342319\/790x0\/smart\/milei-cadena-nacional.png\" \/><meta property=\"og:image\" content=\"https:\/\/media.c5n.com\/p\/4562b515a0a0542f6a793a46e81673ec\/adjuntos\/326\/imagenes\/000\/342\/0000342319\/790x0\/smart\/milei-cadena-nacional.png\" \/>\n\t<meta property=\"og:image:width\" content=\"790\" \/>\n\t<meta property=\"og:image:height\" content=\"445\" \/>\n\t<meta property=\"og:image:type\" content=\"image\/jpeg\" \/>\n<meta name=\"author\" content=\"Gonzalo Schmidt\" \/>\n<meta name=\"twitter:card\" content=\"summary_large_image\" \/>\n<meta name=\"twitter:image\" content=\"https:\/\/media.c5n.com\/p\/4562b515a0a0542f6a793a46e81673ec\/adjuntos\/326\/imagenes\/000\/342\/0000342319\/790x0\/smart\/milei-cadena-nacional.png\" \/>\n<meta name=\"twitter:creator\" content=\"@InformeLitoral\" \/>\n<meta name=\"twitter:site\" content=\"@InformeLitoral\" \/>\n<meta name=\"twitter:label1\" content=\"Escrito por\" \/>\n\t<meta name=\"twitter:data1\" content=\"Gonzalo Schmidt\" \/>\n\t<meta name=\"twitter:label2\" content=\"Tiempo de lectura\" \/>\n\t<meta name=\"twitter:data2\" content=\"1 minuto\" \/>\n<script type=\"application\/ld+json\" class=\"yoast-schema-graph\">{\"@context\":\"https:\\\/\\\/schema.org\",\"@graph\":[{\"@type\":\"Article\",\"@id\":\"https:\\\/\\\/informelitoral.com.ar\\\/milei-busca-amurallar-el-deficit-cero-prohibira-la-emision-y-una-ley-para-penar-a-los-que-gasten-de-mas\\\/#article\",\"isPartOf\":{\"@id\":\"https:\\\/\\\/informelitoral.com.ar\\\/milei-busca-amurallar-el-deficit-cero-prohibira-la-emision-y-una-ley-para-penar-a-los-que-gasten-de-mas\\\/\"},\"author\":{\"name\":\"Gonzalo Schmidt\",\"@id\":\"https:\\\/\\\/informelitoral.com.ar\\\/#\\\/schema\\\/person\\\/b9d00407c836482871ef1d57bf8e3180\"},\"headline\":\"Milei busca \u201camurallar el d\u00e9ficit cero\u201d: prohibir\u00e1 la emisi\u00f3n y una ley para penar a los que gasten de m\u00e1s\",\"datePublished\":\"2025-08-09T12:45:26+00:00\",\"mainEntityOfPage\":{\"@id\":\"https:\\\/\\\/informelitoral.com.ar\\\/milei-busca-amurallar-el-deficit-cero-prohibira-la-emision-y-una-ley-para-penar-a-los-que-gasten-de-mas\\\/\"},\"wordCount\":249,\"commentCount\":0,\"publisher\":{\"@id\":\"https:\\\/\\\/informelitoral.com.ar\\\/#organization\"},\"image\":{\"@id\":\"https:\\\/\\\/informelitoral.com.ar\\\/milei-busca-amurallar-el-deficit-cero-prohibira-la-emision-y-una-ley-para-penar-a-los-que-gasten-de-mas\\\/#primaryimage\"},\"thumbnailUrl\":\"https:\\\/\\\/media.c5n.com\\\/p\\\/4562b515a0a0542f6a793a46e81673ec\\\/adjuntos\\\/326\\\/imagenes\\\/000\\\/342\\\/0000342319\\\/790x0\\\/smart\\\/milei-cadena-nacional.png\",\"keywords\":[\"Gobierno nacional\",\"Javier Milei\"],\"articleSection\":[\"Politica\"],\"inLanguage\":\"es\",\"potentialAction\":[{\"@type\":\"CommentAction\",\"name\":\"Comment\",\"target\":[\"https:\\\/\\\/informelitoral.com.ar\\\/milei-busca-amurallar-el-deficit-cero-prohibira-la-emision-y-una-ley-para-penar-a-los-que-gasten-de-mas\\\/#respond\"]}]},{\"@type\":\"WebPage\",\"@id\":\"https:\\\/\\\/informelitoral.com.ar\\\/milei-busca-amurallar-el-deficit-cero-prohibira-la-emision-y-una-ley-para-penar-a-los-que-gasten-de-mas\\\/\",\"url\":\"https:\\\/\\\/informelitoral.com.ar\\\/milei-busca-amurallar-el-deficit-cero-prohibira-la-emision-y-una-ley-para-penar-a-los-que-gasten-de-mas\\\/\",\"name\":\"Milei busca \u201camurallar el d\u00e9ficit cero\u201d: prohibir\u00e1 la emisi\u00f3n y una ley para penar a los que gasten de m\u00e1s - Informe Litoral\",\"isPartOf\":{\"@id\":\"https:\\\/\\\/informelitoral.com.ar\\\/#website\"},\"primaryImageOfPage\":{\"@id\":\"https:\\\/\\\/informelitoral.com.ar\\\/milei-busca-amurallar-el-deficit-cero-prohibira-la-emision-y-una-ley-para-penar-a-los-que-gasten-de-mas\\\/#primaryimage\"},\"image\":{\"@id\":\"https:\\\/\\\/informelitoral.com.ar\\\/milei-busca-amurallar-el-deficit-cero-prohibira-la-emision-y-una-ley-para-penar-a-los-que-gasten-de-mas\\\/#primaryimage\"},\"thumbnailUrl\":\"https:\\\/\\\/media.c5n.com\\\/p\\\/4562b515a0a0542f6a793a46e81673ec\\\/adjuntos\\\/326\\\/imagenes\\\/000\\\/342\\\/0000342319\\\/790x0\\\/smart\\\/milei-cadena-nacional.png\",\"datePublished\":\"2025-08-09T12:45:26+00:00\",\"breadcrumb\":{\"@id\":\"https:\\\/\\\/informelitoral.com.ar\\\/milei-busca-amurallar-el-deficit-cero-prohibira-la-emision-y-una-ley-para-penar-a-los-que-gasten-de-mas\\\/#breadcrumb\"},\"inLanguage\":\"es\",\"potentialAction\":[{\"@type\":\"ReadAction\",\"target\":[\"https:\\\/\\\/informelitoral.com.ar\\\/milei-busca-amurallar-el-deficit-cero-prohibira-la-emision-y-una-ley-para-penar-a-los-que-gasten-de-mas\\\/\"]}]},{\"@type\":\"ImageObject\",\"inLanguage\":\"es\",\"@id\":\"https:\\\/\\\/informelitoral.com.ar\\\/milei-busca-amurallar-el-deficit-cero-prohibira-la-emision-y-una-ley-para-penar-a-los-que-gasten-de-mas\\\/#primaryimage\",\"url\":\"https:\\\/\\\/media.c5n.com\\\/p\\\/4562b515a0a0542f6a793a46e81673ec\\\/adjuntos\\\/326\\\/imagenes\\\/000\\\/342\\\/0000342319\\\/790x0\\\/smart\\\/milei-cadena-nacional.png\",\"contentUrl\":\"https:\\\/\\\/media.c5n.com\\\/p\\\/4562b515a0a0542f6a793a46e81673ec\\\/adjuntos\\\/326\\\/imagenes\\\/000\\\/342\\\/0000342319\\\/790x0\\\/smart\\\/milei-cadena-nacional.png\",\"width\":\"790\",\"height\":\"445\"},{\"@type\":\"BreadcrumbList\",\"@id\":\"https:\\\/\\\/informelitoral.com.ar\\\/milei-busca-amurallar-el-deficit-cero-prohibira-la-emision-y-una-ley-para-penar-a-los-que-gasten-de-mas\\\/#breadcrumb\",\"itemListElement\":[{\"@type\":\"ListItem\",\"position\":1,\"name\":\"Portada\",\"item\":\"https:\\\/\\\/informelitoral.com.ar\\\/\"},{\"@type\":\"ListItem\",\"position\":2,\"name\":\"Milei busca \u201camurallar el d\u00e9ficit cero\u201d: prohibir\u00e1 la emisi\u00f3n y una ley para penar a los que gasten de m\u00e1s\"}]},{\"@type\":\"WebSite\",\"@id\":\"https:\\\/\\\/informelitoral.com.ar\\\/#website\",\"url\":\"https:\\\/\\\/informelitoral.com.ar\\\/\",\"name\":\"Informe Litoral\",\"description\":\"&quot;Nos informamos&quot; \",\"publisher\":{\"@id\":\"https:\\\/\\\/informelitoral.com.ar\\\/#organization\"},\"potentialAction\":[{\"@type\":\"SearchAction\",\"target\":{\"@type\":\"EntryPoint\",\"urlTemplate\":\"https:\\\/\\\/informelitoral.com.ar\\\/?s={search_term_string}\"},\"query-input\":{\"@type\":\"PropertyValueSpecification\",\"valueRequired\":true,\"valueName\":\"search_term_string\"}}],\"inLanguage\":\"es\"},{\"@type\":\"Organization\",\"@id\":\"https:\\\/\\\/informelitoral.com.ar\\\/#organization\",\"name\":\"Informe Litoral\",\"url\":\"https:\\\/\\\/informelitoral.com.ar\\\/\",\"logo\":{\"@type\":\"ImageObject\",\"inLanguage\":\"es\",\"@id\":\"https:\\\/\\\/informelitoral.com.ar\\\/#\\\/schema\\\/logo\\\/image\\\/\",\"url\":\"https:\\\/\\\/informelitoral.com.ar\\\/%77%70%2d%63%6f%6e%74%65%6e%74\\\/uploads\\\/2021\\\/01\\\/circulo.png\",\"contentUrl\":\"https:\\\/\\\/informelitoral.com.ar\\\/%77%70%2d%63%6f%6e%74%65%6e%74\\\/uploads\\\/2021\\\/01\\\/circulo.png\",\"width\":723,\"height\":731,\"caption\":\"Informe Litoral\"},\"image\":{\"@id\":\"https:\\\/\\\/informelitoral.com.ar\\\/#\\\/schema\\\/logo\\\/image\\\/\"},\"sameAs\":[\"https:\\\/\\\/www.facebook.com\\\/informelitoral\\\/\",\"https:\\\/\\\/x.com\\\/InformeLitoral\",\"https:\\\/\\\/www.instagram.com\\\/informelitoral\\\/\",\"https:\\\/\\\/www.youtube.com\\\/channel\\\/UCua4Qvz8Icb6MYqhoq9xLXw\"]},{\"@type\":\"Person\",\"@id\":\"https:\\\/\\\/informelitoral.com.ar\\\/#\\\/schema\\\/person\\\/b9d00407c836482871ef1d57bf8e3180\",\"name\":\"Gonzalo Schmidt\",\"image\":{\"@type\":\"ImageObject\",\"inLanguage\":\"es\",\"@id\":\"https:\\\/\\\/secure.gravatar.com\\\/avatar\\\/31a1a7b66ff2de83bd0e9fd79d026630d2d99e55e8bfe501287647b4fd9743de?s=96&d=mm&r=g\",\"url\":\"https:\\\/\\\/secure.gravatar.com\\\/avatar\\\/31a1a7b66ff2de83bd0e9fd79d026630d2d99e55e8bfe501287647b4fd9743de?s=96&d=mm&r=g\",\"contentUrl\":\"https:\\\/\\\/secure.gravatar.com\\\/avatar\\\/31a1a7b66ff2de83bd0e9fd79d026630d2d99e55e8bfe501287647b4fd9743de?s=96&d=mm&r=g\",\"caption\":\"Gonzalo Schmidt\"},\"description\":\"Sitio web de noticias de la provincia de Entre R\u00edos, Argentina. Informaci\u00f3n y entretenimiento. Informe Litoral, nos informamos.\",\"sameAs\":[\"http:\\\/\\\/www.isletasnoticias.com.ar\"],\"url\":\"https:\\\/\\\/informelitoral.com.ar\\\/author\\\/gonzalo\\\/\"}]}<\/script>","yoast_head_json":{"title":"Milei busca \u201camurallar el d\u00e9ficit cero\u201d: prohibir\u00e1 la emisi\u00f3n y una ley para penar a los que gasten de m\u00e1s - Informe Litoral","robots":{"index":"index","follow":"follow","max-snippet":"max-snippet:-1","max-image-preview":"max-image-preview:large","max-video-preview":"max-video-preview:-1"},"canonical":"https:\/\/informelitoral.com.ar\/milei-busca-amurallar-el-deficit-cero-prohibira-la-emision-y-una-ley-para-penar-a-los-que-gasten-de-mas\/","og_locale":"es_ES","og_type":"article","og_title":"Milei busca \u201camurallar el d\u00e9ficit cero\u201d: prohibir\u00e1 la emisi\u00f3n y una ley para penar a los que gasten de m\u00e1s - Informe Litoral","og_description":"En cadena nacional, anunci\u00f3 dos nuevas medidas. Prohibir\u00e1 por decreto la emisi\u00f3n monetaria y enviar\u00e1 una ley para castigar los presupuestos con d\u00e9ficit.","og_url":"https:\/\/informelitoral.com.ar\/milei-busca-amurallar-el-deficit-cero-prohibira-la-emision-y-una-ley-para-penar-a-los-que-gasten-de-mas\/","og_site_name":"Informe Litoral","article_publisher":"https:\/\/www.facebook.com\/informelitoral\/","article_published_time":"2025-08-09T12:45:26+00:00","og_image":[{"url":"https:\/\/media.c5n.com\/p\/4562b515a0a0542f6a793a46e81673ec\/adjuntos\/326\/imagenes\/000\/342\/0000342319\/790x0\/smart\/milei-cadena-nacional.png","type":"","width":"","height":""},{"width":790,"height":445,"url":"https:\/\/media.c5n.com\/p\/4562b515a0a0542f6a793a46e81673ec\/adjuntos\/326\/imagenes\/000\/342\/0000342319\/790x0\/smart\/milei-cadena-nacional.png","type":"image\/jpeg"}],"author":"Gonzalo Schmidt","twitter_card":"summary_large_image","twitter_image":"https:\/\/media.c5n.com\/p\/4562b515a0a0542f6a793a46e81673ec\/adjuntos\/326\/imagenes\/000\/342\/0000342319\/790x0\/smart\/milei-cadena-nacional.png","twitter_creator":"@InformeLitoral","twitter_site":"@InformeLitoral","twitter_misc":{"Escrito por":"Gonzalo Schmidt","Tiempo de lectura":"1 minuto"},"schema":{"@context":"https:\/\/schema.org","@graph":[{"@type":"Article","@id":"https:\/\/informelitoral.com.ar\/milei-busca-amurallar-el-deficit-cero-prohibira-la-emision-y-una-ley-para-penar-a-los-que-gasten-de-mas\/#article","isPartOf":{"@id":"https:\/\/informelitoral.com.ar\/milei-busca-amurallar-el-deficit-cero-prohibira-la-emision-y-una-ley-para-penar-a-los-que-gasten-de-mas\/"},"author":{"name":"Gonzalo Schmidt","@id":"https:\/\/informelitoral.com.ar\/#\/schema\/person\/b9d00407c836482871ef1d57bf8e3180"},"headline":"Milei busca \u201camurallar el d\u00e9ficit cero\u201d: prohibir\u00e1 la emisi\u00f3n y una ley para penar a los que gasten de m\u00e1s","datePublished":"2025-08-09T12:45:26+00:00","mainEntityOfPage":{"@id":"https:\/\/informelitoral.com.ar\/milei-busca-amurallar-el-deficit-cero-prohibira-la-emision-y-una-ley-para-penar-a-los-que-gasten-de-mas\/"},"wordCount":249,"commentCount":0,"publisher":{"@id":"https:\/\/informelitoral.com.ar\/#organization"},"image":{"@id":"https:\/\/informelitoral.com.ar\/milei-busca-amurallar-el-deficit-cero-prohibira-la-emision-y-una-ley-para-penar-a-los-que-gasten-de-mas\/#primaryimage"},"thumbnailUrl":"https:\/\/media.c5n.com\/p\/4562b515a0a0542f6a793a46e81673ec\/adjuntos\/326\/imagenes\/000\/342\/0000342319\/790x0\/smart\/milei-cadena-nacional.png","keywords":["Gobierno nacional","Javier Milei"],"articleSection":["Politica"],"inLanguage":"es","potentialAction":[{"@type":"CommentAction","name":"Comment","target":["https:\/\/informelitoral.com.ar\/milei-busca-amurallar-el-deficit-cero-prohibira-la-emision-y-una-ley-para-penar-a-los-que-gasten-de-mas\/#respond"]}]},{"@type":"WebPage","@id":"https:\/\/informelitoral.com.ar\/milei-busca-amurallar-el-deficit-cero-prohibira-la-emision-y-una-ley-para-penar-a-los-que-gasten-de-mas\/","url":"https:\/\/informelitoral.com.ar\/milei-busca-amurallar-el-deficit-cero-prohibira-la-emision-y-una-ley-para-penar-a-los-que-gasten-de-mas\/","name":"Milei busca \u201camurallar el d\u00e9ficit cero\u201d: prohibir\u00e1 la emisi\u00f3n y una ley para penar a los que gasten de m\u00e1s - Informe Litoral","isPartOf":{"@id":"https:\/\/informelitoral.com.ar\/#website"},"primaryImageOfPage":{"@id":"https:\/\/informelitoral.com.ar\/milei-busca-amurallar-el-deficit-cero-prohibira-la-emision-y-una-ley-para-penar-a-los-que-gasten-de-mas\/#primaryimage"},"image":{"@id":"https:\/\/informelitoral.com.ar\/milei-busca-amurallar-el-deficit-cero-prohibira-la-emision-y-una-ley-para-penar-a-los-que-gasten-de-mas\/#primaryimage"},"thumbnailUrl":"https:\/\/media.c5n.com\/p\/4562b515a0a0542f6a793a46e81673ec\/adjuntos\/326\/imagenes\/000\/342\/0000342319\/790x0\/smart\/milei-cadena-nacional.png","datePublished":"2025-08-09T12:45:26+00:00","breadcrumb":{"@id":"https:\/\/informelitoral.com.ar\/milei-busca-amurallar-el-deficit-cero-prohibira-la-emision-y-una-ley-para-penar-a-los-que-gasten-de-mas\/#breadcrumb"},"inLanguage":"es","potentialAction":[{"@type":"ReadAction","target":["https:\/\/informelitoral.com.ar\/milei-busca-amurallar-el-deficit-cero-prohibira-la-emision-y-una-ley-para-penar-a-los-que-gasten-de-mas\/"]}]},{"@type":"ImageObject","inLanguage":"es","@id":"https:\/\/informelitoral.com.ar\/milei-busca-amurallar-el-deficit-cero-prohibira-la-emision-y-una-ley-para-penar-a-los-que-gasten-de-mas\/#primaryimage","url":"https:\/\/media.c5n.com\/p\/4562b515a0a0542f6a793a46e81673ec\/adjuntos\/326\/imagenes\/000\/342\/0000342319\/790x0\/smart\/milei-cadena-nacional.png","contentUrl":"https:\/\/media.c5n.com\/p\/4562b515a0a0542f6a793a46e81673ec\/adjuntos\/326\/imagenes\/000\/342\/0000342319\/790x0\/smart\/milei-cadena-nacional.png","width":"790","height":"445"},{"@type":"BreadcrumbList","@id":"https:\/\/informelitoral.com.ar\/milei-busca-amurallar-el-deficit-cero-prohibira-la-emision-y-una-ley-para-penar-a-los-que-gasten-de-mas\/#breadcrumb","itemListElement":[{"@type":"ListItem","position":1,"name":"Portada","item":"https:\/\/informelitoral.com.ar\/"},{"@type":"ListItem","position":2,"name":"Milei busca \u201camurallar el d\u00e9ficit cero\u201d: prohibir\u00e1 la emisi\u00f3n y una ley para penar a los que gasten de m\u00e1s"}]},{"@type":"WebSite","@id":"https:\/\/informelitoral.com.ar\/#website","url":"https:\/\/informelitoral.com.ar\/","name":"Informe Litoral","description":"&quot;Nos informamos&quot; ","publisher":{"@id":"https:\/\/informelitoral.com.ar\/#organization"},"potentialAction":[{"@type":"SearchAction","target":{"@type":"EntryPoint","urlTemplate":"https:\/\/informelitoral.com.ar\/?s={search_term_string}"},"query-input":{"@type":"PropertyValueSpecification","valueRequired":true,"valueName":"search_term_string"}}],"inLanguage":"es"},{"@type":"Organization","@id":"https:\/\/informelitoral.com.ar\/#organization","name":"Informe Litoral","url":"https:\/\/informelitoral.com.ar\/","logo":{"@type":"ImageObject","inLanguage":"es","@id":"https:\/\/informelitoral.com.ar\/#\/schema\/logo\/image\/","url":"https:\/\/informelitoral.com.ar\/%77%70%2d%63%6f%6e%74%65%6e%74\/uploads\/2021\/01\/circulo.png","contentUrl":"https:\/\/informelitoral.com.ar\/%77%70%2d%63%6f%6e%74%65%6e%74\/uploads\/2021\/01\/circulo.png","width":723,"height":731,"caption":"Informe Litoral"},"image":{"@id":"https:\/\/informelitoral.com.ar\/#\/schema\/logo\/image\/"},"sameAs":["https:\/\/www.facebook.com\/informelitoral\/","https:\/\/x.com\/InformeLitoral","https:\/\/www.instagram.com\/informelitoral\/","https:\/\/www.youtube.com\/channel\/UCua4Qvz8Icb6MYqhoq9xLXw"]},{"@type":"Person","@id":"https:\/\/informelitoral.com.ar\/#\/schema\/person\/b9d00407c836482871ef1d57bf8e3180","name":"Gonzalo Schmidt","image":{"@type":"ImageObject","inLanguage":"es","@id":"https:\/\/secure.gravatar.com\/avatar\/31a1a7b66ff2de83bd0e9fd79d026630d2d99e55e8bfe501287647b4fd9743de?s=96&d=mm&r=g","url":"https:\/\/secure.gravatar.com\/avatar\/31a1a7b66ff2de83bd0e9fd79d026630d2d99e55e8bfe501287647b4fd9743de?s=96&d=mm&r=g","contentUrl":"https:\/\/secure.gravatar.com\/avatar\/31a1a7b66ff2de83bd0e9fd79d026630d2d99e55e8bfe501287647b4fd9743de?s=96&d=mm&r=g","caption":"Gonzalo Schmidt"},"description":"Sitio web de noticias de la provincia de Entre R\u00edos, Argentina. Informaci\u00f3n y entretenimiento. Informe Litoral, nos informamos.","sameAs":["http:\/\/www.isletasnoticias.com.ar"],"url":"https:\/\/informelitoral.com.ar\/author\/gonzalo\/"}]}},"fifu_image_url":"https:\/\/media.c5n.com\/p\/4562b515a0a0542f6a793a46e81673ec\/adjuntos\/326\/imagenes\/000\/342\/0000342319\/790x0\/smart\/milei-cadena-nacional.png","_links":{"self":[{"href":"https:\/\/informelitoral.com.ar\/%77%70%2d%6a%73%6f%6e\/wp\/v2\/posts\/229987","targetHints":{"allow":["GET"]}}],"collection":[{"href":"https:\/\/informelitoral.com.ar\/%77%70%2d%6a%73%6f%6e\/wp\/v2\/posts"}],"about":[{"href":"https:\/\/informelitoral.com.ar\/%77%70%2d%6a%73%6f%6e\/wp\/v2\/types\/post"}],"author":[{"embeddable":true,"href":"https:\/\/informelitoral.com.ar\/%77%70%2d%6a%73%6f%6e\/wp\/v2\/users\/2"}],"replies":[{"embeddable":true,"href":"https:\/\/informelitoral.com.ar\/%77%70%2d%6a%73%6f%6e\/wp\/v2\/comments?post=229987"}],"version-history":[{"count":1,"href":"https:\/\/informelitoral.com.ar\/%77%70%2d%6a%73%6f%6e\/wp\/v2\/posts\/229987\/revisions"}],"predecessor-version":[{"id":229989,"href":"https:\/\/informelitoral.com.ar\/%77%70%2d%6a%73%6f%6e\/wp\/v2\/posts\/229987\/revisions\/229989"}],"wp:featuredmedia":[{"embeddable":true,"href":"https:\/\/informelitoral.com.ar\/%77%70%2d%6a%73%6f%6e\/wp\/v2\/media\/229988"}],"wp:attachment":[{"href":"https:\/\/informelitoral.com.ar\/%77%70%2d%6a%73%6f%6e\/wp\/v2\/media?parent=229987"}],"wp:term":[{"taxonomy":"category","embeddable":true,"href":"https:\/\/informelitoral.com.ar\/%77%70%2d%6a%73%6f%6e\/wp\/v2\/categories?post=229987"},{"taxonomy":"post_tag","embeddable":true,"href":"https:\/\/informelitoral.com.ar\/%77%70%2d%6a%73%6f%6e\/wp\/v2\/tags?post=229987"}],"curies":[{"name":"wp","href":"https:\/\/api.w.org\/{rel}","templated":true}]}}