{"id":229974,"date":"2025-08-08T13:04:24","date_gmt":"2025-08-08T16:04:24","guid":{"rendered":"https:\/\/informelitoral.com.ar\/?p=229974"},"modified":"2025-08-08T14:42:36","modified_gmt":"2025-08-08T17:42:36","slug":"milei-hablara-en-cadena-nacional-para-explicar-vetos-y-reformas","status":"publish","type":"post","link":"https:\/\/informelitoral.com.ar\/milei-hablara-en-cadena-nacional-para-explicar-vetos-y-reformas\/","title":{"rendered":"Milei hablar\u00e1 en cadena nacional para explicar vetos y reformas"},"content":{"rendered":"<p><strong>El presidente\u00a0Javier Milei\u00a0hablar\u00e1 este viernes por la noche en cadena nacional en un mensaje en el que busca exponer los vetos a las leyes y responder ante la derrota legislativa que sufri\u00f3 el Poder Ejecutivo el pasado mi\u00e9rcoles en la C\u00e1mara de Diputados.\u00a0<\/strong><\/p>\n<h6><em><strong>Del archivo:\u00a0<a href=\"https:\/\/informelitoral.com.ar\/rogelio-frigerio-confirmo-la-coalicion-con-javier-milei\/\" target=\"_blank\" rel=\"noopener\">Rogelio Frigerio confirm\u00f3 la coalici\u00f3n con Javier Milei<\/a><\/strong><\/em><\/h6>\n<p>As\u00ed lo confirm\u00f3 el vocero presidencial, Manuel Adorni, en la habitual conferencia de prensa en la que detall\u00f3 que abordar\u00e1 la derogaci\u00f3n de\u00a0los decretos delegados que anulan la\u00a0<strong>Agencia Nacional de Seguridad Vial<\/strong>\u00a0y la\u00a0<strong>Direcci\u00f3n Nacional de Vialidad<\/strong>, los cambios sobre el\u00a0<strong>INTA<\/strong>\u00a0y el\u00a0<strong>INTI<\/strong>, as\u00ed como las reformas en el\u00a0<strong>Banco Nacional de Datos Gen\u00e9ticos<\/strong> y sobre institutos.<\/p>\n","protected":false},"excerpt":{"rendered":"<p>El presidente hablar\u00e1 a todo el pa\u00eds desde las 21. El vocero Manuel Adorni adelant\u00f3 que el mandatario se referir\u00e1 a sus medidas contra las leyes aprobadas en el Congreso.<\/p>\n","protected":false},"author":8,"featured_media":213681,"comment_status":"open","ping_status":"open","sticky":false,"template":"","format":"standard","meta":{"fifu_image_url":"","fifu_image_alt":"","footnotes":""},"categories":[16],"tags":[5940,2603],"class_list":{"0":"post-229974","1":"post","2":"type-post","3":"status-publish","4":"format-standard","5":"has-post-thumbnail","7":"category-politi","8":"tag-condena-nacional","9":"tag-javier-milei"},"yoast_head":"<title>Milei hablar\u00e1 en cadena nacional para explicar vetos y reformas - Informe Litoral<\/title>\n<meta name=\"robots\" content=\"index, follow, max-snippet:-1, max-image-preview:large, max-video-preview:-1\" \/>\n<link rel=\"canonical\" href=\"https:\/\/informelitoral.com.ar\/milei-hablara-en-cadena-nacional-para-explicar-vetos-y-reformas\/\" \/>\n<meta property=\"og:locale\" content=\"es_ES\" \/>\n<meta property=\"og:type\" content=\"article\" \/>\n<meta property=\"og:title\" content=\"Milei hablar\u00e1 en cadena nacional para explicar vetos y reformas - Informe Litoral\" \/>\n<meta property=\"og:description\" content=\"El presidente hablar\u00e1 a todo el pa\u00eds desde las 21. El vocero Manuel Adorni adelant\u00f3 que el mandatario se referir\u00e1 a sus medidas contra las leyes aprobadas en el Congreso.\" \/>\n<meta property=\"og:url\" content=\"https:\/\/informelitoral.com.ar\/milei-hablara-en-cadena-nacional-para-explicar-vetos-y-reformas\/\" \/>\n<meta property=\"og:site_name\" content=\"Informe Litoral\" \/>\n<meta property=\"article:publisher\" content=\"https:\/\/www.facebook.com\/informelitoral\/\" \/>\n<meta property=\"article:published_time\" content=\"2025-08-08T16:04:24+00:00\" \/>\n<meta property=\"article:modified_time\" content=\"2025-08-08T17:42:36+00:00\" \/>\n<meta property=\"og:image\" content=\"https:\/\/informelitoral.com.ar\/%77%70%2d%63%6f%6e%74%65%6e%74\/uploads\/2025\/03\/cnne-1654684-topshot-argentina-election-runoff-results-milei.jpg\" \/>\n\t<meta property=\"og:image:width\" content=\"1480\" \/>\n\t<meta property=\"og:image:height\" content=\"833\" \/>\n\t<meta property=\"og:image:type\" content=\"image\/jpeg\" \/>\n<meta name=\"author\" content=\"Sebastian\" \/>\n<meta name=\"twitter:card\" content=\"summary_large_image\" \/>\n<meta name=\"twitter:creator\" content=\"@InformeLitoral\" \/>\n<meta name=\"twitter:site\" content=\"@InformeLitoral\" \/>\n<meta name=\"twitter:label1\" content=\"Escrito por\" \/>\n\t<meta name=\"twitter:data1\" content=\"Sebastian\" \/>\n\t<meta name=\"twitter:label2\" content=\"Tiempo de lectura\" \/>\n\t<meta name=\"twitter:data2\" content=\"1 minuto\" \/>\n<script type=\"application\/ld+json\" class=\"yoast-schema-graph\">{\"@context\":\"https:\\\/\\\/schema.org\",\"@graph\":[{\"@type\":\"Article\",\"@id\":\"https:\\\/\\\/informelitoral.com.ar\\\/milei-hablara-en-cadena-nacional-para-explicar-vetos-y-reformas\\\/#article\",\"isPartOf\":{\"@id\":\"https:\\\/\\\/informelitoral.com.ar\\\/milei-hablara-en-cadena-nacional-para-explicar-vetos-y-reformas\\\/\"},\"author\":{\"name\":\"Sebastian\",\"@id\":\"https:\\\/\\\/informelitoral.com.ar\\\/#\\\/schema\\\/person\\\/f05f9f461677119578717524b127d6d5\"},\"headline\":\"Milei hablar\u00e1 en cadena nacional para explicar vetos y reformas\",\"datePublished\":\"2025-08-08T16:04:24+00:00\",\"dateModified\":\"2025-08-08T17:42:36+00:00\",\"mainEntityOfPage\":{\"@id\":\"https:\\\/\\\/informelitoral.com.ar\\\/milei-hablara-en-cadena-nacional-para-explicar-vetos-y-reformas\\\/\"},\"wordCount\":133,\"commentCount\":0,\"publisher\":{\"@id\":\"https:\\\/\\\/informelitoral.com.ar\\\/#organization\"},\"image\":{\"@id\":\"https:\\\/\\\/informelitoral.com.ar\\\/milei-hablara-en-cadena-nacional-para-explicar-vetos-y-reformas\\\/#primaryimage\"},\"thumbnailUrl\":\"https:\\\/\\\/informelitoral.com.ar\\\/%77%70%2d%63%6f%6e%74%65%6e%74\\\/uploads\\\/2025\\\/03\\\/cnne-1654684-topshot-argentina-election-runoff-results-milei.jpg\",\"keywords\":[\"Condena Nacional\",\"Javier Milei\"],\"articleSection\":[\"Politica\"],\"inLanguage\":\"es\",\"potentialAction\":[{\"@type\":\"CommentAction\",\"name\":\"Comment\",\"target\":[\"https:\\\/\\\/informelitoral.com.ar\\\/milei-hablara-en-cadena-nacional-para-explicar-vetos-y-reformas\\\/#respond\"]}]},{\"@type\":\"WebPage\",\"@id\":\"https:\\\/\\\/informelitoral.com.ar\\\/milei-hablara-en-cadena-nacional-para-explicar-vetos-y-reformas\\\/\",\"url\":\"https:\\\/\\\/informelitoral.com.ar\\\/milei-hablara-en-cadena-nacional-para-explicar-vetos-y-reformas\\\/\",\"name\":\"Milei hablar\u00e1 en cadena nacional para explicar vetos y reformas - Informe Litoral\",\"isPartOf\":{\"@id\":\"https:\\\/\\\/informelitoral.com.ar\\\/#website\"},\"primaryImageOfPage\":{\"@id\":\"https:\\\/\\\/informelitoral.com.ar\\\/milei-hablara-en-cadena-nacional-para-explicar-vetos-y-reformas\\\/#primaryimage\"},\"image\":{\"@id\":\"https:\\\/\\\/informelitoral.com.ar\\\/milei-hablara-en-cadena-nacional-para-explicar-vetos-y-reformas\\\/#primaryimage\"},\"thumbnailUrl\":\"https:\\\/\\\/informelitoral.com.ar\\\/%77%70%2d%63%6f%6e%74%65%6e%74\\\/uploads\\\/2025\\\/03\\\/cnne-1654684-topshot-argentina-election-runoff-results-milei.jpg\",\"datePublished\":\"2025-08-08T16:04:24+00:00\",\"dateModified\":\"2025-08-08T17:42:36+00:00\",\"breadcrumb\":{\"@id\":\"https:\\\/\\\/informelitoral.com.ar\\\/milei-hablara-en-cadena-nacional-para-explicar-vetos-y-reformas\\\/#breadcrumb\"},\"inLanguage\":\"es\",\"potentialAction\":[{\"@type\":\"ReadAction\",\"target\":[\"https:\\\/\\\/informelitoral.com.ar\\\/milei-hablara-en-cadena-nacional-para-explicar-vetos-y-reformas\\\/\"]}]},{\"@type\":\"ImageObject\",\"inLanguage\":\"es\",\"@id\":\"https:\\\/\\\/informelitoral.com.ar\\\/milei-hablara-en-cadena-nacional-para-explicar-vetos-y-reformas\\\/#primaryimage\",\"url\":\"https:\\\/\\\/informelitoral.com.ar\\\/%77%70%2d%63%6f%6e%74%65%6e%74\\\/uploads\\\/2025\\\/03\\\/cnne-1654684-topshot-argentina-election-runoff-results-milei.jpg\",\"contentUrl\":\"https:\\\/\\\/informelitoral.com.ar\\\/%77%70%2d%63%6f%6e%74%65%6e%74\\\/uploads\\\/2025\\\/03\\\/cnne-1654684-topshot-argentina-election-runoff-results-milei.jpg\",\"width\":1480,\"height\":833},{\"@type\":\"BreadcrumbList\",\"@id\":\"https:\\\/\\\/informelitoral.com.ar\\\/milei-hablara-en-cadena-nacional-para-explicar-vetos-y-reformas\\\/#breadcrumb\",\"itemListElement\":[{\"@type\":\"ListItem\",\"position\":1,\"name\":\"Portada\",\"item\":\"https:\\\/\\\/informelitoral.com.ar\\\/\"},{\"@type\":\"ListItem\",\"position\":2,\"name\":\"Milei hablar\u00e1 en cadena nacional para explicar vetos y reformas\"}]},{\"@type\":\"WebSite\",\"@id\":\"https:\\\/\\\/informelitoral.com.ar\\\/#website\",\"url\":\"https:\\\/\\\/informelitoral.com.ar\\\/\",\"name\":\"Informe Litoral\",\"description\":\"&quot;Nos informamos&quot; \",\"publisher\":{\"@id\":\"https:\\\/\\\/informelitoral.com.ar\\\/#organization\"},\"potentialAction\":[{\"@type\":\"SearchAction\",\"target\":{\"@type\":\"EntryPoint\",\"urlTemplate\":\"https:\\\/\\\/informelitoral.com.ar\\\/?s={search_term_string}\"},\"query-input\":{\"@type\":\"PropertyValueSpecification\",\"valueRequired\":true,\"valueName\":\"search_term_string\"}}],\"inLanguage\":\"es\"},{\"@type\":\"Organization\",\"@id\":\"https:\\\/\\\/informelitoral.com.ar\\\/#organization\",\"name\":\"Informe Litoral\",\"url\":\"https:\\\/\\\/informelitoral.com.ar\\\/\",\"logo\":{\"@type\":\"ImageObject\",\"inLanguage\":\"es\",\"@id\":\"https:\\\/\\\/informelitoral.com.ar\\\/#\\\/schema\\\/logo\\\/image\\\/\",\"url\":\"https:\\\/\\\/informelitoral.com.ar\\\/%77%70%2d%63%6f%6e%74%65%6e%74\\\/uploads\\\/2021\\\/01\\\/circulo.png\",\"contentUrl\":\"https:\\\/\\\/informelitoral.com.ar\\\/%77%70%2d%63%6f%6e%74%65%6e%74\\\/uploads\\\/2021\\\/01\\\/circulo.png\",\"width\":723,\"height\":731,\"caption\":\"Informe Litoral\"},\"image\":{\"@id\":\"https:\\\/\\\/informelitoral.com.ar\\\/#\\\/schema\\\/logo\\\/image\\\/\"},\"sameAs\":[\"https:\\\/\\\/www.facebook.com\\\/informelitoral\\\/\",\"https:\\\/\\\/x.com\\\/InformeLitoral\",\"https:\\\/\\\/www.instagram.com\\\/informelitoral\\\/\",\"https:\\\/\\\/www.youtube.com\\\/channel\\\/UCua4Qvz8Icb6MYqhoq9xLXw\"]},{\"@type\":\"Person\",\"@id\":\"https:\\\/\\\/informelitoral.com.ar\\\/#\\\/schema\\\/person\\\/f05f9f461677119578717524b127d6d5\",\"name\":\"Sebastian\",\"image\":{\"@type\":\"ImageObject\",\"inLanguage\":\"es\",\"@id\":\"https:\\\/\\\/secure.gravatar.com\\\/avatar\\\/b71bf7481d447dfb9583c7f2798e7cc64de6efb9067b74633ed8c31059a3bd82?s=96&d=mm&r=g\",\"url\":\"https:\\\/\\\/secure.gravatar.com\\\/avatar\\\/b71bf7481d447dfb9583c7f2798e7cc64de6efb9067b74633ed8c31059a3bd82?s=96&d=mm&r=g\",\"contentUrl\":\"https:\\\/\\\/secure.gravatar.com\\\/avatar\\\/b71bf7481d447dfb9583c7f2798e7cc64de6efb9067b74633ed8c31059a3bd82?s=96&d=mm&r=g\",\"caption\":\"Sebastian\"},\"url\":\"https:\\\/\\\/informelitoral.com.ar\\\/author\\\/sebastian\\\/\"}]}<\/script>","yoast_head_json":{"title":"Milei hablar\u00e1 en cadena nacional para explicar vetos y reformas - Informe Litoral","robots":{"index":"index","follow":"follow","max-snippet":"max-snippet:-1","max-image-preview":"max-image-preview:large","max-video-preview":"max-video-preview:-1"},"canonical":"https:\/\/informelitoral.com.ar\/milei-hablara-en-cadena-nacional-para-explicar-vetos-y-reformas\/","og_locale":"es_ES","og_type":"article","og_title":"Milei hablar\u00e1 en cadena nacional para explicar vetos y reformas - Informe Litoral","og_description":"El presidente hablar\u00e1 a todo el pa\u00eds desde las 21. El vocero Manuel Adorni adelant\u00f3 que el mandatario se referir\u00e1 a sus medidas contra las leyes aprobadas en el Congreso.","og_url":"https:\/\/informelitoral.com.ar\/milei-hablara-en-cadena-nacional-para-explicar-vetos-y-reformas\/","og_site_name":"Informe Litoral","article_publisher":"https:\/\/www.facebook.com\/informelitoral\/","article_published_time":"2025-08-08T16:04:24+00:00","article_modified_time":"2025-08-08T17:42:36+00:00","og_image":[{"width":1480,"height":833,"url":"https:\/\/informelitoral.com.ar\/%77%70%2d%63%6f%6e%74%65%6e%74\/uploads\/2025\/03\/cnne-1654684-topshot-argentina-election-runoff-results-milei.jpg","type":"image\/jpeg"}],"author":"Sebastian","twitter_card":"summary_large_image","twitter_creator":"@InformeLitoral","twitter_site":"@InformeLitoral","twitter_misc":{"Escrito por":"Sebastian","Tiempo de lectura":"1 minuto"},"schema":{"@context":"https:\/\/schema.org","@graph":[{"@type":"Article","@id":"https:\/\/informelitoral.com.ar\/milei-hablara-en-cadena-nacional-para-explicar-vetos-y-reformas\/#article","isPartOf":{"@id":"https:\/\/informelitoral.com.ar\/milei-hablara-en-cadena-nacional-para-explicar-vetos-y-reformas\/"},"author":{"name":"Sebastian","@id":"https:\/\/informelitoral.com.ar\/#\/schema\/person\/f05f9f461677119578717524b127d6d5"},"headline":"Milei hablar\u00e1 en cadena nacional para explicar vetos y reformas","datePublished":"2025-08-08T16:04:24+00:00","dateModified":"2025-08-08T17:42:36+00:00","mainEntityOfPage":{"@id":"https:\/\/informelitoral.com.ar\/milei-hablara-en-cadena-nacional-para-explicar-vetos-y-reformas\/"},"wordCount":133,"commentCount":0,"publisher":{"@id":"https:\/\/informelitoral.com.ar\/#organization"},"image":{"@id":"https:\/\/informelitoral.com.ar\/milei-hablara-en-cadena-nacional-para-explicar-vetos-y-reformas\/#primaryimage"},"thumbnailUrl":"https:\/\/informelitoral.com.ar\/%77%70%2d%63%6f%6e%74%65%6e%74\/uploads\/2025\/03\/cnne-1654684-topshot-argentina-election-runoff-results-milei.jpg","keywords":["Condena Nacional","Javier Milei"],"articleSection":["Politica"],"inLanguage":"es","potentialAction":[{"@type":"CommentAction","name":"Comment","target":["https:\/\/informelitoral.com.ar\/milei-hablara-en-cadena-nacional-para-explicar-vetos-y-reformas\/#respond"]}]},{"@type":"WebPage","@id":"https:\/\/informelitoral.com.ar\/milei-hablara-en-cadena-nacional-para-explicar-vetos-y-reformas\/","url":"https:\/\/informelitoral.com.ar\/milei-hablara-en-cadena-nacional-para-explicar-vetos-y-reformas\/","name":"Milei hablar\u00e1 en cadena nacional para explicar vetos y reformas - Informe Litoral","isPartOf":{"@id":"https:\/\/informelitoral.com.ar\/#website"},"primaryImageOfPage":{"@id":"https:\/\/informelitoral.com.ar\/milei-hablara-en-cadena-nacional-para-explicar-vetos-y-reformas\/#primaryimage"},"image":{"@id":"https:\/\/informelitoral.com.ar\/milei-hablara-en-cadena-nacional-para-explicar-vetos-y-reformas\/#primaryimage"},"thumbnailUrl":"https:\/\/informelitoral.com.ar\/%77%70%2d%63%6f%6e%74%65%6e%74\/uploads\/2025\/03\/cnne-1654684-topshot-argentina-election-runoff-results-milei.jpg","datePublished":"2025-08-08T16:04:24+00:00","dateModified":"2025-08-08T17:42:36+00:00","breadcrumb":{"@id":"https:\/\/informelitoral.com.ar\/milei-hablara-en-cadena-nacional-para-explicar-vetos-y-reformas\/#breadcrumb"},"inLanguage":"es","potentialAction":[{"@type":"ReadAction","target":["https:\/\/informelitoral.com.ar\/milei-hablara-en-cadena-nacional-para-explicar-vetos-y-reformas\/"]}]},{"@type":"ImageObject","inLanguage":"es","@id":"https:\/\/informelitoral.com.ar\/milei-hablara-en-cadena-nacional-para-explicar-vetos-y-reformas\/#primaryimage","url":"https:\/\/informelitoral.com.ar\/%77%70%2d%63%6f%6e%74%65%6e%74\/uploads\/2025\/03\/cnne-1654684-topshot-argentina-election-runoff-results-milei.jpg","contentUrl":"https:\/\/informelitoral.com.ar\/%77%70%2d%63%6f%6e%74%65%6e%74\/uploads\/2025\/03\/cnne-1654684-topshot-argentina-election-runoff-results-milei.jpg","width":1480,"height":833},{"@type":"BreadcrumbList","@id":"https:\/\/informelitoral.com.ar\/milei-hablara-en-cadena-nacional-para-explicar-vetos-y-reformas\/#breadcrumb","itemListElement":[{"@type":"ListItem","position":1,"name":"Portada","item":"https:\/\/informelitoral.com.ar\/"},{"@type":"ListItem","position":2,"name":"Milei hablar\u00e1 en cadena nacional para explicar vetos y reformas"}]},{"@type":"WebSite","@id":"https:\/\/informelitoral.com.ar\/#website","url":"https:\/\/informelitoral.com.ar\/","name":"Informe Litoral","description":"&quot;Nos informamos&quot; ","publisher":{"@id":"https:\/\/informelitoral.com.ar\/#organization"},"potentialAction":[{"@type":"SearchAction","target":{"@type":"EntryPoint","urlTemplate":"https:\/\/informelitoral.com.ar\/?s={search_term_string}"},"query-input":{"@type":"PropertyValueSpecification","valueRequired":true,"valueName":"search_term_string"}}],"inLanguage":"es"},{"@type":"Organization","@id":"https:\/\/informelitoral.com.ar\/#organization","name":"Informe Litoral","url":"https:\/\/informelitoral.com.ar\/","logo":{"@type":"ImageObject","inLanguage":"es","@id":"https:\/\/informelitoral.com.ar\/#\/schema\/logo\/image\/","url":"https:\/\/informelitoral.com.ar\/%77%70%2d%63%6f%6e%74%65%6e%74\/uploads\/2021\/01\/circulo.png","contentUrl":"https:\/\/informelitoral.com.ar\/%77%70%2d%63%6f%6e%74%65%6e%74\/uploads\/2021\/01\/circulo.png","width":723,"height":731,"caption":"Informe Litoral"},"image":{"@id":"https:\/\/informelitoral.com.ar\/#\/schema\/logo\/image\/"},"sameAs":["https:\/\/www.facebook.com\/informelitoral\/","https:\/\/x.com\/InformeLitoral","https:\/\/www.instagram.com\/informelitoral\/","https:\/\/www.youtube.com\/channel\/UCua4Qvz8Icb6MYqhoq9xLXw"]},{"@type":"Person","@id":"https:\/\/informelitoral.com.ar\/#\/schema\/person\/f05f9f461677119578717524b127d6d5","name":"Sebastian","image":{"@type":"ImageObject","inLanguage":"es","@id":"https:\/\/secure.gravatar.com\/avatar\/b71bf7481d447dfb9583c7f2798e7cc64de6efb9067b74633ed8c31059a3bd82?s=96&d=mm&r=g","url":"https:\/\/secure.gravatar.com\/avatar\/b71bf7481d447dfb9583c7f2798e7cc64de6efb9067b74633ed8c31059a3bd82?s=96&d=mm&r=g","contentUrl":"https:\/\/secure.gravatar.com\/avatar\/b71bf7481d447dfb9583c7f2798e7cc64de6efb9067b74633ed8c31059a3bd82?s=96&d=mm&r=g","caption":"Sebastian"},"url":"https:\/\/informelitoral.com.ar\/author\/sebastian\/"}]}},"_links":{"self":[{"href":"https:\/\/informelitoral.com.ar\/%77%70%2d%6a%73%6f%6e\/wp\/v2\/posts\/229974","targetHints":{"allow":["GET"]}}],"collection":[{"href":"https:\/\/informelitoral.com.ar\/%77%70%2d%6a%73%6f%6e\/wp\/v2\/posts"}],"about":[{"href":"https:\/\/informelitoral.com.ar\/%77%70%2d%6a%73%6f%6e\/wp\/v2\/types\/post"}],"author":[{"embeddable":true,"href":"https:\/\/informelitoral.com.ar\/%77%70%2d%6a%73%6f%6e\/wp\/v2\/users\/8"}],"replies":[{"embeddable":true,"href":"https:\/\/informelitoral.com.ar\/%77%70%2d%6a%73%6f%6e\/wp\/v2\/comments?post=229974"}],"version-history":[{"count":2,"href":"https:\/\/informelitoral.com.ar\/%77%70%2d%6a%73%6f%6e\/wp\/v2\/posts\/229974\/revisions"}],"predecessor-version":[{"id":229977,"href":"https:\/\/informelitoral.com.ar\/%77%70%2d%6a%73%6f%6e\/wp\/v2\/posts\/229974\/revisions\/229977"}],"wp:featuredmedia":[{"embeddable":true,"href":"https:\/\/informelitoral.com.ar\/%77%70%2d%6a%73%6f%6e\/wp\/v2\/media\/213681"}],"wp:attachment":[{"href":"https:\/\/informelitoral.com.ar\/%77%70%2d%6a%73%6f%6e\/wp\/v2\/media?parent=229974"}],"wp:term":[{"taxonomy":"category","embeddable":true,"href":"https:\/\/informelitoral.com.ar\/%77%70%2d%6a%73%6f%6e\/wp\/v2\/categories?post=229974"},{"taxonomy":"post_tag","embeddable":true,"href":"https:\/\/informelitoral.com.ar\/%77%70%2d%6a%73%6f%6e\/wp\/v2\/tags?post=229974"}],"curies":[{"name":"wp","href":"https:\/\/api.w.org\/{rel}","templated":true}]}}