{"id":229836,"date":"2025-08-07T10:02:02","date_gmt":"2025-08-07T13:02:02","guid":{"rendered":"https:\/\/informelitoral.com.ar\/?p=229836"},"modified":"2025-08-07T10:02:02","modified_gmt":"2025-08-07T13:02:02","slug":"frigerio-presidio-una-nueva-reunion-de-gabinete-centrada-en-obras-y-eficiencia-del-estado","status":"publish","type":"post","link":"https:\/\/informelitoral.com.ar\/frigerio-presidio-una-nueva-reunion-de-gabinete-centrada-en-obras-y-eficiencia-del-estado\/","title":{"rendered":"Frigerio presidi\u00f3 una nueva reuni\u00f3n de gabinete centrada en obras y eficiencia del Estado"},"content":{"rendered":"<p>Tras el encuentro que se desarroll\u00f3 en Casa de Gobierno, y del que particip\u00f3 tambi\u00e9n la vicegobernadora <strong>Alicia Aluani<\/strong>, el ministro de Hacienda y Finanzas,<strong> Fabi\u00e1n Boleas<\/strong>, coment\u00f3 que en la oportunidad se hizo \u00abuna revisi\u00f3n de la evoluci\u00f3n de todas las l\u00edneas de acci\u00f3n que tiene cada ministerio y tambi\u00e9n de las que compartimos entre \u00e1reas, haciendo foco en la optimizaci\u00f3n de los recursos, dada la situaci\u00f3n en la que nos encontramos\u00bb.<\/p>\n<p>En esa l\u00ednea, el ministro precis\u00f3 que se realiz\u00f3 un seguimiento del avance de las obras p\u00fablicas, tanto en materia de salud como de infraestructura en general para tener datos precisos de \u00abcomo avanza el plan de obra p\u00fablica que venimos llevando adelante\u00bb, indic\u00f3.<\/p>\n<p>Por \u00faltimo, el funcionario valor\u00f3 la din\u00e1mica de las reuniones semanales de gabinete, porque \u00abnos permiten hacer un seguimiento de la ejecuci\u00f3n presupuestaria semana a semana, teniendo presente siempre el manejo m\u00e1s eficiente de las finanzas\u00bb.<\/p>\n<h6><em><strong>Dela archivo: <a href=\"https:\/\/informelitoral.com.ar\/el-gobernador-frigerio-inauguro-ampliaciones-y-refacciones-en-escuela-de-victoria\/\" target=\"_blank\" rel=\"noopener\">El gobernador Frigerio inaugur\u00f3 ampliaciones y refacciones en escuela de Victoria<\/a><\/strong><\/em><\/h6>\n","protected":false},"excerpt":{"rendered":"<p>El gobernador Rogelio Frigerio encabez\u00f3 este mi\u00e9rcoles una nueva reuni\u00f3n de gabinete, en la que se repasaron las principales acciones desarrolladas por cada \u00e1rea de gobierno y se evaluaron las pol\u00edticas implementadas, con eje en la eficiencia del gasto p\u00fablico y el avance del plan de obra p\u00fablica.<\/p>\n","protected":false},"author":8,"featured_media":223563,"comment_status":"open","ping_status":"open","sticky":false,"template":"","format":"standard","meta":{"fifu_image_url":"","fifu_image_alt":"","footnotes":""},"categories":[16],"tags":[4751,949],"class_list":{"0":"post-229836","1":"post","2":"type-post","3":"status-publish","4":"format-standard","5":"has-post-thumbnail","7":"category-politi","8":"tag-reunion-de-gabinete","9":"tag-rogelio-frigerio"},"yoast_head":"<title>Frigerio presidi\u00f3 una nueva reuni\u00f3n de gabinete centrada en obras y eficiencia del Estado - Informe Litoral<\/title>\n<meta name=\"robots\" content=\"index, follow, max-snippet:-1, max-image-preview:large, max-video-preview:-1\" \/>\n<link rel=\"canonical\" href=\"https:\/\/informelitoral.com.ar\/frigerio-presidio-una-nueva-reunion-de-gabinete-centrada-en-obras-y-eficiencia-del-estado\/\" \/>\n<meta property=\"og:locale\" content=\"es_ES\" \/>\n<meta property=\"og:type\" content=\"article\" \/>\n<meta property=\"og:title\" content=\"Frigerio presidi\u00f3 una nueva reuni\u00f3n de gabinete centrada en obras y eficiencia del Estado - Informe Litoral\" \/>\n<meta property=\"og:description\" content=\"El gobernador Rogelio Frigerio encabez\u00f3 este mi\u00e9rcoles una nueva reuni\u00f3n de gabinete, en la que se repasaron las principales acciones desarrolladas por cada \u00e1rea de gobierno y se evaluaron las pol\u00edticas implementadas, con eje en la eficiencia del gasto p\u00fablico y el avance del plan de obra p\u00fablica.\" \/>\n<meta property=\"og:url\" content=\"https:\/\/informelitoral.com.ar\/frigerio-presidio-una-nueva-reunion-de-gabinete-centrada-en-obras-y-eficiencia-del-estado\/\" \/>\n<meta property=\"og:site_name\" content=\"Informe Litoral\" \/>\n<meta property=\"article:publisher\" content=\"https:\/\/www.facebook.com\/informelitoral\/\" \/>\n<meta property=\"article:published_time\" content=\"2025-08-07T13:02:02+00:00\" \/>\n<meta property=\"og:image\" content=\"https:\/\/informelitoral.com.ar\/%77%70%2d%63%6f%6e%74%65%6e%74\/uploads\/2025\/06\/gobernador-frigerio.jpg\" \/>\n\t<meta property=\"og:image:width\" content=\"1920\" \/>\n\t<meta property=\"og:image:height\" content=\"1280\" \/>\n\t<meta property=\"og:image:type\" content=\"image\/jpeg\" \/>\n<meta name=\"author\" content=\"Sebastian\" \/>\n<meta name=\"twitter:card\" content=\"summary_large_image\" \/>\n<meta name=\"twitter:creator\" content=\"@InformeLitoral\" \/>\n<meta name=\"twitter:site\" content=\"@InformeLitoral\" \/>\n<meta name=\"twitter:label1\" content=\"Escrito por\" \/>\n\t<meta name=\"twitter:data1\" content=\"Sebastian\" \/>\n\t<meta name=\"twitter:label2\" content=\"Tiempo de lectura\" \/>\n\t<meta name=\"twitter:data2\" content=\"1 minuto\" \/>\n<script type=\"application\/ld+json\" class=\"yoast-schema-graph\">{\"@context\":\"https:\\\/\\\/schema.org\",\"@graph\":[{\"@type\":\"Article\",\"@id\":\"https:\\\/\\\/informelitoral.com.ar\\\/frigerio-presidio-una-nueva-reunion-de-gabinete-centrada-en-obras-y-eficiencia-del-estado\\\/#article\",\"isPartOf\":{\"@id\":\"https:\\\/\\\/informelitoral.com.ar\\\/frigerio-presidio-una-nueva-reunion-de-gabinete-centrada-en-obras-y-eficiencia-del-estado\\\/\"},\"author\":{\"name\":\"Sebastian\",\"@id\":\"https:\\\/\\\/informelitoral.com.ar\\\/#\\\/schema\\\/person\\\/f05f9f461677119578717524b127d6d5\"},\"headline\":\"Frigerio presidi\u00f3 una nueva reuni\u00f3n de gabinete centrada en obras y eficiencia del Estado\",\"datePublished\":\"2025-08-07T13:02:02+00:00\",\"mainEntityOfPage\":{\"@id\":\"https:\\\/\\\/informelitoral.com.ar\\\/frigerio-presidio-una-nueva-reunion-de-gabinete-centrada-en-obras-y-eficiencia-del-estado\\\/\"},\"wordCount\":196,\"commentCount\":0,\"publisher\":{\"@id\":\"https:\\\/\\\/informelitoral.com.ar\\\/#organization\"},\"image\":{\"@id\":\"https:\\\/\\\/informelitoral.com.ar\\\/frigerio-presidio-una-nueva-reunion-de-gabinete-centrada-en-obras-y-eficiencia-del-estado\\\/#primaryimage\"},\"thumbnailUrl\":\"https:\\\/\\\/informelitoral.com.ar\\\/%77%70%2d%63%6f%6e%74%65%6e%74\\\/uploads\\\/2025\\\/06\\\/gobernador-frigerio.jpg\",\"keywords\":[\"Reuni\u00f3n de Gabinete\",\"Rogelio Frigerio\"],\"articleSection\":[\"Politica\"],\"inLanguage\":\"es\",\"potentialAction\":[{\"@type\":\"CommentAction\",\"name\":\"Comment\",\"target\":[\"https:\\\/\\\/informelitoral.com.ar\\\/frigerio-presidio-una-nueva-reunion-de-gabinete-centrada-en-obras-y-eficiencia-del-estado\\\/#respond\"]}]},{\"@type\":\"WebPage\",\"@id\":\"https:\\\/\\\/informelitoral.com.ar\\\/frigerio-presidio-una-nueva-reunion-de-gabinete-centrada-en-obras-y-eficiencia-del-estado\\\/\",\"url\":\"https:\\\/\\\/informelitoral.com.ar\\\/frigerio-presidio-una-nueva-reunion-de-gabinete-centrada-en-obras-y-eficiencia-del-estado\\\/\",\"name\":\"Frigerio presidi\u00f3 una nueva reuni\u00f3n de gabinete centrada en obras y eficiencia del Estado - Informe Litoral\",\"isPartOf\":{\"@id\":\"https:\\\/\\\/informelitoral.com.ar\\\/#website\"},\"primaryImageOfPage\":{\"@id\":\"https:\\\/\\\/informelitoral.com.ar\\\/frigerio-presidio-una-nueva-reunion-de-gabinete-centrada-en-obras-y-eficiencia-del-estado\\\/#primaryimage\"},\"image\":{\"@id\":\"https:\\\/\\\/informelitoral.com.ar\\\/frigerio-presidio-una-nueva-reunion-de-gabinete-centrada-en-obras-y-eficiencia-del-estado\\\/#primaryimage\"},\"thumbnailUrl\":\"https:\\\/\\\/informelitoral.com.ar\\\/%77%70%2d%63%6f%6e%74%65%6e%74\\\/uploads\\\/2025\\\/06\\\/gobernador-frigerio.jpg\",\"datePublished\":\"2025-08-07T13:02:02+00:00\",\"breadcrumb\":{\"@id\":\"https:\\\/\\\/informelitoral.com.ar\\\/frigerio-presidio-una-nueva-reunion-de-gabinete-centrada-en-obras-y-eficiencia-del-estado\\\/#breadcrumb\"},\"inLanguage\":\"es\",\"potentialAction\":[{\"@type\":\"ReadAction\",\"target\":[\"https:\\\/\\\/informelitoral.com.ar\\\/frigerio-presidio-una-nueva-reunion-de-gabinete-centrada-en-obras-y-eficiencia-del-estado\\\/\"]}]},{\"@type\":\"ImageObject\",\"inLanguage\":\"es\",\"@id\":\"https:\\\/\\\/informelitoral.com.ar\\\/frigerio-presidio-una-nueva-reunion-de-gabinete-centrada-en-obras-y-eficiencia-del-estado\\\/#primaryimage\",\"url\":\"https:\\\/\\\/informelitoral.com.ar\\\/%77%70%2d%63%6f%6e%74%65%6e%74\\\/uploads\\\/2025\\\/06\\\/gobernador-frigerio.jpg\",\"contentUrl\":\"https:\\\/\\\/informelitoral.com.ar\\\/%77%70%2d%63%6f%6e%74%65%6e%74\\\/uploads\\\/2025\\\/06\\\/gobernador-frigerio.jpg\",\"width\":1920,\"height\":1280},{\"@type\":\"BreadcrumbList\",\"@id\":\"https:\\\/\\\/informelitoral.com.ar\\\/frigerio-presidio-una-nueva-reunion-de-gabinete-centrada-en-obras-y-eficiencia-del-estado\\\/#breadcrumb\",\"itemListElement\":[{\"@type\":\"ListItem\",\"position\":1,\"name\":\"Portada\",\"item\":\"https:\\\/\\\/informelitoral.com.ar\\\/\"},{\"@type\":\"ListItem\",\"position\":2,\"name\":\"Frigerio presidi\u00f3 una nueva reuni\u00f3n de gabinete centrada en obras y eficiencia del Estado\"}]},{\"@type\":\"WebSite\",\"@id\":\"https:\\\/\\\/informelitoral.com.ar\\\/#website\",\"url\":\"https:\\\/\\\/informelitoral.com.ar\\\/\",\"name\":\"Informe Litoral\",\"description\":\"&quot;Nos informamos&quot; \",\"publisher\":{\"@id\":\"https:\\\/\\\/informelitoral.com.ar\\\/#organization\"},\"potentialAction\":[{\"@type\":\"SearchAction\",\"target\":{\"@type\":\"EntryPoint\",\"urlTemplate\":\"https:\\\/\\\/informelitoral.com.ar\\\/?s={search_term_string}\"},\"query-input\":{\"@type\":\"PropertyValueSpecification\",\"valueRequired\":true,\"valueName\":\"search_term_string\"}}],\"inLanguage\":\"es\"},{\"@type\":\"Organization\",\"@id\":\"https:\\\/\\\/informelitoral.com.ar\\\/#organization\",\"name\":\"Informe Litoral\",\"url\":\"https:\\\/\\\/informelitoral.com.ar\\\/\",\"logo\":{\"@type\":\"ImageObject\",\"inLanguage\":\"es\",\"@id\":\"https:\\\/\\\/informelitoral.com.ar\\\/#\\\/schema\\\/logo\\\/image\\\/\",\"url\":\"https:\\\/\\\/informelitoral.com.ar\\\/%77%70%2d%63%6f%6e%74%65%6e%74\\\/uploads\\\/2021\\\/01\\\/circulo.png\",\"contentUrl\":\"https:\\\/\\\/informelitoral.com.ar\\\/%77%70%2d%63%6f%6e%74%65%6e%74\\\/uploads\\\/2021\\\/01\\\/circulo.png\",\"width\":723,\"height\":731,\"caption\":\"Informe Litoral\"},\"image\":{\"@id\":\"https:\\\/\\\/informelitoral.com.ar\\\/#\\\/schema\\\/logo\\\/image\\\/\"},\"sameAs\":[\"https:\\\/\\\/www.facebook.com\\\/informelitoral\\\/\",\"https:\\\/\\\/x.com\\\/InformeLitoral\",\"https:\\\/\\\/www.instagram.com\\\/informelitoral\\\/\",\"https:\\\/\\\/www.youtube.com\\\/channel\\\/UCua4Qvz8Icb6MYqhoq9xLXw\"]},{\"@type\":\"Person\",\"@id\":\"https:\\\/\\\/informelitoral.com.ar\\\/#\\\/schema\\\/person\\\/f05f9f461677119578717524b127d6d5\",\"name\":\"Sebastian\",\"image\":{\"@type\":\"ImageObject\",\"inLanguage\":\"es\",\"@id\":\"https:\\\/\\\/secure.gravatar.com\\\/avatar\\\/b71bf7481d447dfb9583c7f2798e7cc64de6efb9067b74633ed8c31059a3bd82?s=96&d=mm&r=g\",\"url\":\"https:\\\/\\\/secure.gravatar.com\\\/avatar\\\/b71bf7481d447dfb9583c7f2798e7cc64de6efb9067b74633ed8c31059a3bd82?s=96&d=mm&r=g\",\"contentUrl\":\"https:\\\/\\\/secure.gravatar.com\\\/avatar\\\/b71bf7481d447dfb9583c7f2798e7cc64de6efb9067b74633ed8c31059a3bd82?s=96&d=mm&r=g\",\"caption\":\"Sebastian\"},\"url\":\"https:\\\/\\\/informelitoral.com.ar\\\/author\\\/sebastian\\\/\"}]}<\/script>","yoast_head_json":{"title":"Frigerio presidi\u00f3 una nueva reuni\u00f3n de gabinete centrada en obras y eficiencia del Estado - Informe Litoral","robots":{"index":"index","follow":"follow","max-snippet":"max-snippet:-1","max-image-preview":"max-image-preview:large","max-video-preview":"max-video-preview:-1"},"canonical":"https:\/\/informelitoral.com.ar\/frigerio-presidio-una-nueva-reunion-de-gabinete-centrada-en-obras-y-eficiencia-del-estado\/","og_locale":"es_ES","og_type":"article","og_title":"Frigerio presidi\u00f3 una nueva reuni\u00f3n de gabinete centrada en obras y eficiencia del Estado - Informe Litoral","og_description":"El gobernador Rogelio Frigerio encabez\u00f3 este mi\u00e9rcoles una nueva reuni\u00f3n de gabinete, en la que se repasaron las principales acciones desarrolladas por cada \u00e1rea de gobierno y se evaluaron las pol\u00edticas implementadas, con eje en la eficiencia del gasto p\u00fablico y el avance del plan de obra p\u00fablica.","og_url":"https:\/\/informelitoral.com.ar\/frigerio-presidio-una-nueva-reunion-de-gabinete-centrada-en-obras-y-eficiencia-del-estado\/","og_site_name":"Informe Litoral","article_publisher":"https:\/\/www.facebook.com\/informelitoral\/","article_published_time":"2025-08-07T13:02:02+00:00","og_image":[{"width":1920,"height":1280,"url":"https:\/\/informelitoral.com.ar\/%77%70%2d%63%6f%6e%74%65%6e%74\/uploads\/2025\/06\/gobernador-frigerio.jpg","type":"image\/jpeg"}],"author":"Sebastian","twitter_card":"summary_large_image","twitter_creator":"@InformeLitoral","twitter_site":"@InformeLitoral","twitter_misc":{"Escrito por":"Sebastian","Tiempo de lectura":"1 minuto"},"schema":{"@context":"https:\/\/schema.org","@graph":[{"@type":"Article","@id":"https:\/\/informelitoral.com.ar\/frigerio-presidio-una-nueva-reunion-de-gabinete-centrada-en-obras-y-eficiencia-del-estado\/#article","isPartOf":{"@id":"https:\/\/informelitoral.com.ar\/frigerio-presidio-una-nueva-reunion-de-gabinete-centrada-en-obras-y-eficiencia-del-estado\/"},"author":{"name":"Sebastian","@id":"https:\/\/informelitoral.com.ar\/#\/schema\/person\/f05f9f461677119578717524b127d6d5"},"headline":"Frigerio presidi\u00f3 una nueva reuni\u00f3n de gabinete centrada en obras y eficiencia del Estado","datePublished":"2025-08-07T13:02:02+00:00","mainEntityOfPage":{"@id":"https:\/\/informelitoral.com.ar\/frigerio-presidio-una-nueva-reunion-de-gabinete-centrada-en-obras-y-eficiencia-del-estado\/"},"wordCount":196,"commentCount":0,"publisher":{"@id":"https:\/\/informelitoral.com.ar\/#organization"},"image":{"@id":"https:\/\/informelitoral.com.ar\/frigerio-presidio-una-nueva-reunion-de-gabinete-centrada-en-obras-y-eficiencia-del-estado\/#primaryimage"},"thumbnailUrl":"https:\/\/informelitoral.com.ar\/%77%70%2d%63%6f%6e%74%65%6e%74\/uploads\/2025\/06\/gobernador-frigerio.jpg","keywords":["Reuni\u00f3n de Gabinete","Rogelio Frigerio"],"articleSection":["Politica"],"inLanguage":"es","potentialAction":[{"@type":"CommentAction","name":"Comment","target":["https:\/\/informelitoral.com.ar\/frigerio-presidio-una-nueva-reunion-de-gabinete-centrada-en-obras-y-eficiencia-del-estado\/#respond"]}]},{"@type":"WebPage","@id":"https:\/\/informelitoral.com.ar\/frigerio-presidio-una-nueva-reunion-de-gabinete-centrada-en-obras-y-eficiencia-del-estado\/","url":"https:\/\/informelitoral.com.ar\/frigerio-presidio-una-nueva-reunion-de-gabinete-centrada-en-obras-y-eficiencia-del-estado\/","name":"Frigerio presidi\u00f3 una nueva reuni\u00f3n de gabinete centrada en obras y eficiencia del Estado - Informe Litoral","isPartOf":{"@id":"https:\/\/informelitoral.com.ar\/#website"},"primaryImageOfPage":{"@id":"https:\/\/informelitoral.com.ar\/frigerio-presidio-una-nueva-reunion-de-gabinete-centrada-en-obras-y-eficiencia-del-estado\/#primaryimage"},"image":{"@id":"https:\/\/informelitoral.com.ar\/frigerio-presidio-una-nueva-reunion-de-gabinete-centrada-en-obras-y-eficiencia-del-estado\/#primaryimage"},"thumbnailUrl":"https:\/\/informelitoral.com.ar\/%77%70%2d%63%6f%6e%74%65%6e%74\/uploads\/2025\/06\/gobernador-frigerio.jpg","datePublished":"2025-08-07T13:02:02+00:00","breadcrumb":{"@id":"https:\/\/informelitoral.com.ar\/frigerio-presidio-una-nueva-reunion-de-gabinete-centrada-en-obras-y-eficiencia-del-estado\/#breadcrumb"},"inLanguage":"es","potentialAction":[{"@type":"ReadAction","target":["https:\/\/informelitoral.com.ar\/frigerio-presidio-una-nueva-reunion-de-gabinete-centrada-en-obras-y-eficiencia-del-estado\/"]}]},{"@type":"ImageObject","inLanguage":"es","@id":"https:\/\/informelitoral.com.ar\/frigerio-presidio-una-nueva-reunion-de-gabinete-centrada-en-obras-y-eficiencia-del-estado\/#primaryimage","url":"https:\/\/informelitoral.com.ar\/%77%70%2d%63%6f%6e%74%65%6e%74\/uploads\/2025\/06\/gobernador-frigerio.jpg","contentUrl":"https:\/\/informelitoral.com.ar\/%77%70%2d%63%6f%6e%74%65%6e%74\/uploads\/2025\/06\/gobernador-frigerio.jpg","width":1920,"height":1280},{"@type":"BreadcrumbList","@id":"https:\/\/informelitoral.com.ar\/frigerio-presidio-una-nueva-reunion-de-gabinete-centrada-en-obras-y-eficiencia-del-estado\/#breadcrumb","itemListElement":[{"@type":"ListItem","position":1,"name":"Portada","item":"https:\/\/informelitoral.com.ar\/"},{"@type":"ListItem","position":2,"name":"Frigerio presidi\u00f3 una nueva reuni\u00f3n de gabinete centrada en obras y eficiencia del Estado"}]},{"@type":"WebSite","@id":"https:\/\/informelitoral.com.ar\/#website","url":"https:\/\/informelitoral.com.ar\/","name":"Informe Litoral","description":"&quot;Nos informamos&quot; ","publisher":{"@id":"https:\/\/informelitoral.com.ar\/#organization"},"potentialAction":[{"@type":"SearchAction","target":{"@type":"EntryPoint","urlTemplate":"https:\/\/informelitoral.com.ar\/?s={search_term_string}"},"query-input":{"@type":"PropertyValueSpecification","valueRequired":true,"valueName":"search_term_string"}}],"inLanguage":"es"},{"@type":"Organization","@id":"https:\/\/informelitoral.com.ar\/#organization","name":"Informe Litoral","url":"https:\/\/informelitoral.com.ar\/","logo":{"@type":"ImageObject","inLanguage":"es","@id":"https:\/\/informelitoral.com.ar\/#\/schema\/logo\/image\/","url":"https:\/\/informelitoral.com.ar\/%77%70%2d%63%6f%6e%74%65%6e%74\/uploads\/2021\/01\/circulo.png","contentUrl":"https:\/\/informelitoral.com.ar\/%77%70%2d%63%6f%6e%74%65%6e%74\/uploads\/2021\/01\/circulo.png","width":723,"height":731,"caption":"Informe Litoral"},"image":{"@id":"https:\/\/informelitoral.com.ar\/#\/schema\/logo\/image\/"},"sameAs":["https:\/\/www.facebook.com\/informelitoral\/","https:\/\/x.com\/InformeLitoral","https:\/\/www.instagram.com\/informelitoral\/","https:\/\/www.youtube.com\/channel\/UCua4Qvz8Icb6MYqhoq9xLXw"]},{"@type":"Person","@id":"https:\/\/informelitoral.com.ar\/#\/schema\/person\/f05f9f461677119578717524b127d6d5","name":"Sebastian","image":{"@type":"ImageObject","inLanguage":"es","@id":"https:\/\/secure.gravatar.com\/avatar\/b71bf7481d447dfb9583c7f2798e7cc64de6efb9067b74633ed8c31059a3bd82?s=96&d=mm&r=g","url":"https:\/\/secure.gravatar.com\/avatar\/b71bf7481d447dfb9583c7f2798e7cc64de6efb9067b74633ed8c31059a3bd82?s=96&d=mm&r=g","contentUrl":"https:\/\/secure.gravatar.com\/avatar\/b71bf7481d447dfb9583c7f2798e7cc64de6efb9067b74633ed8c31059a3bd82?s=96&d=mm&r=g","caption":"Sebastian"},"url":"https:\/\/informelitoral.com.ar\/author\/sebastian\/"}]}},"_links":{"self":[{"href":"https:\/\/informelitoral.com.ar\/%77%70%2d%6a%73%6f%6e\/wp\/v2\/posts\/229836","targetHints":{"allow":["GET"]}}],"collection":[{"href":"https:\/\/informelitoral.com.ar\/%77%70%2d%6a%73%6f%6e\/wp\/v2\/posts"}],"about":[{"href":"https:\/\/informelitoral.com.ar\/%77%70%2d%6a%73%6f%6e\/wp\/v2\/types\/post"}],"author":[{"embeddable":true,"href":"https:\/\/informelitoral.com.ar\/%77%70%2d%6a%73%6f%6e\/wp\/v2\/users\/8"}],"replies":[{"embeddable":true,"href":"https:\/\/informelitoral.com.ar\/%77%70%2d%6a%73%6f%6e\/wp\/v2\/comments?post=229836"}],"version-history":[{"count":1,"href":"https:\/\/informelitoral.com.ar\/%77%70%2d%6a%73%6f%6e\/wp\/v2\/posts\/229836\/revisions"}],"predecessor-version":[{"id":229837,"href":"https:\/\/informelitoral.com.ar\/%77%70%2d%6a%73%6f%6e\/wp\/v2\/posts\/229836\/revisions\/229837"}],"wp:featuredmedia":[{"embeddable":true,"href":"https:\/\/informelitoral.com.ar\/%77%70%2d%6a%73%6f%6e\/wp\/v2\/media\/223563"}],"wp:attachment":[{"href":"https:\/\/informelitoral.com.ar\/%77%70%2d%6a%73%6f%6e\/wp\/v2\/media?parent=229836"}],"wp:term":[{"taxonomy":"category","embeddable":true,"href":"https:\/\/informelitoral.com.ar\/%77%70%2d%6a%73%6f%6e\/wp\/v2\/categories?post=229836"},{"taxonomy":"post_tag","embeddable":true,"href":"https:\/\/informelitoral.com.ar\/%77%70%2d%6a%73%6f%6e\/wp\/v2\/tags?post=229836"}],"curies":[{"name":"wp","href":"https:\/\/api.w.org\/{rel}","templated":true}]}}