{"id":229824,"date":"2025-08-07T09:53:51","date_gmt":"2025-08-07T12:53:51","guid":{"rendered":"https:\/\/informelitoral.com.ar\/?p=229824"},"modified":"2025-08-07T09:55:21","modified_gmt":"2025-08-07T12:55:21","slug":"dibu-martinez-nominado-al-premio-lev-yashin-por-tercer-ano-consecutivo","status":"publish","type":"post","link":"https:\/\/informelitoral.com.ar\/dibu-martinez-nominado-al-premio-lev-yashin-por-tercer-ano-consecutivo\/","title":{"rendered":"Dibu Mart\u00ednez, nominado al premio Lev Yashin por tercer a\u00f1o consecutivo"},"content":{"rendered":"<p class=\"paragraph\" data-mrf-recirculation=\"Links inline\"><b>Dibu Mart\u00ednez es uno de los 10 candidatos a quedarse con el premio Lev Yashin al mejor arquero de la temporada en lo que ser\u00e1 la gala del Bal\u00f3n de Oro 2025<\/b>. El jugador del Aston Villa y de la selecci\u00f3n argentina campeona del mundo gan\u00f3 el galard\u00f3n en las \u00faltimas dos ediciones (2023 y 2024) y ahora volver\u00e1 a estar en la discusi\u00f3n del portero m\u00e1s destacado.<\/p>\n<p class=\"paragraph\" data-mrf-recirculation=\"Links inline\">Adem\u00e1s del ex guardametas de Independiente y el Arsenal de Inglaterra, los otros nominados son:\u00a0<b>Alisson Becker<\/b>\u00a0(Liverpool FC, Inglaterra),\u00a0<b>Yassine Bounou<\/b>\u00a0(Al Hilal, Arabia Saudita),\u00a0<b>Lucas Chevalier\u00a0<\/b>(Lille, Francia),\u00a0<b>Thibaut Courtois<\/b>\u00a0(Real Madrid, Espa\u00f1a),\u00a0<b>Gianluigi Donnarumma<\/b>\u00a0(PSG, Francia),\u00a0<b>Jan Oblak<\/b>\u00a0(Atl\u00e9tico de Madrid),<b>\u00a0David Raya<\/b>\u00a0(Arsenal FC),\u00a0<b>Matz Sels<\/b>\u00a0(Nottingham Forest FC) y\u00a0<b>Yann Sommer\u00a0<\/b>(Inter, Italia).<\/p>\n<h6 data-mrf-recirculation=\"Links inline\"><em><strong>Del archivo:\u00a0<a href=\"https:\/\/informelitoral.com.ar\/franco-colapinto-sufrio-un-accidente-en-los-ensayos-de-alpine-en-hungria\/\" target=\"_blank\" rel=\"noopener\">Franco Colapinto sufri\u00f3 un accidente en los ensayos de Alpine en Hungr\u00eda<\/a><\/strong><\/em><\/h6>\n<p class=\"paragraph\" data-mrf-recirculation=\"Links inline\"><b>Los ganadores se conocer\u00e1n el pr\u00f3ximo lunes 22 de septiembre<\/b>\u00a0en una gala que contar\u00e1 con la habitual puesta en escena en el\u00a0<i>Th\u00e9\u00e2tre du Ch\u00e2telet<\/i>, en pleno centro de Par\u00eds. Este a\u00f1o, la ceremonia se llevar\u00e1 a cabo un mes antes de lo que suele ser tradicionalmente, ya que las entregas anteriores se presentaban para finales de octubre.<\/p>\n<p class=\"paragraph\" data-mrf-recirculation=\"Links inline\">Al igual que ocurri\u00f3 las \u00faltimas dos temporadas,\u00a0<b>Dibu volvi\u00f3 a ser uno de los porteros m\u00e1s destacados en el mundo del f\u00fatbol<\/b>. Gracias a sus actuaciones,\u00a0<b>Aston Villa<\/b>\u00a0fue protagonista de la Premier League y en su regreso a la Champions League. En el m\u00e1ximo certamen de clubes en Europa,\u00a0<b>el conjunto de Birmingham alcanz\u00f3 los cuartos de final y cay\u00f3 ante PSG<\/b>\u00a0por un ajustado global (5-4) con el equipo que se alz\u00f3 con la Orejona. Por su parte, en la competici\u00f3n inglesa los dirigidos por Unai Emery estuvieron en la lucha por los primeros de la tabla, pero finalmente\u00a0<b>acabaron en el 6\u00b0 lugar<\/b>\u00a0(66 puntos) y en la campa\u00f1a 2025-2026 ser\u00e1n uno de los candidatos en la Europa League.<\/p>\n<div class=\"inline_2_DSK ad-wrapper ad-desktop\">\n<div class=\"dfpAd ad-inline\"><\/div>\n<\/div>\n<p class=\"paragraph\" data-mrf-recirculation=\"Links inline\">Seg\u00fan el sitio de estad\u00edsticas\u00a0<i>Transfermarkt<\/i>,\u00a0<b>Dibu disput\u00f3 53 partidos con el buzo del Aston Villa y recibi\u00f3 61 goles en contra<\/b>. Adem\u00e1s, Mart\u00ednez volvi\u00f3 a ser clave defendiendo el arco de\u00a0<i>la Albiceleste<\/i>, que tras la conquista de la Copa Am\u00e9rica a mediados de 2024,\u00a0<b>se asegur\u00f3 la clasificaci\u00f3n a la Copa del Mundo 2026<\/b> que se jugar\u00e1 en Estados Unidos, M\u00e9xico y Canad\u00e1.<\/p>\n<div class=\"visual__image\"><picture><source srcset=\"https:\/\/www.infobae.com\/resizer\/v2\/Q3B642UNEFCZLPWS5ZB72AIIFI.jpg?auth=0d99eb1eb8841b0b69876aaf9629d35345071f65519ad656295939ca2b75b8c8&amp;smart=true&amp;width=992&amp;height=1160&amp;quality=85\" media=\"(min-width: 1000px)\" \/><source srcset=\"https:\/\/www.infobae.com\/resizer\/v2\/Q3B642UNEFCZLPWS5ZB72AIIFI.jpg?auth=0d99eb1eb8841b0b69876aaf9629d35345071f65519ad656295939ca2b75b8c8&amp;smart=true&amp;width=768&amp;height=898&amp;quality=85\" media=\"(min-width: 768px)\" \/><source srcset=\"https:\/\/www.infobae.com\/resizer\/v2\/Q3B642UNEFCZLPWS5ZB72AIIFI.jpg?auth=0d99eb1eb8841b0b69876aaf9629d35345071f65519ad656295939ca2b75b8c8&amp;smart=true&amp;width=577&amp;height=675&amp;quality=85\" media=\"(min-width: 580px)\" \/><source srcset=\"https:\/\/www.infobae.com\/resizer\/v2\/Q3B642UNEFCZLPWS5ZB72AIIFI.jpg?auth=0d99eb1eb8841b0b69876aaf9629d35345071f65519ad656295939ca2b75b8c8&amp;smart=true&amp;width=420&amp;height=491&amp;quality=85\" media=\"(min-width: 350px)\" \/><source srcset=\"https:\/\/www.infobae.com\/resizer\/v2\/Q3B642UNEFCZLPWS5ZB72AIIFI.jpg?auth=0d99eb1eb8841b0b69876aaf9629d35345071f65519ad656295939ca2b75b8c8&amp;smart=true&amp;width=350&amp;height=409&amp;quality=85\" media=\"(min-width: 80px)\" \/><img loading=\"lazy\" decoding=\"async\" class=\"global-image\" src=\"https:\/\/www.infobae.com\/resizer\/v2\/Q3B642UNEFCZLPWS5ZB72AIIFI.jpg?auth=0d99eb1eb8841b0b69876aaf9629d35345071f65519ad656295939ca2b75b8c8&amp;smart=true&amp;width=350&amp;height=409&amp;quality=85\" alt=\"Dibu Mart\u00ednez nominado al premio\" width=\"1920\" height=\"2246\" \/><\/picture><\/div>\n<p class=\"paragraph\" data-mrf-recirculation=\"Links inline\">Gracias a ser galardonado con el premio al mejor arquero en galas consecutivas,\u00a0<b>Mart\u00ednez se convirti\u00f3 en el primer futbolista que fue elegido en dos ocasiones con dicha distinci\u00f3n<\/b>, ya que lo hab\u00eda conseguido en 2023 luego de haber sido clave en el Mundial 2022 que logr\u00f3 el conjunto de Lionel Scaloni. Al mismo tiempo, el argentino ocup\u00f3 el puesto 18\u00b0 en la votaci\u00f3n general para el jugador m\u00e1s destacado.<\/p>\n<p class=\"paragraph\" data-mrf-recirculation=\"Links inline\"><b>La edici\u00f3n de este a\u00f1o estar\u00e1 marcada por la igualdad de g\u00e9nero en el reconocimiento de logros individuales<\/b>. Por primera vez, todos los premios que eran exclusivos para hombres tambi\u00e9n estar\u00e1n disponibles para las mujeres. As\u00ed, el galard\u00f3n a la Mejor Portera, la Mejor Jugadora Joven y la M\u00e1xima Goleadora se sumar\u00e1n a la gala, acompa\u00f1ando a los tradicionales premios colectivos e individuales.<\/p>\n<p class=\"paragraph\" data-mrf-recirculation=\"Links inline\">Los nominados fueron seleccionados tras una evaluaci\u00f3n sustentada en criterios exigentes. Para elegir a los ganadores del Bal\u00f3n de Oro,\u00a0<i>France Football<\/i>\u00a0convoca a\u00a0<b>un jurado compuesto por 100 periodistas en la categor\u00eda masculina y 50 en la femenina<\/b>. Estos periodistas representan a los pa\u00edses mejor posicionados en el ranking FIFA. El sistema de votaci\u00f3n exige que cada jurado seleccione un top 10, asignando un puntaje de acuerdo con la posici\u00f3n de cada futbolista seleccionado. El jugador o jugadora que suma la mayor cantidad de puntos recibe el Bal\u00f3n de Oro.<\/p>\n<p class=\"paragraph\" data-mrf-recirculation=\"Links inline\"><b>El proceso de selecci\u00f3n prioriza tres aspectos jerarquizados<\/b>. El primero es el rendimiento individual y la capacidad para destacar con actuaciones determinantes. El segundo lo conforman el trabajo en equipo y los trofeos obtenidos a lo largo de la temporada. Como tercer elemento, se valora la clase y el juego limpio dentro de la cancha. El per\u00edodo considerado abarca desde julio de 2024 hasta junio de 2025, en concordancia con el calendario del f\u00fatbol europeo.<\/p>\n","protected":false},"excerpt":{"rendered":"<p>El portero del Aston Villa y de la selecci\u00f3n argentina se qued\u00f3 con el galard\u00f3n en las ediciones 2023 y 2024.<\/p>\n","protected":false},"author":8,"featured_media":205439,"comment_status":"open","ping_status":"open","sticky":false,"template":"","format":"standard","meta":{"fifu_image_url":"","fifu_image_alt":"","footnotes":""},"categories":[13],"tags":[4030,5500],"class_list":{"0":"post-229824","1":"post","2":"type-post","3":"status-publish","4":"format-standard","5":"has-post-thumbnail","7":"category-deportes","8":"tag-dibu-martinez","9":"tag-nominacion"},"yoast_head":"<title>Dibu Mart\u00ednez, nominado al premio Lev Yashin por tercer a\u00f1o consecutivo - Informe Litoral<\/title>\n<meta name=\"robots\" content=\"index, follow, max-snippet:-1, max-image-preview:large, max-video-preview:-1\" \/>\n<link rel=\"canonical\" href=\"https:\/\/informelitoral.com.ar\/dibu-martinez-nominado-al-premio-lev-yashin-por-tercer-ano-consecutivo\/\" \/>\n<meta property=\"og:locale\" content=\"es_ES\" \/>\n<meta property=\"og:type\" content=\"article\" \/>\n<meta property=\"og:title\" content=\"Dibu Mart\u00ednez, nominado al premio Lev Yashin por tercer a\u00f1o consecutivo - Informe Litoral\" \/>\n<meta property=\"og:description\" content=\"El portero del Aston Villa y de la selecci\u00f3n argentina se qued\u00f3 con el galard\u00f3n en las ediciones 2023 y 2024.\" \/>\n<meta property=\"og:url\" content=\"https:\/\/informelitoral.com.ar\/dibu-martinez-nominado-al-premio-lev-yashin-por-tercer-ano-consecutivo\/\" \/>\n<meta property=\"og:site_name\" content=\"Informe Litoral\" \/>\n<meta property=\"article:publisher\" content=\"https:\/\/www.facebook.com\/informelitoral\/\" \/>\n<meta property=\"article:published_time\" content=\"2025-08-07T12:53:51+00:00\" \/>\n<meta property=\"article:modified_time\" content=\"2025-08-07T12:55:21+00:00\" \/>\n<meta property=\"og:image\" content=\"https:\/\/informelitoral.com.ar\/%77%70%2d%63%6f%6e%74%65%6e%74\/uploads\/2024\/12\/dibumartinez_arg2jpg.webp\" \/>\n\t<meta property=\"og:image:width\" content=\"1200\" \/>\n\t<meta property=\"og:image:height\" content=\"675\" \/>\n\t<meta property=\"og:image:type\" content=\"image\/webp\" \/>\n<meta name=\"author\" content=\"Sebastian\" \/>\n<meta name=\"twitter:card\" content=\"summary_large_image\" \/>\n<meta name=\"twitter:creator\" content=\"@InformeLitoral\" \/>\n<meta name=\"twitter:site\" content=\"@InformeLitoral\" \/>\n<meta name=\"twitter:label1\" content=\"Escrito por\" \/>\n\t<meta name=\"twitter:data1\" content=\"Sebastian\" \/>\n\t<meta name=\"twitter:label2\" content=\"Tiempo de lectura\" \/>\n\t<meta name=\"twitter:data2\" content=\"4 minutos\" \/>\n<script type=\"application\/ld+json\" class=\"yoast-schema-graph\">{\"@context\":\"https:\\\/\\\/schema.org\",\"@graph\":[{\"@type\":\"Article\",\"@id\":\"https:\\\/\\\/informelitoral.com.ar\\\/dibu-martinez-nominado-al-premio-lev-yashin-por-tercer-ano-consecutivo\\\/#article\",\"isPartOf\":{\"@id\":\"https:\\\/\\\/informelitoral.com.ar\\\/dibu-martinez-nominado-al-premio-lev-yashin-por-tercer-ano-consecutivo\\\/\"},\"author\":{\"name\":\"Sebastian\",\"@id\":\"https:\\\/\\\/informelitoral.com.ar\\\/#\\\/schema\\\/person\\\/f05f9f461677119578717524b127d6d5\"},\"headline\":\"Dibu Mart\u00ednez, nominado al premio Lev Yashin por tercer a\u00f1o consecutivo\",\"datePublished\":\"2025-08-07T12:53:51+00:00\",\"dateModified\":\"2025-08-07T12:55:21+00:00\",\"mainEntityOfPage\":{\"@id\":\"https:\\\/\\\/informelitoral.com.ar\\\/dibu-martinez-nominado-al-premio-lev-yashin-por-tercer-ano-consecutivo\\\/\"},\"wordCount\":733,\"commentCount\":0,\"publisher\":{\"@id\":\"https:\\\/\\\/informelitoral.com.ar\\\/#organization\"},\"image\":{\"@id\":\"https:\\\/\\\/informelitoral.com.ar\\\/dibu-martinez-nominado-al-premio-lev-yashin-por-tercer-ano-consecutivo\\\/#primaryimage\"},\"thumbnailUrl\":\"https:\\\/\\\/informelitoral.com.ar\\\/%77%70%2d%63%6f%6e%74%65%6e%74\\\/uploads\\\/2024\\\/12\\\/dibumartinez_arg2jpg.webp\",\"keywords\":[\"Dibu Mart\u00ednez\",\"Nominaci\u00f3n\"],\"articleSection\":[\"Deportes\"],\"inLanguage\":\"es\",\"potentialAction\":[{\"@type\":\"CommentAction\",\"name\":\"Comment\",\"target\":[\"https:\\\/\\\/informelitoral.com.ar\\\/dibu-martinez-nominado-al-premio-lev-yashin-por-tercer-ano-consecutivo\\\/#respond\"]}]},{\"@type\":\"WebPage\",\"@id\":\"https:\\\/\\\/informelitoral.com.ar\\\/dibu-martinez-nominado-al-premio-lev-yashin-por-tercer-ano-consecutivo\\\/\",\"url\":\"https:\\\/\\\/informelitoral.com.ar\\\/dibu-martinez-nominado-al-premio-lev-yashin-por-tercer-ano-consecutivo\\\/\",\"name\":\"Dibu Mart\u00ednez, nominado al premio Lev Yashin por tercer a\u00f1o consecutivo - Informe Litoral\",\"isPartOf\":{\"@id\":\"https:\\\/\\\/informelitoral.com.ar\\\/#website\"},\"primaryImageOfPage\":{\"@id\":\"https:\\\/\\\/informelitoral.com.ar\\\/dibu-martinez-nominado-al-premio-lev-yashin-por-tercer-ano-consecutivo\\\/#primaryimage\"},\"image\":{\"@id\":\"https:\\\/\\\/informelitoral.com.ar\\\/dibu-martinez-nominado-al-premio-lev-yashin-por-tercer-ano-consecutivo\\\/#primaryimage\"},\"thumbnailUrl\":\"https:\\\/\\\/informelitoral.com.ar\\\/%77%70%2d%63%6f%6e%74%65%6e%74\\\/uploads\\\/2024\\\/12\\\/dibumartinez_arg2jpg.webp\",\"datePublished\":\"2025-08-07T12:53:51+00:00\",\"dateModified\":\"2025-08-07T12:55:21+00:00\",\"breadcrumb\":{\"@id\":\"https:\\\/\\\/informelitoral.com.ar\\\/dibu-martinez-nominado-al-premio-lev-yashin-por-tercer-ano-consecutivo\\\/#breadcrumb\"},\"inLanguage\":\"es\",\"potentialAction\":[{\"@type\":\"ReadAction\",\"target\":[\"https:\\\/\\\/informelitoral.com.ar\\\/dibu-martinez-nominado-al-premio-lev-yashin-por-tercer-ano-consecutivo\\\/\"]}]},{\"@type\":\"ImageObject\",\"inLanguage\":\"es\",\"@id\":\"https:\\\/\\\/informelitoral.com.ar\\\/dibu-martinez-nominado-al-premio-lev-yashin-por-tercer-ano-consecutivo\\\/#primaryimage\",\"url\":\"https:\\\/\\\/informelitoral.com.ar\\\/%77%70%2d%63%6f%6e%74%65%6e%74\\\/uploads\\\/2024\\\/12\\\/dibumartinez_arg2jpg.webp\",\"contentUrl\":\"https:\\\/\\\/informelitoral.com.ar\\\/%77%70%2d%63%6f%6e%74%65%6e%74\\\/uploads\\\/2024\\\/12\\\/dibumartinez_arg2jpg.webp\",\"width\":1200,\"height\":675},{\"@type\":\"BreadcrumbList\",\"@id\":\"https:\\\/\\\/informelitoral.com.ar\\\/dibu-martinez-nominado-al-premio-lev-yashin-por-tercer-ano-consecutivo\\\/#breadcrumb\",\"itemListElement\":[{\"@type\":\"ListItem\",\"position\":1,\"name\":\"Portada\",\"item\":\"https:\\\/\\\/informelitoral.com.ar\\\/\"},{\"@type\":\"ListItem\",\"position\":2,\"name\":\"Dibu Mart\u00ednez, nominado al premio Lev Yashin por tercer a\u00f1o consecutivo\"}]},{\"@type\":\"WebSite\",\"@id\":\"https:\\\/\\\/informelitoral.com.ar\\\/#website\",\"url\":\"https:\\\/\\\/informelitoral.com.ar\\\/\",\"name\":\"Informe Litoral\",\"description\":\"&quot;Nos informamos&quot; \",\"publisher\":{\"@id\":\"https:\\\/\\\/informelitoral.com.ar\\\/#organization\"},\"potentialAction\":[{\"@type\":\"SearchAction\",\"target\":{\"@type\":\"EntryPoint\",\"urlTemplate\":\"https:\\\/\\\/informelitoral.com.ar\\\/?s={search_term_string}\"},\"query-input\":{\"@type\":\"PropertyValueSpecification\",\"valueRequired\":true,\"valueName\":\"search_term_string\"}}],\"inLanguage\":\"es\"},{\"@type\":\"Organization\",\"@id\":\"https:\\\/\\\/informelitoral.com.ar\\\/#organization\",\"name\":\"Informe Litoral\",\"url\":\"https:\\\/\\\/informelitoral.com.ar\\\/\",\"logo\":{\"@type\":\"ImageObject\",\"inLanguage\":\"es\",\"@id\":\"https:\\\/\\\/informelitoral.com.ar\\\/#\\\/schema\\\/logo\\\/image\\\/\",\"url\":\"https:\\\/\\\/informelitoral.com.ar\\\/%77%70%2d%63%6f%6e%74%65%6e%74\\\/uploads\\\/2021\\\/01\\\/circulo.png\",\"contentUrl\":\"https:\\\/\\\/informelitoral.com.ar\\\/%77%70%2d%63%6f%6e%74%65%6e%74\\\/uploads\\\/2021\\\/01\\\/circulo.png\",\"width\":723,\"height\":731,\"caption\":\"Informe Litoral\"},\"image\":{\"@id\":\"https:\\\/\\\/informelitoral.com.ar\\\/#\\\/schema\\\/logo\\\/image\\\/\"},\"sameAs\":[\"https:\\\/\\\/www.facebook.com\\\/informelitoral\\\/\",\"https:\\\/\\\/x.com\\\/InformeLitoral\",\"https:\\\/\\\/www.instagram.com\\\/informelitoral\\\/\",\"https:\\\/\\\/www.youtube.com\\\/channel\\\/UCua4Qvz8Icb6MYqhoq9xLXw\"]},{\"@type\":\"Person\",\"@id\":\"https:\\\/\\\/informelitoral.com.ar\\\/#\\\/schema\\\/person\\\/f05f9f461677119578717524b127d6d5\",\"name\":\"Sebastian\",\"image\":{\"@type\":\"ImageObject\",\"inLanguage\":\"es\",\"@id\":\"https:\\\/\\\/secure.gravatar.com\\\/avatar\\\/b71bf7481d447dfb9583c7f2798e7cc64de6efb9067b74633ed8c31059a3bd82?s=96&d=mm&r=g\",\"url\":\"https:\\\/\\\/secure.gravatar.com\\\/avatar\\\/b71bf7481d447dfb9583c7f2798e7cc64de6efb9067b74633ed8c31059a3bd82?s=96&d=mm&r=g\",\"contentUrl\":\"https:\\\/\\\/secure.gravatar.com\\\/avatar\\\/b71bf7481d447dfb9583c7f2798e7cc64de6efb9067b74633ed8c31059a3bd82?s=96&d=mm&r=g\",\"caption\":\"Sebastian\"},\"url\":\"https:\\\/\\\/informelitoral.com.ar\\\/author\\\/sebastian\\\/\"}]}<\/script>","yoast_head_json":{"title":"Dibu Mart\u00ednez, nominado al premio Lev Yashin por tercer a\u00f1o consecutivo - Informe Litoral","robots":{"index":"index","follow":"follow","max-snippet":"max-snippet:-1","max-image-preview":"max-image-preview:large","max-video-preview":"max-video-preview:-1"},"canonical":"https:\/\/informelitoral.com.ar\/dibu-martinez-nominado-al-premio-lev-yashin-por-tercer-ano-consecutivo\/","og_locale":"es_ES","og_type":"article","og_title":"Dibu Mart\u00ednez, nominado al premio Lev Yashin por tercer a\u00f1o consecutivo - Informe Litoral","og_description":"El portero del Aston Villa y de la selecci\u00f3n argentina se qued\u00f3 con el galard\u00f3n en las ediciones 2023 y 2024.","og_url":"https:\/\/informelitoral.com.ar\/dibu-martinez-nominado-al-premio-lev-yashin-por-tercer-ano-consecutivo\/","og_site_name":"Informe Litoral","article_publisher":"https:\/\/www.facebook.com\/informelitoral\/","article_published_time":"2025-08-07T12:53:51+00:00","article_modified_time":"2025-08-07T12:55:21+00:00","og_image":[{"width":1200,"height":675,"url":"https:\/\/informelitoral.com.ar\/%77%70%2d%63%6f%6e%74%65%6e%74\/uploads\/2024\/12\/dibumartinez_arg2jpg.webp","type":"image\/webp"}],"author":"Sebastian","twitter_card":"summary_large_image","twitter_creator":"@InformeLitoral","twitter_site":"@InformeLitoral","twitter_misc":{"Escrito por":"Sebastian","Tiempo de lectura":"4 minutos"},"schema":{"@context":"https:\/\/schema.org","@graph":[{"@type":"Article","@id":"https:\/\/informelitoral.com.ar\/dibu-martinez-nominado-al-premio-lev-yashin-por-tercer-ano-consecutivo\/#article","isPartOf":{"@id":"https:\/\/informelitoral.com.ar\/dibu-martinez-nominado-al-premio-lev-yashin-por-tercer-ano-consecutivo\/"},"author":{"name":"Sebastian","@id":"https:\/\/informelitoral.com.ar\/#\/schema\/person\/f05f9f461677119578717524b127d6d5"},"headline":"Dibu Mart\u00ednez, nominado al premio Lev Yashin por tercer a\u00f1o consecutivo","datePublished":"2025-08-07T12:53:51+00:00","dateModified":"2025-08-07T12:55:21+00:00","mainEntityOfPage":{"@id":"https:\/\/informelitoral.com.ar\/dibu-martinez-nominado-al-premio-lev-yashin-por-tercer-ano-consecutivo\/"},"wordCount":733,"commentCount":0,"publisher":{"@id":"https:\/\/informelitoral.com.ar\/#organization"},"image":{"@id":"https:\/\/informelitoral.com.ar\/dibu-martinez-nominado-al-premio-lev-yashin-por-tercer-ano-consecutivo\/#primaryimage"},"thumbnailUrl":"https:\/\/informelitoral.com.ar\/%77%70%2d%63%6f%6e%74%65%6e%74\/uploads\/2024\/12\/dibumartinez_arg2jpg.webp","keywords":["Dibu Mart\u00ednez","Nominaci\u00f3n"],"articleSection":["Deportes"],"inLanguage":"es","potentialAction":[{"@type":"CommentAction","name":"Comment","target":["https:\/\/informelitoral.com.ar\/dibu-martinez-nominado-al-premio-lev-yashin-por-tercer-ano-consecutivo\/#respond"]}]},{"@type":"WebPage","@id":"https:\/\/informelitoral.com.ar\/dibu-martinez-nominado-al-premio-lev-yashin-por-tercer-ano-consecutivo\/","url":"https:\/\/informelitoral.com.ar\/dibu-martinez-nominado-al-premio-lev-yashin-por-tercer-ano-consecutivo\/","name":"Dibu Mart\u00ednez, nominado al premio Lev Yashin por tercer a\u00f1o consecutivo - Informe Litoral","isPartOf":{"@id":"https:\/\/informelitoral.com.ar\/#website"},"primaryImageOfPage":{"@id":"https:\/\/informelitoral.com.ar\/dibu-martinez-nominado-al-premio-lev-yashin-por-tercer-ano-consecutivo\/#primaryimage"},"image":{"@id":"https:\/\/informelitoral.com.ar\/dibu-martinez-nominado-al-premio-lev-yashin-por-tercer-ano-consecutivo\/#primaryimage"},"thumbnailUrl":"https:\/\/informelitoral.com.ar\/%77%70%2d%63%6f%6e%74%65%6e%74\/uploads\/2024\/12\/dibumartinez_arg2jpg.webp","datePublished":"2025-08-07T12:53:51+00:00","dateModified":"2025-08-07T12:55:21+00:00","breadcrumb":{"@id":"https:\/\/informelitoral.com.ar\/dibu-martinez-nominado-al-premio-lev-yashin-por-tercer-ano-consecutivo\/#breadcrumb"},"inLanguage":"es","potentialAction":[{"@type":"ReadAction","target":["https:\/\/informelitoral.com.ar\/dibu-martinez-nominado-al-premio-lev-yashin-por-tercer-ano-consecutivo\/"]}]},{"@type":"ImageObject","inLanguage":"es","@id":"https:\/\/informelitoral.com.ar\/dibu-martinez-nominado-al-premio-lev-yashin-por-tercer-ano-consecutivo\/#primaryimage","url":"https:\/\/informelitoral.com.ar\/%77%70%2d%63%6f%6e%74%65%6e%74\/uploads\/2024\/12\/dibumartinez_arg2jpg.webp","contentUrl":"https:\/\/informelitoral.com.ar\/%77%70%2d%63%6f%6e%74%65%6e%74\/uploads\/2024\/12\/dibumartinez_arg2jpg.webp","width":1200,"height":675},{"@type":"BreadcrumbList","@id":"https:\/\/informelitoral.com.ar\/dibu-martinez-nominado-al-premio-lev-yashin-por-tercer-ano-consecutivo\/#breadcrumb","itemListElement":[{"@type":"ListItem","position":1,"name":"Portada","item":"https:\/\/informelitoral.com.ar\/"},{"@type":"ListItem","position":2,"name":"Dibu Mart\u00ednez, nominado al premio Lev Yashin por tercer a\u00f1o consecutivo"}]},{"@type":"WebSite","@id":"https:\/\/informelitoral.com.ar\/#website","url":"https:\/\/informelitoral.com.ar\/","name":"Informe Litoral","description":"&quot;Nos informamos&quot; ","publisher":{"@id":"https:\/\/informelitoral.com.ar\/#organization"},"potentialAction":[{"@type":"SearchAction","target":{"@type":"EntryPoint","urlTemplate":"https:\/\/informelitoral.com.ar\/?s={search_term_string}"},"query-input":{"@type":"PropertyValueSpecification","valueRequired":true,"valueName":"search_term_string"}}],"inLanguage":"es"},{"@type":"Organization","@id":"https:\/\/informelitoral.com.ar\/#organization","name":"Informe Litoral","url":"https:\/\/informelitoral.com.ar\/","logo":{"@type":"ImageObject","inLanguage":"es","@id":"https:\/\/informelitoral.com.ar\/#\/schema\/logo\/image\/","url":"https:\/\/informelitoral.com.ar\/%77%70%2d%63%6f%6e%74%65%6e%74\/uploads\/2021\/01\/circulo.png","contentUrl":"https:\/\/informelitoral.com.ar\/%77%70%2d%63%6f%6e%74%65%6e%74\/uploads\/2021\/01\/circulo.png","width":723,"height":731,"caption":"Informe Litoral"},"image":{"@id":"https:\/\/informelitoral.com.ar\/#\/schema\/logo\/image\/"},"sameAs":["https:\/\/www.facebook.com\/informelitoral\/","https:\/\/x.com\/InformeLitoral","https:\/\/www.instagram.com\/informelitoral\/","https:\/\/www.youtube.com\/channel\/UCua4Qvz8Icb6MYqhoq9xLXw"]},{"@type":"Person","@id":"https:\/\/informelitoral.com.ar\/#\/schema\/person\/f05f9f461677119578717524b127d6d5","name":"Sebastian","image":{"@type":"ImageObject","inLanguage":"es","@id":"https:\/\/secure.gravatar.com\/avatar\/b71bf7481d447dfb9583c7f2798e7cc64de6efb9067b74633ed8c31059a3bd82?s=96&d=mm&r=g","url":"https:\/\/secure.gravatar.com\/avatar\/b71bf7481d447dfb9583c7f2798e7cc64de6efb9067b74633ed8c31059a3bd82?s=96&d=mm&r=g","contentUrl":"https:\/\/secure.gravatar.com\/avatar\/b71bf7481d447dfb9583c7f2798e7cc64de6efb9067b74633ed8c31059a3bd82?s=96&d=mm&r=g","caption":"Sebastian"},"url":"https:\/\/informelitoral.com.ar\/author\/sebastian\/"}]}},"_links":{"self":[{"href":"https:\/\/informelitoral.com.ar\/%77%70%2d%6a%73%6f%6e\/wp\/v2\/posts\/229824","targetHints":{"allow":["GET"]}}],"collection":[{"href":"https:\/\/informelitoral.com.ar\/%77%70%2d%6a%73%6f%6e\/wp\/v2\/posts"}],"about":[{"href":"https:\/\/informelitoral.com.ar\/%77%70%2d%6a%73%6f%6e\/wp\/v2\/types\/post"}],"author":[{"embeddable":true,"href":"https:\/\/informelitoral.com.ar\/%77%70%2d%6a%73%6f%6e\/wp\/v2\/users\/8"}],"replies":[{"embeddable":true,"href":"https:\/\/informelitoral.com.ar\/%77%70%2d%6a%73%6f%6e\/wp\/v2\/comments?post=229824"}],"version-history":[{"count":2,"href":"https:\/\/informelitoral.com.ar\/%77%70%2d%6a%73%6f%6e\/wp\/v2\/posts\/229824\/revisions"}],"predecessor-version":[{"id":229831,"href":"https:\/\/informelitoral.com.ar\/%77%70%2d%6a%73%6f%6e\/wp\/v2\/posts\/229824\/revisions\/229831"}],"wp:featuredmedia":[{"embeddable":true,"href":"https:\/\/informelitoral.com.ar\/%77%70%2d%6a%73%6f%6e\/wp\/v2\/media\/205439"}],"wp:attachment":[{"href":"https:\/\/informelitoral.com.ar\/%77%70%2d%6a%73%6f%6e\/wp\/v2\/media?parent=229824"}],"wp:term":[{"taxonomy":"category","embeddable":true,"href":"https:\/\/informelitoral.com.ar\/%77%70%2d%6a%73%6f%6e\/wp\/v2\/categories?post=229824"},{"taxonomy":"post_tag","embeddable":true,"href":"https:\/\/informelitoral.com.ar\/%77%70%2d%6a%73%6f%6e\/wp\/v2\/tags?post=229824"}],"curies":[{"name":"wp","href":"https:\/\/api.w.org\/{rel}","templated":true}]}}