{"id":229713,"date":"2025-08-06T05:52:12","date_gmt":"2025-08-06T08:52:12","guid":{"rendered":"https:\/\/informelitoral.com.ar\/?p=229713"},"modified":"2025-08-06T20:57:50","modified_gmt":"2025-08-06T23:57:50","slug":"ldc-anuncio-inversiones-en-argentina-e-inauguro-puerto-en-santa-elena","status":"publish","type":"post","link":"https:\/\/informelitoral.com.ar\/ldc-anuncio-inversiones-en-argentina-e-inauguro-puerto-en-santa-elena\/","title":{"rendered":"LDC anunci\u00f3 inversiones en Argentina e inaugur\u00f3 puerto en Santa Elena"},"content":{"rendered":"<p><a href=\"https:\/\/www.ldc.com\/ar\/es\/press-releases\/louis-dreyfus-company-adquiere-segundo-acopio-en-la-provincia-de-entre-rios-expandiendo-aun-mas-su-presencia-en-argentina\/\">Desde la adquisici\u00f3n de Santa Elena en marzo de 2025<\/a>, LDC ha invertido para adecuar este activo a los m\u00e1s altos est\u00e1ndares globales de seguridad y operativos, y ha modernizado las instalaciones para reactivar por completo tanto el acopio como la infraestructura portuaria, lo que incluy\u00f3 tareas de dragado del r\u00edo para facilitar una carga eficiente de barcazas. Estas mejoras ofrecen una mejor conectividad, vinculando la producci\u00f3n de cereales y oleaginosas de Entre R\u00edos y el sur de Corrientes con las plantas de molienda de LDC en Santa Fe, permitiendo el transporte durante todo el a\u00f1o y reduciendo los costos log\u00edsticos para los productores locales.<\/p>\n<p>\u201cLa planta Santa Elena cuenta ahora con una oficina comercial plenamente operativa que ofrece una amplia gama de servicios y productos adaptados a los productores locales. Con el puerto restaurado, las instalaciones modernizadas y un equipo local altamente capacitado, LDC busca ser el socio estrat\u00e9gico y preferido de los productores de la regi\u00f3n, ayudando a impulsar la productividad agr\u00edcola y expandir las \u00e1reas cultivadas por sobre las ganaderas,\u201d dijo J<strong>uan Jos\u00e9 Blanchard,<\/strong> COO del Grupo y Head de Latinoam\u00e9rica.<\/p>\n<p>Durante el evento de inauguraci\u00f3n en Santa Elena, LDC anunci\u00f3 la finalizaci\u00f3n y puesta en marcha de otras inversiones en el pa\u00eds, en l\u00ednea con su estrategia global para reforzar a\u00fan m\u00e1s sus capacidades comerciales clave \u2013 en este caso, para la originaci\u00f3n de cereales y oleaginosas en Argentina:<\/p>\n<p>La compa\u00f1\u00eda celebr\u00f3 la finalizaci\u00f3n de las obras de ampliaci\u00f3n en su Acopio <strong>Campo Largo, en El Chaco<\/strong>, que incrementaron la capacidad de almacenamiento de la planta de 3.000 a 13.000 toneladas con la incorporaci\u00f3n de dos nuevos silos, adem\u00e1s de mejoras en los sistemas locales de prevenci\u00f3n de incendios. Alrededor de 100 contratistas contribuyeron en este proyecto de 10 meses. Este almac\u00e9n ya est\u00e1 conectado al ferrocarril Belgrano Cargas, lo que permite que la producci\u00f3n del norte llegue a los puertos de LDC de forma eficiente y a menores costos.<\/p>\n<p>Adem\u00e1s de las operaciones existentes de desmotado de algod\u00f3n, el predio de LDC en <strong>Quimil\u00ed, Santiago del Estero<\/strong>, recibi\u00f3 la autorizaci\u00f3n oficial para operar como acopio de cereales y oleaginosas, pasando a contar con una capacidad est\u00e1tica de almacenamiento de hasta 50.000 toneladas en silobolsas. LDC planea comenzar a recibir trigo en octubre, seguido de girasol en diciembre. Este desarrollo ofrece a los productores locales un punto de entrega atractivo, reduce los costos log\u00edsticos y conecta la producci\u00f3n regional con la red industrial ampliada de LDC.<\/p>\n<p>Finalmente, en <strong>General Paz, C\u00f3rdoba<\/strong>, se construir\u00e1 un nuevo acopio con capacidad para almacenar 3.000 toneladas de productos, conectado a la red ferroviaria Belgrano Cargas. La construcci\u00f3n comenzar\u00e1 en agosto y se espera que el activo est\u00e9 operativo en la primera mitad de 2026, empleando a una docena de personas. Aproximadamente 120 contratistas trabajar\u00e1n durante la obra.<\/p>\n<p>\u201cTodas estas inversiones reflejan la visi\u00f3n a largo plazo de LDC para el sector agroindustrial argentino,\u201d afirm\u00f3 Juan Jos\u00e9 Blanchard. \u201cAl fortalecer nuestras capacidades de originaci\u00f3n en el interior y ofrecer a los productores soluciones log\u00edsticas y comerciales confiables y eficientes, estamos construyendo una cadena de valor m\u00e1s integrada, productiva y, en \u00faltima instancia, sustentable.\u201d<\/p>\n<h6><em><strong>Del archivo:\u00a0<a href=\"https:\/\/informelitoral.com.ar\/la-provincia-tomo-posesion-del-puerto-de-parana-y-proponen-desarrollar-un-lugar-abandonado\/\" target=\"_blank\" rel=\"noopener\">La Provincia tom\u00f3 posesi\u00f3n del puerto de Paran\u00e1 y proponen desarrollar un lugar abandonado<\/a><\/strong><\/em><\/h6>\n","protected":false},"excerpt":{"rendered":"<p>Louis Dreyfus Company (LDC) anunci\u00f3 inversiones estrat\u00e9gicas para respaldar sus actividades de originaci\u00f3n de cereales y oleaginosas en Argentina, en el marco de la inauguraci\u00f3n de su nuevo acopio y terminal portuaria en Santa Elena, Entre R\u00edos. El evento, que cont\u00f3 con la presencia de autoridades nacionales y provinciales, productores locales y otros actores del sector, marc\u00f3 la reapertura de un centro log\u00edstico clave.<\/p>\n","protected":false},"author":2,"featured_media":229714,"comment_status":"open","ping_status":"open","sticky":false,"template":"","format":"standard","meta":{"fifu_image_url":"https:\/\/lh3.googleusercontent.com\/drive-storage\/AJQWtBMlJyr2jCNoalk1fJuMa-65Bhq8QhstkNfQ4YO109fCADh1fp0VCNUBfdGYby0uvtavnRrN6q4WN5x2rUIFVP1z6Tt4eGlFVoFzQ71Zg-o4BQ=w2048-h2048-p-k-nu","fifu_image_alt":"","footnotes":""},"categories":[10],"tags":[1925,33,1363],"class_list":{"0":"post-229713","1":"post","2":"type-post","3":"status-publish","4":"format-standard","5":"has-post-thumbnail","7":"category-campo","8":"tag-cereales","9":"tag-puerto","10":"tag-santa-elena"},"yoast_head":"<title>LDC anunci\u00f3 inversiones en Argentina e inaugur\u00f3 puerto en Santa Elena - Informe Litoral<\/title>\n<meta name=\"robots\" content=\"index, follow, max-snippet:-1, max-image-preview:large, max-video-preview:-1\" \/>\n<link rel=\"canonical\" href=\"https:\/\/informelitoral.com.ar\/ldc-anuncio-inversiones-en-argentina-e-inauguro-puerto-en-santa-elena\/\" \/>\n<meta property=\"og:locale\" content=\"es_ES\" \/>\n<meta property=\"og:type\" content=\"article\" \/>\n<meta property=\"og:title\" content=\"LDC anunci\u00f3 inversiones en Argentina e inaugur\u00f3 puerto en Santa Elena - Informe Litoral\" \/>\n<meta property=\"og:description\" content=\"Louis Dreyfus Company (LDC) anunci\u00f3 inversiones estrat\u00e9gicas para respaldar sus actividades de originaci\u00f3n de cereales y oleaginosas en Argentina, en el marco de la inauguraci\u00f3n de su nuevo acopio y terminal portuaria en Santa Elena, Entre R\u00edos. El evento, que cont\u00f3 con la presencia de autoridades nacionales y provinciales, productores locales y otros actores del sector, marc\u00f3 la reapertura de un centro log\u00edstico clave.\" \/>\n<meta property=\"og:url\" content=\"https:\/\/informelitoral.com.ar\/ldc-anuncio-inversiones-en-argentina-e-inauguro-puerto-en-santa-elena\/\" \/>\n<meta property=\"og:site_name\" content=\"Informe Litoral\" \/>\n<meta property=\"article:publisher\" content=\"https:\/\/www.facebook.com\/informelitoral\/\" \/>\n<meta property=\"article:published_time\" content=\"2025-08-06T08:52:12+00:00\" \/>\n<meta property=\"article:modified_time\" content=\"2025-08-06T23:57:50+00:00\" \/>\n<meta property=\"og:image\" content=\"https:\/\/lh3.googleusercontent.com\/drive-storage\/AJQWtBMlJyr2jCNoalk1fJuMa-65Bhq8QhstkNfQ4YO109fCADh1fp0VCNUBfdGYby0uvtavnRrN6q4WN5x2rUIFVP1z6Tt4eGlFVoFzQ71Zg-o4BQ=w2048-h2048-p-k-nu\" \/><meta property=\"og:image\" content=\"https:\/\/lh3.googleusercontent.com\/drive-storage\/AJQWtBMlJyr2jCNoalk1fJuMa-65Bhq8QhstkNfQ4YO109fCADh1fp0VCNUBfdGYby0uvtavnRrN6q4WN5x2rUIFVP1z6Tt4eGlFVoFzQ71Zg-o4BQ=w2048-h2048-p-k-nu\" \/>\n\t<meta property=\"og:image:width\" content=\"2048\" \/>\n\t<meta property=\"og:image:height\" content=\"2048\" \/>\n\t<meta property=\"og:image:type\" content=\"image\/jpeg\" \/>\n<meta name=\"author\" content=\"Gonzalo Schmidt\" \/>\n<meta name=\"twitter:card\" content=\"summary_large_image\" \/>\n<meta name=\"twitter:image\" content=\"https:\/\/lh3.googleusercontent.com\/drive-storage\/AJQWtBMlJyr2jCNoalk1fJuMa-65Bhq8QhstkNfQ4YO109fCADh1fp0VCNUBfdGYby0uvtavnRrN6q4WN5x2rUIFVP1z6Tt4eGlFVoFzQ71Zg-o4BQ=w2048-h2048-p-k-nu\" \/>\n<meta name=\"twitter:creator\" content=\"@InformeLitoral\" \/>\n<meta name=\"twitter:site\" content=\"@InformeLitoral\" \/>\n<meta name=\"twitter:label1\" content=\"Escrito por\" \/>\n\t<meta name=\"twitter:data1\" content=\"Gonzalo Schmidt\" \/>\n\t<meta name=\"twitter:label2\" content=\"Tiempo de lectura\" \/>\n\t<meta name=\"twitter:data2\" content=\"3 minutos\" \/>\n<script type=\"application\/ld+json\" class=\"yoast-schema-graph\">{\"@context\":\"https:\\\/\\\/schema.org\",\"@graph\":[{\"@type\":\"Article\",\"@id\":\"https:\\\/\\\/informelitoral.com.ar\\\/ldc-anuncio-inversiones-en-argentina-e-inauguro-puerto-en-santa-elena\\\/#article\",\"isPartOf\":{\"@id\":\"https:\\\/\\\/informelitoral.com.ar\\\/ldc-anuncio-inversiones-en-argentina-e-inauguro-puerto-en-santa-elena\\\/\"},\"author\":{\"name\":\"Gonzalo Schmidt\",\"@id\":\"https:\\\/\\\/informelitoral.com.ar\\\/#\\\/schema\\\/person\\\/b9d00407c836482871ef1d57bf8e3180\"},\"headline\":\"LDC anunci\u00f3 inversiones en Argentina e inaugur\u00f3 puerto en Santa Elena\",\"datePublished\":\"2025-08-06T08:52:12+00:00\",\"dateModified\":\"2025-08-06T23:57:50+00:00\",\"mainEntityOfPage\":{\"@id\":\"https:\\\/\\\/informelitoral.com.ar\\\/ldc-anuncio-inversiones-en-argentina-e-inauguro-puerto-en-santa-elena\\\/\"},\"wordCount\":580,\"commentCount\":0,\"publisher\":{\"@id\":\"https:\\\/\\\/informelitoral.com.ar\\\/#organization\"},\"image\":{\"@id\":\"https:\\\/\\\/informelitoral.com.ar\\\/ldc-anuncio-inversiones-en-argentina-e-inauguro-puerto-en-santa-elena\\\/#primaryimage\"},\"thumbnailUrl\":\"https:\\\/\\\/lh3.googleusercontent.com\\\/drive-storage\\\/AJQWtBMlJyr2jCNoalk1fJuMa-65Bhq8QhstkNfQ4YO109fCADh1fp0VCNUBfdGYby0uvtavnRrN6q4WN5x2rUIFVP1z6Tt4eGlFVoFzQ71Zg-o4BQ=w2048-h2048-p-k-nu\",\"keywords\":[\"Cereales\",\"Puerto\",\"Santa Elena\"],\"articleSection\":[\"Campo\"],\"inLanguage\":\"es\",\"potentialAction\":[{\"@type\":\"CommentAction\",\"name\":\"Comment\",\"target\":[\"https:\\\/\\\/informelitoral.com.ar\\\/ldc-anuncio-inversiones-en-argentina-e-inauguro-puerto-en-santa-elena\\\/#respond\"]}]},{\"@type\":\"WebPage\",\"@id\":\"https:\\\/\\\/informelitoral.com.ar\\\/ldc-anuncio-inversiones-en-argentina-e-inauguro-puerto-en-santa-elena\\\/\",\"url\":\"https:\\\/\\\/informelitoral.com.ar\\\/ldc-anuncio-inversiones-en-argentina-e-inauguro-puerto-en-santa-elena\\\/\",\"name\":\"LDC anunci\u00f3 inversiones en Argentina e inaugur\u00f3 puerto en Santa Elena - Informe Litoral\",\"isPartOf\":{\"@id\":\"https:\\\/\\\/informelitoral.com.ar\\\/#website\"},\"primaryImageOfPage\":{\"@id\":\"https:\\\/\\\/informelitoral.com.ar\\\/ldc-anuncio-inversiones-en-argentina-e-inauguro-puerto-en-santa-elena\\\/#primaryimage\"},\"image\":{\"@id\":\"https:\\\/\\\/informelitoral.com.ar\\\/ldc-anuncio-inversiones-en-argentina-e-inauguro-puerto-en-santa-elena\\\/#primaryimage\"},\"thumbnailUrl\":\"https:\\\/\\\/lh3.googleusercontent.com\\\/drive-storage\\\/AJQWtBMlJyr2jCNoalk1fJuMa-65Bhq8QhstkNfQ4YO109fCADh1fp0VCNUBfdGYby0uvtavnRrN6q4WN5x2rUIFVP1z6Tt4eGlFVoFzQ71Zg-o4BQ=w2048-h2048-p-k-nu\",\"datePublished\":\"2025-08-06T08:52:12+00:00\",\"dateModified\":\"2025-08-06T23:57:50+00:00\",\"breadcrumb\":{\"@id\":\"https:\\\/\\\/informelitoral.com.ar\\\/ldc-anuncio-inversiones-en-argentina-e-inauguro-puerto-en-santa-elena\\\/#breadcrumb\"},\"inLanguage\":\"es\",\"potentialAction\":[{\"@type\":\"ReadAction\",\"target\":[\"https:\\\/\\\/informelitoral.com.ar\\\/ldc-anuncio-inversiones-en-argentina-e-inauguro-puerto-en-santa-elena\\\/\"]}]},{\"@type\":\"ImageObject\",\"inLanguage\":\"es\",\"@id\":\"https:\\\/\\\/informelitoral.com.ar\\\/ldc-anuncio-inversiones-en-argentina-e-inauguro-puerto-en-santa-elena\\\/#primaryimage\",\"url\":\"https:\\\/\\\/lh3.googleusercontent.com\\\/drive-storage\\\/AJQWtBMlJyr2jCNoalk1fJuMa-65Bhq8QhstkNfQ4YO109fCADh1fp0VCNUBfdGYby0uvtavnRrN6q4WN5x2rUIFVP1z6Tt4eGlFVoFzQ71Zg-o4BQ=w2048-h2048-p-k-nu\",\"contentUrl\":\"https:\\\/\\\/lh3.googleusercontent.com\\\/drive-storage\\\/AJQWtBMlJyr2jCNoalk1fJuMa-65Bhq8QhstkNfQ4YO109fCADh1fp0VCNUBfdGYby0uvtavnRrN6q4WN5x2rUIFVP1z6Tt4eGlFVoFzQ71Zg-o4BQ=w2048-h2048-p-k-nu\",\"width\":\"2048\",\"height\":\"2048\"},{\"@type\":\"BreadcrumbList\",\"@id\":\"https:\\\/\\\/informelitoral.com.ar\\\/ldc-anuncio-inversiones-en-argentina-e-inauguro-puerto-en-santa-elena\\\/#breadcrumb\",\"itemListElement\":[{\"@type\":\"ListItem\",\"position\":1,\"name\":\"Portada\",\"item\":\"https:\\\/\\\/informelitoral.com.ar\\\/\"},{\"@type\":\"ListItem\",\"position\":2,\"name\":\"LDC anunci\u00f3 inversiones en Argentina e inaugur\u00f3 puerto en Santa Elena\"}]},{\"@type\":\"WebSite\",\"@id\":\"https:\\\/\\\/informelitoral.com.ar\\\/#website\",\"url\":\"https:\\\/\\\/informelitoral.com.ar\\\/\",\"name\":\"Informe Litoral\",\"description\":\"&quot;Nos informamos&quot; \",\"publisher\":{\"@id\":\"https:\\\/\\\/informelitoral.com.ar\\\/#organization\"},\"potentialAction\":[{\"@type\":\"SearchAction\",\"target\":{\"@type\":\"EntryPoint\",\"urlTemplate\":\"https:\\\/\\\/informelitoral.com.ar\\\/?s={search_term_string}\"},\"query-input\":{\"@type\":\"PropertyValueSpecification\",\"valueRequired\":true,\"valueName\":\"search_term_string\"}}],\"inLanguage\":\"es\"},{\"@type\":\"Organization\",\"@id\":\"https:\\\/\\\/informelitoral.com.ar\\\/#organization\",\"name\":\"Informe Litoral\",\"url\":\"https:\\\/\\\/informelitoral.com.ar\\\/\",\"logo\":{\"@type\":\"ImageObject\",\"inLanguage\":\"es\",\"@id\":\"https:\\\/\\\/informelitoral.com.ar\\\/#\\\/schema\\\/logo\\\/image\\\/\",\"url\":\"https:\\\/\\\/informelitoral.com.ar\\\/%77%70%2d%63%6f%6e%74%65%6e%74\\\/uploads\\\/2021\\\/01\\\/circulo.png\",\"contentUrl\":\"https:\\\/\\\/informelitoral.com.ar\\\/%77%70%2d%63%6f%6e%74%65%6e%74\\\/uploads\\\/2021\\\/01\\\/circulo.png\",\"width\":723,\"height\":731,\"caption\":\"Informe Litoral\"},\"image\":{\"@id\":\"https:\\\/\\\/informelitoral.com.ar\\\/#\\\/schema\\\/logo\\\/image\\\/\"},\"sameAs\":[\"https:\\\/\\\/www.facebook.com\\\/informelitoral\\\/\",\"https:\\\/\\\/x.com\\\/InformeLitoral\",\"https:\\\/\\\/www.instagram.com\\\/informelitoral\\\/\",\"https:\\\/\\\/www.youtube.com\\\/channel\\\/UCua4Qvz8Icb6MYqhoq9xLXw\"]},{\"@type\":\"Person\",\"@id\":\"https:\\\/\\\/informelitoral.com.ar\\\/#\\\/schema\\\/person\\\/b9d00407c836482871ef1d57bf8e3180\",\"name\":\"Gonzalo Schmidt\",\"image\":{\"@type\":\"ImageObject\",\"inLanguage\":\"es\",\"@id\":\"https:\\\/\\\/secure.gravatar.com\\\/avatar\\\/31a1a7b66ff2de83bd0e9fd79d026630d2d99e55e8bfe501287647b4fd9743de?s=96&d=mm&r=g\",\"url\":\"https:\\\/\\\/secure.gravatar.com\\\/avatar\\\/31a1a7b66ff2de83bd0e9fd79d026630d2d99e55e8bfe501287647b4fd9743de?s=96&d=mm&r=g\",\"contentUrl\":\"https:\\\/\\\/secure.gravatar.com\\\/avatar\\\/31a1a7b66ff2de83bd0e9fd79d026630d2d99e55e8bfe501287647b4fd9743de?s=96&d=mm&r=g\",\"caption\":\"Gonzalo Schmidt\"},\"description\":\"Sitio web de noticias de la provincia de Entre R\u00edos, Argentina. Informaci\u00f3n y entretenimiento. Informe Litoral, nos informamos.\",\"sameAs\":[\"http:\\\/\\\/www.isletasnoticias.com.ar\"],\"url\":\"https:\\\/\\\/informelitoral.com.ar\\\/author\\\/gonzalo\\\/\"}]}<\/script>","yoast_head_json":{"title":"LDC anunci\u00f3 inversiones en Argentina e inaugur\u00f3 puerto en Santa Elena - Informe Litoral","robots":{"index":"index","follow":"follow","max-snippet":"max-snippet:-1","max-image-preview":"max-image-preview:large","max-video-preview":"max-video-preview:-1"},"canonical":"https:\/\/informelitoral.com.ar\/ldc-anuncio-inversiones-en-argentina-e-inauguro-puerto-en-santa-elena\/","og_locale":"es_ES","og_type":"article","og_title":"LDC anunci\u00f3 inversiones en Argentina e inaugur\u00f3 puerto en Santa Elena - Informe Litoral","og_description":"Louis Dreyfus Company (LDC) anunci\u00f3 inversiones estrat\u00e9gicas para respaldar sus actividades de originaci\u00f3n de cereales y oleaginosas en Argentina, en el marco de la inauguraci\u00f3n de su nuevo acopio y terminal portuaria en Santa Elena, Entre R\u00edos. El evento, que cont\u00f3 con la presencia de autoridades nacionales y provinciales, productores locales y otros actores del sector, marc\u00f3 la reapertura de un centro log\u00edstico clave.","og_url":"https:\/\/informelitoral.com.ar\/ldc-anuncio-inversiones-en-argentina-e-inauguro-puerto-en-santa-elena\/","og_site_name":"Informe Litoral","article_publisher":"https:\/\/www.facebook.com\/informelitoral\/","article_published_time":"2025-08-06T08:52:12+00:00","article_modified_time":"2025-08-06T23:57:50+00:00","og_image":[{"url":"https:\/\/lh3.googleusercontent.com\/drive-storage\/AJQWtBMlJyr2jCNoalk1fJuMa-65Bhq8QhstkNfQ4YO109fCADh1fp0VCNUBfdGYby0uvtavnRrN6q4WN5x2rUIFVP1z6Tt4eGlFVoFzQ71Zg-o4BQ=w2048-h2048-p-k-nu","type":"","width":"","height":""},{"width":2048,"height":2048,"url":"https:\/\/lh3.googleusercontent.com\/drive-storage\/AJQWtBMlJyr2jCNoalk1fJuMa-65Bhq8QhstkNfQ4YO109fCADh1fp0VCNUBfdGYby0uvtavnRrN6q4WN5x2rUIFVP1z6Tt4eGlFVoFzQ71Zg-o4BQ=w2048-h2048-p-k-nu","type":"image\/jpeg"}],"author":"Gonzalo Schmidt","twitter_card":"summary_large_image","twitter_image":"https:\/\/lh3.googleusercontent.com\/drive-storage\/AJQWtBMlJyr2jCNoalk1fJuMa-65Bhq8QhstkNfQ4YO109fCADh1fp0VCNUBfdGYby0uvtavnRrN6q4WN5x2rUIFVP1z6Tt4eGlFVoFzQ71Zg-o4BQ=w2048-h2048-p-k-nu","twitter_creator":"@InformeLitoral","twitter_site":"@InformeLitoral","twitter_misc":{"Escrito por":"Gonzalo Schmidt","Tiempo de lectura":"3 minutos"},"schema":{"@context":"https:\/\/schema.org","@graph":[{"@type":"Article","@id":"https:\/\/informelitoral.com.ar\/ldc-anuncio-inversiones-en-argentina-e-inauguro-puerto-en-santa-elena\/#article","isPartOf":{"@id":"https:\/\/informelitoral.com.ar\/ldc-anuncio-inversiones-en-argentina-e-inauguro-puerto-en-santa-elena\/"},"author":{"name":"Gonzalo Schmidt","@id":"https:\/\/informelitoral.com.ar\/#\/schema\/person\/b9d00407c836482871ef1d57bf8e3180"},"headline":"LDC anunci\u00f3 inversiones en Argentina e inaugur\u00f3 puerto en Santa Elena","datePublished":"2025-08-06T08:52:12+00:00","dateModified":"2025-08-06T23:57:50+00:00","mainEntityOfPage":{"@id":"https:\/\/informelitoral.com.ar\/ldc-anuncio-inversiones-en-argentina-e-inauguro-puerto-en-santa-elena\/"},"wordCount":580,"commentCount":0,"publisher":{"@id":"https:\/\/informelitoral.com.ar\/#organization"},"image":{"@id":"https:\/\/informelitoral.com.ar\/ldc-anuncio-inversiones-en-argentina-e-inauguro-puerto-en-santa-elena\/#primaryimage"},"thumbnailUrl":"https:\/\/lh3.googleusercontent.com\/drive-storage\/AJQWtBMlJyr2jCNoalk1fJuMa-65Bhq8QhstkNfQ4YO109fCADh1fp0VCNUBfdGYby0uvtavnRrN6q4WN5x2rUIFVP1z6Tt4eGlFVoFzQ71Zg-o4BQ=w2048-h2048-p-k-nu","keywords":["Cereales","Puerto","Santa Elena"],"articleSection":["Campo"],"inLanguage":"es","potentialAction":[{"@type":"CommentAction","name":"Comment","target":["https:\/\/informelitoral.com.ar\/ldc-anuncio-inversiones-en-argentina-e-inauguro-puerto-en-santa-elena\/#respond"]}]},{"@type":"WebPage","@id":"https:\/\/informelitoral.com.ar\/ldc-anuncio-inversiones-en-argentina-e-inauguro-puerto-en-santa-elena\/","url":"https:\/\/informelitoral.com.ar\/ldc-anuncio-inversiones-en-argentina-e-inauguro-puerto-en-santa-elena\/","name":"LDC anunci\u00f3 inversiones en Argentina e inaugur\u00f3 puerto en Santa Elena - Informe Litoral","isPartOf":{"@id":"https:\/\/informelitoral.com.ar\/#website"},"primaryImageOfPage":{"@id":"https:\/\/informelitoral.com.ar\/ldc-anuncio-inversiones-en-argentina-e-inauguro-puerto-en-santa-elena\/#primaryimage"},"image":{"@id":"https:\/\/informelitoral.com.ar\/ldc-anuncio-inversiones-en-argentina-e-inauguro-puerto-en-santa-elena\/#primaryimage"},"thumbnailUrl":"https:\/\/lh3.googleusercontent.com\/drive-storage\/AJQWtBMlJyr2jCNoalk1fJuMa-65Bhq8QhstkNfQ4YO109fCADh1fp0VCNUBfdGYby0uvtavnRrN6q4WN5x2rUIFVP1z6Tt4eGlFVoFzQ71Zg-o4BQ=w2048-h2048-p-k-nu","datePublished":"2025-08-06T08:52:12+00:00","dateModified":"2025-08-06T23:57:50+00:00","breadcrumb":{"@id":"https:\/\/informelitoral.com.ar\/ldc-anuncio-inversiones-en-argentina-e-inauguro-puerto-en-santa-elena\/#breadcrumb"},"inLanguage":"es","potentialAction":[{"@type":"ReadAction","target":["https:\/\/informelitoral.com.ar\/ldc-anuncio-inversiones-en-argentina-e-inauguro-puerto-en-santa-elena\/"]}]},{"@type":"ImageObject","inLanguage":"es","@id":"https:\/\/informelitoral.com.ar\/ldc-anuncio-inversiones-en-argentina-e-inauguro-puerto-en-santa-elena\/#primaryimage","url":"https:\/\/lh3.googleusercontent.com\/drive-storage\/AJQWtBMlJyr2jCNoalk1fJuMa-65Bhq8QhstkNfQ4YO109fCADh1fp0VCNUBfdGYby0uvtavnRrN6q4WN5x2rUIFVP1z6Tt4eGlFVoFzQ71Zg-o4BQ=w2048-h2048-p-k-nu","contentUrl":"https:\/\/lh3.googleusercontent.com\/drive-storage\/AJQWtBMlJyr2jCNoalk1fJuMa-65Bhq8QhstkNfQ4YO109fCADh1fp0VCNUBfdGYby0uvtavnRrN6q4WN5x2rUIFVP1z6Tt4eGlFVoFzQ71Zg-o4BQ=w2048-h2048-p-k-nu","width":"2048","height":"2048"},{"@type":"BreadcrumbList","@id":"https:\/\/informelitoral.com.ar\/ldc-anuncio-inversiones-en-argentina-e-inauguro-puerto-en-santa-elena\/#breadcrumb","itemListElement":[{"@type":"ListItem","position":1,"name":"Portada","item":"https:\/\/informelitoral.com.ar\/"},{"@type":"ListItem","position":2,"name":"LDC anunci\u00f3 inversiones en Argentina e inaugur\u00f3 puerto en Santa Elena"}]},{"@type":"WebSite","@id":"https:\/\/informelitoral.com.ar\/#website","url":"https:\/\/informelitoral.com.ar\/","name":"Informe Litoral","description":"&quot;Nos informamos&quot; ","publisher":{"@id":"https:\/\/informelitoral.com.ar\/#organization"},"potentialAction":[{"@type":"SearchAction","target":{"@type":"EntryPoint","urlTemplate":"https:\/\/informelitoral.com.ar\/?s={search_term_string}"},"query-input":{"@type":"PropertyValueSpecification","valueRequired":true,"valueName":"search_term_string"}}],"inLanguage":"es"},{"@type":"Organization","@id":"https:\/\/informelitoral.com.ar\/#organization","name":"Informe Litoral","url":"https:\/\/informelitoral.com.ar\/","logo":{"@type":"ImageObject","inLanguage":"es","@id":"https:\/\/informelitoral.com.ar\/#\/schema\/logo\/image\/","url":"https:\/\/informelitoral.com.ar\/%77%70%2d%63%6f%6e%74%65%6e%74\/uploads\/2021\/01\/circulo.png","contentUrl":"https:\/\/informelitoral.com.ar\/%77%70%2d%63%6f%6e%74%65%6e%74\/uploads\/2021\/01\/circulo.png","width":723,"height":731,"caption":"Informe Litoral"},"image":{"@id":"https:\/\/informelitoral.com.ar\/#\/schema\/logo\/image\/"},"sameAs":["https:\/\/www.facebook.com\/informelitoral\/","https:\/\/x.com\/InformeLitoral","https:\/\/www.instagram.com\/informelitoral\/","https:\/\/www.youtube.com\/channel\/UCua4Qvz8Icb6MYqhoq9xLXw"]},{"@type":"Person","@id":"https:\/\/informelitoral.com.ar\/#\/schema\/person\/b9d00407c836482871ef1d57bf8e3180","name":"Gonzalo Schmidt","image":{"@type":"ImageObject","inLanguage":"es","@id":"https:\/\/secure.gravatar.com\/avatar\/31a1a7b66ff2de83bd0e9fd79d026630d2d99e55e8bfe501287647b4fd9743de?s=96&d=mm&r=g","url":"https:\/\/secure.gravatar.com\/avatar\/31a1a7b66ff2de83bd0e9fd79d026630d2d99e55e8bfe501287647b4fd9743de?s=96&d=mm&r=g","contentUrl":"https:\/\/secure.gravatar.com\/avatar\/31a1a7b66ff2de83bd0e9fd79d026630d2d99e55e8bfe501287647b4fd9743de?s=96&d=mm&r=g","caption":"Gonzalo Schmidt"},"description":"Sitio web de noticias de la provincia de Entre R\u00edos, Argentina. Informaci\u00f3n y entretenimiento. Informe Litoral, nos informamos.","sameAs":["http:\/\/www.isletasnoticias.com.ar"],"url":"https:\/\/informelitoral.com.ar\/author\/gonzalo\/"}]}},"fifu_image_url":"https:\/\/lh3.googleusercontent.com\/drive-storage\/AJQWtBMlJyr2jCNoalk1fJuMa-65Bhq8QhstkNfQ4YO109fCADh1fp0VCNUBfdGYby0uvtavnRrN6q4WN5x2rUIFVP1z6Tt4eGlFVoFzQ71Zg-o4BQ=w2048-h2048-p-k-nu","_links":{"self":[{"href":"https:\/\/informelitoral.com.ar\/%77%70%2d%6a%73%6f%6e\/wp\/v2\/posts\/229713","targetHints":{"allow":["GET"]}}],"collection":[{"href":"https:\/\/informelitoral.com.ar\/%77%70%2d%6a%73%6f%6e\/wp\/v2\/posts"}],"about":[{"href":"https:\/\/informelitoral.com.ar\/%77%70%2d%6a%73%6f%6e\/wp\/v2\/types\/post"}],"author":[{"embeddable":true,"href":"https:\/\/informelitoral.com.ar\/%77%70%2d%6a%73%6f%6e\/wp\/v2\/users\/2"}],"replies":[{"embeddable":true,"href":"https:\/\/informelitoral.com.ar\/%77%70%2d%6a%73%6f%6e\/wp\/v2\/comments?post=229713"}],"version-history":[{"count":2,"href":"https:\/\/informelitoral.com.ar\/%77%70%2d%6a%73%6f%6e\/wp\/v2\/posts\/229713\/revisions"}],"predecessor-version":[{"id":229716,"href":"https:\/\/informelitoral.com.ar\/%77%70%2d%6a%73%6f%6e\/wp\/v2\/posts\/229713\/revisions\/229716"}],"wp:featuredmedia":[{"embeddable":true,"href":"https:\/\/informelitoral.com.ar\/%77%70%2d%6a%73%6f%6e\/wp\/v2\/media\/229714"}],"wp:attachment":[{"href":"https:\/\/informelitoral.com.ar\/%77%70%2d%6a%73%6f%6e\/wp\/v2\/media?parent=229713"}],"wp:term":[{"taxonomy":"category","embeddable":true,"href":"https:\/\/informelitoral.com.ar\/%77%70%2d%6a%73%6f%6e\/wp\/v2\/categories?post=229713"},{"taxonomy":"post_tag","embeddable":true,"href":"https:\/\/informelitoral.com.ar\/%77%70%2d%6a%73%6f%6e\/wp\/v2\/tags?post=229713"}],"curies":[{"name":"wp","href":"https:\/\/api.w.org\/{rel}","templated":true}]}}