{"id":229710,"date":"2025-08-06T06:46:26","date_gmt":"2025-08-06T09:46:26","guid":{"rendered":"https:\/\/informelitoral.com.ar\/?p=229710"},"modified":"2025-08-06T20:48:49","modified_gmt":"2025-08-06T23:48:49","slug":"senado-entrerriano-en-tres-comisiones-se-analizaron-proyectos-relacionados-al-poder-judicial","status":"publish","type":"post","link":"https:\/\/informelitoral.com.ar\/senado-entrerriano-en-tres-comisiones-se-analizaron-proyectos-relacionados-al-poder-judicial\/","title":{"rendered":"Senado entrerriano: en tres comisiones se analizaron proyectos relacionados al Poder Judicial"},"content":{"rendered":"<p>Este mi\u00e9rcoles desde la hora 9 dieron comienzo las reuniones en la Sala de Comisiones, segundo piso de Casa de Gobierno. En primer lugar se desarroll\u00f3 el encuentro de trabajo de la Comisi\u00f3n de Presupuesto y Hacienda, para abordar el proyecto de ley por el que se establece que el Agente Financiero Provincial pagar\u00e1 al Superior Tribunal de Justicia de la Provincia un canon mensual en raz\u00f3n de los saldos disponibles de todas las cuentas bancarias judiciales abiertas por disposiciones de los jueces y las juezas provinciales en los juicios que tramitan en sus juzgados.<\/p>\n<p>Presentes en la sala estuvieron el presidente de la Comisi\u00f3n, Gustavo Vergara (Diamante \u2013 Juntos por Entre R\u00edos), junto a Casiano Otaegui (Gualeguay \u2013 Juntos Por Entre R\u00edos), Claudia Silva (Paran\u00e1-M\u00e1s para Entre R\u00edos) Ramiro Favre (Col\u00f3n \u2013 Juntos Por Entre R\u00edos), Jaime Benedetti (Gualeguaych\u00fa \u2013 Juntos Por Entre R\u00edos) Rub\u00e9n Dal Mol\u00edn (Federaci\u00f3n \u2013 Juntos Por Entre R\u00edos), Gladys Dom\u00ednguez (Feliciano \u2013 M\u00e1s Para Entre R\u00edos), Marcelo Berthet (San Salvador \u2013 M\u00e1s Para Entre R\u00edos) y V\u00edctor Sanzberro (Victoria \u2013 M\u00e1s Para Entre R\u00edos).<\/p>\n<p>Los senadores realizaron un intercambio en cuanto a los informes recibidos sobre el asunto, en tanto resolvieron que se le correr\u00e1 vista al Superior Tribunal de Justicia sobre la documentaci\u00f3n recibida en el seno de la Comisi\u00f3n, para evaluar posteriormente pasos a seguir en el estudio del proyecto de ley.<\/p>\n<p>Por otro lado dialogaron sobre el proyecto del Poder Ejecutivo que ingres\u00f3 en la sesi\u00f3n de este martes, por el que se declara prioritaria la restauraci\u00f3n de la sostenibilidad de la deuda p\u00fablica provincial. En este sentido acordaron fijar para la semana que viene una nueva reuni\u00f3n de Comisi\u00f3n para dar comienzo al tratamiento al mismo.<\/p>\n<h2><strong>Comisi\u00f3n de Legislaci\u00f3n General<\/strong><\/h2>\n<p>Posteriormente se llev\u00f3 adelante un encuentro cuyo objeto fue contemplar el proyecto de ley con ocho art\u00edculos por el que se establece la implementaci\u00f3n de manera gradual y progresiva de las Oficinas de Gesti\u00f3n \u00danica en los Fueros Civil, Comercial, de Familia y del Trabajo, iniciativa impulsada por el Superior Tribunal de Justicia. En los fundamentos de la iniciativa se lee que \u201cresulta necesaria la reorganizaci\u00f3n del organigrama judicial; por lo cual, corresponde sancionar una ley que faculte al Superior Tribunal de Justicia a adoptar las medidas necesarias y conducentes en pos de ese fin y para un mejor servicio de justicia\u201d.<\/p>\n<p>Los primeros art\u00edculos del proyecto establecen: \u201cFac\u00faltese al Superior Tribunal de Justicia a adoptar todas las medidas necesarias y conducentes para ajustar el funcionamiento de sus \u00e1reas administrativas y jurisdiccionales a la implementaci\u00f3n\u00a0 gradual y progresiva de las Oficinas de Gesti\u00f3n \u00danica en los Fueros Civil, Comercial, de Familia y del Trabajo, lo que incluye propuestas de reubicaci\u00f3n o reasignaci\u00f3n del personal y sus tareas, preservando la jerarqu\u00eda y los haberes, incluso solicitando la creaci\u00f3n de nuevas dependencias y unidades de gesti\u00f3n en favor del correcto funcionamiento del servicio de justicia y del respeto por los derechos y garant\u00edas de justiciables\u201d. Asimismo, se faculta al Superior Tribunal de Justicia \u201cal dictado de todas las normas pr\u00e1cticas necesarias para la aplicaci\u00f3n de las Oficinas de Gesti\u00f3n \u00danica en los Fueros Civil, Comercial, de Familia y del Trabajo\u201d.<\/p>\n<p>Los senadores dialogaron sobre los alcances del proyecto. La presidenta de la Comisi\u00f3n, Nancy Miranda (Federal \u2013 M\u00e1s para Entre R\u00edos) plante\u00f3 que tiempo atr\u00e1s integrantes del Superior Tribunal de Justicia dieron sus aportes a esta iniciativa. Junto a sus pares Juan Pablo Cosso (Villaguay \u2013 M\u00e1s para Entre R\u00edos), Rafael Cavagna (Nogoy\u00e1 \u2013 Juntos por Entre R\u00edos), Jaime Benedetti (Gualeguaych\u00fa \u2013 Juntos Por Entre R\u00edos), Rub\u00e9n Dal Mol\u00edn (Federaci\u00f3n \u2013 Juntos por Entre R\u00edos) y Patricia D\u00edaz (La Paz \u2013 M\u00e1s para Entre R\u00edos), acordaron dar dictamen favorable para que el proyecto sea tratado en una pr\u00f3xima sesi\u00f3n.<\/p>\n<h2><strong>Reuni\u00f3n conjunta<\/strong><\/h2>\n<p>A partir de las 11 trabajaron las Comisiones de Legislaci\u00f3n General y de Asuntos Constitucionales y Acuerdos. Por un lado abordaron el proyecto de ley proveniente del Poder Ejecutivo y que cuenta con media sanci\u00f3n de la C\u00e1mara de Diputados, por el que se reforma la Ley del Consejo de la Magistratura. Con cinco t\u00edtulos y 47 art\u00edculos, se establece entre otras cosas que el Consejo de la Magistratura es un \u00f3rgano asesor permanente del Poder Ejecutivo provincial, con competencia exclusiva para proponer, mediante concursos p\u00fablicos y ternas vinculantes, la designaci\u00f3n de los Magistrados y Funcionarios de los Ministerios P\u00fablicos del Poder Judicial. Se dispone que estar\u00e1 integrado por once miembros y todo lo relativo a su funcionamiento, recursos, personal y Escuela Judicial, en este sentido se crea el Fondo de Financiamiento del Consejo de la Magistratura, y la Escuela Judicial, como espacio de formaci\u00f3n y capacitaci\u00f3n.<\/p>\n<p>Para esta reuni\u00f3n fueron invitados el presidente del Superior Tribunal de Justicia de Entre R\u00edos, Leonardo Portela; de la Asociaci\u00f3n de la Magistratura y la Funci\u00f3n Judicial de la provincia, Alejandro C\u00e1nepa y Gabriela L\u00f3pez Arango, presidente y vicepresidente; y representantes del Colegio de la Abogac\u00eda de Entre R\u00edos, Santiago Esquivel Vicepresidente 1\u00ba, Andrea Bel\u00e9n Saxer Vicepresidente 2\u00ba, y Alejandro Gonzalo Garc\u00eda Garro, representante ante el Jurado de Enjuiciamiento.<\/p>\n<p>Junto a la presidenta de la Comisi\u00f3n de Legislaci\u00f3n General, Nancy Miranda, el senador Cosso, presidente de Asuntos Constitucionales y Acuerdos, agradeci\u00f3 las presencias y manifest\u00f3 que se trata de \u201cla primera ronda de consultas para escuchar a las partes, con la idea de contar con un pantallazo general\u201d.<\/p>\n<p>C\u00e1nepa agradeci\u00f3 la invitaci\u00f3n y se\u00f1al\u00f3 que presentaron un escrito para los senadores con observaciones al proyecto con media sanci\u00f3n. El letrado hizo referencia a varios art\u00edculos del texto los cuales deber\u00edan tener modificaciones, con el fin de \u201cpoder tener la mejor ley posible\u201d. Apunt\u00f3 a la celeridad en los concursos, y trajo a colaci\u00f3n que actualmente hay 113 cargos vacantes en el Poder Judicial con suplentes.<\/p>\n<p>Por su parte, Saxer plante\u00f3 debates pendientes como por ejemplo las suplencias que no pasan por el Consejo de la Magistratura, tema puntajes en los concursos, y la discrecionalidad. Desde el Colegio tambi\u00e9n plasmar\u00e1n por escrito sus puntos de vista sobre el proyecto.<\/p>\n<p>A su turno, Portela agradeci\u00f3 la invitaci\u00f3n y resalt\u00f3 \u201cla importancia de ser escuchados en esta instancia, y que conozcamos las posturas que tenemos\u201d. El presidente del STJ se refiri\u00f3 a algunos de los art\u00edculos del proyecto, justific\u00f3 la selecci\u00f3n de suplentes, y realiz\u00f3 distintos aportes a la tem\u00e1tica. Los presidentes de las Comisiones confirmaron que continuar\u00e1n en pr\u00f3ximas reuniones, las consultas por este proyecto.<\/p>\n<h2><strong>Jurado de Enjuiciamiento<\/strong><\/h2>\n<p>Posteriormente se dio paso al proyecto de ley de autor\u00eda de la senadora D\u00edaz, por el que se modifica la Ley N\u00b0 9283 de Honorable Jurado de Enjuiciamiento, que \u201cresponde a la necesidad de adaptar y modernizar el marco normativo existente, garantizando la transparencia, la eficiencia y la justicia en los procesos de enjuiciamiento de los magistrados y funcionarios p\u00fablicos\u201d como se detalla en los fundamentos de la norma que cuenta con 46 art\u00edculos.<\/p>\n<p>En los primeros art\u00edculos establece que \u201cLos magistrados y funcionarios judiciales no sometidos a juicio pol\u00edtico por imperio de la Constituci\u00f3n Provincial solo podr\u00e1n ser removidos de sus cargos por decisi\u00f3n del Jurado de Enjuiciamiento en la forma prevista en la Secci\u00f3n VII de la Constituci\u00f3n Provincial y en la presente Ley. El Fiscal de Estado, el Contador General y el Tesorero General de la Provincia, los miembros del Tribunal de Cuentas, el Director General de Escuelas, los Vocales del Consejo General de Educaci\u00f3n y miembros del Consejo del Menor quedan tambi\u00e9n comprendidos en el r\u00e9gimen del Jurado de Enjuiciamiento establecido en la presente Ley. El Jurado de Enjuiciamiento estar\u00e1 integrado por tres (3) miembros del Superior Tribunal, dos (2) Legisladores, dos (2) representantes designados por el Colegio de la Abogac\u00eda de la Provincia, y dos (2) abogados sorteados de una lista de voluntarios matriculados, seleccionados para cada caso\u201d.<\/p>\n<p>La senadora D\u00edaz present\u00f3 el proyecto a los presentes destacando los puntos m\u00e1s importantes del mismo. El presidente del STJ se\u00f1al\u00f3 que \u201ccoincidimos en que es necesario modificar la ley pero somos cr\u00edticos del proyecto\u201d. Portela entendi\u00f3 que en algunos art\u00edculos contradice a la Constituci\u00f3n, habl\u00f3 de los pasos en los procesos, y marc\u00f3 algunas diferencias con el texto. En este sentido dej\u00f3 un escrito para las Comisiones con la postura del STJ.<\/p>\n<p>A su turno Garc\u00eda Garro plante\u00f3 definir competencias, apunt\u00f3 al tema de los plazos, y plasmar\u00e1n ideas y consideraciones para incorporar al trabajo del proyecto. C\u00e1nepa en tanto coincidi\u00f3 con la necesidad de la reforma, y presentar\u00e1n ante los senadores un documento para plantear sus aportes.<\/p>\n<p>Presentes en la reuni\u00f3n conjunta estuvieron los senadores Rafael Cavagna, Marcelo Berthet, Jaime Benedetti, Gustavo Vergara, Rub\u00e9n Dal Mol\u00edn, Patricia D\u00edaz, Claudia Silva y Gladys Dom\u00ednguez.<\/p>\n<h6><em><strong>Del archivo:\u00a0<a href=\"https:\/\/informelitoral.com.ar\/una-escuela-de-campo-entrerriana-que-es-historia-viva\/\" target=\"_blank\" rel=\"noopener\">Una escuela de campo entrerriana que es historia viva<\/a><\/strong><\/em><\/h6>\n","protected":false},"excerpt":{"rendered":"<p>Senadores reunidos en diferentes comisiones abordaron iniciativas elaboradas por el Superior Tribunal de Justicia, y recibi\u00f3 dictamen favorable el proyecto sobre la implementaci\u00f3n de manera gradual y progresiva de las Oficinas de Gesti\u00f3n \u00danica en los Fueros Civil, Comercial, de Familia y del Trabajo. Asimismo dieron su aporte el presidente del STJ, titulares de la Asociaci\u00f3n de la Magistratura y la Funci\u00f3n Judicial, y del Colegio de la Abogac\u00eda, para los proyectos de reforma al Jurado de Enjuiciamiento y la Ley del Consejo de la Magistratura.<\/p>\n","protected":false},"author":2,"featured_media":229711,"comment_status":"open","ping_status":"open","sticky":false,"template":"","format":"standard","meta":{"fifu_image_url":"https:\/\/www.senadoer.gob.ar\/wp-content\/uploads\/2025\/08\/WhatsApp-Image-2025-08-06-at-14.35.58-1-860x573.jpeg","fifu_image_alt":"","footnotes":""},"categories":[16],"tags":[2047,287,1766,464],"class_list":{"0":"post-229710","1":"post","2":"type-post","3":"status-publish","4":"format-standard","5":"has-post-thumbnail","7":"category-politi","8":"tag-camara-de-senadores","9":"tag-legislativas","10":"tag-poder-judicial","11":"tag-senado"},"yoast_head":"<title>Senado entrerriano: en tres comisiones se analizaron proyectos relacionados al Poder Judicial - Informe Litoral<\/title>\n<meta name=\"robots\" content=\"index, follow, max-snippet:-1, max-image-preview:large, max-video-preview:-1\" \/>\n<link rel=\"canonical\" href=\"https:\/\/informelitoral.com.ar\/senado-entrerriano-en-tres-comisiones-se-analizaron-proyectos-relacionados-al-poder-judicial\/\" \/>\n<meta property=\"og:locale\" content=\"es_ES\" \/>\n<meta property=\"og:type\" content=\"article\" \/>\n<meta property=\"og:title\" content=\"Senado entrerriano: en tres comisiones se analizaron proyectos relacionados al Poder Judicial - Informe Litoral\" \/>\n<meta property=\"og:description\" content=\"Senadores reunidos en diferentes comisiones abordaron iniciativas elaboradas por el Superior Tribunal de Justicia, y recibi\u00f3 dictamen favorable el proyecto sobre la implementaci\u00f3n de manera gradual y progresiva de las Oficinas de Gesti\u00f3n \u00danica en los Fueros Civil, Comercial, de Familia y del Trabajo. Asimismo dieron su aporte el presidente del STJ, titulares de la Asociaci\u00f3n de la Magistratura y la Funci\u00f3n Judicial, y del Colegio de la Abogac\u00eda, para los proyectos de reforma al Jurado de Enjuiciamiento y la Ley del Consejo de la Magistratura.\" \/>\n<meta property=\"og:url\" content=\"https:\/\/informelitoral.com.ar\/senado-entrerriano-en-tres-comisiones-se-analizaron-proyectos-relacionados-al-poder-judicial\/\" \/>\n<meta property=\"og:site_name\" content=\"Informe Litoral\" \/>\n<meta property=\"article:publisher\" content=\"https:\/\/www.facebook.com\/informelitoral\/\" \/>\n<meta property=\"article:published_time\" content=\"2025-08-06T09:46:26+00:00\" \/>\n<meta property=\"article:modified_time\" content=\"2025-08-06T23:48:49+00:00\" \/>\n<meta property=\"og:image\" content=\"https:\/\/www.senadoer.gob.ar\/%77%70%2d%63%6f%6e%74%65%6e%74\/uploads\/2025\/08\/WhatsApp-Image-2025-08-06-at-14.35.58-1-860x573.jpeg\" \/><meta property=\"og:image\" content=\"https:\/\/www.senadoer.gob.ar\/%77%70%2d%63%6f%6e%74%65%6e%74\/uploads\/2025\/08\/WhatsApp-Image-2025-08-06-at-14.35.58-1-860x573.jpeg\" \/>\n\t<meta property=\"og:image:width\" content=\"860\" \/>\n\t<meta property=\"og:image:height\" content=\"573\" \/>\n\t<meta property=\"og:image:type\" content=\"image\/jpeg\" \/>\n<meta name=\"author\" content=\"Gonzalo Schmidt\" \/>\n<meta name=\"twitter:card\" content=\"summary_large_image\" \/>\n<meta name=\"twitter:image\" content=\"https:\/\/www.senadoer.gob.ar\/%77%70%2d%63%6f%6e%74%65%6e%74\/uploads\/2025\/08\/WhatsApp-Image-2025-08-06-at-14.35.58-1-860x573.jpeg\" \/>\n<meta name=\"twitter:creator\" content=\"@InformeLitoral\" \/>\n<meta name=\"twitter:site\" content=\"@InformeLitoral\" \/>\n<meta name=\"twitter:label1\" content=\"Escrito por\" \/>\n\t<meta name=\"twitter:data1\" content=\"Gonzalo Schmidt\" \/>\n\t<meta name=\"twitter:label2\" content=\"Tiempo de lectura\" \/>\n\t<meta name=\"twitter:data2\" content=\"7 minutos\" \/>\n<script type=\"application\/ld+json\" class=\"yoast-schema-graph\">{\"@context\":\"https:\\\/\\\/schema.org\",\"@graph\":[{\"@type\":\"Article\",\"@id\":\"https:\\\/\\\/informelitoral.com.ar\\\/senado-entrerriano-en-tres-comisiones-se-analizaron-proyectos-relacionados-al-poder-judicial\\\/#article\",\"isPartOf\":{\"@id\":\"https:\\\/\\\/informelitoral.com.ar\\\/senado-entrerriano-en-tres-comisiones-se-analizaron-proyectos-relacionados-al-poder-judicial\\\/\"},\"author\":{\"name\":\"Gonzalo Schmidt\",\"@id\":\"https:\\\/\\\/informelitoral.com.ar\\\/#\\\/schema\\\/person\\\/b9d00407c836482871ef1d57bf8e3180\"},\"headline\":\"Senado entrerriano: en tres comisiones se analizaron proyectos relacionados al Poder Judicial\",\"datePublished\":\"2025-08-06T09:46:26+00:00\",\"dateModified\":\"2025-08-06T23:48:49+00:00\",\"mainEntityOfPage\":{\"@id\":\"https:\\\/\\\/informelitoral.com.ar\\\/senado-entrerriano-en-tres-comisiones-se-analizaron-proyectos-relacionados-al-poder-judicial\\\/\"},\"wordCount\":1572,\"commentCount\":0,\"publisher\":{\"@id\":\"https:\\\/\\\/informelitoral.com.ar\\\/#organization\"},\"image\":{\"@id\":\"https:\\\/\\\/informelitoral.com.ar\\\/senado-entrerriano-en-tres-comisiones-se-analizaron-proyectos-relacionados-al-poder-judicial\\\/#primaryimage\"},\"thumbnailUrl\":\"https:\\\/\\\/www.senadoer.gob.ar\\\/%77%70%2d%63%6f%6e%74%65%6e%74\\\/uploads\\\/2025\\\/08\\\/WhatsApp-Image-2025-08-06-at-14.35.58-1-860x573.jpeg\",\"keywords\":[\"Camara de Senadores\",\"Legislativas\",\"Poder Judicial\",\"Senado\"],\"articleSection\":[\"Politica\"],\"inLanguage\":\"es\",\"potentialAction\":[{\"@type\":\"CommentAction\",\"name\":\"Comment\",\"target\":[\"https:\\\/\\\/informelitoral.com.ar\\\/senado-entrerriano-en-tres-comisiones-se-analizaron-proyectos-relacionados-al-poder-judicial\\\/#respond\"]}]},{\"@type\":\"WebPage\",\"@id\":\"https:\\\/\\\/informelitoral.com.ar\\\/senado-entrerriano-en-tres-comisiones-se-analizaron-proyectos-relacionados-al-poder-judicial\\\/\",\"url\":\"https:\\\/\\\/informelitoral.com.ar\\\/senado-entrerriano-en-tres-comisiones-se-analizaron-proyectos-relacionados-al-poder-judicial\\\/\",\"name\":\"Senado entrerriano: en tres comisiones se analizaron proyectos relacionados al Poder Judicial - Informe Litoral\",\"isPartOf\":{\"@id\":\"https:\\\/\\\/informelitoral.com.ar\\\/#website\"},\"primaryImageOfPage\":{\"@id\":\"https:\\\/\\\/informelitoral.com.ar\\\/senado-entrerriano-en-tres-comisiones-se-analizaron-proyectos-relacionados-al-poder-judicial\\\/#primaryimage\"},\"image\":{\"@id\":\"https:\\\/\\\/informelitoral.com.ar\\\/senado-entrerriano-en-tres-comisiones-se-analizaron-proyectos-relacionados-al-poder-judicial\\\/#primaryimage\"},\"thumbnailUrl\":\"https:\\\/\\\/www.senadoer.gob.ar\\\/%77%70%2d%63%6f%6e%74%65%6e%74\\\/uploads\\\/2025\\\/08\\\/WhatsApp-Image-2025-08-06-at-14.35.58-1-860x573.jpeg\",\"datePublished\":\"2025-08-06T09:46:26+00:00\",\"dateModified\":\"2025-08-06T23:48:49+00:00\",\"breadcrumb\":{\"@id\":\"https:\\\/\\\/informelitoral.com.ar\\\/senado-entrerriano-en-tres-comisiones-se-analizaron-proyectos-relacionados-al-poder-judicial\\\/#breadcrumb\"},\"inLanguage\":\"es\",\"potentialAction\":[{\"@type\":\"ReadAction\",\"target\":[\"https:\\\/\\\/informelitoral.com.ar\\\/senado-entrerriano-en-tres-comisiones-se-analizaron-proyectos-relacionados-al-poder-judicial\\\/\"]}]},{\"@type\":\"ImageObject\",\"inLanguage\":\"es\",\"@id\":\"https:\\\/\\\/informelitoral.com.ar\\\/senado-entrerriano-en-tres-comisiones-se-analizaron-proyectos-relacionados-al-poder-judicial\\\/#primaryimage\",\"url\":\"https:\\\/\\\/www.senadoer.gob.ar\\\/%77%70%2d%63%6f%6e%74%65%6e%74\\\/uploads\\\/2025\\\/08\\\/WhatsApp-Image-2025-08-06-at-14.35.58-1-860x573.jpeg\",\"contentUrl\":\"https:\\\/\\\/www.senadoer.gob.ar\\\/%77%70%2d%63%6f%6e%74%65%6e%74\\\/uploads\\\/2025\\\/08\\\/WhatsApp-Image-2025-08-06-at-14.35.58-1-860x573.jpeg\",\"width\":\"860\",\"height\":\"573\"},{\"@type\":\"BreadcrumbList\",\"@id\":\"https:\\\/\\\/informelitoral.com.ar\\\/senado-entrerriano-en-tres-comisiones-se-analizaron-proyectos-relacionados-al-poder-judicial\\\/#breadcrumb\",\"itemListElement\":[{\"@type\":\"ListItem\",\"position\":1,\"name\":\"Portada\",\"item\":\"https:\\\/\\\/informelitoral.com.ar\\\/\"},{\"@type\":\"ListItem\",\"position\":2,\"name\":\"Senado entrerriano: en tres comisiones se analizaron proyectos relacionados al Poder Judicial\"}]},{\"@type\":\"WebSite\",\"@id\":\"https:\\\/\\\/informelitoral.com.ar\\\/#website\",\"url\":\"https:\\\/\\\/informelitoral.com.ar\\\/\",\"name\":\"Informe Litoral\",\"description\":\"&quot;Nos informamos&quot; \",\"publisher\":{\"@id\":\"https:\\\/\\\/informelitoral.com.ar\\\/#organization\"},\"potentialAction\":[{\"@type\":\"SearchAction\",\"target\":{\"@type\":\"EntryPoint\",\"urlTemplate\":\"https:\\\/\\\/informelitoral.com.ar\\\/?s={search_term_string}\"},\"query-input\":{\"@type\":\"PropertyValueSpecification\",\"valueRequired\":true,\"valueName\":\"search_term_string\"}}],\"inLanguage\":\"es\"},{\"@type\":\"Organization\",\"@id\":\"https:\\\/\\\/informelitoral.com.ar\\\/#organization\",\"name\":\"Informe Litoral\",\"url\":\"https:\\\/\\\/informelitoral.com.ar\\\/\",\"logo\":{\"@type\":\"ImageObject\",\"inLanguage\":\"es\",\"@id\":\"https:\\\/\\\/informelitoral.com.ar\\\/#\\\/schema\\\/logo\\\/image\\\/\",\"url\":\"https:\\\/\\\/informelitoral.com.ar\\\/%77%70%2d%63%6f%6e%74%65%6e%74\\\/uploads\\\/2021\\\/01\\\/circulo.png\",\"contentUrl\":\"https:\\\/\\\/informelitoral.com.ar\\\/%77%70%2d%63%6f%6e%74%65%6e%74\\\/uploads\\\/2021\\\/01\\\/circulo.png\",\"width\":723,\"height\":731,\"caption\":\"Informe Litoral\"},\"image\":{\"@id\":\"https:\\\/\\\/informelitoral.com.ar\\\/#\\\/schema\\\/logo\\\/image\\\/\"},\"sameAs\":[\"https:\\\/\\\/www.facebook.com\\\/informelitoral\\\/\",\"https:\\\/\\\/x.com\\\/InformeLitoral\",\"https:\\\/\\\/www.instagram.com\\\/informelitoral\\\/\",\"https:\\\/\\\/www.youtube.com\\\/channel\\\/UCua4Qvz8Icb6MYqhoq9xLXw\"]},{\"@type\":\"Person\",\"@id\":\"https:\\\/\\\/informelitoral.com.ar\\\/#\\\/schema\\\/person\\\/b9d00407c836482871ef1d57bf8e3180\",\"name\":\"Gonzalo Schmidt\",\"image\":{\"@type\":\"ImageObject\",\"inLanguage\":\"es\",\"@id\":\"https:\\\/\\\/secure.gravatar.com\\\/avatar\\\/31a1a7b66ff2de83bd0e9fd79d026630d2d99e55e8bfe501287647b4fd9743de?s=96&d=mm&r=g\",\"url\":\"https:\\\/\\\/secure.gravatar.com\\\/avatar\\\/31a1a7b66ff2de83bd0e9fd79d026630d2d99e55e8bfe501287647b4fd9743de?s=96&d=mm&r=g\",\"contentUrl\":\"https:\\\/\\\/secure.gravatar.com\\\/avatar\\\/31a1a7b66ff2de83bd0e9fd79d026630d2d99e55e8bfe501287647b4fd9743de?s=96&d=mm&r=g\",\"caption\":\"Gonzalo Schmidt\"},\"description\":\"Sitio web de noticias de la provincia de Entre R\u00edos, Argentina. Informaci\u00f3n y entretenimiento. Informe Litoral, nos informamos.\",\"sameAs\":[\"http:\\\/\\\/www.isletasnoticias.com.ar\"],\"url\":\"https:\\\/\\\/informelitoral.com.ar\\\/author\\\/gonzalo\\\/\"}]}<\/script>","yoast_head_json":{"title":"Senado entrerriano: en tres comisiones se analizaron proyectos relacionados al Poder Judicial - Informe Litoral","robots":{"index":"index","follow":"follow","max-snippet":"max-snippet:-1","max-image-preview":"max-image-preview:large","max-video-preview":"max-video-preview:-1"},"canonical":"https:\/\/informelitoral.com.ar\/senado-entrerriano-en-tres-comisiones-se-analizaron-proyectos-relacionados-al-poder-judicial\/","og_locale":"es_ES","og_type":"article","og_title":"Senado entrerriano: en tres comisiones se analizaron proyectos relacionados al Poder Judicial - Informe Litoral","og_description":"Senadores reunidos en diferentes comisiones abordaron iniciativas elaboradas por el Superior Tribunal de Justicia, y recibi\u00f3 dictamen favorable el proyecto sobre la implementaci\u00f3n de manera gradual y progresiva de las Oficinas de Gesti\u00f3n \u00danica en los Fueros Civil, Comercial, de Familia y del Trabajo. Asimismo dieron su aporte el presidente del STJ, titulares de la Asociaci\u00f3n de la Magistratura y la Funci\u00f3n Judicial, y del Colegio de la Abogac\u00eda, para los proyectos de reforma al Jurado de Enjuiciamiento y la Ley del Consejo de la Magistratura.","og_url":"https:\/\/informelitoral.com.ar\/senado-entrerriano-en-tres-comisiones-se-analizaron-proyectos-relacionados-al-poder-judicial\/","og_site_name":"Informe Litoral","article_publisher":"https:\/\/www.facebook.com\/informelitoral\/","article_published_time":"2025-08-06T09:46:26+00:00","article_modified_time":"2025-08-06T23:48:49+00:00","og_image":[{"url":"https:\/\/www.senadoer.gob.ar\/wp-content\/uploads\/2025\/08\/WhatsApp-Image-2025-08-06-at-14.35.58-1-860x573.jpeg","type":"","width":"","height":""},{"width":860,"height":573,"url":"https:\/\/www.senadoer.gob.ar\/wp-content\/uploads\/2025\/08\/WhatsApp-Image-2025-08-06-at-14.35.58-1-860x573.jpeg","type":"image\/jpeg"}],"author":"Gonzalo Schmidt","twitter_card":"summary_large_image","twitter_image":"https:\/\/www.senadoer.gob.ar\/wp-content\/uploads\/2025\/08\/WhatsApp-Image-2025-08-06-at-14.35.58-1-860x573.jpeg","twitter_creator":"@InformeLitoral","twitter_site":"@InformeLitoral","twitter_misc":{"Escrito por":"Gonzalo Schmidt","Tiempo de lectura":"7 minutos"},"schema":{"@context":"https:\/\/schema.org","@graph":[{"@type":"Article","@id":"https:\/\/informelitoral.com.ar\/senado-entrerriano-en-tres-comisiones-se-analizaron-proyectos-relacionados-al-poder-judicial\/#article","isPartOf":{"@id":"https:\/\/informelitoral.com.ar\/senado-entrerriano-en-tres-comisiones-se-analizaron-proyectos-relacionados-al-poder-judicial\/"},"author":{"name":"Gonzalo Schmidt","@id":"https:\/\/informelitoral.com.ar\/#\/schema\/person\/b9d00407c836482871ef1d57bf8e3180"},"headline":"Senado entrerriano: en tres comisiones se analizaron proyectos relacionados al Poder Judicial","datePublished":"2025-08-06T09:46:26+00:00","dateModified":"2025-08-06T23:48:49+00:00","mainEntityOfPage":{"@id":"https:\/\/informelitoral.com.ar\/senado-entrerriano-en-tres-comisiones-se-analizaron-proyectos-relacionados-al-poder-judicial\/"},"wordCount":1572,"commentCount":0,"publisher":{"@id":"https:\/\/informelitoral.com.ar\/#organization"},"image":{"@id":"https:\/\/informelitoral.com.ar\/senado-entrerriano-en-tres-comisiones-se-analizaron-proyectos-relacionados-al-poder-judicial\/#primaryimage"},"thumbnailUrl":"https:\/\/www.senadoer.gob.ar\/%77%70%2d%63%6f%6e%74%65%6e%74\/uploads\/2025\/08\/WhatsApp-Image-2025-08-06-at-14.35.58-1-860x573.jpeg","keywords":["Camara de Senadores","Legislativas","Poder Judicial","Senado"],"articleSection":["Politica"],"inLanguage":"es","potentialAction":[{"@type":"CommentAction","name":"Comment","target":["https:\/\/informelitoral.com.ar\/senado-entrerriano-en-tres-comisiones-se-analizaron-proyectos-relacionados-al-poder-judicial\/#respond"]}]},{"@type":"WebPage","@id":"https:\/\/informelitoral.com.ar\/senado-entrerriano-en-tres-comisiones-se-analizaron-proyectos-relacionados-al-poder-judicial\/","url":"https:\/\/informelitoral.com.ar\/senado-entrerriano-en-tres-comisiones-se-analizaron-proyectos-relacionados-al-poder-judicial\/","name":"Senado entrerriano: en tres comisiones se analizaron proyectos relacionados al Poder Judicial - Informe Litoral","isPartOf":{"@id":"https:\/\/informelitoral.com.ar\/#website"},"primaryImageOfPage":{"@id":"https:\/\/informelitoral.com.ar\/senado-entrerriano-en-tres-comisiones-se-analizaron-proyectos-relacionados-al-poder-judicial\/#primaryimage"},"image":{"@id":"https:\/\/informelitoral.com.ar\/senado-entrerriano-en-tres-comisiones-se-analizaron-proyectos-relacionados-al-poder-judicial\/#primaryimage"},"thumbnailUrl":"https:\/\/www.senadoer.gob.ar\/%77%70%2d%63%6f%6e%74%65%6e%74\/uploads\/2025\/08\/WhatsApp-Image-2025-08-06-at-14.35.58-1-860x573.jpeg","datePublished":"2025-08-06T09:46:26+00:00","dateModified":"2025-08-06T23:48:49+00:00","breadcrumb":{"@id":"https:\/\/informelitoral.com.ar\/senado-entrerriano-en-tres-comisiones-se-analizaron-proyectos-relacionados-al-poder-judicial\/#breadcrumb"},"inLanguage":"es","potentialAction":[{"@type":"ReadAction","target":["https:\/\/informelitoral.com.ar\/senado-entrerriano-en-tres-comisiones-se-analizaron-proyectos-relacionados-al-poder-judicial\/"]}]},{"@type":"ImageObject","inLanguage":"es","@id":"https:\/\/informelitoral.com.ar\/senado-entrerriano-en-tres-comisiones-se-analizaron-proyectos-relacionados-al-poder-judicial\/#primaryimage","url":"https:\/\/www.senadoer.gob.ar\/%77%70%2d%63%6f%6e%74%65%6e%74\/uploads\/2025\/08\/WhatsApp-Image-2025-08-06-at-14.35.58-1-860x573.jpeg","contentUrl":"https:\/\/www.senadoer.gob.ar\/%77%70%2d%63%6f%6e%74%65%6e%74\/uploads\/2025\/08\/WhatsApp-Image-2025-08-06-at-14.35.58-1-860x573.jpeg","width":"860","height":"573"},{"@type":"BreadcrumbList","@id":"https:\/\/informelitoral.com.ar\/senado-entrerriano-en-tres-comisiones-se-analizaron-proyectos-relacionados-al-poder-judicial\/#breadcrumb","itemListElement":[{"@type":"ListItem","position":1,"name":"Portada","item":"https:\/\/informelitoral.com.ar\/"},{"@type":"ListItem","position":2,"name":"Senado entrerriano: en tres comisiones se analizaron proyectos relacionados al Poder Judicial"}]},{"@type":"WebSite","@id":"https:\/\/informelitoral.com.ar\/#website","url":"https:\/\/informelitoral.com.ar\/","name":"Informe Litoral","description":"&quot;Nos informamos&quot; ","publisher":{"@id":"https:\/\/informelitoral.com.ar\/#organization"},"potentialAction":[{"@type":"SearchAction","target":{"@type":"EntryPoint","urlTemplate":"https:\/\/informelitoral.com.ar\/?s={search_term_string}"},"query-input":{"@type":"PropertyValueSpecification","valueRequired":true,"valueName":"search_term_string"}}],"inLanguage":"es"},{"@type":"Organization","@id":"https:\/\/informelitoral.com.ar\/#organization","name":"Informe Litoral","url":"https:\/\/informelitoral.com.ar\/","logo":{"@type":"ImageObject","inLanguage":"es","@id":"https:\/\/informelitoral.com.ar\/#\/schema\/logo\/image\/","url":"https:\/\/informelitoral.com.ar\/%77%70%2d%63%6f%6e%74%65%6e%74\/uploads\/2021\/01\/circulo.png","contentUrl":"https:\/\/informelitoral.com.ar\/%77%70%2d%63%6f%6e%74%65%6e%74\/uploads\/2021\/01\/circulo.png","width":723,"height":731,"caption":"Informe Litoral"},"image":{"@id":"https:\/\/informelitoral.com.ar\/#\/schema\/logo\/image\/"},"sameAs":["https:\/\/www.facebook.com\/informelitoral\/","https:\/\/x.com\/InformeLitoral","https:\/\/www.instagram.com\/informelitoral\/","https:\/\/www.youtube.com\/channel\/UCua4Qvz8Icb6MYqhoq9xLXw"]},{"@type":"Person","@id":"https:\/\/informelitoral.com.ar\/#\/schema\/person\/b9d00407c836482871ef1d57bf8e3180","name":"Gonzalo Schmidt","image":{"@type":"ImageObject","inLanguage":"es","@id":"https:\/\/secure.gravatar.com\/avatar\/31a1a7b66ff2de83bd0e9fd79d026630d2d99e55e8bfe501287647b4fd9743de?s=96&d=mm&r=g","url":"https:\/\/secure.gravatar.com\/avatar\/31a1a7b66ff2de83bd0e9fd79d026630d2d99e55e8bfe501287647b4fd9743de?s=96&d=mm&r=g","contentUrl":"https:\/\/secure.gravatar.com\/avatar\/31a1a7b66ff2de83bd0e9fd79d026630d2d99e55e8bfe501287647b4fd9743de?s=96&d=mm&r=g","caption":"Gonzalo Schmidt"},"description":"Sitio web de noticias de la provincia de Entre R\u00edos, Argentina. Informaci\u00f3n y entretenimiento. Informe Litoral, nos informamos.","sameAs":["http:\/\/www.isletasnoticias.com.ar"],"url":"https:\/\/informelitoral.com.ar\/author\/gonzalo\/"}]}},"fifu_image_url":"https:\/\/www.senadoer.gob.ar\/wp-content\/uploads\/2025\/08\/WhatsApp-Image-2025-08-06-at-14.35.58-1-860x573.jpeg","_links":{"self":[{"href":"https:\/\/informelitoral.com.ar\/%77%70%2d%6a%73%6f%6e\/wp\/v2\/posts\/229710","targetHints":{"allow":["GET"]}}],"collection":[{"href":"https:\/\/informelitoral.com.ar\/%77%70%2d%6a%73%6f%6e\/wp\/v2\/posts"}],"about":[{"href":"https:\/\/informelitoral.com.ar\/%77%70%2d%6a%73%6f%6e\/wp\/v2\/types\/post"}],"author":[{"embeddable":true,"href":"https:\/\/informelitoral.com.ar\/%77%70%2d%6a%73%6f%6e\/wp\/v2\/users\/2"}],"replies":[{"embeddable":true,"href":"https:\/\/informelitoral.com.ar\/%77%70%2d%6a%73%6f%6e\/wp\/v2\/comments?post=229710"}],"version-history":[{"count":1,"href":"https:\/\/informelitoral.com.ar\/%77%70%2d%6a%73%6f%6e\/wp\/v2\/posts\/229710\/revisions"}],"predecessor-version":[{"id":229712,"href":"https:\/\/informelitoral.com.ar\/%77%70%2d%6a%73%6f%6e\/wp\/v2\/posts\/229710\/revisions\/229712"}],"wp:featuredmedia":[{"embeddable":true,"href":"https:\/\/informelitoral.com.ar\/%77%70%2d%6a%73%6f%6e\/wp\/v2\/media\/229711"}],"wp:attachment":[{"href":"https:\/\/informelitoral.com.ar\/%77%70%2d%6a%73%6f%6e\/wp\/v2\/media?parent=229710"}],"wp:term":[{"taxonomy":"category","embeddable":true,"href":"https:\/\/informelitoral.com.ar\/%77%70%2d%6a%73%6f%6e\/wp\/v2\/categories?post=229710"},{"taxonomy":"post_tag","embeddable":true,"href":"https:\/\/informelitoral.com.ar\/%77%70%2d%6a%73%6f%6e\/wp\/v2\/tags?post=229710"}],"curies":[{"name":"wp","href":"https:\/\/api.w.org\/{rel}","templated":true}]}}