{"id":229699,"date":"2025-08-06T20:35:30","date_gmt":"2025-08-06T23:35:30","guid":{"rendered":"https:\/\/informelitoral.com.ar\/?p=229699"},"modified":"2025-08-06T20:36:10","modified_gmt":"2025-08-06T23:36:10","slug":"declararon-de-interes-el-25-aniversario-de-un-centro-de-salud-mental-de-diamante","status":"publish","type":"post","link":"https:\/\/informelitoral.com.ar\/declararon-de-interes-el-25-aniversario-de-un-centro-de-salud-mental-de-diamante\/","title":{"rendered":"Declararon de inter\u00e9s el 25\u00b0 aniversario de un centro de salud mental de Diamante"},"content":{"rendered":"<p>El proyecto busca reconocer la labor de esta instituci\u00f3n que celebra sus bodas de plata tras cumplir 25 a\u00f1os el pasado 1 de agosto. La empresa, que cuenta con una trayectoria de m\u00e1s de dos d\u00e9cadas, se ha consolidado como un pilar fundamental para la atenci\u00f3n en salud mental y discapacidad en la regi\u00f3n.<\/p>\n<p>La historia de SI.SA.ME. se remonta al a\u00f1o 2000, cuando la empresa adquiri\u00f3 el antiguo policl\u00ednico ferroviario de Diamante, garantizando la continuidad laboral de sus trabajadores y del servicio de salud. Seg\u00fan relat\u00f3 Javier Alarc\u00f3n, la firma \u00abse hace cargo de varios policl\u00ednicos y adquiere el de Diamante, el 1 de agosto del 2000. De esa manera se garantiza en esos momentos la continuidad laboral de mucha gente que trabajaba ah\u00ed y obviamente la continuidad del servicio\u00bb. En sus inicios, la atenci\u00f3n se centraba en psiquiatr\u00eda, pero a partir de 2010 se expandi\u00f3 para ofrecer prestaciones en discapacidad, bajo la modalidad de hogar permanente y centro de d\u00eda.<\/p>\n<p>Actualmente, el centro atiende a 86 residentes, algunos de los cuales provienen de distintas localidades de Entre R\u00edos y Santa Fe. El centro tambi\u00e9n cuenta con un centro educativo propio que permite a los residentes completar la escuela primaria.<\/p>\n<p>El proyecto de declaraci\u00f3n destaca la amplia gama de actividades que se realizan en la instituci\u00f3n para la integraci\u00f3n social, educativa y recreativa de los residentes. Entre ellas, se menciona la existencia de una batucada integrada por residentes y personal, adem\u00e1s de diversos talleres que se adaptan a las necesidades de cada persona. El centro educativo, con su aula independiente, est\u00e1 equipado para que los chicos puedan desarrollar actividades de forma c\u00f3moda con el material did\u00e1ctico necesario.<\/p>\n<p>Finalmente, el referente de SI.SA.ME. subray\u00f3 el valor de la empresa como una importante fuente de trabajo para la comunidad. Con m\u00e1s de 85 empleados, m\u00e1s la parte de acompa\u00f1antes terap\u00e9uticos, la instituci\u00f3n es un motor econ\u00f3mico en la ciudad. \u00abLa verdad que hayan podido mantener durante estos 25 a\u00f1os esa fuente de trabajo es digno de agradecer\u00bb, concluy\u00f3 Alarc\u00f3n. El centro tambi\u00e9n es auditado por diversas obras sociales y organismos de salud, garantizando la calidad de vida de sus residentes.<\/p>\n<h2><strong>Escuch\u00e1 la entrevista:<\/strong><\/h2>\n<p><iframe title=\"Spotify Embed: Se declar\u00f3 de inter\u00e9s el aniversario de un centro de salud mental de Diamante\" style=\"border-radius: 12px\" width=\"100%\" height=\"152\" frameborder=\"0\" allowfullscreen allow=\"autoplay; clipboard-write; encrypted-media; fullscreen; picture-in-picture\" loading=\"lazy\" src=\"https:\/\/open.spotify.com\/embed\/episode\/7uBuMEpjhhdVYnMJ8quAhy?go=1&#038;sp_cid=80a5bc9c3573b58465786e6a9074dbaa&#038;utm_source=oembed&#038;utm_medium=desktop\"><\/iframe><\/p>\n<h6><em><strong>Del archivo:\u00a0<a href=\"https:\/\/informelitoral.com.ar\/caida-historica-en-la-siembra-de-soja-en-argentina-el-maiz-y-el-trigo-ganan-terreno\/\" target=\"_blank\" rel=\"noopener\">Ca\u00edda hist\u00f3rica en la siembra de soja en Argentina: el ma\u00edz y el trigo ganan terreno<\/a><\/strong><\/em><\/h6>\n","protected":false},"excerpt":{"rendered":"<p>Por iniciativa del diputado L\u00e9nico Aranda, la C\u00e1mara baja provincial declar\u00f3 de inter\u00e9s el 25\u00b0 aniversario de SI.SA.ME, Centro de Salud Mental y Discapacidad de la ciudad de Diamante. Javier Alarc\u00f3n, trabajador administrativo de la instituci\u00f3n, cont\u00f3 cu\u00e1les son los servicios que brindan a la comunidad. <\/p>\n","protected":false},"author":2,"featured_media":229701,"comment_status":"open","ping_status":"open","sticky":false,"template":"","format":"standard","meta":{"fifu_image_url":"https:\/\/media.lavoz901.com\/fotos-new\/2025\/08\/06\/b_1754500240.jpg","fifu_image_alt":"","footnotes":""},"categories":[16],"tags":[3627,34,196,287],"class_list":{"0":"post-229699","1":"post","2":"type-post","3":"status-publish","4":"format-standard","5":"has-post-thumbnail","7":"category-politi","8":"tag-camara-de-diputados","9":"tag-diamante","10":"tag-diputados","11":"tag-legislativas"},"yoast_head":"<title>Declararon de inter\u00e9s el 25\u00b0 aniversario de un centro de salud mental de Diamante - Informe Litoral<\/title>\n<meta name=\"robots\" content=\"index, follow, max-snippet:-1, max-image-preview:large, max-video-preview:-1\" \/>\n<link rel=\"canonical\" href=\"https:\/\/informelitoral.com.ar\/declararon-de-interes-el-25-aniversario-de-un-centro-de-salud-mental-de-diamante\/\" \/>\n<meta property=\"og:locale\" content=\"es_ES\" \/>\n<meta property=\"og:type\" content=\"article\" \/>\n<meta property=\"og:title\" content=\"Declararon de inter\u00e9s el 25\u00b0 aniversario de un centro de salud mental de Diamante - Informe Litoral\" \/>\n<meta property=\"og:description\" content=\"Por iniciativa del diputado L\u00e9nico Aranda, la C\u00e1mara baja provincial declar\u00f3 de inter\u00e9s el 25\u00b0 aniversario de SI.SA.ME, Centro de Salud Mental y Discapacidad de la ciudad de Diamante. Javier Alarc\u00f3n, trabajador administrativo de la instituci\u00f3n, cont\u00f3 cu\u00e1les son los servicios que brindan a la comunidad.\" \/>\n<meta property=\"og:url\" content=\"https:\/\/informelitoral.com.ar\/declararon-de-interes-el-25-aniversario-de-un-centro-de-salud-mental-de-diamante\/\" \/>\n<meta property=\"og:site_name\" content=\"Informe Litoral\" \/>\n<meta property=\"article:publisher\" content=\"https:\/\/www.facebook.com\/informelitoral\/\" \/>\n<meta property=\"article:published_time\" content=\"2025-08-06T23:35:30+00:00\" \/>\n<meta property=\"article:modified_time\" content=\"2025-08-06T23:36:10+00:00\" \/>\n<meta property=\"og:image\" content=\"https:\/\/media.lavoz901.com\/fotos-new\/2025\/08\/06\/b_1754500240.jpg\" \/><meta property=\"og:image\" content=\"https:\/\/media.lavoz901.com\/fotos-new\/2025\/08\/06\/b_1754500240.jpg\" \/>\n\t<meta property=\"og:image:width\" content=\"948\" \/>\n\t<meta property=\"og:image:height\" content=\"632\" \/>\n\t<meta property=\"og:image:type\" content=\"image\/jpeg\" \/>\n<meta name=\"author\" content=\"Gonzalo Schmidt\" \/>\n<meta name=\"twitter:card\" content=\"summary_large_image\" \/>\n<meta name=\"twitter:image\" content=\"https:\/\/media.lavoz901.com\/fotos-new\/2025\/08\/06\/b_1754500240.jpg\" \/>\n<meta name=\"twitter:creator\" content=\"@InformeLitoral\" \/>\n<meta name=\"twitter:site\" content=\"@InformeLitoral\" \/>\n<meta name=\"twitter:label1\" content=\"Escrito por\" \/>\n\t<meta name=\"twitter:data1\" content=\"Gonzalo Schmidt\" \/>\n\t<meta name=\"twitter:label2\" content=\"Tiempo de lectura\" \/>\n\t<meta name=\"twitter:data2\" content=\"2 minutos\" \/>\n<script type=\"application\/ld+json\" class=\"yoast-schema-graph\">{\"@context\":\"https:\\\/\\\/schema.org\",\"@graph\":[{\"@type\":\"Article\",\"@id\":\"https:\\\/\\\/informelitoral.com.ar\\\/declararon-de-interes-el-25-aniversario-de-un-centro-de-salud-mental-de-diamante\\\/#article\",\"isPartOf\":{\"@id\":\"https:\\\/\\\/informelitoral.com.ar\\\/declararon-de-interes-el-25-aniversario-de-un-centro-de-salud-mental-de-diamante\\\/\"},\"author\":{\"name\":\"Gonzalo Schmidt\",\"@id\":\"https:\\\/\\\/informelitoral.com.ar\\\/#\\\/schema\\\/person\\\/b9d00407c836482871ef1d57bf8e3180\"},\"headline\":\"Declararon de inter\u00e9s el 25\u00b0 aniversario de un centro de salud mental de Diamante\",\"datePublished\":\"2025-08-06T23:35:30+00:00\",\"dateModified\":\"2025-08-06T23:36:10+00:00\",\"mainEntityOfPage\":{\"@id\":\"https:\\\/\\\/informelitoral.com.ar\\\/declararon-de-interes-el-25-aniversario-de-un-centro-de-salud-mental-de-diamante\\\/\"},\"wordCount\":451,\"commentCount\":0,\"publisher\":{\"@id\":\"https:\\\/\\\/informelitoral.com.ar\\\/#organization\"},\"image\":{\"@id\":\"https:\\\/\\\/informelitoral.com.ar\\\/declararon-de-interes-el-25-aniversario-de-un-centro-de-salud-mental-de-diamante\\\/#primaryimage\"},\"thumbnailUrl\":\"https:\\\/\\\/media.lavoz901.com\\\/fotos-new\\\/2025\\\/08\\\/06\\\/b_1754500240.jpg\",\"keywords\":[\"C\u00e1mara de Diputados\",\"Diamante\",\"Diputados\",\"Legislativas\"],\"articleSection\":[\"Politica\"],\"inLanguage\":\"es\",\"potentialAction\":[{\"@type\":\"CommentAction\",\"name\":\"Comment\",\"target\":[\"https:\\\/\\\/informelitoral.com.ar\\\/declararon-de-interes-el-25-aniversario-de-un-centro-de-salud-mental-de-diamante\\\/#respond\"]}]},{\"@type\":\"WebPage\",\"@id\":\"https:\\\/\\\/informelitoral.com.ar\\\/declararon-de-interes-el-25-aniversario-de-un-centro-de-salud-mental-de-diamante\\\/\",\"url\":\"https:\\\/\\\/informelitoral.com.ar\\\/declararon-de-interes-el-25-aniversario-de-un-centro-de-salud-mental-de-diamante\\\/\",\"name\":\"Declararon de inter\u00e9s el 25\u00b0 aniversario de un centro de salud mental de Diamante - Informe Litoral\",\"isPartOf\":{\"@id\":\"https:\\\/\\\/informelitoral.com.ar\\\/#website\"},\"primaryImageOfPage\":{\"@id\":\"https:\\\/\\\/informelitoral.com.ar\\\/declararon-de-interes-el-25-aniversario-de-un-centro-de-salud-mental-de-diamante\\\/#primaryimage\"},\"image\":{\"@id\":\"https:\\\/\\\/informelitoral.com.ar\\\/declararon-de-interes-el-25-aniversario-de-un-centro-de-salud-mental-de-diamante\\\/#primaryimage\"},\"thumbnailUrl\":\"https:\\\/\\\/media.lavoz901.com\\\/fotos-new\\\/2025\\\/08\\\/06\\\/b_1754500240.jpg\",\"datePublished\":\"2025-08-06T23:35:30+00:00\",\"dateModified\":\"2025-08-06T23:36:10+00:00\",\"breadcrumb\":{\"@id\":\"https:\\\/\\\/informelitoral.com.ar\\\/declararon-de-interes-el-25-aniversario-de-un-centro-de-salud-mental-de-diamante\\\/#breadcrumb\"},\"inLanguage\":\"es\",\"potentialAction\":[{\"@type\":\"ReadAction\",\"target\":[\"https:\\\/\\\/informelitoral.com.ar\\\/declararon-de-interes-el-25-aniversario-de-un-centro-de-salud-mental-de-diamante\\\/\"]}]},{\"@type\":\"ImageObject\",\"inLanguage\":\"es\",\"@id\":\"https:\\\/\\\/informelitoral.com.ar\\\/declararon-de-interes-el-25-aniversario-de-un-centro-de-salud-mental-de-diamante\\\/#primaryimage\",\"url\":\"https:\\\/\\\/media.lavoz901.com\\\/fotos-new\\\/2025\\\/08\\\/06\\\/b_1754500240.jpg\",\"contentUrl\":\"https:\\\/\\\/media.lavoz901.com\\\/fotos-new\\\/2025\\\/08\\\/06\\\/b_1754500240.jpg\",\"width\":\"948\",\"height\":\"632\"},{\"@type\":\"BreadcrumbList\",\"@id\":\"https:\\\/\\\/informelitoral.com.ar\\\/declararon-de-interes-el-25-aniversario-de-un-centro-de-salud-mental-de-diamante\\\/#breadcrumb\",\"itemListElement\":[{\"@type\":\"ListItem\",\"position\":1,\"name\":\"Portada\",\"item\":\"https:\\\/\\\/informelitoral.com.ar\\\/\"},{\"@type\":\"ListItem\",\"position\":2,\"name\":\"Declararon de inter\u00e9s el 25\u00b0 aniversario de un centro de salud mental de Diamante\"}]},{\"@type\":\"WebSite\",\"@id\":\"https:\\\/\\\/informelitoral.com.ar\\\/#website\",\"url\":\"https:\\\/\\\/informelitoral.com.ar\\\/\",\"name\":\"Informe Litoral\",\"description\":\"&quot;Nos informamos&quot; \",\"publisher\":{\"@id\":\"https:\\\/\\\/informelitoral.com.ar\\\/#organization\"},\"potentialAction\":[{\"@type\":\"SearchAction\",\"target\":{\"@type\":\"EntryPoint\",\"urlTemplate\":\"https:\\\/\\\/informelitoral.com.ar\\\/?s={search_term_string}\"},\"query-input\":{\"@type\":\"PropertyValueSpecification\",\"valueRequired\":true,\"valueName\":\"search_term_string\"}}],\"inLanguage\":\"es\"},{\"@type\":\"Organization\",\"@id\":\"https:\\\/\\\/informelitoral.com.ar\\\/#organization\",\"name\":\"Informe Litoral\",\"url\":\"https:\\\/\\\/informelitoral.com.ar\\\/\",\"logo\":{\"@type\":\"ImageObject\",\"inLanguage\":\"es\",\"@id\":\"https:\\\/\\\/informelitoral.com.ar\\\/#\\\/schema\\\/logo\\\/image\\\/\",\"url\":\"https:\\\/\\\/informelitoral.com.ar\\\/%77%70%2d%63%6f%6e%74%65%6e%74\\\/uploads\\\/2021\\\/01\\\/circulo.png\",\"contentUrl\":\"https:\\\/\\\/informelitoral.com.ar\\\/%77%70%2d%63%6f%6e%74%65%6e%74\\\/uploads\\\/2021\\\/01\\\/circulo.png\",\"width\":723,\"height\":731,\"caption\":\"Informe Litoral\"},\"image\":{\"@id\":\"https:\\\/\\\/informelitoral.com.ar\\\/#\\\/schema\\\/logo\\\/image\\\/\"},\"sameAs\":[\"https:\\\/\\\/www.facebook.com\\\/informelitoral\\\/\",\"https:\\\/\\\/x.com\\\/InformeLitoral\",\"https:\\\/\\\/www.instagram.com\\\/informelitoral\\\/\",\"https:\\\/\\\/www.youtube.com\\\/channel\\\/UCua4Qvz8Icb6MYqhoq9xLXw\"]},{\"@type\":\"Person\",\"@id\":\"https:\\\/\\\/informelitoral.com.ar\\\/#\\\/schema\\\/person\\\/b9d00407c836482871ef1d57bf8e3180\",\"name\":\"Gonzalo Schmidt\",\"image\":{\"@type\":\"ImageObject\",\"inLanguage\":\"es\",\"@id\":\"https:\\\/\\\/secure.gravatar.com\\\/avatar\\\/31a1a7b66ff2de83bd0e9fd79d026630d2d99e55e8bfe501287647b4fd9743de?s=96&d=mm&r=g\",\"url\":\"https:\\\/\\\/secure.gravatar.com\\\/avatar\\\/31a1a7b66ff2de83bd0e9fd79d026630d2d99e55e8bfe501287647b4fd9743de?s=96&d=mm&r=g\",\"contentUrl\":\"https:\\\/\\\/secure.gravatar.com\\\/avatar\\\/31a1a7b66ff2de83bd0e9fd79d026630d2d99e55e8bfe501287647b4fd9743de?s=96&d=mm&r=g\",\"caption\":\"Gonzalo Schmidt\"},\"description\":\"Sitio web de noticias de la provincia de Entre R\u00edos, Argentina. Informaci\u00f3n y entretenimiento. Informe Litoral, nos informamos.\",\"sameAs\":[\"http:\\\/\\\/www.isletasnoticias.com.ar\"],\"url\":\"https:\\\/\\\/informelitoral.com.ar\\\/author\\\/gonzalo\\\/\"}]}<\/script>","yoast_head_json":{"title":"Declararon de inter\u00e9s el 25\u00b0 aniversario de un centro de salud mental de Diamante - Informe Litoral","robots":{"index":"index","follow":"follow","max-snippet":"max-snippet:-1","max-image-preview":"max-image-preview:large","max-video-preview":"max-video-preview:-1"},"canonical":"https:\/\/informelitoral.com.ar\/declararon-de-interes-el-25-aniversario-de-un-centro-de-salud-mental-de-diamante\/","og_locale":"es_ES","og_type":"article","og_title":"Declararon de inter\u00e9s el 25\u00b0 aniversario de un centro de salud mental de Diamante - Informe Litoral","og_description":"Por iniciativa del diputado L\u00e9nico Aranda, la C\u00e1mara baja provincial declar\u00f3 de inter\u00e9s el 25\u00b0 aniversario de SI.SA.ME, Centro de Salud Mental y Discapacidad de la ciudad de Diamante. Javier Alarc\u00f3n, trabajador administrativo de la instituci\u00f3n, cont\u00f3 cu\u00e1les son los servicios que brindan a la comunidad.","og_url":"https:\/\/informelitoral.com.ar\/declararon-de-interes-el-25-aniversario-de-un-centro-de-salud-mental-de-diamante\/","og_site_name":"Informe Litoral","article_publisher":"https:\/\/www.facebook.com\/informelitoral\/","article_published_time":"2025-08-06T23:35:30+00:00","article_modified_time":"2025-08-06T23:36:10+00:00","og_image":[{"url":"https:\/\/media.lavoz901.com\/fotos-new\/2025\/08\/06\/b_1754500240.jpg","type":"","width":"","height":""},{"width":948,"height":632,"url":"https:\/\/media.lavoz901.com\/fotos-new\/2025\/08\/06\/b_1754500240.jpg","type":"image\/jpeg"}],"author":"Gonzalo Schmidt","twitter_card":"summary_large_image","twitter_image":"https:\/\/media.lavoz901.com\/fotos-new\/2025\/08\/06\/b_1754500240.jpg","twitter_creator":"@InformeLitoral","twitter_site":"@InformeLitoral","twitter_misc":{"Escrito por":"Gonzalo Schmidt","Tiempo de lectura":"2 minutos"},"schema":{"@context":"https:\/\/schema.org","@graph":[{"@type":"Article","@id":"https:\/\/informelitoral.com.ar\/declararon-de-interes-el-25-aniversario-de-un-centro-de-salud-mental-de-diamante\/#article","isPartOf":{"@id":"https:\/\/informelitoral.com.ar\/declararon-de-interes-el-25-aniversario-de-un-centro-de-salud-mental-de-diamante\/"},"author":{"name":"Gonzalo Schmidt","@id":"https:\/\/informelitoral.com.ar\/#\/schema\/person\/b9d00407c836482871ef1d57bf8e3180"},"headline":"Declararon de inter\u00e9s el 25\u00b0 aniversario de un centro de salud mental de Diamante","datePublished":"2025-08-06T23:35:30+00:00","dateModified":"2025-08-06T23:36:10+00:00","mainEntityOfPage":{"@id":"https:\/\/informelitoral.com.ar\/declararon-de-interes-el-25-aniversario-de-un-centro-de-salud-mental-de-diamante\/"},"wordCount":451,"commentCount":0,"publisher":{"@id":"https:\/\/informelitoral.com.ar\/#organization"},"image":{"@id":"https:\/\/informelitoral.com.ar\/declararon-de-interes-el-25-aniversario-de-un-centro-de-salud-mental-de-diamante\/#primaryimage"},"thumbnailUrl":"https:\/\/media.lavoz901.com\/fotos-new\/2025\/08\/06\/b_1754500240.jpg","keywords":["C\u00e1mara de Diputados","Diamante","Diputados","Legislativas"],"articleSection":["Politica"],"inLanguage":"es","potentialAction":[{"@type":"CommentAction","name":"Comment","target":["https:\/\/informelitoral.com.ar\/declararon-de-interes-el-25-aniversario-de-un-centro-de-salud-mental-de-diamante\/#respond"]}]},{"@type":"WebPage","@id":"https:\/\/informelitoral.com.ar\/declararon-de-interes-el-25-aniversario-de-un-centro-de-salud-mental-de-diamante\/","url":"https:\/\/informelitoral.com.ar\/declararon-de-interes-el-25-aniversario-de-un-centro-de-salud-mental-de-diamante\/","name":"Declararon de inter\u00e9s el 25\u00b0 aniversario de un centro de salud mental de Diamante - Informe Litoral","isPartOf":{"@id":"https:\/\/informelitoral.com.ar\/#website"},"primaryImageOfPage":{"@id":"https:\/\/informelitoral.com.ar\/declararon-de-interes-el-25-aniversario-de-un-centro-de-salud-mental-de-diamante\/#primaryimage"},"image":{"@id":"https:\/\/informelitoral.com.ar\/declararon-de-interes-el-25-aniversario-de-un-centro-de-salud-mental-de-diamante\/#primaryimage"},"thumbnailUrl":"https:\/\/media.lavoz901.com\/fotos-new\/2025\/08\/06\/b_1754500240.jpg","datePublished":"2025-08-06T23:35:30+00:00","dateModified":"2025-08-06T23:36:10+00:00","breadcrumb":{"@id":"https:\/\/informelitoral.com.ar\/declararon-de-interes-el-25-aniversario-de-un-centro-de-salud-mental-de-diamante\/#breadcrumb"},"inLanguage":"es","potentialAction":[{"@type":"ReadAction","target":["https:\/\/informelitoral.com.ar\/declararon-de-interes-el-25-aniversario-de-un-centro-de-salud-mental-de-diamante\/"]}]},{"@type":"ImageObject","inLanguage":"es","@id":"https:\/\/informelitoral.com.ar\/declararon-de-interes-el-25-aniversario-de-un-centro-de-salud-mental-de-diamante\/#primaryimage","url":"https:\/\/media.lavoz901.com\/fotos-new\/2025\/08\/06\/b_1754500240.jpg","contentUrl":"https:\/\/media.lavoz901.com\/fotos-new\/2025\/08\/06\/b_1754500240.jpg","width":"948","height":"632"},{"@type":"BreadcrumbList","@id":"https:\/\/informelitoral.com.ar\/declararon-de-interes-el-25-aniversario-de-un-centro-de-salud-mental-de-diamante\/#breadcrumb","itemListElement":[{"@type":"ListItem","position":1,"name":"Portada","item":"https:\/\/informelitoral.com.ar\/"},{"@type":"ListItem","position":2,"name":"Declararon de inter\u00e9s el 25\u00b0 aniversario de un centro de salud mental de Diamante"}]},{"@type":"WebSite","@id":"https:\/\/informelitoral.com.ar\/#website","url":"https:\/\/informelitoral.com.ar\/","name":"Informe Litoral","description":"&quot;Nos informamos&quot; ","publisher":{"@id":"https:\/\/informelitoral.com.ar\/#organization"},"potentialAction":[{"@type":"SearchAction","target":{"@type":"EntryPoint","urlTemplate":"https:\/\/informelitoral.com.ar\/?s={search_term_string}"},"query-input":{"@type":"PropertyValueSpecification","valueRequired":true,"valueName":"search_term_string"}}],"inLanguage":"es"},{"@type":"Organization","@id":"https:\/\/informelitoral.com.ar\/#organization","name":"Informe Litoral","url":"https:\/\/informelitoral.com.ar\/","logo":{"@type":"ImageObject","inLanguage":"es","@id":"https:\/\/informelitoral.com.ar\/#\/schema\/logo\/image\/","url":"https:\/\/informelitoral.com.ar\/%77%70%2d%63%6f%6e%74%65%6e%74\/uploads\/2021\/01\/circulo.png","contentUrl":"https:\/\/informelitoral.com.ar\/%77%70%2d%63%6f%6e%74%65%6e%74\/uploads\/2021\/01\/circulo.png","width":723,"height":731,"caption":"Informe Litoral"},"image":{"@id":"https:\/\/informelitoral.com.ar\/#\/schema\/logo\/image\/"},"sameAs":["https:\/\/www.facebook.com\/informelitoral\/","https:\/\/x.com\/InformeLitoral","https:\/\/www.instagram.com\/informelitoral\/","https:\/\/www.youtube.com\/channel\/UCua4Qvz8Icb6MYqhoq9xLXw"]},{"@type":"Person","@id":"https:\/\/informelitoral.com.ar\/#\/schema\/person\/b9d00407c836482871ef1d57bf8e3180","name":"Gonzalo Schmidt","image":{"@type":"ImageObject","inLanguage":"es","@id":"https:\/\/secure.gravatar.com\/avatar\/31a1a7b66ff2de83bd0e9fd79d026630d2d99e55e8bfe501287647b4fd9743de?s=96&d=mm&r=g","url":"https:\/\/secure.gravatar.com\/avatar\/31a1a7b66ff2de83bd0e9fd79d026630d2d99e55e8bfe501287647b4fd9743de?s=96&d=mm&r=g","contentUrl":"https:\/\/secure.gravatar.com\/avatar\/31a1a7b66ff2de83bd0e9fd79d026630d2d99e55e8bfe501287647b4fd9743de?s=96&d=mm&r=g","caption":"Gonzalo Schmidt"},"description":"Sitio web de noticias de la provincia de Entre R\u00edos, Argentina. Informaci\u00f3n y entretenimiento. Informe Litoral, nos informamos.","sameAs":["http:\/\/www.isletasnoticias.com.ar"],"url":"https:\/\/informelitoral.com.ar\/author\/gonzalo\/"}]}},"fifu_image_url":"https:\/\/media.lavoz901.com\/fotos-new\/2025\/08\/06\/b_1754500240.jpg","_links":{"self":[{"href":"https:\/\/informelitoral.com.ar\/%77%70%2d%6a%73%6f%6e\/wp\/v2\/posts\/229699","targetHints":{"allow":["GET"]}}],"collection":[{"href":"https:\/\/informelitoral.com.ar\/%77%70%2d%6a%73%6f%6e\/wp\/v2\/posts"}],"about":[{"href":"https:\/\/informelitoral.com.ar\/%77%70%2d%6a%73%6f%6e\/wp\/v2\/types\/post"}],"author":[{"embeddable":true,"href":"https:\/\/informelitoral.com.ar\/%77%70%2d%6a%73%6f%6e\/wp\/v2\/users\/2"}],"replies":[{"embeddable":true,"href":"https:\/\/informelitoral.com.ar\/%77%70%2d%6a%73%6f%6e\/wp\/v2\/comments?post=229699"}],"version-history":[{"count":2,"href":"https:\/\/informelitoral.com.ar\/%77%70%2d%6a%73%6f%6e\/wp\/v2\/posts\/229699\/revisions"}],"predecessor-version":[{"id":229702,"href":"https:\/\/informelitoral.com.ar\/%77%70%2d%6a%73%6f%6e\/wp\/v2\/posts\/229699\/revisions\/229702"}],"wp:featuredmedia":[{"embeddable":true,"href":"https:\/\/informelitoral.com.ar\/%77%70%2d%6a%73%6f%6e\/wp\/v2\/media\/229701"}],"wp:attachment":[{"href":"https:\/\/informelitoral.com.ar\/%77%70%2d%6a%73%6f%6e\/wp\/v2\/media?parent=229699"}],"wp:term":[{"taxonomy":"category","embeddable":true,"href":"https:\/\/informelitoral.com.ar\/%77%70%2d%6a%73%6f%6e\/wp\/v2\/categories?post=229699"},{"taxonomy":"post_tag","embeddable":true,"href":"https:\/\/informelitoral.com.ar\/%77%70%2d%6a%73%6f%6e\/wp\/v2\/tags?post=229699"}],"curies":[{"name":"wp","href":"https:\/\/api.w.org\/{rel}","templated":true}]}}