{"id":229661,"date":"2025-08-06T11:26:57","date_gmt":"2025-08-06T14:26:57","guid":{"rendered":"https:\/\/informelitoral.com.ar\/?p=229661"},"modified":"2025-08-06T20:13:41","modified_gmt":"2025-08-06T23:13:41","slug":"el-senado-entrerriano-sesiono-y-trato-varios-proyectos-2","status":"publish","type":"post","link":"https:\/\/informelitoral.com.ar\/el-senado-entrerriano-sesiono-y-trato-varios-proyectos-2\/","title":{"rendered":"El Senado entrerriano sesion\u00f3 y trat\u00f3 varios proyectos"},"content":{"rendered":"<p>En el recinto de la Honorable C\u00e1mara de Senadores, la vicegobernadora y presidente del cuerpo, Alicia Aluani, presidi\u00f3 la D\u00e9cima Sesi\u00f3n Ordinaria correspondiente al 146\u00ba Per\u00edodo Legislativo. Estuvo asistida por el secretario de C\u00e1mara de Senadores, Sergio Avero y la prosecretaria, Sara Foletto. La sesi\u00f3n cont\u00f3 con la presencia de 16 legisladores y quorum reglamentario.<\/p>\n<p>La Bandera Nacional fue izada por el senador Jaime Benedetti (Gualeguaych\u00fa- Juntos por Entre R\u00edos) y la Bandera de Entre R\u00edos por Marcelo Berthet (San Salvador- M\u00e1s para Entre R\u00edos).<\/p>\n<h2><strong>Sesi\u00f3n<\/strong><\/h2>\n<p>En la sesi\u00f3n de este martes, por Secretar\u00eda se dio lectura a los asuntos entrados, entre las Comunicaciones oficiales, se puso en conocimiento de los legisladores que el ministro secretario de Estado de Gobierno y Trabajo, Manuel Troncoso, mediante nota de fecha 1 de julio de 2025, se dirige a la presidente de la C\u00e1mara de Senadores, a fin de que se arbitren los medios necesarios para que el bloque oficialista y el bloque opositor con mayor n\u00famero de integrantes de la C\u00e1mara de Senadores propongan la terna de los s\u00edndicos fiscalizadores, en cumplimiento de la Ley 11.202 \u201cCreaci\u00f3n de la obra social de Entre R\u00edos (OSER). Expediente N\u00ba 31.927. El bloque oficialista propuso sus nombres mientras que el frente M\u00e1s para Entre R\u00edos pidi\u00f3 reserva para darlos a conocer en una pr\u00f3xima sesi\u00f3n.<\/p>\n<h2><strong>Proyectos presentados por el Ejecutivo<\/strong><\/h2>\n<p>Seguidamente, se dio tratamiento al proyecto por el que se autoriza al Ejecutivo a donar el Veh\u00edculo Marca Renault Trafic, modelo 1987, motor N\u00b0 4657565, chasis N\u00b0 31200203, Dominio VBQ 289, que pertenec\u00eda al Centro de Salud \u201cEnfermera Dioliria Joannas\u201d de La Clarita, a favor de la comuna de la misma localidad del departamento Col\u00f3n, el cual ser\u00e1 destinado para uso interno como utilitario.<\/p>\n<p>Luego, se trat\u00f3 el proyecto de Ley del Poder Ejecutivo, por el que se declara prioritaria la restauraci\u00f3n de la sostenibilidad de la deuda p\u00fablica provincial.<\/p>\n<p>Los senadores, asimismo, trataron el proyecto de Ley que impulsa el Poder Ejecutivo, que ya cuenta con la sanci\u00f3n de la C\u00e1mara de Diputados. La iniciativa modifica art\u00edculos de la Ley 10.746, de Juicio por Jurados en Entre R\u00edos. Expediente N\u00ba 27.259.<\/p>\n<h2><strong>Proyectos presentados por Senadores<\/strong><\/h2>\n<p>En el recinto se trat\u00f3 la iniciativa del senador Juan Diego Conti (Tala- M\u00e1s para Entre R\u00edos), por el que se crea el Museo Abierto Provincial \u201cH\u00e9roes Entrerrianos de Malvinas\u201d, con sede en Paran\u00e1, capital de Entre R\u00edos, con el fin de rendir homenaje y honor a los ca\u00eddos durante el conflicto armado por la reivindicaci\u00f3n territorial de las Islas Malvinas, Georgias del Sur y Sandwich del Sur. Expediente N\u00b015.393. A la Comisi\u00f3n de Legislaci\u00f3n General y de Educaci\u00f3n, Ciencia y Tecnolog\u00eda.<\/p>\n<p>Tambi\u00e9n el proyecto de Ley de autor\u00eda del senador Gustavo Vergara (Diamante- Juntos por Entre R\u00edos), por el que se autoriza al Superior Gobierno de la provincia a transferir a t\u00edtulo de donaci\u00f3n a favor de la Comuna de General Alvear los inmuebles individualizados en los Art\u00edculos 1\u00ba, 2\u00ba, 3\u00ba, 4\u00ba y 5\u00ba. Expediente N\u00b015.396. A la Comisi\u00f3n de Legislaci\u00f3n General.<\/p>\n<p>El proyecto de Ley de autor\u00eda del senador Casiano Otaegui (Gualeguay- Juntos por Entre R\u00edos) y sus pares Gloria Cozzi, Ramiro Favre, Rafael Cavagna y Rub\u00e9n Dal Mol\u00edn, por el que se proh\u00edbe el acceso a sitios de apuestas en l\u00ednea a trav\u00e9s de redes p\u00fablicas de acceso a internet brindadas por organismos estatales. Expediente N\u00b015.399. A la Comisi\u00f3n de Legislaci\u00f3n General.<\/p>\n<p>Y la iniciativa del senador Conti, por el que se instituye el d\u00eda 4 de junio como \u201cD\u00eda de la Milonga Entrerriana\u201d en conmemoraci\u00f3n del nacimiento del m\u00fasico V\u00edctor Francisco Vel\u00e1zquez. Expediente N\u00b015.404. A la Comisi\u00f3n de Legislaci\u00f3n General.<\/p>\n<h2><strong>Recupero de costos de financiamiento de servicios de salud<\/strong><\/h2>\n<p>Durante el debate legislativo, se aprob\u00f3 el proyecto de ley de autor\u00eda del Poder Ejecutivo, por el que se establece el mecanismo de recupero de costos de financiamiento de servicios de salud (Expediente N\u00ba 15.166). Cabe mencionar que durante el trabajo de Comisiones, los senadores acordaron dictar un despacho favorable a la iniciativa.<\/p>\n<p>Al respecto, el senador Hern\u00e1n M\u00e9ndez (Islas del Ibicuy- Juntos por Entre R\u00edos) hizo referencia a la iniciativa y explic\u00f3 que \u201ces un proyecto donde le da las herramientas al Ministerio para que sea m\u00e1s efectivo ese recupero de aquellas prestaciones que se les brindan a todos los ciudadanos del pa\u00eds que visitan las tierras entrerrianas\u201d.<\/p>\n<p>Por su parte, el senador Rub\u00e9n Dal Molin (Federaci\u00f3n- Juntos por Entre R\u00edos) fundament\u00f3 y compar\u00f3 el proyecto en cuesti\u00f3n con el expediente 13.699, que tuvo media sanci\u00f3n en la gesti\u00f3n anterior, y argument\u00f3 que \u201ces indudable que los objetivos, insisto, en otro contexto eran pr\u00e1cticamente los mismos. \u00bfQu\u00e9 var\u00eda entonces? La vigencia del decreto 172.24 del gobierno nacional que reglamentando art\u00edculos del DNU 70.23 y elimina la Superintendencia de Salud\u201d, y continu\u00f3: \u201cNo me voy a detener en los efectos monetarios que tuvo la medida adoptada por el gobierno nacional en abril del 2024. Desde los atrasos, atento a la nueva configuraci\u00f3n de un sistema de recupero dejando a la deriva y el redise\u00f1o de la metodolog\u00eda vigente a entonces. Todo esto se pretende resolver con esta nueva norma\u201d.<\/p>\n<p>Luego, el senador Oliva indic\u00f3: \u201cEntendemos que esto que se vota ahora es un doble mensaje, que es necesario desde lo administrativo, jur\u00eddico, pero tambi\u00e9n es un mensaje que pasamos a los integrantes del sistema de salud de nuestra provincia. En alg\u00fan momento la eficiencia de este cobro derivar\u00e1 en alguna mejora a cada uno de los integrantes del equipo de salud. As\u00ed que felicitaciones por el trabajo a los senadores M\u00e9ndez y Dal Mol\u00edn\u201d.<br \/>\nPor otra parte, el legislador expres\u00f3 que una parte de la salud \u201cest\u00e1 en riesgo\u201d, si es que \u201clos legisladores nacionales van a acompa\u00f1ar el veto del presidente a diferentes cosas, entre las que est\u00e1 la emergencia y la discapacidad\u201d. \u201cNos obliga a pedirle a los legisladores nacionales de la provincia de Entre R\u00edos y a todos que por favor no permitan el veto\u201d, remarc\u00f3.<\/p>\n<p>La iniciativa aprobada, pasa en revisi\u00f3n a la C\u00e1mara de Diputados.<\/p>\n<h2><strong>Otros proyectos<\/strong><\/h2>\n<p>Asimismo, en la sesi\u00f3n de hoy, qued\u00f3 aprobado el proyecto de Ley de autor\u00eda del Poder Ejecutivo en revisi\u00f3n, por el que se autoriza al Superior Gobierno de Entre R\u00edos, a aceptar la donaci\u00f3n de un inmueble propiedad de la Municipalidad de La Paz, con afectaci\u00f3n al Consejo General de Educaci\u00f3n. Expediente N\u00ba 27.672. La iniciativa pasa al Ejecutivo para su promulgaci\u00f3n. Sobre el tema, la senadora Patricia Diaz (La Paz- M\u00e1s para Entre R\u00edos) pidi\u00f3 la palabra y agradeci\u00f3 el acompa\u00f1amiento de sus pares.<\/p>\n<p>El cuerpo aprob\u00f3, adem\u00e1s, el proyecto de Ley de autor\u00eda del Poder Ejecutivo, por el que se autoriza al Superior Gobierno de Entre R\u00edos, a aceptar el ofrecimiento de donaci\u00f3n de un inmueble, formulada por la Municipalidad de Concordia, destinado para el funcionamiento de la Escuela Primaria N\u00ba78 del Departamento Concordia. Expediente N\u00ba 15.353. Pasa a la C\u00e1mara de Diputados.<\/p>\n<p>Luego, se aprob\u00f3 y pasa a revisi\u00f3n, el proyecto de Ley de autor\u00eda del senador Juan Diego Conti, por el que se declara Monumento Hist\u00f3rico y Cultural de Entre R\u00edos al edificio de la Escuela Nina N\u00ba20 \u201cJusto Jos\u00e9 de Urquiza\u201d de la ciudad de Maci\u00e1, Departamento Tala. Expediente N\u00ba 15.361.<\/p>\n<p>El proyecto de Ley de autor\u00eda del senador Jaime Benedetti y del senador Juan Diego Conti, qued\u00f3 aprobado en la sesi\u00f3n de este martes y pasa a la C\u00e1mara de Diputados. La iniciativa declara a la ciudad de Rosario del Tala como \u201cCuna y Capital Provincial del Minib\u00e1squet\u201d. Expediente N\u00ba 15.371. El senador por el departamento Tala pidi\u00f3 la palabra para fundamentar la iniciativa.<\/p>\n<p>Seguidamente, la senadora Gladys Dom\u00ednguez (Feliciano- Peronismo Federal) solicit\u00f3 el tratamiento sobre tablas del proyecto de declaraci\u00f3n de su autor\u00eda, por el que se declara de Inter\u00e9s legislativo la 80\u00aa Exposici\u00f3n Rural de San Jos\u00e9 de Feliciano y la 5\u00aa Exposici\u00f3n Regional Litoral de Braford. Tras su fundamentaci\u00f3n, la iniciativa qued\u00f3 aprobada.<\/p>\n<p>Los senadores y senadoras aprobaron tambi\u00e9n el proyecto de declaraci\u00f3n de autor\u00eda del senador Ramiro Favre, por el que se declara de Inter\u00e9s legislativo a los festejos por el \u201c140\u00b0 aniversario de Colonia Hocker\u201d.<\/p>\n<p>Adem\u00e1s, los legisladores aprobaron el proyecto de declaraci\u00f3n del senador Marcelo Berthet. Expediente N\u00b032091.<\/p>\n<p>En la sesi\u00f3n, los legisladores aprobaron los 10 proyectos de Declaraci\u00f3n y dos de Comunicaci\u00f3n.<\/p>\n<h2><strong>Homenajes<\/strong><\/h2>\n<p>Al turno de los homenajes, el senador Jaime Benedetti (Gualeguaych\u00fa- Juntos por Entre R\u00edos) hizo referencia a un nuevo aniversario del nacimiento Arturo Illia, el pasado 4 de agosto. \u201cUno de los mejores presidentes de la Argentina\u201d, enfatiz\u00f3.<\/p>\n<p>Adem\u00e1s, record\u00f3 al destacado abogado Jorge Campos, recientemente fallecido, quien fuera fiscal de Estado entre el 1983-1987 y ex senador entre 1999 y 2003. \u201cFue un destacad\u00edsimo jurista, un destacad\u00edsimo dirigente, entre propios y extra\u00f1os, y tambi\u00e9n se desempe\u00f1\u00f3 como jefe de Redacci\u00f3n de El Diario de Paran\u00e1\u201d. Adem\u00e1s, el legislador destac\u00f3 \u201csu enorme compromiso con los m\u00e1s indefensos; su car\u00e1cter afable; su bonhom\u00eda\u201d.<\/p>\n<p>En tanto, la senadora Patricia Diaz (La Paz- M\u00e1s para Entre R\u00edos) expres\u00f3 sus felicitaciones a la empresa que se instal\u00f3 en Santa Elena Louis Dreyfus Company (LDC). En ese sentido, remarc\u00f3 la presencia del gobernador Rogelio Frigerio en la inauguraci\u00f3n, y explic\u00f3 que se trata de \u201cuna nueva fuente de trabajo para la ciudad, hecho que reviste una especial relevancia para una comunidad que desde hace a\u00f1os busca sostenerse y crecer en condiciones muchas veces dif\u00edciles\u201d.<\/p>\n<div class=\"ratio ratio-16x9\"><iframe loading=\"lazy\" class=\"\" title=\"10\u00ba Sesi\u00f3n Ordinaria del 146\u00ba Per\u00edodo Legislativo\" src=\"https:\/\/www.youtube.com\/embed\/HZUJDUDscSM?feature=oembed\" width=\"500\" height=\"375\" frameborder=\"0\" allowfullscreen=\"allowfullscreen\" data-mce-fragment=\"1\"><\/iframe><\/div>\n","protected":false},"excerpt":{"rendered":"<p>La C\u00e1mara de Senadores de Entre R\u00edos realiz\u00f3 este martes la 10\u00b0 Sesi\u00f3n Ordinaria correspondiente al 146\u00ba Per\u00edodo Legislativo. Fue presidida por la vicegobernadora y presidente del Senado, Alicia Aluani. Entre las iniciativas tratadas, se aprob\u00f3 el proyecto de ley sobre el recupero de costos de financiamiento de servicios de salud.<\/p>\n","protected":false},"author":8,"featured_media":229662,"comment_status":"open","ping_status":"open","sticky":false,"template":"","format":"standard","meta":{"fifu_image_url":"https:\/\/www.senadoer.gob.ar\/wp-content\/uploads\/2025\/08\/WhatsApp-Image-2025-08-05-at-21.13.35-1-860x573.jpeg","fifu_image_alt":"","footnotes":""},"categories":[16],"tags":[464,1195],"class_list":{"0":"post-229661","1":"post","2":"type-post","3":"status-publish","4":"format-standard","5":"has-post-thumbnail","7":"category-politi","8":"tag-senado","9":"tag-sesion"},"yoast_head":"<title>El Senado entrerriano sesion\u00f3 y trat\u00f3 varios proyectos - Informe Litoral<\/title>\n<meta name=\"robots\" content=\"index, follow, max-snippet:-1, max-image-preview:large, max-video-preview:-1\" \/>\n<link rel=\"canonical\" href=\"https:\/\/informelitoral.com.ar\/el-senado-entrerriano-sesiono-y-trato-varios-proyectos-2\/\" \/>\n<meta property=\"og:locale\" content=\"es_ES\" \/>\n<meta property=\"og:type\" content=\"article\" \/>\n<meta property=\"og:title\" content=\"El Senado entrerriano sesion\u00f3 y trat\u00f3 varios proyectos - Informe Litoral\" \/>\n<meta property=\"og:description\" content=\"La C\u00e1mara de Senadores de Entre R\u00edos realiz\u00f3 este martes la 10\u00b0 Sesi\u00f3n Ordinaria correspondiente al 146\u00ba Per\u00edodo Legislativo. Fue presidida por la vicegobernadora y presidente del Senado, Alicia Aluani. Entre las iniciativas tratadas, se aprob\u00f3 el proyecto de ley sobre el recupero de costos de financiamiento de servicios de salud.\" \/>\n<meta property=\"og:url\" content=\"https:\/\/informelitoral.com.ar\/el-senado-entrerriano-sesiono-y-trato-varios-proyectos-2\/\" \/>\n<meta property=\"og:site_name\" content=\"Informe Litoral\" \/>\n<meta property=\"article:publisher\" content=\"https:\/\/www.facebook.com\/informelitoral\/\" \/>\n<meta property=\"article:published_time\" content=\"2025-08-06T14:26:57+00:00\" \/>\n<meta property=\"article:modified_time\" content=\"2025-08-06T23:13:41+00:00\" \/>\n<meta property=\"og:image\" content=\"https:\/\/www.senadoer.gob.ar\/%77%70%2d%63%6f%6e%74%65%6e%74\/uploads\/2025\/08\/WhatsApp-Image-2025-08-05-at-21.13.35-1-860x573.jpeg\" \/><meta property=\"og:image\" content=\"https:\/\/www.senadoer.gob.ar\/%77%70%2d%63%6f%6e%74%65%6e%74\/uploads\/2025\/08\/WhatsApp-Image-2025-08-05-at-21.13.35-1-860x573.jpeg\" \/>\n\t<meta property=\"og:image:width\" content=\"860\" \/>\n\t<meta property=\"og:image:height\" content=\"573\" \/>\n\t<meta property=\"og:image:type\" content=\"image\/jpeg\" \/>\n<meta name=\"author\" content=\"Sebastian\" \/>\n<meta name=\"twitter:card\" content=\"summary_large_image\" \/>\n<meta name=\"twitter:image\" content=\"https:\/\/www.senadoer.gob.ar\/%77%70%2d%63%6f%6e%74%65%6e%74\/uploads\/2025\/08\/WhatsApp-Image-2025-08-05-at-21.13.35-1-860x573.jpeg\" \/>\n<meta name=\"twitter:creator\" content=\"@InformeLitoral\" \/>\n<meta name=\"twitter:site\" content=\"@InformeLitoral\" \/>\n<meta name=\"twitter:label1\" content=\"Escrito por\" \/>\n\t<meta name=\"twitter:data1\" content=\"Sebastian\" \/>\n\t<meta name=\"twitter:label2\" content=\"Tiempo de lectura\" \/>\n\t<meta name=\"twitter:data2\" content=\"8 minutos\" \/>\n<script type=\"application\/ld+json\" class=\"yoast-schema-graph\">{\"@context\":\"https:\\\/\\\/schema.org\",\"@graph\":[{\"@type\":\"Article\",\"@id\":\"https:\\\/\\\/informelitoral.com.ar\\\/el-senado-entrerriano-sesiono-y-trato-varios-proyectos-2\\\/#article\",\"isPartOf\":{\"@id\":\"https:\\\/\\\/informelitoral.com.ar\\\/el-senado-entrerriano-sesiono-y-trato-varios-proyectos-2\\\/\"},\"author\":{\"name\":\"Sebastian\",\"@id\":\"https:\\\/\\\/informelitoral.com.ar\\\/#\\\/schema\\\/person\\\/f05f9f461677119578717524b127d6d5\"},\"headline\":\"El Senado entrerriano sesion\u00f3 y trat\u00f3 varios proyectos\",\"datePublished\":\"2025-08-06T14:26:57+00:00\",\"dateModified\":\"2025-08-06T23:13:41+00:00\",\"mainEntityOfPage\":{\"@id\":\"https:\\\/\\\/informelitoral.com.ar\\\/el-senado-entrerriano-sesiono-y-trato-varios-proyectos-2\\\/\"},\"wordCount\":1688,\"commentCount\":0,\"publisher\":{\"@id\":\"https:\\\/\\\/informelitoral.com.ar\\\/#organization\"},\"image\":{\"@id\":\"https:\\\/\\\/informelitoral.com.ar\\\/el-senado-entrerriano-sesiono-y-trato-varios-proyectos-2\\\/#primaryimage\"},\"thumbnailUrl\":\"https:\\\/\\\/www.senadoer.gob.ar\\\/%77%70%2d%63%6f%6e%74%65%6e%74\\\/uploads\\\/2025\\\/08\\\/WhatsApp-Image-2025-08-05-at-21.13.35-1-860x573.jpeg\",\"keywords\":[\"Senado\",\"Sesi\u00f3n\"],\"articleSection\":[\"Politica\"],\"inLanguage\":\"es\",\"potentialAction\":[{\"@type\":\"CommentAction\",\"name\":\"Comment\",\"target\":[\"https:\\\/\\\/informelitoral.com.ar\\\/el-senado-entrerriano-sesiono-y-trato-varios-proyectos-2\\\/#respond\"]}]},{\"@type\":\"WebPage\",\"@id\":\"https:\\\/\\\/informelitoral.com.ar\\\/el-senado-entrerriano-sesiono-y-trato-varios-proyectos-2\\\/\",\"url\":\"https:\\\/\\\/informelitoral.com.ar\\\/el-senado-entrerriano-sesiono-y-trato-varios-proyectos-2\\\/\",\"name\":\"El Senado entrerriano sesion\u00f3 y trat\u00f3 varios proyectos - Informe Litoral\",\"isPartOf\":{\"@id\":\"https:\\\/\\\/informelitoral.com.ar\\\/#website\"},\"primaryImageOfPage\":{\"@id\":\"https:\\\/\\\/informelitoral.com.ar\\\/el-senado-entrerriano-sesiono-y-trato-varios-proyectos-2\\\/#primaryimage\"},\"image\":{\"@id\":\"https:\\\/\\\/informelitoral.com.ar\\\/el-senado-entrerriano-sesiono-y-trato-varios-proyectos-2\\\/#primaryimage\"},\"thumbnailUrl\":\"https:\\\/\\\/www.senadoer.gob.ar\\\/%77%70%2d%63%6f%6e%74%65%6e%74\\\/uploads\\\/2025\\\/08\\\/WhatsApp-Image-2025-08-05-at-21.13.35-1-860x573.jpeg\",\"datePublished\":\"2025-08-06T14:26:57+00:00\",\"dateModified\":\"2025-08-06T23:13:41+00:00\",\"breadcrumb\":{\"@id\":\"https:\\\/\\\/informelitoral.com.ar\\\/el-senado-entrerriano-sesiono-y-trato-varios-proyectos-2\\\/#breadcrumb\"},\"inLanguage\":\"es\",\"potentialAction\":[{\"@type\":\"ReadAction\",\"target\":[\"https:\\\/\\\/informelitoral.com.ar\\\/el-senado-entrerriano-sesiono-y-trato-varios-proyectos-2\\\/\"]}]},{\"@type\":\"ImageObject\",\"inLanguage\":\"es\",\"@id\":\"https:\\\/\\\/informelitoral.com.ar\\\/el-senado-entrerriano-sesiono-y-trato-varios-proyectos-2\\\/#primaryimage\",\"url\":\"https:\\\/\\\/www.senadoer.gob.ar\\\/%77%70%2d%63%6f%6e%74%65%6e%74\\\/uploads\\\/2025\\\/08\\\/WhatsApp-Image-2025-08-05-at-21.13.35-1-860x573.jpeg\",\"contentUrl\":\"https:\\\/\\\/www.senadoer.gob.ar\\\/%77%70%2d%63%6f%6e%74%65%6e%74\\\/uploads\\\/2025\\\/08\\\/WhatsApp-Image-2025-08-05-at-21.13.35-1-860x573.jpeg\",\"width\":\"860\",\"height\":\"573\"},{\"@type\":\"BreadcrumbList\",\"@id\":\"https:\\\/\\\/informelitoral.com.ar\\\/el-senado-entrerriano-sesiono-y-trato-varios-proyectos-2\\\/#breadcrumb\",\"itemListElement\":[{\"@type\":\"ListItem\",\"position\":1,\"name\":\"Portada\",\"item\":\"https:\\\/\\\/informelitoral.com.ar\\\/\"},{\"@type\":\"ListItem\",\"position\":2,\"name\":\"El Senado entrerriano sesion\u00f3 y trat\u00f3 varios proyectos\"}]},{\"@type\":\"WebSite\",\"@id\":\"https:\\\/\\\/informelitoral.com.ar\\\/#website\",\"url\":\"https:\\\/\\\/informelitoral.com.ar\\\/\",\"name\":\"Informe Litoral\",\"description\":\"&quot;Nos informamos&quot; \",\"publisher\":{\"@id\":\"https:\\\/\\\/informelitoral.com.ar\\\/#organization\"},\"potentialAction\":[{\"@type\":\"SearchAction\",\"target\":{\"@type\":\"EntryPoint\",\"urlTemplate\":\"https:\\\/\\\/informelitoral.com.ar\\\/?s={search_term_string}\"},\"query-input\":{\"@type\":\"PropertyValueSpecification\",\"valueRequired\":true,\"valueName\":\"search_term_string\"}}],\"inLanguage\":\"es\"},{\"@type\":\"Organization\",\"@id\":\"https:\\\/\\\/informelitoral.com.ar\\\/#organization\",\"name\":\"Informe Litoral\",\"url\":\"https:\\\/\\\/informelitoral.com.ar\\\/\",\"logo\":{\"@type\":\"ImageObject\",\"inLanguage\":\"es\",\"@id\":\"https:\\\/\\\/informelitoral.com.ar\\\/#\\\/schema\\\/logo\\\/image\\\/\",\"url\":\"https:\\\/\\\/informelitoral.com.ar\\\/%77%70%2d%63%6f%6e%74%65%6e%74\\\/uploads\\\/2021\\\/01\\\/circulo.png\",\"contentUrl\":\"https:\\\/\\\/informelitoral.com.ar\\\/%77%70%2d%63%6f%6e%74%65%6e%74\\\/uploads\\\/2021\\\/01\\\/circulo.png\",\"width\":723,\"height\":731,\"caption\":\"Informe Litoral\"},\"image\":{\"@id\":\"https:\\\/\\\/informelitoral.com.ar\\\/#\\\/schema\\\/logo\\\/image\\\/\"},\"sameAs\":[\"https:\\\/\\\/www.facebook.com\\\/informelitoral\\\/\",\"https:\\\/\\\/x.com\\\/InformeLitoral\",\"https:\\\/\\\/www.instagram.com\\\/informelitoral\\\/\",\"https:\\\/\\\/www.youtube.com\\\/channel\\\/UCua4Qvz8Icb6MYqhoq9xLXw\"]},{\"@type\":\"Person\",\"@id\":\"https:\\\/\\\/informelitoral.com.ar\\\/#\\\/schema\\\/person\\\/f05f9f461677119578717524b127d6d5\",\"name\":\"Sebastian\",\"image\":{\"@type\":\"ImageObject\",\"inLanguage\":\"es\",\"@id\":\"https:\\\/\\\/secure.gravatar.com\\\/avatar\\\/b71bf7481d447dfb9583c7f2798e7cc64de6efb9067b74633ed8c31059a3bd82?s=96&d=mm&r=g\",\"url\":\"https:\\\/\\\/secure.gravatar.com\\\/avatar\\\/b71bf7481d447dfb9583c7f2798e7cc64de6efb9067b74633ed8c31059a3bd82?s=96&d=mm&r=g\",\"contentUrl\":\"https:\\\/\\\/secure.gravatar.com\\\/avatar\\\/b71bf7481d447dfb9583c7f2798e7cc64de6efb9067b74633ed8c31059a3bd82?s=96&d=mm&r=g\",\"caption\":\"Sebastian\"},\"url\":\"https:\\\/\\\/informelitoral.com.ar\\\/author\\\/sebastian\\\/\"}]}<\/script>","yoast_head_json":{"title":"El Senado entrerriano sesion\u00f3 y trat\u00f3 varios proyectos - Informe Litoral","robots":{"index":"index","follow":"follow","max-snippet":"max-snippet:-1","max-image-preview":"max-image-preview:large","max-video-preview":"max-video-preview:-1"},"canonical":"https:\/\/informelitoral.com.ar\/el-senado-entrerriano-sesiono-y-trato-varios-proyectos-2\/","og_locale":"es_ES","og_type":"article","og_title":"El Senado entrerriano sesion\u00f3 y trat\u00f3 varios proyectos - Informe Litoral","og_description":"La C\u00e1mara de Senadores de Entre R\u00edos realiz\u00f3 este martes la 10\u00b0 Sesi\u00f3n Ordinaria correspondiente al 146\u00ba Per\u00edodo Legislativo. Fue presidida por la vicegobernadora y presidente del Senado, Alicia Aluani. Entre las iniciativas tratadas, se aprob\u00f3 el proyecto de ley sobre el recupero de costos de financiamiento de servicios de salud.","og_url":"https:\/\/informelitoral.com.ar\/el-senado-entrerriano-sesiono-y-trato-varios-proyectos-2\/","og_site_name":"Informe Litoral","article_publisher":"https:\/\/www.facebook.com\/informelitoral\/","article_published_time":"2025-08-06T14:26:57+00:00","article_modified_time":"2025-08-06T23:13:41+00:00","og_image":[{"url":"https:\/\/www.senadoer.gob.ar\/wp-content\/uploads\/2025\/08\/WhatsApp-Image-2025-08-05-at-21.13.35-1-860x573.jpeg","type":"","width":"","height":""},{"width":860,"height":573,"url":"https:\/\/www.senadoer.gob.ar\/wp-content\/uploads\/2025\/08\/WhatsApp-Image-2025-08-05-at-21.13.35-1-860x573.jpeg","type":"image\/jpeg"}],"author":"Sebastian","twitter_card":"summary_large_image","twitter_image":"https:\/\/www.senadoer.gob.ar\/wp-content\/uploads\/2025\/08\/WhatsApp-Image-2025-08-05-at-21.13.35-1-860x573.jpeg","twitter_creator":"@InformeLitoral","twitter_site":"@InformeLitoral","twitter_misc":{"Escrito por":"Sebastian","Tiempo de lectura":"8 minutos"},"schema":{"@context":"https:\/\/schema.org","@graph":[{"@type":"Article","@id":"https:\/\/informelitoral.com.ar\/el-senado-entrerriano-sesiono-y-trato-varios-proyectos-2\/#article","isPartOf":{"@id":"https:\/\/informelitoral.com.ar\/el-senado-entrerriano-sesiono-y-trato-varios-proyectos-2\/"},"author":{"name":"Sebastian","@id":"https:\/\/informelitoral.com.ar\/#\/schema\/person\/f05f9f461677119578717524b127d6d5"},"headline":"El Senado entrerriano sesion\u00f3 y trat\u00f3 varios proyectos","datePublished":"2025-08-06T14:26:57+00:00","dateModified":"2025-08-06T23:13:41+00:00","mainEntityOfPage":{"@id":"https:\/\/informelitoral.com.ar\/el-senado-entrerriano-sesiono-y-trato-varios-proyectos-2\/"},"wordCount":1688,"commentCount":0,"publisher":{"@id":"https:\/\/informelitoral.com.ar\/#organization"},"image":{"@id":"https:\/\/informelitoral.com.ar\/el-senado-entrerriano-sesiono-y-trato-varios-proyectos-2\/#primaryimage"},"thumbnailUrl":"https:\/\/www.senadoer.gob.ar\/%77%70%2d%63%6f%6e%74%65%6e%74\/uploads\/2025\/08\/WhatsApp-Image-2025-08-05-at-21.13.35-1-860x573.jpeg","keywords":["Senado","Sesi\u00f3n"],"articleSection":["Politica"],"inLanguage":"es","potentialAction":[{"@type":"CommentAction","name":"Comment","target":["https:\/\/informelitoral.com.ar\/el-senado-entrerriano-sesiono-y-trato-varios-proyectos-2\/#respond"]}]},{"@type":"WebPage","@id":"https:\/\/informelitoral.com.ar\/el-senado-entrerriano-sesiono-y-trato-varios-proyectos-2\/","url":"https:\/\/informelitoral.com.ar\/el-senado-entrerriano-sesiono-y-trato-varios-proyectos-2\/","name":"El Senado entrerriano sesion\u00f3 y trat\u00f3 varios proyectos - Informe Litoral","isPartOf":{"@id":"https:\/\/informelitoral.com.ar\/#website"},"primaryImageOfPage":{"@id":"https:\/\/informelitoral.com.ar\/el-senado-entrerriano-sesiono-y-trato-varios-proyectos-2\/#primaryimage"},"image":{"@id":"https:\/\/informelitoral.com.ar\/el-senado-entrerriano-sesiono-y-trato-varios-proyectos-2\/#primaryimage"},"thumbnailUrl":"https:\/\/www.senadoer.gob.ar\/%77%70%2d%63%6f%6e%74%65%6e%74\/uploads\/2025\/08\/WhatsApp-Image-2025-08-05-at-21.13.35-1-860x573.jpeg","datePublished":"2025-08-06T14:26:57+00:00","dateModified":"2025-08-06T23:13:41+00:00","breadcrumb":{"@id":"https:\/\/informelitoral.com.ar\/el-senado-entrerriano-sesiono-y-trato-varios-proyectos-2\/#breadcrumb"},"inLanguage":"es","potentialAction":[{"@type":"ReadAction","target":["https:\/\/informelitoral.com.ar\/el-senado-entrerriano-sesiono-y-trato-varios-proyectos-2\/"]}]},{"@type":"ImageObject","inLanguage":"es","@id":"https:\/\/informelitoral.com.ar\/el-senado-entrerriano-sesiono-y-trato-varios-proyectos-2\/#primaryimage","url":"https:\/\/www.senadoer.gob.ar\/%77%70%2d%63%6f%6e%74%65%6e%74\/uploads\/2025\/08\/WhatsApp-Image-2025-08-05-at-21.13.35-1-860x573.jpeg","contentUrl":"https:\/\/www.senadoer.gob.ar\/%77%70%2d%63%6f%6e%74%65%6e%74\/uploads\/2025\/08\/WhatsApp-Image-2025-08-05-at-21.13.35-1-860x573.jpeg","width":"860","height":"573"},{"@type":"BreadcrumbList","@id":"https:\/\/informelitoral.com.ar\/el-senado-entrerriano-sesiono-y-trato-varios-proyectos-2\/#breadcrumb","itemListElement":[{"@type":"ListItem","position":1,"name":"Portada","item":"https:\/\/informelitoral.com.ar\/"},{"@type":"ListItem","position":2,"name":"El Senado entrerriano sesion\u00f3 y trat\u00f3 varios proyectos"}]},{"@type":"WebSite","@id":"https:\/\/informelitoral.com.ar\/#website","url":"https:\/\/informelitoral.com.ar\/","name":"Informe Litoral","description":"&quot;Nos informamos&quot; ","publisher":{"@id":"https:\/\/informelitoral.com.ar\/#organization"},"potentialAction":[{"@type":"SearchAction","target":{"@type":"EntryPoint","urlTemplate":"https:\/\/informelitoral.com.ar\/?s={search_term_string}"},"query-input":{"@type":"PropertyValueSpecification","valueRequired":true,"valueName":"search_term_string"}}],"inLanguage":"es"},{"@type":"Organization","@id":"https:\/\/informelitoral.com.ar\/#organization","name":"Informe Litoral","url":"https:\/\/informelitoral.com.ar\/","logo":{"@type":"ImageObject","inLanguage":"es","@id":"https:\/\/informelitoral.com.ar\/#\/schema\/logo\/image\/","url":"https:\/\/informelitoral.com.ar\/%77%70%2d%63%6f%6e%74%65%6e%74\/uploads\/2021\/01\/circulo.png","contentUrl":"https:\/\/informelitoral.com.ar\/%77%70%2d%63%6f%6e%74%65%6e%74\/uploads\/2021\/01\/circulo.png","width":723,"height":731,"caption":"Informe Litoral"},"image":{"@id":"https:\/\/informelitoral.com.ar\/#\/schema\/logo\/image\/"},"sameAs":["https:\/\/www.facebook.com\/informelitoral\/","https:\/\/x.com\/InformeLitoral","https:\/\/www.instagram.com\/informelitoral\/","https:\/\/www.youtube.com\/channel\/UCua4Qvz8Icb6MYqhoq9xLXw"]},{"@type":"Person","@id":"https:\/\/informelitoral.com.ar\/#\/schema\/person\/f05f9f461677119578717524b127d6d5","name":"Sebastian","image":{"@type":"ImageObject","inLanguage":"es","@id":"https:\/\/secure.gravatar.com\/avatar\/b71bf7481d447dfb9583c7f2798e7cc64de6efb9067b74633ed8c31059a3bd82?s=96&d=mm&r=g","url":"https:\/\/secure.gravatar.com\/avatar\/b71bf7481d447dfb9583c7f2798e7cc64de6efb9067b74633ed8c31059a3bd82?s=96&d=mm&r=g","contentUrl":"https:\/\/secure.gravatar.com\/avatar\/b71bf7481d447dfb9583c7f2798e7cc64de6efb9067b74633ed8c31059a3bd82?s=96&d=mm&r=g","caption":"Sebastian"},"url":"https:\/\/informelitoral.com.ar\/author\/sebastian\/"}]}},"fifu_image_url":"https:\/\/www.senadoer.gob.ar\/wp-content\/uploads\/2025\/08\/WhatsApp-Image-2025-08-05-at-21.13.35-1-860x573.jpeg","_links":{"self":[{"href":"https:\/\/informelitoral.com.ar\/%77%70%2d%6a%73%6f%6e\/wp\/v2\/posts\/229661","targetHints":{"allow":["GET"]}}],"collection":[{"href":"https:\/\/informelitoral.com.ar\/%77%70%2d%6a%73%6f%6e\/wp\/v2\/posts"}],"about":[{"href":"https:\/\/informelitoral.com.ar\/%77%70%2d%6a%73%6f%6e\/wp\/v2\/types\/post"}],"author":[{"embeddable":true,"href":"https:\/\/informelitoral.com.ar\/%77%70%2d%6a%73%6f%6e\/wp\/v2\/users\/8"}],"replies":[{"embeddable":true,"href":"https:\/\/informelitoral.com.ar\/%77%70%2d%6a%73%6f%6e\/wp\/v2\/comments?post=229661"}],"version-history":[{"count":2,"href":"https:\/\/informelitoral.com.ar\/%77%70%2d%6a%73%6f%6e\/wp\/v2\/posts\/229661\/revisions"}],"predecessor-version":[{"id":229694,"href":"https:\/\/informelitoral.com.ar\/%77%70%2d%6a%73%6f%6e\/wp\/v2\/posts\/229661\/revisions\/229694"}],"wp:featuredmedia":[{"embeddable":true,"href":"https:\/\/informelitoral.com.ar\/%77%70%2d%6a%73%6f%6e\/wp\/v2\/media\/229662"}],"wp:attachment":[{"href":"https:\/\/informelitoral.com.ar\/%77%70%2d%6a%73%6f%6e\/wp\/v2\/media?parent=229661"}],"wp:term":[{"taxonomy":"category","embeddable":true,"href":"https:\/\/informelitoral.com.ar\/%77%70%2d%6a%73%6f%6e\/wp\/v2\/categories?post=229661"},{"taxonomy":"post_tag","embeddable":true,"href":"https:\/\/informelitoral.com.ar\/%77%70%2d%6a%73%6f%6e\/wp\/v2\/tags?post=229661"}],"curies":[{"name":"wp","href":"https:\/\/api.w.org\/{rel}","templated":true}]}}