{"id":229550,"date":"2025-08-05T22:17:41","date_gmt":"2025-08-06T01:17:41","guid":{"rendered":"https:\/\/informelitoral.com.ar\/?p=229550"},"modified":"2025-08-05T22:17:41","modified_gmt":"2025-08-06T01:17:41","slug":"finalmente-fallecio-la-policia-que-se-disparo-frente-al-911-en-parana","status":"publish","type":"post","link":"https:\/\/informelitoral.com.ar\/finalmente-fallecio-la-policia-que-se-disparo-frente-al-911-en-parana\/","title":{"rendered":"Finalmente falleci\u00f3 la polic\u00eda que se dispar\u00f3 frente al 911 en Paran\u00e1"},"content":{"rendered":"<p>Una profunda conmoci\u00f3n sacude a la\u00a0<a href=\"http:\/\/www.policiadeentrerios.gob.ar\/Portal\/\">Polic\u00eda de Entre R\u00edos<\/a>. En horas de la noche de este martes se confirm\u00f3 el fallecimiento de Elo\u00edsa Holotte, cabo primero de 35 a\u00f1os, quien hab\u00eda sido hallada con una herida de bala dentro de su veh\u00edculo, frente a la sede de la Divisi\u00f3n 911 en la ciudad de Paran\u00e1.<\/p>\n<p>El tr\u00e1gico episodio ocurri\u00f3 el lunes por la noche, cuando la uniformada se encontraba dentro de su Ford Fiesta particular, estacionado sobre calle Francisco Ram\u00edrez, en la intersecci\u00f3n con Gualeguaych\u00fa. Seg\u00fan informaron fuentes policiales, se escuch\u00f3 una detonaci\u00f3n de arma de fuego proveniente del veh\u00edculo. Al acercarse, sus compa\u00f1eros encontraron a la agente herida y con una ventanilla del auto destruida.<\/p>\n<p>De inmediato se activaron los protocolos de emergencia y una ambulancia traslad\u00f3 a Holotte al hospital San Mart\u00edn, donde fue ingresada en grave estado y permaneci\u00f3 internada en la unidad de Terapia Intensiva hasta que, lamentablemente, falleci\u00f3 este martes.<\/p>\n<p>De acuerdo a los primeros datos oficiales, Holotte se hab\u00eda presentado en la sede policial para entregar documentaci\u00f3n m\u00e9dica relacionada con una licencia por estr\u00e9s laboral. Estaba por entregar su arma reglamentaria cuando se produjo el disparo. Las hip\u00f3tesis iniciales mencionan la posibilidad de un acto de autodeterminaci\u00f3n, aunque no se descarta ninguna l\u00ednea investigativa.<\/p>\n<p>El caso es investigado con total hermetismo por parte de la c\u00fapula policial. En el lugar trabajaron peritos de Criminal\u00edstica y la Divisi\u00f3n de Asuntos Internos, y la Unidad Fiscal en turno ya intervino para establecer responsabilidades y determinar las circunstancias del hecho<\/p>\n<p>El hecho deja al descubierto una situaci\u00f3n sensible que atraviesan muchos efectivos policiales: el impacto del estr\u00e9s laboral y la salud mental dentro de las fuerzas de seguridad, un tema que vuelve a instalarse con fuerza tras este doloroso desenlace.<\/p>\n<h6><em><strong>Del archivo:\u00a0<a href=\"https:\/\/informelitoral.com.ar\/el-conicet-encontro-a-gary-y-las-redes-enloquecen\/\" target=\"_blank\" rel=\"noopener\">El CONICET encontr\u00f3 a \u00abGary\u00bb y las redes enloquecieron<\/a><\/strong><\/em><\/h6>\n","protected":false},"excerpt":{"rendered":"<p>Ten\u00eda 35 a\u00f1os y era cabo primero de la Polic\u00eda de Entre R\u00edos. Fue hallada con un disparo en su auto, durante el lunes por la noche. Ten\u00eda licencia por estr\u00e9s laboral. <\/p>\n","protected":false},"author":2,"featured_media":229551,"comment_status":"open","ping_status":"open","sticky":false,"template":"","format":"standard","meta":{"fifu_image_url":"https:\/\/lh3.googleusercontent.com\/drive-storage\/AJQWtBOzqSdK0Vusi2iObvyUc3I6THaX1zxreCuLhw-oC8NBnW-fkaFGOJYjKsB_1nlrl989XM2p2RCCBTKQGiVPsD0tSgcxnrg7hONnJCq-LgUhtDM=w2048-h2048-p-k-nu","fifu_image_alt":"","footnotes":""},"categories":[14],"tags":[1861,45,2230],"class_list":{"0":"post-229550","1":"post","2":"type-post","3":"status-publish","4":"format-standard","5":"has-post-thumbnail","7":"category-policiales","8":"tag-1861","9":"tag-parana","10":"tag-policia-de-entre-rios"},"yoast_head":"<title>Finalmente falleci\u00f3 la polic\u00eda que se dispar\u00f3 frente al 911 en Paran\u00e1 - Informe Litoral<\/title>\n<meta name=\"robots\" content=\"index, follow, max-snippet:-1, max-image-preview:large, max-video-preview:-1\" \/>\n<link rel=\"canonical\" href=\"https:\/\/informelitoral.com.ar\/finalmente-fallecio-la-policia-que-se-disparo-frente-al-911-en-parana\/\" \/>\n<meta property=\"og:locale\" content=\"es_ES\" \/>\n<meta property=\"og:type\" content=\"article\" \/>\n<meta property=\"og:title\" content=\"Finalmente falleci\u00f3 la polic\u00eda que se dispar\u00f3 frente al 911 en Paran\u00e1 - Informe Litoral\" \/>\n<meta property=\"og:description\" content=\"Ten\u00eda 35 a\u00f1os y era cabo primero de la Polic\u00eda de Entre R\u00edos. Fue hallada con un disparo en su auto, durante el lunes por la noche. Ten\u00eda licencia por estr\u00e9s laboral.\" \/>\n<meta property=\"og:url\" content=\"https:\/\/informelitoral.com.ar\/finalmente-fallecio-la-policia-que-se-disparo-frente-al-911-en-parana\/\" \/>\n<meta property=\"og:site_name\" content=\"Informe Litoral\" \/>\n<meta property=\"article:publisher\" content=\"https:\/\/www.facebook.com\/informelitoral\/\" \/>\n<meta property=\"article:published_time\" content=\"2025-08-06T01:17:41+00:00\" \/>\n<meta property=\"og:image\" content=\"https:\/\/lh3.googleusercontent.com\/drive-storage\/AJQWtBOzqSdK0Vusi2iObvyUc3I6THaX1zxreCuLhw-oC8NBnW-fkaFGOJYjKsB_1nlrl989XM2p2RCCBTKQGiVPsD0tSgcxnrg7hONnJCq-LgUhtDM=w2048-h2048-p-k-nu\" \/><meta property=\"og:image\" content=\"https:\/\/lh3.googleusercontent.com\/drive-storage\/AJQWtBOzqSdK0Vusi2iObvyUc3I6THaX1zxreCuLhw-oC8NBnW-fkaFGOJYjKsB_1nlrl989XM2p2RCCBTKQGiVPsD0tSgcxnrg7hONnJCq-LgUhtDM=w2048-h2048-p-k-nu\" \/>\n\t<meta property=\"og:image:width\" content=\"1440\" \/>\n\t<meta property=\"og:image:height\" content=\"1440\" \/>\n\t<meta property=\"og:image:type\" content=\"image\/jpeg\" \/>\n<meta name=\"author\" content=\"Gonzalo Schmidt\" \/>\n<meta name=\"twitter:card\" content=\"summary_large_image\" \/>\n<meta name=\"twitter:image\" content=\"https:\/\/lh3.googleusercontent.com\/drive-storage\/AJQWtBOzqSdK0Vusi2iObvyUc3I6THaX1zxreCuLhw-oC8NBnW-fkaFGOJYjKsB_1nlrl989XM2p2RCCBTKQGiVPsD0tSgcxnrg7hONnJCq-LgUhtDM=w2048-h2048-p-k-nu\" \/>\n<meta name=\"twitter:creator\" content=\"@InformeLitoral\" \/>\n<meta name=\"twitter:site\" content=\"@InformeLitoral\" \/>\n<meta name=\"twitter:label1\" content=\"Escrito por\" \/>\n\t<meta name=\"twitter:data1\" content=\"Gonzalo Schmidt\" \/>\n\t<meta name=\"twitter:label2\" content=\"Tiempo de lectura\" \/>\n\t<meta name=\"twitter:data2\" content=\"2 minutos\" \/>\n<script type=\"application\/ld+json\" class=\"yoast-schema-graph\">{\"@context\":\"https:\\\/\\\/schema.org\",\"@graph\":[{\"@type\":\"Article\",\"@id\":\"https:\\\/\\\/informelitoral.com.ar\\\/finalmente-fallecio-la-policia-que-se-disparo-frente-al-911-en-parana\\\/#article\",\"isPartOf\":{\"@id\":\"https:\\\/\\\/informelitoral.com.ar\\\/finalmente-fallecio-la-policia-que-se-disparo-frente-al-911-en-parana\\\/\"},\"author\":{\"name\":\"Gonzalo Schmidt\",\"@id\":\"https:\\\/\\\/informelitoral.com.ar\\\/#\\\/schema\\\/person\\\/b9d00407c836482871ef1d57bf8e3180\"},\"headline\":\"Finalmente falleci\u00f3 la polic\u00eda que se dispar\u00f3 frente al 911 en Paran\u00e1\",\"datePublished\":\"2025-08-06T01:17:41+00:00\",\"mainEntityOfPage\":{\"@id\":\"https:\\\/\\\/informelitoral.com.ar\\\/finalmente-fallecio-la-policia-que-se-disparo-frente-al-911-en-parana\\\/\"},\"wordCount\":343,\"commentCount\":0,\"publisher\":{\"@id\":\"https:\\\/\\\/informelitoral.com.ar\\\/#organization\"},\"image\":{\"@id\":\"https:\\\/\\\/informelitoral.com.ar\\\/finalmente-fallecio-la-policia-que-se-disparo-frente-al-911-en-parana\\\/#primaryimage\"},\"thumbnailUrl\":\"https:\\\/\\\/lh3.googleusercontent.com\\\/drive-storage\\\/AJQWtBOzqSdK0Vusi2iObvyUc3I6THaX1zxreCuLhw-oC8NBnW-fkaFGOJYjKsB_1nlrl989XM2p2RCCBTKQGiVPsD0tSgcxnrg7hONnJCq-LgUhtDM=w2048-h2048-p-k-nu\",\"keywords\":[\"911\",\"Paran\u00e1\",\"Polic\u00eda de Entre R\u00edos\"],\"articleSection\":[\"Policiales\"],\"inLanguage\":\"es\",\"potentialAction\":[{\"@type\":\"CommentAction\",\"name\":\"Comment\",\"target\":[\"https:\\\/\\\/informelitoral.com.ar\\\/finalmente-fallecio-la-policia-que-se-disparo-frente-al-911-en-parana\\\/#respond\"]}]},{\"@type\":\"WebPage\",\"@id\":\"https:\\\/\\\/informelitoral.com.ar\\\/finalmente-fallecio-la-policia-que-se-disparo-frente-al-911-en-parana\\\/\",\"url\":\"https:\\\/\\\/informelitoral.com.ar\\\/finalmente-fallecio-la-policia-que-se-disparo-frente-al-911-en-parana\\\/\",\"name\":\"Finalmente falleci\u00f3 la polic\u00eda que se dispar\u00f3 frente al 911 en Paran\u00e1 - Informe Litoral\",\"isPartOf\":{\"@id\":\"https:\\\/\\\/informelitoral.com.ar\\\/#website\"},\"primaryImageOfPage\":{\"@id\":\"https:\\\/\\\/informelitoral.com.ar\\\/finalmente-fallecio-la-policia-que-se-disparo-frente-al-911-en-parana\\\/#primaryimage\"},\"image\":{\"@id\":\"https:\\\/\\\/informelitoral.com.ar\\\/finalmente-fallecio-la-policia-que-se-disparo-frente-al-911-en-parana\\\/#primaryimage\"},\"thumbnailUrl\":\"https:\\\/\\\/lh3.googleusercontent.com\\\/drive-storage\\\/AJQWtBOzqSdK0Vusi2iObvyUc3I6THaX1zxreCuLhw-oC8NBnW-fkaFGOJYjKsB_1nlrl989XM2p2RCCBTKQGiVPsD0tSgcxnrg7hONnJCq-LgUhtDM=w2048-h2048-p-k-nu\",\"datePublished\":\"2025-08-06T01:17:41+00:00\",\"breadcrumb\":{\"@id\":\"https:\\\/\\\/informelitoral.com.ar\\\/finalmente-fallecio-la-policia-que-se-disparo-frente-al-911-en-parana\\\/#breadcrumb\"},\"inLanguage\":\"es\",\"potentialAction\":[{\"@type\":\"ReadAction\",\"target\":[\"https:\\\/\\\/informelitoral.com.ar\\\/finalmente-fallecio-la-policia-que-se-disparo-frente-al-911-en-parana\\\/\"]}]},{\"@type\":\"ImageObject\",\"inLanguage\":\"es\",\"@id\":\"https:\\\/\\\/informelitoral.com.ar\\\/finalmente-fallecio-la-policia-que-se-disparo-frente-al-911-en-parana\\\/#primaryimage\",\"url\":\"https:\\\/\\\/lh3.googleusercontent.com\\\/drive-storage\\\/AJQWtBOzqSdK0Vusi2iObvyUc3I6THaX1zxreCuLhw-oC8NBnW-fkaFGOJYjKsB_1nlrl989XM2p2RCCBTKQGiVPsD0tSgcxnrg7hONnJCq-LgUhtDM=w2048-h2048-p-k-nu\",\"contentUrl\":\"https:\\\/\\\/lh3.googleusercontent.com\\\/drive-storage\\\/AJQWtBOzqSdK0Vusi2iObvyUc3I6THaX1zxreCuLhw-oC8NBnW-fkaFGOJYjKsB_1nlrl989XM2p2RCCBTKQGiVPsD0tSgcxnrg7hONnJCq-LgUhtDM=w2048-h2048-p-k-nu\",\"width\":\"1440\",\"height\":\"1440\"},{\"@type\":\"BreadcrumbList\",\"@id\":\"https:\\\/\\\/informelitoral.com.ar\\\/finalmente-fallecio-la-policia-que-se-disparo-frente-al-911-en-parana\\\/#breadcrumb\",\"itemListElement\":[{\"@type\":\"ListItem\",\"position\":1,\"name\":\"Portada\",\"item\":\"https:\\\/\\\/informelitoral.com.ar\\\/\"},{\"@type\":\"ListItem\",\"position\":2,\"name\":\"Finalmente falleci\u00f3 la polic\u00eda que se dispar\u00f3 frente al 911 en Paran\u00e1\"}]},{\"@type\":\"WebSite\",\"@id\":\"https:\\\/\\\/informelitoral.com.ar\\\/#website\",\"url\":\"https:\\\/\\\/informelitoral.com.ar\\\/\",\"name\":\"Informe Litoral\",\"description\":\"&quot;Nos informamos&quot; \",\"publisher\":{\"@id\":\"https:\\\/\\\/informelitoral.com.ar\\\/#organization\"},\"potentialAction\":[{\"@type\":\"SearchAction\",\"target\":{\"@type\":\"EntryPoint\",\"urlTemplate\":\"https:\\\/\\\/informelitoral.com.ar\\\/?s={search_term_string}\"},\"query-input\":{\"@type\":\"PropertyValueSpecification\",\"valueRequired\":true,\"valueName\":\"search_term_string\"}}],\"inLanguage\":\"es\"},{\"@type\":\"Organization\",\"@id\":\"https:\\\/\\\/informelitoral.com.ar\\\/#organization\",\"name\":\"Informe Litoral\",\"url\":\"https:\\\/\\\/informelitoral.com.ar\\\/\",\"logo\":{\"@type\":\"ImageObject\",\"inLanguage\":\"es\",\"@id\":\"https:\\\/\\\/informelitoral.com.ar\\\/#\\\/schema\\\/logo\\\/image\\\/\",\"url\":\"https:\\\/\\\/informelitoral.com.ar\\\/%77%70%2d%63%6f%6e%74%65%6e%74\\\/uploads\\\/2021\\\/01\\\/circulo.png\",\"contentUrl\":\"https:\\\/\\\/informelitoral.com.ar\\\/%77%70%2d%63%6f%6e%74%65%6e%74\\\/uploads\\\/2021\\\/01\\\/circulo.png\",\"width\":723,\"height\":731,\"caption\":\"Informe Litoral\"},\"image\":{\"@id\":\"https:\\\/\\\/informelitoral.com.ar\\\/#\\\/schema\\\/logo\\\/image\\\/\"},\"sameAs\":[\"https:\\\/\\\/www.facebook.com\\\/informelitoral\\\/\",\"https:\\\/\\\/x.com\\\/InformeLitoral\",\"https:\\\/\\\/www.instagram.com\\\/informelitoral\\\/\",\"https:\\\/\\\/www.youtube.com\\\/channel\\\/UCua4Qvz8Icb6MYqhoq9xLXw\"]},{\"@type\":\"Person\",\"@id\":\"https:\\\/\\\/informelitoral.com.ar\\\/#\\\/schema\\\/person\\\/b9d00407c836482871ef1d57bf8e3180\",\"name\":\"Gonzalo Schmidt\",\"image\":{\"@type\":\"ImageObject\",\"inLanguage\":\"es\",\"@id\":\"https:\\\/\\\/secure.gravatar.com\\\/avatar\\\/31a1a7b66ff2de83bd0e9fd79d026630d2d99e55e8bfe501287647b4fd9743de?s=96&d=mm&r=g\",\"url\":\"https:\\\/\\\/secure.gravatar.com\\\/avatar\\\/31a1a7b66ff2de83bd0e9fd79d026630d2d99e55e8bfe501287647b4fd9743de?s=96&d=mm&r=g\",\"contentUrl\":\"https:\\\/\\\/secure.gravatar.com\\\/avatar\\\/31a1a7b66ff2de83bd0e9fd79d026630d2d99e55e8bfe501287647b4fd9743de?s=96&d=mm&r=g\",\"caption\":\"Gonzalo Schmidt\"},\"description\":\"Sitio web de noticias de la provincia de Entre R\u00edos, Argentina. Informaci\u00f3n y entretenimiento. Informe Litoral, nos informamos.\",\"sameAs\":[\"http:\\\/\\\/www.isletasnoticias.com.ar\"],\"url\":\"https:\\\/\\\/informelitoral.com.ar\\\/author\\\/gonzalo\\\/\"}]}<\/script>","yoast_head_json":{"title":"Finalmente falleci\u00f3 la polic\u00eda que se dispar\u00f3 frente al 911 en Paran\u00e1 - Informe Litoral","robots":{"index":"index","follow":"follow","max-snippet":"max-snippet:-1","max-image-preview":"max-image-preview:large","max-video-preview":"max-video-preview:-1"},"canonical":"https:\/\/informelitoral.com.ar\/finalmente-fallecio-la-policia-que-se-disparo-frente-al-911-en-parana\/","og_locale":"es_ES","og_type":"article","og_title":"Finalmente falleci\u00f3 la polic\u00eda que se dispar\u00f3 frente al 911 en Paran\u00e1 - Informe Litoral","og_description":"Ten\u00eda 35 a\u00f1os y era cabo primero de la Polic\u00eda de Entre R\u00edos. Fue hallada con un disparo en su auto, durante el lunes por la noche. Ten\u00eda licencia por estr\u00e9s laboral.","og_url":"https:\/\/informelitoral.com.ar\/finalmente-fallecio-la-policia-que-se-disparo-frente-al-911-en-parana\/","og_site_name":"Informe Litoral","article_publisher":"https:\/\/www.facebook.com\/informelitoral\/","article_published_time":"2025-08-06T01:17:41+00:00","og_image":[{"url":"https:\/\/lh3.googleusercontent.com\/drive-storage\/AJQWtBOzqSdK0Vusi2iObvyUc3I6THaX1zxreCuLhw-oC8NBnW-fkaFGOJYjKsB_1nlrl989XM2p2RCCBTKQGiVPsD0tSgcxnrg7hONnJCq-LgUhtDM=w2048-h2048-p-k-nu","type":"","width":"","height":""},{"width":1440,"height":1440,"url":"https:\/\/lh3.googleusercontent.com\/drive-storage\/AJQWtBOzqSdK0Vusi2iObvyUc3I6THaX1zxreCuLhw-oC8NBnW-fkaFGOJYjKsB_1nlrl989XM2p2RCCBTKQGiVPsD0tSgcxnrg7hONnJCq-LgUhtDM=w2048-h2048-p-k-nu","type":"image\/jpeg"}],"author":"Gonzalo Schmidt","twitter_card":"summary_large_image","twitter_image":"https:\/\/lh3.googleusercontent.com\/drive-storage\/AJQWtBOzqSdK0Vusi2iObvyUc3I6THaX1zxreCuLhw-oC8NBnW-fkaFGOJYjKsB_1nlrl989XM2p2RCCBTKQGiVPsD0tSgcxnrg7hONnJCq-LgUhtDM=w2048-h2048-p-k-nu","twitter_creator":"@InformeLitoral","twitter_site":"@InformeLitoral","twitter_misc":{"Escrito por":"Gonzalo Schmidt","Tiempo de lectura":"2 minutos"},"schema":{"@context":"https:\/\/schema.org","@graph":[{"@type":"Article","@id":"https:\/\/informelitoral.com.ar\/finalmente-fallecio-la-policia-que-se-disparo-frente-al-911-en-parana\/#article","isPartOf":{"@id":"https:\/\/informelitoral.com.ar\/finalmente-fallecio-la-policia-que-se-disparo-frente-al-911-en-parana\/"},"author":{"name":"Gonzalo Schmidt","@id":"https:\/\/informelitoral.com.ar\/#\/schema\/person\/b9d00407c836482871ef1d57bf8e3180"},"headline":"Finalmente falleci\u00f3 la polic\u00eda que se dispar\u00f3 frente al 911 en Paran\u00e1","datePublished":"2025-08-06T01:17:41+00:00","mainEntityOfPage":{"@id":"https:\/\/informelitoral.com.ar\/finalmente-fallecio-la-policia-que-se-disparo-frente-al-911-en-parana\/"},"wordCount":343,"commentCount":0,"publisher":{"@id":"https:\/\/informelitoral.com.ar\/#organization"},"image":{"@id":"https:\/\/informelitoral.com.ar\/finalmente-fallecio-la-policia-que-se-disparo-frente-al-911-en-parana\/#primaryimage"},"thumbnailUrl":"https:\/\/lh3.googleusercontent.com\/drive-storage\/AJQWtBOzqSdK0Vusi2iObvyUc3I6THaX1zxreCuLhw-oC8NBnW-fkaFGOJYjKsB_1nlrl989XM2p2RCCBTKQGiVPsD0tSgcxnrg7hONnJCq-LgUhtDM=w2048-h2048-p-k-nu","keywords":["911","Paran\u00e1","Polic\u00eda de Entre R\u00edos"],"articleSection":["Policiales"],"inLanguage":"es","potentialAction":[{"@type":"CommentAction","name":"Comment","target":["https:\/\/informelitoral.com.ar\/finalmente-fallecio-la-policia-que-se-disparo-frente-al-911-en-parana\/#respond"]}]},{"@type":"WebPage","@id":"https:\/\/informelitoral.com.ar\/finalmente-fallecio-la-policia-que-se-disparo-frente-al-911-en-parana\/","url":"https:\/\/informelitoral.com.ar\/finalmente-fallecio-la-policia-que-se-disparo-frente-al-911-en-parana\/","name":"Finalmente falleci\u00f3 la polic\u00eda que se dispar\u00f3 frente al 911 en Paran\u00e1 - Informe Litoral","isPartOf":{"@id":"https:\/\/informelitoral.com.ar\/#website"},"primaryImageOfPage":{"@id":"https:\/\/informelitoral.com.ar\/finalmente-fallecio-la-policia-que-se-disparo-frente-al-911-en-parana\/#primaryimage"},"image":{"@id":"https:\/\/informelitoral.com.ar\/finalmente-fallecio-la-policia-que-se-disparo-frente-al-911-en-parana\/#primaryimage"},"thumbnailUrl":"https:\/\/lh3.googleusercontent.com\/drive-storage\/AJQWtBOzqSdK0Vusi2iObvyUc3I6THaX1zxreCuLhw-oC8NBnW-fkaFGOJYjKsB_1nlrl989XM2p2RCCBTKQGiVPsD0tSgcxnrg7hONnJCq-LgUhtDM=w2048-h2048-p-k-nu","datePublished":"2025-08-06T01:17:41+00:00","breadcrumb":{"@id":"https:\/\/informelitoral.com.ar\/finalmente-fallecio-la-policia-que-se-disparo-frente-al-911-en-parana\/#breadcrumb"},"inLanguage":"es","potentialAction":[{"@type":"ReadAction","target":["https:\/\/informelitoral.com.ar\/finalmente-fallecio-la-policia-que-se-disparo-frente-al-911-en-parana\/"]}]},{"@type":"ImageObject","inLanguage":"es","@id":"https:\/\/informelitoral.com.ar\/finalmente-fallecio-la-policia-que-se-disparo-frente-al-911-en-parana\/#primaryimage","url":"https:\/\/lh3.googleusercontent.com\/drive-storage\/AJQWtBOzqSdK0Vusi2iObvyUc3I6THaX1zxreCuLhw-oC8NBnW-fkaFGOJYjKsB_1nlrl989XM2p2RCCBTKQGiVPsD0tSgcxnrg7hONnJCq-LgUhtDM=w2048-h2048-p-k-nu","contentUrl":"https:\/\/lh3.googleusercontent.com\/drive-storage\/AJQWtBOzqSdK0Vusi2iObvyUc3I6THaX1zxreCuLhw-oC8NBnW-fkaFGOJYjKsB_1nlrl989XM2p2RCCBTKQGiVPsD0tSgcxnrg7hONnJCq-LgUhtDM=w2048-h2048-p-k-nu","width":"1440","height":"1440"},{"@type":"BreadcrumbList","@id":"https:\/\/informelitoral.com.ar\/finalmente-fallecio-la-policia-que-se-disparo-frente-al-911-en-parana\/#breadcrumb","itemListElement":[{"@type":"ListItem","position":1,"name":"Portada","item":"https:\/\/informelitoral.com.ar\/"},{"@type":"ListItem","position":2,"name":"Finalmente falleci\u00f3 la polic\u00eda que se dispar\u00f3 frente al 911 en Paran\u00e1"}]},{"@type":"WebSite","@id":"https:\/\/informelitoral.com.ar\/#website","url":"https:\/\/informelitoral.com.ar\/","name":"Informe Litoral","description":"&quot;Nos informamos&quot; ","publisher":{"@id":"https:\/\/informelitoral.com.ar\/#organization"},"potentialAction":[{"@type":"SearchAction","target":{"@type":"EntryPoint","urlTemplate":"https:\/\/informelitoral.com.ar\/?s={search_term_string}"},"query-input":{"@type":"PropertyValueSpecification","valueRequired":true,"valueName":"search_term_string"}}],"inLanguage":"es"},{"@type":"Organization","@id":"https:\/\/informelitoral.com.ar\/#organization","name":"Informe Litoral","url":"https:\/\/informelitoral.com.ar\/","logo":{"@type":"ImageObject","inLanguage":"es","@id":"https:\/\/informelitoral.com.ar\/#\/schema\/logo\/image\/","url":"https:\/\/informelitoral.com.ar\/%77%70%2d%63%6f%6e%74%65%6e%74\/uploads\/2021\/01\/circulo.png","contentUrl":"https:\/\/informelitoral.com.ar\/%77%70%2d%63%6f%6e%74%65%6e%74\/uploads\/2021\/01\/circulo.png","width":723,"height":731,"caption":"Informe Litoral"},"image":{"@id":"https:\/\/informelitoral.com.ar\/#\/schema\/logo\/image\/"},"sameAs":["https:\/\/www.facebook.com\/informelitoral\/","https:\/\/x.com\/InformeLitoral","https:\/\/www.instagram.com\/informelitoral\/","https:\/\/www.youtube.com\/channel\/UCua4Qvz8Icb6MYqhoq9xLXw"]},{"@type":"Person","@id":"https:\/\/informelitoral.com.ar\/#\/schema\/person\/b9d00407c836482871ef1d57bf8e3180","name":"Gonzalo Schmidt","image":{"@type":"ImageObject","inLanguage":"es","@id":"https:\/\/secure.gravatar.com\/avatar\/31a1a7b66ff2de83bd0e9fd79d026630d2d99e55e8bfe501287647b4fd9743de?s=96&d=mm&r=g","url":"https:\/\/secure.gravatar.com\/avatar\/31a1a7b66ff2de83bd0e9fd79d026630d2d99e55e8bfe501287647b4fd9743de?s=96&d=mm&r=g","contentUrl":"https:\/\/secure.gravatar.com\/avatar\/31a1a7b66ff2de83bd0e9fd79d026630d2d99e55e8bfe501287647b4fd9743de?s=96&d=mm&r=g","caption":"Gonzalo Schmidt"},"description":"Sitio web de noticias de la provincia de Entre R\u00edos, Argentina. Informaci\u00f3n y entretenimiento. Informe Litoral, nos informamos.","sameAs":["http:\/\/www.isletasnoticias.com.ar"],"url":"https:\/\/informelitoral.com.ar\/author\/gonzalo\/"}]}},"fifu_image_url":"https:\/\/lh3.googleusercontent.com\/drive-storage\/AJQWtBOzqSdK0Vusi2iObvyUc3I6THaX1zxreCuLhw-oC8NBnW-fkaFGOJYjKsB_1nlrl989XM2p2RCCBTKQGiVPsD0tSgcxnrg7hONnJCq-LgUhtDM=w2048-h2048-p-k-nu","_links":{"self":[{"href":"https:\/\/informelitoral.com.ar\/%77%70%2d%6a%73%6f%6e\/wp\/v2\/posts\/229550","targetHints":{"allow":["GET"]}}],"collection":[{"href":"https:\/\/informelitoral.com.ar\/%77%70%2d%6a%73%6f%6e\/wp\/v2\/posts"}],"about":[{"href":"https:\/\/informelitoral.com.ar\/%77%70%2d%6a%73%6f%6e\/wp\/v2\/types\/post"}],"author":[{"embeddable":true,"href":"https:\/\/informelitoral.com.ar\/%77%70%2d%6a%73%6f%6e\/wp\/v2\/users\/2"}],"replies":[{"embeddable":true,"href":"https:\/\/informelitoral.com.ar\/%77%70%2d%6a%73%6f%6e\/wp\/v2\/comments?post=229550"}],"version-history":[{"count":1,"href":"https:\/\/informelitoral.com.ar\/%77%70%2d%6a%73%6f%6e\/wp\/v2\/posts\/229550\/revisions"}],"predecessor-version":[{"id":229552,"href":"https:\/\/informelitoral.com.ar\/%77%70%2d%6a%73%6f%6e\/wp\/v2\/posts\/229550\/revisions\/229552"}],"wp:featuredmedia":[{"embeddable":true,"href":"https:\/\/informelitoral.com.ar\/%77%70%2d%6a%73%6f%6e\/wp\/v2\/media\/229551"}],"wp:attachment":[{"href":"https:\/\/informelitoral.com.ar\/%77%70%2d%6a%73%6f%6e\/wp\/v2\/media?parent=229550"}],"wp:term":[{"taxonomy":"category","embeddable":true,"href":"https:\/\/informelitoral.com.ar\/%77%70%2d%6a%73%6f%6e\/wp\/v2\/categories?post=229550"},{"taxonomy":"post_tag","embeddable":true,"href":"https:\/\/informelitoral.com.ar\/%77%70%2d%6a%73%6f%6e\/wp\/v2\/tags?post=229550"}],"curies":[{"name":"wp","href":"https:\/\/api.w.org\/{rel}","templated":true}]}}