{"id":229146,"date":"2025-08-01T06:46:09","date_gmt":"2025-08-01T09:46:09","guid":{"rendered":"https:\/\/informelitoral.com.ar\/?p=229146"},"modified":"2025-08-01T06:46:09","modified_gmt":"2025-08-01T09:46:09","slug":"el-viernes-habra-lluvias-y-el-fin-de-semana-bajara-la-temperatura","status":"publish","type":"post","link":"https:\/\/informelitoral.com.ar\/el-viernes-habra-lluvias-y-el-fin-de-semana-bajara-la-temperatura\/","title":{"rendered":"El viernes habr\u00e1 lluvias y el fin de semana bajar\u00e1 la temperatura"},"content":{"rendered":"<p>\u201cUn profundo sistema de mal tiempo que est\u00e1 afectando la regi\u00f3n cordillerana de nuestro pa\u00eds y se espera que se desplace hacia el este interactuando con una masa de aire c\u00e1lida y h\u00fameda que se ubica en el centro y norte de nuestro pa\u00eds produciendo fen\u00f3menos como viento Zonda, vientos intensos, nevadas intensas y tormentas de variada intensidad\u201d, advirti\u00f3 la meteor\u00f3loga, Soledad Maciel Ramos Mej\u00eda.<\/p>\n<p>En ese marco, \u201cel viento norte cargado de humedad junto con el forzante en niveles altos de la atm\u00f3sfera da lugar a la formaci\u00f3n de un frente fr\u00edo en la zona central de la provincia de Buenos Aires\u201d.<\/p>\n<p>Mientras tanto, en <b>Entre R\u00edos se pronostica que durante la presente jornada los fuertes vientos se mantendr\u00e1n al menos durante la ma\u00f1ana<\/b>, mientras que la probabilidad de\u00a0<b>lluvias y tormentas estar\u00e1 latente durante todo el d\u00eda<\/b>. Pese a ello, se prev\u00e9n temperaturas m\u00e1ximas de 22 grados.<\/p>\n<p>En tanto, se alerta que el \u00e1rea ser\u00e1 afectada por <b>vientos del norte o noreste, con velocidades entre 25 y 40 kil\u00f3metros por hora y r\u00e1fagas que pueden alcanzar los 60 km\/h<\/b>, pudiendo ser superados de forma puntual\u201d, advirti\u00f3 el Servicio Meteorol\u00f3gico Nacional.<\/p>\n<h2><strong>C\u00f3mo estar\u00e1 el tiempo durante el fin de semana en Entre R\u00edos<\/strong><\/h2>\n<p><b>Durante este s\u00e1bado<\/b>, el tiempo ser\u00e1 nuboso e inestable en el centro del pa\u00eds. En el caso de\u00a0<b>Entre R\u00edos no se pronostican lluvias de relevanci<\/b>a, aunque podr\u00edan producirse algunas precipitaciones, sobre todo en el norte entrerriano.\u00a0<b>Los registros t\u00e9rmicos llegar\u00edan a 20 grados.<\/b><\/p>\n<p><b>Para el domingo se pronostica viento provendr\u00e1 del sur\/sudes<\/b><strong>te<\/strong>, con cielo parcialmente\u00a0<b>nublado y descenso de las temperaturas<\/b>: estiman m\u00ednimas de ocho grados y m\u00e1ximas en torno a los 18 grados.<\/p>\n<p>Finalmente, <b>para el lunes las marcas en los term\u00f3metros estimadas son m\u00e1s bajas<\/b>: cinco grados a la ma\u00f1ana y 18 por la tarde. No obstante, el tiempo seguir\u00e1 mejorando y\u00a0<b>el cielo se presentar\u00e1 mayormente soleado<\/b>.<\/p>\n","protected":false},"excerpt":{"rendered":"<p>Se anuncia una jornada inestable pero tanto el s\u00e1bado como el domingo ya no se prev\u00e9n precipitaciones en Entre R\u00edos. Seguir\u00e1 la nubosidad y las temperaturas bajar\u00e1n levemente. <\/p>\n","protected":false},"author":2,"featured_media":165513,"comment_status":"open","ping_status":"open","sticky":false,"template":"","format":"standard","meta":{"fifu_image_url":"","fifu_image_alt":"","footnotes":""},"categories":[6],"tags":[38,2759],"class_list":{"0":"post-229146","1":"post","2":"type-post","3":"status-publish","4":"format-standard","5":"has-post-thumbnail","7":"category-entre-rios","8":"tag-el-tiempo","9":"tag-pronostico-del-tiempo"},"yoast_head":"<title>El viernes habr\u00e1 lluvias y el fin de semana bajar\u00e1 la temperatura - Informe Litoral<\/title>\n<meta name=\"robots\" content=\"index, follow, max-snippet:-1, max-image-preview:large, max-video-preview:-1\" \/>\n<link rel=\"canonical\" href=\"https:\/\/informelitoral.com.ar\/el-viernes-habra-lluvias-y-el-fin-de-semana-bajara-la-temperatura\/\" \/>\n<meta property=\"og:locale\" content=\"es_ES\" \/>\n<meta property=\"og:type\" content=\"article\" \/>\n<meta property=\"og:title\" content=\"El viernes habr\u00e1 lluvias y el fin de semana bajar\u00e1 la temperatura - Informe Litoral\" \/>\n<meta property=\"og:description\" content=\"Se anuncia una jornada inestable pero tanto el s\u00e1bado como el domingo ya no se prev\u00e9n precipitaciones en Entre R\u00edos. Seguir\u00e1 la nubosidad y las temperaturas bajar\u00e1n levemente.\" \/>\n<meta property=\"og:url\" content=\"https:\/\/informelitoral.com.ar\/el-viernes-habra-lluvias-y-el-fin-de-semana-bajara-la-temperatura\/\" \/>\n<meta property=\"og:site_name\" content=\"Informe Litoral\" \/>\n<meta property=\"article:publisher\" content=\"https:\/\/www.facebook.com\/informelitoral\/\" \/>\n<meta property=\"article:published_time\" content=\"2025-08-01T09:46:09+00:00\" \/>\n<meta property=\"og:image\" content=\"https:\/\/informelitoral.com.ar\/%77%70%2d%63%6f%6e%74%65%6e%74\/uploads\/2023\/09\/tiempo-nublado-nubes_0.jpg\" \/>\n\t<meta property=\"og:image:width\" content=\"1330\" \/>\n\t<meta property=\"og:image:height\" content=\"880\" \/>\n\t<meta property=\"og:image:type\" content=\"image\/jpeg\" \/>\n<meta name=\"author\" content=\"Gonzalo Schmidt\" \/>\n<meta name=\"twitter:card\" content=\"summary_large_image\" \/>\n<meta name=\"twitter:creator\" content=\"@InformeLitoral\" \/>\n<meta name=\"twitter:site\" content=\"@InformeLitoral\" \/>\n<meta name=\"twitter:label1\" content=\"Escrito por\" \/>\n\t<meta name=\"twitter:data1\" content=\"Gonzalo Schmidt\" \/>\n\t<meta name=\"twitter:label2\" content=\"Tiempo de lectura\" \/>\n\t<meta name=\"twitter:data2\" content=\"2 minutos\" \/>\n<script type=\"application\/ld+json\" class=\"yoast-schema-graph\">{\"@context\":\"https:\\\/\\\/schema.org\",\"@graph\":[{\"@type\":\"Article\",\"@id\":\"https:\\\/\\\/informelitoral.com.ar\\\/el-viernes-habra-lluvias-y-el-fin-de-semana-bajara-la-temperatura\\\/#article\",\"isPartOf\":{\"@id\":\"https:\\\/\\\/informelitoral.com.ar\\\/el-viernes-habra-lluvias-y-el-fin-de-semana-bajara-la-temperatura\\\/\"},\"author\":{\"name\":\"Gonzalo Schmidt\",\"@id\":\"https:\\\/\\\/informelitoral.com.ar\\\/#\\\/schema\\\/person\\\/b9d00407c836482871ef1d57bf8e3180\"},\"headline\":\"El viernes habr\u00e1 lluvias y el fin de semana bajar\u00e1 la temperatura\",\"datePublished\":\"2025-08-01T09:46:09+00:00\",\"mainEntityOfPage\":{\"@id\":\"https:\\\/\\\/informelitoral.com.ar\\\/el-viernes-habra-lluvias-y-el-fin-de-semana-bajara-la-temperatura\\\/\"},\"wordCount\":356,\"commentCount\":0,\"publisher\":{\"@id\":\"https:\\\/\\\/informelitoral.com.ar\\\/#organization\"},\"image\":{\"@id\":\"https:\\\/\\\/informelitoral.com.ar\\\/el-viernes-habra-lluvias-y-el-fin-de-semana-bajara-la-temperatura\\\/#primaryimage\"},\"thumbnailUrl\":\"https:\\\/\\\/informelitoral.com.ar\\\/%77%70%2d%63%6f%6e%74%65%6e%74\\\/uploads\\\/2023\\\/09\\\/tiempo-nublado-nubes_0.jpg\",\"keywords\":[\"El tiempo\",\"Pron\u00f3stico del tiempo\"],\"articleSection\":[\"Entre R\u00edos\"],\"inLanguage\":\"es\",\"potentialAction\":[{\"@type\":\"CommentAction\",\"name\":\"Comment\",\"target\":[\"https:\\\/\\\/informelitoral.com.ar\\\/el-viernes-habra-lluvias-y-el-fin-de-semana-bajara-la-temperatura\\\/#respond\"]}]},{\"@type\":\"WebPage\",\"@id\":\"https:\\\/\\\/informelitoral.com.ar\\\/el-viernes-habra-lluvias-y-el-fin-de-semana-bajara-la-temperatura\\\/\",\"url\":\"https:\\\/\\\/informelitoral.com.ar\\\/el-viernes-habra-lluvias-y-el-fin-de-semana-bajara-la-temperatura\\\/\",\"name\":\"El viernes habr\u00e1 lluvias y el fin de semana bajar\u00e1 la temperatura - Informe Litoral\",\"isPartOf\":{\"@id\":\"https:\\\/\\\/informelitoral.com.ar\\\/#website\"},\"primaryImageOfPage\":{\"@id\":\"https:\\\/\\\/informelitoral.com.ar\\\/el-viernes-habra-lluvias-y-el-fin-de-semana-bajara-la-temperatura\\\/#primaryimage\"},\"image\":{\"@id\":\"https:\\\/\\\/informelitoral.com.ar\\\/el-viernes-habra-lluvias-y-el-fin-de-semana-bajara-la-temperatura\\\/#primaryimage\"},\"thumbnailUrl\":\"https:\\\/\\\/informelitoral.com.ar\\\/%77%70%2d%63%6f%6e%74%65%6e%74\\\/uploads\\\/2023\\\/09\\\/tiempo-nublado-nubes_0.jpg\",\"datePublished\":\"2025-08-01T09:46:09+00:00\",\"breadcrumb\":{\"@id\":\"https:\\\/\\\/informelitoral.com.ar\\\/el-viernes-habra-lluvias-y-el-fin-de-semana-bajara-la-temperatura\\\/#breadcrumb\"},\"inLanguage\":\"es\",\"potentialAction\":[{\"@type\":\"ReadAction\",\"target\":[\"https:\\\/\\\/informelitoral.com.ar\\\/el-viernes-habra-lluvias-y-el-fin-de-semana-bajara-la-temperatura\\\/\"]}]},{\"@type\":\"ImageObject\",\"inLanguage\":\"es\",\"@id\":\"https:\\\/\\\/informelitoral.com.ar\\\/el-viernes-habra-lluvias-y-el-fin-de-semana-bajara-la-temperatura\\\/#primaryimage\",\"url\":\"https:\\\/\\\/informelitoral.com.ar\\\/%77%70%2d%63%6f%6e%74%65%6e%74\\\/uploads\\\/2023\\\/09\\\/tiempo-nublado-nubes_0.jpg\",\"contentUrl\":\"https:\\\/\\\/informelitoral.com.ar\\\/%77%70%2d%63%6f%6e%74%65%6e%74\\\/uploads\\\/2023\\\/09\\\/tiempo-nublado-nubes_0.jpg\",\"width\":1330,\"height\":880},{\"@type\":\"BreadcrumbList\",\"@id\":\"https:\\\/\\\/informelitoral.com.ar\\\/el-viernes-habra-lluvias-y-el-fin-de-semana-bajara-la-temperatura\\\/#breadcrumb\",\"itemListElement\":[{\"@type\":\"ListItem\",\"position\":1,\"name\":\"Portada\",\"item\":\"https:\\\/\\\/informelitoral.com.ar\\\/\"},{\"@type\":\"ListItem\",\"position\":2,\"name\":\"El viernes habr\u00e1 lluvias y el fin de semana bajar\u00e1 la temperatura\"}]},{\"@type\":\"WebSite\",\"@id\":\"https:\\\/\\\/informelitoral.com.ar\\\/#website\",\"url\":\"https:\\\/\\\/informelitoral.com.ar\\\/\",\"name\":\"Informe Litoral\",\"description\":\"&quot;Nos informamos&quot; \",\"publisher\":{\"@id\":\"https:\\\/\\\/informelitoral.com.ar\\\/#organization\"},\"potentialAction\":[{\"@type\":\"SearchAction\",\"target\":{\"@type\":\"EntryPoint\",\"urlTemplate\":\"https:\\\/\\\/informelitoral.com.ar\\\/?s={search_term_string}\"},\"query-input\":{\"@type\":\"PropertyValueSpecification\",\"valueRequired\":true,\"valueName\":\"search_term_string\"}}],\"inLanguage\":\"es\"},{\"@type\":\"Organization\",\"@id\":\"https:\\\/\\\/informelitoral.com.ar\\\/#organization\",\"name\":\"Informe Litoral\",\"url\":\"https:\\\/\\\/informelitoral.com.ar\\\/\",\"logo\":{\"@type\":\"ImageObject\",\"inLanguage\":\"es\",\"@id\":\"https:\\\/\\\/informelitoral.com.ar\\\/#\\\/schema\\\/logo\\\/image\\\/\",\"url\":\"https:\\\/\\\/informelitoral.com.ar\\\/%77%70%2d%63%6f%6e%74%65%6e%74\\\/uploads\\\/2021\\\/01\\\/circulo.png\",\"contentUrl\":\"https:\\\/\\\/informelitoral.com.ar\\\/%77%70%2d%63%6f%6e%74%65%6e%74\\\/uploads\\\/2021\\\/01\\\/circulo.png\",\"width\":723,\"height\":731,\"caption\":\"Informe Litoral\"},\"image\":{\"@id\":\"https:\\\/\\\/informelitoral.com.ar\\\/#\\\/schema\\\/logo\\\/image\\\/\"},\"sameAs\":[\"https:\\\/\\\/www.facebook.com\\\/informelitoral\\\/\",\"https:\\\/\\\/x.com\\\/InformeLitoral\",\"https:\\\/\\\/www.instagram.com\\\/informelitoral\\\/\",\"https:\\\/\\\/www.youtube.com\\\/channel\\\/UCua4Qvz8Icb6MYqhoq9xLXw\"]},{\"@type\":\"Person\",\"@id\":\"https:\\\/\\\/informelitoral.com.ar\\\/#\\\/schema\\\/person\\\/b9d00407c836482871ef1d57bf8e3180\",\"name\":\"Gonzalo Schmidt\",\"image\":{\"@type\":\"ImageObject\",\"inLanguage\":\"es\",\"@id\":\"https:\\\/\\\/secure.gravatar.com\\\/avatar\\\/31a1a7b66ff2de83bd0e9fd79d026630d2d99e55e8bfe501287647b4fd9743de?s=96&d=mm&r=g\",\"url\":\"https:\\\/\\\/secure.gravatar.com\\\/avatar\\\/31a1a7b66ff2de83bd0e9fd79d026630d2d99e55e8bfe501287647b4fd9743de?s=96&d=mm&r=g\",\"contentUrl\":\"https:\\\/\\\/secure.gravatar.com\\\/avatar\\\/31a1a7b66ff2de83bd0e9fd79d026630d2d99e55e8bfe501287647b4fd9743de?s=96&d=mm&r=g\",\"caption\":\"Gonzalo Schmidt\"},\"description\":\"Sitio web de noticias de la provincia de Entre R\u00edos, Argentina. Informaci\u00f3n y entretenimiento. Informe Litoral, nos informamos.\",\"sameAs\":[\"http:\\\/\\\/www.isletasnoticias.com.ar\"],\"url\":\"https:\\\/\\\/informelitoral.com.ar\\\/author\\\/gonzalo\\\/\"}]}<\/script>","yoast_head_json":{"title":"El viernes habr\u00e1 lluvias y el fin de semana bajar\u00e1 la temperatura - Informe Litoral","robots":{"index":"index","follow":"follow","max-snippet":"max-snippet:-1","max-image-preview":"max-image-preview:large","max-video-preview":"max-video-preview:-1"},"canonical":"https:\/\/informelitoral.com.ar\/el-viernes-habra-lluvias-y-el-fin-de-semana-bajara-la-temperatura\/","og_locale":"es_ES","og_type":"article","og_title":"El viernes habr\u00e1 lluvias y el fin de semana bajar\u00e1 la temperatura - Informe Litoral","og_description":"Se anuncia una jornada inestable pero tanto el s\u00e1bado como el domingo ya no se prev\u00e9n precipitaciones en Entre R\u00edos. Seguir\u00e1 la nubosidad y las temperaturas bajar\u00e1n levemente.","og_url":"https:\/\/informelitoral.com.ar\/el-viernes-habra-lluvias-y-el-fin-de-semana-bajara-la-temperatura\/","og_site_name":"Informe Litoral","article_publisher":"https:\/\/www.facebook.com\/informelitoral\/","article_published_time":"2025-08-01T09:46:09+00:00","og_image":[{"width":1330,"height":880,"url":"https:\/\/informelitoral.com.ar\/%77%70%2d%63%6f%6e%74%65%6e%74\/uploads\/2023\/09\/tiempo-nublado-nubes_0.jpg","type":"image\/jpeg"}],"author":"Gonzalo Schmidt","twitter_card":"summary_large_image","twitter_creator":"@InformeLitoral","twitter_site":"@InformeLitoral","twitter_misc":{"Escrito por":"Gonzalo Schmidt","Tiempo de lectura":"2 minutos"},"schema":{"@context":"https:\/\/schema.org","@graph":[{"@type":"Article","@id":"https:\/\/informelitoral.com.ar\/el-viernes-habra-lluvias-y-el-fin-de-semana-bajara-la-temperatura\/#article","isPartOf":{"@id":"https:\/\/informelitoral.com.ar\/el-viernes-habra-lluvias-y-el-fin-de-semana-bajara-la-temperatura\/"},"author":{"name":"Gonzalo Schmidt","@id":"https:\/\/informelitoral.com.ar\/#\/schema\/person\/b9d00407c836482871ef1d57bf8e3180"},"headline":"El viernes habr\u00e1 lluvias y el fin de semana bajar\u00e1 la temperatura","datePublished":"2025-08-01T09:46:09+00:00","mainEntityOfPage":{"@id":"https:\/\/informelitoral.com.ar\/el-viernes-habra-lluvias-y-el-fin-de-semana-bajara-la-temperatura\/"},"wordCount":356,"commentCount":0,"publisher":{"@id":"https:\/\/informelitoral.com.ar\/#organization"},"image":{"@id":"https:\/\/informelitoral.com.ar\/el-viernes-habra-lluvias-y-el-fin-de-semana-bajara-la-temperatura\/#primaryimage"},"thumbnailUrl":"https:\/\/informelitoral.com.ar\/%77%70%2d%63%6f%6e%74%65%6e%74\/uploads\/2023\/09\/tiempo-nublado-nubes_0.jpg","keywords":["El tiempo","Pron\u00f3stico del tiempo"],"articleSection":["Entre R\u00edos"],"inLanguage":"es","potentialAction":[{"@type":"CommentAction","name":"Comment","target":["https:\/\/informelitoral.com.ar\/el-viernes-habra-lluvias-y-el-fin-de-semana-bajara-la-temperatura\/#respond"]}]},{"@type":"WebPage","@id":"https:\/\/informelitoral.com.ar\/el-viernes-habra-lluvias-y-el-fin-de-semana-bajara-la-temperatura\/","url":"https:\/\/informelitoral.com.ar\/el-viernes-habra-lluvias-y-el-fin-de-semana-bajara-la-temperatura\/","name":"El viernes habr\u00e1 lluvias y el fin de semana bajar\u00e1 la temperatura - Informe Litoral","isPartOf":{"@id":"https:\/\/informelitoral.com.ar\/#website"},"primaryImageOfPage":{"@id":"https:\/\/informelitoral.com.ar\/el-viernes-habra-lluvias-y-el-fin-de-semana-bajara-la-temperatura\/#primaryimage"},"image":{"@id":"https:\/\/informelitoral.com.ar\/el-viernes-habra-lluvias-y-el-fin-de-semana-bajara-la-temperatura\/#primaryimage"},"thumbnailUrl":"https:\/\/informelitoral.com.ar\/%77%70%2d%63%6f%6e%74%65%6e%74\/uploads\/2023\/09\/tiempo-nublado-nubes_0.jpg","datePublished":"2025-08-01T09:46:09+00:00","breadcrumb":{"@id":"https:\/\/informelitoral.com.ar\/el-viernes-habra-lluvias-y-el-fin-de-semana-bajara-la-temperatura\/#breadcrumb"},"inLanguage":"es","potentialAction":[{"@type":"ReadAction","target":["https:\/\/informelitoral.com.ar\/el-viernes-habra-lluvias-y-el-fin-de-semana-bajara-la-temperatura\/"]}]},{"@type":"ImageObject","inLanguage":"es","@id":"https:\/\/informelitoral.com.ar\/el-viernes-habra-lluvias-y-el-fin-de-semana-bajara-la-temperatura\/#primaryimage","url":"https:\/\/informelitoral.com.ar\/%77%70%2d%63%6f%6e%74%65%6e%74\/uploads\/2023\/09\/tiempo-nublado-nubes_0.jpg","contentUrl":"https:\/\/informelitoral.com.ar\/%77%70%2d%63%6f%6e%74%65%6e%74\/uploads\/2023\/09\/tiempo-nublado-nubes_0.jpg","width":1330,"height":880},{"@type":"BreadcrumbList","@id":"https:\/\/informelitoral.com.ar\/el-viernes-habra-lluvias-y-el-fin-de-semana-bajara-la-temperatura\/#breadcrumb","itemListElement":[{"@type":"ListItem","position":1,"name":"Portada","item":"https:\/\/informelitoral.com.ar\/"},{"@type":"ListItem","position":2,"name":"El viernes habr\u00e1 lluvias y el fin de semana bajar\u00e1 la temperatura"}]},{"@type":"WebSite","@id":"https:\/\/informelitoral.com.ar\/#website","url":"https:\/\/informelitoral.com.ar\/","name":"Informe Litoral","description":"&quot;Nos informamos&quot; ","publisher":{"@id":"https:\/\/informelitoral.com.ar\/#organization"},"potentialAction":[{"@type":"SearchAction","target":{"@type":"EntryPoint","urlTemplate":"https:\/\/informelitoral.com.ar\/?s={search_term_string}"},"query-input":{"@type":"PropertyValueSpecification","valueRequired":true,"valueName":"search_term_string"}}],"inLanguage":"es"},{"@type":"Organization","@id":"https:\/\/informelitoral.com.ar\/#organization","name":"Informe Litoral","url":"https:\/\/informelitoral.com.ar\/","logo":{"@type":"ImageObject","inLanguage":"es","@id":"https:\/\/informelitoral.com.ar\/#\/schema\/logo\/image\/","url":"https:\/\/informelitoral.com.ar\/%77%70%2d%63%6f%6e%74%65%6e%74\/uploads\/2021\/01\/circulo.png","contentUrl":"https:\/\/informelitoral.com.ar\/%77%70%2d%63%6f%6e%74%65%6e%74\/uploads\/2021\/01\/circulo.png","width":723,"height":731,"caption":"Informe Litoral"},"image":{"@id":"https:\/\/informelitoral.com.ar\/#\/schema\/logo\/image\/"},"sameAs":["https:\/\/www.facebook.com\/informelitoral\/","https:\/\/x.com\/InformeLitoral","https:\/\/www.instagram.com\/informelitoral\/","https:\/\/www.youtube.com\/channel\/UCua4Qvz8Icb6MYqhoq9xLXw"]},{"@type":"Person","@id":"https:\/\/informelitoral.com.ar\/#\/schema\/person\/b9d00407c836482871ef1d57bf8e3180","name":"Gonzalo Schmidt","image":{"@type":"ImageObject","inLanguage":"es","@id":"https:\/\/secure.gravatar.com\/avatar\/31a1a7b66ff2de83bd0e9fd79d026630d2d99e55e8bfe501287647b4fd9743de?s=96&d=mm&r=g","url":"https:\/\/secure.gravatar.com\/avatar\/31a1a7b66ff2de83bd0e9fd79d026630d2d99e55e8bfe501287647b4fd9743de?s=96&d=mm&r=g","contentUrl":"https:\/\/secure.gravatar.com\/avatar\/31a1a7b66ff2de83bd0e9fd79d026630d2d99e55e8bfe501287647b4fd9743de?s=96&d=mm&r=g","caption":"Gonzalo Schmidt"},"description":"Sitio web de noticias de la provincia de Entre R\u00edos, Argentina. Informaci\u00f3n y entretenimiento. Informe Litoral, nos informamos.","sameAs":["http:\/\/www.isletasnoticias.com.ar"],"url":"https:\/\/informelitoral.com.ar\/author\/gonzalo\/"}]}},"_links":{"self":[{"href":"https:\/\/informelitoral.com.ar\/%77%70%2d%6a%73%6f%6e\/wp\/v2\/posts\/229146","targetHints":{"allow":["GET"]}}],"collection":[{"href":"https:\/\/informelitoral.com.ar\/%77%70%2d%6a%73%6f%6e\/wp\/v2\/posts"}],"about":[{"href":"https:\/\/informelitoral.com.ar\/%77%70%2d%6a%73%6f%6e\/wp\/v2\/types\/post"}],"author":[{"embeddable":true,"href":"https:\/\/informelitoral.com.ar\/%77%70%2d%6a%73%6f%6e\/wp\/v2\/users\/2"}],"replies":[{"embeddable":true,"href":"https:\/\/informelitoral.com.ar\/%77%70%2d%6a%73%6f%6e\/wp\/v2\/comments?post=229146"}],"version-history":[{"count":1,"href":"https:\/\/informelitoral.com.ar\/%77%70%2d%6a%73%6f%6e\/wp\/v2\/posts\/229146\/revisions"}],"predecessor-version":[{"id":229147,"href":"https:\/\/informelitoral.com.ar\/%77%70%2d%6a%73%6f%6e\/wp\/v2\/posts\/229146\/revisions\/229147"}],"wp:featuredmedia":[{"embeddable":true,"href":"https:\/\/informelitoral.com.ar\/%77%70%2d%6a%73%6f%6e\/wp\/v2\/media\/165513"}],"wp:attachment":[{"href":"https:\/\/informelitoral.com.ar\/%77%70%2d%6a%73%6f%6e\/wp\/v2\/media?parent=229146"}],"wp:term":[{"taxonomy":"category","embeddable":true,"href":"https:\/\/informelitoral.com.ar\/%77%70%2d%6a%73%6f%6e\/wp\/v2\/categories?post=229146"},{"taxonomy":"post_tag","embeddable":true,"href":"https:\/\/informelitoral.com.ar\/%77%70%2d%6a%73%6f%6e\/wp\/v2\/tags?post=229146"}],"curies":[{"name":"wp","href":"https:\/\/api.w.org\/{rel}","templated":true}]}}