{"id":229047,"date":"2025-07-31T08:46:29","date_gmt":"2025-07-31T11:46:29","guid":{"rendered":"https:\/\/informelitoral.com.ar\/?p=229047"},"modified":"2025-08-01T07:05:34","modified_gmt":"2025-08-01T10:05:34","slug":"jubilados-con-la-minima-recibiran-un-bono-de-hasta-70-000-en-agosto","status":"publish","type":"post","link":"https:\/\/informelitoral.com.ar\/jubilados-con-la-minima-recibiran-un-bono-de-hasta-70-000-en-agosto\/","title":{"rendered":"Jubilados con la m\u00ednima recibir\u00e1n un bono de hasta $70.000 en agosto"},"content":{"rendered":"<p>El Gobierno nacional oficializ\u00f3 este jueves, a trav\u00e9s del\u00a0<b>Decreto 523\/2025<\/b>, la entrega de un\u00a0<b>bono extraordinario de hasta $70.000<\/b>\u00a0para los jubilados y pensionados que perciben la m\u00ednima. La medida fue publicada en el\u00a0<b>Bolet\u00edn Oficial.<\/b><\/p>\n<p>Este refuerzo tiene por objetivo\u00a0<b>\u00abuna compensaci\u00f3n por los efectos adversos ocasionados por la aplicaci\u00f3n de la Ley N\u00b0 27.609 de \u00cdndice de Movilidad Jubilatoria en los haberes previsionales de los adultos mayores de menores ingresos\u00bb<\/b>. El decreto fue firmado por el presidente\u00a0<b>J<\/b>avier Milei, el jefe de Gabinete Guillermo Francos, y la ministra de Capital Humano, Sandra Pettovello.<\/p>\n<p>El bono extraordinario se sumar\u00e1 al\u00a0<b>aumento del 1,62%<\/b>\u00a0anunciado el pasado viernes, en l\u00ednea con la variaci\u00f3n del\u00a0<b>\u00cdndice de Precios al Consumidor (IPC)<\/b>\u00a0correspondiente al mes de junio, seg\u00fan datos del INDEC. Cabe recordar que este refuerzo est\u00e1\u00a0<b>congelado desde marzo de 2024<\/b>, sin ning\u00fan ajuste por inflaci\u00f3n o movilidad.<\/p>\n<h3><b>Detalles del refuerzo y condiciones del pago<\/b><\/h3>\n<p>De acuerdo con lo establecido en el decreto, el bono se otorgar\u00e1\u00a0<b>de forma proporcional<\/b>\u00a0para aquellos beneficiarios cuyo haber previsional\u00a0<b>supere el m\u00ednimo<\/b>, hasta alcanzar un total de\u00a0<b>$384.305,37<\/b>, que es el\u00a0<b>nuevo tope<\/b>\u00a0establecido para cobrar el bono completo.<\/p>\n<p>El texto aclara tambi\u00e9n que el bono\u00a0<b>no tendr\u00e1 car\u00e1cter remunerativo<\/b>,\u00a0<b>no ser\u00e1 alcanzado por descuentos<\/b>, y\u00a0<b>no se computar\u00e1 para otros conceptos<\/b>. En el caso de\u00a0<b>pensiones compartidas<\/b>, el refuerzo se abonar\u00e1\u00a0<b>por cada titular<\/b>, sin distinci\u00f3n.<\/p>\n<h3><b>\u00bfQui\u00e9nes podr\u00e1n acceder al bono?<\/b><\/h3>\n<p><u>El beneficio alcanzar\u00e1 tanto a jubilados del r\u00e9gimen general como a beneficiarios de sistemas no contributivos. Seg\u00fan el decreto, los grupos incluidos son:<\/u><\/p>\n<p><b>Jubilados del r\u00e9gimen general<\/b><\/p>\n<p><b>Pensiones no contributivas<\/b>\u00a0(por invalidez, vejez y maternidad de siete hijos o m\u00e1s)<\/p>\n<p><b>Beneficiarios de la Pensi\u00f3n Universal para el Adulto Mayor (PUAM)<\/b><\/p>\n<p><b>Ex cajas provinciales y municipales<\/b>\u00a0transferidas a la Naci\u00f3n<\/p>\n<p><b>Reg\u00edmenes especiales<\/b><\/p>\n","protected":false},"excerpt":{"rendered":"<p>Los jubilados y pensionados que perciben la m\u00ednima recibir\u00e1n nuevamente un bono extraordinario de hasta $ 70.000 en el mes de agosto. La decisi\u00f3n qued\u00f3 ratificada en el Decreto 523\/2025, publicado en el Bolet\u00edn Oficial.<\/p>\n","protected":false},"author":8,"featured_media":74188,"comment_status":"open","ping_status":"open","sticky":false,"template":"","format":"standard","meta":{"fifu_image_url":"","fifu_image_alt":"","footnotes":""},"categories":[1594],"tags":[2042,102],"class_list":{"0":"post-229047","1":"post","2":"type-post","3":"status-publish","4":"format-standard","5":"has-post-thumbnail","7":"category-economia","8":"tag-bono","9":"tag-jubilados"},"yoast_head":"<title>Jubilados con la m\u00ednima recibir\u00e1n un bono de hasta $70.000 en agosto - Informe Litoral<\/title>\n<meta name=\"robots\" content=\"index, follow, max-snippet:-1, max-image-preview:large, max-video-preview:-1\" \/>\n<link rel=\"canonical\" href=\"https:\/\/informelitoral.com.ar\/jubilados-con-la-minima-recibiran-un-bono-de-hasta-70-000-en-agosto\/\" \/>\n<meta property=\"og:locale\" content=\"es_ES\" \/>\n<meta property=\"og:type\" content=\"article\" \/>\n<meta property=\"og:title\" content=\"Jubilados con la m\u00ednima recibir\u00e1n un bono de hasta $70.000 en agosto - Informe Litoral\" \/>\n<meta property=\"og:description\" content=\"Los jubilados y pensionados que perciben la m\u00ednima recibir\u00e1n nuevamente un bono extraordinario de hasta $ 70.000 en el mes de agosto. La decisi\u00f3n qued\u00f3 ratificada en el Decreto 523\/2025, publicado en el Bolet\u00edn Oficial.\" \/>\n<meta property=\"og:url\" content=\"https:\/\/informelitoral.com.ar\/jubilados-con-la-minima-recibiran-un-bono-de-hasta-70-000-en-agosto\/\" \/>\n<meta property=\"og:site_name\" content=\"Informe Litoral\" \/>\n<meta property=\"article:publisher\" content=\"https:\/\/www.facebook.com\/informelitoral\/\" \/>\n<meta property=\"article:published_time\" content=\"2025-07-31T11:46:29+00:00\" \/>\n<meta property=\"article:modified_time\" content=\"2025-08-01T10:05:34+00:00\" \/>\n<meta property=\"og:image\" content=\"https:\/\/informelitoral.com.ar\/%77%70%2d%63%6f%6e%74%65%6e%74\/uploads\/2022\/03\/anses-02.jpeg\" \/>\n\t<meta property=\"og:image:width\" content=\"644\" \/>\n\t<meta property=\"og:image:height\" content=\"360\" \/>\n\t<meta property=\"og:image:type\" content=\"image\/jpeg\" \/>\n<meta name=\"author\" content=\"Sebastian\" \/>\n<meta name=\"twitter:card\" content=\"summary_large_image\" \/>\n<meta name=\"twitter:creator\" content=\"@InformeLitoral\" \/>\n<meta name=\"twitter:site\" content=\"@InformeLitoral\" \/>\n<meta name=\"twitter:label1\" content=\"Escrito por\" \/>\n\t<meta name=\"twitter:data1\" content=\"Sebastian\" \/>\n\t<meta name=\"twitter:label2\" content=\"Tiempo de lectura\" \/>\n\t<meta name=\"twitter:data2\" content=\"2 minutos\" \/>\n<script type=\"application\/ld+json\" class=\"yoast-schema-graph\">{\"@context\":\"https:\\\/\\\/schema.org\",\"@graph\":[{\"@type\":\"Article\",\"@id\":\"https:\\\/\\\/informelitoral.com.ar\\\/jubilados-con-la-minima-recibiran-un-bono-de-hasta-70-000-en-agosto\\\/#article\",\"isPartOf\":{\"@id\":\"https:\\\/\\\/informelitoral.com.ar\\\/jubilados-con-la-minima-recibiran-un-bono-de-hasta-70-000-en-agosto\\\/\"},\"author\":{\"name\":\"Sebastian\",\"@id\":\"https:\\\/\\\/informelitoral.com.ar\\\/#\\\/schema\\\/person\\\/f05f9f461677119578717524b127d6d5\"},\"headline\":\"Jubilados con la m\u00ednima recibir\u00e1n un bono de hasta $70.000 en agosto\",\"datePublished\":\"2025-07-31T11:46:29+00:00\",\"dateModified\":\"2025-08-01T10:05:34+00:00\",\"mainEntityOfPage\":{\"@id\":\"https:\\\/\\\/informelitoral.com.ar\\\/jubilados-con-la-minima-recibiran-un-bono-de-hasta-70-000-en-agosto\\\/\"},\"wordCount\":330,\"commentCount\":0,\"publisher\":{\"@id\":\"https:\\\/\\\/informelitoral.com.ar\\\/#organization\"},\"image\":{\"@id\":\"https:\\\/\\\/informelitoral.com.ar\\\/jubilados-con-la-minima-recibiran-un-bono-de-hasta-70-000-en-agosto\\\/#primaryimage\"},\"thumbnailUrl\":\"https:\\\/\\\/informelitoral.com.ar\\\/%77%70%2d%63%6f%6e%74%65%6e%74\\\/uploads\\\/2022\\\/03\\\/anses-02.jpeg\",\"keywords\":[\"Bono\",\"Jubilados\"],\"articleSection\":[\"Econom\u00eda\"],\"inLanguage\":\"es\",\"potentialAction\":[{\"@type\":\"CommentAction\",\"name\":\"Comment\",\"target\":[\"https:\\\/\\\/informelitoral.com.ar\\\/jubilados-con-la-minima-recibiran-un-bono-de-hasta-70-000-en-agosto\\\/#respond\"]}]},{\"@type\":\"WebPage\",\"@id\":\"https:\\\/\\\/informelitoral.com.ar\\\/jubilados-con-la-minima-recibiran-un-bono-de-hasta-70-000-en-agosto\\\/\",\"url\":\"https:\\\/\\\/informelitoral.com.ar\\\/jubilados-con-la-minima-recibiran-un-bono-de-hasta-70-000-en-agosto\\\/\",\"name\":\"Jubilados con la m\u00ednima recibir\u00e1n un bono de hasta $70.000 en agosto - Informe Litoral\",\"isPartOf\":{\"@id\":\"https:\\\/\\\/informelitoral.com.ar\\\/#website\"},\"primaryImageOfPage\":{\"@id\":\"https:\\\/\\\/informelitoral.com.ar\\\/jubilados-con-la-minima-recibiran-un-bono-de-hasta-70-000-en-agosto\\\/#primaryimage\"},\"image\":{\"@id\":\"https:\\\/\\\/informelitoral.com.ar\\\/jubilados-con-la-minima-recibiran-un-bono-de-hasta-70-000-en-agosto\\\/#primaryimage\"},\"thumbnailUrl\":\"https:\\\/\\\/informelitoral.com.ar\\\/%77%70%2d%63%6f%6e%74%65%6e%74\\\/uploads\\\/2022\\\/03\\\/anses-02.jpeg\",\"datePublished\":\"2025-07-31T11:46:29+00:00\",\"dateModified\":\"2025-08-01T10:05:34+00:00\",\"breadcrumb\":{\"@id\":\"https:\\\/\\\/informelitoral.com.ar\\\/jubilados-con-la-minima-recibiran-un-bono-de-hasta-70-000-en-agosto\\\/#breadcrumb\"},\"inLanguage\":\"es\",\"potentialAction\":[{\"@type\":\"ReadAction\",\"target\":[\"https:\\\/\\\/informelitoral.com.ar\\\/jubilados-con-la-minima-recibiran-un-bono-de-hasta-70-000-en-agosto\\\/\"]}]},{\"@type\":\"ImageObject\",\"inLanguage\":\"es\",\"@id\":\"https:\\\/\\\/informelitoral.com.ar\\\/jubilados-con-la-minima-recibiran-un-bono-de-hasta-70-000-en-agosto\\\/#primaryimage\",\"url\":\"https:\\\/\\\/informelitoral.com.ar\\\/%77%70%2d%63%6f%6e%74%65%6e%74\\\/uploads\\\/2022\\\/03\\\/anses-02.jpeg\",\"contentUrl\":\"https:\\\/\\\/informelitoral.com.ar\\\/%77%70%2d%63%6f%6e%74%65%6e%74\\\/uploads\\\/2022\\\/03\\\/anses-02.jpeg\",\"width\":644,\"height\":360},{\"@type\":\"BreadcrumbList\",\"@id\":\"https:\\\/\\\/informelitoral.com.ar\\\/jubilados-con-la-minima-recibiran-un-bono-de-hasta-70-000-en-agosto\\\/#breadcrumb\",\"itemListElement\":[{\"@type\":\"ListItem\",\"position\":1,\"name\":\"Portada\",\"item\":\"https:\\\/\\\/informelitoral.com.ar\\\/\"},{\"@type\":\"ListItem\",\"position\":2,\"name\":\"Jubilados con la m\u00ednima recibir\u00e1n un bono de hasta $70.000 en agosto\"}]},{\"@type\":\"WebSite\",\"@id\":\"https:\\\/\\\/informelitoral.com.ar\\\/#website\",\"url\":\"https:\\\/\\\/informelitoral.com.ar\\\/\",\"name\":\"Informe Litoral\",\"description\":\"&quot;Nos informamos&quot; \",\"publisher\":{\"@id\":\"https:\\\/\\\/informelitoral.com.ar\\\/#organization\"},\"potentialAction\":[{\"@type\":\"SearchAction\",\"target\":{\"@type\":\"EntryPoint\",\"urlTemplate\":\"https:\\\/\\\/informelitoral.com.ar\\\/?s={search_term_string}\"},\"query-input\":{\"@type\":\"PropertyValueSpecification\",\"valueRequired\":true,\"valueName\":\"search_term_string\"}}],\"inLanguage\":\"es\"},{\"@type\":\"Organization\",\"@id\":\"https:\\\/\\\/informelitoral.com.ar\\\/#organization\",\"name\":\"Informe Litoral\",\"url\":\"https:\\\/\\\/informelitoral.com.ar\\\/\",\"logo\":{\"@type\":\"ImageObject\",\"inLanguage\":\"es\",\"@id\":\"https:\\\/\\\/informelitoral.com.ar\\\/#\\\/schema\\\/logo\\\/image\\\/\",\"url\":\"https:\\\/\\\/informelitoral.com.ar\\\/%77%70%2d%63%6f%6e%74%65%6e%74\\\/uploads\\\/2021\\\/01\\\/circulo.png\",\"contentUrl\":\"https:\\\/\\\/informelitoral.com.ar\\\/%77%70%2d%63%6f%6e%74%65%6e%74\\\/uploads\\\/2021\\\/01\\\/circulo.png\",\"width\":723,\"height\":731,\"caption\":\"Informe Litoral\"},\"image\":{\"@id\":\"https:\\\/\\\/informelitoral.com.ar\\\/#\\\/schema\\\/logo\\\/image\\\/\"},\"sameAs\":[\"https:\\\/\\\/www.facebook.com\\\/informelitoral\\\/\",\"https:\\\/\\\/x.com\\\/InformeLitoral\",\"https:\\\/\\\/www.instagram.com\\\/informelitoral\\\/\",\"https:\\\/\\\/www.youtube.com\\\/channel\\\/UCua4Qvz8Icb6MYqhoq9xLXw\"]},{\"@type\":\"Person\",\"@id\":\"https:\\\/\\\/informelitoral.com.ar\\\/#\\\/schema\\\/person\\\/f05f9f461677119578717524b127d6d5\",\"name\":\"Sebastian\",\"image\":{\"@type\":\"ImageObject\",\"inLanguage\":\"es\",\"@id\":\"https:\\\/\\\/secure.gravatar.com\\\/avatar\\\/b71bf7481d447dfb9583c7f2798e7cc64de6efb9067b74633ed8c31059a3bd82?s=96&d=mm&r=g\",\"url\":\"https:\\\/\\\/secure.gravatar.com\\\/avatar\\\/b71bf7481d447dfb9583c7f2798e7cc64de6efb9067b74633ed8c31059a3bd82?s=96&d=mm&r=g\",\"contentUrl\":\"https:\\\/\\\/secure.gravatar.com\\\/avatar\\\/b71bf7481d447dfb9583c7f2798e7cc64de6efb9067b74633ed8c31059a3bd82?s=96&d=mm&r=g\",\"caption\":\"Sebastian\"},\"url\":\"https:\\\/\\\/informelitoral.com.ar\\\/author\\\/sebastian\\\/\"}]}<\/script>","yoast_head_json":{"title":"Jubilados con la m\u00ednima recibir\u00e1n un bono de hasta $70.000 en agosto - Informe Litoral","robots":{"index":"index","follow":"follow","max-snippet":"max-snippet:-1","max-image-preview":"max-image-preview:large","max-video-preview":"max-video-preview:-1"},"canonical":"https:\/\/informelitoral.com.ar\/jubilados-con-la-minima-recibiran-un-bono-de-hasta-70-000-en-agosto\/","og_locale":"es_ES","og_type":"article","og_title":"Jubilados con la m\u00ednima recibir\u00e1n un bono de hasta $70.000 en agosto - Informe Litoral","og_description":"Los jubilados y pensionados que perciben la m\u00ednima recibir\u00e1n nuevamente un bono extraordinario de hasta $ 70.000 en el mes de agosto. La decisi\u00f3n qued\u00f3 ratificada en el Decreto 523\/2025, publicado en el Bolet\u00edn Oficial.","og_url":"https:\/\/informelitoral.com.ar\/jubilados-con-la-minima-recibiran-un-bono-de-hasta-70-000-en-agosto\/","og_site_name":"Informe Litoral","article_publisher":"https:\/\/www.facebook.com\/informelitoral\/","article_published_time":"2025-07-31T11:46:29+00:00","article_modified_time":"2025-08-01T10:05:34+00:00","og_image":[{"width":644,"height":360,"url":"https:\/\/informelitoral.com.ar\/%77%70%2d%63%6f%6e%74%65%6e%74\/uploads\/2022\/03\/anses-02.jpeg","type":"image\/jpeg"}],"author":"Sebastian","twitter_card":"summary_large_image","twitter_creator":"@InformeLitoral","twitter_site":"@InformeLitoral","twitter_misc":{"Escrito por":"Sebastian","Tiempo de lectura":"2 minutos"},"schema":{"@context":"https:\/\/schema.org","@graph":[{"@type":"Article","@id":"https:\/\/informelitoral.com.ar\/jubilados-con-la-minima-recibiran-un-bono-de-hasta-70-000-en-agosto\/#article","isPartOf":{"@id":"https:\/\/informelitoral.com.ar\/jubilados-con-la-minima-recibiran-un-bono-de-hasta-70-000-en-agosto\/"},"author":{"name":"Sebastian","@id":"https:\/\/informelitoral.com.ar\/#\/schema\/person\/f05f9f461677119578717524b127d6d5"},"headline":"Jubilados con la m\u00ednima recibir\u00e1n un bono de hasta $70.000 en agosto","datePublished":"2025-07-31T11:46:29+00:00","dateModified":"2025-08-01T10:05:34+00:00","mainEntityOfPage":{"@id":"https:\/\/informelitoral.com.ar\/jubilados-con-la-minima-recibiran-un-bono-de-hasta-70-000-en-agosto\/"},"wordCount":330,"commentCount":0,"publisher":{"@id":"https:\/\/informelitoral.com.ar\/#organization"},"image":{"@id":"https:\/\/informelitoral.com.ar\/jubilados-con-la-minima-recibiran-un-bono-de-hasta-70-000-en-agosto\/#primaryimage"},"thumbnailUrl":"https:\/\/informelitoral.com.ar\/%77%70%2d%63%6f%6e%74%65%6e%74\/uploads\/2022\/03\/anses-02.jpeg","keywords":["Bono","Jubilados"],"articleSection":["Econom\u00eda"],"inLanguage":"es","potentialAction":[{"@type":"CommentAction","name":"Comment","target":["https:\/\/informelitoral.com.ar\/jubilados-con-la-minima-recibiran-un-bono-de-hasta-70-000-en-agosto\/#respond"]}]},{"@type":"WebPage","@id":"https:\/\/informelitoral.com.ar\/jubilados-con-la-minima-recibiran-un-bono-de-hasta-70-000-en-agosto\/","url":"https:\/\/informelitoral.com.ar\/jubilados-con-la-minima-recibiran-un-bono-de-hasta-70-000-en-agosto\/","name":"Jubilados con la m\u00ednima recibir\u00e1n un bono de hasta $70.000 en agosto - Informe Litoral","isPartOf":{"@id":"https:\/\/informelitoral.com.ar\/#website"},"primaryImageOfPage":{"@id":"https:\/\/informelitoral.com.ar\/jubilados-con-la-minima-recibiran-un-bono-de-hasta-70-000-en-agosto\/#primaryimage"},"image":{"@id":"https:\/\/informelitoral.com.ar\/jubilados-con-la-minima-recibiran-un-bono-de-hasta-70-000-en-agosto\/#primaryimage"},"thumbnailUrl":"https:\/\/informelitoral.com.ar\/%77%70%2d%63%6f%6e%74%65%6e%74\/uploads\/2022\/03\/anses-02.jpeg","datePublished":"2025-07-31T11:46:29+00:00","dateModified":"2025-08-01T10:05:34+00:00","breadcrumb":{"@id":"https:\/\/informelitoral.com.ar\/jubilados-con-la-minima-recibiran-un-bono-de-hasta-70-000-en-agosto\/#breadcrumb"},"inLanguage":"es","potentialAction":[{"@type":"ReadAction","target":["https:\/\/informelitoral.com.ar\/jubilados-con-la-minima-recibiran-un-bono-de-hasta-70-000-en-agosto\/"]}]},{"@type":"ImageObject","inLanguage":"es","@id":"https:\/\/informelitoral.com.ar\/jubilados-con-la-minima-recibiran-un-bono-de-hasta-70-000-en-agosto\/#primaryimage","url":"https:\/\/informelitoral.com.ar\/%77%70%2d%63%6f%6e%74%65%6e%74\/uploads\/2022\/03\/anses-02.jpeg","contentUrl":"https:\/\/informelitoral.com.ar\/%77%70%2d%63%6f%6e%74%65%6e%74\/uploads\/2022\/03\/anses-02.jpeg","width":644,"height":360},{"@type":"BreadcrumbList","@id":"https:\/\/informelitoral.com.ar\/jubilados-con-la-minima-recibiran-un-bono-de-hasta-70-000-en-agosto\/#breadcrumb","itemListElement":[{"@type":"ListItem","position":1,"name":"Portada","item":"https:\/\/informelitoral.com.ar\/"},{"@type":"ListItem","position":2,"name":"Jubilados con la m\u00ednima recibir\u00e1n un bono de hasta $70.000 en agosto"}]},{"@type":"WebSite","@id":"https:\/\/informelitoral.com.ar\/#website","url":"https:\/\/informelitoral.com.ar\/","name":"Informe Litoral","description":"&quot;Nos informamos&quot; ","publisher":{"@id":"https:\/\/informelitoral.com.ar\/#organization"},"potentialAction":[{"@type":"SearchAction","target":{"@type":"EntryPoint","urlTemplate":"https:\/\/informelitoral.com.ar\/?s={search_term_string}"},"query-input":{"@type":"PropertyValueSpecification","valueRequired":true,"valueName":"search_term_string"}}],"inLanguage":"es"},{"@type":"Organization","@id":"https:\/\/informelitoral.com.ar\/#organization","name":"Informe Litoral","url":"https:\/\/informelitoral.com.ar\/","logo":{"@type":"ImageObject","inLanguage":"es","@id":"https:\/\/informelitoral.com.ar\/#\/schema\/logo\/image\/","url":"https:\/\/informelitoral.com.ar\/%77%70%2d%63%6f%6e%74%65%6e%74\/uploads\/2021\/01\/circulo.png","contentUrl":"https:\/\/informelitoral.com.ar\/%77%70%2d%63%6f%6e%74%65%6e%74\/uploads\/2021\/01\/circulo.png","width":723,"height":731,"caption":"Informe Litoral"},"image":{"@id":"https:\/\/informelitoral.com.ar\/#\/schema\/logo\/image\/"},"sameAs":["https:\/\/www.facebook.com\/informelitoral\/","https:\/\/x.com\/InformeLitoral","https:\/\/www.instagram.com\/informelitoral\/","https:\/\/www.youtube.com\/channel\/UCua4Qvz8Icb6MYqhoq9xLXw"]},{"@type":"Person","@id":"https:\/\/informelitoral.com.ar\/#\/schema\/person\/f05f9f461677119578717524b127d6d5","name":"Sebastian","image":{"@type":"ImageObject","inLanguage":"es","@id":"https:\/\/secure.gravatar.com\/avatar\/b71bf7481d447dfb9583c7f2798e7cc64de6efb9067b74633ed8c31059a3bd82?s=96&d=mm&r=g","url":"https:\/\/secure.gravatar.com\/avatar\/b71bf7481d447dfb9583c7f2798e7cc64de6efb9067b74633ed8c31059a3bd82?s=96&d=mm&r=g","contentUrl":"https:\/\/secure.gravatar.com\/avatar\/b71bf7481d447dfb9583c7f2798e7cc64de6efb9067b74633ed8c31059a3bd82?s=96&d=mm&r=g","caption":"Sebastian"},"url":"https:\/\/informelitoral.com.ar\/author\/sebastian\/"}]}},"_links":{"self":[{"href":"https:\/\/informelitoral.com.ar\/%77%70%2d%6a%73%6f%6e\/wp\/v2\/posts\/229047","targetHints":{"allow":["GET"]}}],"collection":[{"href":"https:\/\/informelitoral.com.ar\/%77%70%2d%6a%73%6f%6e\/wp\/v2\/posts"}],"about":[{"href":"https:\/\/informelitoral.com.ar\/%77%70%2d%6a%73%6f%6e\/wp\/v2\/types\/post"}],"author":[{"embeddable":true,"href":"https:\/\/informelitoral.com.ar\/%77%70%2d%6a%73%6f%6e\/wp\/v2\/users\/8"}],"replies":[{"embeddable":true,"href":"https:\/\/informelitoral.com.ar\/%77%70%2d%6a%73%6f%6e\/wp\/v2\/comments?post=229047"}],"version-history":[{"count":2,"href":"https:\/\/informelitoral.com.ar\/%77%70%2d%6a%73%6f%6e\/wp\/v2\/posts\/229047\/revisions"}],"predecessor-version":[{"id":229152,"href":"https:\/\/informelitoral.com.ar\/%77%70%2d%6a%73%6f%6e\/wp\/v2\/posts\/229047\/revisions\/229152"}],"wp:featuredmedia":[{"embeddable":true,"href":"https:\/\/informelitoral.com.ar\/%77%70%2d%6a%73%6f%6e\/wp\/v2\/media\/74188"}],"wp:attachment":[{"href":"https:\/\/informelitoral.com.ar\/%77%70%2d%6a%73%6f%6e\/wp\/v2\/media?parent=229047"}],"wp:term":[{"taxonomy":"category","embeddable":true,"href":"https:\/\/informelitoral.com.ar\/%77%70%2d%6a%73%6f%6e\/wp\/v2\/categories?post=229047"},{"taxonomy":"post_tag","embeddable":true,"href":"https:\/\/informelitoral.com.ar\/%77%70%2d%6a%73%6f%6e\/wp\/v2\/tags?post=229047"}],"curies":[{"name":"wp","href":"https:\/\/api.w.org\/{rel}","templated":true}]}}