{"id":229,"date":"2013-03-14T11:07:08","date_gmt":"2013-03-14T14:07:08","guid":{"rendered":"http:\/\/www.isletasnoticias.com.ar\/?p=229"},"modified":"2013-03-14T11:07:08","modified_gmt":"2013-03-14T14:07:08","slug":"suar-con-tinelli-quedamos-que-por-ahora-no-iba-a-volver-a-la-tele","status":"publish","type":"post","link":"https:\/\/informelitoral.com.ar\/suar-con-tinelli-quedamos-que-por-ahora-no-iba-a-volver-a-la-tele\/","title":{"rendered":"Suar: \u00abCon Tinelli quedamos que por ahora no iba a volver a la tele\u00bb"},"content":{"rendered":"<h3><a href=\"http:\/\/www.isletasnoticias.com.ar\/%77%70%2d%63%6f%6e%74%65%6e%74\/uploads\/2013\/03\/suar.jpg\"><img loading=\"lazy\" decoding=\"async\" class=\"size-medium wp-image-230 alignright\" alt=\"suar\" src=\"http:\/\/www.isletasnoticias.com.ar\/%77%70%2d%63%6f%6e%74%65%6e%74\/uploads\/2013\/03\/suar-300x225.jpg\" width=\"300\" height=\"225\" srcset=\"https:\/\/informelitoral.com.ar\/%77%70%2d%63%6f%6e%74%65%6e%74\/uploads\/2013\/03\/suar-300x225.jpg 300w, https:\/\/informelitoral.com.ar\/%77%70%2d%63%6f%6e%74%65%6e%74\/uploads\/2013\/03\/suar.jpg 600w\" sizes=\"auto, (max-width: 300px) 100vw, 300px\" \/><\/a>El gerente de programaci\u00f3n de El Trece asegur\u00f3 que de regresar al canal \u00able buscar\u00eda un lugar en la grilla\u00bb<\/h3>\n<p>&nbsp;<\/p>\n<p><strong>Adri\u00e1n Suar<\/strong>\u00a0habl\u00f3 con\u00a0<strong>Sebasti\u00e1n Wairaich<\/strong>\u00a0en su programa\u00a0<em>Metro y Medio,<\/em>\u00a0de Radio Metro, y luego de dar detalles sobre la participaci\u00f3n del conductor en\u00a0<em>Solamente Vos<\/em>, bajo el rol de terapeuta, el productor y gerente de programaci\u00f3n de El Trece habl\u00f3 del rating, de la televisi\u00f3n de ahora y de la posible vuelta de\u00a0<strong>Marcelo Tinelli.<\/strong><\/p>\n<p><strong>\u00abTodav\u00eda no se sabe, con Marcelo (Tinelli) quedamos que por ahora no iba a volver a la tele. En el canal las puertas est\u00e1n abiertas y si vuelve, ojal\u00e1 que sea con nosotros. No s\u00e9 cu\u00e1ndo vuelve\u00bb,<\/strong>\u00a0dijo Suar, recordando la conversaci\u00f3n que tuvo con el conductor de\u00a0<em>ShowMatch<\/em>\u00a0hace pocos d\u00edas.<\/p>\n<p>\u00abNosotros arrancamos\u00a0<em><a href=\"http:\/\/teleshow.infobae.com\/notas\/700269-Como-sera-Farsantes-la-proxima-apuesta-fuerte-de-El-Trece.html\" target=\"_blank\">Farsantes<\/a><\/em>\u00a0a principios de junio, con Julio Ch\u00e1vez, Facundo Arana, Benjam\u00edn Vicu\u00f1a, Alfredo Casero\u2026 Y\u00a0<strong>despu\u00e9s ver\u00e9 en la grilla c\u00f3mo nos acomodamos, eso es lo que hablamos la \u00faltima vez con \u00e9l, que fue hace una semana\u00bb<\/strong>, destac\u00f3 Suar, quien en una entrevista anterior hab\u00eda destacado que\u00a0<a href=\"http:\/\/teleshow.infobae.com\/notas\/699293-Adrian-Suar-hablo-de-Marcelo-Tinelli.html\" target=\"_blank\">\u00absiguen las negociaciones\u00bb.<\/a><\/p>\n<p>\u00abComo productor soy muy presente, los entiendo mucho a los actores. Yo trato de mimarlos, muchas cosas de\u00a0las que dicen tienen raz\u00f3n, pero la din\u00e1mica de la tele hay que entenderla. Es muy dif\u00edcil la tira diaria\u00bb, asegur\u00f3.<\/p>\n<p>En cuanto a la televisi\u00f3n de ahora, reconoci\u00f3 que hay muchos programas con panelistas:\u00a0<strong>\u00abTanto panel como que aglutin\u00f3 el ser argentino. Hay programas de panel que salen, la televisi\u00f3n argentina no da para todo. La televisi\u00f3n argentina est\u00e1 muy bien y con la cantidad de plata que hay, es dif\u00edcil, sobre todo para los canales chicos que se les complica mucho\u00bb.<\/strong><\/p>\n<p>\u00abPara m\u00ed, en 5 o 6 a\u00f1os va a cambiar, ya hay un cambio.\u00a0<strong>Es muy dif\u00edcil hacer rating en la televisi\u00f3n abierta con el cable y con internet, pero sigue batallando.<\/strong>\u00a0Todav\u00eda la tele tiene algo de que nos sentamos frente a la tele a mirar\u00bb.<\/p>\n<p>Sobre el rating, opin\u00f3:\u00a0<strong>\u00abPas\u00e9 por muchas etapas, en algunas cre\u00ed en Ibope, en otras no cre\u00ed<\/strong>\u00a0y la verdad que, estando en el negocio, yo creo que puede tener irregularidades, no es la perfecci\u00f3n, puede fallar. Es lo que tenemos y hay que confiar. Me parece bien, hay que creer, quiero creer en la transparencia. Las veces que me toc\u00f3 perder, perd\u00ed bien.\u00a0<strong>El que tiene 30 puntos no es el m\u00e1s vivo y el que tiene 25 a veces no es el mejor<\/strong>. Hay veces que son p\u00e9rdidas que dec\u00eds &#8216;mamita querida&#8217; y<strong>cuando ten\u00e9s un \u00e9xito, lo sent\u00eds en la calle. Con\u00a0<em>Solamente Vos<\/em>\u00a0lo siento\u00bb.<\/strong><\/p>\n<p>Por \u00faltimo, habl\u00f3 sobre su rol de actor y de\u00a0la importancia de estar al frente de un proyecto en 2013:<strong>\u00a0\u00abSiempre tengo ganas de actuar, lo que pasa es que este a\u00f1o las papas quemaban<\/strong>. Yo ya sab\u00eda que en el 2013 iba a actuar con Nati (Oreiro). Ya est\u00e1bamos en 2011 hablando con Natalia. Yo soy muy organizado, me gusta trabajar con tiempo\u00bb.<\/p>\n<p>Fuente: Teleshow.<\/p>\n","protected":false},"excerpt":{"rendered":"<p>El gerente de programaci&oacute;n de El Trece asegur&oacute; que de regresar al canal &laquo;le buscar&iacute;a un lugar en la grilla&raquo; &nbsp; Adri&aacute;n Suar&nbsp;habl&oacute; con&nbsp;Sebasti&aacute;n Wairaich&nbsp;en su programa&nbsp;Metro y Medio,&nbsp;de Radio Metro, y luego de dar detalles sobre la participaci&oacute;n del conductor en&nbsp;Solamente Vos, bajo el rol de terapeuta, el productor y gerente de programaci&oacute;n de [&hellip;]<\/p>\n","protected":false},"author":2,"featured_media":0,"comment_status":"open","ping_status":"open","sticky":false,"template":"","format":"standard","meta":{"fifu_image_url":"","fifu_image_alt":"","footnotes":""},"categories":[12],"tags":[],"class_list":{"0":"post-229","1":"post","2":"type-post","3":"status-publish","4":"format-standard","6":"category-espectaculos"},"yoast_head":"<title>Suar: &quot;Con Tinelli quedamos que por ahora no iba a volver a la tele&quot; - Informe Litoral<\/title>\n<meta name=\"robots\" content=\"index, follow, max-snippet:-1, max-image-preview:large, max-video-preview:-1\" \/>\n<link rel=\"canonical\" href=\"https:\/\/informelitoral.com.ar\/suar-con-tinelli-quedamos-que-por-ahora-no-iba-a-volver-a-la-tele\/\" \/>\n<meta property=\"og:locale\" content=\"es_ES\" \/>\n<meta property=\"og:type\" content=\"article\" \/>\n<meta property=\"og:title\" content=\"Suar: &quot;Con Tinelli quedamos que por ahora no iba a volver a la tele&quot; - Informe Litoral\" \/>\n<meta property=\"og:description\" content=\"El gerente de programaci&oacute;n de El Trece asegur&oacute; que de regresar al canal &laquo;le buscar&iacute;a un lugar en la grilla&raquo; &nbsp; Adri&aacute;n Suar&nbsp;habl&oacute; con&nbsp;Sebasti&aacute;n Wairaich&nbsp;en su programa&nbsp;Metro y Medio,&nbsp;de Radio Metro, y luego de dar detalles sobre la participaci&oacute;n del conductor en&nbsp;Solamente Vos, bajo el rol de terapeuta, el productor y gerente de programaci&oacute;n de [&hellip;]\" \/>\n<meta property=\"og:url\" content=\"https:\/\/informelitoral.com.ar\/suar-con-tinelli-quedamos-que-por-ahora-no-iba-a-volver-a-la-tele\/\" \/>\n<meta property=\"og:site_name\" content=\"Informe Litoral\" \/>\n<meta property=\"article:publisher\" content=\"https:\/\/www.facebook.com\/informelitoral\/\" \/>\n<meta property=\"article:published_time\" content=\"2013-03-14T14:07:08+00:00\" \/>\n<meta property=\"og:image\" content=\"https:\/\/informelitoral.com.ar\/%77%70%2d%63%6f%6e%74%65%6e%74\/uploads\/2013\/03\/suar.jpg\" \/>\n\t<meta property=\"og:image:width\" content=\"600\" \/>\n\t<meta property=\"og:image:height\" content=\"450\" \/>\n\t<meta property=\"og:image:type\" content=\"image\/jpeg\" \/>\n<meta name=\"author\" content=\"Gonzalo Schmidt\" \/>\n<meta name=\"twitter:card\" content=\"summary_large_image\" \/>\n<meta name=\"twitter:creator\" content=\"@InformeLitoral\" \/>\n<meta name=\"twitter:site\" content=\"@InformeLitoral\" \/>\n<meta name=\"twitter:label1\" content=\"Escrito por\" \/>\n\t<meta name=\"twitter:data1\" content=\"Gonzalo Schmidt\" \/>\n\t<meta name=\"twitter:label2\" content=\"Tiempo de lectura\" \/>\n\t<meta name=\"twitter:data2\" content=\"3 minutos\" \/>\n<script type=\"application\/ld+json\" class=\"yoast-schema-graph\">{\"@context\":\"https:\\\/\\\/schema.org\",\"@graph\":[{\"@type\":\"Article\",\"@id\":\"https:\\\/\\\/informelitoral.com.ar\\\/suar-con-tinelli-quedamos-que-por-ahora-no-iba-a-volver-a-la-tele\\\/#article\",\"isPartOf\":{\"@id\":\"https:\\\/\\\/informelitoral.com.ar\\\/suar-con-tinelli-quedamos-que-por-ahora-no-iba-a-volver-a-la-tele\\\/\"},\"author\":{\"name\":\"Gonzalo Schmidt\",\"@id\":\"https:\\\/\\\/informelitoral.com.ar\\\/#\\\/schema\\\/person\\\/b9d00407c836482871ef1d57bf8e3180\"},\"headline\":\"Suar: \u00abCon Tinelli quedamos que por ahora no iba a volver a la tele\u00bb\",\"datePublished\":\"2013-03-14T14:07:08+00:00\",\"mainEntityOfPage\":{\"@id\":\"https:\\\/\\\/informelitoral.com.ar\\\/suar-con-tinelli-quedamos-que-por-ahora-no-iba-a-volver-a-la-tele\\\/\"},\"wordCount\":552,\"commentCount\":0,\"publisher\":{\"@id\":\"https:\\\/\\\/informelitoral.com.ar\\\/#organization\"},\"image\":{\"@id\":\"https:\\\/\\\/informelitoral.com.ar\\\/suar-con-tinelli-quedamos-que-por-ahora-no-iba-a-volver-a-la-tele\\\/#primaryimage\"},\"thumbnailUrl\":\"http:\\\/\\\/www.isletasnoticias.com.ar\\\/%77%70%2d%63%6f%6e%74%65%6e%74\\\/uploads\\\/2013\\\/03\\\/suar-300x225.jpg\",\"articleSection\":[\"Espect\u00e1culos\"],\"inLanguage\":\"es\",\"potentialAction\":[{\"@type\":\"CommentAction\",\"name\":\"Comment\",\"target\":[\"https:\\\/\\\/informelitoral.com.ar\\\/suar-con-tinelli-quedamos-que-por-ahora-no-iba-a-volver-a-la-tele\\\/#respond\"]}]},{\"@type\":\"WebPage\",\"@id\":\"https:\\\/\\\/informelitoral.com.ar\\\/suar-con-tinelli-quedamos-que-por-ahora-no-iba-a-volver-a-la-tele\\\/\",\"url\":\"https:\\\/\\\/informelitoral.com.ar\\\/suar-con-tinelli-quedamos-que-por-ahora-no-iba-a-volver-a-la-tele\\\/\",\"name\":\"Suar: \\\"Con Tinelli quedamos que por ahora no iba a volver a la tele\\\" - Informe Litoral\",\"isPartOf\":{\"@id\":\"https:\\\/\\\/informelitoral.com.ar\\\/#website\"},\"primaryImageOfPage\":{\"@id\":\"https:\\\/\\\/informelitoral.com.ar\\\/suar-con-tinelli-quedamos-que-por-ahora-no-iba-a-volver-a-la-tele\\\/#primaryimage\"},\"image\":{\"@id\":\"https:\\\/\\\/informelitoral.com.ar\\\/suar-con-tinelli-quedamos-que-por-ahora-no-iba-a-volver-a-la-tele\\\/#primaryimage\"},\"thumbnailUrl\":\"http:\\\/\\\/www.isletasnoticias.com.ar\\\/%77%70%2d%63%6f%6e%74%65%6e%74\\\/uploads\\\/2013\\\/03\\\/suar-300x225.jpg\",\"datePublished\":\"2013-03-14T14:07:08+00:00\",\"breadcrumb\":{\"@id\":\"https:\\\/\\\/informelitoral.com.ar\\\/suar-con-tinelli-quedamos-que-por-ahora-no-iba-a-volver-a-la-tele\\\/#breadcrumb\"},\"inLanguage\":\"es\",\"potentialAction\":[{\"@type\":\"ReadAction\",\"target\":[\"https:\\\/\\\/informelitoral.com.ar\\\/suar-con-tinelli-quedamos-que-por-ahora-no-iba-a-volver-a-la-tele\\\/\"]}]},{\"@type\":\"ImageObject\",\"inLanguage\":\"es\",\"@id\":\"https:\\\/\\\/informelitoral.com.ar\\\/suar-con-tinelli-quedamos-que-por-ahora-no-iba-a-volver-a-la-tele\\\/#primaryimage\",\"url\":\"http:\\\/\\\/www.isletasnoticias.com.ar\\\/%77%70%2d%63%6f%6e%74%65%6e%74\\\/uploads\\\/2013\\\/03\\\/suar-300x225.jpg\",\"contentUrl\":\"http:\\\/\\\/www.isletasnoticias.com.ar\\\/%77%70%2d%63%6f%6e%74%65%6e%74\\\/uploads\\\/2013\\\/03\\\/suar-300x225.jpg\"},{\"@type\":\"BreadcrumbList\",\"@id\":\"https:\\\/\\\/informelitoral.com.ar\\\/suar-con-tinelli-quedamos-que-por-ahora-no-iba-a-volver-a-la-tele\\\/#breadcrumb\",\"itemListElement\":[{\"@type\":\"ListItem\",\"position\":1,\"name\":\"Portada\",\"item\":\"https:\\\/\\\/informelitoral.com.ar\\\/\"},{\"@type\":\"ListItem\",\"position\":2,\"name\":\"Suar: \u00abCon Tinelli quedamos que por ahora no iba a volver a la tele\u00bb\"}]},{\"@type\":\"WebSite\",\"@id\":\"https:\\\/\\\/informelitoral.com.ar\\\/#website\",\"url\":\"https:\\\/\\\/informelitoral.com.ar\\\/\",\"name\":\"Informe Litoral\",\"description\":\"&quot;Nos informamos&quot; \",\"publisher\":{\"@id\":\"https:\\\/\\\/informelitoral.com.ar\\\/#organization\"},\"potentialAction\":[{\"@type\":\"SearchAction\",\"target\":{\"@type\":\"EntryPoint\",\"urlTemplate\":\"https:\\\/\\\/informelitoral.com.ar\\\/?s={search_term_string}\"},\"query-input\":{\"@type\":\"PropertyValueSpecification\",\"valueRequired\":true,\"valueName\":\"search_term_string\"}}],\"inLanguage\":\"es\"},{\"@type\":\"Organization\",\"@id\":\"https:\\\/\\\/informelitoral.com.ar\\\/#organization\",\"name\":\"Informe Litoral\",\"url\":\"https:\\\/\\\/informelitoral.com.ar\\\/\",\"logo\":{\"@type\":\"ImageObject\",\"inLanguage\":\"es\",\"@id\":\"https:\\\/\\\/informelitoral.com.ar\\\/#\\\/schema\\\/logo\\\/image\\\/\",\"url\":\"https:\\\/\\\/informelitoral.com.ar\\\/%77%70%2d%63%6f%6e%74%65%6e%74\\\/uploads\\\/2021\\\/01\\\/circulo.png\",\"contentUrl\":\"https:\\\/\\\/informelitoral.com.ar\\\/%77%70%2d%63%6f%6e%74%65%6e%74\\\/uploads\\\/2021\\\/01\\\/circulo.png\",\"width\":723,\"height\":731,\"caption\":\"Informe Litoral\"},\"image\":{\"@id\":\"https:\\\/\\\/informelitoral.com.ar\\\/#\\\/schema\\\/logo\\\/image\\\/\"},\"sameAs\":[\"https:\\\/\\\/www.facebook.com\\\/informelitoral\\\/\",\"https:\\\/\\\/x.com\\\/InformeLitoral\",\"https:\\\/\\\/www.instagram.com\\\/informelitoral\\\/\",\"https:\\\/\\\/www.youtube.com\\\/channel\\\/UCua4Qvz8Icb6MYqhoq9xLXw\"]},{\"@type\":\"Person\",\"@id\":\"https:\\\/\\\/informelitoral.com.ar\\\/#\\\/schema\\\/person\\\/b9d00407c836482871ef1d57bf8e3180\",\"name\":\"Gonzalo Schmidt\",\"image\":{\"@type\":\"ImageObject\",\"inLanguage\":\"es\",\"@id\":\"https:\\\/\\\/secure.gravatar.com\\\/avatar\\\/31a1a7b66ff2de83bd0e9fd79d026630d2d99e55e8bfe501287647b4fd9743de?s=96&d=mm&r=g\",\"url\":\"https:\\\/\\\/secure.gravatar.com\\\/avatar\\\/31a1a7b66ff2de83bd0e9fd79d026630d2d99e55e8bfe501287647b4fd9743de?s=96&d=mm&r=g\",\"contentUrl\":\"https:\\\/\\\/secure.gravatar.com\\\/avatar\\\/31a1a7b66ff2de83bd0e9fd79d026630d2d99e55e8bfe501287647b4fd9743de?s=96&d=mm&r=g\",\"caption\":\"Gonzalo Schmidt\"},\"description\":\"Sitio web de noticias de la provincia de Entre R\u00edos, Argentina. Informaci\u00f3n y entretenimiento. Informe Litoral, nos informamos.\",\"sameAs\":[\"http:\\\/\\\/www.isletasnoticias.com.ar\"],\"url\":\"https:\\\/\\\/informelitoral.com.ar\\\/author\\\/gonzalo\\\/\"}]}<\/script>","yoast_head_json":{"title":"Suar: \"Con Tinelli quedamos que por ahora no iba a volver a la tele\" - Informe Litoral","robots":{"index":"index","follow":"follow","max-snippet":"max-snippet:-1","max-image-preview":"max-image-preview:large","max-video-preview":"max-video-preview:-1"},"canonical":"https:\/\/informelitoral.com.ar\/suar-con-tinelli-quedamos-que-por-ahora-no-iba-a-volver-a-la-tele\/","og_locale":"es_ES","og_type":"article","og_title":"Suar: \"Con Tinelli quedamos que por ahora no iba a volver a la tele\" - Informe Litoral","og_description":"El gerente de programaci&oacute;n de El Trece asegur&oacute; que de regresar al canal &laquo;le buscar&iacute;a un lugar en la grilla&raquo; &nbsp; Adri&aacute;n Suar&nbsp;habl&oacute; con&nbsp;Sebasti&aacute;n Wairaich&nbsp;en su programa&nbsp;Metro y Medio,&nbsp;de Radio Metro, y luego de dar detalles sobre la participaci&oacute;n del conductor en&nbsp;Solamente Vos, bajo el rol de terapeuta, el productor y gerente de programaci&oacute;n de [&hellip;]","og_url":"https:\/\/informelitoral.com.ar\/suar-con-tinelli-quedamos-que-por-ahora-no-iba-a-volver-a-la-tele\/","og_site_name":"Informe Litoral","article_publisher":"https:\/\/www.facebook.com\/informelitoral\/","article_published_time":"2013-03-14T14:07:08+00:00","og_image":[{"width":600,"height":450,"url":"https:\/\/informelitoral.com.ar\/%77%70%2d%63%6f%6e%74%65%6e%74\/uploads\/2013\/03\/suar.jpg","type":"image\/jpeg"}],"author":"Gonzalo Schmidt","twitter_card":"summary_large_image","twitter_creator":"@InformeLitoral","twitter_site":"@InformeLitoral","twitter_misc":{"Escrito por":"Gonzalo Schmidt","Tiempo de lectura":"3 minutos"},"schema":{"@context":"https:\/\/schema.org","@graph":[{"@type":"Article","@id":"https:\/\/informelitoral.com.ar\/suar-con-tinelli-quedamos-que-por-ahora-no-iba-a-volver-a-la-tele\/#article","isPartOf":{"@id":"https:\/\/informelitoral.com.ar\/suar-con-tinelli-quedamos-que-por-ahora-no-iba-a-volver-a-la-tele\/"},"author":{"name":"Gonzalo Schmidt","@id":"https:\/\/informelitoral.com.ar\/#\/schema\/person\/b9d00407c836482871ef1d57bf8e3180"},"headline":"Suar: \u00abCon Tinelli quedamos que por ahora no iba a volver a la tele\u00bb","datePublished":"2013-03-14T14:07:08+00:00","mainEntityOfPage":{"@id":"https:\/\/informelitoral.com.ar\/suar-con-tinelli-quedamos-que-por-ahora-no-iba-a-volver-a-la-tele\/"},"wordCount":552,"commentCount":0,"publisher":{"@id":"https:\/\/informelitoral.com.ar\/#organization"},"image":{"@id":"https:\/\/informelitoral.com.ar\/suar-con-tinelli-quedamos-que-por-ahora-no-iba-a-volver-a-la-tele\/#primaryimage"},"thumbnailUrl":"http:\/\/www.isletasnoticias.com.ar\/%77%70%2d%63%6f%6e%74%65%6e%74\/uploads\/2013\/03\/suar-300x225.jpg","articleSection":["Espect\u00e1culos"],"inLanguage":"es","potentialAction":[{"@type":"CommentAction","name":"Comment","target":["https:\/\/informelitoral.com.ar\/suar-con-tinelli-quedamos-que-por-ahora-no-iba-a-volver-a-la-tele\/#respond"]}]},{"@type":"WebPage","@id":"https:\/\/informelitoral.com.ar\/suar-con-tinelli-quedamos-que-por-ahora-no-iba-a-volver-a-la-tele\/","url":"https:\/\/informelitoral.com.ar\/suar-con-tinelli-quedamos-que-por-ahora-no-iba-a-volver-a-la-tele\/","name":"Suar: \"Con Tinelli quedamos que por ahora no iba a volver a la tele\" - Informe Litoral","isPartOf":{"@id":"https:\/\/informelitoral.com.ar\/#website"},"primaryImageOfPage":{"@id":"https:\/\/informelitoral.com.ar\/suar-con-tinelli-quedamos-que-por-ahora-no-iba-a-volver-a-la-tele\/#primaryimage"},"image":{"@id":"https:\/\/informelitoral.com.ar\/suar-con-tinelli-quedamos-que-por-ahora-no-iba-a-volver-a-la-tele\/#primaryimage"},"thumbnailUrl":"http:\/\/www.isletasnoticias.com.ar\/%77%70%2d%63%6f%6e%74%65%6e%74\/uploads\/2013\/03\/suar-300x225.jpg","datePublished":"2013-03-14T14:07:08+00:00","breadcrumb":{"@id":"https:\/\/informelitoral.com.ar\/suar-con-tinelli-quedamos-que-por-ahora-no-iba-a-volver-a-la-tele\/#breadcrumb"},"inLanguage":"es","potentialAction":[{"@type":"ReadAction","target":["https:\/\/informelitoral.com.ar\/suar-con-tinelli-quedamos-que-por-ahora-no-iba-a-volver-a-la-tele\/"]}]},{"@type":"ImageObject","inLanguage":"es","@id":"https:\/\/informelitoral.com.ar\/suar-con-tinelli-quedamos-que-por-ahora-no-iba-a-volver-a-la-tele\/#primaryimage","url":"http:\/\/www.isletasnoticias.com.ar\/%77%70%2d%63%6f%6e%74%65%6e%74\/uploads\/2013\/03\/suar-300x225.jpg","contentUrl":"http:\/\/www.isletasnoticias.com.ar\/%77%70%2d%63%6f%6e%74%65%6e%74\/uploads\/2013\/03\/suar-300x225.jpg"},{"@type":"BreadcrumbList","@id":"https:\/\/informelitoral.com.ar\/suar-con-tinelli-quedamos-que-por-ahora-no-iba-a-volver-a-la-tele\/#breadcrumb","itemListElement":[{"@type":"ListItem","position":1,"name":"Portada","item":"https:\/\/informelitoral.com.ar\/"},{"@type":"ListItem","position":2,"name":"Suar: \u00abCon Tinelli quedamos que por ahora no iba a volver a la tele\u00bb"}]},{"@type":"WebSite","@id":"https:\/\/informelitoral.com.ar\/#website","url":"https:\/\/informelitoral.com.ar\/","name":"Informe Litoral","description":"&quot;Nos informamos&quot; ","publisher":{"@id":"https:\/\/informelitoral.com.ar\/#organization"},"potentialAction":[{"@type":"SearchAction","target":{"@type":"EntryPoint","urlTemplate":"https:\/\/informelitoral.com.ar\/?s={search_term_string}"},"query-input":{"@type":"PropertyValueSpecification","valueRequired":true,"valueName":"search_term_string"}}],"inLanguage":"es"},{"@type":"Organization","@id":"https:\/\/informelitoral.com.ar\/#organization","name":"Informe Litoral","url":"https:\/\/informelitoral.com.ar\/","logo":{"@type":"ImageObject","inLanguage":"es","@id":"https:\/\/informelitoral.com.ar\/#\/schema\/logo\/image\/","url":"https:\/\/informelitoral.com.ar\/%77%70%2d%63%6f%6e%74%65%6e%74\/uploads\/2021\/01\/circulo.png","contentUrl":"https:\/\/informelitoral.com.ar\/%77%70%2d%63%6f%6e%74%65%6e%74\/uploads\/2021\/01\/circulo.png","width":723,"height":731,"caption":"Informe Litoral"},"image":{"@id":"https:\/\/informelitoral.com.ar\/#\/schema\/logo\/image\/"},"sameAs":["https:\/\/www.facebook.com\/informelitoral\/","https:\/\/x.com\/InformeLitoral","https:\/\/www.instagram.com\/informelitoral\/","https:\/\/www.youtube.com\/channel\/UCua4Qvz8Icb6MYqhoq9xLXw"]},{"@type":"Person","@id":"https:\/\/informelitoral.com.ar\/#\/schema\/person\/b9d00407c836482871ef1d57bf8e3180","name":"Gonzalo Schmidt","image":{"@type":"ImageObject","inLanguage":"es","@id":"https:\/\/secure.gravatar.com\/avatar\/31a1a7b66ff2de83bd0e9fd79d026630d2d99e55e8bfe501287647b4fd9743de?s=96&d=mm&r=g","url":"https:\/\/secure.gravatar.com\/avatar\/31a1a7b66ff2de83bd0e9fd79d026630d2d99e55e8bfe501287647b4fd9743de?s=96&d=mm&r=g","contentUrl":"https:\/\/secure.gravatar.com\/avatar\/31a1a7b66ff2de83bd0e9fd79d026630d2d99e55e8bfe501287647b4fd9743de?s=96&d=mm&r=g","caption":"Gonzalo Schmidt"},"description":"Sitio web de noticias de la provincia de Entre R\u00edos, Argentina. Informaci\u00f3n y entretenimiento. Informe Litoral, nos informamos.","sameAs":["http:\/\/www.isletasnoticias.com.ar"],"url":"https:\/\/informelitoral.com.ar\/author\/gonzalo\/"}]}},"_links":{"self":[{"href":"https:\/\/informelitoral.com.ar\/%77%70%2d%6a%73%6f%6e\/wp\/v2\/posts\/229","targetHints":{"allow":["GET"]}}],"collection":[{"href":"https:\/\/informelitoral.com.ar\/%77%70%2d%6a%73%6f%6e\/wp\/v2\/posts"}],"about":[{"href":"https:\/\/informelitoral.com.ar\/%77%70%2d%6a%73%6f%6e\/wp\/v2\/types\/post"}],"author":[{"embeddable":true,"href":"https:\/\/informelitoral.com.ar\/%77%70%2d%6a%73%6f%6e\/wp\/v2\/users\/2"}],"replies":[{"embeddable":true,"href":"https:\/\/informelitoral.com.ar\/%77%70%2d%6a%73%6f%6e\/wp\/v2\/comments?post=229"}],"version-history":[{"count":0,"href":"https:\/\/informelitoral.com.ar\/%77%70%2d%6a%73%6f%6e\/wp\/v2\/posts\/229\/revisions"}],"wp:attachment":[{"href":"https:\/\/informelitoral.com.ar\/%77%70%2d%6a%73%6f%6e\/wp\/v2\/media?parent=229"}],"wp:term":[{"taxonomy":"category","embeddable":true,"href":"https:\/\/informelitoral.com.ar\/%77%70%2d%6a%73%6f%6e\/wp\/v2\/categories?post=229"},{"taxonomy":"post_tag","embeddable":true,"href":"https:\/\/informelitoral.com.ar\/%77%70%2d%6a%73%6f%6e\/wp\/v2\/tags?post=229"}],"curies":[{"name":"wp","href":"https:\/\/api.w.org\/{rel}","templated":true}]}}