{"id":228885,"date":"2025-07-30T06:56:48","date_gmt":"2025-07-30T09:56:48","guid":{"rendered":"https:\/\/informelitoral.com.ar\/?p=228885"},"modified":"2025-07-30T06:56:48","modified_gmt":"2025-07-30T09:56:48","slug":"ypf-aumento-el-precio-de-los-combustible-por-tercera-vez-en-julio","status":"publish","type":"post","link":"https:\/\/informelitoral.com.ar\/ypf-aumento-el-precio-de-los-combustible-por-tercera-vez-en-julio\/","title":{"rendered":"YPF aument\u00f3 el precio de los combustible por tercera vez en julio"},"content":{"rendered":"<p>La petrolera estatal YPF, decidi\u00f3 subir este mi\u00e9rcoles 30 de julio los precios de sus combustibles, seg\u00fan los valores que se reflejaron en los surtidores de las estaciones de servicios de la capital entrerriana.<\/p>\n<p><b>Se trata del tercer incremento en lo que va del mes y est\u00e1 cerca del 1 por ciento<\/b>, tras el 3,5% aplicado el pasado 1\u00b0 de julio y el 2,5 por ciento que subi\u00f3 el 20 del corriente mes, consign\u00f3<em> Elonce.\u00a0<\/em><\/p>\n<p>Desde la empresa no dieron detalles ni precisiones de los motivos de este nuevo aumento.<\/p>\n<h2><strong>Los nuevos precios de YPF en Paran\u00e1<\/strong><\/h2>\n<p><u>Nafta S\u00faper<\/u>:\u00a0<b>1.345 pesos el litro (estaba $1.333)<\/b><\/p>\n<p><u>Nafta Infinia<\/u>:\u00a0<b>1.544 (estaba $1.530)<\/b><\/p>\n<p><u>Diesel 500<\/u>:\u00a0<b>1.380 pesos(estaba $1.368)<\/b><\/p>\n<p><u>Diesel Infinia<\/u>:\u00a0<b>1.550 pesos (estaba $1.536)<\/b><\/p>\n<h2><strong><span style=\"color: #111111; font-family: Roboto, sans-serif; font-size: 22px;\">Precios din\u00e1micos y combustibles m\u00e1s baratos de madrugada<\/span><\/strong><\/h2>\n<p>YPF implement\u00f3 este mes una\u00a0<b>nueva pol\u00edtica de precios din\u00e1micos, que busca adaptar los valores a la oferta, la demanda, las franjas horarias y las regiones del pa\u00eds.<\/b><\/p>\n<p>La compa\u00f1\u00eda, presidida por Horacio Mar\u00edn, destac\u00f3 que esta estrategia es posible gracias a la reciente puesta en marcha del Centro de Monitoreo en Tiempo Real (RTIC), que permite evaluar las ventas y optimizar decisiones comerciales de forma inmediata.<\/p>\n<p><img data-src=\"https:\/\/elonce-media.elonce.com\/fotos\/2024\/10\/29\/m_1730232708_68712.webp\" \/>YPF comenz\u00f3 este mes a aplicar un sistema de precios diferenciados por franjas horarias. En ese esquema<b>, los combustibles pueden conseguirse hasta un 3% m\u00e1s baratos entre las 0 y las 6 de la ma\u00f1ana<\/b>, seg\u00fan la estaci\u00f3n y la ubicaci\u00f3n, utilizando la aplicaci\u00f3n de la empresa. Y se le suma otro tanto en las estaciones que tienen disponible el auto despacho.<\/p>\n<p>El nuevo incremento se suma a un contexto de ajustes mensuales del precio de los combustibles, aunque con diferencias entre las compa\u00f1\u00edas del sector. YPF, a diferencia de otras firmas privadas, suele aplicar las subas con cierto rezago.<\/p>\n<h6><em><strong>Del archivo:\u00a0<a href=\"https:\/\/informelitoral.com.ar\/el-gobierno-aumento-aportes-de-clubes-a-la-seguridad-social\/\" target=\"_blank\" rel=\"noopener\">El Gobierno aument\u00f3 aportes de clubes a la seguridad social<\/a><\/strong><\/em><\/h6>\n<h6><em><strong><a href=\"https:\/\/informelitoral.com.ar\/advierten-que-el-ajuste-pone-en-riesgo-a-300-escuelas-rurales\/\" target=\"_blank\" rel=\"noopener\">Advierten que el ajuste pone en riesgo a 300 escuelas rurales<\/a><\/strong><\/em><\/h6>\n","protected":false},"excerpt":{"rendered":"<p>La novedad se da al menos en los surtidores de la capital entrerriana desde las primeras horas de este mi\u00e9rcoles. Detalles de los nuevos valores. <\/p>\n","protected":false},"author":2,"featured_media":84423,"comment_status":"open","ping_status":"open","sticky":false,"template":"","format":"standard","meta":{"fifu_image_url":"","fifu_image_alt":"","footnotes":""},"categories":[1594],"tags":[172,156,918,917,198],"class_list":{"0":"post-228885","1":"post","2":"type-post","3":"status-publish","4":"format-standard","5":"has-post-thumbnail","7":"category-economia","8":"tag-aumento","9":"tag-combustibles","10":"tag-gasoil","11":"tag-nafta","12":"tag-ypf"},"yoast_head":"<title>YPF aument\u00f3 el precio de los combustible por tercera vez en julio - Informe Litoral<\/title>\n<meta name=\"robots\" content=\"index, follow, max-snippet:-1, max-image-preview:large, max-video-preview:-1\" \/>\n<link rel=\"canonical\" href=\"https:\/\/informelitoral.com.ar\/ypf-aumento-el-precio-de-los-combustible-por-tercera-vez-en-julio\/\" \/>\n<meta property=\"og:locale\" content=\"es_ES\" \/>\n<meta property=\"og:type\" content=\"article\" \/>\n<meta property=\"og:title\" content=\"YPF aument\u00f3 el precio de los combustible por tercera vez en julio - Informe Litoral\" \/>\n<meta property=\"og:description\" content=\"La novedad se da al menos en los surtidores de la capital entrerriana desde las primeras horas de este mi\u00e9rcoles. Detalles de los nuevos valores.\" \/>\n<meta property=\"og:url\" content=\"https:\/\/informelitoral.com.ar\/ypf-aumento-el-precio-de-los-combustible-por-tercera-vez-en-julio\/\" \/>\n<meta property=\"og:site_name\" content=\"Informe Litoral\" \/>\n<meta property=\"article:publisher\" content=\"https:\/\/www.facebook.com\/informelitoral\/\" \/>\n<meta property=\"article:published_time\" content=\"2025-07-30T09:56:48+00:00\" \/>\n<meta property=\"og:image\" content=\"https:\/\/informelitoral.com.ar\/%77%70%2d%63%6f%6e%74%65%6e%74\/uploads\/2022\/08\/ES-YPF-6-750x430-1.png\" \/>\n\t<meta property=\"og:image:width\" content=\"750\" \/>\n\t<meta property=\"og:image:height\" content=\"430\" \/>\n\t<meta property=\"og:image:type\" content=\"image\/png\" \/>\n<meta name=\"author\" content=\"Gonzalo Schmidt\" \/>\n<meta name=\"twitter:card\" content=\"summary_large_image\" \/>\n<meta name=\"twitter:creator\" content=\"@InformeLitoral\" \/>\n<meta name=\"twitter:site\" content=\"@InformeLitoral\" \/>\n<meta name=\"twitter:label1\" content=\"Escrito por\" \/>\n\t<meta name=\"twitter:data1\" content=\"Gonzalo Schmidt\" \/>\n\t<meta name=\"twitter:label2\" content=\"Tiempo de lectura\" \/>\n\t<meta name=\"twitter:data2\" content=\"2 minutos\" \/>\n<script type=\"application\/ld+json\" class=\"yoast-schema-graph\">{\"@context\":\"https:\\\/\\\/schema.org\",\"@graph\":[{\"@type\":\"Article\",\"@id\":\"https:\\\/\\\/informelitoral.com.ar\\\/ypf-aumento-el-precio-de-los-combustible-por-tercera-vez-en-julio\\\/#article\",\"isPartOf\":{\"@id\":\"https:\\\/\\\/informelitoral.com.ar\\\/ypf-aumento-el-precio-de-los-combustible-por-tercera-vez-en-julio\\\/\"},\"author\":{\"name\":\"Gonzalo Schmidt\",\"@id\":\"https:\\\/\\\/informelitoral.com.ar\\\/#\\\/schema\\\/person\\\/b9d00407c836482871ef1d57bf8e3180\"},\"headline\":\"YPF aument\u00f3 el precio de los combustible por tercera vez en julio\",\"datePublished\":\"2025-07-30T09:56:48+00:00\",\"mainEntityOfPage\":{\"@id\":\"https:\\\/\\\/informelitoral.com.ar\\\/ypf-aumento-el-precio-de-los-combustible-por-tercera-vez-en-julio\\\/\"},\"wordCount\":330,\"commentCount\":0,\"publisher\":{\"@id\":\"https:\\\/\\\/informelitoral.com.ar\\\/#organization\"},\"image\":{\"@id\":\"https:\\\/\\\/informelitoral.com.ar\\\/ypf-aumento-el-precio-de-los-combustible-por-tercera-vez-en-julio\\\/#primaryimage\"},\"thumbnailUrl\":\"https:\\\/\\\/informelitoral.com.ar\\\/%77%70%2d%63%6f%6e%74%65%6e%74\\\/uploads\\\/2022\\\/08\\\/ES-YPF-6-750x430-1.png\",\"keywords\":[\"Aumento\",\"Combustibles\",\"Gasoil\",\"Nafta\",\"YPF\"],\"articleSection\":[\"Econom\u00eda\"],\"inLanguage\":\"es\",\"potentialAction\":[{\"@type\":\"CommentAction\",\"name\":\"Comment\",\"target\":[\"https:\\\/\\\/informelitoral.com.ar\\\/ypf-aumento-el-precio-de-los-combustible-por-tercera-vez-en-julio\\\/#respond\"]}]},{\"@type\":\"WebPage\",\"@id\":\"https:\\\/\\\/informelitoral.com.ar\\\/ypf-aumento-el-precio-de-los-combustible-por-tercera-vez-en-julio\\\/\",\"url\":\"https:\\\/\\\/informelitoral.com.ar\\\/ypf-aumento-el-precio-de-los-combustible-por-tercera-vez-en-julio\\\/\",\"name\":\"YPF aument\u00f3 el precio de los combustible por tercera vez en julio - Informe Litoral\",\"isPartOf\":{\"@id\":\"https:\\\/\\\/informelitoral.com.ar\\\/#website\"},\"primaryImageOfPage\":{\"@id\":\"https:\\\/\\\/informelitoral.com.ar\\\/ypf-aumento-el-precio-de-los-combustible-por-tercera-vez-en-julio\\\/#primaryimage\"},\"image\":{\"@id\":\"https:\\\/\\\/informelitoral.com.ar\\\/ypf-aumento-el-precio-de-los-combustible-por-tercera-vez-en-julio\\\/#primaryimage\"},\"thumbnailUrl\":\"https:\\\/\\\/informelitoral.com.ar\\\/%77%70%2d%63%6f%6e%74%65%6e%74\\\/uploads\\\/2022\\\/08\\\/ES-YPF-6-750x430-1.png\",\"datePublished\":\"2025-07-30T09:56:48+00:00\",\"breadcrumb\":{\"@id\":\"https:\\\/\\\/informelitoral.com.ar\\\/ypf-aumento-el-precio-de-los-combustible-por-tercera-vez-en-julio\\\/#breadcrumb\"},\"inLanguage\":\"es\",\"potentialAction\":[{\"@type\":\"ReadAction\",\"target\":[\"https:\\\/\\\/informelitoral.com.ar\\\/ypf-aumento-el-precio-de-los-combustible-por-tercera-vez-en-julio\\\/\"]}]},{\"@type\":\"ImageObject\",\"inLanguage\":\"es\",\"@id\":\"https:\\\/\\\/informelitoral.com.ar\\\/ypf-aumento-el-precio-de-los-combustible-por-tercera-vez-en-julio\\\/#primaryimage\",\"url\":\"https:\\\/\\\/informelitoral.com.ar\\\/%77%70%2d%63%6f%6e%74%65%6e%74\\\/uploads\\\/2022\\\/08\\\/ES-YPF-6-750x430-1.png\",\"contentUrl\":\"https:\\\/\\\/informelitoral.com.ar\\\/%77%70%2d%63%6f%6e%74%65%6e%74\\\/uploads\\\/2022\\\/08\\\/ES-YPF-6-750x430-1.png\",\"width\":750,\"height\":430},{\"@type\":\"BreadcrumbList\",\"@id\":\"https:\\\/\\\/informelitoral.com.ar\\\/ypf-aumento-el-precio-de-los-combustible-por-tercera-vez-en-julio\\\/#breadcrumb\",\"itemListElement\":[{\"@type\":\"ListItem\",\"position\":1,\"name\":\"Portada\",\"item\":\"https:\\\/\\\/informelitoral.com.ar\\\/\"},{\"@type\":\"ListItem\",\"position\":2,\"name\":\"YPF aument\u00f3 el precio de los combustible por tercera vez en julio\"}]},{\"@type\":\"WebSite\",\"@id\":\"https:\\\/\\\/informelitoral.com.ar\\\/#website\",\"url\":\"https:\\\/\\\/informelitoral.com.ar\\\/\",\"name\":\"Informe Litoral\",\"description\":\"&quot;Nos informamos&quot; \",\"publisher\":{\"@id\":\"https:\\\/\\\/informelitoral.com.ar\\\/#organization\"},\"potentialAction\":[{\"@type\":\"SearchAction\",\"target\":{\"@type\":\"EntryPoint\",\"urlTemplate\":\"https:\\\/\\\/informelitoral.com.ar\\\/?s={search_term_string}\"},\"query-input\":{\"@type\":\"PropertyValueSpecification\",\"valueRequired\":true,\"valueName\":\"search_term_string\"}}],\"inLanguage\":\"es\"},{\"@type\":\"Organization\",\"@id\":\"https:\\\/\\\/informelitoral.com.ar\\\/#organization\",\"name\":\"Informe Litoral\",\"url\":\"https:\\\/\\\/informelitoral.com.ar\\\/\",\"logo\":{\"@type\":\"ImageObject\",\"inLanguage\":\"es\",\"@id\":\"https:\\\/\\\/informelitoral.com.ar\\\/#\\\/schema\\\/logo\\\/image\\\/\",\"url\":\"https:\\\/\\\/informelitoral.com.ar\\\/%77%70%2d%63%6f%6e%74%65%6e%74\\\/uploads\\\/2021\\\/01\\\/circulo.png\",\"contentUrl\":\"https:\\\/\\\/informelitoral.com.ar\\\/%77%70%2d%63%6f%6e%74%65%6e%74\\\/uploads\\\/2021\\\/01\\\/circulo.png\",\"width\":723,\"height\":731,\"caption\":\"Informe Litoral\"},\"image\":{\"@id\":\"https:\\\/\\\/informelitoral.com.ar\\\/#\\\/schema\\\/logo\\\/image\\\/\"},\"sameAs\":[\"https:\\\/\\\/www.facebook.com\\\/informelitoral\\\/\",\"https:\\\/\\\/x.com\\\/InformeLitoral\",\"https:\\\/\\\/www.instagram.com\\\/informelitoral\\\/\",\"https:\\\/\\\/www.youtube.com\\\/channel\\\/UCua4Qvz8Icb6MYqhoq9xLXw\"]},{\"@type\":\"Person\",\"@id\":\"https:\\\/\\\/informelitoral.com.ar\\\/#\\\/schema\\\/person\\\/b9d00407c836482871ef1d57bf8e3180\",\"name\":\"Gonzalo Schmidt\",\"image\":{\"@type\":\"ImageObject\",\"inLanguage\":\"es\",\"@id\":\"https:\\\/\\\/secure.gravatar.com\\\/avatar\\\/31a1a7b66ff2de83bd0e9fd79d026630d2d99e55e8bfe501287647b4fd9743de?s=96&d=mm&r=g\",\"url\":\"https:\\\/\\\/secure.gravatar.com\\\/avatar\\\/31a1a7b66ff2de83bd0e9fd79d026630d2d99e55e8bfe501287647b4fd9743de?s=96&d=mm&r=g\",\"contentUrl\":\"https:\\\/\\\/secure.gravatar.com\\\/avatar\\\/31a1a7b66ff2de83bd0e9fd79d026630d2d99e55e8bfe501287647b4fd9743de?s=96&d=mm&r=g\",\"caption\":\"Gonzalo Schmidt\"},\"description\":\"Sitio web de noticias de la provincia de Entre R\u00edos, Argentina. Informaci\u00f3n y entretenimiento. Informe Litoral, nos informamos.\",\"sameAs\":[\"http:\\\/\\\/www.isletasnoticias.com.ar\"],\"url\":\"https:\\\/\\\/informelitoral.com.ar\\\/author\\\/gonzalo\\\/\"}]}<\/script>","yoast_head_json":{"title":"YPF aument\u00f3 el precio de los combustible por tercera vez en julio - Informe Litoral","robots":{"index":"index","follow":"follow","max-snippet":"max-snippet:-1","max-image-preview":"max-image-preview:large","max-video-preview":"max-video-preview:-1"},"canonical":"https:\/\/informelitoral.com.ar\/ypf-aumento-el-precio-de-los-combustible-por-tercera-vez-en-julio\/","og_locale":"es_ES","og_type":"article","og_title":"YPF aument\u00f3 el precio de los combustible por tercera vez en julio - Informe Litoral","og_description":"La novedad se da al menos en los surtidores de la capital entrerriana desde las primeras horas de este mi\u00e9rcoles. Detalles de los nuevos valores.","og_url":"https:\/\/informelitoral.com.ar\/ypf-aumento-el-precio-de-los-combustible-por-tercera-vez-en-julio\/","og_site_name":"Informe Litoral","article_publisher":"https:\/\/www.facebook.com\/informelitoral\/","article_published_time":"2025-07-30T09:56:48+00:00","og_image":[{"width":750,"height":430,"url":"https:\/\/informelitoral.com.ar\/%77%70%2d%63%6f%6e%74%65%6e%74\/uploads\/2022\/08\/ES-YPF-6-750x430-1.png","type":"image\/png"}],"author":"Gonzalo Schmidt","twitter_card":"summary_large_image","twitter_creator":"@InformeLitoral","twitter_site":"@InformeLitoral","twitter_misc":{"Escrito por":"Gonzalo Schmidt","Tiempo de lectura":"2 minutos"},"schema":{"@context":"https:\/\/schema.org","@graph":[{"@type":"Article","@id":"https:\/\/informelitoral.com.ar\/ypf-aumento-el-precio-de-los-combustible-por-tercera-vez-en-julio\/#article","isPartOf":{"@id":"https:\/\/informelitoral.com.ar\/ypf-aumento-el-precio-de-los-combustible-por-tercera-vez-en-julio\/"},"author":{"name":"Gonzalo Schmidt","@id":"https:\/\/informelitoral.com.ar\/#\/schema\/person\/b9d00407c836482871ef1d57bf8e3180"},"headline":"YPF aument\u00f3 el precio de los combustible por tercera vez en julio","datePublished":"2025-07-30T09:56:48+00:00","mainEntityOfPage":{"@id":"https:\/\/informelitoral.com.ar\/ypf-aumento-el-precio-de-los-combustible-por-tercera-vez-en-julio\/"},"wordCount":330,"commentCount":0,"publisher":{"@id":"https:\/\/informelitoral.com.ar\/#organization"},"image":{"@id":"https:\/\/informelitoral.com.ar\/ypf-aumento-el-precio-de-los-combustible-por-tercera-vez-en-julio\/#primaryimage"},"thumbnailUrl":"https:\/\/informelitoral.com.ar\/%77%70%2d%63%6f%6e%74%65%6e%74\/uploads\/2022\/08\/ES-YPF-6-750x430-1.png","keywords":["Aumento","Combustibles","Gasoil","Nafta","YPF"],"articleSection":["Econom\u00eda"],"inLanguage":"es","potentialAction":[{"@type":"CommentAction","name":"Comment","target":["https:\/\/informelitoral.com.ar\/ypf-aumento-el-precio-de-los-combustible-por-tercera-vez-en-julio\/#respond"]}]},{"@type":"WebPage","@id":"https:\/\/informelitoral.com.ar\/ypf-aumento-el-precio-de-los-combustible-por-tercera-vez-en-julio\/","url":"https:\/\/informelitoral.com.ar\/ypf-aumento-el-precio-de-los-combustible-por-tercera-vez-en-julio\/","name":"YPF aument\u00f3 el precio de los combustible por tercera vez en julio - Informe Litoral","isPartOf":{"@id":"https:\/\/informelitoral.com.ar\/#website"},"primaryImageOfPage":{"@id":"https:\/\/informelitoral.com.ar\/ypf-aumento-el-precio-de-los-combustible-por-tercera-vez-en-julio\/#primaryimage"},"image":{"@id":"https:\/\/informelitoral.com.ar\/ypf-aumento-el-precio-de-los-combustible-por-tercera-vez-en-julio\/#primaryimage"},"thumbnailUrl":"https:\/\/informelitoral.com.ar\/%77%70%2d%63%6f%6e%74%65%6e%74\/uploads\/2022\/08\/ES-YPF-6-750x430-1.png","datePublished":"2025-07-30T09:56:48+00:00","breadcrumb":{"@id":"https:\/\/informelitoral.com.ar\/ypf-aumento-el-precio-de-los-combustible-por-tercera-vez-en-julio\/#breadcrumb"},"inLanguage":"es","potentialAction":[{"@type":"ReadAction","target":["https:\/\/informelitoral.com.ar\/ypf-aumento-el-precio-de-los-combustible-por-tercera-vez-en-julio\/"]}]},{"@type":"ImageObject","inLanguage":"es","@id":"https:\/\/informelitoral.com.ar\/ypf-aumento-el-precio-de-los-combustible-por-tercera-vez-en-julio\/#primaryimage","url":"https:\/\/informelitoral.com.ar\/%77%70%2d%63%6f%6e%74%65%6e%74\/uploads\/2022\/08\/ES-YPF-6-750x430-1.png","contentUrl":"https:\/\/informelitoral.com.ar\/%77%70%2d%63%6f%6e%74%65%6e%74\/uploads\/2022\/08\/ES-YPF-6-750x430-1.png","width":750,"height":430},{"@type":"BreadcrumbList","@id":"https:\/\/informelitoral.com.ar\/ypf-aumento-el-precio-de-los-combustible-por-tercera-vez-en-julio\/#breadcrumb","itemListElement":[{"@type":"ListItem","position":1,"name":"Portada","item":"https:\/\/informelitoral.com.ar\/"},{"@type":"ListItem","position":2,"name":"YPF aument\u00f3 el precio de los combustible por tercera vez en julio"}]},{"@type":"WebSite","@id":"https:\/\/informelitoral.com.ar\/#website","url":"https:\/\/informelitoral.com.ar\/","name":"Informe Litoral","description":"&quot;Nos informamos&quot; ","publisher":{"@id":"https:\/\/informelitoral.com.ar\/#organization"},"potentialAction":[{"@type":"SearchAction","target":{"@type":"EntryPoint","urlTemplate":"https:\/\/informelitoral.com.ar\/?s={search_term_string}"},"query-input":{"@type":"PropertyValueSpecification","valueRequired":true,"valueName":"search_term_string"}}],"inLanguage":"es"},{"@type":"Organization","@id":"https:\/\/informelitoral.com.ar\/#organization","name":"Informe Litoral","url":"https:\/\/informelitoral.com.ar\/","logo":{"@type":"ImageObject","inLanguage":"es","@id":"https:\/\/informelitoral.com.ar\/#\/schema\/logo\/image\/","url":"https:\/\/informelitoral.com.ar\/%77%70%2d%63%6f%6e%74%65%6e%74\/uploads\/2021\/01\/circulo.png","contentUrl":"https:\/\/informelitoral.com.ar\/%77%70%2d%63%6f%6e%74%65%6e%74\/uploads\/2021\/01\/circulo.png","width":723,"height":731,"caption":"Informe Litoral"},"image":{"@id":"https:\/\/informelitoral.com.ar\/#\/schema\/logo\/image\/"},"sameAs":["https:\/\/www.facebook.com\/informelitoral\/","https:\/\/x.com\/InformeLitoral","https:\/\/www.instagram.com\/informelitoral\/","https:\/\/www.youtube.com\/channel\/UCua4Qvz8Icb6MYqhoq9xLXw"]},{"@type":"Person","@id":"https:\/\/informelitoral.com.ar\/#\/schema\/person\/b9d00407c836482871ef1d57bf8e3180","name":"Gonzalo Schmidt","image":{"@type":"ImageObject","inLanguage":"es","@id":"https:\/\/secure.gravatar.com\/avatar\/31a1a7b66ff2de83bd0e9fd79d026630d2d99e55e8bfe501287647b4fd9743de?s=96&d=mm&r=g","url":"https:\/\/secure.gravatar.com\/avatar\/31a1a7b66ff2de83bd0e9fd79d026630d2d99e55e8bfe501287647b4fd9743de?s=96&d=mm&r=g","contentUrl":"https:\/\/secure.gravatar.com\/avatar\/31a1a7b66ff2de83bd0e9fd79d026630d2d99e55e8bfe501287647b4fd9743de?s=96&d=mm&r=g","caption":"Gonzalo Schmidt"},"description":"Sitio web de noticias de la provincia de Entre R\u00edos, Argentina. Informaci\u00f3n y entretenimiento. Informe Litoral, nos informamos.","sameAs":["http:\/\/www.isletasnoticias.com.ar"],"url":"https:\/\/informelitoral.com.ar\/author\/gonzalo\/"}]}},"_links":{"self":[{"href":"https:\/\/informelitoral.com.ar\/%77%70%2d%6a%73%6f%6e\/wp\/v2\/posts\/228885","targetHints":{"allow":["GET"]}}],"collection":[{"href":"https:\/\/informelitoral.com.ar\/%77%70%2d%6a%73%6f%6e\/wp\/v2\/posts"}],"about":[{"href":"https:\/\/informelitoral.com.ar\/%77%70%2d%6a%73%6f%6e\/wp\/v2\/types\/post"}],"author":[{"embeddable":true,"href":"https:\/\/informelitoral.com.ar\/%77%70%2d%6a%73%6f%6e\/wp\/v2\/users\/2"}],"replies":[{"embeddable":true,"href":"https:\/\/informelitoral.com.ar\/%77%70%2d%6a%73%6f%6e\/wp\/v2\/comments?post=228885"}],"version-history":[{"count":1,"href":"https:\/\/informelitoral.com.ar\/%77%70%2d%6a%73%6f%6e\/wp\/v2\/posts\/228885\/revisions"}],"predecessor-version":[{"id":228886,"href":"https:\/\/informelitoral.com.ar\/%77%70%2d%6a%73%6f%6e\/wp\/v2\/posts\/228885\/revisions\/228886"}],"wp:featuredmedia":[{"embeddable":true,"href":"https:\/\/informelitoral.com.ar\/%77%70%2d%6a%73%6f%6e\/wp\/v2\/media\/84423"}],"wp:attachment":[{"href":"https:\/\/informelitoral.com.ar\/%77%70%2d%6a%73%6f%6e\/wp\/v2\/media?parent=228885"}],"wp:term":[{"taxonomy":"category","embeddable":true,"href":"https:\/\/informelitoral.com.ar\/%77%70%2d%6a%73%6f%6e\/wp\/v2\/categories?post=228885"},{"taxonomy":"post_tag","embeddable":true,"href":"https:\/\/informelitoral.com.ar\/%77%70%2d%6a%73%6f%6e\/wp\/v2\/tags?post=228885"}],"curies":[{"name":"wp","href":"https:\/\/api.w.org\/{rel}","templated":true}]}}