{"id":228881,"date":"2025-07-30T06:47:50","date_gmt":"2025-07-30T09:47:50","guid":{"rendered":"https:\/\/informelitoral.com.ar\/?p=228881"},"modified":"2025-07-30T06:47:50","modified_gmt":"2025-07-30T09:47:50","slug":"frigerio-en-victoria-el-gobernador-visito-una-planta-pionera-de-reciclado-de-envases-fitosanitarios","status":"publish","type":"post","link":"https:\/\/informelitoral.com.ar\/frigerio-en-victoria-el-gobernador-visito-una-planta-pionera-de-reciclado-de-envases-fitosanitarios\/","title":{"rendered":"Frigerio en Victoria: el gobernador visit\u00f3 una planta pionera de reciclado de envases fitosanitarios"},"content":{"rendered":"<p>El mandatario estuvo acompa\u00f1ado por el secretario general de la Gobernaci\u00f3n, <strong>Mauricio Colello<\/strong>; las secretarias de Ambiente, <strong>Rosa Hojman<\/strong>; y de Desarrollo Productivo y Emprendedor, <strong>Paula Viccari<\/strong>; adem\u00e1s del titular de la Unidad Ejecutora Provincial, <strong>Gustavo Cusinato<\/strong>. Fue recibido en la sede de la firma por el socio local de Daser Agro, <strong>Eduardo Daneri;<\/strong> y el responsable de la planta de reciclado,<strong> Jos\u00e9 Maini.<\/strong><\/p>\n<p>Al respecto, la secretaria de Ambiente precis\u00f3 que \u00abDaser Agro es una empresa de distribuci\u00f3n de semillas, fitosanitarios e insumos para el campo, donde, como parte de la responsabilidad, funciona un centro de recepci\u00f3n temporaria de envases de fitosanitarios. El vecino de la zona trae sus envases como corresponde por ley nacional, previamente a hacerles un triple lavado, un enjuague que debe hacer una vez que termina de usarlo. Esos envases son aptos para ser transformados y es lo que ocurre en esta planta, que implica una molienda y todo un proceso; y se transforman en otros materiales para utilizaci\u00f3n del campo, como varillas y dem\u00e1s elementos para uso agropecuario\u00bb.<\/p>\n<p>Hojman destac\u00f3 que Daser \u00abes la \u00fanica empresa en Entre R\u00edos que hace esto\u00bb y se\u00f1al\u00f3 que \u00abel gobernador est\u00e1 realmente muy impresionado con esto porque es un paso m\u00e1s hacia la sustentabilidad en la provincia\u00bb.<\/p>\n<p>Indic\u00f3 que en Entre R\u00edos existen ocho CAT, pero \u00ablamentablemente todav\u00eda no tenemos el 100 por ciento de los envases tipo A, que son los que tienen lavado, porque hay algunos productores que no lo hacen y eso lleva a que esos envases sean un residuo peligroso que deben ser llevados a un lugar apropiado. La pretensi\u00f3n es que cada d\u00eda lleguen m\u00e1s envases a este lugar donde pueden ser transformados\u00bb.<\/p>\n<p>Indic\u00f3 que los ocho CAT que est\u00e1n en toda la provincia pueden traer a la planta de reciclado de Victoria los envases tipo A para su transformaci\u00f3n en muchos elementos, ya que \u00abesto funciona como una econom\u00eda circular. Necesitamos que todos se comprometan con eso\u00bb.<\/p>\n<h2><strong>La planta<\/strong><\/h2>\n<p>En los dos a\u00f1os que lleva operativa, esta planta de reciclado industrial que se instal\u00f3 en alianza con Campo Limpio, ha procesado 240.000 envases fitosanitarios; y reciclado 185.000 kilos de pl\u00e1stico, que se transformaron en 125.000 kilos de pellet. Con ellos se fabricaron 375.000 nuevos envases tricapas de 20 litros; en tanto que 40.000 kilos fueron destinados a molienda para fibra \u00f3ptica. Adem\u00e1s, 23.000 kilos de subproductos (etiquetas, tapas, picos y restos de aluminio) fueron transformados en madera pl\u00e1stica para cercos perimetrales, alambrados y dem\u00e1s usos.<\/p>\n<h6><em><strong>Del archivo:\u00a0<a href=\"https:\/\/informelitoral.com.ar\/clausuraron-definitivamente-un-acopio-ilegal-de-envases-vacios-de-fitosanitarios-en-aranguren\/\" target=\"_blank\" rel=\"noopener\">Clausuraron definitivamente un acopio ilegal de envases vac\u00edos de fitosanitarios en Aranguren<\/a><\/strong><\/em><\/h6>\n","protected":false},"excerpt":{"rendered":"<p>El gobernador Rogelio Frigerio estuvo en el Centro de Acopio Transitorio (CAT) Victoria, de la empresa Daser Agro, donde funciona una planta pionera en Entre R\u00edos de reciclado industrial de envases fitosanitarios que son transformados en materiales para su utilizaci\u00f3n en el campo.<\/p>\n","protected":false},"author":2,"featured_media":228882,"comment_status":"open","ping_status":"open","sticky":false,"template":"","format":"standard","meta":{"fifu_image_url":"https:\/\/lh3.googleusercontent.com\/drive-storage\/AJQWtBPxJ1StbyddM4JPtAejucdloRumBwEZPXrKLKk-iORlrBcepdTHWRHrNV8LjSFdcG0j_p4KAgws1Qg6va4Re-P_CPXBLCPR92jKOluhMkifA6M=w2048-h2048-p-k-nu","fifu_image_alt":"","footnotes":""},"categories":[10],"tags":[],"class_list":{"0":"post-228881","1":"post","2":"type-post","3":"status-publish","4":"format-standard","5":"has-post-thumbnail","7":"category-campo"},"yoast_head":"<title>Frigerio en Victoria: el gobernador visit\u00f3 una planta pionera de reciclado de envases fitosanitarios - Informe Litoral<\/title>\n<meta name=\"robots\" content=\"index, follow, max-snippet:-1, max-image-preview:large, max-video-preview:-1\" \/>\n<link rel=\"canonical\" href=\"https:\/\/informelitoral.com.ar\/frigerio-en-victoria-el-gobernador-visito-una-planta-pionera-de-reciclado-de-envases-fitosanitarios\/\" \/>\n<meta property=\"og:locale\" content=\"es_ES\" \/>\n<meta property=\"og:type\" content=\"article\" \/>\n<meta property=\"og:title\" content=\"Frigerio en Victoria: el gobernador visit\u00f3 una planta pionera de reciclado de envases fitosanitarios - Informe Litoral\" \/>\n<meta property=\"og:description\" content=\"El gobernador Rogelio Frigerio estuvo en el Centro de Acopio Transitorio (CAT) Victoria, de la empresa Daser Agro, donde funciona una planta pionera en Entre R\u00edos de reciclado industrial de envases fitosanitarios que son transformados en materiales para su utilizaci\u00f3n en el campo.\" \/>\n<meta property=\"og:url\" content=\"https:\/\/informelitoral.com.ar\/frigerio-en-victoria-el-gobernador-visito-una-planta-pionera-de-reciclado-de-envases-fitosanitarios\/\" \/>\n<meta property=\"og:site_name\" content=\"Informe Litoral\" \/>\n<meta property=\"article:publisher\" content=\"https:\/\/www.facebook.com\/informelitoral\/\" \/>\n<meta property=\"article:published_time\" content=\"2025-07-30T09:47:50+00:00\" \/>\n<meta property=\"og:image\" content=\"https:\/\/lh3.googleusercontent.com\/drive-storage\/AJQWtBPxJ1StbyddM4JPtAejucdloRumBwEZPXrKLKk-iORlrBcepdTHWRHrNV8LjSFdcG0j_p4KAgws1Qg6va4Re-P_CPXBLCPR92jKOluhMkifA6M=w2048-h2048-p-k-nu\" \/><meta property=\"og:image\" content=\"https:\/\/lh3.googleusercontent.com\/drive-storage\/AJQWtBPxJ1StbyddM4JPtAejucdloRumBwEZPXrKLKk-iORlrBcepdTHWRHrNV8LjSFdcG0j_p4KAgws1Qg6va4Re-P_CPXBLCPR92jKOluhMkifA6M=w2048-h2048-p-k-nu\" \/>\n\t<meta property=\"og:image:width\" content=\"1920\" \/>\n\t<meta property=\"og:image:height\" content=\"1280\" \/>\n\t<meta property=\"og:image:type\" content=\"image\/jpeg\" \/>\n<meta name=\"author\" content=\"Gonzalo Schmidt\" \/>\n<meta name=\"twitter:card\" content=\"summary_large_image\" \/>\n<meta name=\"twitter:image\" content=\"https:\/\/lh3.googleusercontent.com\/drive-storage\/AJQWtBPxJ1StbyddM4JPtAejucdloRumBwEZPXrKLKk-iORlrBcepdTHWRHrNV8LjSFdcG0j_p4KAgws1Qg6va4Re-P_CPXBLCPR92jKOluhMkifA6M=w2048-h2048-p-k-nu\" \/>\n<meta name=\"twitter:creator\" content=\"@InformeLitoral\" \/>\n<meta name=\"twitter:site\" content=\"@InformeLitoral\" \/>\n<meta name=\"twitter:label1\" content=\"Escrito por\" \/>\n\t<meta name=\"twitter:data1\" content=\"Gonzalo Schmidt\" \/>\n\t<meta name=\"twitter:label2\" content=\"Tiempo de lectura\" \/>\n\t<meta name=\"twitter:data2\" content=\"2 minutos\" \/>\n<script type=\"application\/ld+json\" class=\"yoast-schema-graph\">{\"@context\":\"https:\\\/\\\/schema.org\",\"@graph\":[{\"@type\":\"Article\",\"@id\":\"https:\\\/\\\/informelitoral.com.ar\\\/frigerio-en-victoria-el-gobernador-visito-una-planta-pionera-de-reciclado-de-envases-fitosanitarios\\\/#article\",\"isPartOf\":{\"@id\":\"https:\\\/\\\/informelitoral.com.ar\\\/frigerio-en-victoria-el-gobernador-visito-una-planta-pionera-de-reciclado-de-envases-fitosanitarios\\\/\"},\"author\":{\"name\":\"Gonzalo Schmidt\",\"@id\":\"https:\\\/\\\/informelitoral.com.ar\\\/#\\\/schema\\\/person\\\/b9d00407c836482871ef1d57bf8e3180\"},\"headline\":\"Frigerio en Victoria: el gobernador visit\u00f3 una planta pionera de reciclado de envases fitosanitarios\",\"datePublished\":\"2025-07-30T09:47:50+00:00\",\"mainEntityOfPage\":{\"@id\":\"https:\\\/\\\/informelitoral.com.ar\\\/frigerio-en-victoria-el-gobernador-visito-una-planta-pionera-de-reciclado-de-envases-fitosanitarios\\\/\"},\"wordCount\":458,\"commentCount\":0,\"publisher\":{\"@id\":\"https:\\\/\\\/informelitoral.com.ar\\\/#organization\"},\"image\":{\"@id\":\"https:\\\/\\\/informelitoral.com.ar\\\/frigerio-en-victoria-el-gobernador-visito-una-planta-pionera-de-reciclado-de-envases-fitosanitarios\\\/#primaryimage\"},\"thumbnailUrl\":\"https:\\\/\\\/lh3.googleusercontent.com\\\/drive-storage\\\/AJQWtBPxJ1StbyddM4JPtAejucdloRumBwEZPXrKLKk-iORlrBcepdTHWRHrNV8LjSFdcG0j_p4KAgws1Qg6va4Re-P_CPXBLCPR92jKOluhMkifA6M=w2048-h2048-p-k-nu\",\"articleSection\":[\"Campo\"],\"inLanguage\":\"es\",\"potentialAction\":[{\"@type\":\"CommentAction\",\"name\":\"Comment\",\"target\":[\"https:\\\/\\\/informelitoral.com.ar\\\/frigerio-en-victoria-el-gobernador-visito-una-planta-pionera-de-reciclado-de-envases-fitosanitarios\\\/#respond\"]}]},{\"@type\":\"WebPage\",\"@id\":\"https:\\\/\\\/informelitoral.com.ar\\\/frigerio-en-victoria-el-gobernador-visito-una-planta-pionera-de-reciclado-de-envases-fitosanitarios\\\/\",\"url\":\"https:\\\/\\\/informelitoral.com.ar\\\/frigerio-en-victoria-el-gobernador-visito-una-planta-pionera-de-reciclado-de-envases-fitosanitarios\\\/\",\"name\":\"Frigerio en Victoria: el gobernador visit\u00f3 una planta pionera de reciclado de envases fitosanitarios - Informe Litoral\",\"isPartOf\":{\"@id\":\"https:\\\/\\\/informelitoral.com.ar\\\/#website\"},\"primaryImageOfPage\":{\"@id\":\"https:\\\/\\\/informelitoral.com.ar\\\/frigerio-en-victoria-el-gobernador-visito-una-planta-pionera-de-reciclado-de-envases-fitosanitarios\\\/#primaryimage\"},\"image\":{\"@id\":\"https:\\\/\\\/informelitoral.com.ar\\\/frigerio-en-victoria-el-gobernador-visito-una-planta-pionera-de-reciclado-de-envases-fitosanitarios\\\/#primaryimage\"},\"thumbnailUrl\":\"https:\\\/\\\/lh3.googleusercontent.com\\\/drive-storage\\\/AJQWtBPxJ1StbyddM4JPtAejucdloRumBwEZPXrKLKk-iORlrBcepdTHWRHrNV8LjSFdcG0j_p4KAgws1Qg6va4Re-P_CPXBLCPR92jKOluhMkifA6M=w2048-h2048-p-k-nu\",\"datePublished\":\"2025-07-30T09:47:50+00:00\",\"breadcrumb\":{\"@id\":\"https:\\\/\\\/informelitoral.com.ar\\\/frigerio-en-victoria-el-gobernador-visito-una-planta-pionera-de-reciclado-de-envases-fitosanitarios\\\/#breadcrumb\"},\"inLanguage\":\"es\",\"potentialAction\":[{\"@type\":\"ReadAction\",\"target\":[\"https:\\\/\\\/informelitoral.com.ar\\\/frigerio-en-victoria-el-gobernador-visito-una-planta-pionera-de-reciclado-de-envases-fitosanitarios\\\/\"]}]},{\"@type\":\"ImageObject\",\"inLanguage\":\"es\",\"@id\":\"https:\\\/\\\/informelitoral.com.ar\\\/frigerio-en-victoria-el-gobernador-visito-una-planta-pionera-de-reciclado-de-envases-fitosanitarios\\\/#primaryimage\",\"url\":\"https:\\\/\\\/lh3.googleusercontent.com\\\/drive-storage\\\/AJQWtBPxJ1StbyddM4JPtAejucdloRumBwEZPXrKLKk-iORlrBcepdTHWRHrNV8LjSFdcG0j_p4KAgws1Qg6va4Re-P_CPXBLCPR92jKOluhMkifA6M=w2048-h2048-p-k-nu\",\"contentUrl\":\"https:\\\/\\\/lh3.googleusercontent.com\\\/drive-storage\\\/AJQWtBPxJ1StbyddM4JPtAejucdloRumBwEZPXrKLKk-iORlrBcepdTHWRHrNV8LjSFdcG0j_p4KAgws1Qg6va4Re-P_CPXBLCPR92jKOluhMkifA6M=w2048-h2048-p-k-nu\",\"width\":\"1920\",\"height\":\"1280\"},{\"@type\":\"BreadcrumbList\",\"@id\":\"https:\\\/\\\/informelitoral.com.ar\\\/frigerio-en-victoria-el-gobernador-visito-una-planta-pionera-de-reciclado-de-envases-fitosanitarios\\\/#breadcrumb\",\"itemListElement\":[{\"@type\":\"ListItem\",\"position\":1,\"name\":\"Portada\",\"item\":\"https:\\\/\\\/informelitoral.com.ar\\\/\"},{\"@type\":\"ListItem\",\"position\":2,\"name\":\"Frigerio en Victoria: el gobernador visit\u00f3 una planta pionera de reciclado de envases fitosanitarios\"}]},{\"@type\":\"WebSite\",\"@id\":\"https:\\\/\\\/informelitoral.com.ar\\\/#website\",\"url\":\"https:\\\/\\\/informelitoral.com.ar\\\/\",\"name\":\"Informe Litoral\",\"description\":\"&quot;Nos informamos&quot; \",\"publisher\":{\"@id\":\"https:\\\/\\\/informelitoral.com.ar\\\/#organization\"},\"potentialAction\":[{\"@type\":\"SearchAction\",\"target\":{\"@type\":\"EntryPoint\",\"urlTemplate\":\"https:\\\/\\\/informelitoral.com.ar\\\/?s={search_term_string}\"},\"query-input\":{\"@type\":\"PropertyValueSpecification\",\"valueRequired\":true,\"valueName\":\"search_term_string\"}}],\"inLanguage\":\"es\"},{\"@type\":\"Organization\",\"@id\":\"https:\\\/\\\/informelitoral.com.ar\\\/#organization\",\"name\":\"Informe Litoral\",\"url\":\"https:\\\/\\\/informelitoral.com.ar\\\/\",\"logo\":{\"@type\":\"ImageObject\",\"inLanguage\":\"es\",\"@id\":\"https:\\\/\\\/informelitoral.com.ar\\\/#\\\/schema\\\/logo\\\/image\\\/\",\"url\":\"https:\\\/\\\/informelitoral.com.ar\\\/%77%70%2d%63%6f%6e%74%65%6e%74\\\/uploads\\\/2021\\\/01\\\/circulo.png\",\"contentUrl\":\"https:\\\/\\\/informelitoral.com.ar\\\/%77%70%2d%63%6f%6e%74%65%6e%74\\\/uploads\\\/2021\\\/01\\\/circulo.png\",\"width\":723,\"height\":731,\"caption\":\"Informe Litoral\"},\"image\":{\"@id\":\"https:\\\/\\\/informelitoral.com.ar\\\/#\\\/schema\\\/logo\\\/image\\\/\"},\"sameAs\":[\"https:\\\/\\\/www.facebook.com\\\/informelitoral\\\/\",\"https:\\\/\\\/x.com\\\/InformeLitoral\",\"https:\\\/\\\/www.instagram.com\\\/informelitoral\\\/\",\"https:\\\/\\\/www.youtube.com\\\/channel\\\/UCua4Qvz8Icb6MYqhoq9xLXw\"]},{\"@type\":\"Person\",\"@id\":\"https:\\\/\\\/informelitoral.com.ar\\\/#\\\/schema\\\/person\\\/b9d00407c836482871ef1d57bf8e3180\",\"name\":\"Gonzalo Schmidt\",\"image\":{\"@type\":\"ImageObject\",\"inLanguage\":\"es\",\"@id\":\"https:\\\/\\\/secure.gravatar.com\\\/avatar\\\/31a1a7b66ff2de83bd0e9fd79d026630d2d99e55e8bfe501287647b4fd9743de?s=96&d=mm&r=g\",\"url\":\"https:\\\/\\\/secure.gravatar.com\\\/avatar\\\/31a1a7b66ff2de83bd0e9fd79d026630d2d99e55e8bfe501287647b4fd9743de?s=96&d=mm&r=g\",\"contentUrl\":\"https:\\\/\\\/secure.gravatar.com\\\/avatar\\\/31a1a7b66ff2de83bd0e9fd79d026630d2d99e55e8bfe501287647b4fd9743de?s=96&d=mm&r=g\",\"caption\":\"Gonzalo Schmidt\"},\"description\":\"Sitio web de noticias de la provincia de Entre R\u00edos, Argentina. Informaci\u00f3n y entretenimiento. Informe Litoral, nos informamos.\",\"sameAs\":[\"http:\\\/\\\/www.isletasnoticias.com.ar\"],\"url\":\"https:\\\/\\\/informelitoral.com.ar\\\/author\\\/gonzalo\\\/\"}]}<\/script>","yoast_head_json":{"title":"Frigerio en Victoria: el gobernador visit\u00f3 una planta pionera de reciclado de envases fitosanitarios - Informe Litoral","robots":{"index":"index","follow":"follow","max-snippet":"max-snippet:-1","max-image-preview":"max-image-preview:large","max-video-preview":"max-video-preview:-1"},"canonical":"https:\/\/informelitoral.com.ar\/frigerio-en-victoria-el-gobernador-visito-una-planta-pionera-de-reciclado-de-envases-fitosanitarios\/","og_locale":"es_ES","og_type":"article","og_title":"Frigerio en Victoria: el gobernador visit\u00f3 una planta pionera de reciclado de envases fitosanitarios - Informe Litoral","og_description":"El gobernador Rogelio Frigerio estuvo en el Centro de Acopio Transitorio (CAT) Victoria, de la empresa Daser Agro, donde funciona una planta pionera en Entre R\u00edos de reciclado industrial de envases fitosanitarios que son transformados en materiales para su utilizaci\u00f3n en el campo.","og_url":"https:\/\/informelitoral.com.ar\/frigerio-en-victoria-el-gobernador-visito-una-planta-pionera-de-reciclado-de-envases-fitosanitarios\/","og_site_name":"Informe Litoral","article_publisher":"https:\/\/www.facebook.com\/informelitoral\/","article_published_time":"2025-07-30T09:47:50+00:00","og_image":[{"url":"https:\/\/lh3.googleusercontent.com\/drive-storage\/AJQWtBPxJ1StbyddM4JPtAejucdloRumBwEZPXrKLKk-iORlrBcepdTHWRHrNV8LjSFdcG0j_p4KAgws1Qg6va4Re-P_CPXBLCPR92jKOluhMkifA6M=w2048-h2048-p-k-nu","type":"","width":"","height":""},{"width":1920,"height":1280,"url":"https:\/\/lh3.googleusercontent.com\/drive-storage\/AJQWtBPxJ1StbyddM4JPtAejucdloRumBwEZPXrKLKk-iORlrBcepdTHWRHrNV8LjSFdcG0j_p4KAgws1Qg6va4Re-P_CPXBLCPR92jKOluhMkifA6M=w2048-h2048-p-k-nu","type":"image\/jpeg"}],"author":"Gonzalo Schmidt","twitter_card":"summary_large_image","twitter_image":"https:\/\/lh3.googleusercontent.com\/drive-storage\/AJQWtBPxJ1StbyddM4JPtAejucdloRumBwEZPXrKLKk-iORlrBcepdTHWRHrNV8LjSFdcG0j_p4KAgws1Qg6va4Re-P_CPXBLCPR92jKOluhMkifA6M=w2048-h2048-p-k-nu","twitter_creator":"@InformeLitoral","twitter_site":"@InformeLitoral","twitter_misc":{"Escrito por":"Gonzalo Schmidt","Tiempo de lectura":"2 minutos"},"schema":{"@context":"https:\/\/schema.org","@graph":[{"@type":"Article","@id":"https:\/\/informelitoral.com.ar\/frigerio-en-victoria-el-gobernador-visito-una-planta-pionera-de-reciclado-de-envases-fitosanitarios\/#article","isPartOf":{"@id":"https:\/\/informelitoral.com.ar\/frigerio-en-victoria-el-gobernador-visito-una-planta-pionera-de-reciclado-de-envases-fitosanitarios\/"},"author":{"name":"Gonzalo Schmidt","@id":"https:\/\/informelitoral.com.ar\/#\/schema\/person\/b9d00407c836482871ef1d57bf8e3180"},"headline":"Frigerio en Victoria: el gobernador visit\u00f3 una planta pionera de reciclado de envases fitosanitarios","datePublished":"2025-07-30T09:47:50+00:00","mainEntityOfPage":{"@id":"https:\/\/informelitoral.com.ar\/frigerio-en-victoria-el-gobernador-visito-una-planta-pionera-de-reciclado-de-envases-fitosanitarios\/"},"wordCount":458,"commentCount":0,"publisher":{"@id":"https:\/\/informelitoral.com.ar\/#organization"},"image":{"@id":"https:\/\/informelitoral.com.ar\/frigerio-en-victoria-el-gobernador-visito-una-planta-pionera-de-reciclado-de-envases-fitosanitarios\/#primaryimage"},"thumbnailUrl":"https:\/\/lh3.googleusercontent.com\/drive-storage\/AJQWtBPxJ1StbyddM4JPtAejucdloRumBwEZPXrKLKk-iORlrBcepdTHWRHrNV8LjSFdcG0j_p4KAgws1Qg6va4Re-P_CPXBLCPR92jKOluhMkifA6M=w2048-h2048-p-k-nu","articleSection":["Campo"],"inLanguage":"es","potentialAction":[{"@type":"CommentAction","name":"Comment","target":["https:\/\/informelitoral.com.ar\/frigerio-en-victoria-el-gobernador-visito-una-planta-pionera-de-reciclado-de-envases-fitosanitarios\/#respond"]}]},{"@type":"WebPage","@id":"https:\/\/informelitoral.com.ar\/frigerio-en-victoria-el-gobernador-visito-una-planta-pionera-de-reciclado-de-envases-fitosanitarios\/","url":"https:\/\/informelitoral.com.ar\/frigerio-en-victoria-el-gobernador-visito-una-planta-pionera-de-reciclado-de-envases-fitosanitarios\/","name":"Frigerio en Victoria: el gobernador visit\u00f3 una planta pionera de reciclado de envases fitosanitarios - Informe Litoral","isPartOf":{"@id":"https:\/\/informelitoral.com.ar\/#website"},"primaryImageOfPage":{"@id":"https:\/\/informelitoral.com.ar\/frigerio-en-victoria-el-gobernador-visito-una-planta-pionera-de-reciclado-de-envases-fitosanitarios\/#primaryimage"},"image":{"@id":"https:\/\/informelitoral.com.ar\/frigerio-en-victoria-el-gobernador-visito-una-planta-pionera-de-reciclado-de-envases-fitosanitarios\/#primaryimage"},"thumbnailUrl":"https:\/\/lh3.googleusercontent.com\/drive-storage\/AJQWtBPxJ1StbyddM4JPtAejucdloRumBwEZPXrKLKk-iORlrBcepdTHWRHrNV8LjSFdcG0j_p4KAgws1Qg6va4Re-P_CPXBLCPR92jKOluhMkifA6M=w2048-h2048-p-k-nu","datePublished":"2025-07-30T09:47:50+00:00","breadcrumb":{"@id":"https:\/\/informelitoral.com.ar\/frigerio-en-victoria-el-gobernador-visito-una-planta-pionera-de-reciclado-de-envases-fitosanitarios\/#breadcrumb"},"inLanguage":"es","potentialAction":[{"@type":"ReadAction","target":["https:\/\/informelitoral.com.ar\/frigerio-en-victoria-el-gobernador-visito-una-planta-pionera-de-reciclado-de-envases-fitosanitarios\/"]}]},{"@type":"ImageObject","inLanguage":"es","@id":"https:\/\/informelitoral.com.ar\/frigerio-en-victoria-el-gobernador-visito-una-planta-pionera-de-reciclado-de-envases-fitosanitarios\/#primaryimage","url":"https:\/\/lh3.googleusercontent.com\/drive-storage\/AJQWtBPxJ1StbyddM4JPtAejucdloRumBwEZPXrKLKk-iORlrBcepdTHWRHrNV8LjSFdcG0j_p4KAgws1Qg6va4Re-P_CPXBLCPR92jKOluhMkifA6M=w2048-h2048-p-k-nu","contentUrl":"https:\/\/lh3.googleusercontent.com\/drive-storage\/AJQWtBPxJ1StbyddM4JPtAejucdloRumBwEZPXrKLKk-iORlrBcepdTHWRHrNV8LjSFdcG0j_p4KAgws1Qg6va4Re-P_CPXBLCPR92jKOluhMkifA6M=w2048-h2048-p-k-nu","width":"1920","height":"1280"},{"@type":"BreadcrumbList","@id":"https:\/\/informelitoral.com.ar\/frigerio-en-victoria-el-gobernador-visito-una-planta-pionera-de-reciclado-de-envases-fitosanitarios\/#breadcrumb","itemListElement":[{"@type":"ListItem","position":1,"name":"Portada","item":"https:\/\/informelitoral.com.ar\/"},{"@type":"ListItem","position":2,"name":"Frigerio en Victoria: el gobernador visit\u00f3 una planta pionera de reciclado de envases fitosanitarios"}]},{"@type":"WebSite","@id":"https:\/\/informelitoral.com.ar\/#website","url":"https:\/\/informelitoral.com.ar\/","name":"Informe Litoral","description":"&quot;Nos informamos&quot; ","publisher":{"@id":"https:\/\/informelitoral.com.ar\/#organization"},"potentialAction":[{"@type":"SearchAction","target":{"@type":"EntryPoint","urlTemplate":"https:\/\/informelitoral.com.ar\/?s={search_term_string}"},"query-input":{"@type":"PropertyValueSpecification","valueRequired":true,"valueName":"search_term_string"}}],"inLanguage":"es"},{"@type":"Organization","@id":"https:\/\/informelitoral.com.ar\/#organization","name":"Informe Litoral","url":"https:\/\/informelitoral.com.ar\/","logo":{"@type":"ImageObject","inLanguage":"es","@id":"https:\/\/informelitoral.com.ar\/#\/schema\/logo\/image\/","url":"https:\/\/informelitoral.com.ar\/%77%70%2d%63%6f%6e%74%65%6e%74\/uploads\/2021\/01\/circulo.png","contentUrl":"https:\/\/informelitoral.com.ar\/%77%70%2d%63%6f%6e%74%65%6e%74\/uploads\/2021\/01\/circulo.png","width":723,"height":731,"caption":"Informe Litoral"},"image":{"@id":"https:\/\/informelitoral.com.ar\/#\/schema\/logo\/image\/"},"sameAs":["https:\/\/www.facebook.com\/informelitoral\/","https:\/\/x.com\/InformeLitoral","https:\/\/www.instagram.com\/informelitoral\/","https:\/\/www.youtube.com\/channel\/UCua4Qvz8Icb6MYqhoq9xLXw"]},{"@type":"Person","@id":"https:\/\/informelitoral.com.ar\/#\/schema\/person\/b9d00407c836482871ef1d57bf8e3180","name":"Gonzalo Schmidt","image":{"@type":"ImageObject","inLanguage":"es","@id":"https:\/\/secure.gravatar.com\/avatar\/31a1a7b66ff2de83bd0e9fd79d026630d2d99e55e8bfe501287647b4fd9743de?s=96&d=mm&r=g","url":"https:\/\/secure.gravatar.com\/avatar\/31a1a7b66ff2de83bd0e9fd79d026630d2d99e55e8bfe501287647b4fd9743de?s=96&d=mm&r=g","contentUrl":"https:\/\/secure.gravatar.com\/avatar\/31a1a7b66ff2de83bd0e9fd79d026630d2d99e55e8bfe501287647b4fd9743de?s=96&d=mm&r=g","caption":"Gonzalo Schmidt"},"description":"Sitio web de noticias de la provincia de Entre R\u00edos, Argentina. Informaci\u00f3n y entretenimiento. Informe Litoral, nos informamos.","sameAs":["http:\/\/www.isletasnoticias.com.ar"],"url":"https:\/\/informelitoral.com.ar\/author\/gonzalo\/"}]}},"fifu_image_url":"https:\/\/lh3.googleusercontent.com\/drive-storage\/AJQWtBPxJ1StbyddM4JPtAejucdloRumBwEZPXrKLKk-iORlrBcepdTHWRHrNV8LjSFdcG0j_p4KAgws1Qg6va4Re-P_CPXBLCPR92jKOluhMkifA6M=w2048-h2048-p-k-nu","_links":{"self":[{"href":"https:\/\/informelitoral.com.ar\/%77%70%2d%6a%73%6f%6e\/wp\/v2\/posts\/228881","targetHints":{"allow":["GET"]}}],"collection":[{"href":"https:\/\/informelitoral.com.ar\/%77%70%2d%6a%73%6f%6e\/wp\/v2\/posts"}],"about":[{"href":"https:\/\/informelitoral.com.ar\/%77%70%2d%6a%73%6f%6e\/wp\/v2\/types\/post"}],"author":[{"embeddable":true,"href":"https:\/\/informelitoral.com.ar\/%77%70%2d%6a%73%6f%6e\/wp\/v2\/users\/2"}],"replies":[{"embeddable":true,"href":"https:\/\/informelitoral.com.ar\/%77%70%2d%6a%73%6f%6e\/wp\/v2\/comments?post=228881"}],"version-history":[{"count":1,"href":"https:\/\/informelitoral.com.ar\/%77%70%2d%6a%73%6f%6e\/wp\/v2\/posts\/228881\/revisions"}],"predecessor-version":[{"id":228883,"href":"https:\/\/informelitoral.com.ar\/%77%70%2d%6a%73%6f%6e\/wp\/v2\/posts\/228881\/revisions\/228883"}],"wp:featuredmedia":[{"embeddable":true,"href":"https:\/\/informelitoral.com.ar\/%77%70%2d%6a%73%6f%6e\/wp\/v2\/media\/228882"}],"wp:attachment":[{"href":"https:\/\/informelitoral.com.ar\/%77%70%2d%6a%73%6f%6e\/wp\/v2\/media?parent=228881"}],"wp:term":[{"taxonomy":"category","embeddable":true,"href":"https:\/\/informelitoral.com.ar\/%77%70%2d%6a%73%6f%6e\/wp\/v2\/categories?post=228881"},{"taxonomy":"post_tag","embeddable":true,"href":"https:\/\/informelitoral.com.ar\/%77%70%2d%6a%73%6f%6e\/wp\/v2\/tags?post=228881"}],"curies":[{"name":"wp","href":"https:\/\/api.w.org\/{rel}","templated":true}]}}