{"id":22728,"date":"2017-08-17T07:27:53","date_gmt":"2017-08-17T10:27:53","guid":{"rendered":"http:\/\/www.isletasnoticias.com.ar\/?p=22728"},"modified":"2017-08-17T07:27:53","modified_gmt":"2017-08-17T10:27:53","slug":"aseguran-que-en-los-proximos-meses-la-carne-argentina-ingresara-a-ee-uu","status":"publish","type":"post","link":"https:\/\/informelitoral.com.ar\/aseguran-que-en-los-proximos-meses-la-carne-argentina-ingresara-a-ee-uu\/","title":{"rendered":"Aseguran que en los pr\u00f3ximos meses la carne argentina ingresar\u00e1 a EE.UU."},"content":{"rendered":"<p><strong>El ministro de Agroindustria analiz\u00f3 el escenario bilateral con el pa\u00eds norteamericano tras la visita del vicepresidente Mike Pence. \u00abPedimos preferencias arancelarias\u00bb, dijo.<\/strong><a href=\"http:\/\/www.isletasnoticias.com.ar\/%77%70%2d%63%6f%6e%74%65%6e%74\/uploads\/2017\/08\/exportaci\u00f3n-carne-ee-uu.jpg\"><img loading=\"lazy\" decoding=\"async\" class=\"aligncenter wp-image-22730 size-full\" src=\"http:\/\/www.isletasnoticias.com.ar\/%77%70%2d%63%6f%6e%74%65%6e%74\/uploads\/2017\/08\/exportaci\u00f3n-carne-ee-uu.jpg\" alt=\"\" width=\"630\" height=\"460\" srcset=\"https:\/\/informelitoral.com.ar\/%77%70%2d%63%6f%6e%74%65%6e%74\/uploads\/2017\/08\/exportaci\u00f3n-carne-ee-uu.jpg 630w, https:\/\/informelitoral.com.ar\/%77%70%2d%63%6f%6e%74%65%6e%74\/uploads\/2017\/08\/exportaci\u00f3n-carne-ee-uu-300x219.jpg 300w\" sizes=\"auto, (max-width: 630px) 100vw, 630px\" \/><\/a><\/p>\n<div class=\"contenido-izquierda\"><\/div>\n<p>En el marco de la celebraci\u00f3n del D\u00eda de la Exportaci\u00f3n, que se realiz\u00f3 en el Hotel Four Seasons de la Ciudad de Buenos Aires, el ministro de Agroindustria de la Naci\u00f3n, Ricardo Buryaile, se refiri\u00f3 a la visita del vicepresidente de los Estados Unidos, Mike Pence, y garantiz\u00f3 que las carnes argentinas \u201cvan a ingresar\u201d a ese mercado.<\/p>\n<p><a href=\"http:\/\/www.isletasnoticias.com.ar\/%77%70%2d%63%6f%6e%74%65%6e%74\/uploads\/2017\/08\/98967656.jpg\"><img loading=\"lazy\" decoding=\"async\" class=\"aligncenter wp-image-22729 size-full\" src=\"http:\/\/www.isletasnoticias.com.ar\/%77%70%2d%63%6f%6e%74%65%6e%74\/uploads\/2017\/08\/98967656.jpg\" alt=\"\" width=\"960\" height=\"426\" srcset=\"https:\/\/informelitoral.com.ar\/%77%70%2d%63%6f%6e%74%65%6e%74\/uploads\/2017\/08\/98967656.jpg 960w, https:\/\/informelitoral.com.ar\/%77%70%2d%63%6f%6e%74%65%6e%74\/uploads\/2017\/08\/98967656-300x133.jpg 300w, https:\/\/informelitoral.com.ar\/%77%70%2d%63%6f%6e%74%65%6e%74\/uploads\/2017\/08\/98967656-768x341.jpg 768w\" sizes=\"auto, (max-width: 960px) 100vw, 960px\" \/><\/a><\/p>\n<p>\u201cVenimos trabajando con Estados Unidos en la ampliaci\u00f3n de las relaciones bilaterales. Estados Unidos ha planteado acceso al mercado de distintos productos, como frutas, carne de cerdo y bovina, y nosotros hemos planteado que se cumpla el ingreso de limones y carne, con un mayor acceso comercial y las preferencias arancelarias. Lo que quiero destacar es que es un mercado para producciones no tradicionales. Si miramos la balanza comercial estadounidense, sacando la soja y derivados, estamos exportando miel, jugos, man\u00ed, vino: alto valor y mucha mano de obra\u201d, expres\u00f3 Buryaile en declaraciones a la prensa.<\/p>\n<p>En ese sentido, asegur\u00f3 que \u201cen los pr\u00f3ximos meses\u201d habr\u00e1 novedades en cuanto al ingreso de carnes. Y dispar\u00f3: \u201cVan a ingresar\u201d.<\/p>\n<p>Consultado por<strong>\u00a0<\/strong><em>Infocampo<\/em>\u00a0acerca de la cantidad de ma\u00edz disponible, el ministro se\u00f1al\u00f3 que \u201chay 49 millones de toneladas de ma\u00edz global\u201d y afirm\u00f3 que \u201cseguramente vamos a tener m\u00e1s de 20 millones de toneladas de ma\u00edz para exportar\u201d.<\/p>\n<p>Por otro lado, tambi\u00e9n se refiri\u00f3 a avances concretos con M\u00e9xico. \u201cHay 25 mil tonleadas de trigo y 75 mil de ma\u00edz para vender. La apertura de ese mercado es un deseo desde el inicio de la gesti\u00f3n\u201d, resalt\u00f3. <em>(Infocampo)<\/em><a href=\"http:\/\/www.isletasnoticias.com.ar\/%77%70%2d%63%6f%6e%74%65%6e%74\/uploads\/2017\/03\/slide-web-la-ganadera-marzo.jpg\"><img loading=\"lazy\" decoding=\"async\" class=\"size-medium wp-image-20862 aligncenter\" src=\"http:\/\/www.isletasnoticias.com.ar\/%77%70%2d%63%6f%6e%74%65%6e%74\/uploads\/2017\/03\/slide-web-la-ganadera-marzo-300x133.jpg\" alt=\"\" width=\"300\" height=\"133\" srcset=\"https:\/\/informelitoral.com.ar\/%77%70%2d%63%6f%6e%74%65%6e%74\/uploads\/2017\/03\/slide-web-la-ganadera-marzo-300x133.jpg 300w, https:\/\/informelitoral.com.ar\/%77%70%2d%63%6f%6e%74%65%6e%74\/uploads\/2017\/03\/slide-web-la-ganadera-marzo.jpg 664w\" sizes=\"auto, (max-width: 300px) 100vw, 300px\" \/><\/a><\/p>\n","protected":false},"excerpt":{"rendered":"<p>El ministro de Agroindustria analiz&oacute; el escenario bilateral con el pa&iacute;s norteamericano tras la visita del vicepresidente Mike Pence. &laquo;Pedimos preferencias arancelarias&raquo;, dijo. En el marco de la celebraci&oacute;n del D&iacute;a de la Exportaci&oacute;n, que se realiz&oacute; en el Hotel Four Seasons de la Ciudad de Buenos Aires, el ministro de Agroindustria de la Naci&oacute;n, [&hellip;]<\/p>\n","protected":false},"author":2,"featured_media":0,"comment_status":"open","ping_status":"open","sticky":false,"template":"","format":"standard","meta":{"fifu_image_url":"","fifu_image_alt":"","footnotes":""},"categories":[10,7],"tags":[],"class_list":{"0":"post-22728","1":"post","2":"type-post","3":"status-publish","4":"format-standard","6":"category-campo","7":"category-nacionales"},"yoast_head":"<title>Aseguran que en los pr\u00f3ximos meses la carne argentina ingresar\u00e1 a EE.UU. - Informe Litoral<\/title>\n<meta name=\"robots\" content=\"index, follow, max-snippet:-1, max-image-preview:large, max-video-preview:-1\" \/>\n<link rel=\"canonical\" href=\"https:\/\/informelitoral.com.ar\/aseguran-que-en-los-proximos-meses-la-carne-argentina-ingresara-a-ee-uu\/\" \/>\n<meta property=\"og:locale\" content=\"es_ES\" \/>\n<meta property=\"og:type\" content=\"article\" \/>\n<meta property=\"og:title\" content=\"Aseguran que en los pr\u00f3ximos meses la carne argentina ingresar\u00e1 a EE.UU. - Informe Litoral\" \/>\n<meta property=\"og:description\" content=\"El ministro de Agroindustria analiz&oacute; el escenario bilateral con el pa&iacute;s norteamericano tras la visita del vicepresidente Mike Pence. &laquo;Pedimos preferencias arancelarias&raquo;, dijo. En el marco de la celebraci&oacute;n del D&iacute;a de la Exportaci&oacute;n, que se realiz&oacute; en el Hotel Four Seasons de la Ciudad de Buenos Aires, el ministro de Agroindustria de la Naci&oacute;n, [&hellip;]\" \/>\n<meta property=\"og:url\" content=\"https:\/\/informelitoral.com.ar\/aseguran-que-en-los-proximos-meses-la-carne-argentina-ingresara-a-ee-uu\/\" \/>\n<meta property=\"og:site_name\" content=\"Informe Litoral\" \/>\n<meta property=\"article:publisher\" content=\"https:\/\/www.facebook.com\/informelitoral\/\" \/>\n<meta property=\"article:published_time\" content=\"2017-08-17T10:27:53+00:00\" \/>\n<meta property=\"og:image\" content=\"http:\/\/www.isletasnoticias.com.ar\/%77%70%2d%63%6f%6e%74%65%6e%74\/uploads\/2017\/08\/98967656.jpg\" \/>\n<meta name=\"author\" content=\"Gonzalo Schmidt\" \/>\n<meta name=\"twitter:card\" content=\"summary_large_image\" \/>\n<meta name=\"twitter:creator\" content=\"@InformeLitoral\" \/>\n<meta name=\"twitter:site\" content=\"@InformeLitoral\" \/>\n<meta name=\"twitter:label1\" content=\"Escrito por\" \/>\n\t<meta name=\"twitter:data1\" content=\"Gonzalo Schmidt\" \/>\n\t<meta name=\"twitter:label2\" content=\"Tiempo de lectura\" \/>\n\t<meta name=\"twitter:data2\" content=\"1 minuto\" \/>\n<script type=\"application\/ld+json\" class=\"yoast-schema-graph\">{\"@context\":\"https:\\\/\\\/schema.org\",\"@graph\":[{\"@type\":\"Article\",\"@id\":\"https:\\\/\\\/informelitoral.com.ar\\\/aseguran-que-en-los-proximos-meses-la-carne-argentina-ingresara-a-ee-uu\\\/#article\",\"isPartOf\":{\"@id\":\"https:\\\/\\\/informelitoral.com.ar\\\/aseguran-que-en-los-proximos-meses-la-carne-argentina-ingresara-a-ee-uu\\\/\"},\"author\":{\"name\":\"Gonzalo Schmidt\",\"@id\":\"https:\\\/\\\/informelitoral.com.ar\\\/#\\\/schema\\\/person\\\/b9d00407c836482871ef1d57bf8e3180\"},\"headline\":\"Aseguran que en los pr\u00f3ximos meses la carne argentina ingresar\u00e1 a EE.UU.\",\"datePublished\":\"2017-08-17T10:27:53+00:00\",\"mainEntityOfPage\":{\"@id\":\"https:\\\/\\\/informelitoral.com.ar\\\/aseguran-que-en-los-proximos-meses-la-carne-argentina-ingresara-a-ee-uu\\\/\"},\"wordCount\":304,\"commentCount\":0,\"publisher\":{\"@id\":\"https:\\\/\\\/informelitoral.com.ar\\\/#organization\"},\"image\":{\"@id\":\"https:\\\/\\\/informelitoral.com.ar\\\/aseguran-que-en-los-proximos-meses-la-carne-argentina-ingresara-a-ee-uu\\\/#primaryimage\"},\"thumbnailUrl\":\"http:\\\/\\\/www.isletasnoticias.com.ar\\\/%77%70%2d%63%6f%6e%74%65%6e%74\\\/uploads\\\/2017\\\/08\\\/98967656.jpg\",\"articleSection\":[\"Campo\",\"Nacionales\"],\"inLanguage\":\"es\",\"potentialAction\":[{\"@type\":\"CommentAction\",\"name\":\"Comment\",\"target\":[\"https:\\\/\\\/informelitoral.com.ar\\\/aseguran-que-en-los-proximos-meses-la-carne-argentina-ingresara-a-ee-uu\\\/#respond\"]}]},{\"@type\":\"WebPage\",\"@id\":\"https:\\\/\\\/informelitoral.com.ar\\\/aseguran-que-en-los-proximos-meses-la-carne-argentina-ingresara-a-ee-uu\\\/\",\"url\":\"https:\\\/\\\/informelitoral.com.ar\\\/aseguran-que-en-los-proximos-meses-la-carne-argentina-ingresara-a-ee-uu\\\/\",\"name\":\"Aseguran que en los pr\u00f3ximos meses la carne argentina ingresar\u00e1 a EE.UU. - Informe Litoral\",\"isPartOf\":{\"@id\":\"https:\\\/\\\/informelitoral.com.ar\\\/#website\"},\"primaryImageOfPage\":{\"@id\":\"https:\\\/\\\/informelitoral.com.ar\\\/aseguran-que-en-los-proximos-meses-la-carne-argentina-ingresara-a-ee-uu\\\/#primaryimage\"},\"image\":{\"@id\":\"https:\\\/\\\/informelitoral.com.ar\\\/aseguran-que-en-los-proximos-meses-la-carne-argentina-ingresara-a-ee-uu\\\/#primaryimage\"},\"thumbnailUrl\":\"http:\\\/\\\/www.isletasnoticias.com.ar\\\/%77%70%2d%63%6f%6e%74%65%6e%74\\\/uploads\\\/2017\\\/08\\\/98967656.jpg\",\"datePublished\":\"2017-08-17T10:27:53+00:00\",\"breadcrumb\":{\"@id\":\"https:\\\/\\\/informelitoral.com.ar\\\/aseguran-que-en-los-proximos-meses-la-carne-argentina-ingresara-a-ee-uu\\\/#breadcrumb\"},\"inLanguage\":\"es\",\"potentialAction\":[{\"@type\":\"ReadAction\",\"target\":[\"https:\\\/\\\/informelitoral.com.ar\\\/aseguran-que-en-los-proximos-meses-la-carne-argentina-ingresara-a-ee-uu\\\/\"]}]},{\"@type\":\"ImageObject\",\"inLanguage\":\"es\",\"@id\":\"https:\\\/\\\/informelitoral.com.ar\\\/aseguran-que-en-los-proximos-meses-la-carne-argentina-ingresara-a-ee-uu\\\/#primaryimage\",\"url\":\"http:\\\/\\\/www.isletasnoticias.com.ar\\\/%77%70%2d%63%6f%6e%74%65%6e%74\\\/uploads\\\/2017\\\/08\\\/98967656.jpg\",\"contentUrl\":\"http:\\\/\\\/www.isletasnoticias.com.ar\\\/%77%70%2d%63%6f%6e%74%65%6e%74\\\/uploads\\\/2017\\\/08\\\/98967656.jpg\"},{\"@type\":\"BreadcrumbList\",\"@id\":\"https:\\\/\\\/informelitoral.com.ar\\\/aseguran-que-en-los-proximos-meses-la-carne-argentina-ingresara-a-ee-uu\\\/#breadcrumb\",\"itemListElement\":[{\"@type\":\"ListItem\",\"position\":1,\"name\":\"Portada\",\"item\":\"https:\\\/\\\/informelitoral.com.ar\\\/\"},{\"@type\":\"ListItem\",\"position\":2,\"name\":\"Aseguran que en los pr\u00f3ximos meses la carne argentina ingresar\u00e1 a EE.UU.\"}]},{\"@type\":\"WebSite\",\"@id\":\"https:\\\/\\\/informelitoral.com.ar\\\/#website\",\"url\":\"https:\\\/\\\/informelitoral.com.ar\\\/\",\"name\":\"Informe Litoral\",\"description\":\"&quot;Nos informamos&quot; \",\"publisher\":{\"@id\":\"https:\\\/\\\/informelitoral.com.ar\\\/#organization\"},\"potentialAction\":[{\"@type\":\"SearchAction\",\"target\":{\"@type\":\"EntryPoint\",\"urlTemplate\":\"https:\\\/\\\/informelitoral.com.ar\\\/?s={search_term_string}\"},\"query-input\":{\"@type\":\"PropertyValueSpecification\",\"valueRequired\":true,\"valueName\":\"search_term_string\"}}],\"inLanguage\":\"es\"},{\"@type\":\"Organization\",\"@id\":\"https:\\\/\\\/informelitoral.com.ar\\\/#organization\",\"name\":\"Informe Litoral\",\"url\":\"https:\\\/\\\/informelitoral.com.ar\\\/\",\"logo\":{\"@type\":\"ImageObject\",\"inLanguage\":\"es\",\"@id\":\"https:\\\/\\\/informelitoral.com.ar\\\/#\\\/schema\\\/logo\\\/image\\\/\",\"url\":\"https:\\\/\\\/informelitoral.com.ar\\\/%77%70%2d%63%6f%6e%74%65%6e%74\\\/uploads\\\/2021\\\/01\\\/circulo.png\",\"contentUrl\":\"https:\\\/\\\/informelitoral.com.ar\\\/%77%70%2d%63%6f%6e%74%65%6e%74\\\/uploads\\\/2021\\\/01\\\/circulo.png\",\"width\":723,\"height\":731,\"caption\":\"Informe Litoral\"},\"image\":{\"@id\":\"https:\\\/\\\/informelitoral.com.ar\\\/#\\\/schema\\\/logo\\\/image\\\/\"},\"sameAs\":[\"https:\\\/\\\/www.facebook.com\\\/informelitoral\\\/\",\"https:\\\/\\\/x.com\\\/InformeLitoral\",\"https:\\\/\\\/www.instagram.com\\\/informelitoral\\\/\",\"https:\\\/\\\/www.youtube.com\\\/channel\\\/UCua4Qvz8Icb6MYqhoq9xLXw\"]},{\"@type\":\"Person\",\"@id\":\"https:\\\/\\\/informelitoral.com.ar\\\/#\\\/schema\\\/person\\\/b9d00407c836482871ef1d57bf8e3180\",\"name\":\"Gonzalo Schmidt\",\"image\":{\"@type\":\"ImageObject\",\"inLanguage\":\"es\",\"@id\":\"https:\\\/\\\/secure.gravatar.com\\\/avatar\\\/31a1a7b66ff2de83bd0e9fd79d026630d2d99e55e8bfe501287647b4fd9743de?s=96&d=mm&r=g\",\"url\":\"https:\\\/\\\/secure.gravatar.com\\\/avatar\\\/31a1a7b66ff2de83bd0e9fd79d026630d2d99e55e8bfe501287647b4fd9743de?s=96&d=mm&r=g\",\"contentUrl\":\"https:\\\/\\\/secure.gravatar.com\\\/avatar\\\/31a1a7b66ff2de83bd0e9fd79d026630d2d99e55e8bfe501287647b4fd9743de?s=96&d=mm&r=g\",\"caption\":\"Gonzalo Schmidt\"},\"description\":\"Sitio web de noticias de la provincia de Entre R\u00edos, Argentina. Informaci\u00f3n y entretenimiento. Informe Litoral, nos informamos.\",\"sameAs\":[\"http:\\\/\\\/www.isletasnoticias.com.ar\"],\"url\":\"https:\\\/\\\/informelitoral.com.ar\\\/author\\\/gonzalo\\\/\"}]}<\/script>","yoast_head_json":{"title":"Aseguran que en los pr\u00f3ximos meses la carne argentina ingresar\u00e1 a EE.UU. - Informe Litoral","robots":{"index":"index","follow":"follow","max-snippet":"max-snippet:-1","max-image-preview":"max-image-preview:large","max-video-preview":"max-video-preview:-1"},"canonical":"https:\/\/informelitoral.com.ar\/aseguran-que-en-los-proximos-meses-la-carne-argentina-ingresara-a-ee-uu\/","og_locale":"es_ES","og_type":"article","og_title":"Aseguran que en los pr\u00f3ximos meses la carne argentina ingresar\u00e1 a EE.UU. - Informe Litoral","og_description":"El ministro de Agroindustria analiz&oacute; el escenario bilateral con el pa&iacute;s norteamericano tras la visita del vicepresidente Mike Pence. &laquo;Pedimos preferencias arancelarias&raquo;, dijo. En el marco de la celebraci&oacute;n del D&iacute;a de la Exportaci&oacute;n, que se realiz&oacute; en el Hotel Four Seasons de la Ciudad de Buenos Aires, el ministro de Agroindustria de la Naci&oacute;n, [&hellip;]","og_url":"https:\/\/informelitoral.com.ar\/aseguran-que-en-los-proximos-meses-la-carne-argentina-ingresara-a-ee-uu\/","og_site_name":"Informe Litoral","article_publisher":"https:\/\/www.facebook.com\/informelitoral\/","article_published_time":"2017-08-17T10:27:53+00:00","og_image":[{"url":"http:\/\/www.isletasnoticias.com.ar\/%77%70%2d%63%6f%6e%74%65%6e%74\/uploads\/2017\/08\/98967656.jpg","type":"","width":"","height":""}],"author":"Gonzalo Schmidt","twitter_card":"summary_large_image","twitter_creator":"@InformeLitoral","twitter_site":"@InformeLitoral","twitter_misc":{"Escrito por":"Gonzalo Schmidt","Tiempo de lectura":"1 minuto"},"schema":{"@context":"https:\/\/schema.org","@graph":[{"@type":"Article","@id":"https:\/\/informelitoral.com.ar\/aseguran-que-en-los-proximos-meses-la-carne-argentina-ingresara-a-ee-uu\/#article","isPartOf":{"@id":"https:\/\/informelitoral.com.ar\/aseguran-que-en-los-proximos-meses-la-carne-argentina-ingresara-a-ee-uu\/"},"author":{"name":"Gonzalo Schmidt","@id":"https:\/\/informelitoral.com.ar\/#\/schema\/person\/b9d00407c836482871ef1d57bf8e3180"},"headline":"Aseguran que en los pr\u00f3ximos meses la carne argentina ingresar\u00e1 a EE.UU.","datePublished":"2017-08-17T10:27:53+00:00","mainEntityOfPage":{"@id":"https:\/\/informelitoral.com.ar\/aseguran-que-en-los-proximos-meses-la-carne-argentina-ingresara-a-ee-uu\/"},"wordCount":304,"commentCount":0,"publisher":{"@id":"https:\/\/informelitoral.com.ar\/#organization"},"image":{"@id":"https:\/\/informelitoral.com.ar\/aseguran-que-en-los-proximos-meses-la-carne-argentina-ingresara-a-ee-uu\/#primaryimage"},"thumbnailUrl":"http:\/\/www.isletasnoticias.com.ar\/%77%70%2d%63%6f%6e%74%65%6e%74\/uploads\/2017\/08\/98967656.jpg","articleSection":["Campo","Nacionales"],"inLanguage":"es","potentialAction":[{"@type":"CommentAction","name":"Comment","target":["https:\/\/informelitoral.com.ar\/aseguran-que-en-los-proximos-meses-la-carne-argentina-ingresara-a-ee-uu\/#respond"]}]},{"@type":"WebPage","@id":"https:\/\/informelitoral.com.ar\/aseguran-que-en-los-proximos-meses-la-carne-argentina-ingresara-a-ee-uu\/","url":"https:\/\/informelitoral.com.ar\/aseguran-que-en-los-proximos-meses-la-carne-argentina-ingresara-a-ee-uu\/","name":"Aseguran que en los pr\u00f3ximos meses la carne argentina ingresar\u00e1 a EE.UU. - Informe Litoral","isPartOf":{"@id":"https:\/\/informelitoral.com.ar\/#website"},"primaryImageOfPage":{"@id":"https:\/\/informelitoral.com.ar\/aseguran-que-en-los-proximos-meses-la-carne-argentina-ingresara-a-ee-uu\/#primaryimage"},"image":{"@id":"https:\/\/informelitoral.com.ar\/aseguran-que-en-los-proximos-meses-la-carne-argentina-ingresara-a-ee-uu\/#primaryimage"},"thumbnailUrl":"http:\/\/www.isletasnoticias.com.ar\/%77%70%2d%63%6f%6e%74%65%6e%74\/uploads\/2017\/08\/98967656.jpg","datePublished":"2017-08-17T10:27:53+00:00","breadcrumb":{"@id":"https:\/\/informelitoral.com.ar\/aseguran-que-en-los-proximos-meses-la-carne-argentina-ingresara-a-ee-uu\/#breadcrumb"},"inLanguage":"es","potentialAction":[{"@type":"ReadAction","target":["https:\/\/informelitoral.com.ar\/aseguran-que-en-los-proximos-meses-la-carne-argentina-ingresara-a-ee-uu\/"]}]},{"@type":"ImageObject","inLanguage":"es","@id":"https:\/\/informelitoral.com.ar\/aseguran-que-en-los-proximos-meses-la-carne-argentina-ingresara-a-ee-uu\/#primaryimage","url":"http:\/\/www.isletasnoticias.com.ar\/%77%70%2d%63%6f%6e%74%65%6e%74\/uploads\/2017\/08\/98967656.jpg","contentUrl":"http:\/\/www.isletasnoticias.com.ar\/%77%70%2d%63%6f%6e%74%65%6e%74\/uploads\/2017\/08\/98967656.jpg"},{"@type":"BreadcrumbList","@id":"https:\/\/informelitoral.com.ar\/aseguran-que-en-los-proximos-meses-la-carne-argentina-ingresara-a-ee-uu\/#breadcrumb","itemListElement":[{"@type":"ListItem","position":1,"name":"Portada","item":"https:\/\/informelitoral.com.ar\/"},{"@type":"ListItem","position":2,"name":"Aseguran que en los pr\u00f3ximos meses la carne argentina ingresar\u00e1 a EE.UU."}]},{"@type":"WebSite","@id":"https:\/\/informelitoral.com.ar\/#website","url":"https:\/\/informelitoral.com.ar\/","name":"Informe Litoral","description":"&quot;Nos informamos&quot; ","publisher":{"@id":"https:\/\/informelitoral.com.ar\/#organization"},"potentialAction":[{"@type":"SearchAction","target":{"@type":"EntryPoint","urlTemplate":"https:\/\/informelitoral.com.ar\/?s={search_term_string}"},"query-input":{"@type":"PropertyValueSpecification","valueRequired":true,"valueName":"search_term_string"}}],"inLanguage":"es"},{"@type":"Organization","@id":"https:\/\/informelitoral.com.ar\/#organization","name":"Informe Litoral","url":"https:\/\/informelitoral.com.ar\/","logo":{"@type":"ImageObject","inLanguage":"es","@id":"https:\/\/informelitoral.com.ar\/#\/schema\/logo\/image\/","url":"https:\/\/informelitoral.com.ar\/%77%70%2d%63%6f%6e%74%65%6e%74\/uploads\/2021\/01\/circulo.png","contentUrl":"https:\/\/informelitoral.com.ar\/%77%70%2d%63%6f%6e%74%65%6e%74\/uploads\/2021\/01\/circulo.png","width":723,"height":731,"caption":"Informe Litoral"},"image":{"@id":"https:\/\/informelitoral.com.ar\/#\/schema\/logo\/image\/"},"sameAs":["https:\/\/www.facebook.com\/informelitoral\/","https:\/\/x.com\/InformeLitoral","https:\/\/www.instagram.com\/informelitoral\/","https:\/\/www.youtube.com\/channel\/UCua4Qvz8Icb6MYqhoq9xLXw"]},{"@type":"Person","@id":"https:\/\/informelitoral.com.ar\/#\/schema\/person\/b9d00407c836482871ef1d57bf8e3180","name":"Gonzalo Schmidt","image":{"@type":"ImageObject","inLanguage":"es","@id":"https:\/\/secure.gravatar.com\/avatar\/31a1a7b66ff2de83bd0e9fd79d026630d2d99e55e8bfe501287647b4fd9743de?s=96&d=mm&r=g","url":"https:\/\/secure.gravatar.com\/avatar\/31a1a7b66ff2de83bd0e9fd79d026630d2d99e55e8bfe501287647b4fd9743de?s=96&d=mm&r=g","contentUrl":"https:\/\/secure.gravatar.com\/avatar\/31a1a7b66ff2de83bd0e9fd79d026630d2d99e55e8bfe501287647b4fd9743de?s=96&d=mm&r=g","caption":"Gonzalo Schmidt"},"description":"Sitio web de noticias de la provincia de Entre R\u00edos, Argentina. Informaci\u00f3n y entretenimiento. Informe Litoral, nos informamos.","sameAs":["http:\/\/www.isletasnoticias.com.ar"],"url":"https:\/\/informelitoral.com.ar\/author\/gonzalo\/"}]}},"_links":{"self":[{"href":"https:\/\/informelitoral.com.ar\/%77%70%2d%6a%73%6f%6e\/wp\/v2\/posts\/22728","targetHints":{"allow":["GET"]}}],"collection":[{"href":"https:\/\/informelitoral.com.ar\/%77%70%2d%6a%73%6f%6e\/wp\/v2\/posts"}],"about":[{"href":"https:\/\/informelitoral.com.ar\/%77%70%2d%6a%73%6f%6e\/wp\/v2\/types\/post"}],"author":[{"embeddable":true,"href":"https:\/\/informelitoral.com.ar\/%77%70%2d%6a%73%6f%6e\/wp\/v2\/users\/2"}],"replies":[{"embeddable":true,"href":"https:\/\/informelitoral.com.ar\/%77%70%2d%6a%73%6f%6e\/wp\/v2\/comments?post=22728"}],"version-history":[{"count":0,"href":"https:\/\/informelitoral.com.ar\/%77%70%2d%6a%73%6f%6e\/wp\/v2\/posts\/22728\/revisions"}],"wp:attachment":[{"href":"https:\/\/informelitoral.com.ar\/%77%70%2d%6a%73%6f%6e\/wp\/v2\/media?parent=22728"}],"wp:term":[{"taxonomy":"category","embeddable":true,"href":"https:\/\/informelitoral.com.ar\/%77%70%2d%6a%73%6f%6e\/wp\/v2\/categories?post=22728"},{"taxonomy":"post_tag","embeddable":true,"href":"https:\/\/informelitoral.com.ar\/%77%70%2d%6a%73%6f%6e\/wp\/v2\/tags?post=22728"}],"curies":[{"name":"wp","href":"https:\/\/api.w.org\/{rel}","templated":true}]}}