{"id":22723,"date":"2017-08-16T17:38:30","date_gmt":"2017-08-16T20:38:30","guid":{"rendered":"http:\/\/www.isletasnoticias.com.ar\/?p=22723"},"modified":"2017-08-16T17:44:44","modified_gmt":"2017-08-16T20:44:44","slug":"isletas-impulsan-un-proyecto-de-educacion-ambiental","status":"publish","type":"post","link":"https:\/\/informelitoral.com.ar\/isletas-impulsan-un-proyecto-de-educacion-ambiental\/","title":{"rendered":"Isletas: impulsan un Proyecto de Educaci\u00f3n Ambiental"},"content":{"rendered":"<p><strong>Con el nombre de <em>Huella Verde,<\/em> buscan la adopci\u00f3n de comportamientos comprometidos con la valoraci\u00f3n del entorno natural. La iniciativa es impulsada desde la Junta de Gobierno de esta localidad del departamento Diamante.<\/strong><br \/>\n<a href=\"http:\/\/www.isletasnoticias.com.ar\/%77%70%2d%63%6f%6e%74%65%6e%74\/uploads\/2017\/08\/20525481_1958655947703020_4247609824083152428_n.jpg\"><img loading=\"lazy\" decoding=\"async\" class=\"aligncenter wp-image-22724 size-full\" src=\"http:\/\/www.isletasnoticias.com.ar\/%77%70%2d%63%6f%6e%74%65%6e%74\/uploads\/2017\/08\/20525481_1958655947703020_4247609824083152428_n.jpg\" alt=\"\" width=\"471\" height=\"281\" srcset=\"https:\/\/informelitoral.com.ar\/%77%70%2d%63%6f%6e%74%65%6e%74\/uploads\/2017\/08\/20525481_1958655947703020_4247609824083152428_n.jpg 471w, https:\/\/informelitoral.com.ar\/%77%70%2d%63%6f%6e%74%65%6e%74\/uploads\/2017\/08\/20525481_1958655947703020_4247609824083152428_n-300x179.jpg 300w\" sizes=\"auto, (max-width: 471px) 100vw, 471px\" \/><\/a><\/p>\n<p><em>\u00abDebemos ser conscientes de que el futuro de nuestro planeta nos ata\u00f1e a todos.\u00a0<\/em><br \/>\n<em>Cada uno de nosotros puede hacer algo \u00fatil para conservar nuestro mundo\u00bb, <\/em>aseguraron desde la Junta de Gobierno de Isletas.<\/p>\n<p><strong>\u00bfQu\u00e9 es Huella Verde?<\/strong><\/p>\n<div class=\"text_exposed_show\">\n<p><em><strong>Huella Verde \u00ab<\/strong><\/em>es un proyecto de Educaci\u00f3n Ambiental impulsado por la Junta de Gobierno, a trav\u00e9s de la Comisi\u00f3n de Ambiente y Desarrollo Sustentable, que apunta a dar el primer paso en la acci\u00f3n comprometida con la mejora de nuestro pueblo, sentando as\u00ed las bases para la proyecci\u00f3n de valores de respeto por la naturaleza\u00bb.<\/p>\n<p>Esta iniciativa, busca contribuir de forma eficaz al <strong>mantenimiento y adopci\u00f3n de comportamientos comprometidos con la valoraci\u00f3n del entorno natural mediante propuestas como: abordar la problem\u00e1tica de la basura en los cauces de agua naturales, reconocer la importancia de la plantaci\u00f3n de \u00e1rboles para el planeta y considerar la necesidad de reciclar materiales, entre otras.<\/strong><\/p>\n<p>Desde la Junta de Gobierno agradecen a \u00abtodas las personas que han trabajado y est\u00e1n llevando adelante este proyecto, y especialmente a todas las escuelas del Distrito por su compromiso e involucramiento\u00bb.<a href=\"http:\/\/www.isletasnoticias.com.ar\/%77%70%2d%63%6f%6e%74%65%6e%74\/uploads\/2017\/08\/Cooperativa-Quebracho1-300x211.jpg\"><img loading=\"lazy\" decoding=\"async\" class=\"size-medium wp-image-22726 aligncenter\" src=\"http:\/\/www.isletasnoticias.com.ar\/%77%70%2d%63%6f%6e%74%65%6e%74\/uploads\/2017\/08\/Cooperativa-Quebracho1-300x211-300x211.jpg\" alt=\"\" width=\"300\" height=\"211\" \/><\/a><\/p>\n<\/div>\n","protected":false},"excerpt":{"rendered":"<p>Con el nombre de Huella Verde, buscan la adopci&oacute;n de comportamientos comprometidos con la valoraci&oacute;n del entorno natural. La iniciativa es impulsada desde la Junta de Gobierno de esta localidad del departamento Diamante. &laquo;Debemos ser conscientes de que el futuro de nuestro planeta nos ata&ntilde;e a todos.&nbsp; Cada uno de nosotros puede hacer algo &uacute;til [&hellip;]<\/p>\n","protected":false},"author":2,"featured_media":0,"comment_status":"open","ping_status":"open","sticky":false,"template":"","format":"standard","meta":{"fifu_image_url":"","fifu_image_alt":"","footnotes":""},"categories":[4],"tags":[],"class_list":{"0":"post-22723","1":"post","2":"type-post","3":"status-publish","4":"format-standard","6":"category-locales"},"yoast_head":"<title>Isletas: impulsan un Proyecto de Educaci\u00f3n Ambiental - Informe Litoral<\/title>\n<meta name=\"robots\" content=\"index, follow, max-snippet:-1, max-image-preview:large, max-video-preview:-1\" \/>\n<link rel=\"canonical\" href=\"https:\/\/informelitoral.com.ar\/isletas-impulsan-un-proyecto-de-educacion-ambiental\/\" \/>\n<meta property=\"og:locale\" content=\"es_ES\" \/>\n<meta property=\"og:type\" content=\"article\" \/>\n<meta property=\"og:title\" content=\"Isletas: impulsan un Proyecto de Educaci\u00f3n Ambiental - Informe Litoral\" \/>\n<meta property=\"og:description\" content=\"Con el nombre de Huella Verde, buscan la adopci&oacute;n de comportamientos comprometidos con la valoraci&oacute;n del entorno natural. La iniciativa es impulsada desde la Junta de Gobierno de esta localidad del departamento Diamante. &laquo;Debemos ser conscientes de que el futuro de nuestro planeta nos ata&ntilde;e a todos.&nbsp; Cada uno de nosotros puede hacer algo &uacute;til [&hellip;]\" \/>\n<meta property=\"og:url\" content=\"https:\/\/informelitoral.com.ar\/isletas-impulsan-un-proyecto-de-educacion-ambiental\/\" \/>\n<meta property=\"og:site_name\" content=\"Informe Litoral\" \/>\n<meta property=\"article:publisher\" content=\"https:\/\/www.facebook.com\/informelitoral\/\" \/>\n<meta property=\"article:published_time\" content=\"2017-08-16T20:38:30+00:00\" \/>\n<meta property=\"article:modified_time\" content=\"2017-08-16T20:44:44+00:00\" \/>\n<meta property=\"og:image\" content=\"https:\/\/informelitoral.com.ar\/%77%70%2d%63%6f%6e%74%65%6e%74\/uploads\/2017\/08\/20525481_1958655947703020_4247609824083152428_n.jpg\" \/>\n\t<meta property=\"og:image:width\" content=\"471\" \/>\n\t<meta property=\"og:image:height\" content=\"281\" \/>\n\t<meta property=\"og:image:type\" content=\"image\/jpeg\" \/>\n<meta name=\"author\" content=\"Gonzalo Schmidt\" \/>\n<meta name=\"twitter:card\" content=\"summary_large_image\" \/>\n<meta name=\"twitter:creator\" content=\"@InformeLitoral\" \/>\n<meta name=\"twitter:site\" content=\"@InformeLitoral\" \/>\n<meta name=\"twitter:label1\" content=\"Escrito por\" \/>\n\t<meta name=\"twitter:data1\" content=\"Gonzalo Schmidt\" \/>\n\t<meta name=\"twitter:label2\" content=\"Tiempo de lectura\" \/>\n\t<meta name=\"twitter:data2\" content=\"1 minuto\" \/>\n<script type=\"application\/ld+json\" class=\"yoast-schema-graph\">{\"@context\":\"https:\\\/\\\/schema.org\",\"@graph\":[{\"@type\":\"Article\",\"@id\":\"https:\\\/\\\/informelitoral.com.ar\\\/isletas-impulsan-un-proyecto-de-educacion-ambiental\\\/#article\",\"isPartOf\":{\"@id\":\"https:\\\/\\\/informelitoral.com.ar\\\/isletas-impulsan-un-proyecto-de-educacion-ambiental\\\/\"},\"author\":{\"name\":\"Gonzalo Schmidt\",\"@id\":\"https:\\\/\\\/informelitoral.com.ar\\\/#\\\/schema\\\/person\\\/b9d00407c836482871ef1d57bf8e3180\"},\"headline\":\"Isletas: impulsan un Proyecto de Educaci\u00f3n Ambiental\",\"datePublished\":\"2017-08-16T20:38:30+00:00\",\"dateModified\":\"2017-08-16T20:44:44+00:00\",\"mainEntityOfPage\":{\"@id\":\"https:\\\/\\\/informelitoral.com.ar\\\/isletas-impulsan-un-proyecto-de-educacion-ambiental\\\/\"},\"wordCount\":234,\"commentCount\":0,\"publisher\":{\"@id\":\"https:\\\/\\\/informelitoral.com.ar\\\/#organization\"},\"image\":{\"@id\":\"https:\\\/\\\/informelitoral.com.ar\\\/isletas-impulsan-un-proyecto-de-educacion-ambiental\\\/#primaryimage\"},\"thumbnailUrl\":\"http:\\\/\\\/www.isletasnoticias.com.ar\\\/%77%70%2d%63%6f%6e%74%65%6e%74\\\/uploads\\\/2017\\\/08\\\/20525481_1958655947703020_4247609824083152428_n.jpg\",\"articleSection\":[\"Isletas\"],\"inLanguage\":\"es\",\"potentialAction\":[{\"@type\":\"CommentAction\",\"name\":\"Comment\",\"target\":[\"https:\\\/\\\/informelitoral.com.ar\\\/isletas-impulsan-un-proyecto-de-educacion-ambiental\\\/#respond\"]}]},{\"@type\":\"WebPage\",\"@id\":\"https:\\\/\\\/informelitoral.com.ar\\\/isletas-impulsan-un-proyecto-de-educacion-ambiental\\\/\",\"url\":\"https:\\\/\\\/informelitoral.com.ar\\\/isletas-impulsan-un-proyecto-de-educacion-ambiental\\\/\",\"name\":\"Isletas: impulsan un Proyecto de Educaci\u00f3n Ambiental - Informe Litoral\",\"isPartOf\":{\"@id\":\"https:\\\/\\\/informelitoral.com.ar\\\/#website\"},\"primaryImageOfPage\":{\"@id\":\"https:\\\/\\\/informelitoral.com.ar\\\/isletas-impulsan-un-proyecto-de-educacion-ambiental\\\/#primaryimage\"},\"image\":{\"@id\":\"https:\\\/\\\/informelitoral.com.ar\\\/isletas-impulsan-un-proyecto-de-educacion-ambiental\\\/#primaryimage\"},\"thumbnailUrl\":\"http:\\\/\\\/www.isletasnoticias.com.ar\\\/%77%70%2d%63%6f%6e%74%65%6e%74\\\/uploads\\\/2017\\\/08\\\/20525481_1958655947703020_4247609824083152428_n.jpg\",\"datePublished\":\"2017-08-16T20:38:30+00:00\",\"dateModified\":\"2017-08-16T20:44:44+00:00\",\"breadcrumb\":{\"@id\":\"https:\\\/\\\/informelitoral.com.ar\\\/isletas-impulsan-un-proyecto-de-educacion-ambiental\\\/#breadcrumb\"},\"inLanguage\":\"es\",\"potentialAction\":[{\"@type\":\"ReadAction\",\"target\":[\"https:\\\/\\\/informelitoral.com.ar\\\/isletas-impulsan-un-proyecto-de-educacion-ambiental\\\/\"]}]},{\"@type\":\"ImageObject\",\"inLanguage\":\"es\",\"@id\":\"https:\\\/\\\/informelitoral.com.ar\\\/isletas-impulsan-un-proyecto-de-educacion-ambiental\\\/#primaryimage\",\"url\":\"http:\\\/\\\/www.isletasnoticias.com.ar\\\/%77%70%2d%63%6f%6e%74%65%6e%74\\\/uploads\\\/2017\\\/08\\\/20525481_1958655947703020_4247609824083152428_n.jpg\",\"contentUrl\":\"http:\\\/\\\/www.isletasnoticias.com.ar\\\/%77%70%2d%63%6f%6e%74%65%6e%74\\\/uploads\\\/2017\\\/08\\\/20525481_1958655947703020_4247609824083152428_n.jpg\"},{\"@type\":\"BreadcrumbList\",\"@id\":\"https:\\\/\\\/informelitoral.com.ar\\\/isletas-impulsan-un-proyecto-de-educacion-ambiental\\\/#breadcrumb\",\"itemListElement\":[{\"@type\":\"ListItem\",\"position\":1,\"name\":\"Portada\",\"item\":\"https:\\\/\\\/informelitoral.com.ar\\\/\"},{\"@type\":\"ListItem\",\"position\":2,\"name\":\"Isletas: impulsan un Proyecto de Educaci\u00f3n Ambiental\"}]},{\"@type\":\"WebSite\",\"@id\":\"https:\\\/\\\/informelitoral.com.ar\\\/#website\",\"url\":\"https:\\\/\\\/informelitoral.com.ar\\\/\",\"name\":\"Informe Litoral\",\"description\":\"&quot;Nos informamos&quot; \",\"publisher\":{\"@id\":\"https:\\\/\\\/informelitoral.com.ar\\\/#organization\"},\"potentialAction\":[{\"@type\":\"SearchAction\",\"target\":{\"@type\":\"EntryPoint\",\"urlTemplate\":\"https:\\\/\\\/informelitoral.com.ar\\\/?s={search_term_string}\"},\"query-input\":{\"@type\":\"PropertyValueSpecification\",\"valueRequired\":true,\"valueName\":\"search_term_string\"}}],\"inLanguage\":\"es\"},{\"@type\":\"Organization\",\"@id\":\"https:\\\/\\\/informelitoral.com.ar\\\/#organization\",\"name\":\"Informe Litoral\",\"url\":\"https:\\\/\\\/informelitoral.com.ar\\\/\",\"logo\":{\"@type\":\"ImageObject\",\"inLanguage\":\"es\",\"@id\":\"https:\\\/\\\/informelitoral.com.ar\\\/#\\\/schema\\\/logo\\\/image\\\/\",\"url\":\"https:\\\/\\\/informelitoral.com.ar\\\/%77%70%2d%63%6f%6e%74%65%6e%74\\\/uploads\\\/2021\\\/01\\\/circulo.png\",\"contentUrl\":\"https:\\\/\\\/informelitoral.com.ar\\\/%77%70%2d%63%6f%6e%74%65%6e%74\\\/uploads\\\/2021\\\/01\\\/circulo.png\",\"width\":723,\"height\":731,\"caption\":\"Informe Litoral\"},\"image\":{\"@id\":\"https:\\\/\\\/informelitoral.com.ar\\\/#\\\/schema\\\/logo\\\/image\\\/\"},\"sameAs\":[\"https:\\\/\\\/www.facebook.com\\\/informelitoral\\\/\",\"https:\\\/\\\/x.com\\\/InformeLitoral\",\"https:\\\/\\\/www.instagram.com\\\/informelitoral\\\/\",\"https:\\\/\\\/www.youtube.com\\\/channel\\\/UCua4Qvz8Icb6MYqhoq9xLXw\"]},{\"@type\":\"Person\",\"@id\":\"https:\\\/\\\/informelitoral.com.ar\\\/#\\\/schema\\\/person\\\/b9d00407c836482871ef1d57bf8e3180\",\"name\":\"Gonzalo Schmidt\",\"image\":{\"@type\":\"ImageObject\",\"inLanguage\":\"es\",\"@id\":\"https:\\\/\\\/secure.gravatar.com\\\/avatar\\\/31a1a7b66ff2de83bd0e9fd79d026630d2d99e55e8bfe501287647b4fd9743de?s=96&d=mm&r=g\",\"url\":\"https:\\\/\\\/secure.gravatar.com\\\/avatar\\\/31a1a7b66ff2de83bd0e9fd79d026630d2d99e55e8bfe501287647b4fd9743de?s=96&d=mm&r=g\",\"contentUrl\":\"https:\\\/\\\/secure.gravatar.com\\\/avatar\\\/31a1a7b66ff2de83bd0e9fd79d026630d2d99e55e8bfe501287647b4fd9743de?s=96&d=mm&r=g\",\"caption\":\"Gonzalo Schmidt\"},\"description\":\"Sitio web de noticias de la provincia de Entre R\u00edos, Argentina. Informaci\u00f3n y entretenimiento. Informe Litoral, nos informamos.\",\"sameAs\":[\"http:\\\/\\\/www.isletasnoticias.com.ar\"],\"url\":\"https:\\\/\\\/informelitoral.com.ar\\\/author\\\/gonzalo\\\/\"}]}<\/script>","yoast_head_json":{"title":"Isletas: impulsan un Proyecto de Educaci\u00f3n Ambiental - Informe Litoral","robots":{"index":"index","follow":"follow","max-snippet":"max-snippet:-1","max-image-preview":"max-image-preview:large","max-video-preview":"max-video-preview:-1"},"canonical":"https:\/\/informelitoral.com.ar\/isletas-impulsan-un-proyecto-de-educacion-ambiental\/","og_locale":"es_ES","og_type":"article","og_title":"Isletas: impulsan un Proyecto de Educaci\u00f3n Ambiental - Informe Litoral","og_description":"Con el nombre de Huella Verde, buscan la adopci&oacute;n de comportamientos comprometidos con la valoraci&oacute;n del entorno natural. La iniciativa es impulsada desde la Junta de Gobierno de esta localidad del departamento Diamante. &laquo;Debemos ser conscientes de que el futuro de nuestro planeta nos ata&ntilde;e a todos.&nbsp; Cada uno de nosotros puede hacer algo &uacute;til [&hellip;]","og_url":"https:\/\/informelitoral.com.ar\/isletas-impulsan-un-proyecto-de-educacion-ambiental\/","og_site_name":"Informe Litoral","article_publisher":"https:\/\/www.facebook.com\/informelitoral\/","article_published_time":"2017-08-16T20:38:30+00:00","article_modified_time":"2017-08-16T20:44:44+00:00","og_image":[{"width":471,"height":281,"url":"https:\/\/informelitoral.com.ar\/%77%70%2d%63%6f%6e%74%65%6e%74\/uploads\/2017\/08\/20525481_1958655947703020_4247609824083152428_n.jpg","type":"image\/jpeg"}],"author":"Gonzalo Schmidt","twitter_card":"summary_large_image","twitter_creator":"@InformeLitoral","twitter_site":"@InformeLitoral","twitter_misc":{"Escrito por":"Gonzalo Schmidt","Tiempo de lectura":"1 minuto"},"schema":{"@context":"https:\/\/schema.org","@graph":[{"@type":"Article","@id":"https:\/\/informelitoral.com.ar\/isletas-impulsan-un-proyecto-de-educacion-ambiental\/#article","isPartOf":{"@id":"https:\/\/informelitoral.com.ar\/isletas-impulsan-un-proyecto-de-educacion-ambiental\/"},"author":{"name":"Gonzalo Schmidt","@id":"https:\/\/informelitoral.com.ar\/#\/schema\/person\/b9d00407c836482871ef1d57bf8e3180"},"headline":"Isletas: impulsan un Proyecto de Educaci\u00f3n Ambiental","datePublished":"2017-08-16T20:38:30+00:00","dateModified":"2017-08-16T20:44:44+00:00","mainEntityOfPage":{"@id":"https:\/\/informelitoral.com.ar\/isletas-impulsan-un-proyecto-de-educacion-ambiental\/"},"wordCount":234,"commentCount":0,"publisher":{"@id":"https:\/\/informelitoral.com.ar\/#organization"},"image":{"@id":"https:\/\/informelitoral.com.ar\/isletas-impulsan-un-proyecto-de-educacion-ambiental\/#primaryimage"},"thumbnailUrl":"http:\/\/www.isletasnoticias.com.ar\/%77%70%2d%63%6f%6e%74%65%6e%74\/uploads\/2017\/08\/20525481_1958655947703020_4247609824083152428_n.jpg","articleSection":["Isletas"],"inLanguage":"es","potentialAction":[{"@type":"CommentAction","name":"Comment","target":["https:\/\/informelitoral.com.ar\/isletas-impulsan-un-proyecto-de-educacion-ambiental\/#respond"]}]},{"@type":"WebPage","@id":"https:\/\/informelitoral.com.ar\/isletas-impulsan-un-proyecto-de-educacion-ambiental\/","url":"https:\/\/informelitoral.com.ar\/isletas-impulsan-un-proyecto-de-educacion-ambiental\/","name":"Isletas: impulsan un Proyecto de Educaci\u00f3n Ambiental - Informe Litoral","isPartOf":{"@id":"https:\/\/informelitoral.com.ar\/#website"},"primaryImageOfPage":{"@id":"https:\/\/informelitoral.com.ar\/isletas-impulsan-un-proyecto-de-educacion-ambiental\/#primaryimage"},"image":{"@id":"https:\/\/informelitoral.com.ar\/isletas-impulsan-un-proyecto-de-educacion-ambiental\/#primaryimage"},"thumbnailUrl":"http:\/\/www.isletasnoticias.com.ar\/%77%70%2d%63%6f%6e%74%65%6e%74\/uploads\/2017\/08\/20525481_1958655947703020_4247609824083152428_n.jpg","datePublished":"2017-08-16T20:38:30+00:00","dateModified":"2017-08-16T20:44:44+00:00","breadcrumb":{"@id":"https:\/\/informelitoral.com.ar\/isletas-impulsan-un-proyecto-de-educacion-ambiental\/#breadcrumb"},"inLanguage":"es","potentialAction":[{"@type":"ReadAction","target":["https:\/\/informelitoral.com.ar\/isletas-impulsan-un-proyecto-de-educacion-ambiental\/"]}]},{"@type":"ImageObject","inLanguage":"es","@id":"https:\/\/informelitoral.com.ar\/isletas-impulsan-un-proyecto-de-educacion-ambiental\/#primaryimage","url":"http:\/\/www.isletasnoticias.com.ar\/%77%70%2d%63%6f%6e%74%65%6e%74\/uploads\/2017\/08\/20525481_1958655947703020_4247609824083152428_n.jpg","contentUrl":"http:\/\/www.isletasnoticias.com.ar\/%77%70%2d%63%6f%6e%74%65%6e%74\/uploads\/2017\/08\/20525481_1958655947703020_4247609824083152428_n.jpg"},{"@type":"BreadcrumbList","@id":"https:\/\/informelitoral.com.ar\/isletas-impulsan-un-proyecto-de-educacion-ambiental\/#breadcrumb","itemListElement":[{"@type":"ListItem","position":1,"name":"Portada","item":"https:\/\/informelitoral.com.ar\/"},{"@type":"ListItem","position":2,"name":"Isletas: impulsan un Proyecto de Educaci\u00f3n Ambiental"}]},{"@type":"WebSite","@id":"https:\/\/informelitoral.com.ar\/#website","url":"https:\/\/informelitoral.com.ar\/","name":"Informe Litoral","description":"&quot;Nos informamos&quot; ","publisher":{"@id":"https:\/\/informelitoral.com.ar\/#organization"},"potentialAction":[{"@type":"SearchAction","target":{"@type":"EntryPoint","urlTemplate":"https:\/\/informelitoral.com.ar\/?s={search_term_string}"},"query-input":{"@type":"PropertyValueSpecification","valueRequired":true,"valueName":"search_term_string"}}],"inLanguage":"es"},{"@type":"Organization","@id":"https:\/\/informelitoral.com.ar\/#organization","name":"Informe Litoral","url":"https:\/\/informelitoral.com.ar\/","logo":{"@type":"ImageObject","inLanguage":"es","@id":"https:\/\/informelitoral.com.ar\/#\/schema\/logo\/image\/","url":"https:\/\/informelitoral.com.ar\/%77%70%2d%63%6f%6e%74%65%6e%74\/uploads\/2021\/01\/circulo.png","contentUrl":"https:\/\/informelitoral.com.ar\/%77%70%2d%63%6f%6e%74%65%6e%74\/uploads\/2021\/01\/circulo.png","width":723,"height":731,"caption":"Informe Litoral"},"image":{"@id":"https:\/\/informelitoral.com.ar\/#\/schema\/logo\/image\/"},"sameAs":["https:\/\/www.facebook.com\/informelitoral\/","https:\/\/x.com\/InformeLitoral","https:\/\/www.instagram.com\/informelitoral\/","https:\/\/www.youtube.com\/channel\/UCua4Qvz8Icb6MYqhoq9xLXw"]},{"@type":"Person","@id":"https:\/\/informelitoral.com.ar\/#\/schema\/person\/b9d00407c836482871ef1d57bf8e3180","name":"Gonzalo Schmidt","image":{"@type":"ImageObject","inLanguage":"es","@id":"https:\/\/secure.gravatar.com\/avatar\/31a1a7b66ff2de83bd0e9fd79d026630d2d99e55e8bfe501287647b4fd9743de?s=96&d=mm&r=g","url":"https:\/\/secure.gravatar.com\/avatar\/31a1a7b66ff2de83bd0e9fd79d026630d2d99e55e8bfe501287647b4fd9743de?s=96&d=mm&r=g","contentUrl":"https:\/\/secure.gravatar.com\/avatar\/31a1a7b66ff2de83bd0e9fd79d026630d2d99e55e8bfe501287647b4fd9743de?s=96&d=mm&r=g","caption":"Gonzalo Schmidt"},"description":"Sitio web de noticias de la provincia de Entre R\u00edos, Argentina. Informaci\u00f3n y entretenimiento. Informe Litoral, nos informamos.","sameAs":["http:\/\/www.isletasnoticias.com.ar"],"url":"https:\/\/informelitoral.com.ar\/author\/gonzalo\/"}]}},"_links":{"self":[{"href":"https:\/\/informelitoral.com.ar\/%77%70%2d%6a%73%6f%6e\/wp\/v2\/posts\/22723","targetHints":{"allow":["GET"]}}],"collection":[{"href":"https:\/\/informelitoral.com.ar\/%77%70%2d%6a%73%6f%6e\/wp\/v2\/posts"}],"about":[{"href":"https:\/\/informelitoral.com.ar\/%77%70%2d%6a%73%6f%6e\/wp\/v2\/types\/post"}],"author":[{"embeddable":true,"href":"https:\/\/informelitoral.com.ar\/%77%70%2d%6a%73%6f%6e\/wp\/v2\/users\/2"}],"replies":[{"embeddable":true,"href":"https:\/\/informelitoral.com.ar\/%77%70%2d%6a%73%6f%6e\/wp\/v2\/comments?post=22723"}],"version-history":[{"count":0,"href":"https:\/\/informelitoral.com.ar\/%77%70%2d%6a%73%6f%6e\/wp\/v2\/posts\/22723\/revisions"}],"wp:attachment":[{"href":"https:\/\/informelitoral.com.ar\/%77%70%2d%6a%73%6f%6e\/wp\/v2\/media?parent=22723"}],"wp:term":[{"taxonomy":"category","embeddable":true,"href":"https:\/\/informelitoral.com.ar\/%77%70%2d%6a%73%6f%6e\/wp\/v2\/categories?post=22723"},{"taxonomy":"post_tag","embeddable":true,"href":"https:\/\/informelitoral.com.ar\/%77%70%2d%6a%73%6f%6e\/wp\/v2\/tags?post=22723"}],"curies":[{"name":"wp","href":"https:\/\/api.w.org\/{rel}","templated":true}]}}