{"id":22705,"date":"2017-08-16T08:41:22","date_gmt":"2017-08-16T11:41:22","guid":{"rendered":"http:\/\/www.isletasnoticias.com.ar\/?p=22705"},"modified":"2017-08-16T08:41:22","modified_gmt":"2017-08-16T11:41:22","slug":"macri-autoriza-a-clausurar-ramales-ferroviarios-y-levantar-vias","status":"publish","type":"post","link":"https:\/\/informelitoral.com.ar\/macri-autoriza-a-clausurar-ramales-ferroviarios-y-levantar-vias\/","title":{"rendered":"Macri autoriza a \u201cclausurar ramales ferroviarios y levantar v\u00edas\u201d"},"content":{"rendered":"<div class=\"post-right\">\n<p class=\"post-excerpt\"><strong>Seg\u00fan un decreto publicado el martes en el Bolet\u00edn Oficial se delega en el ministro de Transporte la potestad de \u00ablevantar el tendido de rieles e infraestructura de sost\u00e9n\u00bb. Si bien el decreto no abunda en detalles, la medida ser\u00eda para casos puntuales como la urbanizaci\u00f3n de asentamientos.<a href=\"http:\/\/www.isletasnoticias.com.ar\/%77%70%2d%63%6f%6e%74%65%6e%74\/uploads\/2017\/08\/macri-dietrich.jpg\"><img loading=\"lazy\" decoding=\"async\" class=\"aligncenter wp-image-22706 size-large\" src=\"http:\/\/www.isletasnoticias.com.ar\/%77%70%2d%63%6f%6e%74%65%6e%74\/uploads\/2017\/08\/macri-dietrich-1024x576.jpg\" alt=\"\" width=\"600\" height=\"338\" srcset=\"https:\/\/informelitoral.com.ar\/%77%70%2d%63%6f%6e%74%65%6e%74\/uploads\/2017\/08\/macri-dietrich-1024x576.jpg 1024w, https:\/\/informelitoral.com.ar\/%77%70%2d%63%6f%6e%74%65%6e%74\/uploads\/2017\/08\/macri-dietrich-300x169.jpg 300w, https:\/\/informelitoral.com.ar\/%77%70%2d%63%6f%6e%74%65%6e%74\/uploads\/2017\/08\/macri-dietrich-768x432.jpg 768w, https:\/\/informelitoral.com.ar\/%77%70%2d%63%6f%6e%74%65%6e%74\/uploads\/2017\/08\/macri-dietrich.jpg 1360w\" sizes=\"auto, (max-width: 600px) 100vw, 600px\" \/><\/a><\/strong><\/p>\n<\/div>\n<div class=\"post-body-inner\">\n<p class=\"primero\">Durante a\u00f1os, los nost\u00e1lgicos de los ferrocarriles miraban las v\u00edas desiertas y a\u00f1oraban los sonidos de las ruedas de acero. Pues en un tiempo, ni siquiera estar\u00edan los rieles.<\/p>\n<p>Seg\u00fan lo que se dispone ayer en el\u00a0<strong>Bolet\u00edn Oficial<\/strong>, el presidente<strong>\u00a0Mauricio Macri<\/strong>\u00a0deleg\u00f3 en su ministro de Transporte,\u00a0<strong>Guillermo Dietrich<\/strong>, la posibilidad de<strong>\u00a0clausurar definitivamente un ramal y levantar el tendido de v\u00edas, rieles e infraestructura de sost\u00e9n.<\/strong><\/p>\n<p><em>\u201cDel\u00e9gase en el Ministerio de Transporte la facultad de clausurar ramales ferroviarios en forma definitiva y proceder al levantamiento de las v\u00edas y dem\u00e1s instalaciones ferroviarias<\/em>\u201c, dice textualmente el decreto publicado hoy.<\/p>\n<p>La norma dice que aquella funci\u00f3n estaba en cabeza del Poder Ejecutivo mediante el Decreto 10.300 del 19 de noviembre de 1965, aclaratorio del Decreto Ley N\u00ba 8302 del 19 de julio de 1957, que le confirio \u201cla aprobaci\u00f3n de los asuntos relativos a la refundici\u00f3n, divisi\u00f3n o redistribuci\u00f3n de las l\u00edneas ferroviarias y a la clausura definitiva de l\u00edneas, ramales, desv\u00edos o estaciones ferroviarias\u201d.<\/p>\n<p><strong>\u201cLa explicaci\u00f3n es que est\u00e1 pensado para casos como el levantamiento de v\u00edas del tren Urquiza en Lacroze para la urbanizaci\u00f3n de la villa Fraga que est\u00e1 al lado.<\/strong>\u00a0Antes se requer\u00eda de un decreto presidencial para hacerlo, ahora esa facultad se deleg\u00f3 al Ministerio de Transporte para que pudiera hacerlo directamente.\u00a0<strong>Otros casos pueden ser estaciones, o ramales que se desafecten del uso ferroviario para destinarlos a otros usos, como Procrear, espacios p\u00fablicos, o calles\u201d<\/strong>, sostuvieron desde el Ministerio de Transporte a\u00a0<em>La Naci\u00f3n.<\/em><\/p>\n<p>En ese sentido especificaron que \u201cmuchos asentamientos informales o villas que se est\u00e1n urbanizando en todo el pa\u00eds se encuentran en terrenos ferroviarios. Esto permitir\u00e1 al ministerio de transporte ser \u00e1gil a la hora de formalizar el nuevo uso de esas tierras e integrar a estas comunidades al tejido urbano\u201d.<\/p>\n<p>De acuerdo a la reglamentaci\u00f3n, los rieles, durmientes, aparatos de v\u00edas y \u201cel resto de los bienes muebles que compongan la infraestructura ferroviaria que se encuentra ubicada en el sector que se resuelva remover, quedar\u00e1n en poder de la Administraci\u00f3n Nacional de Infraestructuras Ferroviarias (ADIF)\u201d.<\/p>\n<p><strong>El decreto no abunda en detalles.<\/strong>\u00a0Tampoco establece que pasar\u00e1 con los bienes inmuebles, terrenos y tierras, que quedar\u00e1n disponibles si se levantan los rieles.<\/p>\n<\/div>\n","protected":false},"excerpt":{"rendered":"<p>Seg&uacute;n un decreto publicado el martes en el Bolet&iacute;n Oficial se delega en el ministro de Transporte la potestad de &laquo;levantar el tendido de rieles e infraestructura de sost&eacute;n&raquo;. Si bien el decreto no abunda en detalles, la medida ser&iacute;a para casos puntuales como la urbanizaci&oacute;n de asentamientos. Durante a&ntilde;os, los nost&aacute;lgicos de los ferrocarriles [&hellip;]<\/p>\n","protected":false},"author":2,"featured_media":0,"comment_status":"open","ping_status":"open","sticky":false,"template":"","format":"standard","meta":{"fifu_image_url":"","fifu_image_alt":"","footnotes":""},"categories":[7,16],"tags":[],"class_list":{"0":"post-22705","1":"post","2":"type-post","3":"status-publish","4":"format-standard","6":"category-nacionales","7":"category-politi"},"yoast_head":"<title>Macri autoriza a \u201cclausurar ramales ferroviarios y levantar v\u00edas\u201d - Informe Litoral<\/title>\n<meta name=\"robots\" content=\"index, follow, max-snippet:-1, max-image-preview:large, max-video-preview:-1\" \/>\n<link rel=\"canonical\" href=\"https:\/\/informelitoral.com.ar\/macri-autoriza-a-clausurar-ramales-ferroviarios-y-levantar-vias\/\" \/>\n<meta property=\"og:locale\" content=\"es_ES\" \/>\n<meta property=\"og:type\" content=\"article\" \/>\n<meta property=\"og:title\" content=\"Macri autoriza a \u201cclausurar ramales ferroviarios y levantar v\u00edas\u201d - Informe Litoral\" \/>\n<meta property=\"og:description\" content=\"Seg&uacute;n un decreto publicado el martes en el Bolet&iacute;n Oficial se delega en el ministro de Transporte la potestad de &laquo;levantar el tendido de rieles e infraestructura de sost&eacute;n&raquo;. Si bien el decreto no abunda en detalles, la medida ser&iacute;a para casos puntuales como la urbanizaci&oacute;n de asentamientos. Durante a&ntilde;os, los nost&aacute;lgicos de los ferrocarriles [&hellip;]\" \/>\n<meta property=\"og:url\" content=\"https:\/\/informelitoral.com.ar\/macri-autoriza-a-clausurar-ramales-ferroviarios-y-levantar-vias\/\" \/>\n<meta property=\"og:site_name\" content=\"Informe Litoral\" \/>\n<meta property=\"article:publisher\" content=\"https:\/\/www.facebook.com\/informelitoral\/\" \/>\n<meta property=\"article:published_time\" content=\"2017-08-16T11:41:22+00:00\" \/>\n<meta property=\"og:image\" content=\"https:\/\/informelitoral.com.ar\/%77%70%2d%63%6f%6e%74%65%6e%74\/uploads\/2017\/08\/macri-dietrich.jpg\" \/>\n\t<meta property=\"og:image:width\" content=\"1360\" \/>\n\t<meta property=\"og:image:height\" content=\"765\" \/>\n\t<meta property=\"og:image:type\" content=\"image\/jpeg\" \/>\n<meta name=\"author\" content=\"Gonzalo Schmidt\" \/>\n<meta name=\"twitter:card\" content=\"summary_large_image\" \/>\n<meta name=\"twitter:creator\" content=\"@InformeLitoral\" \/>\n<meta name=\"twitter:site\" content=\"@InformeLitoral\" \/>\n<meta name=\"twitter:label1\" content=\"Escrito por\" \/>\n\t<meta name=\"twitter:data1\" content=\"Gonzalo Schmidt\" \/>\n\t<meta name=\"twitter:label2\" content=\"Tiempo de lectura\" \/>\n\t<meta name=\"twitter:data2\" content=\"2 minutos\" \/>\n<script type=\"application\/ld+json\" class=\"yoast-schema-graph\">{\"@context\":\"https:\\\/\\\/schema.org\",\"@graph\":[{\"@type\":\"Article\",\"@id\":\"https:\\\/\\\/informelitoral.com.ar\\\/macri-autoriza-a-clausurar-ramales-ferroviarios-y-levantar-vias\\\/#article\",\"isPartOf\":{\"@id\":\"https:\\\/\\\/informelitoral.com.ar\\\/macri-autoriza-a-clausurar-ramales-ferroviarios-y-levantar-vias\\\/\"},\"author\":{\"name\":\"Gonzalo Schmidt\",\"@id\":\"https:\\\/\\\/informelitoral.com.ar\\\/#\\\/schema\\\/person\\\/b9d00407c836482871ef1d57bf8e3180\"},\"headline\":\"Macri autoriza a \u201cclausurar ramales ferroviarios y levantar v\u00edas\u201d\",\"datePublished\":\"2017-08-16T11:41:22+00:00\",\"mainEntityOfPage\":{\"@id\":\"https:\\\/\\\/informelitoral.com.ar\\\/macri-autoriza-a-clausurar-ramales-ferroviarios-y-levantar-vias\\\/\"},\"wordCount\":461,\"commentCount\":0,\"publisher\":{\"@id\":\"https:\\\/\\\/informelitoral.com.ar\\\/#organization\"},\"image\":{\"@id\":\"https:\\\/\\\/informelitoral.com.ar\\\/macri-autoriza-a-clausurar-ramales-ferroviarios-y-levantar-vias\\\/#primaryimage\"},\"thumbnailUrl\":\"http:\\\/\\\/www.isletasnoticias.com.ar\\\/%77%70%2d%63%6f%6e%74%65%6e%74\\\/uploads\\\/2017\\\/08\\\/macri-dietrich-1024x576.jpg\",\"articleSection\":[\"Nacionales\",\"Politica\"],\"inLanguage\":\"es\",\"potentialAction\":[{\"@type\":\"CommentAction\",\"name\":\"Comment\",\"target\":[\"https:\\\/\\\/informelitoral.com.ar\\\/macri-autoriza-a-clausurar-ramales-ferroviarios-y-levantar-vias\\\/#respond\"]}]},{\"@type\":\"WebPage\",\"@id\":\"https:\\\/\\\/informelitoral.com.ar\\\/macri-autoriza-a-clausurar-ramales-ferroviarios-y-levantar-vias\\\/\",\"url\":\"https:\\\/\\\/informelitoral.com.ar\\\/macri-autoriza-a-clausurar-ramales-ferroviarios-y-levantar-vias\\\/\",\"name\":\"Macri autoriza a \u201cclausurar ramales ferroviarios y levantar v\u00edas\u201d - Informe Litoral\",\"isPartOf\":{\"@id\":\"https:\\\/\\\/informelitoral.com.ar\\\/#website\"},\"primaryImageOfPage\":{\"@id\":\"https:\\\/\\\/informelitoral.com.ar\\\/macri-autoriza-a-clausurar-ramales-ferroviarios-y-levantar-vias\\\/#primaryimage\"},\"image\":{\"@id\":\"https:\\\/\\\/informelitoral.com.ar\\\/macri-autoriza-a-clausurar-ramales-ferroviarios-y-levantar-vias\\\/#primaryimage\"},\"thumbnailUrl\":\"http:\\\/\\\/www.isletasnoticias.com.ar\\\/%77%70%2d%63%6f%6e%74%65%6e%74\\\/uploads\\\/2017\\\/08\\\/macri-dietrich-1024x576.jpg\",\"datePublished\":\"2017-08-16T11:41:22+00:00\",\"breadcrumb\":{\"@id\":\"https:\\\/\\\/informelitoral.com.ar\\\/macri-autoriza-a-clausurar-ramales-ferroviarios-y-levantar-vias\\\/#breadcrumb\"},\"inLanguage\":\"es\",\"potentialAction\":[{\"@type\":\"ReadAction\",\"target\":[\"https:\\\/\\\/informelitoral.com.ar\\\/macri-autoriza-a-clausurar-ramales-ferroviarios-y-levantar-vias\\\/\"]}]},{\"@type\":\"ImageObject\",\"inLanguage\":\"es\",\"@id\":\"https:\\\/\\\/informelitoral.com.ar\\\/macri-autoriza-a-clausurar-ramales-ferroviarios-y-levantar-vias\\\/#primaryimage\",\"url\":\"http:\\\/\\\/www.isletasnoticias.com.ar\\\/%77%70%2d%63%6f%6e%74%65%6e%74\\\/uploads\\\/2017\\\/08\\\/macri-dietrich-1024x576.jpg\",\"contentUrl\":\"http:\\\/\\\/www.isletasnoticias.com.ar\\\/%77%70%2d%63%6f%6e%74%65%6e%74\\\/uploads\\\/2017\\\/08\\\/macri-dietrich-1024x576.jpg\"},{\"@type\":\"BreadcrumbList\",\"@id\":\"https:\\\/\\\/informelitoral.com.ar\\\/macri-autoriza-a-clausurar-ramales-ferroviarios-y-levantar-vias\\\/#breadcrumb\",\"itemListElement\":[{\"@type\":\"ListItem\",\"position\":1,\"name\":\"Portada\",\"item\":\"https:\\\/\\\/informelitoral.com.ar\\\/\"},{\"@type\":\"ListItem\",\"position\":2,\"name\":\"Macri autoriza a \u201cclausurar ramales ferroviarios y levantar v\u00edas\u201d\"}]},{\"@type\":\"WebSite\",\"@id\":\"https:\\\/\\\/informelitoral.com.ar\\\/#website\",\"url\":\"https:\\\/\\\/informelitoral.com.ar\\\/\",\"name\":\"Informe Litoral\",\"description\":\"&quot;Nos informamos&quot; \",\"publisher\":{\"@id\":\"https:\\\/\\\/informelitoral.com.ar\\\/#organization\"},\"potentialAction\":[{\"@type\":\"SearchAction\",\"target\":{\"@type\":\"EntryPoint\",\"urlTemplate\":\"https:\\\/\\\/informelitoral.com.ar\\\/?s={search_term_string}\"},\"query-input\":{\"@type\":\"PropertyValueSpecification\",\"valueRequired\":true,\"valueName\":\"search_term_string\"}}],\"inLanguage\":\"es\"},{\"@type\":\"Organization\",\"@id\":\"https:\\\/\\\/informelitoral.com.ar\\\/#organization\",\"name\":\"Informe Litoral\",\"url\":\"https:\\\/\\\/informelitoral.com.ar\\\/\",\"logo\":{\"@type\":\"ImageObject\",\"inLanguage\":\"es\",\"@id\":\"https:\\\/\\\/informelitoral.com.ar\\\/#\\\/schema\\\/logo\\\/image\\\/\",\"url\":\"https:\\\/\\\/informelitoral.com.ar\\\/%77%70%2d%63%6f%6e%74%65%6e%74\\\/uploads\\\/2021\\\/01\\\/circulo.png\",\"contentUrl\":\"https:\\\/\\\/informelitoral.com.ar\\\/%77%70%2d%63%6f%6e%74%65%6e%74\\\/uploads\\\/2021\\\/01\\\/circulo.png\",\"width\":723,\"height\":731,\"caption\":\"Informe Litoral\"},\"image\":{\"@id\":\"https:\\\/\\\/informelitoral.com.ar\\\/#\\\/schema\\\/logo\\\/image\\\/\"},\"sameAs\":[\"https:\\\/\\\/www.facebook.com\\\/informelitoral\\\/\",\"https:\\\/\\\/x.com\\\/InformeLitoral\",\"https:\\\/\\\/www.instagram.com\\\/informelitoral\\\/\",\"https:\\\/\\\/www.youtube.com\\\/channel\\\/UCua4Qvz8Icb6MYqhoq9xLXw\"]},{\"@type\":\"Person\",\"@id\":\"https:\\\/\\\/informelitoral.com.ar\\\/#\\\/schema\\\/person\\\/b9d00407c836482871ef1d57bf8e3180\",\"name\":\"Gonzalo Schmidt\",\"image\":{\"@type\":\"ImageObject\",\"inLanguage\":\"es\",\"@id\":\"https:\\\/\\\/secure.gravatar.com\\\/avatar\\\/31a1a7b66ff2de83bd0e9fd79d026630d2d99e55e8bfe501287647b4fd9743de?s=96&d=mm&r=g\",\"url\":\"https:\\\/\\\/secure.gravatar.com\\\/avatar\\\/31a1a7b66ff2de83bd0e9fd79d026630d2d99e55e8bfe501287647b4fd9743de?s=96&d=mm&r=g\",\"contentUrl\":\"https:\\\/\\\/secure.gravatar.com\\\/avatar\\\/31a1a7b66ff2de83bd0e9fd79d026630d2d99e55e8bfe501287647b4fd9743de?s=96&d=mm&r=g\",\"caption\":\"Gonzalo Schmidt\"},\"description\":\"Sitio web de noticias de la provincia de Entre R\u00edos, Argentina. Informaci\u00f3n y entretenimiento. Informe Litoral, nos informamos.\",\"sameAs\":[\"http:\\\/\\\/www.isletasnoticias.com.ar\"],\"url\":\"https:\\\/\\\/informelitoral.com.ar\\\/author\\\/gonzalo\\\/\"}]}<\/script>","yoast_head_json":{"title":"Macri autoriza a \u201cclausurar ramales ferroviarios y levantar v\u00edas\u201d - Informe Litoral","robots":{"index":"index","follow":"follow","max-snippet":"max-snippet:-1","max-image-preview":"max-image-preview:large","max-video-preview":"max-video-preview:-1"},"canonical":"https:\/\/informelitoral.com.ar\/macri-autoriza-a-clausurar-ramales-ferroviarios-y-levantar-vias\/","og_locale":"es_ES","og_type":"article","og_title":"Macri autoriza a \u201cclausurar ramales ferroviarios y levantar v\u00edas\u201d - Informe Litoral","og_description":"Seg&uacute;n un decreto publicado el martes en el Bolet&iacute;n Oficial se delega en el ministro de Transporte la potestad de &laquo;levantar el tendido de rieles e infraestructura de sost&eacute;n&raquo;. Si bien el decreto no abunda en detalles, la medida ser&iacute;a para casos puntuales como la urbanizaci&oacute;n de asentamientos. Durante a&ntilde;os, los nost&aacute;lgicos de los ferrocarriles [&hellip;]","og_url":"https:\/\/informelitoral.com.ar\/macri-autoriza-a-clausurar-ramales-ferroviarios-y-levantar-vias\/","og_site_name":"Informe Litoral","article_publisher":"https:\/\/www.facebook.com\/informelitoral\/","article_published_time":"2017-08-16T11:41:22+00:00","og_image":[{"width":1360,"height":765,"url":"https:\/\/informelitoral.com.ar\/%77%70%2d%63%6f%6e%74%65%6e%74\/uploads\/2017\/08\/macri-dietrich.jpg","type":"image\/jpeg"}],"author":"Gonzalo Schmidt","twitter_card":"summary_large_image","twitter_creator":"@InformeLitoral","twitter_site":"@InformeLitoral","twitter_misc":{"Escrito por":"Gonzalo Schmidt","Tiempo de lectura":"2 minutos"},"schema":{"@context":"https:\/\/schema.org","@graph":[{"@type":"Article","@id":"https:\/\/informelitoral.com.ar\/macri-autoriza-a-clausurar-ramales-ferroviarios-y-levantar-vias\/#article","isPartOf":{"@id":"https:\/\/informelitoral.com.ar\/macri-autoriza-a-clausurar-ramales-ferroviarios-y-levantar-vias\/"},"author":{"name":"Gonzalo Schmidt","@id":"https:\/\/informelitoral.com.ar\/#\/schema\/person\/b9d00407c836482871ef1d57bf8e3180"},"headline":"Macri autoriza a \u201cclausurar ramales ferroviarios y levantar v\u00edas\u201d","datePublished":"2017-08-16T11:41:22+00:00","mainEntityOfPage":{"@id":"https:\/\/informelitoral.com.ar\/macri-autoriza-a-clausurar-ramales-ferroviarios-y-levantar-vias\/"},"wordCount":461,"commentCount":0,"publisher":{"@id":"https:\/\/informelitoral.com.ar\/#organization"},"image":{"@id":"https:\/\/informelitoral.com.ar\/macri-autoriza-a-clausurar-ramales-ferroviarios-y-levantar-vias\/#primaryimage"},"thumbnailUrl":"http:\/\/www.isletasnoticias.com.ar\/%77%70%2d%63%6f%6e%74%65%6e%74\/uploads\/2017\/08\/macri-dietrich-1024x576.jpg","articleSection":["Nacionales","Politica"],"inLanguage":"es","potentialAction":[{"@type":"CommentAction","name":"Comment","target":["https:\/\/informelitoral.com.ar\/macri-autoriza-a-clausurar-ramales-ferroviarios-y-levantar-vias\/#respond"]}]},{"@type":"WebPage","@id":"https:\/\/informelitoral.com.ar\/macri-autoriza-a-clausurar-ramales-ferroviarios-y-levantar-vias\/","url":"https:\/\/informelitoral.com.ar\/macri-autoriza-a-clausurar-ramales-ferroviarios-y-levantar-vias\/","name":"Macri autoriza a \u201cclausurar ramales ferroviarios y levantar v\u00edas\u201d - Informe Litoral","isPartOf":{"@id":"https:\/\/informelitoral.com.ar\/#website"},"primaryImageOfPage":{"@id":"https:\/\/informelitoral.com.ar\/macri-autoriza-a-clausurar-ramales-ferroviarios-y-levantar-vias\/#primaryimage"},"image":{"@id":"https:\/\/informelitoral.com.ar\/macri-autoriza-a-clausurar-ramales-ferroviarios-y-levantar-vias\/#primaryimage"},"thumbnailUrl":"http:\/\/www.isletasnoticias.com.ar\/%77%70%2d%63%6f%6e%74%65%6e%74\/uploads\/2017\/08\/macri-dietrich-1024x576.jpg","datePublished":"2017-08-16T11:41:22+00:00","breadcrumb":{"@id":"https:\/\/informelitoral.com.ar\/macri-autoriza-a-clausurar-ramales-ferroviarios-y-levantar-vias\/#breadcrumb"},"inLanguage":"es","potentialAction":[{"@type":"ReadAction","target":["https:\/\/informelitoral.com.ar\/macri-autoriza-a-clausurar-ramales-ferroviarios-y-levantar-vias\/"]}]},{"@type":"ImageObject","inLanguage":"es","@id":"https:\/\/informelitoral.com.ar\/macri-autoriza-a-clausurar-ramales-ferroviarios-y-levantar-vias\/#primaryimage","url":"http:\/\/www.isletasnoticias.com.ar\/%77%70%2d%63%6f%6e%74%65%6e%74\/uploads\/2017\/08\/macri-dietrich-1024x576.jpg","contentUrl":"http:\/\/www.isletasnoticias.com.ar\/%77%70%2d%63%6f%6e%74%65%6e%74\/uploads\/2017\/08\/macri-dietrich-1024x576.jpg"},{"@type":"BreadcrumbList","@id":"https:\/\/informelitoral.com.ar\/macri-autoriza-a-clausurar-ramales-ferroviarios-y-levantar-vias\/#breadcrumb","itemListElement":[{"@type":"ListItem","position":1,"name":"Portada","item":"https:\/\/informelitoral.com.ar\/"},{"@type":"ListItem","position":2,"name":"Macri autoriza a \u201cclausurar ramales ferroviarios y levantar v\u00edas\u201d"}]},{"@type":"WebSite","@id":"https:\/\/informelitoral.com.ar\/#website","url":"https:\/\/informelitoral.com.ar\/","name":"Informe Litoral","description":"&quot;Nos informamos&quot; ","publisher":{"@id":"https:\/\/informelitoral.com.ar\/#organization"},"potentialAction":[{"@type":"SearchAction","target":{"@type":"EntryPoint","urlTemplate":"https:\/\/informelitoral.com.ar\/?s={search_term_string}"},"query-input":{"@type":"PropertyValueSpecification","valueRequired":true,"valueName":"search_term_string"}}],"inLanguage":"es"},{"@type":"Organization","@id":"https:\/\/informelitoral.com.ar\/#organization","name":"Informe Litoral","url":"https:\/\/informelitoral.com.ar\/","logo":{"@type":"ImageObject","inLanguage":"es","@id":"https:\/\/informelitoral.com.ar\/#\/schema\/logo\/image\/","url":"https:\/\/informelitoral.com.ar\/%77%70%2d%63%6f%6e%74%65%6e%74\/uploads\/2021\/01\/circulo.png","contentUrl":"https:\/\/informelitoral.com.ar\/%77%70%2d%63%6f%6e%74%65%6e%74\/uploads\/2021\/01\/circulo.png","width":723,"height":731,"caption":"Informe Litoral"},"image":{"@id":"https:\/\/informelitoral.com.ar\/#\/schema\/logo\/image\/"},"sameAs":["https:\/\/www.facebook.com\/informelitoral\/","https:\/\/x.com\/InformeLitoral","https:\/\/www.instagram.com\/informelitoral\/","https:\/\/www.youtube.com\/channel\/UCua4Qvz8Icb6MYqhoq9xLXw"]},{"@type":"Person","@id":"https:\/\/informelitoral.com.ar\/#\/schema\/person\/b9d00407c836482871ef1d57bf8e3180","name":"Gonzalo Schmidt","image":{"@type":"ImageObject","inLanguage":"es","@id":"https:\/\/secure.gravatar.com\/avatar\/31a1a7b66ff2de83bd0e9fd79d026630d2d99e55e8bfe501287647b4fd9743de?s=96&d=mm&r=g","url":"https:\/\/secure.gravatar.com\/avatar\/31a1a7b66ff2de83bd0e9fd79d026630d2d99e55e8bfe501287647b4fd9743de?s=96&d=mm&r=g","contentUrl":"https:\/\/secure.gravatar.com\/avatar\/31a1a7b66ff2de83bd0e9fd79d026630d2d99e55e8bfe501287647b4fd9743de?s=96&d=mm&r=g","caption":"Gonzalo Schmidt"},"description":"Sitio web de noticias de la provincia de Entre R\u00edos, Argentina. Informaci\u00f3n y entretenimiento. Informe Litoral, nos informamos.","sameAs":["http:\/\/www.isletasnoticias.com.ar"],"url":"https:\/\/informelitoral.com.ar\/author\/gonzalo\/"}]}},"_links":{"self":[{"href":"https:\/\/informelitoral.com.ar\/%77%70%2d%6a%73%6f%6e\/wp\/v2\/posts\/22705","targetHints":{"allow":["GET"]}}],"collection":[{"href":"https:\/\/informelitoral.com.ar\/%77%70%2d%6a%73%6f%6e\/wp\/v2\/posts"}],"about":[{"href":"https:\/\/informelitoral.com.ar\/%77%70%2d%6a%73%6f%6e\/wp\/v2\/types\/post"}],"author":[{"embeddable":true,"href":"https:\/\/informelitoral.com.ar\/%77%70%2d%6a%73%6f%6e\/wp\/v2\/users\/2"}],"replies":[{"embeddable":true,"href":"https:\/\/informelitoral.com.ar\/%77%70%2d%6a%73%6f%6e\/wp\/v2\/comments?post=22705"}],"version-history":[{"count":0,"href":"https:\/\/informelitoral.com.ar\/%77%70%2d%6a%73%6f%6e\/wp\/v2\/posts\/22705\/revisions"}],"wp:attachment":[{"href":"https:\/\/informelitoral.com.ar\/%77%70%2d%6a%73%6f%6e\/wp\/v2\/media?parent=22705"}],"wp:term":[{"taxonomy":"category","embeddable":true,"href":"https:\/\/informelitoral.com.ar\/%77%70%2d%6a%73%6f%6e\/wp\/v2\/categories?post=22705"},{"taxonomy":"post_tag","embeddable":true,"href":"https:\/\/informelitoral.com.ar\/%77%70%2d%6a%73%6f%6e\/wp\/v2\/tags?post=22705"}],"curies":[{"name":"wp","href":"https:\/\/api.w.org\/{rel}","templated":true}]}}