{"id":226848,"date":"2025-07-10T14:12:10","date_gmt":"2025-07-10T17:12:10","guid":{"rendered":"https:\/\/informelitoral.com.ar\/?p=226848"},"modified":"2025-07-10T14:50:15","modified_gmt":"2025-07-10T17:50:15","slug":"el-turismo-carretera-llega-a-concepcion-del-uruguay-con-actividad-de-viernes-a-domingo","status":"publish","type":"post","link":"https:\/\/informelitoral.com.ar\/el-turismo-carretera-llega-a-concepcion-del-uruguay-con-actividad-de-viernes-a-domingo\/","title":{"rendered":"El Turismo Carretera llega a Concepci\u00f3n del Uruguay con actividad de viernes a domingo"},"content":{"rendered":"<p>El aut\u00f3dromo de Concepci\u00f3n del Uruguay se prepara para recibir este fin de semana una nueva fecha del <b>Turismo Carretera<\/b>, que estar\u00e1 acompa\u00f1ado, como es habitual, por el <b>TC Pista<\/b>. Adem\u00e1s, la jornada automovil\u00edstica se completar\u00e1 con la presencia de la <b>F2<\/b> y la <b>F\u00f3rmula 3 Metropolitana<\/b>, prometiendo acci\u00f3n desde el viernes.<\/p>\n<p>Mientras que las categor\u00edas de F\u00f3rmula iniciar\u00e1n sus actividades el viernes, el TC y el TC Pista tendr\u00e1n su primera toma de contacto con la pista el s\u00e1bado por la ma\u00f1ana, con entrenamientos y clasificaciones. Las finales de todas las categor\u00edas se disputar\u00e1n el domingo.<\/p>\n<h6><em><strong>Del archivo:\u00a0<a href=\"https:\/\/informelitoral.com.ar\/ranking-fifa-la-seleccion-argentina-sigue-en-el-primer-puesto\/\" target=\"_blank\" rel=\"noopener\">Ranking FIFA: la Selecci\u00f3n Argentina sigue en el primer puesto<\/a><\/strong><\/em><\/h6>\n<h2><strong>Horarios Confirmados para el Fin de Semana<\/strong><\/h2>\n<p>A continuaci\u00f3n, el detalle de la programaci\u00f3n para cada categor\u00eda:<\/p>\n<p><b>VIERNES:<\/b><\/p>\n<ul>\n<li><b>F\u00d3RMULA 3:<\/b>\n<ul>\n<li>12:00 a 12:30 Hs. \u2013 1er. Entrenamiento (GRUPO A)<\/li>\n<li>12:35 a 13:05 Hs. \u2013 1er. Entrenamiento (GRUPO B)<\/li>\n<li>14:40 a 15:10 Hs. \u2013 2do. Entrenamiento (GRUPO A)<\/li>\n<li>15:15 a 15:45 Hs. \u2013 2do. Entrenamiento (GRUPO B)<\/li>\n<\/ul>\n<\/li>\n<li><b>F\u00d3RMULA 2:<\/b>\n<ul>\n<li>13:10 a 13:40 Hs. \u2013 1er. Entrenamiento (Todos Juntos)<\/li>\n<li>15:50 a 16:20 Hs. \u2013 2do. Entrenamiento (Todos Juntos)<\/li>\n<\/ul>\n<\/li>\n<\/ul>\n<p><b>S\u00c1BADO:<\/b><\/p>\n<ul>\n<li><b>F\u00d3RMULA 3:<\/b>\n<ul>\n<li>09:15 a 09:23 Hs. \u2013 Clasificaci\u00f3n (GRUPO B)<\/li>\n<li>09:28 a 09:36 Hs. \u2013 Clasificaci\u00f3n (GRUPO C)<\/li>\n<li>09:41 a 09:49 Hs. \u2013 Clasificaci\u00f3n (GRUPO A)<\/li>\n<\/ul>\n<\/li>\n<li><b>TC PISTA:<\/b>\n<ul>\n<li>09:55 a 10:25 Hs. \u2013 1er. Entrenamiento (Grupo B)<\/li>\n<li>10:30 a 11:00 Hs. \u2013 1er. Entrenamiento (Grupo A)<\/li>\n<li>12:10 a 12:40 Hs. \u2013 2do. Entrenamiento (Grupo B)<\/li>\n<li>12:45 a 13:15 Hs. \u2013 2do. Entrenamiento (Grupo A)<\/li>\n<li>15:20 a 15:28 Hs. \u2013 Clasificaci\u00f3n 2* Tercio<\/li>\n<li>15:33 a 15:41 Hs. \u2013 Clasificaci\u00f3n 3* Tercio<\/li>\n<li>15:46 a 15:54 Hs. \u2013 Clasificaci\u00f3n 1* Tercio<\/li>\n<\/ul>\n<\/li>\n<li><b>TURISMO CARRETERA:<\/b>\n<ul>\n<li>11:05 a 11:25 Hs. \u2013 1er. Entrenamiento (Grupo A)<\/li>\n<li>11:30 a 11:50 Hs. \u2013 1er. Entrenamiento (Grupo B)<\/li>\n<li>13:20 a 13:50 Hs. \u2013 2do. Entrenamiento (Grupo A)<\/li>\n<li>13:55 a 14:25 Hs. \u2013 2do. Entrenamiento (Grupo B)<\/li>\n<li>15:59 a 16:07 Hs. \u2013 Clasificaci\u00f3n 4* Cuarto<\/li>\n<li>16:12 a 16:20 Hs. \u2013 Clasificaci\u00f3n 1* Cuarto<\/li>\n<li>16:25 a 16:33 Hs. \u2013 Clasificaci\u00f3n 2* Cuarto<\/li>\n<li>16:38 a 16:46 Hs. \u2013 Clasificaci\u00f3n 3* Cuarto<\/li>\n<\/ul>\n<\/li>\n<li><b>F\u00d3RMULA 2:<\/b>\n<ul>\n<li>11:55 a 12:05 Hs. \u2013 Clasificaci\u00f3n (Todos Juntos)<\/li>\n<li>15:05 a 15:15 Hs. \u2013 CARRERA Clasificatoria<\/li>\n<\/ul>\n<\/li>\n<li><b>F\u00d3RMULA 3:<\/b>\n<ul>\n<li>17:00 a 17:20 Hs. \u2013 1*FINAL (12 Vueltas o 20 minutos m\u00e1ximo)<\/li>\n<\/ul>\n<\/li>\n<\/ul>\n<p><b>DOMINGO:<\/b><\/p>\n<ul>\n<li><b>TC PISTA:<\/b>\n<ul>\n<li>09:15 Hs. \u2013 1ra. Serie (5 Vueltas)<\/li>\n<li>09:40 Hs. \u2013 2da. Serie (5 Vueltas)<\/li>\n<li>12:45 a 13:25 Hs. \u2013 FINAL (20 vueltas o 40 minutos m\u00e1ximo)<\/li>\n<\/ul>\n<\/li>\n<li><b>TURISMO CARRETERA:<\/b>\n<ul>\n<li>10:05 Hs. \u2013 1ra. Serie (5 Vueltas)<\/li>\n<li>10:30 Hs. \u2013 2da. Serie (5 Vueltas)<\/li>\n<li>10:55 Hs. \u2013 3ra. Serie (5 Vueltas)<\/li>\n<li>13:55 a 14:45 Hs. \u2013 FINAL (25 Vueltas o 50 minutos m\u00e1ximo)<\/li>\n<\/ul>\n<\/li>\n<li><b>F\u00d3RMULA 2:<\/b>\n<ul>\n<li>11:20 a 11:40 Hs. \u2013 FINAL (12 Vueltas o 20 minutos m\u00e1ximo)<\/li>\n<\/ul>\n<\/li>\n<li><b>F\u00d3RMULA 3:<\/b>\n<ul>\n<li>11:55 a 12:15 Hs. \u2013 2*FINAL (12 Vueltas o 20 minutos m\u00e1ximo)<\/li>\n<\/ul>\n<\/li>\n<\/ul>\n","protected":false},"excerpt":{"rendered":"<p>La M\u00e1xima y el TC Pista compartir\u00e1n aut\u00f3dromo con la F2 y la F\u00f3rmula 3 Metropolitana en un fin de semana a puro motor en Entre R\u00edos.<\/p>\n","protected":false},"author":8,"featured_media":226850,"comment_status":"open","ping_status":"open","sticky":false,"template":"","format":"standard","meta":{"fifu_image_url":"https:\/\/i0.wp.com\/ahora.com.ar\/wp-content\/uploads\/2025\/07\/image-3-2.jpg?resize=696%2C284&quality=89&ssl=1","fifu_image_alt":"","footnotes":""},"categories":[13],"tags":[171,81,2137],"class_list":{"0":"post-226848","1":"post","2":"type-post","3":"status-publish","4":"format-standard","5":"has-post-thumbnail","7":"category-deportes","8":"tag-concepcion-del-uruguay","9":"tag-entre-rios","10":"tag-tc"},"yoast_head":"<title>El Turismo Carretera llega a Concepci\u00f3n del Uruguay con actividad de viernes a domingo - Informe Litoral<\/title>\n<meta name=\"robots\" content=\"index, follow, max-snippet:-1, max-image-preview:large, max-video-preview:-1\" \/>\n<link rel=\"canonical\" href=\"https:\/\/informelitoral.com.ar\/el-turismo-carretera-llega-a-concepcion-del-uruguay-con-actividad-de-viernes-a-domingo\/\" \/>\n<meta property=\"og:locale\" content=\"es_ES\" \/>\n<meta property=\"og:type\" content=\"article\" \/>\n<meta property=\"og:title\" content=\"El Turismo Carretera llega a Concepci\u00f3n del Uruguay con actividad de viernes a domingo - Informe Litoral\" \/>\n<meta property=\"og:description\" content=\"La M\u00e1xima y el TC Pista compartir\u00e1n aut\u00f3dromo con la F2 y la F\u00f3rmula 3 Metropolitana en un fin de semana a puro motor en Entre R\u00edos.\" \/>\n<meta property=\"og:url\" content=\"https:\/\/informelitoral.com.ar\/el-turismo-carretera-llega-a-concepcion-del-uruguay-con-actividad-de-viernes-a-domingo\/\" \/>\n<meta property=\"og:site_name\" content=\"Informe Litoral\" \/>\n<meta property=\"article:publisher\" content=\"https:\/\/www.facebook.com\/informelitoral\/\" \/>\n<meta property=\"article:published_time\" content=\"2025-07-10T17:12:10+00:00\" \/>\n<meta property=\"article:modified_time\" content=\"2025-07-10T17:50:15+00:00\" \/>\n<meta property=\"og:image\" content=\"https:\/\/i0.wp.com\/ahora.com.ar\/%77%70%2d%63%6f%6e%74%65%6e%74\/uploads\/2025\/07\/image-3-2.jpg?resize=696%2C284&quality=89&ssl=1\" \/>\n<meta name=\"author\" content=\"Sebastian\" \/>\n<meta name=\"twitter:card\" content=\"summary_large_image\" \/>\n<meta name=\"twitter:image\" content=\"https:\/\/i0.wp.com\/ahora.com.ar\/%77%70%2d%63%6f%6e%74%65%6e%74\/uploads\/2025\/07\/image-3-2.jpg?resize=696%2C284&quality=89&ssl=1\" \/>\n<meta name=\"twitter:creator\" content=\"@InformeLitoral\" \/>\n<meta name=\"twitter:site\" content=\"@InformeLitoral\" \/>\n<meta name=\"twitter:label1\" content=\"Escrito por\" \/>\n\t<meta name=\"twitter:data1\" content=\"Sebastian\" \/>\n\t<meta name=\"twitter:label2\" content=\"Tiempo de lectura\" \/>\n\t<meta name=\"twitter:data2\" content=\"3 minutos\" \/>\n<script type=\"application\/ld+json\" class=\"yoast-schema-graph\">{\"@context\":\"https:\\\/\\\/schema.org\",\"@graph\":[{\"@type\":\"Article\",\"@id\":\"https:\\\/\\\/informelitoral.com.ar\\\/el-turismo-carretera-llega-a-concepcion-del-uruguay-con-actividad-de-viernes-a-domingo\\\/#article\",\"isPartOf\":{\"@id\":\"https:\\\/\\\/informelitoral.com.ar\\\/el-turismo-carretera-llega-a-concepcion-del-uruguay-con-actividad-de-viernes-a-domingo\\\/\"},\"author\":{\"name\":\"Sebastian\",\"@id\":\"https:\\\/\\\/informelitoral.com.ar\\\/#\\\/schema\\\/person\\\/f05f9f461677119578717524b127d6d5\"},\"headline\":\"El Turismo Carretera llega a Concepci\u00f3n del Uruguay con actividad de viernes a domingo\",\"datePublished\":\"2025-07-10T17:12:10+00:00\",\"dateModified\":\"2025-07-10T17:50:15+00:00\",\"mainEntityOfPage\":{\"@id\":\"https:\\\/\\\/informelitoral.com.ar\\\/el-turismo-carretera-llega-a-concepcion-del-uruguay-con-actividad-de-viernes-a-domingo\\\/\"},\"wordCount\":392,\"commentCount\":0,\"publisher\":{\"@id\":\"https:\\\/\\\/informelitoral.com.ar\\\/#organization\"},\"image\":{\"@id\":\"https:\\\/\\\/informelitoral.com.ar\\\/el-turismo-carretera-llega-a-concepcion-del-uruguay-con-actividad-de-viernes-a-domingo\\\/#primaryimage\"},\"thumbnailUrl\":\"https:\\\/\\\/i0.wp.com\\\/ahora.com.ar\\\/%77%70%2d%63%6f%6e%74%65%6e%74\\\/uploads\\\/2025\\\/07\\\/image-3-2.jpg?resize=696%2C284&quality=89&ssl=1\",\"keywords\":[\"Concepci\u00f3n del Uruguay\",\"Entre R\u00edos\",\"TC\"],\"articleSection\":[\"Deportes\"],\"inLanguage\":\"es\",\"potentialAction\":[{\"@type\":\"CommentAction\",\"name\":\"Comment\",\"target\":[\"https:\\\/\\\/informelitoral.com.ar\\\/el-turismo-carretera-llega-a-concepcion-del-uruguay-con-actividad-de-viernes-a-domingo\\\/#respond\"]}]},{\"@type\":\"WebPage\",\"@id\":\"https:\\\/\\\/informelitoral.com.ar\\\/el-turismo-carretera-llega-a-concepcion-del-uruguay-con-actividad-de-viernes-a-domingo\\\/\",\"url\":\"https:\\\/\\\/informelitoral.com.ar\\\/el-turismo-carretera-llega-a-concepcion-del-uruguay-con-actividad-de-viernes-a-domingo\\\/\",\"name\":\"El Turismo Carretera llega a Concepci\u00f3n del Uruguay con actividad de viernes a domingo - Informe Litoral\",\"isPartOf\":{\"@id\":\"https:\\\/\\\/informelitoral.com.ar\\\/#website\"},\"primaryImageOfPage\":{\"@id\":\"https:\\\/\\\/informelitoral.com.ar\\\/el-turismo-carretera-llega-a-concepcion-del-uruguay-con-actividad-de-viernes-a-domingo\\\/#primaryimage\"},\"image\":{\"@id\":\"https:\\\/\\\/informelitoral.com.ar\\\/el-turismo-carretera-llega-a-concepcion-del-uruguay-con-actividad-de-viernes-a-domingo\\\/#primaryimage\"},\"thumbnailUrl\":\"https:\\\/\\\/i0.wp.com\\\/ahora.com.ar\\\/%77%70%2d%63%6f%6e%74%65%6e%74\\\/uploads\\\/2025\\\/07\\\/image-3-2.jpg?resize=696%2C284&quality=89&ssl=1\",\"datePublished\":\"2025-07-10T17:12:10+00:00\",\"dateModified\":\"2025-07-10T17:50:15+00:00\",\"breadcrumb\":{\"@id\":\"https:\\\/\\\/informelitoral.com.ar\\\/el-turismo-carretera-llega-a-concepcion-del-uruguay-con-actividad-de-viernes-a-domingo\\\/#breadcrumb\"},\"inLanguage\":\"es\",\"potentialAction\":[{\"@type\":\"ReadAction\",\"target\":[\"https:\\\/\\\/informelitoral.com.ar\\\/el-turismo-carretera-llega-a-concepcion-del-uruguay-con-actividad-de-viernes-a-domingo\\\/\"]}]},{\"@type\":\"ImageObject\",\"inLanguage\":\"es\",\"@id\":\"https:\\\/\\\/informelitoral.com.ar\\\/el-turismo-carretera-llega-a-concepcion-del-uruguay-con-actividad-de-viernes-a-domingo\\\/#primaryimage\",\"url\":\"https:\\\/\\\/i0.wp.com\\\/ahora.com.ar\\\/%77%70%2d%63%6f%6e%74%65%6e%74\\\/uploads\\\/2025\\\/07\\\/image-3-2.jpg?resize=696%2C284&quality=89&ssl=1\",\"contentUrl\":\"https:\\\/\\\/i0.wp.com\\\/ahora.com.ar\\\/%77%70%2d%63%6f%6e%74%65%6e%74\\\/uploads\\\/2025\\\/07\\\/image-3-2.jpg?resize=696%2C284&quality=89&ssl=1\",\"width\":\"696\",\"height\":\"284\"},{\"@type\":\"BreadcrumbList\",\"@id\":\"https:\\\/\\\/informelitoral.com.ar\\\/el-turismo-carretera-llega-a-concepcion-del-uruguay-con-actividad-de-viernes-a-domingo\\\/#breadcrumb\",\"itemListElement\":[{\"@type\":\"ListItem\",\"position\":1,\"name\":\"Portada\",\"item\":\"https:\\\/\\\/informelitoral.com.ar\\\/\"},{\"@type\":\"ListItem\",\"position\":2,\"name\":\"El Turismo Carretera llega a Concepci\u00f3n del Uruguay con actividad de viernes a domingo\"}]},{\"@type\":\"WebSite\",\"@id\":\"https:\\\/\\\/informelitoral.com.ar\\\/#website\",\"url\":\"https:\\\/\\\/informelitoral.com.ar\\\/\",\"name\":\"Informe Litoral\",\"description\":\"&quot;Nos informamos&quot; \",\"publisher\":{\"@id\":\"https:\\\/\\\/informelitoral.com.ar\\\/#organization\"},\"potentialAction\":[{\"@type\":\"SearchAction\",\"target\":{\"@type\":\"EntryPoint\",\"urlTemplate\":\"https:\\\/\\\/informelitoral.com.ar\\\/?s={search_term_string}\"},\"query-input\":{\"@type\":\"PropertyValueSpecification\",\"valueRequired\":true,\"valueName\":\"search_term_string\"}}],\"inLanguage\":\"es\"},{\"@type\":\"Organization\",\"@id\":\"https:\\\/\\\/informelitoral.com.ar\\\/#organization\",\"name\":\"Informe Litoral\",\"url\":\"https:\\\/\\\/informelitoral.com.ar\\\/\",\"logo\":{\"@type\":\"ImageObject\",\"inLanguage\":\"es\",\"@id\":\"https:\\\/\\\/informelitoral.com.ar\\\/#\\\/schema\\\/logo\\\/image\\\/\",\"url\":\"https:\\\/\\\/informelitoral.com.ar\\\/%77%70%2d%63%6f%6e%74%65%6e%74\\\/uploads\\\/2021\\\/01\\\/circulo.png\",\"contentUrl\":\"https:\\\/\\\/informelitoral.com.ar\\\/%77%70%2d%63%6f%6e%74%65%6e%74\\\/uploads\\\/2021\\\/01\\\/circulo.png\",\"width\":723,\"height\":731,\"caption\":\"Informe Litoral\"},\"image\":{\"@id\":\"https:\\\/\\\/informelitoral.com.ar\\\/#\\\/schema\\\/logo\\\/image\\\/\"},\"sameAs\":[\"https:\\\/\\\/www.facebook.com\\\/informelitoral\\\/\",\"https:\\\/\\\/x.com\\\/InformeLitoral\",\"https:\\\/\\\/www.instagram.com\\\/informelitoral\\\/\",\"https:\\\/\\\/www.youtube.com\\\/channel\\\/UCua4Qvz8Icb6MYqhoq9xLXw\"]},{\"@type\":\"Person\",\"@id\":\"https:\\\/\\\/informelitoral.com.ar\\\/#\\\/schema\\\/person\\\/f05f9f461677119578717524b127d6d5\",\"name\":\"Sebastian\",\"image\":{\"@type\":\"ImageObject\",\"inLanguage\":\"es\",\"@id\":\"https:\\\/\\\/secure.gravatar.com\\\/avatar\\\/b71bf7481d447dfb9583c7f2798e7cc64de6efb9067b74633ed8c31059a3bd82?s=96&d=mm&r=g\",\"url\":\"https:\\\/\\\/secure.gravatar.com\\\/avatar\\\/b71bf7481d447dfb9583c7f2798e7cc64de6efb9067b74633ed8c31059a3bd82?s=96&d=mm&r=g\",\"contentUrl\":\"https:\\\/\\\/secure.gravatar.com\\\/avatar\\\/b71bf7481d447dfb9583c7f2798e7cc64de6efb9067b74633ed8c31059a3bd82?s=96&d=mm&r=g\",\"caption\":\"Sebastian\"},\"url\":\"https:\\\/\\\/informelitoral.com.ar\\\/author\\\/sebastian\\\/\"}]}<\/script>","yoast_head_json":{"title":"El Turismo Carretera llega a Concepci\u00f3n del Uruguay con actividad de viernes a domingo - Informe Litoral","robots":{"index":"index","follow":"follow","max-snippet":"max-snippet:-1","max-image-preview":"max-image-preview:large","max-video-preview":"max-video-preview:-1"},"canonical":"https:\/\/informelitoral.com.ar\/el-turismo-carretera-llega-a-concepcion-del-uruguay-con-actividad-de-viernes-a-domingo\/","og_locale":"es_ES","og_type":"article","og_title":"El Turismo Carretera llega a Concepci\u00f3n del Uruguay con actividad de viernes a domingo - Informe Litoral","og_description":"La M\u00e1xima y el TC Pista compartir\u00e1n aut\u00f3dromo con la F2 y la F\u00f3rmula 3 Metropolitana en un fin de semana a puro motor en Entre R\u00edos.","og_url":"https:\/\/informelitoral.com.ar\/el-turismo-carretera-llega-a-concepcion-del-uruguay-con-actividad-de-viernes-a-domingo\/","og_site_name":"Informe Litoral","article_publisher":"https:\/\/www.facebook.com\/informelitoral\/","article_published_time":"2025-07-10T17:12:10+00:00","article_modified_time":"2025-07-10T17:50:15+00:00","og_image":[{"url":"https:\/\/i0.wp.com\/ahora.com.ar\/wp-content\/uploads\/2025\/07\/image-3-2.jpg?resize=696%2C284&quality=89&ssl=1","type":"","width":"","height":""}],"author":"Sebastian","twitter_card":"summary_large_image","twitter_image":"https:\/\/i0.wp.com\/ahora.com.ar\/wp-content\/uploads\/2025\/07\/image-3-2.jpg?resize=696%2C284&quality=89&ssl=1","twitter_creator":"@InformeLitoral","twitter_site":"@InformeLitoral","twitter_misc":{"Escrito por":"Sebastian","Tiempo de lectura":"3 minutos"},"schema":{"@context":"https:\/\/schema.org","@graph":[{"@type":"Article","@id":"https:\/\/informelitoral.com.ar\/el-turismo-carretera-llega-a-concepcion-del-uruguay-con-actividad-de-viernes-a-domingo\/#article","isPartOf":{"@id":"https:\/\/informelitoral.com.ar\/el-turismo-carretera-llega-a-concepcion-del-uruguay-con-actividad-de-viernes-a-domingo\/"},"author":{"name":"Sebastian","@id":"https:\/\/informelitoral.com.ar\/#\/schema\/person\/f05f9f461677119578717524b127d6d5"},"headline":"El Turismo Carretera llega a Concepci\u00f3n del Uruguay con actividad de viernes a domingo","datePublished":"2025-07-10T17:12:10+00:00","dateModified":"2025-07-10T17:50:15+00:00","mainEntityOfPage":{"@id":"https:\/\/informelitoral.com.ar\/el-turismo-carretera-llega-a-concepcion-del-uruguay-con-actividad-de-viernes-a-domingo\/"},"wordCount":392,"commentCount":0,"publisher":{"@id":"https:\/\/informelitoral.com.ar\/#organization"},"image":{"@id":"https:\/\/informelitoral.com.ar\/el-turismo-carretera-llega-a-concepcion-del-uruguay-con-actividad-de-viernes-a-domingo\/#primaryimage"},"thumbnailUrl":"https:\/\/i0.wp.com\/ahora.com.ar\/%77%70%2d%63%6f%6e%74%65%6e%74\/uploads\/2025\/07\/image-3-2.jpg?resize=696%2C284&quality=89&ssl=1","keywords":["Concepci\u00f3n del Uruguay","Entre R\u00edos","TC"],"articleSection":["Deportes"],"inLanguage":"es","potentialAction":[{"@type":"CommentAction","name":"Comment","target":["https:\/\/informelitoral.com.ar\/el-turismo-carretera-llega-a-concepcion-del-uruguay-con-actividad-de-viernes-a-domingo\/#respond"]}]},{"@type":"WebPage","@id":"https:\/\/informelitoral.com.ar\/el-turismo-carretera-llega-a-concepcion-del-uruguay-con-actividad-de-viernes-a-domingo\/","url":"https:\/\/informelitoral.com.ar\/el-turismo-carretera-llega-a-concepcion-del-uruguay-con-actividad-de-viernes-a-domingo\/","name":"El Turismo Carretera llega a Concepci\u00f3n del Uruguay con actividad de viernes a domingo - Informe Litoral","isPartOf":{"@id":"https:\/\/informelitoral.com.ar\/#website"},"primaryImageOfPage":{"@id":"https:\/\/informelitoral.com.ar\/el-turismo-carretera-llega-a-concepcion-del-uruguay-con-actividad-de-viernes-a-domingo\/#primaryimage"},"image":{"@id":"https:\/\/informelitoral.com.ar\/el-turismo-carretera-llega-a-concepcion-del-uruguay-con-actividad-de-viernes-a-domingo\/#primaryimage"},"thumbnailUrl":"https:\/\/i0.wp.com\/ahora.com.ar\/%77%70%2d%63%6f%6e%74%65%6e%74\/uploads\/2025\/07\/image-3-2.jpg?resize=696%2C284&quality=89&ssl=1","datePublished":"2025-07-10T17:12:10+00:00","dateModified":"2025-07-10T17:50:15+00:00","breadcrumb":{"@id":"https:\/\/informelitoral.com.ar\/el-turismo-carretera-llega-a-concepcion-del-uruguay-con-actividad-de-viernes-a-domingo\/#breadcrumb"},"inLanguage":"es","potentialAction":[{"@type":"ReadAction","target":["https:\/\/informelitoral.com.ar\/el-turismo-carretera-llega-a-concepcion-del-uruguay-con-actividad-de-viernes-a-domingo\/"]}]},{"@type":"ImageObject","inLanguage":"es","@id":"https:\/\/informelitoral.com.ar\/el-turismo-carretera-llega-a-concepcion-del-uruguay-con-actividad-de-viernes-a-domingo\/#primaryimage","url":"https:\/\/i0.wp.com\/ahora.com.ar\/%77%70%2d%63%6f%6e%74%65%6e%74\/uploads\/2025\/07\/image-3-2.jpg?resize=696%2C284&quality=89&ssl=1","contentUrl":"https:\/\/i0.wp.com\/ahora.com.ar\/%77%70%2d%63%6f%6e%74%65%6e%74\/uploads\/2025\/07\/image-3-2.jpg?resize=696%2C284&quality=89&ssl=1","width":"696","height":"284"},{"@type":"BreadcrumbList","@id":"https:\/\/informelitoral.com.ar\/el-turismo-carretera-llega-a-concepcion-del-uruguay-con-actividad-de-viernes-a-domingo\/#breadcrumb","itemListElement":[{"@type":"ListItem","position":1,"name":"Portada","item":"https:\/\/informelitoral.com.ar\/"},{"@type":"ListItem","position":2,"name":"El Turismo Carretera llega a Concepci\u00f3n del Uruguay con actividad de viernes a domingo"}]},{"@type":"WebSite","@id":"https:\/\/informelitoral.com.ar\/#website","url":"https:\/\/informelitoral.com.ar\/","name":"Informe Litoral","description":"&quot;Nos informamos&quot; ","publisher":{"@id":"https:\/\/informelitoral.com.ar\/#organization"},"potentialAction":[{"@type":"SearchAction","target":{"@type":"EntryPoint","urlTemplate":"https:\/\/informelitoral.com.ar\/?s={search_term_string}"},"query-input":{"@type":"PropertyValueSpecification","valueRequired":true,"valueName":"search_term_string"}}],"inLanguage":"es"},{"@type":"Organization","@id":"https:\/\/informelitoral.com.ar\/#organization","name":"Informe Litoral","url":"https:\/\/informelitoral.com.ar\/","logo":{"@type":"ImageObject","inLanguage":"es","@id":"https:\/\/informelitoral.com.ar\/#\/schema\/logo\/image\/","url":"https:\/\/informelitoral.com.ar\/%77%70%2d%63%6f%6e%74%65%6e%74\/uploads\/2021\/01\/circulo.png","contentUrl":"https:\/\/informelitoral.com.ar\/%77%70%2d%63%6f%6e%74%65%6e%74\/uploads\/2021\/01\/circulo.png","width":723,"height":731,"caption":"Informe Litoral"},"image":{"@id":"https:\/\/informelitoral.com.ar\/#\/schema\/logo\/image\/"},"sameAs":["https:\/\/www.facebook.com\/informelitoral\/","https:\/\/x.com\/InformeLitoral","https:\/\/www.instagram.com\/informelitoral\/","https:\/\/www.youtube.com\/channel\/UCua4Qvz8Icb6MYqhoq9xLXw"]},{"@type":"Person","@id":"https:\/\/informelitoral.com.ar\/#\/schema\/person\/f05f9f461677119578717524b127d6d5","name":"Sebastian","image":{"@type":"ImageObject","inLanguage":"es","@id":"https:\/\/secure.gravatar.com\/avatar\/b71bf7481d447dfb9583c7f2798e7cc64de6efb9067b74633ed8c31059a3bd82?s=96&d=mm&r=g","url":"https:\/\/secure.gravatar.com\/avatar\/b71bf7481d447dfb9583c7f2798e7cc64de6efb9067b74633ed8c31059a3bd82?s=96&d=mm&r=g","contentUrl":"https:\/\/secure.gravatar.com\/avatar\/b71bf7481d447dfb9583c7f2798e7cc64de6efb9067b74633ed8c31059a3bd82?s=96&d=mm&r=g","caption":"Sebastian"},"url":"https:\/\/informelitoral.com.ar\/author\/sebastian\/"}]}},"fifu_image_url":"https:\/\/i0.wp.com\/ahora.com.ar\/wp-content\/uploads\/2025\/07\/image-3-2.jpg?resize=696%2C284&quality=89&ssl=1","_links":{"self":[{"href":"https:\/\/informelitoral.com.ar\/%77%70%2d%6a%73%6f%6e\/wp\/v2\/posts\/226848","targetHints":{"allow":["GET"]}}],"collection":[{"href":"https:\/\/informelitoral.com.ar\/%77%70%2d%6a%73%6f%6e\/wp\/v2\/posts"}],"about":[{"href":"https:\/\/informelitoral.com.ar\/%77%70%2d%6a%73%6f%6e\/wp\/v2\/types\/post"}],"author":[{"embeddable":true,"href":"https:\/\/informelitoral.com.ar\/%77%70%2d%6a%73%6f%6e\/wp\/v2\/users\/8"}],"replies":[{"embeddable":true,"href":"https:\/\/informelitoral.com.ar\/%77%70%2d%6a%73%6f%6e\/wp\/v2\/comments?post=226848"}],"version-history":[{"count":5,"href":"https:\/\/informelitoral.com.ar\/%77%70%2d%6a%73%6f%6e\/wp\/v2\/posts\/226848\/revisions"}],"predecessor-version":[{"id":226855,"href":"https:\/\/informelitoral.com.ar\/%77%70%2d%6a%73%6f%6e\/wp\/v2\/posts\/226848\/revisions\/226855"}],"wp:featuredmedia":[{"embeddable":true,"href":"https:\/\/informelitoral.com.ar\/%77%70%2d%6a%73%6f%6e\/wp\/v2\/media\/226850"}],"wp:attachment":[{"href":"https:\/\/informelitoral.com.ar\/%77%70%2d%6a%73%6f%6e\/wp\/v2\/media?parent=226848"}],"wp:term":[{"taxonomy":"category","embeddable":true,"href":"https:\/\/informelitoral.com.ar\/%77%70%2d%6a%73%6f%6e\/wp\/v2\/categories?post=226848"},{"taxonomy":"post_tag","embeddable":true,"href":"https:\/\/informelitoral.com.ar\/%77%70%2d%6a%73%6f%6e\/wp\/v2\/tags?post=226848"}],"curies":[{"name":"wp","href":"https:\/\/api.w.org\/{rel}","templated":true}]}}