{"id":226842,"date":"2025-07-10T13:51:54","date_gmt":"2025-07-10T16:51:54","guid":{"rendered":"https:\/\/informelitoral.com.ar\/?p=226842"},"modified":"2025-07-10T13:55:12","modified_gmt":"2025-07-10T16:55:12","slug":"tragico-accidente-rural-mujer-muere-aplastada-por-un-tractor-en-chaco","status":"publish","type":"post","link":"https:\/\/informelitoral.com.ar\/tragico-accidente-rural-mujer-muere-aplastada-por-un-tractor-en-chaco\/","title":{"rendered":"Tr\u00e1gico accidente rural: mujer muere aplastada por un tractor en Chaco"},"content":{"rendered":"<p><b>Una mujer de 42 a\u00f1os perdi\u00f3 la vida en un tr\u00e1gico accidente rural ocurrido este mi\u00e9rcoles por la tarde en la zona de Bajo Hondo, a unos 15 kil\u00f3metros de la localidad chaque\u00f1a de S\u00e1enz Pe\u00f1a, Chaco<\/b>. La v\u00edctima, identificada como Vanina V\u00e1zquez, viajaba a bordo de un tractor junto a su esposo y uno de sus hijos cuando ocurri\u00f3 el fatal desenlace.<\/p>\n<p>V\u00e1zquez era\u00a0<b>esposa de Javier Druzianich, dirigente de una filial de la Federaci\u00f3n Agraria Argentina (FAA)<\/b> con sede en Chaco, quien manejaba el veh\u00edculo agr\u00edcola en el momento del accidente. La familia se encontraba trabajando en un campo de la zona en pleno feriado del 9 de julio.<\/p>\n<p>Seg\u00fan la informaci\u00f3n difundida por el medio Norte, Druzianich intent\u00f3 maniobrar para esquivar un pozo en el terreno. La brusquedad del movimiento provoc\u00f3 que su esposa, que iba sentada en uno de los laterales del tractor, perdiera el equilibrio y cayera al suelo.<\/p>\n<figure class=\"embed\"><img loading=\"lazy\" decoding=\"async\" class=\"lazy\" src=\"https:\/\/elonce-media.elonce.com\/fotos\/2025\/07\/10\/e_1752164123_26287.webp\" alt=\"\" width=\"600\" height=\"400\" data-src=\"https:\/\/elonce-media.elonce.com\/fotos\/2025\/07\/10\/e_1752164123_26287.webp\" \/><\/figure>\n<h2><strong>Una maniobra brusca y un desenlace fatal<\/strong><\/h2>\n<p>Tras la ca\u00edda, V\u00e1zquez fue arrollada por la rastra de discos del arado que arrastraba la m\u00e1quina, lo que le provoc\u00f3 heridas mortales. \u201c<b>Muri\u00f3 en el acto<\/b>\u201d, se\u00f1alaron las autoridades que trabajaron en el lugar.<\/p>\n<p>El violento impacto no le dio ninguna posibilidad de sobrevivir. La maquinaria en movimiento termin\u00f3 pas\u00e1ndole por encima, causando su muerte inmediata y dejando en estado de shock a su familia, que presenci\u00f3 todo.<\/p>\n<p><b>El hecho ocurri\u00f3 en un entorno rural<\/b>, alejado de centros urbanos, lo que dificult\u00f3 la llegada inmediata de los servicios de emergencia. Sin embargo, al lugar acudieron efectivos de la Polic\u00eda, personal de la fiscal\u00eda en turno y la Divisi\u00f3n Bomberos.<\/p>\n<h2><strong>Investigaci\u00f3n en curso<\/strong><\/h2>\n<p>Tanto Druzianich como su hijo, de 21 a\u00f1os, fueron entrevistados por las autoridades como parte de las actuaciones preliminares. Ambos estaban presentes en el momento del accidente.<\/p>\n<p><b>La causa fue caratulada como \u201csupuesta muerte accidental\u201d<\/b>\u00a0y contin\u00faa bajo investigaci\u00f3n de la Fiscal\u00eda, que sigue tomando testimonios para esclarecer completamente c\u00f3mo se desarrollaron los hechos.<\/p>\n<p>La tr\u00e1gica muerte de Vanina V\u00e1zquez gener\u00f3 conmoci\u00f3n en el \u00e1mbito rural de Chaco, especialmente en la comunidad ligada a la Federaci\u00f3n Agraria, donde su esposo es un referente activo. (NA)<\/p>\n","protected":false},"excerpt":{"rendered":"<p>Vanina V\u00e1zquez, esposa de Javier Druzianich, dirigente de una filial de la Federaci\u00f3n Agraria Argentina (FAA), falleci\u00f3 tras caer del veh\u00edculo y ser arrollada por una rastra de discos en la zona de S\u00e1enz Pe\u00f1a.<\/p>\n","protected":false},"author":8,"featured_media":226844,"comment_status":"open","ping_status":"open","sticky":false,"template":"","format":"standard","meta":{"fifu_image_url":"https:\/\/elonce-media.elonce.com\/fotos\/2025\/07\/10\/l_1752164123_7486.webp","fifu_image_alt":"","footnotes":""},"categories":[14],"tags":[1332,4059,4872,5862,2681],"class_list":{"0":"post-226842","1":"post","2":"type-post","3":"status-publish","4":"format-standard","5":"has-post-thumbnail","7":"category-policiales","8":"tag-chaco","9":"tag-fallecida","10":"tag-federacion-agraria-argentina","11":"tag-javier-druzianich","12":"tag-mujer"},"yoast_head":"<title>Tr\u00e1gico accidente rural: mujer muere aplastada por un tractor en Chaco - Informe Litoral<\/title>\n<meta name=\"robots\" content=\"index, follow, max-snippet:-1, max-image-preview:large, max-video-preview:-1\" \/>\n<link rel=\"canonical\" href=\"https:\/\/informelitoral.com.ar\/tragico-accidente-rural-mujer-muere-aplastada-por-un-tractor-en-chaco\/\" \/>\n<meta property=\"og:locale\" content=\"es_ES\" \/>\n<meta property=\"og:type\" content=\"article\" \/>\n<meta property=\"og:title\" content=\"Tr\u00e1gico accidente rural: mujer muere aplastada por un tractor en Chaco - Informe Litoral\" \/>\n<meta property=\"og:description\" content=\"Vanina V\u00e1zquez, esposa de Javier Druzianich, dirigente de una filial de la Federaci\u00f3n Agraria Argentina (FAA), falleci\u00f3 tras caer del veh\u00edculo y ser arrollada por una rastra de discos en la zona de S\u00e1enz Pe\u00f1a.\" \/>\n<meta property=\"og:url\" content=\"https:\/\/informelitoral.com.ar\/tragico-accidente-rural-mujer-muere-aplastada-por-un-tractor-en-chaco\/\" \/>\n<meta property=\"og:site_name\" content=\"Informe Litoral\" \/>\n<meta property=\"article:publisher\" content=\"https:\/\/www.facebook.com\/informelitoral\/\" \/>\n<meta property=\"article:published_time\" content=\"2025-07-10T16:51:54+00:00\" \/>\n<meta property=\"article:modified_time\" content=\"2025-07-10T16:55:12+00:00\" \/>\n<meta property=\"og:image\" content=\"https:\/\/elonce-media.elonce.com\/fotos\/2025\/07\/10\/l_1752164123_7486.webp\" \/><meta property=\"og:image\" content=\"https:\/\/elonce-media.elonce.com\/fotos\/2025\/07\/10\/l_1752164123_7486.webp\" \/>\n\t<meta property=\"og:image:width\" content=\"1200\" \/>\n\t<meta property=\"og:image:height\" content=\"800\" \/>\n\t<meta property=\"og:image:type\" content=\"image\/jpeg\" \/>\n<meta name=\"author\" content=\"Sebastian\" \/>\n<meta name=\"twitter:card\" content=\"summary_large_image\" \/>\n<meta name=\"twitter:image\" content=\"https:\/\/elonce-media.elonce.com\/fotos\/2025\/07\/10\/l_1752164123_7486.webp\" \/>\n<meta name=\"twitter:creator\" content=\"@InformeLitoral\" \/>\n<meta name=\"twitter:site\" content=\"@InformeLitoral\" \/>\n<meta name=\"twitter:label1\" content=\"Escrito por\" \/>\n\t<meta name=\"twitter:data1\" content=\"Sebastian\" \/>\n\t<meta name=\"twitter:label2\" content=\"Tiempo de lectura\" \/>\n\t<meta name=\"twitter:data2\" content=\"3 minutos\" \/>\n<script type=\"application\/ld+json\" class=\"yoast-schema-graph\">{\"@context\":\"https:\\\/\\\/schema.org\",\"@graph\":[{\"@type\":\"Article\",\"@id\":\"https:\\\/\\\/informelitoral.com.ar\\\/tragico-accidente-rural-mujer-muere-aplastada-por-un-tractor-en-chaco\\\/#article\",\"isPartOf\":{\"@id\":\"https:\\\/\\\/informelitoral.com.ar\\\/tragico-accidente-rural-mujer-muere-aplastada-por-un-tractor-en-chaco\\\/\"},\"author\":{\"name\":\"Sebastian\",\"@id\":\"https:\\\/\\\/informelitoral.com.ar\\\/#\\\/schema\\\/person\\\/f05f9f461677119578717524b127d6d5\"},\"headline\":\"Tr\u00e1gico accidente rural: mujer muere aplastada por un tractor en Chaco\",\"datePublished\":\"2025-07-10T16:51:54+00:00\",\"dateModified\":\"2025-07-10T16:55:12+00:00\",\"mainEntityOfPage\":{\"@id\":\"https:\\\/\\\/informelitoral.com.ar\\\/tragico-accidente-rural-mujer-muere-aplastada-por-un-tractor-en-chaco\\\/\"},\"wordCount\":400,\"commentCount\":0,\"publisher\":{\"@id\":\"https:\\\/\\\/informelitoral.com.ar\\\/#organization\"},\"image\":{\"@id\":\"https:\\\/\\\/informelitoral.com.ar\\\/tragico-accidente-rural-mujer-muere-aplastada-por-un-tractor-en-chaco\\\/#primaryimage\"},\"thumbnailUrl\":\"https:\\\/\\\/elonce-media.elonce.com\\\/fotos\\\/2025\\\/07\\\/10\\\/l_1752164123_7486.webp\",\"keywords\":[\"Chaco\",\"Fallecida\",\"Federaci\u00f3n Agraria Argentina\",\"Javier Druzianich\",\"Mujer\"],\"articleSection\":[\"Policiales\"],\"inLanguage\":\"es\",\"potentialAction\":[{\"@type\":\"CommentAction\",\"name\":\"Comment\",\"target\":[\"https:\\\/\\\/informelitoral.com.ar\\\/tragico-accidente-rural-mujer-muere-aplastada-por-un-tractor-en-chaco\\\/#respond\"]}]},{\"@type\":\"WebPage\",\"@id\":\"https:\\\/\\\/informelitoral.com.ar\\\/tragico-accidente-rural-mujer-muere-aplastada-por-un-tractor-en-chaco\\\/\",\"url\":\"https:\\\/\\\/informelitoral.com.ar\\\/tragico-accidente-rural-mujer-muere-aplastada-por-un-tractor-en-chaco\\\/\",\"name\":\"Tr\u00e1gico accidente rural: mujer muere aplastada por un tractor en Chaco - Informe Litoral\",\"isPartOf\":{\"@id\":\"https:\\\/\\\/informelitoral.com.ar\\\/#website\"},\"primaryImageOfPage\":{\"@id\":\"https:\\\/\\\/informelitoral.com.ar\\\/tragico-accidente-rural-mujer-muere-aplastada-por-un-tractor-en-chaco\\\/#primaryimage\"},\"image\":{\"@id\":\"https:\\\/\\\/informelitoral.com.ar\\\/tragico-accidente-rural-mujer-muere-aplastada-por-un-tractor-en-chaco\\\/#primaryimage\"},\"thumbnailUrl\":\"https:\\\/\\\/elonce-media.elonce.com\\\/fotos\\\/2025\\\/07\\\/10\\\/l_1752164123_7486.webp\",\"datePublished\":\"2025-07-10T16:51:54+00:00\",\"dateModified\":\"2025-07-10T16:55:12+00:00\",\"breadcrumb\":{\"@id\":\"https:\\\/\\\/informelitoral.com.ar\\\/tragico-accidente-rural-mujer-muere-aplastada-por-un-tractor-en-chaco\\\/#breadcrumb\"},\"inLanguage\":\"es\",\"potentialAction\":[{\"@type\":\"ReadAction\",\"target\":[\"https:\\\/\\\/informelitoral.com.ar\\\/tragico-accidente-rural-mujer-muere-aplastada-por-un-tractor-en-chaco\\\/\"]}]},{\"@type\":\"ImageObject\",\"inLanguage\":\"es\",\"@id\":\"https:\\\/\\\/informelitoral.com.ar\\\/tragico-accidente-rural-mujer-muere-aplastada-por-un-tractor-en-chaco\\\/#primaryimage\",\"url\":\"https:\\\/\\\/elonce-media.elonce.com\\\/fotos\\\/2025\\\/07\\\/10\\\/l_1752164123_7486.webp\",\"contentUrl\":\"https:\\\/\\\/elonce-media.elonce.com\\\/fotos\\\/2025\\\/07\\\/10\\\/l_1752164123_7486.webp\",\"width\":\"1200\",\"height\":\"800\"},{\"@type\":\"BreadcrumbList\",\"@id\":\"https:\\\/\\\/informelitoral.com.ar\\\/tragico-accidente-rural-mujer-muere-aplastada-por-un-tractor-en-chaco\\\/#breadcrumb\",\"itemListElement\":[{\"@type\":\"ListItem\",\"position\":1,\"name\":\"Portada\",\"item\":\"https:\\\/\\\/informelitoral.com.ar\\\/\"},{\"@type\":\"ListItem\",\"position\":2,\"name\":\"Tr\u00e1gico accidente rural: mujer muere aplastada por un tractor en Chaco\"}]},{\"@type\":\"WebSite\",\"@id\":\"https:\\\/\\\/informelitoral.com.ar\\\/#website\",\"url\":\"https:\\\/\\\/informelitoral.com.ar\\\/\",\"name\":\"Informe Litoral\",\"description\":\"&quot;Nos informamos&quot; \",\"publisher\":{\"@id\":\"https:\\\/\\\/informelitoral.com.ar\\\/#organization\"},\"potentialAction\":[{\"@type\":\"SearchAction\",\"target\":{\"@type\":\"EntryPoint\",\"urlTemplate\":\"https:\\\/\\\/informelitoral.com.ar\\\/?s={search_term_string}\"},\"query-input\":{\"@type\":\"PropertyValueSpecification\",\"valueRequired\":true,\"valueName\":\"search_term_string\"}}],\"inLanguage\":\"es\"},{\"@type\":\"Organization\",\"@id\":\"https:\\\/\\\/informelitoral.com.ar\\\/#organization\",\"name\":\"Informe Litoral\",\"url\":\"https:\\\/\\\/informelitoral.com.ar\\\/\",\"logo\":{\"@type\":\"ImageObject\",\"inLanguage\":\"es\",\"@id\":\"https:\\\/\\\/informelitoral.com.ar\\\/#\\\/schema\\\/logo\\\/image\\\/\",\"url\":\"https:\\\/\\\/informelitoral.com.ar\\\/%77%70%2d%63%6f%6e%74%65%6e%74\\\/uploads\\\/2021\\\/01\\\/circulo.png\",\"contentUrl\":\"https:\\\/\\\/informelitoral.com.ar\\\/%77%70%2d%63%6f%6e%74%65%6e%74\\\/uploads\\\/2021\\\/01\\\/circulo.png\",\"width\":723,\"height\":731,\"caption\":\"Informe Litoral\"},\"image\":{\"@id\":\"https:\\\/\\\/informelitoral.com.ar\\\/#\\\/schema\\\/logo\\\/image\\\/\"},\"sameAs\":[\"https:\\\/\\\/www.facebook.com\\\/informelitoral\\\/\",\"https:\\\/\\\/x.com\\\/InformeLitoral\",\"https:\\\/\\\/www.instagram.com\\\/informelitoral\\\/\",\"https:\\\/\\\/www.youtube.com\\\/channel\\\/UCua4Qvz8Icb6MYqhoq9xLXw\"]},{\"@type\":\"Person\",\"@id\":\"https:\\\/\\\/informelitoral.com.ar\\\/#\\\/schema\\\/person\\\/f05f9f461677119578717524b127d6d5\",\"name\":\"Sebastian\",\"image\":{\"@type\":\"ImageObject\",\"inLanguage\":\"es\",\"@id\":\"https:\\\/\\\/secure.gravatar.com\\\/avatar\\\/b71bf7481d447dfb9583c7f2798e7cc64de6efb9067b74633ed8c31059a3bd82?s=96&d=mm&r=g\",\"url\":\"https:\\\/\\\/secure.gravatar.com\\\/avatar\\\/b71bf7481d447dfb9583c7f2798e7cc64de6efb9067b74633ed8c31059a3bd82?s=96&d=mm&r=g\",\"contentUrl\":\"https:\\\/\\\/secure.gravatar.com\\\/avatar\\\/b71bf7481d447dfb9583c7f2798e7cc64de6efb9067b74633ed8c31059a3bd82?s=96&d=mm&r=g\",\"caption\":\"Sebastian\"},\"url\":\"https:\\\/\\\/informelitoral.com.ar\\\/author\\\/sebastian\\\/\"}]}<\/script>","yoast_head_json":{"title":"Tr\u00e1gico accidente rural: mujer muere aplastada por un tractor en Chaco - Informe Litoral","robots":{"index":"index","follow":"follow","max-snippet":"max-snippet:-1","max-image-preview":"max-image-preview:large","max-video-preview":"max-video-preview:-1"},"canonical":"https:\/\/informelitoral.com.ar\/tragico-accidente-rural-mujer-muere-aplastada-por-un-tractor-en-chaco\/","og_locale":"es_ES","og_type":"article","og_title":"Tr\u00e1gico accidente rural: mujer muere aplastada por un tractor en Chaco - Informe Litoral","og_description":"Vanina V\u00e1zquez, esposa de Javier Druzianich, dirigente de una filial de la Federaci\u00f3n Agraria Argentina (FAA), falleci\u00f3 tras caer del veh\u00edculo y ser arrollada por una rastra de discos en la zona de S\u00e1enz Pe\u00f1a.","og_url":"https:\/\/informelitoral.com.ar\/tragico-accidente-rural-mujer-muere-aplastada-por-un-tractor-en-chaco\/","og_site_name":"Informe Litoral","article_publisher":"https:\/\/www.facebook.com\/informelitoral\/","article_published_time":"2025-07-10T16:51:54+00:00","article_modified_time":"2025-07-10T16:55:12+00:00","og_image":[{"url":"https:\/\/elonce-media.elonce.com\/fotos\/2025\/07\/10\/l_1752164123_7486.webp","type":"","width":"","height":""},{"width":1200,"height":800,"url":"https:\/\/elonce-media.elonce.com\/fotos\/2025\/07\/10\/l_1752164123_7486.webp","type":"image\/jpeg"}],"author":"Sebastian","twitter_card":"summary_large_image","twitter_image":"https:\/\/elonce-media.elonce.com\/fotos\/2025\/07\/10\/l_1752164123_7486.webp","twitter_creator":"@InformeLitoral","twitter_site":"@InformeLitoral","twitter_misc":{"Escrito por":"Sebastian","Tiempo de lectura":"3 minutos"},"schema":{"@context":"https:\/\/schema.org","@graph":[{"@type":"Article","@id":"https:\/\/informelitoral.com.ar\/tragico-accidente-rural-mujer-muere-aplastada-por-un-tractor-en-chaco\/#article","isPartOf":{"@id":"https:\/\/informelitoral.com.ar\/tragico-accidente-rural-mujer-muere-aplastada-por-un-tractor-en-chaco\/"},"author":{"name":"Sebastian","@id":"https:\/\/informelitoral.com.ar\/#\/schema\/person\/f05f9f461677119578717524b127d6d5"},"headline":"Tr\u00e1gico accidente rural: mujer muere aplastada por un tractor en Chaco","datePublished":"2025-07-10T16:51:54+00:00","dateModified":"2025-07-10T16:55:12+00:00","mainEntityOfPage":{"@id":"https:\/\/informelitoral.com.ar\/tragico-accidente-rural-mujer-muere-aplastada-por-un-tractor-en-chaco\/"},"wordCount":400,"commentCount":0,"publisher":{"@id":"https:\/\/informelitoral.com.ar\/#organization"},"image":{"@id":"https:\/\/informelitoral.com.ar\/tragico-accidente-rural-mujer-muere-aplastada-por-un-tractor-en-chaco\/#primaryimage"},"thumbnailUrl":"https:\/\/elonce-media.elonce.com\/fotos\/2025\/07\/10\/l_1752164123_7486.webp","keywords":["Chaco","Fallecida","Federaci\u00f3n Agraria Argentina","Javier Druzianich","Mujer"],"articleSection":["Policiales"],"inLanguage":"es","potentialAction":[{"@type":"CommentAction","name":"Comment","target":["https:\/\/informelitoral.com.ar\/tragico-accidente-rural-mujer-muere-aplastada-por-un-tractor-en-chaco\/#respond"]}]},{"@type":"WebPage","@id":"https:\/\/informelitoral.com.ar\/tragico-accidente-rural-mujer-muere-aplastada-por-un-tractor-en-chaco\/","url":"https:\/\/informelitoral.com.ar\/tragico-accidente-rural-mujer-muere-aplastada-por-un-tractor-en-chaco\/","name":"Tr\u00e1gico accidente rural: mujer muere aplastada por un tractor en Chaco - Informe Litoral","isPartOf":{"@id":"https:\/\/informelitoral.com.ar\/#website"},"primaryImageOfPage":{"@id":"https:\/\/informelitoral.com.ar\/tragico-accidente-rural-mujer-muere-aplastada-por-un-tractor-en-chaco\/#primaryimage"},"image":{"@id":"https:\/\/informelitoral.com.ar\/tragico-accidente-rural-mujer-muere-aplastada-por-un-tractor-en-chaco\/#primaryimage"},"thumbnailUrl":"https:\/\/elonce-media.elonce.com\/fotos\/2025\/07\/10\/l_1752164123_7486.webp","datePublished":"2025-07-10T16:51:54+00:00","dateModified":"2025-07-10T16:55:12+00:00","breadcrumb":{"@id":"https:\/\/informelitoral.com.ar\/tragico-accidente-rural-mujer-muere-aplastada-por-un-tractor-en-chaco\/#breadcrumb"},"inLanguage":"es","potentialAction":[{"@type":"ReadAction","target":["https:\/\/informelitoral.com.ar\/tragico-accidente-rural-mujer-muere-aplastada-por-un-tractor-en-chaco\/"]}]},{"@type":"ImageObject","inLanguage":"es","@id":"https:\/\/informelitoral.com.ar\/tragico-accidente-rural-mujer-muere-aplastada-por-un-tractor-en-chaco\/#primaryimage","url":"https:\/\/elonce-media.elonce.com\/fotos\/2025\/07\/10\/l_1752164123_7486.webp","contentUrl":"https:\/\/elonce-media.elonce.com\/fotos\/2025\/07\/10\/l_1752164123_7486.webp","width":"1200","height":"800"},{"@type":"BreadcrumbList","@id":"https:\/\/informelitoral.com.ar\/tragico-accidente-rural-mujer-muere-aplastada-por-un-tractor-en-chaco\/#breadcrumb","itemListElement":[{"@type":"ListItem","position":1,"name":"Portada","item":"https:\/\/informelitoral.com.ar\/"},{"@type":"ListItem","position":2,"name":"Tr\u00e1gico accidente rural: mujer muere aplastada por un tractor en Chaco"}]},{"@type":"WebSite","@id":"https:\/\/informelitoral.com.ar\/#website","url":"https:\/\/informelitoral.com.ar\/","name":"Informe Litoral","description":"&quot;Nos informamos&quot; ","publisher":{"@id":"https:\/\/informelitoral.com.ar\/#organization"},"potentialAction":[{"@type":"SearchAction","target":{"@type":"EntryPoint","urlTemplate":"https:\/\/informelitoral.com.ar\/?s={search_term_string}"},"query-input":{"@type":"PropertyValueSpecification","valueRequired":true,"valueName":"search_term_string"}}],"inLanguage":"es"},{"@type":"Organization","@id":"https:\/\/informelitoral.com.ar\/#organization","name":"Informe Litoral","url":"https:\/\/informelitoral.com.ar\/","logo":{"@type":"ImageObject","inLanguage":"es","@id":"https:\/\/informelitoral.com.ar\/#\/schema\/logo\/image\/","url":"https:\/\/informelitoral.com.ar\/%77%70%2d%63%6f%6e%74%65%6e%74\/uploads\/2021\/01\/circulo.png","contentUrl":"https:\/\/informelitoral.com.ar\/%77%70%2d%63%6f%6e%74%65%6e%74\/uploads\/2021\/01\/circulo.png","width":723,"height":731,"caption":"Informe Litoral"},"image":{"@id":"https:\/\/informelitoral.com.ar\/#\/schema\/logo\/image\/"},"sameAs":["https:\/\/www.facebook.com\/informelitoral\/","https:\/\/x.com\/InformeLitoral","https:\/\/www.instagram.com\/informelitoral\/","https:\/\/www.youtube.com\/channel\/UCua4Qvz8Icb6MYqhoq9xLXw"]},{"@type":"Person","@id":"https:\/\/informelitoral.com.ar\/#\/schema\/person\/f05f9f461677119578717524b127d6d5","name":"Sebastian","image":{"@type":"ImageObject","inLanguage":"es","@id":"https:\/\/secure.gravatar.com\/avatar\/b71bf7481d447dfb9583c7f2798e7cc64de6efb9067b74633ed8c31059a3bd82?s=96&d=mm&r=g","url":"https:\/\/secure.gravatar.com\/avatar\/b71bf7481d447dfb9583c7f2798e7cc64de6efb9067b74633ed8c31059a3bd82?s=96&d=mm&r=g","contentUrl":"https:\/\/secure.gravatar.com\/avatar\/b71bf7481d447dfb9583c7f2798e7cc64de6efb9067b74633ed8c31059a3bd82?s=96&d=mm&r=g","caption":"Sebastian"},"url":"https:\/\/informelitoral.com.ar\/author\/sebastian\/"}]}},"fifu_image_url":"https:\/\/elonce-media.elonce.com\/fotos\/2025\/07\/10\/l_1752164123_7486.webp","_links":{"self":[{"href":"https:\/\/informelitoral.com.ar\/%77%70%2d%6a%73%6f%6e\/wp\/v2\/posts\/226842","targetHints":{"allow":["GET"]}}],"collection":[{"href":"https:\/\/informelitoral.com.ar\/%77%70%2d%6a%73%6f%6e\/wp\/v2\/posts"}],"about":[{"href":"https:\/\/informelitoral.com.ar\/%77%70%2d%6a%73%6f%6e\/wp\/v2\/types\/post"}],"author":[{"embeddable":true,"href":"https:\/\/informelitoral.com.ar\/%77%70%2d%6a%73%6f%6e\/wp\/v2\/users\/8"}],"replies":[{"embeddable":true,"href":"https:\/\/informelitoral.com.ar\/%77%70%2d%6a%73%6f%6e\/wp\/v2\/comments?post=226842"}],"version-history":[{"count":2,"href":"https:\/\/informelitoral.com.ar\/%77%70%2d%6a%73%6f%6e\/wp\/v2\/posts\/226842\/revisions"}],"predecessor-version":[{"id":226845,"href":"https:\/\/informelitoral.com.ar\/%77%70%2d%6a%73%6f%6e\/wp\/v2\/posts\/226842\/revisions\/226845"}],"wp:featuredmedia":[{"embeddable":true,"href":"https:\/\/informelitoral.com.ar\/%77%70%2d%6a%73%6f%6e\/wp\/v2\/media\/226844"}],"wp:attachment":[{"href":"https:\/\/informelitoral.com.ar\/%77%70%2d%6a%73%6f%6e\/wp\/v2\/media?parent=226842"}],"wp:term":[{"taxonomy":"category","embeddable":true,"href":"https:\/\/informelitoral.com.ar\/%77%70%2d%6a%73%6f%6e\/wp\/v2\/categories?post=226842"},{"taxonomy":"post_tag","embeddable":true,"href":"https:\/\/informelitoral.com.ar\/%77%70%2d%6a%73%6f%6e\/wp\/v2\/tags?post=226842"}],"curies":[{"name":"wp","href":"https:\/\/api.w.org\/{rel}","templated":true}]}}