{"id":226818,"date":"2025-07-10T15:48:52","date_gmt":"2025-07-10T18:48:52","guid":{"rendered":"https:\/\/informelitoral.com.ar\/?p=226818"},"modified":"2025-07-10T15:48:57","modified_gmt":"2025-07-10T18:48:57","slug":"avance-significativo-en-la-renovacion-de-banos-del-polideportivo-de-ramirez","status":"publish","type":"post","link":"https:\/\/informelitoral.com.ar\/avance-significativo-en-la-renovacion-de-banos-del-polideportivo-de-ramirez\/","title":{"rendered":"Avance significativo en la renovaci\u00f3n de ba\u00f1os del Polideportivo de Ram\u00edrez"},"content":{"rendered":"<p>Desde la <strong>Municipalidad de General Ram\u00edrez<\/strong> informaron que las obras de transformaci\u00f3n de los <strong>ba\u00f1os<\/strong> del <strong>Centro Polideportivo Municipal<\/strong> progresan a un ritmo constante, acerc\u00e1ndose a su finalizaci\u00f3n. Este proyecto busca dotar a los ciudadanos de un espacio m\u00e1s moderno, c\u00f3modo y funcional para el desarrollo de actividades<strong> deportivas y recreativas<\/strong>.<\/p>\n<p><img decoding=\"async\" src=\"https:\/\/scontent.fpra1-1.fna.fbcdn.net\/v\/t39.30808-6\/515492087_1180534060780304_65281752886281665_n.jpg?_nc_cat=111&amp;ccb=1-7&amp;_nc_sid=127cfc&amp;_nc_eui2=AeGyPkMC32g7T-LZPwzP7NebmWmGjtx7EkaZaYaO3HsSRsU1oysA7XKs2EqQdMx4Tj_ytTQ22HyVg9m0cPDPi42t&amp;_nc_ohc=IiKBhRwueWkQ7kNvwHvn3t2&amp;_nc_oc=Adkl9jPW11p3KSUKpTxW35_qsQUVZFzDT-dxw3zb8toFnoWn6tgetmFdEQSdo42QPfU&amp;_nc_zt=23&amp;_nc_ht=scontent.fpra1-1.fna&amp;_nc_gid=jJKJbJ-KT99yyHezFYAV6g&amp;oh=00_AfSJ8VHZITexzBmubv8rpDz4jpxxT__9dFACcbnTjv4QOA&amp;oe=6875A96E\" alt=\"Puede ser una imagen de 1 persona, amoladora y taller de fundici\u00f3n\" \/><\/p>\n<p>Los trabajos, que comenzaron con la demolici\u00f3n del viejo cuerpo de ba\u00f1os, incluyeron una renovaci\u00f3n integral del <strong>sistema de cloacas<\/strong>,<strong> la construcci\u00f3n de nuevos cimientos<\/strong> y<strong> el levantamiento de la mamposter\u00eda<\/strong>. Posteriormente, se realizaron los revoques, la colocaci\u00f3n de carpetas y la integraci\u00f3n de nuevas instalaciones de agua, buscando garantizar un servicio de mayor calidad para todos los usuarios.<\/p>\n<p><img decoding=\"async\" src=\"https:\/\/scontent.fpra1-1.fna.fbcdn.net\/v\/t39.30808-6\/516441677_1180533934113650_2323992586962703699_n.jpg?_nc_cat=111&amp;ccb=1-7&amp;_nc_sid=127cfc&amp;_nc_eui2=AeHTfpiwURiDy1bZ715MICIJb1Dn84pk-O9vUOfzimT474fWXKmSKtFvyBKLPFHwr6Tt4XRLHLctfGfytWa_B2xL&amp;_nc_ohc=QX5Ct24mn00Q7kNvwF4Qtp3&amp;_nc_oc=Adm28Ee-czz0Hg51X4citgrRJF578zrEDfeQW5qyZDhztEW4eLtGDCdDfnnFGmTuVus&amp;_nc_zt=23&amp;_nc_ht=scontent.fpra1-1.fna&amp;_nc_gid=Qs-fOd9ljrgwtCsVfFmKnQ&amp;oh=00_AfRvCFWSqS-V5SEQxbdIBh3f3Pav74xuAIPFjACi9jmVsA&amp;oe=68759C9C\" alt=\"No hay ninguna descripci\u00f3n de la foto disponible.\" \/><\/p>\n<p>Actualmente, la obra se encuentra en su etapa final, donde se est\u00e1n sumando los \u00faltimos detalles para completar la remodelaci\u00f3n.<em>(Informe Litoral)<\/em><\/p>\n<h6><em><strong>Del archivo:\u00a0<a href=\"https:\/\/informelitoral.com.ar\/el-gobierno-nacional-disolvio-el-fondo-nacional-del-manejo-del-fuego\/\" target=\"_blank\" rel=\"noopener\">El Gobierno nacional disolvi\u00f3 el Fondo Nacional del Manejo del Fuego<\/a><\/strong><\/em><\/h6>\n","protected":false},"excerpt":{"rendered":"<p>Desde la Municipalidad de General Ram\u00edrez informaron que la renovaci\u00f3n de los ba\u00f1os del Polideportivo Municipal se encuentra en su etapa final. Detalles de las tareas que se realizan. <\/p>\n","protected":false},"author":8,"featured_media":226821,"comment_status":"open","ping_status":"open","sticky":false,"template":"","format":"standard","meta":{"fifu_image_url":"https:\/\/lh3.googleusercontent.com\/drive-storage\/AJQWtBMyCcStoNOTfUsTg_4qJru8P9DRvYeQaxyQXBQVFJByYGyfDExbKN5WT89lCCsM37FFZV_vGs7umvoLdTkTD8fQvO5MsD10KRocXHS97bvo1T8=w2048-h2048-p-k-nu","fifu_image_alt":"","footnotes":""},"categories":[5,4586],"tags":[825,556,111,173,283,27],"class_list":{"0":"post-226818","1":"post","2":"type-post","3":"status-publish","4":"format-standard","5":"has-post-thumbnail","7":"category-zonales","8":"category-general-ramirez","9":"tag-centro-polideportivo-municipal","10":"tag-general-ramirez","11":"tag-municipales","12":"tag-municipio","13":"tag-obras","14":"tag-ramirez"},"yoast_head":"<title>Avance significativo en la renovaci\u00f3n de ba\u00f1os del Polideportivo de Ram\u00edrez - Informe Litoral<\/title>\n<meta name=\"robots\" content=\"index, follow, max-snippet:-1, max-image-preview:large, max-video-preview:-1\" \/>\n<link rel=\"canonical\" href=\"https:\/\/informelitoral.com.ar\/avance-significativo-en-la-renovacion-de-banos-del-polideportivo-de-ramirez\/\" \/>\n<meta property=\"og:locale\" content=\"es_ES\" \/>\n<meta property=\"og:type\" content=\"article\" \/>\n<meta property=\"og:title\" content=\"Avance significativo en la renovaci\u00f3n de ba\u00f1os del Polideportivo de Ram\u00edrez - Informe Litoral\" \/>\n<meta property=\"og:description\" content=\"Desde la Municipalidad de General Ram\u00edrez informaron que la renovaci\u00f3n de los ba\u00f1os del Polideportivo Municipal se encuentra en su etapa final. Detalles de las tareas que se realizan.\" \/>\n<meta property=\"og:url\" content=\"https:\/\/informelitoral.com.ar\/avance-significativo-en-la-renovacion-de-banos-del-polideportivo-de-ramirez\/\" \/>\n<meta property=\"og:site_name\" content=\"Informe Litoral\" \/>\n<meta property=\"article:publisher\" content=\"https:\/\/www.facebook.com\/informelitoral\/\" \/>\n<meta property=\"article:published_time\" content=\"2025-07-10T18:48:52+00:00\" \/>\n<meta property=\"article:modified_time\" content=\"2025-07-10T18:48:57+00:00\" \/>\n<meta property=\"og:image\" content=\"https:\/\/lh3.googleusercontent.com\/drive-storage\/AJQWtBMyCcStoNOTfUsTg_4qJru8P9DRvYeQaxyQXBQVFJByYGyfDExbKN5WT89lCCsM37FFZV_vGs7umvoLdTkTD8fQvO5MsD10KRocXHS97bvo1T8=w2048-h2048-p-k-nu\" \/><meta property=\"og:image\" content=\"https:\/\/lh3.googleusercontent.com\/drive-storage\/AJQWtBMyCcStoNOTfUsTg_4qJru8P9DRvYeQaxyQXBQVFJByYGyfDExbKN5WT89lCCsM37FFZV_vGs7umvoLdTkTD8fQvO5MsD10KRocXHS97bvo1T8=w2048-h2048-p-k-nu\" \/>\n\t<meta property=\"og:image:width\" content=\"2048\" \/>\n\t<meta property=\"og:image:height\" content=\"1365\" \/>\n\t<meta property=\"og:image:type\" content=\"image\/jpeg\" \/>\n<meta name=\"author\" content=\"Sebastian\" \/>\n<meta name=\"twitter:card\" content=\"summary_large_image\" \/>\n<meta name=\"twitter:image\" content=\"https:\/\/lh3.googleusercontent.com\/drive-storage\/AJQWtBMyCcStoNOTfUsTg_4qJru8P9DRvYeQaxyQXBQVFJByYGyfDExbKN5WT89lCCsM37FFZV_vGs7umvoLdTkTD8fQvO5MsD10KRocXHS97bvo1T8=w2048-h2048-p-k-nu\" \/>\n<meta name=\"twitter:creator\" content=\"@InformeLitoral\" \/>\n<meta name=\"twitter:site\" content=\"@InformeLitoral\" \/>\n<meta name=\"twitter:label1\" content=\"Escrito por\" \/>\n\t<meta name=\"twitter:data1\" content=\"Sebastian\" \/>\n\t<meta name=\"twitter:label2\" content=\"Tiempo de lectura\" \/>\n\t<meta name=\"twitter:data2\" content=\"2 minutos\" \/>\n<script type=\"application\/ld+json\" class=\"yoast-schema-graph\">{\"@context\":\"https:\\\/\\\/schema.org\",\"@graph\":[{\"@type\":\"Article\",\"@id\":\"https:\\\/\\\/informelitoral.com.ar\\\/avance-significativo-en-la-renovacion-de-banos-del-polideportivo-de-ramirez\\\/#article\",\"isPartOf\":{\"@id\":\"https:\\\/\\\/informelitoral.com.ar\\\/avance-significativo-en-la-renovacion-de-banos-del-polideportivo-de-ramirez\\\/\"},\"author\":{\"name\":\"Sebastian\",\"@id\":\"https:\\\/\\\/informelitoral.com.ar\\\/#\\\/schema\\\/person\\\/f05f9f461677119578717524b127d6d5\"},\"headline\":\"Avance significativo en la renovaci\u00f3n de ba\u00f1os del Polideportivo de Ram\u00edrez\",\"datePublished\":\"2025-07-10T18:48:52+00:00\",\"dateModified\":\"2025-07-10T18:48:57+00:00\",\"mainEntityOfPage\":{\"@id\":\"https:\\\/\\\/informelitoral.com.ar\\\/avance-significativo-en-la-renovacion-de-banos-del-polideportivo-de-ramirez\\\/\"},\"wordCount\":175,\"commentCount\":0,\"publisher\":{\"@id\":\"https:\\\/\\\/informelitoral.com.ar\\\/#organization\"},\"image\":{\"@id\":\"https:\\\/\\\/informelitoral.com.ar\\\/avance-significativo-en-la-renovacion-de-banos-del-polideportivo-de-ramirez\\\/#primaryimage\"},\"thumbnailUrl\":\"https:\\\/\\\/lh3.googleusercontent.com\\\/drive-storage\\\/AJQWtBMyCcStoNOTfUsTg_4qJru8P9DRvYeQaxyQXBQVFJByYGyfDExbKN5WT89lCCsM37FFZV_vGs7umvoLdTkTD8fQvO5MsD10KRocXHS97bvo1T8=w2048-h2048-p-k-nu\",\"keywords\":[\"Centro Polideportivo Municipal\",\"General Ram\u00edrez\",\"Municipales\",\"Municipio\",\"Obras\",\"Ram\u00edrez\"],\"articleSection\":[\"Departamento Diamante\",\"General Ram\u00edrez\"],\"inLanguage\":\"es\",\"potentialAction\":[{\"@type\":\"CommentAction\",\"name\":\"Comment\",\"target\":[\"https:\\\/\\\/informelitoral.com.ar\\\/avance-significativo-en-la-renovacion-de-banos-del-polideportivo-de-ramirez\\\/#respond\"]}]},{\"@type\":\"WebPage\",\"@id\":\"https:\\\/\\\/informelitoral.com.ar\\\/avance-significativo-en-la-renovacion-de-banos-del-polideportivo-de-ramirez\\\/\",\"url\":\"https:\\\/\\\/informelitoral.com.ar\\\/avance-significativo-en-la-renovacion-de-banos-del-polideportivo-de-ramirez\\\/\",\"name\":\"Avance significativo en la renovaci\u00f3n de ba\u00f1os del Polideportivo de Ram\u00edrez - Informe Litoral\",\"isPartOf\":{\"@id\":\"https:\\\/\\\/informelitoral.com.ar\\\/#website\"},\"primaryImageOfPage\":{\"@id\":\"https:\\\/\\\/informelitoral.com.ar\\\/avance-significativo-en-la-renovacion-de-banos-del-polideportivo-de-ramirez\\\/#primaryimage\"},\"image\":{\"@id\":\"https:\\\/\\\/informelitoral.com.ar\\\/avance-significativo-en-la-renovacion-de-banos-del-polideportivo-de-ramirez\\\/#primaryimage\"},\"thumbnailUrl\":\"https:\\\/\\\/lh3.googleusercontent.com\\\/drive-storage\\\/AJQWtBMyCcStoNOTfUsTg_4qJru8P9DRvYeQaxyQXBQVFJByYGyfDExbKN5WT89lCCsM37FFZV_vGs7umvoLdTkTD8fQvO5MsD10KRocXHS97bvo1T8=w2048-h2048-p-k-nu\",\"datePublished\":\"2025-07-10T18:48:52+00:00\",\"dateModified\":\"2025-07-10T18:48:57+00:00\",\"breadcrumb\":{\"@id\":\"https:\\\/\\\/informelitoral.com.ar\\\/avance-significativo-en-la-renovacion-de-banos-del-polideportivo-de-ramirez\\\/#breadcrumb\"},\"inLanguage\":\"es\",\"potentialAction\":[{\"@type\":\"ReadAction\",\"target\":[\"https:\\\/\\\/informelitoral.com.ar\\\/avance-significativo-en-la-renovacion-de-banos-del-polideportivo-de-ramirez\\\/\"]}]},{\"@type\":\"ImageObject\",\"inLanguage\":\"es\",\"@id\":\"https:\\\/\\\/informelitoral.com.ar\\\/avance-significativo-en-la-renovacion-de-banos-del-polideportivo-de-ramirez\\\/#primaryimage\",\"url\":\"https:\\\/\\\/lh3.googleusercontent.com\\\/drive-storage\\\/AJQWtBMyCcStoNOTfUsTg_4qJru8P9DRvYeQaxyQXBQVFJByYGyfDExbKN5WT89lCCsM37FFZV_vGs7umvoLdTkTD8fQvO5MsD10KRocXHS97bvo1T8=w2048-h2048-p-k-nu\",\"contentUrl\":\"https:\\\/\\\/lh3.googleusercontent.com\\\/drive-storage\\\/AJQWtBMyCcStoNOTfUsTg_4qJru8P9DRvYeQaxyQXBQVFJByYGyfDExbKN5WT89lCCsM37FFZV_vGs7umvoLdTkTD8fQvO5MsD10KRocXHS97bvo1T8=w2048-h2048-p-k-nu\",\"width\":\"2048\",\"height\":\"1365\"},{\"@type\":\"BreadcrumbList\",\"@id\":\"https:\\\/\\\/informelitoral.com.ar\\\/avance-significativo-en-la-renovacion-de-banos-del-polideportivo-de-ramirez\\\/#breadcrumb\",\"itemListElement\":[{\"@type\":\"ListItem\",\"position\":1,\"name\":\"Portada\",\"item\":\"https:\\\/\\\/informelitoral.com.ar\\\/\"},{\"@type\":\"ListItem\",\"position\":2,\"name\":\"Avance significativo en la renovaci\u00f3n de ba\u00f1os del Polideportivo de Ram\u00edrez\"}]},{\"@type\":\"WebSite\",\"@id\":\"https:\\\/\\\/informelitoral.com.ar\\\/#website\",\"url\":\"https:\\\/\\\/informelitoral.com.ar\\\/\",\"name\":\"Informe Litoral\",\"description\":\"&quot;Nos informamos&quot; \",\"publisher\":{\"@id\":\"https:\\\/\\\/informelitoral.com.ar\\\/#organization\"},\"potentialAction\":[{\"@type\":\"SearchAction\",\"target\":{\"@type\":\"EntryPoint\",\"urlTemplate\":\"https:\\\/\\\/informelitoral.com.ar\\\/?s={search_term_string}\"},\"query-input\":{\"@type\":\"PropertyValueSpecification\",\"valueRequired\":true,\"valueName\":\"search_term_string\"}}],\"inLanguage\":\"es\"},{\"@type\":\"Organization\",\"@id\":\"https:\\\/\\\/informelitoral.com.ar\\\/#organization\",\"name\":\"Informe Litoral\",\"url\":\"https:\\\/\\\/informelitoral.com.ar\\\/\",\"logo\":{\"@type\":\"ImageObject\",\"inLanguage\":\"es\",\"@id\":\"https:\\\/\\\/informelitoral.com.ar\\\/#\\\/schema\\\/logo\\\/image\\\/\",\"url\":\"https:\\\/\\\/informelitoral.com.ar\\\/%77%70%2d%63%6f%6e%74%65%6e%74\\\/uploads\\\/2021\\\/01\\\/circulo.png\",\"contentUrl\":\"https:\\\/\\\/informelitoral.com.ar\\\/%77%70%2d%63%6f%6e%74%65%6e%74\\\/uploads\\\/2021\\\/01\\\/circulo.png\",\"width\":723,\"height\":731,\"caption\":\"Informe Litoral\"},\"image\":{\"@id\":\"https:\\\/\\\/informelitoral.com.ar\\\/#\\\/schema\\\/logo\\\/image\\\/\"},\"sameAs\":[\"https:\\\/\\\/www.facebook.com\\\/informelitoral\\\/\",\"https:\\\/\\\/x.com\\\/InformeLitoral\",\"https:\\\/\\\/www.instagram.com\\\/informelitoral\\\/\",\"https:\\\/\\\/www.youtube.com\\\/channel\\\/UCua4Qvz8Icb6MYqhoq9xLXw\"]},{\"@type\":\"Person\",\"@id\":\"https:\\\/\\\/informelitoral.com.ar\\\/#\\\/schema\\\/person\\\/f05f9f461677119578717524b127d6d5\",\"name\":\"Sebastian\",\"image\":{\"@type\":\"ImageObject\",\"inLanguage\":\"es\",\"@id\":\"https:\\\/\\\/secure.gravatar.com\\\/avatar\\\/b71bf7481d447dfb9583c7f2798e7cc64de6efb9067b74633ed8c31059a3bd82?s=96&d=mm&r=g\",\"url\":\"https:\\\/\\\/secure.gravatar.com\\\/avatar\\\/b71bf7481d447dfb9583c7f2798e7cc64de6efb9067b74633ed8c31059a3bd82?s=96&d=mm&r=g\",\"contentUrl\":\"https:\\\/\\\/secure.gravatar.com\\\/avatar\\\/b71bf7481d447dfb9583c7f2798e7cc64de6efb9067b74633ed8c31059a3bd82?s=96&d=mm&r=g\",\"caption\":\"Sebastian\"},\"url\":\"https:\\\/\\\/informelitoral.com.ar\\\/author\\\/sebastian\\\/\"}]}<\/script>","yoast_head_json":{"title":"Avance significativo en la renovaci\u00f3n de ba\u00f1os del Polideportivo de Ram\u00edrez - Informe Litoral","robots":{"index":"index","follow":"follow","max-snippet":"max-snippet:-1","max-image-preview":"max-image-preview:large","max-video-preview":"max-video-preview:-1"},"canonical":"https:\/\/informelitoral.com.ar\/avance-significativo-en-la-renovacion-de-banos-del-polideportivo-de-ramirez\/","og_locale":"es_ES","og_type":"article","og_title":"Avance significativo en la renovaci\u00f3n de ba\u00f1os del Polideportivo de Ram\u00edrez - Informe Litoral","og_description":"Desde la Municipalidad de General Ram\u00edrez informaron que la renovaci\u00f3n de los ba\u00f1os del Polideportivo Municipal se encuentra en su etapa final. Detalles de las tareas que se realizan.","og_url":"https:\/\/informelitoral.com.ar\/avance-significativo-en-la-renovacion-de-banos-del-polideportivo-de-ramirez\/","og_site_name":"Informe Litoral","article_publisher":"https:\/\/www.facebook.com\/informelitoral\/","article_published_time":"2025-07-10T18:48:52+00:00","article_modified_time":"2025-07-10T18:48:57+00:00","og_image":[{"url":"https:\/\/lh3.googleusercontent.com\/drive-storage\/AJQWtBMyCcStoNOTfUsTg_4qJru8P9DRvYeQaxyQXBQVFJByYGyfDExbKN5WT89lCCsM37FFZV_vGs7umvoLdTkTD8fQvO5MsD10KRocXHS97bvo1T8=w2048-h2048-p-k-nu","type":"","width":"","height":""},{"width":2048,"height":1365,"url":"https:\/\/lh3.googleusercontent.com\/drive-storage\/AJQWtBMyCcStoNOTfUsTg_4qJru8P9DRvYeQaxyQXBQVFJByYGyfDExbKN5WT89lCCsM37FFZV_vGs7umvoLdTkTD8fQvO5MsD10KRocXHS97bvo1T8=w2048-h2048-p-k-nu","type":"image\/jpeg"}],"author":"Sebastian","twitter_card":"summary_large_image","twitter_image":"https:\/\/lh3.googleusercontent.com\/drive-storage\/AJQWtBMyCcStoNOTfUsTg_4qJru8P9DRvYeQaxyQXBQVFJByYGyfDExbKN5WT89lCCsM37FFZV_vGs7umvoLdTkTD8fQvO5MsD10KRocXHS97bvo1T8=w2048-h2048-p-k-nu","twitter_creator":"@InformeLitoral","twitter_site":"@InformeLitoral","twitter_misc":{"Escrito por":"Sebastian","Tiempo de lectura":"2 minutos"},"schema":{"@context":"https:\/\/schema.org","@graph":[{"@type":"Article","@id":"https:\/\/informelitoral.com.ar\/avance-significativo-en-la-renovacion-de-banos-del-polideportivo-de-ramirez\/#article","isPartOf":{"@id":"https:\/\/informelitoral.com.ar\/avance-significativo-en-la-renovacion-de-banos-del-polideportivo-de-ramirez\/"},"author":{"name":"Sebastian","@id":"https:\/\/informelitoral.com.ar\/#\/schema\/person\/f05f9f461677119578717524b127d6d5"},"headline":"Avance significativo en la renovaci\u00f3n de ba\u00f1os del Polideportivo de Ram\u00edrez","datePublished":"2025-07-10T18:48:52+00:00","dateModified":"2025-07-10T18:48:57+00:00","mainEntityOfPage":{"@id":"https:\/\/informelitoral.com.ar\/avance-significativo-en-la-renovacion-de-banos-del-polideportivo-de-ramirez\/"},"wordCount":175,"commentCount":0,"publisher":{"@id":"https:\/\/informelitoral.com.ar\/#organization"},"image":{"@id":"https:\/\/informelitoral.com.ar\/avance-significativo-en-la-renovacion-de-banos-del-polideportivo-de-ramirez\/#primaryimage"},"thumbnailUrl":"https:\/\/lh3.googleusercontent.com\/drive-storage\/AJQWtBMyCcStoNOTfUsTg_4qJru8P9DRvYeQaxyQXBQVFJByYGyfDExbKN5WT89lCCsM37FFZV_vGs7umvoLdTkTD8fQvO5MsD10KRocXHS97bvo1T8=w2048-h2048-p-k-nu","keywords":["Centro Polideportivo Municipal","General Ram\u00edrez","Municipales","Municipio","Obras","Ram\u00edrez"],"articleSection":["Departamento Diamante","General Ram\u00edrez"],"inLanguage":"es","potentialAction":[{"@type":"CommentAction","name":"Comment","target":["https:\/\/informelitoral.com.ar\/avance-significativo-en-la-renovacion-de-banos-del-polideportivo-de-ramirez\/#respond"]}]},{"@type":"WebPage","@id":"https:\/\/informelitoral.com.ar\/avance-significativo-en-la-renovacion-de-banos-del-polideportivo-de-ramirez\/","url":"https:\/\/informelitoral.com.ar\/avance-significativo-en-la-renovacion-de-banos-del-polideportivo-de-ramirez\/","name":"Avance significativo en la renovaci\u00f3n de ba\u00f1os del Polideportivo de Ram\u00edrez - Informe Litoral","isPartOf":{"@id":"https:\/\/informelitoral.com.ar\/#website"},"primaryImageOfPage":{"@id":"https:\/\/informelitoral.com.ar\/avance-significativo-en-la-renovacion-de-banos-del-polideportivo-de-ramirez\/#primaryimage"},"image":{"@id":"https:\/\/informelitoral.com.ar\/avance-significativo-en-la-renovacion-de-banos-del-polideportivo-de-ramirez\/#primaryimage"},"thumbnailUrl":"https:\/\/lh3.googleusercontent.com\/drive-storage\/AJQWtBMyCcStoNOTfUsTg_4qJru8P9DRvYeQaxyQXBQVFJByYGyfDExbKN5WT89lCCsM37FFZV_vGs7umvoLdTkTD8fQvO5MsD10KRocXHS97bvo1T8=w2048-h2048-p-k-nu","datePublished":"2025-07-10T18:48:52+00:00","dateModified":"2025-07-10T18:48:57+00:00","breadcrumb":{"@id":"https:\/\/informelitoral.com.ar\/avance-significativo-en-la-renovacion-de-banos-del-polideportivo-de-ramirez\/#breadcrumb"},"inLanguage":"es","potentialAction":[{"@type":"ReadAction","target":["https:\/\/informelitoral.com.ar\/avance-significativo-en-la-renovacion-de-banos-del-polideportivo-de-ramirez\/"]}]},{"@type":"ImageObject","inLanguage":"es","@id":"https:\/\/informelitoral.com.ar\/avance-significativo-en-la-renovacion-de-banos-del-polideportivo-de-ramirez\/#primaryimage","url":"https:\/\/lh3.googleusercontent.com\/drive-storage\/AJQWtBMyCcStoNOTfUsTg_4qJru8P9DRvYeQaxyQXBQVFJByYGyfDExbKN5WT89lCCsM37FFZV_vGs7umvoLdTkTD8fQvO5MsD10KRocXHS97bvo1T8=w2048-h2048-p-k-nu","contentUrl":"https:\/\/lh3.googleusercontent.com\/drive-storage\/AJQWtBMyCcStoNOTfUsTg_4qJru8P9DRvYeQaxyQXBQVFJByYGyfDExbKN5WT89lCCsM37FFZV_vGs7umvoLdTkTD8fQvO5MsD10KRocXHS97bvo1T8=w2048-h2048-p-k-nu","width":"2048","height":"1365"},{"@type":"BreadcrumbList","@id":"https:\/\/informelitoral.com.ar\/avance-significativo-en-la-renovacion-de-banos-del-polideportivo-de-ramirez\/#breadcrumb","itemListElement":[{"@type":"ListItem","position":1,"name":"Portada","item":"https:\/\/informelitoral.com.ar\/"},{"@type":"ListItem","position":2,"name":"Avance significativo en la renovaci\u00f3n de ba\u00f1os del Polideportivo de Ram\u00edrez"}]},{"@type":"WebSite","@id":"https:\/\/informelitoral.com.ar\/#website","url":"https:\/\/informelitoral.com.ar\/","name":"Informe Litoral","description":"&quot;Nos informamos&quot; ","publisher":{"@id":"https:\/\/informelitoral.com.ar\/#organization"},"potentialAction":[{"@type":"SearchAction","target":{"@type":"EntryPoint","urlTemplate":"https:\/\/informelitoral.com.ar\/?s={search_term_string}"},"query-input":{"@type":"PropertyValueSpecification","valueRequired":true,"valueName":"search_term_string"}}],"inLanguage":"es"},{"@type":"Organization","@id":"https:\/\/informelitoral.com.ar\/#organization","name":"Informe Litoral","url":"https:\/\/informelitoral.com.ar\/","logo":{"@type":"ImageObject","inLanguage":"es","@id":"https:\/\/informelitoral.com.ar\/#\/schema\/logo\/image\/","url":"https:\/\/informelitoral.com.ar\/%77%70%2d%63%6f%6e%74%65%6e%74\/uploads\/2021\/01\/circulo.png","contentUrl":"https:\/\/informelitoral.com.ar\/%77%70%2d%63%6f%6e%74%65%6e%74\/uploads\/2021\/01\/circulo.png","width":723,"height":731,"caption":"Informe Litoral"},"image":{"@id":"https:\/\/informelitoral.com.ar\/#\/schema\/logo\/image\/"},"sameAs":["https:\/\/www.facebook.com\/informelitoral\/","https:\/\/x.com\/InformeLitoral","https:\/\/www.instagram.com\/informelitoral\/","https:\/\/www.youtube.com\/channel\/UCua4Qvz8Icb6MYqhoq9xLXw"]},{"@type":"Person","@id":"https:\/\/informelitoral.com.ar\/#\/schema\/person\/f05f9f461677119578717524b127d6d5","name":"Sebastian","image":{"@type":"ImageObject","inLanguage":"es","@id":"https:\/\/secure.gravatar.com\/avatar\/b71bf7481d447dfb9583c7f2798e7cc64de6efb9067b74633ed8c31059a3bd82?s=96&d=mm&r=g","url":"https:\/\/secure.gravatar.com\/avatar\/b71bf7481d447dfb9583c7f2798e7cc64de6efb9067b74633ed8c31059a3bd82?s=96&d=mm&r=g","contentUrl":"https:\/\/secure.gravatar.com\/avatar\/b71bf7481d447dfb9583c7f2798e7cc64de6efb9067b74633ed8c31059a3bd82?s=96&d=mm&r=g","caption":"Sebastian"},"url":"https:\/\/informelitoral.com.ar\/author\/sebastian\/"}]}},"fifu_image_url":"https:\/\/lh3.googleusercontent.com\/drive-storage\/AJQWtBMyCcStoNOTfUsTg_4qJru8P9DRvYeQaxyQXBQVFJByYGyfDExbKN5WT89lCCsM37FFZV_vGs7umvoLdTkTD8fQvO5MsD10KRocXHS97bvo1T8=w2048-h2048-p-k-nu","_links":{"self":[{"href":"https:\/\/informelitoral.com.ar\/%77%70%2d%6a%73%6f%6e\/wp\/v2\/posts\/226818","targetHints":{"allow":["GET"]}}],"collection":[{"href":"https:\/\/informelitoral.com.ar\/%77%70%2d%6a%73%6f%6e\/wp\/v2\/posts"}],"about":[{"href":"https:\/\/informelitoral.com.ar\/%77%70%2d%6a%73%6f%6e\/wp\/v2\/types\/post"}],"author":[{"embeddable":true,"href":"https:\/\/informelitoral.com.ar\/%77%70%2d%6a%73%6f%6e\/wp\/v2\/users\/8"}],"replies":[{"embeddable":true,"href":"https:\/\/informelitoral.com.ar\/%77%70%2d%6a%73%6f%6e\/wp\/v2\/comments?post=226818"}],"version-history":[{"count":6,"href":"https:\/\/informelitoral.com.ar\/%77%70%2d%6a%73%6f%6e\/wp\/v2\/posts\/226818\/revisions"}],"predecessor-version":[{"id":226827,"href":"https:\/\/informelitoral.com.ar\/%77%70%2d%6a%73%6f%6e\/wp\/v2\/posts\/226818\/revisions\/226827"}],"wp:featuredmedia":[{"embeddable":true,"href":"https:\/\/informelitoral.com.ar\/%77%70%2d%6a%73%6f%6e\/wp\/v2\/media\/226821"}],"wp:attachment":[{"href":"https:\/\/informelitoral.com.ar\/%77%70%2d%6a%73%6f%6e\/wp\/v2\/media?parent=226818"}],"wp:term":[{"taxonomy":"category","embeddable":true,"href":"https:\/\/informelitoral.com.ar\/%77%70%2d%6a%73%6f%6e\/wp\/v2\/categories?post=226818"},{"taxonomy":"post_tag","embeddable":true,"href":"https:\/\/informelitoral.com.ar\/%77%70%2d%6a%73%6f%6e\/wp\/v2\/tags?post=226818"}],"curies":[{"name":"wp","href":"https:\/\/api.w.org\/{rel}","templated":true}]}}