{"id":226803,"date":"2025-07-10T11:56:35","date_gmt":"2025-07-10T14:56:35","guid":{"rendered":"https:\/\/informelitoral.com.ar\/?p=226803"},"modified":"2025-07-10T14:29:37","modified_gmt":"2025-07-10T17:29:37","slug":"vecinos-redujeron-a-un-ladron-armado-con-un-machete-en-parana","status":"publish","type":"post","link":"https:\/\/informelitoral.com.ar\/vecinos-redujeron-a-un-ladron-armado-con-un-machete-en-parana\/","title":{"rendered":"Vecinos redujeron a un ladr\u00f3n armado con un machete en Paran\u00e1"},"content":{"rendered":"<p>Durante la madrugada de este jueves, un intento de robo en una vivienda de calle El Resero deriv\u00f3 en una violenta confrontaci\u00f3n que culmin\u00f3 con la detenci\u00f3n de un joven de 27 a\u00f1os, luego de ser agredido por vecinos. El hecho se inici\u00f3 con la alarma de un hombre armado con un machete en la v\u00eda p\u00fablica, lo que moviliz\u00f3 a personal de la Comisar\u00eda Quinta.<\/p>\n<p>Al llegar al lugar, los efectivos policiales se encontraron con un tumulto de vecinos que estaban golpeando a un sujeto. La intervenci\u00f3n policial fue inmediata para controlar la situaci\u00f3n y resguardar la integridad del agredido.<\/p>\n<p>Seg\u00fan informaron fuentes policiales, el individuo \u2014un joven de 27 a\u00f1os\u2014 hab\u00eda ingresado momentos antes a una propiedad de la zona con intenciones de robo. Fue sorprendido por el due\u00f1o del domicilio cuando intentaba sustraer elementos del interior de un veh\u00edculo que se encontraba estacionado en la propiedad.<\/p>\n<h2><strong>Confrontaci\u00f3n y reacci\u00f3n vecinal<\/strong><\/h2>\n<p>Al advertir la presencia del intruso, el propietario de la vivienda enfrent\u00f3 al ladr\u00f3n, desat\u00e1ndose una pelea. La confrontaci\u00f3n fue r\u00e1pidamente advertida por varios vecinos de la zona, quienes se sumaron a la contienda y lograron reducir al sujeto a golpes.<\/p>\n<p>Una vez controlada la situaci\u00f3n y con la llegada de la polic\u00eda, el fiscal interviniente dispuso la <b>detenci\u00f3n del autor del hecho<\/b>, quien fue trasladado a la Alcaid\u00eda de Tribunales. En cuanto al due\u00f1o de casa, v\u00edctima del intento de robo, fue derivado al Centro de Salud Ram\u00f3n Carrillo para recibir atenci\u00f3n m\u00e9dica debido a una <b>lesi\u00f3n en el cuero cabelludo<\/b> producto del enfrentamiento.(<em>Entremedios Web<\/em>)<\/p>\n<h6><em><strong>Del archivo:\u00a0<a href=\"https:\/\/informelitoral.com.ar\/detuvieron-a-dos-hombres-por-robo-en-ramirez-recuperaron-herramientas-electrodomesticos-y-alimentos\/\" target=\"_blank\" rel=\"noopener\">Detuvieron a dos hombres por robo en Ram\u00edrez: recuperaron herramientas, electrodom\u00e9sticos y alimentos<\/a><\/strong><\/em><\/h6>\n","protected":false},"excerpt":{"rendered":"<p>El delincuente, que intentaba robar un veh\u00edculo, fue sorprendido por el due\u00f1o de casa y luego golpeado por un grupo de vecinos antes de ser detenido por la polic\u00eda.<\/p>\n","protected":false},"author":8,"featured_media":226805,"comment_status":"open","ping_status":"open","sticky":false,"template":"","format":"standard","meta":{"fifu_image_url":"https:\/\/i0.wp.com\/entremediosweb.com\/wp-content\/uploads\/2025\/07\/e_1752144296_13848.webp?w=900&ssl=1","fifu_image_alt":"","footnotes":""},"categories":[14],"tags":[307,3463,45],"class_list":{"0":"post-226803","1":"post","2":"type-post","3":"status-publish","4":"format-standard","5":"has-post-thumbnail","7":"category-policiales","8":"tag-detenido","9":"tag-intento-de-robo","10":"tag-parana"},"yoast_head":"<title>Vecinos redujeron a un ladr\u00f3n armado con un machete en Paran\u00e1 - Informe Litoral<\/title>\n<meta name=\"robots\" content=\"index, follow, max-snippet:-1, max-image-preview:large, max-video-preview:-1\" \/>\n<link rel=\"canonical\" href=\"https:\/\/informelitoral.com.ar\/vecinos-redujeron-a-un-ladron-armado-con-un-machete-en-parana\/\" \/>\n<meta property=\"og:locale\" content=\"es_ES\" \/>\n<meta property=\"og:type\" content=\"article\" \/>\n<meta property=\"og:title\" content=\"Vecinos redujeron a un ladr\u00f3n armado con un machete en Paran\u00e1 - Informe Litoral\" \/>\n<meta property=\"og:description\" content=\"El delincuente, que intentaba robar un veh\u00edculo, fue sorprendido por el due\u00f1o de casa y luego golpeado por un grupo de vecinos antes de ser detenido por la polic\u00eda.\" \/>\n<meta property=\"og:url\" content=\"https:\/\/informelitoral.com.ar\/vecinos-redujeron-a-un-ladron-armado-con-un-machete-en-parana\/\" \/>\n<meta property=\"og:site_name\" content=\"Informe Litoral\" \/>\n<meta property=\"article:publisher\" content=\"https:\/\/www.facebook.com\/informelitoral\/\" \/>\n<meta property=\"article:published_time\" content=\"2025-07-10T14:56:35+00:00\" \/>\n<meta property=\"article:modified_time\" content=\"2025-07-10T17:29:37+00:00\" \/>\n<meta property=\"og:image\" content=\"https:\/\/i0.wp.com\/entremediosweb.com\/%77%70%2d%63%6f%6e%74%65%6e%74\/uploads\/2025\/07\/e_1752144296_13848.webp?w=900&ssl=1\" \/>\n<meta name=\"author\" content=\"Sebastian\" \/>\n<meta name=\"twitter:card\" content=\"summary_large_image\" \/>\n<meta name=\"twitter:image\" content=\"https:\/\/i0.wp.com\/entremediosweb.com\/%77%70%2d%63%6f%6e%74%65%6e%74\/uploads\/2025\/07\/e_1752144296_13848.webp?w=900&ssl=1\" \/>\n<meta name=\"twitter:creator\" content=\"@InformeLitoral\" \/>\n<meta name=\"twitter:site\" content=\"@InformeLitoral\" \/>\n<meta name=\"twitter:label1\" content=\"Escrito por\" \/>\n\t<meta name=\"twitter:data1\" content=\"Sebastian\" \/>\n\t<meta name=\"twitter:label2\" content=\"Tiempo de lectura\" \/>\n\t<meta name=\"twitter:data2\" content=\"2 minutos\" \/>\n<script type=\"application\/ld+json\" class=\"yoast-schema-graph\">{\"@context\":\"https:\\\/\\\/schema.org\",\"@graph\":[{\"@type\":\"Article\",\"@id\":\"https:\\\/\\\/informelitoral.com.ar\\\/vecinos-redujeron-a-un-ladron-armado-con-un-machete-en-parana\\\/#article\",\"isPartOf\":{\"@id\":\"https:\\\/\\\/informelitoral.com.ar\\\/vecinos-redujeron-a-un-ladron-armado-con-un-machete-en-parana\\\/\"},\"author\":{\"name\":\"Sebastian\",\"@id\":\"https:\\\/\\\/informelitoral.com.ar\\\/#\\\/schema\\\/person\\\/f05f9f461677119578717524b127d6d5\"},\"headline\":\"Vecinos redujeron a un ladr\u00f3n armado con un machete en Paran\u00e1\",\"datePublished\":\"2025-07-10T14:56:35+00:00\",\"dateModified\":\"2025-07-10T17:29:37+00:00\",\"mainEntityOfPage\":{\"@id\":\"https:\\\/\\\/informelitoral.com.ar\\\/vecinos-redujeron-a-un-ladron-armado-con-un-machete-en-parana\\\/\"},\"wordCount\":316,\"commentCount\":0,\"publisher\":{\"@id\":\"https:\\\/\\\/informelitoral.com.ar\\\/#organization\"},\"image\":{\"@id\":\"https:\\\/\\\/informelitoral.com.ar\\\/vecinos-redujeron-a-un-ladron-armado-con-un-machete-en-parana\\\/#primaryimage\"},\"thumbnailUrl\":\"https:\\\/\\\/i0.wp.com\\\/entremediosweb.com\\\/%77%70%2d%63%6f%6e%74%65%6e%74\\\/uploads\\\/2025\\\/07\\\/e_1752144296_13848.webp?w=900&ssl=1\",\"keywords\":[\"Detenido\",\"Intento de robo\",\"Paran\u00e1\"],\"articleSection\":[\"Policiales\"],\"inLanguage\":\"es\",\"potentialAction\":[{\"@type\":\"CommentAction\",\"name\":\"Comment\",\"target\":[\"https:\\\/\\\/informelitoral.com.ar\\\/vecinos-redujeron-a-un-ladron-armado-con-un-machete-en-parana\\\/#respond\"]}]},{\"@type\":\"WebPage\",\"@id\":\"https:\\\/\\\/informelitoral.com.ar\\\/vecinos-redujeron-a-un-ladron-armado-con-un-machete-en-parana\\\/\",\"url\":\"https:\\\/\\\/informelitoral.com.ar\\\/vecinos-redujeron-a-un-ladron-armado-con-un-machete-en-parana\\\/\",\"name\":\"Vecinos redujeron a un ladr\u00f3n armado con un machete en Paran\u00e1 - Informe Litoral\",\"isPartOf\":{\"@id\":\"https:\\\/\\\/informelitoral.com.ar\\\/#website\"},\"primaryImageOfPage\":{\"@id\":\"https:\\\/\\\/informelitoral.com.ar\\\/vecinos-redujeron-a-un-ladron-armado-con-un-machete-en-parana\\\/#primaryimage\"},\"image\":{\"@id\":\"https:\\\/\\\/informelitoral.com.ar\\\/vecinos-redujeron-a-un-ladron-armado-con-un-machete-en-parana\\\/#primaryimage\"},\"thumbnailUrl\":\"https:\\\/\\\/i0.wp.com\\\/entremediosweb.com\\\/%77%70%2d%63%6f%6e%74%65%6e%74\\\/uploads\\\/2025\\\/07\\\/e_1752144296_13848.webp?w=900&ssl=1\",\"datePublished\":\"2025-07-10T14:56:35+00:00\",\"dateModified\":\"2025-07-10T17:29:37+00:00\",\"breadcrumb\":{\"@id\":\"https:\\\/\\\/informelitoral.com.ar\\\/vecinos-redujeron-a-un-ladron-armado-con-un-machete-en-parana\\\/#breadcrumb\"},\"inLanguage\":\"es\",\"potentialAction\":[{\"@type\":\"ReadAction\",\"target\":[\"https:\\\/\\\/informelitoral.com.ar\\\/vecinos-redujeron-a-un-ladron-armado-con-un-machete-en-parana\\\/\"]}]},{\"@type\":\"ImageObject\",\"inLanguage\":\"es\",\"@id\":\"https:\\\/\\\/informelitoral.com.ar\\\/vecinos-redujeron-a-un-ladron-armado-con-un-machete-en-parana\\\/#primaryimage\",\"url\":\"https:\\\/\\\/i0.wp.com\\\/entremediosweb.com\\\/%77%70%2d%63%6f%6e%74%65%6e%74\\\/uploads\\\/2025\\\/07\\\/e_1752144296_13848.webp?w=900&ssl=1\",\"contentUrl\":\"https:\\\/\\\/i0.wp.com\\\/entremediosweb.com\\\/%77%70%2d%63%6f%6e%74%65%6e%74\\\/uploads\\\/2025\\\/07\\\/e_1752144296_13848.webp?w=900&ssl=1\",\"width\":\"900\",\"height\":\"600\"},{\"@type\":\"BreadcrumbList\",\"@id\":\"https:\\\/\\\/informelitoral.com.ar\\\/vecinos-redujeron-a-un-ladron-armado-con-un-machete-en-parana\\\/#breadcrumb\",\"itemListElement\":[{\"@type\":\"ListItem\",\"position\":1,\"name\":\"Portada\",\"item\":\"https:\\\/\\\/informelitoral.com.ar\\\/\"},{\"@type\":\"ListItem\",\"position\":2,\"name\":\"Vecinos redujeron a un ladr\u00f3n armado con un machete en Paran\u00e1\"}]},{\"@type\":\"WebSite\",\"@id\":\"https:\\\/\\\/informelitoral.com.ar\\\/#website\",\"url\":\"https:\\\/\\\/informelitoral.com.ar\\\/\",\"name\":\"Informe Litoral\",\"description\":\"&quot;Nos informamos&quot; \",\"publisher\":{\"@id\":\"https:\\\/\\\/informelitoral.com.ar\\\/#organization\"},\"potentialAction\":[{\"@type\":\"SearchAction\",\"target\":{\"@type\":\"EntryPoint\",\"urlTemplate\":\"https:\\\/\\\/informelitoral.com.ar\\\/?s={search_term_string}\"},\"query-input\":{\"@type\":\"PropertyValueSpecification\",\"valueRequired\":true,\"valueName\":\"search_term_string\"}}],\"inLanguage\":\"es\"},{\"@type\":\"Organization\",\"@id\":\"https:\\\/\\\/informelitoral.com.ar\\\/#organization\",\"name\":\"Informe Litoral\",\"url\":\"https:\\\/\\\/informelitoral.com.ar\\\/\",\"logo\":{\"@type\":\"ImageObject\",\"inLanguage\":\"es\",\"@id\":\"https:\\\/\\\/informelitoral.com.ar\\\/#\\\/schema\\\/logo\\\/image\\\/\",\"url\":\"https:\\\/\\\/informelitoral.com.ar\\\/%77%70%2d%63%6f%6e%74%65%6e%74\\\/uploads\\\/2021\\\/01\\\/circulo.png\",\"contentUrl\":\"https:\\\/\\\/informelitoral.com.ar\\\/%77%70%2d%63%6f%6e%74%65%6e%74\\\/uploads\\\/2021\\\/01\\\/circulo.png\",\"width\":723,\"height\":731,\"caption\":\"Informe Litoral\"},\"image\":{\"@id\":\"https:\\\/\\\/informelitoral.com.ar\\\/#\\\/schema\\\/logo\\\/image\\\/\"},\"sameAs\":[\"https:\\\/\\\/www.facebook.com\\\/informelitoral\\\/\",\"https:\\\/\\\/x.com\\\/InformeLitoral\",\"https:\\\/\\\/www.instagram.com\\\/informelitoral\\\/\",\"https:\\\/\\\/www.youtube.com\\\/channel\\\/UCua4Qvz8Icb6MYqhoq9xLXw\"]},{\"@type\":\"Person\",\"@id\":\"https:\\\/\\\/informelitoral.com.ar\\\/#\\\/schema\\\/person\\\/f05f9f461677119578717524b127d6d5\",\"name\":\"Sebastian\",\"image\":{\"@type\":\"ImageObject\",\"inLanguage\":\"es\",\"@id\":\"https:\\\/\\\/secure.gravatar.com\\\/avatar\\\/b71bf7481d447dfb9583c7f2798e7cc64de6efb9067b74633ed8c31059a3bd82?s=96&d=mm&r=g\",\"url\":\"https:\\\/\\\/secure.gravatar.com\\\/avatar\\\/b71bf7481d447dfb9583c7f2798e7cc64de6efb9067b74633ed8c31059a3bd82?s=96&d=mm&r=g\",\"contentUrl\":\"https:\\\/\\\/secure.gravatar.com\\\/avatar\\\/b71bf7481d447dfb9583c7f2798e7cc64de6efb9067b74633ed8c31059a3bd82?s=96&d=mm&r=g\",\"caption\":\"Sebastian\"},\"url\":\"https:\\\/\\\/informelitoral.com.ar\\\/author\\\/sebastian\\\/\"}]}<\/script>","yoast_head_json":{"title":"Vecinos redujeron a un ladr\u00f3n armado con un machete en Paran\u00e1 - Informe Litoral","robots":{"index":"index","follow":"follow","max-snippet":"max-snippet:-1","max-image-preview":"max-image-preview:large","max-video-preview":"max-video-preview:-1"},"canonical":"https:\/\/informelitoral.com.ar\/vecinos-redujeron-a-un-ladron-armado-con-un-machete-en-parana\/","og_locale":"es_ES","og_type":"article","og_title":"Vecinos redujeron a un ladr\u00f3n armado con un machete en Paran\u00e1 - Informe Litoral","og_description":"El delincuente, que intentaba robar un veh\u00edculo, fue sorprendido por el due\u00f1o de casa y luego golpeado por un grupo de vecinos antes de ser detenido por la polic\u00eda.","og_url":"https:\/\/informelitoral.com.ar\/vecinos-redujeron-a-un-ladron-armado-con-un-machete-en-parana\/","og_site_name":"Informe Litoral","article_publisher":"https:\/\/www.facebook.com\/informelitoral\/","article_published_time":"2025-07-10T14:56:35+00:00","article_modified_time":"2025-07-10T17:29:37+00:00","og_image":[{"url":"https:\/\/i0.wp.com\/entremediosweb.com\/wp-content\/uploads\/2025\/07\/e_1752144296_13848.webp?w=900&ssl=1","type":"","width":"","height":""}],"author":"Sebastian","twitter_card":"summary_large_image","twitter_image":"https:\/\/i0.wp.com\/entremediosweb.com\/wp-content\/uploads\/2025\/07\/e_1752144296_13848.webp?w=900&ssl=1","twitter_creator":"@InformeLitoral","twitter_site":"@InformeLitoral","twitter_misc":{"Escrito por":"Sebastian","Tiempo de lectura":"2 minutos"},"schema":{"@context":"https:\/\/schema.org","@graph":[{"@type":"Article","@id":"https:\/\/informelitoral.com.ar\/vecinos-redujeron-a-un-ladron-armado-con-un-machete-en-parana\/#article","isPartOf":{"@id":"https:\/\/informelitoral.com.ar\/vecinos-redujeron-a-un-ladron-armado-con-un-machete-en-parana\/"},"author":{"name":"Sebastian","@id":"https:\/\/informelitoral.com.ar\/#\/schema\/person\/f05f9f461677119578717524b127d6d5"},"headline":"Vecinos redujeron a un ladr\u00f3n armado con un machete en Paran\u00e1","datePublished":"2025-07-10T14:56:35+00:00","dateModified":"2025-07-10T17:29:37+00:00","mainEntityOfPage":{"@id":"https:\/\/informelitoral.com.ar\/vecinos-redujeron-a-un-ladron-armado-con-un-machete-en-parana\/"},"wordCount":316,"commentCount":0,"publisher":{"@id":"https:\/\/informelitoral.com.ar\/#organization"},"image":{"@id":"https:\/\/informelitoral.com.ar\/vecinos-redujeron-a-un-ladron-armado-con-un-machete-en-parana\/#primaryimage"},"thumbnailUrl":"https:\/\/i0.wp.com\/entremediosweb.com\/%77%70%2d%63%6f%6e%74%65%6e%74\/uploads\/2025\/07\/e_1752144296_13848.webp?w=900&ssl=1","keywords":["Detenido","Intento de robo","Paran\u00e1"],"articleSection":["Policiales"],"inLanguage":"es","potentialAction":[{"@type":"CommentAction","name":"Comment","target":["https:\/\/informelitoral.com.ar\/vecinos-redujeron-a-un-ladron-armado-con-un-machete-en-parana\/#respond"]}]},{"@type":"WebPage","@id":"https:\/\/informelitoral.com.ar\/vecinos-redujeron-a-un-ladron-armado-con-un-machete-en-parana\/","url":"https:\/\/informelitoral.com.ar\/vecinos-redujeron-a-un-ladron-armado-con-un-machete-en-parana\/","name":"Vecinos redujeron a un ladr\u00f3n armado con un machete en Paran\u00e1 - Informe Litoral","isPartOf":{"@id":"https:\/\/informelitoral.com.ar\/#website"},"primaryImageOfPage":{"@id":"https:\/\/informelitoral.com.ar\/vecinos-redujeron-a-un-ladron-armado-con-un-machete-en-parana\/#primaryimage"},"image":{"@id":"https:\/\/informelitoral.com.ar\/vecinos-redujeron-a-un-ladron-armado-con-un-machete-en-parana\/#primaryimage"},"thumbnailUrl":"https:\/\/i0.wp.com\/entremediosweb.com\/%77%70%2d%63%6f%6e%74%65%6e%74\/uploads\/2025\/07\/e_1752144296_13848.webp?w=900&ssl=1","datePublished":"2025-07-10T14:56:35+00:00","dateModified":"2025-07-10T17:29:37+00:00","breadcrumb":{"@id":"https:\/\/informelitoral.com.ar\/vecinos-redujeron-a-un-ladron-armado-con-un-machete-en-parana\/#breadcrumb"},"inLanguage":"es","potentialAction":[{"@type":"ReadAction","target":["https:\/\/informelitoral.com.ar\/vecinos-redujeron-a-un-ladron-armado-con-un-machete-en-parana\/"]}]},{"@type":"ImageObject","inLanguage":"es","@id":"https:\/\/informelitoral.com.ar\/vecinos-redujeron-a-un-ladron-armado-con-un-machete-en-parana\/#primaryimage","url":"https:\/\/i0.wp.com\/entremediosweb.com\/%77%70%2d%63%6f%6e%74%65%6e%74\/uploads\/2025\/07\/e_1752144296_13848.webp?w=900&ssl=1","contentUrl":"https:\/\/i0.wp.com\/entremediosweb.com\/%77%70%2d%63%6f%6e%74%65%6e%74\/uploads\/2025\/07\/e_1752144296_13848.webp?w=900&ssl=1","width":"900","height":"600"},{"@type":"BreadcrumbList","@id":"https:\/\/informelitoral.com.ar\/vecinos-redujeron-a-un-ladron-armado-con-un-machete-en-parana\/#breadcrumb","itemListElement":[{"@type":"ListItem","position":1,"name":"Portada","item":"https:\/\/informelitoral.com.ar\/"},{"@type":"ListItem","position":2,"name":"Vecinos redujeron a un ladr\u00f3n armado con un machete en Paran\u00e1"}]},{"@type":"WebSite","@id":"https:\/\/informelitoral.com.ar\/#website","url":"https:\/\/informelitoral.com.ar\/","name":"Informe Litoral","description":"&quot;Nos informamos&quot; ","publisher":{"@id":"https:\/\/informelitoral.com.ar\/#organization"},"potentialAction":[{"@type":"SearchAction","target":{"@type":"EntryPoint","urlTemplate":"https:\/\/informelitoral.com.ar\/?s={search_term_string}"},"query-input":{"@type":"PropertyValueSpecification","valueRequired":true,"valueName":"search_term_string"}}],"inLanguage":"es"},{"@type":"Organization","@id":"https:\/\/informelitoral.com.ar\/#organization","name":"Informe Litoral","url":"https:\/\/informelitoral.com.ar\/","logo":{"@type":"ImageObject","inLanguage":"es","@id":"https:\/\/informelitoral.com.ar\/#\/schema\/logo\/image\/","url":"https:\/\/informelitoral.com.ar\/%77%70%2d%63%6f%6e%74%65%6e%74\/uploads\/2021\/01\/circulo.png","contentUrl":"https:\/\/informelitoral.com.ar\/%77%70%2d%63%6f%6e%74%65%6e%74\/uploads\/2021\/01\/circulo.png","width":723,"height":731,"caption":"Informe Litoral"},"image":{"@id":"https:\/\/informelitoral.com.ar\/#\/schema\/logo\/image\/"},"sameAs":["https:\/\/www.facebook.com\/informelitoral\/","https:\/\/x.com\/InformeLitoral","https:\/\/www.instagram.com\/informelitoral\/","https:\/\/www.youtube.com\/channel\/UCua4Qvz8Icb6MYqhoq9xLXw"]},{"@type":"Person","@id":"https:\/\/informelitoral.com.ar\/#\/schema\/person\/f05f9f461677119578717524b127d6d5","name":"Sebastian","image":{"@type":"ImageObject","inLanguage":"es","@id":"https:\/\/secure.gravatar.com\/avatar\/b71bf7481d447dfb9583c7f2798e7cc64de6efb9067b74633ed8c31059a3bd82?s=96&d=mm&r=g","url":"https:\/\/secure.gravatar.com\/avatar\/b71bf7481d447dfb9583c7f2798e7cc64de6efb9067b74633ed8c31059a3bd82?s=96&d=mm&r=g","contentUrl":"https:\/\/secure.gravatar.com\/avatar\/b71bf7481d447dfb9583c7f2798e7cc64de6efb9067b74633ed8c31059a3bd82?s=96&d=mm&r=g","caption":"Sebastian"},"url":"https:\/\/informelitoral.com.ar\/author\/sebastian\/"}]}},"fifu_image_url":"https:\/\/i0.wp.com\/entremediosweb.com\/wp-content\/uploads\/2025\/07\/e_1752144296_13848.webp?w=900&ssl=1","_links":{"self":[{"href":"https:\/\/informelitoral.com.ar\/%77%70%2d%6a%73%6f%6e\/wp\/v2\/posts\/226803","targetHints":{"allow":["GET"]}}],"collection":[{"href":"https:\/\/informelitoral.com.ar\/%77%70%2d%6a%73%6f%6e\/wp\/v2\/posts"}],"about":[{"href":"https:\/\/informelitoral.com.ar\/%77%70%2d%6a%73%6f%6e\/wp\/v2\/types\/post"}],"author":[{"embeddable":true,"href":"https:\/\/informelitoral.com.ar\/%77%70%2d%6a%73%6f%6e\/wp\/v2\/users\/8"}],"replies":[{"embeddable":true,"href":"https:\/\/informelitoral.com.ar\/%77%70%2d%6a%73%6f%6e\/wp\/v2\/comments?post=226803"}],"version-history":[{"count":5,"href":"https:\/\/informelitoral.com.ar\/%77%70%2d%6a%73%6f%6e\/wp\/v2\/posts\/226803\/revisions"}],"predecessor-version":[{"id":226853,"href":"https:\/\/informelitoral.com.ar\/%77%70%2d%6a%73%6f%6e\/wp\/v2\/posts\/226803\/revisions\/226853"}],"wp:featuredmedia":[{"embeddable":true,"href":"https:\/\/informelitoral.com.ar\/%77%70%2d%6a%73%6f%6e\/wp\/v2\/media\/226805"}],"wp:attachment":[{"href":"https:\/\/informelitoral.com.ar\/%77%70%2d%6a%73%6f%6e\/wp\/v2\/media?parent=226803"}],"wp:term":[{"taxonomy":"category","embeddable":true,"href":"https:\/\/informelitoral.com.ar\/%77%70%2d%6a%73%6f%6e\/wp\/v2\/categories?post=226803"},{"taxonomy":"post_tag","embeddable":true,"href":"https:\/\/informelitoral.com.ar\/%77%70%2d%6a%73%6f%6e\/wp\/v2\/tags?post=226803"}],"curies":[{"name":"wp","href":"https:\/\/api.w.org\/{rel}","templated":true}]}}