{"id":226789,"date":"2025-07-10T10:36:37","date_gmt":"2025-07-10T13:36:37","guid":{"rendered":"https:\/\/informelitoral.com.ar\/?p=226789"},"modified":"2025-07-10T13:25:51","modified_gmt":"2025-07-10T16:25:51","slug":"el-gobierno-nacional-prorrogo-la-intervencion-de-corredores-viales","status":"publish","type":"post","link":"https:\/\/informelitoral.com.ar\/el-gobierno-nacional-prorrogo-la-intervencion-de-corredores-viales\/","title":{"rendered":"El Gobierno nacional prorrog\u00f3 la intervenci\u00f3n de Corredores Viales"},"content":{"rendered":"<article class=\"article-body article-body--first-paragraph content-protected-false\" data-td-script-src=\"https:\/\/www.ambito.com\/td\/modulos\/encuestas\/js\/function-embeds-min-version-1747541270.js\">\n<p data-start=\"127\" data-end=\"719\">A trav\u00e9s del\u00a0<strong>Decreto 464\/2025<\/strong>, publicado este jueves en el Bolet\u00edn Oficial, el Gobierno nacional extendi\u00f3 la<strong>\u00a0intervenci\u00f3n de Corredores Viales S.A.,<\/strong>\u00a0la empresa estatal encargada del mantenimiento y operaci\u00f3n de rutas nacionales, hasta que concluya el proceso de disoluci\u00f3n y privatizaci\u00f3n que prev\u00e9 la\u00a0<strong data-start=\"433\" data-end=\"449\">Ley de Bases<\/strong>. La medida se formaliza en un contexto de cambios profundos en la estructura estatal vinculada al transporte, tras la reciente creaci\u00f3n de la\u00a0<strong data-start=\"592\" data-end=\"664\">Agencia de Control de Concesiones y Servicios P\u00fablicos de Transporte<\/strong>, que asumir\u00e1 tareas clave en materia de fiscalizaci\u00f3n.<\/p>\n<\/article>\n<article class=\"article-body article-body--second-paragraph content-protected-false\">\n<p data-start=\"721\" data-end=\"1291\">La continuidad de la intervenci\u00f3n ratifica en su cargo a\u00a0<strong data-start=\"778\" data-end=\"817\">Anastasia Mar\u00eda de los \u00c1ngeles Adem<\/strong>\u00a0como interventora, y otorga al\u00a0<strong data-start=\"849\" data-end=\"875\">Ministerio de Econom\u00eda<\/strong>\u00a0la potestad de dictar normas complementarias para llevar adelante la decisi\u00f3n. La intervenci\u00f3n, iniciada por el Decreto 244\/2025 en abril, se justifica en la necesidad de completar un complejo proceso de reorganizaci\u00f3n y traspaso hacia el sector privado. La futura privatizaci\u00f3n de Corredores Viales\u00a0<strong>se realizar\u00e1 mediante concesiones de obra p\u00fablica bajo la modalidad de peaje,\u00a0<\/strong>tal como lo prev\u00e9 el Decreto 97\/2025.<\/p>\n<\/article>\n<article class=\"article-body article-body--third-paragraph content-protected-false\">\n<p data-start=\"1293\" data-end=\"1774\">El texto oficial firmado por el presidente\u00a0<strong data-start=\"1336\" data-end=\"1352\">Javier Milei<\/strong>\u00a0y el ministro de Econom\u00eda\u00a0<strong data-start=\"1379\" data-end=\"1394\">Luis Caputo<\/strong>, fundamenta la pr\u00f3rroga en la detecci\u00f3n de\u00a0<strong data-start=\"1438\" data-end=\"1493\">graves deficiencias estructurales y administrativas<\/strong>\u00a0dentro de la compa\u00f1\u00eda, que incluyeron problemas en las \u00e1reas de compras, contrataciones, gesti\u00f3n legal y de capital humano. Entre las acciones correctivas ya implementadas se destacan un nuevo organigrama, la creaci\u00f3n de un Comit\u00e9 de Inversiones y la normalizaci\u00f3n del \u00e1rea legal.<\/p>\n<\/article>\n<article class=\"article-body article-body--fourth-paragraph content-protected-false\">\n<p data-start=\"1776\" data-end=\"2118\">Seg\u00fan el Gobierno, estas mejoras<strong>\u00a0requieren ser consolidadas en el tiempo para garantizar una transici\u00f3n ordenada<\/strong>\u00a0hacia el nuevo esquema de gesti\u00f3n vial. La intervenci\u00f3n, por lo tanto, se mantendr\u00e1 hasta completar el proceso establecido por la normativa vigente. Adem continuar\u00e1 ejerciendo las atribuciones plenas del directorio de la empresa.<\/p>\n<\/article>\n<article class=\"article-body article-body--remaining-paragraph content-protected-false\">\n<h2 data-start=\"1776\" data-end=\"2118\"><strong>Disoluci\u00f3n de organismos vinculados al transporte<\/strong><\/h2>\n<p data-start=\"2120\" data-end=\"2468\">La transformaci\u00f3n de Corredores Viales se inscribe en un proceso m\u00e1s amplio de reestructuraci\u00f3n del sistema nacional de transporte, que incluye la disoluci\u00f3n o reformulaci\u00f3n de organismos hist\u00f3ricos como la\u00a0<strong data-start=\"2327\" data-end=\"2361\">Direcci\u00f3n Nacional de Vialidad<\/strong>, la\u00a0<strong data-start=\"2366\" data-end=\"2404\">Agencia Nacional de Seguridad Vial<\/strong>\u00a0y la\u00a0<strong data-start=\"2410\" data-end=\"2467\">Comisi\u00f3n Nacional de Regulaci\u00f3n del Transporte (CNRT)<\/strong>.<\/p>\n<p data-start=\"2470\" data-end=\"2912\">Tras el cierre de Vialidad Nacional, la nueva Agencia de Control asumir\u00e1 la\u00a0<strong data-start=\"2546\" data-end=\"2630\">fiscalizaci\u00f3n de concesiones viales, contratos, acuerdos de operaci\u00f3n y permisos<\/strong>\u00a0tanto en el transporte automotor (urbano y suburbano) como ferroviario, abarcando cargas y pasajeros. Por su parte, el Ministerio de Econom\u00eda absorber\u00e1 competencias clave como el\u00a0<strong data-start=\"2810\" data-end=\"2847\">dise\u00f1o, ejecuci\u00f3n y mantenimiento<\/strong>\u00a0del sistema troncal de rutas nacionales y obras complementarias.<\/p>\n<p data-start=\"2914\" data-end=\"3312\">En el \u00e1rea de seguridad vial, las funciones de la disuelta ANSV fueron divididas. La\u00a0<strong data-start=\"2999\" data-end=\"3027\">Secretar\u00eda de Transporte<\/strong>\u00a0qued\u00f3 a cargo de las\u00a0<strong data-start=\"3049\" data-end=\"3095\">pol\u00edticas p\u00fablicas y licencias de conducir<\/strong>, incluyendo el Sistema Nacional de Licencias y la coordinaci\u00f3n de la Revisi\u00f3n T\u00e9cnica Obligatoria. Mientras tanto, el control operativo en rutas y autopistas pas\u00f3 a ser responsabilidad de la\u00a0<strong data-start=\"3287\" data-end=\"3311\">Gendarmer\u00eda Nacional<\/strong>.<\/p>\n<p data-start=\"3314\" data-end=\"3677\">A su vez, la recientemente creada Agencia gestionar\u00e1 el\u00a0<strong data-start=\"3370\" data-end=\"3428\">planeamiento y control de concesiones viales federales<\/strong>, reemplazando el rol que cumpl\u00eda la Gerencia Ejecutiva de Planeamiento y Concesiones de Vialidad. Tambi\u00e9n se anunci\u00f3 la conformaci\u00f3n de un\u00a0<strong data-start=\"3568\" data-end=\"3592\">Consejo Vial Federal<\/strong>\u00a0que trabajar\u00e1 en conjunto con las provincias en materia de obras de infraestructura.<\/p>\n<h6 data-start=\"3679\" data-end=\"4006\">Finalmente, las tareas de la Comisi\u00f3n Nacional de Tr\u00e1nsito y Seguridad Vial fueron reasignadas a la\u00a0<strong data-start=\"3779\" data-end=\"3820\">Subsecretar\u00eda de Transporte Automotor<\/strong>, que ahora tendr\u00e1 un rol central en la coordinaci\u00f3n del tr\u00e1nsito vinculado al transporte interjurisdiccional de pasajeros y cargas, adem\u00e1s de asesorar al Ejecutivo en materia normativa.<\/h6>\n<h6 data-start=\"3679\" data-end=\"4006\"><em><strong>Del archivo:\u00a0<a href=\"https:\/\/informelitoral.com.ar\/el-gobierno-confirmo-que-el-nuevo-presidente-del-inta-sera-nicolas-bronzovich\/\" target=\"_blank\" rel=\"noopener\">El Gobierno confirm\u00f3 que el nuevo presidente del INTA ser\u00e1 Nicol\u00e1s Bronzovich<\/a><\/strong><\/em><\/h6>\n<\/article>\n","protected":false},"excerpt":{"rendered":"<p>La nueva Agencia de Control asumir\u00e1 la fiscalizaci\u00f3n de concesiones viales y de transporte p\u00fablico.<\/p>\n","protected":false},"author":8,"featured_media":226795,"comment_status":"open","ping_status":"open","sticky":false,"template":"","format":"standard","meta":{"fifu_image_url":"https:\/\/www.ellitoral.com\/images\/2025\/07\/10\/OutK0_enO_1300x655__1.jpg","fifu_image_alt":"","footnotes":""},"categories":[7],"tags":[5861,3257,5424],"class_list":{"0":"post-226789","1":"post","2":"type-post","3":"status-publish","4":"format-standard","5":"has-post-thumbnail","7":"category-nacionales","8":"tag-corredores-viales","9":"tag-intervenciones-del-gobierno","10":"tag-prorroga"},"yoast_head":"<title>El Gobierno nacional prorrog\u00f3 la intervenci\u00f3n de Corredores Viales - Informe Litoral<\/title>\n<meta name=\"robots\" content=\"index, follow, max-snippet:-1, max-image-preview:large, max-video-preview:-1\" \/>\n<link rel=\"canonical\" href=\"https:\/\/informelitoral.com.ar\/el-gobierno-nacional-prorrogo-la-intervencion-de-corredores-viales\/\" \/>\n<meta property=\"og:locale\" content=\"es_ES\" \/>\n<meta property=\"og:type\" content=\"article\" \/>\n<meta property=\"og:title\" content=\"El Gobierno nacional prorrog\u00f3 la intervenci\u00f3n de Corredores Viales - Informe Litoral\" \/>\n<meta property=\"og:description\" content=\"La nueva Agencia de Control asumir\u00e1 la fiscalizaci\u00f3n de concesiones viales y de transporte p\u00fablico.\" \/>\n<meta property=\"og:url\" content=\"https:\/\/informelitoral.com.ar\/el-gobierno-nacional-prorrogo-la-intervencion-de-corredores-viales\/\" \/>\n<meta property=\"og:site_name\" content=\"Informe Litoral\" \/>\n<meta property=\"article:publisher\" content=\"https:\/\/www.facebook.com\/informelitoral\/\" \/>\n<meta property=\"article:published_time\" content=\"2025-07-10T13:36:37+00:00\" \/>\n<meta property=\"article:modified_time\" content=\"2025-07-10T16:25:51+00:00\" \/>\n<meta property=\"og:image\" content=\"https:\/\/www.ellitoral.com\/images\/2025\/07\/10\/OutK0_enO_1300x655__1.jpg\" \/><meta property=\"og:image\" content=\"https:\/\/www.ellitoral.com\/images\/2025\/07\/10\/OutK0_enO_1300x655__1.jpg\" \/>\n\t<meta property=\"og:image:width\" content=\"1300\" \/>\n\t<meta property=\"og:image:height\" content=\"655\" \/>\n\t<meta property=\"og:image:type\" content=\"image\/jpeg\" \/>\n<meta name=\"author\" content=\"Sebastian\" \/>\n<meta name=\"twitter:card\" content=\"summary_large_image\" \/>\n<meta name=\"twitter:image\" content=\"https:\/\/www.ellitoral.com\/images\/2025\/07\/10\/OutK0_enO_1300x655__1.jpg\" \/>\n<meta name=\"twitter:creator\" content=\"@InformeLitoral\" \/>\n<meta name=\"twitter:site\" content=\"@InformeLitoral\" \/>\n<meta name=\"twitter:label1\" content=\"Escrito por\" \/>\n\t<meta name=\"twitter:data1\" content=\"Sebastian\" \/>\n\t<meta name=\"twitter:label2\" content=\"Tiempo de lectura\" \/>\n\t<meta name=\"twitter:data2\" content=\"3 minutos\" \/>\n<script type=\"application\/ld+json\" class=\"yoast-schema-graph\">{\"@context\":\"https:\\\/\\\/schema.org\",\"@graph\":[{\"@type\":\"Article\",\"@id\":\"https:\\\/\\\/informelitoral.com.ar\\\/el-gobierno-nacional-prorrogo-la-intervencion-de-corredores-viales\\\/#article\",\"isPartOf\":{\"@id\":\"https:\\\/\\\/informelitoral.com.ar\\\/el-gobierno-nacional-prorrogo-la-intervencion-de-corredores-viales\\\/\"},\"author\":{\"name\":\"Sebastian\",\"@id\":\"https:\\\/\\\/informelitoral.com.ar\\\/#\\\/schema\\\/person\\\/f05f9f461677119578717524b127d6d5\"},\"headline\":\"El Gobierno nacional prorrog\u00f3 la intervenci\u00f3n de Corredores Viales\",\"datePublished\":\"2025-07-10T13:36:37+00:00\",\"dateModified\":\"2025-07-10T16:25:51+00:00\",\"mainEntityOfPage\":{\"@id\":\"https:\\\/\\\/informelitoral.com.ar\\\/el-gobierno-nacional-prorrogo-la-intervencion-de-corredores-viales\\\/\"},\"wordCount\":656,\"commentCount\":0,\"publisher\":{\"@id\":\"https:\\\/\\\/informelitoral.com.ar\\\/#organization\"},\"image\":{\"@id\":\"https:\\\/\\\/informelitoral.com.ar\\\/el-gobierno-nacional-prorrogo-la-intervencion-de-corredores-viales\\\/#primaryimage\"},\"thumbnailUrl\":\"https:\\\/\\\/www.ellitoral.com\\\/images\\\/2025\\\/07\\\/10\\\/OutK0_enO_1300x655__1.jpg\",\"keywords\":[\"Corredores Viales\",\"Intervenciones del gobierno\",\"Pr\u00f3rroga\"],\"articleSection\":[\"Nacionales\"],\"inLanguage\":\"es\",\"potentialAction\":[{\"@type\":\"CommentAction\",\"name\":\"Comment\",\"target\":[\"https:\\\/\\\/informelitoral.com.ar\\\/el-gobierno-nacional-prorrogo-la-intervencion-de-corredores-viales\\\/#respond\"]}]},{\"@type\":\"WebPage\",\"@id\":\"https:\\\/\\\/informelitoral.com.ar\\\/el-gobierno-nacional-prorrogo-la-intervencion-de-corredores-viales\\\/\",\"url\":\"https:\\\/\\\/informelitoral.com.ar\\\/el-gobierno-nacional-prorrogo-la-intervencion-de-corredores-viales\\\/\",\"name\":\"El Gobierno nacional prorrog\u00f3 la intervenci\u00f3n de Corredores Viales - Informe Litoral\",\"isPartOf\":{\"@id\":\"https:\\\/\\\/informelitoral.com.ar\\\/#website\"},\"primaryImageOfPage\":{\"@id\":\"https:\\\/\\\/informelitoral.com.ar\\\/el-gobierno-nacional-prorrogo-la-intervencion-de-corredores-viales\\\/#primaryimage\"},\"image\":{\"@id\":\"https:\\\/\\\/informelitoral.com.ar\\\/el-gobierno-nacional-prorrogo-la-intervencion-de-corredores-viales\\\/#primaryimage\"},\"thumbnailUrl\":\"https:\\\/\\\/www.ellitoral.com\\\/images\\\/2025\\\/07\\\/10\\\/OutK0_enO_1300x655__1.jpg\",\"datePublished\":\"2025-07-10T13:36:37+00:00\",\"dateModified\":\"2025-07-10T16:25:51+00:00\",\"breadcrumb\":{\"@id\":\"https:\\\/\\\/informelitoral.com.ar\\\/el-gobierno-nacional-prorrogo-la-intervencion-de-corredores-viales\\\/#breadcrumb\"},\"inLanguage\":\"es\",\"potentialAction\":[{\"@type\":\"ReadAction\",\"target\":[\"https:\\\/\\\/informelitoral.com.ar\\\/el-gobierno-nacional-prorrogo-la-intervencion-de-corredores-viales\\\/\"]}]},{\"@type\":\"ImageObject\",\"inLanguage\":\"es\",\"@id\":\"https:\\\/\\\/informelitoral.com.ar\\\/el-gobierno-nacional-prorrogo-la-intervencion-de-corredores-viales\\\/#primaryimage\",\"url\":\"https:\\\/\\\/www.ellitoral.com\\\/images\\\/2025\\\/07\\\/10\\\/OutK0_enO_1300x655__1.jpg\",\"contentUrl\":\"https:\\\/\\\/www.ellitoral.com\\\/images\\\/2025\\\/07\\\/10\\\/OutK0_enO_1300x655__1.jpg\",\"width\":\"1300\",\"height\":\"655\"},{\"@type\":\"BreadcrumbList\",\"@id\":\"https:\\\/\\\/informelitoral.com.ar\\\/el-gobierno-nacional-prorrogo-la-intervencion-de-corredores-viales\\\/#breadcrumb\",\"itemListElement\":[{\"@type\":\"ListItem\",\"position\":1,\"name\":\"Portada\",\"item\":\"https:\\\/\\\/informelitoral.com.ar\\\/\"},{\"@type\":\"ListItem\",\"position\":2,\"name\":\"El Gobierno nacional prorrog\u00f3 la intervenci\u00f3n de Corredores Viales\"}]},{\"@type\":\"WebSite\",\"@id\":\"https:\\\/\\\/informelitoral.com.ar\\\/#website\",\"url\":\"https:\\\/\\\/informelitoral.com.ar\\\/\",\"name\":\"Informe Litoral\",\"description\":\"&quot;Nos informamos&quot; \",\"publisher\":{\"@id\":\"https:\\\/\\\/informelitoral.com.ar\\\/#organization\"},\"potentialAction\":[{\"@type\":\"SearchAction\",\"target\":{\"@type\":\"EntryPoint\",\"urlTemplate\":\"https:\\\/\\\/informelitoral.com.ar\\\/?s={search_term_string}\"},\"query-input\":{\"@type\":\"PropertyValueSpecification\",\"valueRequired\":true,\"valueName\":\"search_term_string\"}}],\"inLanguage\":\"es\"},{\"@type\":\"Organization\",\"@id\":\"https:\\\/\\\/informelitoral.com.ar\\\/#organization\",\"name\":\"Informe Litoral\",\"url\":\"https:\\\/\\\/informelitoral.com.ar\\\/\",\"logo\":{\"@type\":\"ImageObject\",\"inLanguage\":\"es\",\"@id\":\"https:\\\/\\\/informelitoral.com.ar\\\/#\\\/schema\\\/logo\\\/image\\\/\",\"url\":\"https:\\\/\\\/informelitoral.com.ar\\\/%77%70%2d%63%6f%6e%74%65%6e%74\\\/uploads\\\/2021\\\/01\\\/circulo.png\",\"contentUrl\":\"https:\\\/\\\/informelitoral.com.ar\\\/%77%70%2d%63%6f%6e%74%65%6e%74\\\/uploads\\\/2021\\\/01\\\/circulo.png\",\"width\":723,\"height\":731,\"caption\":\"Informe Litoral\"},\"image\":{\"@id\":\"https:\\\/\\\/informelitoral.com.ar\\\/#\\\/schema\\\/logo\\\/image\\\/\"},\"sameAs\":[\"https:\\\/\\\/www.facebook.com\\\/informelitoral\\\/\",\"https:\\\/\\\/x.com\\\/InformeLitoral\",\"https:\\\/\\\/www.instagram.com\\\/informelitoral\\\/\",\"https:\\\/\\\/www.youtube.com\\\/channel\\\/UCua4Qvz8Icb6MYqhoq9xLXw\"]},{\"@type\":\"Person\",\"@id\":\"https:\\\/\\\/informelitoral.com.ar\\\/#\\\/schema\\\/person\\\/f05f9f461677119578717524b127d6d5\",\"name\":\"Sebastian\",\"image\":{\"@type\":\"ImageObject\",\"inLanguage\":\"es\",\"@id\":\"https:\\\/\\\/secure.gravatar.com\\\/avatar\\\/b71bf7481d447dfb9583c7f2798e7cc64de6efb9067b74633ed8c31059a3bd82?s=96&d=mm&r=g\",\"url\":\"https:\\\/\\\/secure.gravatar.com\\\/avatar\\\/b71bf7481d447dfb9583c7f2798e7cc64de6efb9067b74633ed8c31059a3bd82?s=96&d=mm&r=g\",\"contentUrl\":\"https:\\\/\\\/secure.gravatar.com\\\/avatar\\\/b71bf7481d447dfb9583c7f2798e7cc64de6efb9067b74633ed8c31059a3bd82?s=96&d=mm&r=g\",\"caption\":\"Sebastian\"},\"url\":\"https:\\\/\\\/informelitoral.com.ar\\\/author\\\/sebastian\\\/\"}]}<\/script>","yoast_head_json":{"title":"El Gobierno nacional prorrog\u00f3 la intervenci\u00f3n de Corredores Viales - Informe Litoral","robots":{"index":"index","follow":"follow","max-snippet":"max-snippet:-1","max-image-preview":"max-image-preview:large","max-video-preview":"max-video-preview:-1"},"canonical":"https:\/\/informelitoral.com.ar\/el-gobierno-nacional-prorrogo-la-intervencion-de-corredores-viales\/","og_locale":"es_ES","og_type":"article","og_title":"El Gobierno nacional prorrog\u00f3 la intervenci\u00f3n de Corredores Viales - Informe Litoral","og_description":"La nueva Agencia de Control asumir\u00e1 la fiscalizaci\u00f3n de concesiones viales y de transporte p\u00fablico.","og_url":"https:\/\/informelitoral.com.ar\/el-gobierno-nacional-prorrogo-la-intervencion-de-corredores-viales\/","og_site_name":"Informe Litoral","article_publisher":"https:\/\/www.facebook.com\/informelitoral\/","article_published_time":"2025-07-10T13:36:37+00:00","article_modified_time":"2025-07-10T16:25:51+00:00","og_image":[{"url":"https:\/\/www.ellitoral.com\/images\/2025\/07\/10\/OutK0_enO_1300x655__1.jpg","type":"","width":"","height":""},{"width":1300,"height":655,"url":"https:\/\/www.ellitoral.com\/images\/2025\/07\/10\/OutK0_enO_1300x655__1.jpg","type":"image\/jpeg"}],"author":"Sebastian","twitter_card":"summary_large_image","twitter_image":"https:\/\/www.ellitoral.com\/images\/2025\/07\/10\/OutK0_enO_1300x655__1.jpg","twitter_creator":"@InformeLitoral","twitter_site":"@InformeLitoral","twitter_misc":{"Escrito por":"Sebastian","Tiempo de lectura":"3 minutos"},"schema":{"@context":"https:\/\/schema.org","@graph":[{"@type":"Article","@id":"https:\/\/informelitoral.com.ar\/el-gobierno-nacional-prorrogo-la-intervencion-de-corredores-viales\/#article","isPartOf":{"@id":"https:\/\/informelitoral.com.ar\/el-gobierno-nacional-prorrogo-la-intervencion-de-corredores-viales\/"},"author":{"name":"Sebastian","@id":"https:\/\/informelitoral.com.ar\/#\/schema\/person\/f05f9f461677119578717524b127d6d5"},"headline":"El Gobierno nacional prorrog\u00f3 la intervenci\u00f3n de Corredores Viales","datePublished":"2025-07-10T13:36:37+00:00","dateModified":"2025-07-10T16:25:51+00:00","mainEntityOfPage":{"@id":"https:\/\/informelitoral.com.ar\/el-gobierno-nacional-prorrogo-la-intervencion-de-corredores-viales\/"},"wordCount":656,"commentCount":0,"publisher":{"@id":"https:\/\/informelitoral.com.ar\/#organization"},"image":{"@id":"https:\/\/informelitoral.com.ar\/el-gobierno-nacional-prorrogo-la-intervencion-de-corredores-viales\/#primaryimage"},"thumbnailUrl":"https:\/\/www.ellitoral.com\/images\/2025\/07\/10\/OutK0_enO_1300x655__1.jpg","keywords":["Corredores Viales","Intervenciones del gobierno","Pr\u00f3rroga"],"articleSection":["Nacionales"],"inLanguage":"es","potentialAction":[{"@type":"CommentAction","name":"Comment","target":["https:\/\/informelitoral.com.ar\/el-gobierno-nacional-prorrogo-la-intervencion-de-corredores-viales\/#respond"]}]},{"@type":"WebPage","@id":"https:\/\/informelitoral.com.ar\/el-gobierno-nacional-prorrogo-la-intervencion-de-corredores-viales\/","url":"https:\/\/informelitoral.com.ar\/el-gobierno-nacional-prorrogo-la-intervencion-de-corredores-viales\/","name":"El Gobierno nacional prorrog\u00f3 la intervenci\u00f3n de Corredores Viales - Informe Litoral","isPartOf":{"@id":"https:\/\/informelitoral.com.ar\/#website"},"primaryImageOfPage":{"@id":"https:\/\/informelitoral.com.ar\/el-gobierno-nacional-prorrogo-la-intervencion-de-corredores-viales\/#primaryimage"},"image":{"@id":"https:\/\/informelitoral.com.ar\/el-gobierno-nacional-prorrogo-la-intervencion-de-corredores-viales\/#primaryimage"},"thumbnailUrl":"https:\/\/www.ellitoral.com\/images\/2025\/07\/10\/OutK0_enO_1300x655__1.jpg","datePublished":"2025-07-10T13:36:37+00:00","dateModified":"2025-07-10T16:25:51+00:00","breadcrumb":{"@id":"https:\/\/informelitoral.com.ar\/el-gobierno-nacional-prorrogo-la-intervencion-de-corredores-viales\/#breadcrumb"},"inLanguage":"es","potentialAction":[{"@type":"ReadAction","target":["https:\/\/informelitoral.com.ar\/el-gobierno-nacional-prorrogo-la-intervencion-de-corredores-viales\/"]}]},{"@type":"ImageObject","inLanguage":"es","@id":"https:\/\/informelitoral.com.ar\/el-gobierno-nacional-prorrogo-la-intervencion-de-corredores-viales\/#primaryimage","url":"https:\/\/www.ellitoral.com\/images\/2025\/07\/10\/OutK0_enO_1300x655__1.jpg","contentUrl":"https:\/\/www.ellitoral.com\/images\/2025\/07\/10\/OutK0_enO_1300x655__1.jpg","width":"1300","height":"655"},{"@type":"BreadcrumbList","@id":"https:\/\/informelitoral.com.ar\/el-gobierno-nacional-prorrogo-la-intervencion-de-corredores-viales\/#breadcrumb","itemListElement":[{"@type":"ListItem","position":1,"name":"Portada","item":"https:\/\/informelitoral.com.ar\/"},{"@type":"ListItem","position":2,"name":"El Gobierno nacional prorrog\u00f3 la intervenci\u00f3n de Corredores Viales"}]},{"@type":"WebSite","@id":"https:\/\/informelitoral.com.ar\/#website","url":"https:\/\/informelitoral.com.ar\/","name":"Informe Litoral","description":"&quot;Nos informamos&quot; ","publisher":{"@id":"https:\/\/informelitoral.com.ar\/#organization"},"potentialAction":[{"@type":"SearchAction","target":{"@type":"EntryPoint","urlTemplate":"https:\/\/informelitoral.com.ar\/?s={search_term_string}"},"query-input":{"@type":"PropertyValueSpecification","valueRequired":true,"valueName":"search_term_string"}}],"inLanguage":"es"},{"@type":"Organization","@id":"https:\/\/informelitoral.com.ar\/#organization","name":"Informe Litoral","url":"https:\/\/informelitoral.com.ar\/","logo":{"@type":"ImageObject","inLanguage":"es","@id":"https:\/\/informelitoral.com.ar\/#\/schema\/logo\/image\/","url":"https:\/\/informelitoral.com.ar\/%77%70%2d%63%6f%6e%74%65%6e%74\/uploads\/2021\/01\/circulo.png","contentUrl":"https:\/\/informelitoral.com.ar\/%77%70%2d%63%6f%6e%74%65%6e%74\/uploads\/2021\/01\/circulo.png","width":723,"height":731,"caption":"Informe Litoral"},"image":{"@id":"https:\/\/informelitoral.com.ar\/#\/schema\/logo\/image\/"},"sameAs":["https:\/\/www.facebook.com\/informelitoral\/","https:\/\/x.com\/InformeLitoral","https:\/\/www.instagram.com\/informelitoral\/","https:\/\/www.youtube.com\/channel\/UCua4Qvz8Icb6MYqhoq9xLXw"]},{"@type":"Person","@id":"https:\/\/informelitoral.com.ar\/#\/schema\/person\/f05f9f461677119578717524b127d6d5","name":"Sebastian","image":{"@type":"ImageObject","inLanguage":"es","@id":"https:\/\/secure.gravatar.com\/avatar\/b71bf7481d447dfb9583c7f2798e7cc64de6efb9067b74633ed8c31059a3bd82?s=96&d=mm&r=g","url":"https:\/\/secure.gravatar.com\/avatar\/b71bf7481d447dfb9583c7f2798e7cc64de6efb9067b74633ed8c31059a3bd82?s=96&d=mm&r=g","contentUrl":"https:\/\/secure.gravatar.com\/avatar\/b71bf7481d447dfb9583c7f2798e7cc64de6efb9067b74633ed8c31059a3bd82?s=96&d=mm&r=g","caption":"Sebastian"},"url":"https:\/\/informelitoral.com.ar\/author\/sebastian\/"}]}},"fifu_image_url":"https:\/\/www.ellitoral.com\/images\/2025\/07\/10\/OutK0_enO_1300x655__1.jpg","_links":{"self":[{"href":"https:\/\/informelitoral.com.ar\/%77%70%2d%6a%73%6f%6e\/wp\/v2\/posts\/226789","targetHints":{"allow":["GET"]}}],"collection":[{"href":"https:\/\/informelitoral.com.ar\/%77%70%2d%6a%73%6f%6e\/wp\/v2\/posts"}],"about":[{"href":"https:\/\/informelitoral.com.ar\/%77%70%2d%6a%73%6f%6e\/wp\/v2\/types\/post"}],"author":[{"embeddable":true,"href":"https:\/\/informelitoral.com.ar\/%77%70%2d%6a%73%6f%6e\/wp\/v2\/users\/8"}],"replies":[{"embeddable":true,"href":"https:\/\/informelitoral.com.ar\/%77%70%2d%6a%73%6f%6e\/wp\/v2\/comments?post=226789"}],"version-history":[{"count":3,"href":"https:\/\/informelitoral.com.ar\/%77%70%2d%6a%73%6f%6e\/wp\/v2\/posts\/226789\/revisions"}],"predecessor-version":[{"id":226830,"href":"https:\/\/informelitoral.com.ar\/%77%70%2d%6a%73%6f%6e\/wp\/v2\/posts\/226789\/revisions\/226830"}],"wp:featuredmedia":[{"embeddable":true,"href":"https:\/\/informelitoral.com.ar\/%77%70%2d%6a%73%6f%6e\/wp\/v2\/media\/226795"}],"wp:attachment":[{"href":"https:\/\/informelitoral.com.ar\/%77%70%2d%6a%73%6f%6e\/wp\/v2\/media?parent=226789"}],"wp:term":[{"taxonomy":"category","embeddable":true,"href":"https:\/\/informelitoral.com.ar\/%77%70%2d%6a%73%6f%6e\/wp\/v2\/categories?post=226789"},{"taxonomy":"post_tag","embeddable":true,"href":"https:\/\/informelitoral.com.ar\/%77%70%2d%6a%73%6f%6e\/wp\/v2\/tags?post=226789"}],"curies":[{"name":"wp","href":"https:\/\/api.w.org\/{rel}","templated":true}]}}