{"id":226781,"date":"2025-07-10T09:54:08","date_gmt":"2025-07-10T12:54:08","guid":{"rendered":"https:\/\/informelitoral.com.ar\/?p=226781"},"modified":"2025-07-10T13:33:09","modified_gmt":"2025-07-10T16:33:09","slug":"dia-del-carpincho-celebracion-continental-para-el-roedor-mas-grande","status":"publish","type":"post","link":"https:\/\/informelitoral.com.ar\/dia-del-carpincho-celebracion-continental-para-el-roedor-mas-grande\/","title":{"rendered":"D\u00eda del Carpincho: celebraci\u00f3n continental para el roedor m\u00e1s grande"},"content":{"rendered":"<p class=\"paragraph\" data-mrf-recirculation=\"Links inline\"><b>En el Per\u00fa<\/b>\u00a0y en toda esta parte del continente americano, cada 10 de julio dedica\u00a0<b>un d\u00eda especial al capibara<\/b>, tambi\u00e9n llamado carpincho, para reconocer su importancia ecol\u00f3gica y cultural. Originario de humedales y bosques ribere\u00f1os, este roedor semiacu\u00e1tico\u00a0destaca por su tama\u00f1o, convivencia en grupo y naturaleza pac\u00edfica.<\/p>\n<p class=\"paragraph\" data-mrf-recirculation=\"Links inline\">La celebraci\u00f3n busca difundir sus rasgos biol\u00f3gicos, su rol en los ecosistemas y fomentar una relaci\u00f3n armoniosa con el medio ambiente. Su presencia en redes se multiplica en esta jornada, donde entusiastas comparten\u00a0<b>datos, im\u00e1genes y actividades<\/b>\u00a0para honrar a este\u00a0singular mam\u00edfero sudamericano con voz en estos lugares\u00a0y m\u00e1s all\u00e1 de las fronteras sudamericanas.<\/p>\n<div class=\"headline-wrapper\">\n<h2 class=\"header headline-class-h2\"><strong>Origen de la fecha y su relevancia<\/strong><\/h2>\n<\/div>\n<div class=\"visual__image\"><picture><source srcset=\"https:\/\/www.infobae.com\/resizer\/v2\/XNZ57ESGFZE3RLVD65CUFZXVHU.jpg?auth=12648e8e61c87dddb59d9b0dc1711ce8618fa41fd4a9d050a13e78201f7f7b91&amp;smart=true&amp;width=992&amp;height=558&amp;quality=85\" media=\"(min-width: 1000px)\" \/><source srcset=\"https:\/\/www.infobae.com\/resizer\/v2\/XNZ57ESGFZE3RLVD65CUFZXVHU.jpg?auth=12648e8e61c87dddb59d9b0dc1711ce8618fa41fd4a9d050a13e78201f7f7b91&amp;smart=true&amp;width=768&amp;height=432&amp;quality=85\" media=\"(min-width: 768px)\" \/><source srcset=\"https:\/\/www.infobae.com\/resizer\/v2\/XNZ57ESGFZE3RLVD65CUFZXVHU.jpg?auth=12648e8e61c87dddb59d9b0dc1711ce8618fa41fd4a9d050a13e78201f7f7b91&amp;smart=true&amp;width=577&amp;height=325&amp;quality=85\" media=\"(min-width: 580px)\" \/><source srcset=\"https:\/\/www.infobae.com\/resizer\/v2\/XNZ57ESGFZE3RLVD65CUFZXVHU.jpg?auth=12648e8e61c87dddb59d9b0dc1711ce8618fa41fd4a9d050a13e78201f7f7b91&amp;smart=true&amp;width=420&amp;height=236&amp;quality=85\" media=\"(min-width: 350px)\" \/><source srcset=\"https:\/\/www.infobae.com\/resizer\/v2\/XNZ57ESGFZE3RLVD65CUFZXVHU.jpg?auth=12648e8e61c87dddb59d9b0dc1711ce8618fa41fd4a9d050a13e78201f7f7b91&amp;smart=true&amp;width=350&amp;height=197&amp;quality=85\" media=\"(min-width: 80px)\" \/><img loading=\"lazy\" decoding=\"async\" class=\"global-image\" src=\"https:\/\/www.infobae.com\/resizer\/v2\/XNZ57ESGFZE3RLVD65CUFZXVHU.jpg?auth=12648e8e61c87dddb59d9b0dc1711ce8618fa41fd4a9d050a13e78201f7f7b91&amp;smart=true&amp;width=350&amp;height=197&amp;quality=85\" alt=\"Aficionados, docentes y ambientalistas se\" width=\"1920\" height=\"1080\" \/><\/picture><\/div>\n<p class=\"paragraph\" data-mrf-recirculation=\"Links inline\"><b>El D\u00eda de Apreciaci\u00f3n del capibara<\/b>, instaurado el 10 de julio, se populariz\u00f3 en diversos pa\u00edses de Am\u00e9rica Latina como una fecha dedicada a visibilizar a este roedor gigante. La elecci\u00f3n del d\u00eda responde a iniciativas de asociaciones y aficionados que\u00a0<b>quer\u00edan dedicar un momento anual<\/b> para celebrar sus cualidades.<\/p>\n<p class=\"paragraph\" data-mrf-recirculation=\"Links inline\">Desde este 2025, la fecha aparece en calendarios de efem\u00e9rides, y en redes sociales se observa una notable participaci\u00f3n con etiquetas alusivas.\u00a0<b>Aunque la efem\u00e9ride no est\u00e1 formalizada por organismos internacionales<\/b>, ha encontrado acogida en centros de educaci\u00f3n ambiental y zool\u00f3gicos, donde se organizan charlas y actividades tem\u00e1ticas.<\/p>\n<div class=\"headline-wrapper\">\n<h2 class=\"header headline-class-h2\"><strong>\u00bfQu\u00e9 distingue al mayor roedor del planeta?<\/strong><\/h2>\n<\/div>\n<div class=\"visual__image\"><picture><source srcset=\"https:\/\/www.infobae.com\/resizer\/v2\/RNQKTFVISFC7FCTKCB2EGAEQW4.jpg?auth=2fb653b756ed453cf6eceec9dd6f14881df31e309af0e827ed319aecc3571f76&amp;smart=true&amp;width=992&amp;height=558&amp;quality=85\" media=\"(min-width: 1000px)\" \/><source srcset=\"https:\/\/www.infobae.com\/resizer\/v2\/RNQKTFVISFC7FCTKCB2EGAEQW4.jpg?auth=2fb653b756ed453cf6eceec9dd6f14881df31e309af0e827ed319aecc3571f76&amp;smart=true&amp;width=768&amp;height=432&amp;quality=85\" media=\"(min-width: 768px)\" \/><source srcset=\"https:\/\/www.infobae.com\/resizer\/v2\/RNQKTFVISFC7FCTKCB2EGAEQW4.jpg?auth=2fb653b756ed453cf6eceec9dd6f14881df31e309af0e827ed319aecc3571f76&amp;smart=true&amp;width=577&amp;height=325&amp;quality=85\" media=\"(min-width: 580px)\" \/><source srcset=\"https:\/\/www.infobae.com\/resizer\/v2\/RNQKTFVISFC7FCTKCB2EGAEQW4.jpg?auth=2fb653b756ed453cf6eceec9dd6f14881df31e309af0e827ed319aecc3571f76&amp;smart=true&amp;width=420&amp;height=236&amp;quality=85\" media=\"(min-width: 350px)\" \/><source srcset=\"https:\/\/www.infobae.com\/resizer\/v2\/RNQKTFVISFC7FCTKCB2EGAEQW4.jpg?auth=2fb653b756ed453cf6eceec9dd6f14881df31e309af0e827ed319aecc3571f76&amp;smart=true&amp;width=350&amp;height=197&amp;quality=85\" media=\"(min-width: 80px)\" \/><img loading=\"lazy\" decoding=\"async\" class=\"global-image\" src=\"https:\/\/www.infobae.com\/resizer\/v2\/RNQKTFVISFC7FCTKCB2EGAEQW4.jpg?auth=2fb653b756ed453cf6eceec9dd6f14881df31e309af0e827ed319aecc3571f76&amp;smart=true&amp;width=350&amp;height=197&amp;quality=85\" alt=\"Superando el metro de largo\" width=\"1920\" height=\"1080\" \/><\/picture><\/div>\n<p class=\"paragraph\" data-mrf-recirculation=\"Links inline\"><b>El capibara\u00a0<\/b>es reconocido como el roedor m\u00e1s grande que existe, llegando\u00a0<b>a medir m\u00e1s de 1,3\u202fm de longitud y pesar hasta 60\u202fkg<\/b>, seg\u00fan distintos estudios. Su cuerpo robusto, extremidades palmeadas y ojos ubicados en lo alto del cr\u00e1neo evidencian su adaptaci\u00f3n a ambientes cercanos al agua.<\/p>\n<p class=\"paragraph\" data-mrf-recirculation=\"Links inline\">Esta morfolog\u00eda facilita la nataci\u00f3n y<b>\u00a0le permite mantenerse parcialmente sumergido para evitar depredadores<\/b>. Se le ha comparado en tama\u00f1o con lobos y castores, destacando su singularidad dentro del grupo de mam\u00edferos roedores .<\/p>\n<p class=\"paragraph\" data-mrf-recirculation=\"Links inline\">Adem\u00e1s, se reconocen dos especies:\u00a0<b>el capibara mayor y el menor.<\/b>\u00a0El primero es el m\u00e1s com\u00fan, mientras que el menor ocupa zonas del centro-norte de Sudam\u00e9rica y se mantiene por debajo de los 45\u202fkg .<\/p>\n<div class=\"headline-wrapper\">\n<h2 class=\"header headline-class-h2\"><strong>Comportamiento social y vida en grupo<\/strong><\/h2>\n<\/div>\n<div class=\"visual__image\"><picture><source srcset=\"https:\/\/www.infobae.com\/resizer\/v2\/RRBPSRUEBBCAHMMKIZU77ADRRM.jpg?auth=ad9db37d406e6ee54a3a39d72f03f7d1d44c516a9caf4187010a33781c1d215d&amp;smart=true&amp;width=992&amp;height=558&amp;quality=85\" media=\"(min-width: 1000px)\" \/><source srcset=\"https:\/\/www.infobae.com\/resizer\/v2\/RRBPSRUEBBCAHMMKIZU77ADRRM.jpg?auth=ad9db37d406e6ee54a3a39d72f03f7d1d44c516a9caf4187010a33781c1d215d&amp;smart=true&amp;width=768&amp;height=432&amp;quality=85\" media=\"(min-width: 768px)\" \/><source srcset=\"https:\/\/www.infobae.com\/resizer\/v2\/RRBPSRUEBBCAHMMKIZU77ADRRM.jpg?auth=ad9db37d406e6ee54a3a39d72f03f7d1d44c516a9caf4187010a33781c1d215d&amp;smart=true&amp;width=577&amp;height=325&amp;quality=85\" media=\"(min-width: 580px)\" \/><source srcset=\"https:\/\/www.infobae.com\/resizer\/v2\/RRBPSRUEBBCAHMMKIZU77ADRRM.jpg?auth=ad9db37d406e6ee54a3a39d72f03f7d1d44c516a9caf4187010a33781c1d215d&amp;smart=true&amp;width=420&amp;height=236&amp;quality=85\" media=\"(min-width: 350px)\" \/><source srcset=\"https:\/\/www.infobae.com\/resizer\/v2\/RRBPSRUEBBCAHMMKIZU77ADRRM.jpg?auth=ad9db37d406e6ee54a3a39d72f03f7d1d44c516a9caf4187010a33781c1d215d&amp;smart=true&amp;width=350&amp;height=197&amp;quality=85\" media=\"(min-width: 80px)\" \/><img loading=\"lazy\" decoding=\"async\" class=\"global-image\" src=\"https:\/\/www.infobae.com\/resizer\/v2\/RRBPSRUEBBCAHMMKIZU77ADRRM.jpg?auth=ad9db37d406e6ee54a3a39d72f03f7d1d44c516a9caf4187010a33781c1d215d&amp;smart=true&amp;width=350&amp;height=197&amp;quality=85\" alt=\"La vida del capibara se\" width=\"1920\" height=\"1080\" \/><\/picture><\/div>\n<p class=\"paragraph\" data-mrf-recirculation=\"Links inline\"><b>Los capibaras viven en bandadas<\/b>\u00a0que usualmente cuentan con 10 a 20 individuos y, en ocasiones, llegan a formar grupos de hasta 100 ejemplares. Su vida se desarrolla en entornos acu\u00e1ticos como r\u00edos, esteros o lagunas.<\/p>\n<p class=\"paragraph\" data-mrf-recirculation=\"Links inline\">Muestran\u00a0<b>un comportamiento tranquilo, pac\u00edfico<\/b>, con vocalizaciones variadas que permiten la comunicaci\u00f3n entre sus miembros. Su r\u00e9gimen alimenticio incluye pastos y plantas acu\u00e1ticas, lo que refuerza su rol en la regulaci\u00f3n de la vegetaci\u00f3n ribere\u00f1a .<\/p>\n<p class=\"paragraph\" data-mrf-recirculation=\"Links inline\">La celebraci\u00f3n anual procura poner en relieve estos rasgos sociales,\u00a0<b>adem\u00e1s de promover su protecci\u00f3n\u00a0<\/b>frente a amenazas como la caza, la degradaci\u00f3n de h\u00e1bitats y el desplazamiento humano.<\/p>\n<div class=\"headline-wrapper\">\n<h2 class=\"header headline-class-h2\"><strong>Mil maneras de llamarlo<\/strong><\/h2>\n<\/div>\n<div class=\"visual__image\"><picture><source srcset=\"https:\/\/www.infobae.com\/resizer\/v2\/SGRZ5KBUXND5PDHQOHNAXO2IHI.jpg?auth=10c2725d0973f4ab43ec8a8a986d8e7c6f19b64b7f982e68c5db91e183441970&amp;smart=true&amp;width=992&amp;height=558&amp;quality=85\" media=\"(min-width: 1000px)\" \/><source srcset=\"https:\/\/www.infobae.com\/resizer\/v2\/SGRZ5KBUXND5PDHQOHNAXO2IHI.jpg?auth=10c2725d0973f4ab43ec8a8a986d8e7c6f19b64b7f982e68c5db91e183441970&amp;smart=true&amp;width=768&amp;height=432&amp;quality=85\" media=\"(min-width: 768px)\" \/><source srcset=\"https:\/\/www.infobae.com\/resizer\/v2\/SGRZ5KBUXND5PDHQOHNAXO2IHI.jpg?auth=10c2725d0973f4ab43ec8a8a986d8e7c6f19b64b7f982e68c5db91e183441970&amp;smart=true&amp;width=577&amp;height=325&amp;quality=85\" media=\"(min-width: 580px)\" \/><source srcset=\"https:\/\/www.infobae.com\/resizer\/v2\/SGRZ5KBUXND5PDHQOHNAXO2IHI.jpg?auth=10c2725d0973f4ab43ec8a8a986d8e7c6f19b64b7f982e68c5db91e183441970&amp;smart=true&amp;width=420&amp;height=236&amp;quality=85\" media=\"(min-width: 350px)\" \/><source srcset=\"https:\/\/www.infobae.com\/resizer\/v2\/SGRZ5KBUXND5PDHQOHNAXO2IHI.jpg?auth=10c2725d0973f4ab43ec8a8a986d8e7c6f19b64b7f982e68c5db91e183441970&amp;smart=true&amp;width=350&amp;height=197&amp;quality=85\" media=\"(min-width: 80px)\" \/><img loading=\"lazy\" decoding=\"async\" class=\"global-image\" src=\"https:\/\/www.infobae.com\/resizer\/v2\/SGRZ5KBUXND5PDHQOHNAXO2IHI.jpg?auth=10c2725d0973f4ab43ec8a8a986d8e7c6f19b64b7f982e68c5db91e183441970&amp;smart=true&amp;width=350&amp;height=197&amp;quality=85\" alt=\"M\u00e1s que un nombre, el\" width=\"1920\" height=\"1080\" \/><\/picture><\/div>\n<p class=\"paragraph\" data-mrf-recirculation=\"Links inline\">M\u00e1s all\u00e1 de su apacible imagen y andar sereno, el capibara<b>\u00a0guarda una riqueza ling\u00fc\u00edstica\u00a0<\/b>que refleja su arraigo en la cultura sudamericana. Su nombre m\u00e1s com\u00fan, \u201ccapibara\u201d, tiene origen en el idioma guaran\u00ed, donde se le conoce como\u00a0<i><b>bapi\u00ffv\u00e1<\/b><\/i><b>\u00a0o\u00a0<\/b><i><b>kapi\u2019yva<\/b><\/i><b>, que puede traducirse como \u201ccomedor de pasto\u201d o \u201cse\u00f1or del pasto\u201d<\/b>. En lengua tup\u00ed, se le llama\u00a0<i>ka\u2019api\u00fbara<\/i>, una forma po\u00e9tica de decir \u201cel que se alimenta de hojas finas\u201d.<\/p>\n<p class=\"paragraph\" data-mrf-recirculation=\"Links inline\">Su denominaci\u00f3n cient\u00edfica tampoco es casual:\u00a0<i><b>Hydrochoerus hydrochaeris<\/b><\/i><b>\u00a0<\/b>proviene del griego y significa literalmente\u00a0<b>\u201ccerdo de agua\u201d<\/b>, una alusi\u00f3n directa a su h\u00e1bitat anfibio y su contextura robusta.<\/p>\n<p class=\"paragraph\" data-mrf-recirculation=\"Links inline\">En el mapa ling\u00fc\u00edstico de la regi\u00f3n, este roedor gigante suma apodos seg\u00fan la tierra que pisa. En Argentina y Uruguay es conocido como\u00a0<b>carpincho o capincho<\/b>. En Colombia y Venezuela, lo llaman chig\u00fciro o piro-piro. En Brasil es la emblem\u00e1tica\u00a0<i>capivara<\/i>.<b>\u00a0En Per\u00fa, aparece como ronsoco<\/b>, mientras que en Panam\u00e1 y Paraguay puede responder incluso al curioso \u201cponcho\u201d.<\/p>\n<p class=\"paragraph\" data-mrf-recirculation=\"Links inline\">Cada variante del nombre cuenta una historia:\u00a0<b>de ecosistemas, de lenguas nativas, de observaciones populares<\/b>. El capibara, m\u00e1s que un animal, es un puente entre naturaleza y palabra.<\/p>\n<div class=\"headline-wrapper\">\n<h2 class=\"header headline-class-h2\"><strong>Difusi\u00f3n, celebraciones y presencia digital<\/strong><\/h2>\n<\/div>\n<div class=\"visual__image\"><picture><source srcset=\"https:\/\/www.infobae.com\/resizer\/v2\/NDDJDTBIQBHHXGQHLS5BZZWU3A.jpg?auth=fc59d6c88486cf39b447deb267a6985744d582ec722494f7583e9d8c074da858&amp;smart=true&amp;width=992&amp;height=558&amp;quality=85\" media=\"(min-width: 1000px)\" \/><source srcset=\"https:\/\/www.infobae.com\/resizer\/v2\/NDDJDTBIQBHHXGQHLS5BZZWU3A.jpg?auth=fc59d6c88486cf39b447deb267a6985744d582ec722494f7583e9d8c074da858&amp;smart=true&amp;width=768&amp;height=432&amp;quality=85\" media=\"(min-width: 768px)\" \/><source srcset=\"https:\/\/www.infobae.com\/resizer\/v2\/NDDJDTBIQBHHXGQHLS5BZZWU3A.jpg?auth=fc59d6c88486cf39b447deb267a6985744d582ec722494f7583e9d8c074da858&amp;smart=true&amp;width=577&amp;height=325&amp;quality=85\" media=\"(min-width: 580px)\" \/><source srcset=\"https:\/\/www.infobae.com\/resizer\/v2\/NDDJDTBIQBHHXGQHLS5BZZWU3A.jpg?auth=fc59d6c88486cf39b447deb267a6985744d582ec722494f7583e9d8c074da858&amp;smart=true&amp;width=420&amp;height=236&amp;quality=85\" media=\"(min-width: 350px)\" \/><source srcset=\"https:\/\/www.infobae.com\/resizer\/v2\/NDDJDTBIQBHHXGQHLS5BZZWU3A.jpg?auth=fc59d6c88486cf39b447deb267a6985744d582ec722494f7583e9d8c074da858&amp;smart=true&amp;width=350&amp;height=197&amp;quality=85\" media=\"(min-width: 80px)\" \/><img loading=\"lazy\" decoding=\"async\" class=\"global-image alignleft\" src=\"https:\/\/www.infobae.com\/resizer\/v2\/NDDJDTBIQBHHXGQHLS5BZZWU3A.jpg?auth=fc59d6c88486cf39b447deb267a6985744d582ec722494f7583e9d8c074da858&amp;smart=true&amp;width=350&amp;height=197&amp;quality=85\" alt=\"El 10 de julio, los\" width=\"1920\" height=\"1080\" \/><\/picture><\/div>\n<p class=\"paragraph\" data-mrf-recirculation=\"Links inline\">En la era digital, el carpincho ha logrado cierta popularidad gracias a su fama en redes por su\u00a0<b>car\u00e1cter relajado y amistoso<\/b>. En comunidades como Reddit se observa un fuerte entusiasmo: usuarios postean\u00a0<b>\u201c\u00a1\u00a1\u00a1HOY 10\u202fDE\u202fJULIO ES EL D\u00cdA DE APRECIACI\u00d3N DEL CARPINCHO!!!\u201d<\/b>\u00a0junto a fotos de estas criaturas descansando o en agua.<\/p>\n<p class=\"paragraph\" data-mrf-recirculation=\"Links inline\">La efem\u00e9ride impulsa iniciativas educativas, publicaciones en blogs y videos informativos.\u00a0<b>Organizan talleres con escolares, actividades tem\u00e1ticas<\/b> en reservas naturales e incluso el lanzamiento de productos y campa\u00f1as de sensibilizaci\u00f3n.<\/p>\n<p class=\"paragraph\" data-mrf-recirculation=\"Links inline\">El<b>\u00a0D\u00eda de Apreciaci\u00f3n del Capibara<\/b>\u00a0anima a celebrar a este emblem\u00e1tico roedor sudamericano, destacar su valor ecol\u00f3gico y defender su existencia en entornos naturales. La fecha, enriquecida por su difusi\u00f3n digital y su atractivo simp\u00e1tico, promueve una mirada m\u00e1s respetuosa hacia la vida salvaje.<\/p>\n","protected":false},"excerpt":{"rendered":"<p>Cada 10 de julio, la regi\u00f3n reconoce la importancia ecol\u00f3gica y cultural de este pac\u00edfico animal, protagonista en la conservaci\u00f3n y las redes sociales.<\/p>\n","protected":false},"author":8,"featured_media":226783,"comment_status":"open","ping_status":"open","sticky":false,"template":"","format":"standard","meta":{"fifu_image_url":"https:\/\/www.zooplus.es\/magazine\/wp-content\/uploads\/2024\/02\/Capibara-1.webp","fifu_image_alt":"","footnotes":""},"categories":[9],"tags":[5859,5860],"class_list":{"0":"post-226781","1":"post","2":"type-post","3":"status-publish","4":"format-standard","5":"has-post-thumbnail","7":"category-sociedad","8":"tag-capibara","9":"tag-dia-del-capibara"},"yoast_head":"<title>D\u00eda del Carpincho: celebraci\u00f3n continental para el roedor m\u00e1s grande - Informe Litoral<\/title>\n<meta name=\"robots\" content=\"index, follow, max-snippet:-1, max-image-preview:large, max-video-preview:-1\" \/>\n<link rel=\"canonical\" href=\"https:\/\/informelitoral.com.ar\/dia-del-carpincho-celebracion-continental-para-el-roedor-mas-grande\/\" \/>\n<meta property=\"og:locale\" content=\"es_ES\" \/>\n<meta property=\"og:type\" content=\"article\" \/>\n<meta property=\"og:title\" content=\"D\u00eda del Carpincho: celebraci\u00f3n continental para el roedor m\u00e1s grande - Informe Litoral\" \/>\n<meta property=\"og:description\" content=\"Cada 10 de julio, la regi\u00f3n reconoce la importancia ecol\u00f3gica y cultural de este pac\u00edfico animal, protagonista en la conservaci\u00f3n y las redes sociales.\" \/>\n<meta property=\"og:url\" content=\"https:\/\/informelitoral.com.ar\/dia-del-carpincho-celebracion-continental-para-el-roedor-mas-grande\/\" \/>\n<meta property=\"og:site_name\" content=\"Informe Litoral\" \/>\n<meta property=\"article:publisher\" content=\"https:\/\/www.facebook.com\/informelitoral\/\" \/>\n<meta property=\"article:published_time\" content=\"2025-07-10T12:54:08+00:00\" \/>\n<meta property=\"article:modified_time\" content=\"2025-07-10T16:33:09+00:00\" \/>\n<meta property=\"og:image\" content=\"https:\/\/www.zooplus.es\/magazine\/%77%70%2d%63%6f%6e%74%65%6e%74\/uploads\/2024\/02\/Capibara-1.webp\" \/><meta property=\"og:image\" content=\"https:\/\/www.zooplus.es\/magazine\/%77%70%2d%63%6f%6e%74%65%6e%74\/uploads\/2024\/02\/Capibara-1.webp\" \/>\n\t<meta property=\"og:image:width\" content=\"1024\" \/>\n\t<meta property=\"og:image:height\" content=\"678\" \/>\n\t<meta property=\"og:image:type\" content=\"image\/jpeg\" \/>\n<meta name=\"author\" content=\"Sebastian\" \/>\n<meta name=\"twitter:card\" content=\"summary_large_image\" \/>\n<meta name=\"twitter:image\" content=\"https:\/\/www.zooplus.es\/magazine\/%77%70%2d%63%6f%6e%74%65%6e%74\/uploads\/2024\/02\/Capibara-1.webp\" \/>\n<meta name=\"twitter:creator\" content=\"@InformeLitoral\" \/>\n<meta name=\"twitter:site\" content=\"@InformeLitoral\" \/>\n<meta name=\"twitter:label1\" content=\"Escrito por\" \/>\n\t<meta name=\"twitter:data1\" content=\"Sebastian\" \/>\n\t<meta name=\"twitter:label2\" content=\"Tiempo de lectura\" \/>\n\t<meta name=\"twitter:data2\" content=\"5 minutos\" \/>\n<script type=\"application\/ld+json\" class=\"yoast-schema-graph\">{\"@context\":\"https:\\\/\\\/schema.org\",\"@graph\":[{\"@type\":\"Article\",\"@id\":\"https:\\\/\\\/informelitoral.com.ar\\\/dia-del-carpincho-celebracion-continental-para-el-roedor-mas-grande\\\/#article\",\"isPartOf\":{\"@id\":\"https:\\\/\\\/informelitoral.com.ar\\\/dia-del-carpincho-celebracion-continental-para-el-roedor-mas-grande\\\/\"},\"author\":{\"name\":\"Sebastian\",\"@id\":\"https:\\\/\\\/informelitoral.com.ar\\\/#\\\/schema\\\/person\\\/f05f9f461677119578717524b127d6d5\"},\"headline\":\"D\u00eda del Carpincho: celebraci\u00f3n continental para el roedor m\u00e1s grande\",\"datePublished\":\"2025-07-10T12:54:08+00:00\",\"dateModified\":\"2025-07-10T16:33:09+00:00\",\"mainEntityOfPage\":{\"@id\":\"https:\\\/\\\/informelitoral.com.ar\\\/dia-del-carpincho-celebracion-continental-para-el-roedor-mas-grande\\\/\"},\"wordCount\":858,\"commentCount\":0,\"publisher\":{\"@id\":\"https:\\\/\\\/informelitoral.com.ar\\\/#organization\"},\"image\":{\"@id\":\"https:\\\/\\\/informelitoral.com.ar\\\/dia-del-carpincho-celebracion-continental-para-el-roedor-mas-grande\\\/#primaryimage\"},\"thumbnailUrl\":\"https:\\\/\\\/www.zooplus.es\\\/magazine\\\/%77%70%2d%63%6f%6e%74%65%6e%74\\\/uploads\\\/2024\\\/02\\\/Capibara-1.webp\",\"keywords\":[\"Capibara\",\"D\u00eda del Capibara\"],\"articleSection\":[\"Sociedad\"],\"inLanguage\":\"es\",\"potentialAction\":[{\"@type\":\"CommentAction\",\"name\":\"Comment\",\"target\":[\"https:\\\/\\\/informelitoral.com.ar\\\/dia-del-carpincho-celebracion-continental-para-el-roedor-mas-grande\\\/#respond\"]}]},{\"@type\":\"WebPage\",\"@id\":\"https:\\\/\\\/informelitoral.com.ar\\\/dia-del-carpincho-celebracion-continental-para-el-roedor-mas-grande\\\/\",\"url\":\"https:\\\/\\\/informelitoral.com.ar\\\/dia-del-carpincho-celebracion-continental-para-el-roedor-mas-grande\\\/\",\"name\":\"D\u00eda del Carpincho: celebraci\u00f3n continental para el roedor m\u00e1s grande - Informe Litoral\",\"isPartOf\":{\"@id\":\"https:\\\/\\\/informelitoral.com.ar\\\/#website\"},\"primaryImageOfPage\":{\"@id\":\"https:\\\/\\\/informelitoral.com.ar\\\/dia-del-carpincho-celebracion-continental-para-el-roedor-mas-grande\\\/#primaryimage\"},\"image\":{\"@id\":\"https:\\\/\\\/informelitoral.com.ar\\\/dia-del-carpincho-celebracion-continental-para-el-roedor-mas-grande\\\/#primaryimage\"},\"thumbnailUrl\":\"https:\\\/\\\/www.zooplus.es\\\/magazine\\\/%77%70%2d%63%6f%6e%74%65%6e%74\\\/uploads\\\/2024\\\/02\\\/Capibara-1.webp\",\"datePublished\":\"2025-07-10T12:54:08+00:00\",\"dateModified\":\"2025-07-10T16:33:09+00:00\",\"breadcrumb\":{\"@id\":\"https:\\\/\\\/informelitoral.com.ar\\\/dia-del-carpincho-celebracion-continental-para-el-roedor-mas-grande\\\/#breadcrumb\"},\"inLanguage\":\"es\",\"potentialAction\":[{\"@type\":\"ReadAction\",\"target\":[\"https:\\\/\\\/informelitoral.com.ar\\\/dia-del-carpincho-celebracion-continental-para-el-roedor-mas-grande\\\/\"]}]},{\"@type\":\"ImageObject\",\"inLanguage\":\"es\",\"@id\":\"https:\\\/\\\/informelitoral.com.ar\\\/dia-del-carpincho-celebracion-continental-para-el-roedor-mas-grande\\\/#primaryimage\",\"url\":\"https:\\\/\\\/www.zooplus.es\\\/magazine\\\/%77%70%2d%63%6f%6e%74%65%6e%74\\\/uploads\\\/2024\\\/02\\\/Capibara-1.webp\",\"contentUrl\":\"https:\\\/\\\/www.zooplus.es\\\/magazine\\\/%77%70%2d%63%6f%6e%74%65%6e%74\\\/uploads\\\/2024\\\/02\\\/Capibara-1.webp\",\"width\":\"1024\",\"height\":\"678\"},{\"@type\":\"BreadcrumbList\",\"@id\":\"https:\\\/\\\/informelitoral.com.ar\\\/dia-del-carpincho-celebracion-continental-para-el-roedor-mas-grande\\\/#breadcrumb\",\"itemListElement\":[{\"@type\":\"ListItem\",\"position\":1,\"name\":\"Portada\",\"item\":\"https:\\\/\\\/informelitoral.com.ar\\\/\"},{\"@type\":\"ListItem\",\"position\":2,\"name\":\"D\u00eda del Carpincho: celebraci\u00f3n continental para el roedor m\u00e1s grande\"}]},{\"@type\":\"WebSite\",\"@id\":\"https:\\\/\\\/informelitoral.com.ar\\\/#website\",\"url\":\"https:\\\/\\\/informelitoral.com.ar\\\/\",\"name\":\"Informe Litoral\",\"description\":\"&quot;Nos informamos&quot; \",\"publisher\":{\"@id\":\"https:\\\/\\\/informelitoral.com.ar\\\/#organization\"},\"potentialAction\":[{\"@type\":\"SearchAction\",\"target\":{\"@type\":\"EntryPoint\",\"urlTemplate\":\"https:\\\/\\\/informelitoral.com.ar\\\/?s={search_term_string}\"},\"query-input\":{\"@type\":\"PropertyValueSpecification\",\"valueRequired\":true,\"valueName\":\"search_term_string\"}}],\"inLanguage\":\"es\"},{\"@type\":\"Organization\",\"@id\":\"https:\\\/\\\/informelitoral.com.ar\\\/#organization\",\"name\":\"Informe Litoral\",\"url\":\"https:\\\/\\\/informelitoral.com.ar\\\/\",\"logo\":{\"@type\":\"ImageObject\",\"inLanguage\":\"es\",\"@id\":\"https:\\\/\\\/informelitoral.com.ar\\\/#\\\/schema\\\/logo\\\/image\\\/\",\"url\":\"https:\\\/\\\/informelitoral.com.ar\\\/%77%70%2d%63%6f%6e%74%65%6e%74\\\/uploads\\\/2021\\\/01\\\/circulo.png\",\"contentUrl\":\"https:\\\/\\\/informelitoral.com.ar\\\/%77%70%2d%63%6f%6e%74%65%6e%74\\\/uploads\\\/2021\\\/01\\\/circulo.png\",\"width\":723,\"height\":731,\"caption\":\"Informe Litoral\"},\"image\":{\"@id\":\"https:\\\/\\\/informelitoral.com.ar\\\/#\\\/schema\\\/logo\\\/image\\\/\"},\"sameAs\":[\"https:\\\/\\\/www.facebook.com\\\/informelitoral\\\/\",\"https:\\\/\\\/x.com\\\/InformeLitoral\",\"https:\\\/\\\/www.instagram.com\\\/informelitoral\\\/\",\"https:\\\/\\\/www.youtube.com\\\/channel\\\/UCua4Qvz8Icb6MYqhoq9xLXw\"]},{\"@type\":\"Person\",\"@id\":\"https:\\\/\\\/informelitoral.com.ar\\\/#\\\/schema\\\/person\\\/f05f9f461677119578717524b127d6d5\",\"name\":\"Sebastian\",\"image\":{\"@type\":\"ImageObject\",\"inLanguage\":\"es\",\"@id\":\"https:\\\/\\\/secure.gravatar.com\\\/avatar\\\/b71bf7481d447dfb9583c7f2798e7cc64de6efb9067b74633ed8c31059a3bd82?s=96&d=mm&r=g\",\"url\":\"https:\\\/\\\/secure.gravatar.com\\\/avatar\\\/b71bf7481d447dfb9583c7f2798e7cc64de6efb9067b74633ed8c31059a3bd82?s=96&d=mm&r=g\",\"contentUrl\":\"https:\\\/\\\/secure.gravatar.com\\\/avatar\\\/b71bf7481d447dfb9583c7f2798e7cc64de6efb9067b74633ed8c31059a3bd82?s=96&d=mm&r=g\",\"caption\":\"Sebastian\"},\"url\":\"https:\\\/\\\/informelitoral.com.ar\\\/author\\\/sebastian\\\/\"}]}<\/script>","yoast_head_json":{"title":"D\u00eda del Carpincho: celebraci\u00f3n continental para el roedor m\u00e1s grande - Informe Litoral","robots":{"index":"index","follow":"follow","max-snippet":"max-snippet:-1","max-image-preview":"max-image-preview:large","max-video-preview":"max-video-preview:-1"},"canonical":"https:\/\/informelitoral.com.ar\/dia-del-carpincho-celebracion-continental-para-el-roedor-mas-grande\/","og_locale":"es_ES","og_type":"article","og_title":"D\u00eda del Carpincho: celebraci\u00f3n continental para el roedor m\u00e1s grande - Informe Litoral","og_description":"Cada 10 de julio, la regi\u00f3n reconoce la importancia ecol\u00f3gica y cultural de este pac\u00edfico animal, protagonista en la conservaci\u00f3n y las redes sociales.","og_url":"https:\/\/informelitoral.com.ar\/dia-del-carpincho-celebracion-continental-para-el-roedor-mas-grande\/","og_site_name":"Informe Litoral","article_publisher":"https:\/\/www.facebook.com\/informelitoral\/","article_published_time":"2025-07-10T12:54:08+00:00","article_modified_time":"2025-07-10T16:33:09+00:00","og_image":[{"url":"https:\/\/www.zooplus.es\/magazine\/wp-content\/uploads\/2024\/02\/Capibara-1.webp","type":"","width":"","height":""},{"width":1024,"height":678,"url":"https:\/\/www.zooplus.es\/magazine\/wp-content\/uploads\/2024\/02\/Capibara-1.webp","type":"image\/jpeg"}],"author":"Sebastian","twitter_card":"summary_large_image","twitter_image":"https:\/\/www.zooplus.es\/magazine\/wp-content\/uploads\/2024\/02\/Capibara-1.webp","twitter_creator":"@InformeLitoral","twitter_site":"@InformeLitoral","twitter_misc":{"Escrito por":"Sebastian","Tiempo de lectura":"5 minutos"},"schema":{"@context":"https:\/\/schema.org","@graph":[{"@type":"Article","@id":"https:\/\/informelitoral.com.ar\/dia-del-carpincho-celebracion-continental-para-el-roedor-mas-grande\/#article","isPartOf":{"@id":"https:\/\/informelitoral.com.ar\/dia-del-carpincho-celebracion-continental-para-el-roedor-mas-grande\/"},"author":{"name":"Sebastian","@id":"https:\/\/informelitoral.com.ar\/#\/schema\/person\/f05f9f461677119578717524b127d6d5"},"headline":"D\u00eda del Carpincho: celebraci\u00f3n continental para el roedor m\u00e1s grande","datePublished":"2025-07-10T12:54:08+00:00","dateModified":"2025-07-10T16:33:09+00:00","mainEntityOfPage":{"@id":"https:\/\/informelitoral.com.ar\/dia-del-carpincho-celebracion-continental-para-el-roedor-mas-grande\/"},"wordCount":858,"commentCount":0,"publisher":{"@id":"https:\/\/informelitoral.com.ar\/#organization"},"image":{"@id":"https:\/\/informelitoral.com.ar\/dia-del-carpincho-celebracion-continental-para-el-roedor-mas-grande\/#primaryimage"},"thumbnailUrl":"https:\/\/www.zooplus.es\/magazine\/%77%70%2d%63%6f%6e%74%65%6e%74\/uploads\/2024\/02\/Capibara-1.webp","keywords":["Capibara","D\u00eda del Capibara"],"articleSection":["Sociedad"],"inLanguage":"es","potentialAction":[{"@type":"CommentAction","name":"Comment","target":["https:\/\/informelitoral.com.ar\/dia-del-carpincho-celebracion-continental-para-el-roedor-mas-grande\/#respond"]}]},{"@type":"WebPage","@id":"https:\/\/informelitoral.com.ar\/dia-del-carpincho-celebracion-continental-para-el-roedor-mas-grande\/","url":"https:\/\/informelitoral.com.ar\/dia-del-carpincho-celebracion-continental-para-el-roedor-mas-grande\/","name":"D\u00eda del Carpincho: celebraci\u00f3n continental para el roedor m\u00e1s grande - Informe Litoral","isPartOf":{"@id":"https:\/\/informelitoral.com.ar\/#website"},"primaryImageOfPage":{"@id":"https:\/\/informelitoral.com.ar\/dia-del-carpincho-celebracion-continental-para-el-roedor-mas-grande\/#primaryimage"},"image":{"@id":"https:\/\/informelitoral.com.ar\/dia-del-carpincho-celebracion-continental-para-el-roedor-mas-grande\/#primaryimage"},"thumbnailUrl":"https:\/\/www.zooplus.es\/magazine\/%77%70%2d%63%6f%6e%74%65%6e%74\/uploads\/2024\/02\/Capibara-1.webp","datePublished":"2025-07-10T12:54:08+00:00","dateModified":"2025-07-10T16:33:09+00:00","breadcrumb":{"@id":"https:\/\/informelitoral.com.ar\/dia-del-carpincho-celebracion-continental-para-el-roedor-mas-grande\/#breadcrumb"},"inLanguage":"es","potentialAction":[{"@type":"ReadAction","target":["https:\/\/informelitoral.com.ar\/dia-del-carpincho-celebracion-continental-para-el-roedor-mas-grande\/"]}]},{"@type":"ImageObject","inLanguage":"es","@id":"https:\/\/informelitoral.com.ar\/dia-del-carpincho-celebracion-continental-para-el-roedor-mas-grande\/#primaryimage","url":"https:\/\/www.zooplus.es\/magazine\/%77%70%2d%63%6f%6e%74%65%6e%74\/uploads\/2024\/02\/Capibara-1.webp","contentUrl":"https:\/\/www.zooplus.es\/magazine\/%77%70%2d%63%6f%6e%74%65%6e%74\/uploads\/2024\/02\/Capibara-1.webp","width":"1024","height":"678"},{"@type":"BreadcrumbList","@id":"https:\/\/informelitoral.com.ar\/dia-del-carpincho-celebracion-continental-para-el-roedor-mas-grande\/#breadcrumb","itemListElement":[{"@type":"ListItem","position":1,"name":"Portada","item":"https:\/\/informelitoral.com.ar\/"},{"@type":"ListItem","position":2,"name":"D\u00eda del Carpincho: celebraci\u00f3n continental para el roedor m\u00e1s grande"}]},{"@type":"WebSite","@id":"https:\/\/informelitoral.com.ar\/#website","url":"https:\/\/informelitoral.com.ar\/","name":"Informe Litoral","description":"&quot;Nos informamos&quot; ","publisher":{"@id":"https:\/\/informelitoral.com.ar\/#organization"},"potentialAction":[{"@type":"SearchAction","target":{"@type":"EntryPoint","urlTemplate":"https:\/\/informelitoral.com.ar\/?s={search_term_string}"},"query-input":{"@type":"PropertyValueSpecification","valueRequired":true,"valueName":"search_term_string"}}],"inLanguage":"es"},{"@type":"Organization","@id":"https:\/\/informelitoral.com.ar\/#organization","name":"Informe Litoral","url":"https:\/\/informelitoral.com.ar\/","logo":{"@type":"ImageObject","inLanguage":"es","@id":"https:\/\/informelitoral.com.ar\/#\/schema\/logo\/image\/","url":"https:\/\/informelitoral.com.ar\/%77%70%2d%63%6f%6e%74%65%6e%74\/uploads\/2021\/01\/circulo.png","contentUrl":"https:\/\/informelitoral.com.ar\/%77%70%2d%63%6f%6e%74%65%6e%74\/uploads\/2021\/01\/circulo.png","width":723,"height":731,"caption":"Informe Litoral"},"image":{"@id":"https:\/\/informelitoral.com.ar\/#\/schema\/logo\/image\/"},"sameAs":["https:\/\/www.facebook.com\/informelitoral\/","https:\/\/x.com\/InformeLitoral","https:\/\/www.instagram.com\/informelitoral\/","https:\/\/www.youtube.com\/channel\/UCua4Qvz8Icb6MYqhoq9xLXw"]},{"@type":"Person","@id":"https:\/\/informelitoral.com.ar\/#\/schema\/person\/f05f9f461677119578717524b127d6d5","name":"Sebastian","image":{"@type":"ImageObject","inLanguage":"es","@id":"https:\/\/secure.gravatar.com\/avatar\/b71bf7481d447dfb9583c7f2798e7cc64de6efb9067b74633ed8c31059a3bd82?s=96&d=mm&r=g","url":"https:\/\/secure.gravatar.com\/avatar\/b71bf7481d447dfb9583c7f2798e7cc64de6efb9067b74633ed8c31059a3bd82?s=96&d=mm&r=g","contentUrl":"https:\/\/secure.gravatar.com\/avatar\/b71bf7481d447dfb9583c7f2798e7cc64de6efb9067b74633ed8c31059a3bd82?s=96&d=mm&r=g","caption":"Sebastian"},"url":"https:\/\/informelitoral.com.ar\/author\/sebastian\/"}]}},"fifu_image_url":"https:\/\/www.zooplus.es\/magazine\/wp-content\/uploads\/2024\/02\/Capibara-1.webp","_links":{"self":[{"href":"https:\/\/informelitoral.com.ar\/%77%70%2d%6a%73%6f%6e\/wp\/v2\/posts\/226781","targetHints":{"allow":["GET"]}}],"collection":[{"href":"https:\/\/informelitoral.com.ar\/%77%70%2d%6a%73%6f%6e\/wp\/v2\/posts"}],"about":[{"href":"https:\/\/informelitoral.com.ar\/%77%70%2d%6a%73%6f%6e\/wp\/v2\/types\/post"}],"author":[{"embeddable":true,"href":"https:\/\/informelitoral.com.ar\/%77%70%2d%6a%73%6f%6e\/wp\/v2\/users\/8"}],"replies":[{"embeddable":true,"href":"https:\/\/informelitoral.com.ar\/%77%70%2d%6a%73%6f%6e\/wp\/v2\/comments?post=226781"}],"version-history":[{"count":4,"href":"https:\/\/informelitoral.com.ar\/%77%70%2d%6a%73%6f%6e\/wp\/v2\/posts\/226781\/revisions"}],"predecessor-version":[{"id":226831,"href":"https:\/\/informelitoral.com.ar\/%77%70%2d%6a%73%6f%6e\/wp\/v2\/posts\/226781\/revisions\/226831"}],"wp:featuredmedia":[{"embeddable":true,"href":"https:\/\/informelitoral.com.ar\/%77%70%2d%6a%73%6f%6e\/wp\/v2\/media\/226783"}],"wp:attachment":[{"href":"https:\/\/informelitoral.com.ar\/%77%70%2d%6a%73%6f%6e\/wp\/v2\/media?parent=226781"}],"wp:term":[{"taxonomy":"category","embeddable":true,"href":"https:\/\/informelitoral.com.ar\/%77%70%2d%6a%73%6f%6e\/wp\/v2\/categories?post=226781"},{"taxonomy":"post_tag","embeddable":true,"href":"https:\/\/informelitoral.com.ar\/%77%70%2d%6a%73%6f%6e\/wp\/v2\/tags?post=226781"}],"curies":[{"name":"wp","href":"https:\/\/api.w.org\/{rel}","templated":true}]}}