{"id":226771,"date":"2025-07-10T09:44:53","date_gmt":"2025-07-10T12:44:53","guid":{"rendered":"https:\/\/informelitoral.com.ar\/?p=226771"},"modified":"2025-07-10T13:36:43","modified_gmt":"2025-07-10T16:36:43","slug":"gobierno-desregula-el-sector-electrico-y-genera-debate-con-municipios-por-tasas","status":"publish","type":"post","link":"https:\/\/informelitoral.com.ar\/gobierno-desregula-el-sector-electrico-y-genera-debate-con-municipios-por-tasas\/","title":{"rendered":"Gobierno desregula el sector el\u00e9ctrico y genera debate con municipios por tasas"},"content":{"rendered":"<p>A trav\u00e9s del decreto N\u00ba 450\/2025, que aprueba las adecuaciones a las leyes 15.336 (R\u00e9gimen de Energ\u00eda El\u00e9ctrica) y 24.065 (Marco Regulatorio El\u00e9ctrico),\u00a0<b>el Gobierno Nacional defini\u00f3 las bases jur\u00eddicas para una reforma estructural del sector el\u00e9ctrico que beneficiar\u00e1 al usuario y tendr\u00e1 al sector privado como actor clave.<\/b><\/p>\n<p>Ese decreto, dictado en el marco del art\u00edculo 162 de la Ley de Bases y Puntos de Partida para la Libertad de los Argentinos, permitir\u00e1 avanzar en el proceso de lograr un mercado el\u00e9ctrico \u201ccompetitivo, abierto y transparente\u201d, aunque en esa tarea la Naci\u00f3n\u00a0<b>presiona a las provincias para que los municipios eliminen todas las tasas que gravan el consumo de energ\u00eda el\u00e9ctrica.<\/b><\/p>\n<div class=\"embed nota-relacionada\">\n<div class=\"inner-art\">\n<article class=\" en-bandera\">\n<header class=\"en-bandera__header\">\n<h2 class=\"en-bandera__h2 titulo-sub \"><strong>El gobierno desregul\u00f3 el sector el\u00e9ctrico: los puntos centrales de la medida<\/strong><\/h2>\n<\/header>\n<\/article>\n<\/div>\n<\/div>\n<p>A trav\u00e9s de esa norma nacional se introducen mecanismos regulatorios para que el usuario sepa qu\u00e9 paga. Su factura no podr\u00e1 incluir tributos de orden local ni cargos ajenos a los bienes y servicios efectivamente facturados, plantea ahora la administraci\u00f3n del presidente Javier Milei, y de ese modo reedita un planteo que lo hab\u00eda hecho en 2024 el ministro de Econom\u00eda de la Naci\u00f3n, Luis Caputo, cuando ya hab\u00eda generado reacci\u00f3n adversa.<\/p>\n<h2><strong>La visi\u00f3n de los municipios<\/strong><\/h2>\n<p>Desde la visi\u00f3n de los municipios,\u00a0<b>la medida busca responsabilizar a las provincias y municipios por el alto costo energ\u00e9tico y el d\u00e9ficit cero de la Naci\u00f3n, generando un conflicto directo con los vecinos.<\/b><\/p>\n<p>\u00abLa medida adoptada por el gobierno nacional desv\u00eda la discusi\u00f3n real que se debe dar acerca de cu\u00e1nto vale la energ\u00eda y por qu\u00e9 la distribuidora nacional nos compra a los entrerrianos a determinado precio y nos la revende cinco veces m\u00e1s cara. Creo que ah\u00ed es donde est\u00e1 el problema de la factura por el consumo de energ\u00eda\u201d, dijo Gustavo Bastian, intendente de San Jos\u00e9 y presidente del PJ departamento Col\u00f3n en relaci\u00f3n al decreto nacional que proh\u00edbe incluir tasas municipales en las facturas de luz, gas y agua.<\/p>\n<p>Por la crisis econ\u00f3mica, hay municipios que ya sufren una ca\u00edda de entre el 30 y el 40% en el pago de tasas por parte de los vecinos y, advierten que esta medida agravar\u00eda la faltante de recursos.<\/p>\n<h2><strong>Impacto econ\u00f3mico \u201cdevastador<\/strong><\/h2>\n<p>Por otra parte, la resoluci\u00f3n 267\/2024 no solo proh\u00edbe a los municipios adherir sus tasas a las boletas de servicios, sino que adem\u00e1s faculta a las distribuidoras a aplicar sanciones o cortar el suministro de electricidad a las empresas provinciales que no acaten esta directiva.<\/p>\n<p>\u201cHay una ley provincial y este DNU que sac\u00f3 el presidente Javier Milei no puede estar por encima de la normativa provincial. Obviamente lo que todos los intendentes le manifestamos al gobernador es el impacto econ\u00f3mico devastador para los municipios y el perjuicio que genera\u201d, se\u00f1al\u00f3 Bastian.<\/p>\n<p>En la discusi\u00f3n sobre la modificaci\u00f3n de la boleta, el gobernador propuso que \u00abla contribuci\u00f3n del 8,69% que figura actualmente pase al valor de distribuci\u00f3n, pero reducida a un 6%\u00bb. Adem\u00e1s, en un intento por estandarizar los cobros municipales, se plante\u00f3 que las tasas municipales, que actualmente var\u00edan entre el 8, 14, 15 o 16% en algunos municipios, se establezcan uniformemente en un 12% o 13% para todos. Esta \u00faltima medida gener\u00f3 gran controversia, ya que para muchos municipios la reducci\u00f3n implicar\u00eda no alcanzarles los fondos, forz\u00e1ndolos a un esfuerzo significativo que consideran inviable por la situaci\u00f3n econ\u00f3mica actual.<em> (UNO y Entre R\u00edos Ahora)<\/em><\/p>\n","protected":false},"excerpt":{"rendered":"<p>Un decreto nacional busca mayor transparencia en las facturas de luz y desata cuestionamientos locales sobre ingresos.<\/p>\n","protected":false},"author":8,"featured_media":107513,"comment_status":"open","ping_status":"open","sticky":false,"template":"","format":"standard","meta":{"fifu_image_url":"","fifu_image_alt":"","footnotes":""},"categories":[1594],"tags":[627,5858,238],"class_list":{"0":"post-226771","1":"post","2":"type-post","3":"status-publish","4":"format-standard","5":"has-post-thumbnail","7":"category-economia","8":"tag-energia-electrica","9":"tag-municipalidades","10":"tag-tarifas"},"yoast_head":"<title>Gobierno desregula el sector el\u00e9ctrico y genera debate con municipios por tasas - Informe Litoral<\/title>\n<meta name=\"robots\" content=\"index, follow, max-snippet:-1, max-image-preview:large, max-video-preview:-1\" \/>\n<link rel=\"canonical\" href=\"https:\/\/informelitoral.com.ar\/gobierno-desregula-el-sector-electrico-y-genera-debate-con-municipios-por-tasas\/\" \/>\n<meta property=\"og:locale\" content=\"es_ES\" \/>\n<meta property=\"og:type\" content=\"article\" \/>\n<meta property=\"og:title\" content=\"Gobierno desregula el sector el\u00e9ctrico y genera debate con municipios por tasas - Informe Litoral\" \/>\n<meta property=\"og:description\" content=\"Un decreto nacional busca mayor transparencia en las facturas de luz y desata cuestionamientos locales sobre ingresos.\" \/>\n<meta property=\"og:url\" content=\"https:\/\/informelitoral.com.ar\/gobierno-desregula-el-sector-electrico-y-genera-debate-con-municipios-por-tasas\/\" \/>\n<meta property=\"og:site_name\" content=\"Informe Litoral\" \/>\n<meta property=\"article:publisher\" content=\"https:\/\/www.facebook.com\/informelitoral\/\" \/>\n<meta property=\"article:published_time\" content=\"2025-07-10T12:44:53+00:00\" \/>\n<meta property=\"article:modified_time\" content=\"2025-07-10T16:36:43+00:00\" \/>\n<meta property=\"og:image\" content=\"https:\/\/informelitoral.com.ar\/%77%70%2d%63%6f%6e%74%65%6e%74\/uploads\/2023\/01\/Luz-665x374-1.jpeg\" \/>\n\t<meta property=\"og:image:width\" content=\"665\" \/>\n\t<meta property=\"og:image:height\" content=\"374\" \/>\n\t<meta property=\"og:image:type\" content=\"image\/jpeg\" \/>\n<meta name=\"author\" content=\"Sebastian\" \/>\n<meta name=\"twitter:card\" content=\"summary_large_image\" \/>\n<meta name=\"twitter:creator\" content=\"@InformeLitoral\" \/>\n<meta name=\"twitter:site\" content=\"@InformeLitoral\" \/>\n<meta name=\"twitter:label1\" content=\"Escrito por\" \/>\n\t<meta name=\"twitter:data1\" content=\"Sebastian\" \/>\n\t<meta name=\"twitter:label2\" content=\"Tiempo de lectura\" \/>\n\t<meta name=\"twitter:data2\" content=\"3 minutos\" \/>\n<script type=\"application\/ld+json\" class=\"yoast-schema-graph\">{\"@context\":\"https:\\\/\\\/schema.org\",\"@graph\":[{\"@type\":\"Article\",\"@id\":\"https:\\\/\\\/informelitoral.com.ar\\\/gobierno-desregula-el-sector-electrico-y-genera-debate-con-municipios-por-tasas\\\/#article\",\"isPartOf\":{\"@id\":\"https:\\\/\\\/informelitoral.com.ar\\\/gobierno-desregula-el-sector-electrico-y-genera-debate-con-municipios-por-tasas\\\/\"},\"author\":{\"name\":\"Sebastian\",\"@id\":\"https:\\\/\\\/informelitoral.com.ar\\\/#\\\/schema\\\/person\\\/f05f9f461677119578717524b127d6d5\"},\"headline\":\"Gobierno desregula el sector el\u00e9ctrico y genera debate con municipios por tasas\",\"datePublished\":\"2025-07-10T12:44:53+00:00\",\"dateModified\":\"2025-07-10T16:36:43+00:00\",\"mainEntityOfPage\":{\"@id\":\"https:\\\/\\\/informelitoral.com.ar\\\/gobierno-desregula-el-sector-electrico-y-genera-debate-con-municipios-por-tasas\\\/\"},\"wordCount\":614,\"commentCount\":0,\"publisher\":{\"@id\":\"https:\\\/\\\/informelitoral.com.ar\\\/#organization\"},\"image\":{\"@id\":\"https:\\\/\\\/informelitoral.com.ar\\\/gobierno-desregula-el-sector-electrico-y-genera-debate-con-municipios-por-tasas\\\/#primaryimage\"},\"thumbnailUrl\":\"https:\\\/\\\/informelitoral.com.ar\\\/%77%70%2d%63%6f%6e%74%65%6e%74\\\/uploads\\\/2023\\\/01\\\/Luz-665x374-1.jpeg\",\"keywords\":[\"Energ\u00eda el\u00e9ctrica\",\"Municipalidades\",\"Tarifas\"],\"articleSection\":[\"Econom\u00eda\"],\"inLanguage\":\"es\",\"potentialAction\":[{\"@type\":\"CommentAction\",\"name\":\"Comment\",\"target\":[\"https:\\\/\\\/informelitoral.com.ar\\\/gobierno-desregula-el-sector-electrico-y-genera-debate-con-municipios-por-tasas\\\/#respond\"]}]},{\"@type\":\"WebPage\",\"@id\":\"https:\\\/\\\/informelitoral.com.ar\\\/gobierno-desregula-el-sector-electrico-y-genera-debate-con-municipios-por-tasas\\\/\",\"url\":\"https:\\\/\\\/informelitoral.com.ar\\\/gobierno-desregula-el-sector-electrico-y-genera-debate-con-municipios-por-tasas\\\/\",\"name\":\"Gobierno desregula el sector el\u00e9ctrico y genera debate con municipios por tasas - Informe Litoral\",\"isPartOf\":{\"@id\":\"https:\\\/\\\/informelitoral.com.ar\\\/#website\"},\"primaryImageOfPage\":{\"@id\":\"https:\\\/\\\/informelitoral.com.ar\\\/gobierno-desregula-el-sector-electrico-y-genera-debate-con-municipios-por-tasas\\\/#primaryimage\"},\"image\":{\"@id\":\"https:\\\/\\\/informelitoral.com.ar\\\/gobierno-desregula-el-sector-electrico-y-genera-debate-con-municipios-por-tasas\\\/#primaryimage\"},\"thumbnailUrl\":\"https:\\\/\\\/informelitoral.com.ar\\\/%77%70%2d%63%6f%6e%74%65%6e%74\\\/uploads\\\/2023\\\/01\\\/Luz-665x374-1.jpeg\",\"datePublished\":\"2025-07-10T12:44:53+00:00\",\"dateModified\":\"2025-07-10T16:36:43+00:00\",\"breadcrumb\":{\"@id\":\"https:\\\/\\\/informelitoral.com.ar\\\/gobierno-desregula-el-sector-electrico-y-genera-debate-con-municipios-por-tasas\\\/#breadcrumb\"},\"inLanguage\":\"es\",\"potentialAction\":[{\"@type\":\"ReadAction\",\"target\":[\"https:\\\/\\\/informelitoral.com.ar\\\/gobierno-desregula-el-sector-electrico-y-genera-debate-con-municipios-por-tasas\\\/\"]}]},{\"@type\":\"ImageObject\",\"inLanguage\":\"es\",\"@id\":\"https:\\\/\\\/informelitoral.com.ar\\\/gobierno-desregula-el-sector-electrico-y-genera-debate-con-municipios-por-tasas\\\/#primaryimage\",\"url\":\"https:\\\/\\\/informelitoral.com.ar\\\/%77%70%2d%63%6f%6e%74%65%6e%74\\\/uploads\\\/2023\\\/01\\\/Luz-665x374-1.jpeg\",\"contentUrl\":\"https:\\\/\\\/informelitoral.com.ar\\\/%77%70%2d%63%6f%6e%74%65%6e%74\\\/uploads\\\/2023\\\/01\\\/Luz-665x374-1.jpeg\",\"width\":665,\"height\":374},{\"@type\":\"BreadcrumbList\",\"@id\":\"https:\\\/\\\/informelitoral.com.ar\\\/gobierno-desregula-el-sector-electrico-y-genera-debate-con-municipios-por-tasas\\\/#breadcrumb\",\"itemListElement\":[{\"@type\":\"ListItem\",\"position\":1,\"name\":\"Portada\",\"item\":\"https:\\\/\\\/informelitoral.com.ar\\\/\"},{\"@type\":\"ListItem\",\"position\":2,\"name\":\"Gobierno desregula el sector el\u00e9ctrico y genera debate con municipios por tasas\"}]},{\"@type\":\"WebSite\",\"@id\":\"https:\\\/\\\/informelitoral.com.ar\\\/#website\",\"url\":\"https:\\\/\\\/informelitoral.com.ar\\\/\",\"name\":\"Informe Litoral\",\"description\":\"&quot;Nos informamos&quot; \",\"publisher\":{\"@id\":\"https:\\\/\\\/informelitoral.com.ar\\\/#organization\"},\"potentialAction\":[{\"@type\":\"SearchAction\",\"target\":{\"@type\":\"EntryPoint\",\"urlTemplate\":\"https:\\\/\\\/informelitoral.com.ar\\\/?s={search_term_string}\"},\"query-input\":{\"@type\":\"PropertyValueSpecification\",\"valueRequired\":true,\"valueName\":\"search_term_string\"}}],\"inLanguage\":\"es\"},{\"@type\":\"Organization\",\"@id\":\"https:\\\/\\\/informelitoral.com.ar\\\/#organization\",\"name\":\"Informe Litoral\",\"url\":\"https:\\\/\\\/informelitoral.com.ar\\\/\",\"logo\":{\"@type\":\"ImageObject\",\"inLanguage\":\"es\",\"@id\":\"https:\\\/\\\/informelitoral.com.ar\\\/#\\\/schema\\\/logo\\\/image\\\/\",\"url\":\"https:\\\/\\\/informelitoral.com.ar\\\/%77%70%2d%63%6f%6e%74%65%6e%74\\\/uploads\\\/2021\\\/01\\\/circulo.png\",\"contentUrl\":\"https:\\\/\\\/informelitoral.com.ar\\\/%77%70%2d%63%6f%6e%74%65%6e%74\\\/uploads\\\/2021\\\/01\\\/circulo.png\",\"width\":723,\"height\":731,\"caption\":\"Informe Litoral\"},\"image\":{\"@id\":\"https:\\\/\\\/informelitoral.com.ar\\\/#\\\/schema\\\/logo\\\/image\\\/\"},\"sameAs\":[\"https:\\\/\\\/www.facebook.com\\\/informelitoral\\\/\",\"https:\\\/\\\/x.com\\\/InformeLitoral\",\"https:\\\/\\\/www.instagram.com\\\/informelitoral\\\/\",\"https:\\\/\\\/www.youtube.com\\\/channel\\\/UCua4Qvz8Icb6MYqhoq9xLXw\"]},{\"@type\":\"Person\",\"@id\":\"https:\\\/\\\/informelitoral.com.ar\\\/#\\\/schema\\\/person\\\/f05f9f461677119578717524b127d6d5\",\"name\":\"Sebastian\",\"image\":{\"@type\":\"ImageObject\",\"inLanguage\":\"es\",\"@id\":\"https:\\\/\\\/secure.gravatar.com\\\/avatar\\\/b71bf7481d447dfb9583c7f2798e7cc64de6efb9067b74633ed8c31059a3bd82?s=96&d=mm&r=g\",\"url\":\"https:\\\/\\\/secure.gravatar.com\\\/avatar\\\/b71bf7481d447dfb9583c7f2798e7cc64de6efb9067b74633ed8c31059a3bd82?s=96&d=mm&r=g\",\"contentUrl\":\"https:\\\/\\\/secure.gravatar.com\\\/avatar\\\/b71bf7481d447dfb9583c7f2798e7cc64de6efb9067b74633ed8c31059a3bd82?s=96&d=mm&r=g\",\"caption\":\"Sebastian\"},\"url\":\"https:\\\/\\\/informelitoral.com.ar\\\/author\\\/sebastian\\\/\"}]}<\/script>","yoast_head_json":{"title":"Gobierno desregula el sector el\u00e9ctrico y genera debate con municipios por tasas - Informe Litoral","robots":{"index":"index","follow":"follow","max-snippet":"max-snippet:-1","max-image-preview":"max-image-preview:large","max-video-preview":"max-video-preview:-1"},"canonical":"https:\/\/informelitoral.com.ar\/gobierno-desregula-el-sector-electrico-y-genera-debate-con-municipios-por-tasas\/","og_locale":"es_ES","og_type":"article","og_title":"Gobierno desregula el sector el\u00e9ctrico y genera debate con municipios por tasas - Informe Litoral","og_description":"Un decreto nacional busca mayor transparencia en las facturas de luz y desata cuestionamientos locales sobre ingresos.","og_url":"https:\/\/informelitoral.com.ar\/gobierno-desregula-el-sector-electrico-y-genera-debate-con-municipios-por-tasas\/","og_site_name":"Informe Litoral","article_publisher":"https:\/\/www.facebook.com\/informelitoral\/","article_published_time":"2025-07-10T12:44:53+00:00","article_modified_time":"2025-07-10T16:36:43+00:00","og_image":[{"width":665,"height":374,"url":"https:\/\/informelitoral.com.ar\/%77%70%2d%63%6f%6e%74%65%6e%74\/uploads\/2023\/01\/Luz-665x374-1.jpeg","type":"image\/jpeg"}],"author":"Sebastian","twitter_card":"summary_large_image","twitter_creator":"@InformeLitoral","twitter_site":"@InformeLitoral","twitter_misc":{"Escrito por":"Sebastian","Tiempo de lectura":"3 minutos"},"schema":{"@context":"https:\/\/schema.org","@graph":[{"@type":"Article","@id":"https:\/\/informelitoral.com.ar\/gobierno-desregula-el-sector-electrico-y-genera-debate-con-municipios-por-tasas\/#article","isPartOf":{"@id":"https:\/\/informelitoral.com.ar\/gobierno-desregula-el-sector-electrico-y-genera-debate-con-municipios-por-tasas\/"},"author":{"name":"Sebastian","@id":"https:\/\/informelitoral.com.ar\/#\/schema\/person\/f05f9f461677119578717524b127d6d5"},"headline":"Gobierno desregula el sector el\u00e9ctrico y genera debate con municipios por tasas","datePublished":"2025-07-10T12:44:53+00:00","dateModified":"2025-07-10T16:36:43+00:00","mainEntityOfPage":{"@id":"https:\/\/informelitoral.com.ar\/gobierno-desregula-el-sector-electrico-y-genera-debate-con-municipios-por-tasas\/"},"wordCount":614,"commentCount":0,"publisher":{"@id":"https:\/\/informelitoral.com.ar\/#organization"},"image":{"@id":"https:\/\/informelitoral.com.ar\/gobierno-desregula-el-sector-electrico-y-genera-debate-con-municipios-por-tasas\/#primaryimage"},"thumbnailUrl":"https:\/\/informelitoral.com.ar\/%77%70%2d%63%6f%6e%74%65%6e%74\/uploads\/2023\/01\/Luz-665x374-1.jpeg","keywords":["Energ\u00eda el\u00e9ctrica","Municipalidades","Tarifas"],"articleSection":["Econom\u00eda"],"inLanguage":"es","potentialAction":[{"@type":"CommentAction","name":"Comment","target":["https:\/\/informelitoral.com.ar\/gobierno-desregula-el-sector-electrico-y-genera-debate-con-municipios-por-tasas\/#respond"]}]},{"@type":"WebPage","@id":"https:\/\/informelitoral.com.ar\/gobierno-desregula-el-sector-electrico-y-genera-debate-con-municipios-por-tasas\/","url":"https:\/\/informelitoral.com.ar\/gobierno-desregula-el-sector-electrico-y-genera-debate-con-municipios-por-tasas\/","name":"Gobierno desregula el sector el\u00e9ctrico y genera debate con municipios por tasas - Informe Litoral","isPartOf":{"@id":"https:\/\/informelitoral.com.ar\/#website"},"primaryImageOfPage":{"@id":"https:\/\/informelitoral.com.ar\/gobierno-desregula-el-sector-electrico-y-genera-debate-con-municipios-por-tasas\/#primaryimage"},"image":{"@id":"https:\/\/informelitoral.com.ar\/gobierno-desregula-el-sector-electrico-y-genera-debate-con-municipios-por-tasas\/#primaryimage"},"thumbnailUrl":"https:\/\/informelitoral.com.ar\/%77%70%2d%63%6f%6e%74%65%6e%74\/uploads\/2023\/01\/Luz-665x374-1.jpeg","datePublished":"2025-07-10T12:44:53+00:00","dateModified":"2025-07-10T16:36:43+00:00","breadcrumb":{"@id":"https:\/\/informelitoral.com.ar\/gobierno-desregula-el-sector-electrico-y-genera-debate-con-municipios-por-tasas\/#breadcrumb"},"inLanguage":"es","potentialAction":[{"@type":"ReadAction","target":["https:\/\/informelitoral.com.ar\/gobierno-desregula-el-sector-electrico-y-genera-debate-con-municipios-por-tasas\/"]}]},{"@type":"ImageObject","inLanguage":"es","@id":"https:\/\/informelitoral.com.ar\/gobierno-desregula-el-sector-electrico-y-genera-debate-con-municipios-por-tasas\/#primaryimage","url":"https:\/\/informelitoral.com.ar\/%77%70%2d%63%6f%6e%74%65%6e%74\/uploads\/2023\/01\/Luz-665x374-1.jpeg","contentUrl":"https:\/\/informelitoral.com.ar\/%77%70%2d%63%6f%6e%74%65%6e%74\/uploads\/2023\/01\/Luz-665x374-1.jpeg","width":665,"height":374},{"@type":"BreadcrumbList","@id":"https:\/\/informelitoral.com.ar\/gobierno-desregula-el-sector-electrico-y-genera-debate-con-municipios-por-tasas\/#breadcrumb","itemListElement":[{"@type":"ListItem","position":1,"name":"Portada","item":"https:\/\/informelitoral.com.ar\/"},{"@type":"ListItem","position":2,"name":"Gobierno desregula el sector el\u00e9ctrico y genera debate con municipios por tasas"}]},{"@type":"WebSite","@id":"https:\/\/informelitoral.com.ar\/#website","url":"https:\/\/informelitoral.com.ar\/","name":"Informe Litoral","description":"&quot;Nos informamos&quot; ","publisher":{"@id":"https:\/\/informelitoral.com.ar\/#organization"},"potentialAction":[{"@type":"SearchAction","target":{"@type":"EntryPoint","urlTemplate":"https:\/\/informelitoral.com.ar\/?s={search_term_string}"},"query-input":{"@type":"PropertyValueSpecification","valueRequired":true,"valueName":"search_term_string"}}],"inLanguage":"es"},{"@type":"Organization","@id":"https:\/\/informelitoral.com.ar\/#organization","name":"Informe Litoral","url":"https:\/\/informelitoral.com.ar\/","logo":{"@type":"ImageObject","inLanguage":"es","@id":"https:\/\/informelitoral.com.ar\/#\/schema\/logo\/image\/","url":"https:\/\/informelitoral.com.ar\/%77%70%2d%63%6f%6e%74%65%6e%74\/uploads\/2021\/01\/circulo.png","contentUrl":"https:\/\/informelitoral.com.ar\/%77%70%2d%63%6f%6e%74%65%6e%74\/uploads\/2021\/01\/circulo.png","width":723,"height":731,"caption":"Informe Litoral"},"image":{"@id":"https:\/\/informelitoral.com.ar\/#\/schema\/logo\/image\/"},"sameAs":["https:\/\/www.facebook.com\/informelitoral\/","https:\/\/x.com\/InformeLitoral","https:\/\/www.instagram.com\/informelitoral\/","https:\/\/www.youtube.com\/channel\/UCua4Qvz8Icb6MYqhoq9xLXw"]},{"@type":"Person","@id":"https:\/\/informelitoral.com.ar\/#\/schema\/person\/f05f9f461677119578717524b127d6d5","name":"Sebastian","image":{"@type":"ImageObject","inLanguage":"es","@id":"https:\/\/secure.gravatar.com\/avatar\/b71bf7481d447dfb9583c7f2798e7cc64de6efb9067b74633ed8c31059a3bd82?s=96&d=mm&r=g","url":"https:\/\/secure.gravatar.com\/avatar\/b71bf7481d447dfb9583c7f2798e7cc64de6efb9067b74633ed8c31059a3bd82?s=96&d=mm&r=g","contentUrl":"https:\/\/secure.gravatar.com\/avatar\/b71bf7481d447dfb9583c7f2798e7cc64de6efb9067b74633ed8c31059a3bd82?s=96&d=mm&r=g","caption":"Sebastian"},"url":"https:\/\/informelitoral.com.ar\/author\/sebastian\/"}]}},"_links":{"self":[{"href":"https:\/\/informelitoral.com.ar\/%77%70%2d%6a%73%6f%6e\/wp\/v2\/posts\/226771","targetHints":{"allow":["GET"]}}],"collection":[{"href":"https:\/\/informelitoral.com.ar\/%77%70%2d%6a%73%6f%6e\/wp\/v2\/posts"}],"about":[{"href":"https:\/\/informelitoral.com.ar\/%77%70%2d%6a%73%6f%6e\/wp\/v2\/types\/post"}],"author":[{"embeddable":true,"href":"https:\/\/informelitoral.com.ar\/%77%70%2d%6a%73%6f%6e\/wp\/v2\/users\/8"}],"replies":[{"embeddable":true,"href":"https:\/\/informelitoral.com.ar\/%77%70%2d%6a%73%6f%6e\/wp\/v2\/comments?post=226771"}],"version-history":[{"count":4,"href":"https:\/\/informelitoral.com.ar\/%77%70%2d%6a%73%6f%6e\/wp\/v2\/posts\/226771\/revisions"}],"predecessor-version":[{"id":226833,"href":"https:\/\/informelitoral.com.ar\/%77%70%2d%6a%73%6f%6e\/wp\/v2\/posts\/226771\/revisions\/226833"}],"wp:featuredmedia":[{"embeddable":true,"href":"https:\/\/informelitoral.com.ar\/%77%70%2d%6a%73%6f%6e\/wp\/v2\/media\/107513"}],"wp:attachment":[{"href":"https:\/\/informelitoral.com.ar\/%77%70%2d%6a%73%6f%6e\/wp\/v2\/media?parent=226771"}],"wp:term":[{"taxonomy":"category","embeddable":true,"href":"https:\/\/informelitoral.com.ar\/%77%70%2d%6a%73%6f%6e\/wp\/v2\/categories?post=226771"},{"taxonomy":"post_tag","embeddable":true,"href":"https:\/\/informelitoral.com.ar\/%77%70%2d%6a%73%6f%6e\/wp\/v2\/tags?post=226771"}],"curies":[{"name":"wp","href":"https:\/\/api.w.org\/{rel}","templated":true}]}}