{"id":226738,"date":"2025-07-10T08:40:41","date_gmt":"2025-07-10T11:40:41","guid":{"rendered":"https:\/\/informelitoral.com.ar\/?p=226738"},"modified":"2025-07-10T13:42:47","modified_gmt":"2025-07-10T16:42:47","slug":"el-gobierno-nacional-disolvio-el-fondo-nacional-del-manejo-del-fuego","status":"publish","type":"post","link":"https:\/\/informelitoral.com.ar\/el-gobierno-nacional-disolvio-el-fondo-nacional-del-manejo-del-fuego\/","title":{"rendered":"El Gobierno nacional disolvi\u00f3 el Fondo Nacional del Manejo del Fuego"},"content":{"rendered":"<p>A trav\u00e9s del Decreto 463\/2025, el Poder Ejecutivo Nacional dispuso la\u00a0<b>disoluci\u00f3n del Fideicomiso para la administraci\u00f3n del Fondo Nacional del Manejo del Fuego<\/b>. La medida se enmarca en la pol\u00edtica de reorganizaci\u00f3n del Estado y responde a las m\u00faltiples irregularidades detectadas por la Sindicatura General de la Naci\u00f3n (SIGEN), que cuestion\u00f3 seriamente la gesti\u00f3n, ejecuci\u00f3n y control de los recursos del fondo.<\/p>\n<p>El fondo hab\u00eda sido creado en 2021 bajo la Ley 26.815 para financiar la log\u00edstica, equipamiento y recursos humanos\u00a0<b>destinados al combate de incendios forestales y rurales en todo el pa\u00eds<\/b>. Sin embargo, la auditor\u00eda oficial revel\u00f3 contrataciones de personal sin respaldo documental, 62 personas en 2022 y 56 en 2023, sin constancia de tareas realizadas ni entregables, en contravenci\u00f3n con la Ley 11.672, que proh\u00edbe estructuras permanentes en fondos fiduciarios.<\/p>\n<p>Adem\u00e1s, se detectaron serias inconsistencias en la gesti\u00f3n de compras.\u00a0<b>La adquisici\u00f3n de autobombas sufri\u00f3 demoras injustificadas, falta de documentaci\u00f3n adecuada de oferentes y modificaciones t\u00e9cnicas posteriores a la adjudicaci\u00f3n.\u00a0<\/b>Tambi\u00e9n se se\u00f1alaron problemas graves en la contrataci\u00f3n de servicios a\u00e9reos, con expedientes desordenados, documentos duplicados o ausentes, y diferencias millonarias entre las instrucciones emitidas por el fiduciante y el fiduciario.<\/p>\n<p>Uno de los puntos m\u00e1s cr\u00edticos fue la detecci\u00f3n de un faltante de\u00a0<b>m\u00e1s de 70 millones de pesos relacionado con facturaciones mal registradas en la contrataci\u00f3n de vuelos para combatir incendios.<\/b>\u00a0Las operaciones se realizaron aplicando distintos tipos de cambio seg\u00fan conveniencia del proveedor, sin criterio t\u00e9cnico ni control efectivo, generando un perjuicio millonario para el Estado.<\/p>\n<p>Otro aspecto alarmante\u00a0<b>fue la falta de control sobre la contribuci\u00f3n obligatoria del 3 por mil de las primas de seguros (excepto vida), que por ley deben ser giradas al fondo por las aseguradoras.<\/b>\u00a0La SIGEN se\u00f1al\u00f3 que no existen registros claros sobre el flujo de esos aportes ni certeza sobre su correcta transferencia.<\/p>\n<p>Si bien se disuelve el fideicomiso, el\u00a0<b>Sistema Federal de Manejo del Fuego, creado por la misma ley, continuar\u00e1 vigente.<\/b>\u00a0A partir de ahora, el Ministerio de Seguridad ser\u00e1 el encargado de recaudar los aportes obligatorios de las aseguradoras y de administrar los recursos destinados a la prevenci\u00f3n y combate de incendios en todo el pa\u00eds.<\/p>\n<p>La disoluci\u00f3n del Fondo Nacional del Manejo del Fuego se suma a otras decisiones recientes del Gobierno en materia de revisi\u00f3n de fondos fiduciarios. En todos los casos, el argumento central es\u00a0<b>la falta de transparencia, el incumplimiento de normas presupuestarias y la existencia de estructuras paralelas sin controles adecuados<\/b>. La medida fue firmada por el presidente Javier Milei, el jefe de Gabinete Guillermo Francos y el ministro de Econom\u00eda Luis Caputo, y ya fue remitida a la Comisi\u00f3n Bicameral del Congreso para su evaluaci\u00f3n.<\/p>\n<h6><em><strong>Del archivo:\u00a0<a href=\"https:\/\/informelitoral.com.ar\/monotributo-aumentos-de-hasta-15-en-facturacion-y-cuotas-desde-julio\/\" target=\"_blank\" rel=\"noopener\">Monotributo: aumentos de hasta 15% en facturaci\u00f3n y cuotas desde julio<\/a><\/strong><\/em><\/h6>\n","protected":false},"excerpt":{"rendered":"<p>El Gobierno cerr\u00f3 el fideicomiso y el Ministerio de Seguridad asumir\u00e1 la gesti\u00f3n del sistema.<\/p>\n","protected":false},"author":8,"featured_media":226739,"comment_status":"open","ping_status":"open","sticky":false,"template":"","format":"standard","meta":{"fifu_image_url":"https:\/\/www.revistachacra.com.ar\/files\/image\/60\/60230\/686d208700b47_739_492!.jpg?s=870b156882b84003c92e73d579502ac7&d=1751982216","fifu_image_alt":"","footnotes":""},"categories":[7],"tags":[4651,2159,233],"class_list":{"0":"post-226738","1":"post","2":"type-post","3":"status-publish","4":"format-standard","5":"has-post-thumbnail","7":"category-nacionales","8":"tag-desregulacion","9":"tag-fuego","10":"tag-gobierno-nacional"},"yoast_head":"<title>El Gobierno nacional disolvi\u00f3 el Fondo Nacional del Manejo del Fuego - Informe Litoral<\/title>\n<meta name=\"robots\" content=\"index, follow, max-snippet:-1, max-image-preview:large, max-video-preview:-1\" \/>\n<link rel=\"canonical\" href=\"https:\/\/informelitoral.com.ar\/el-gobierno-nacional-disolvio-el-fondo-nacional-del-manejo-del-fuego\/\" \/>\n<meta property=\"og:locale\" content=\"es_ES\" \/>\n<meta property=\"og:type\" content=\"article\" \/>\n<meta property=\"og:title\" content=\"El Gobierno nacional disolvi\u00f3 el Fondo Nacional del Manejo del Fuego - Informe Litoral\" \/>\n<meta property=\"og:description\" content=\"El Gobierno cerr\u00f3 el fideicomiso y el Ministerio de Seguridad asumir\u00e1 la gesti\u00f3n del sistema.\" \/>\n<meta property=\"og:url\" content=\"https:\/\/informelitoral.com.ar\/el-gobierno-nacional-disolvio-el-fondo-nacional-del-manejo-del-fuego\/\" \/>\n<meta property=\"og:site_name\" content=\"Informe Litoral\" \/>\n<meta property=\"article:publisher\" content=\"https:\/\/www.facebook.com\/informelitoral\/\" \/>\n<meta property=\"article:published_time\" content=\"2025-07-10T11:40:41+00:00\" \/>\n<meta property=\"article:modified_time\" content=\"2025-07-10T16:42:47+00:00\" \/>\n<meta property=\"og:image\" content=\"https:\/\/www.revistachacra.com.ar\/files\/image\/60\/60230\/686d208700b47_739_492!.jpg?s=870b156882b84003c92e73d579502ac7&d=1751982216\" \/><meta property=\"og:image\" content=\"https:\/\/www.revistachacra.com.ar\/files\/image\/60\/60230\/686d208700b47_739_492!.jpg?s=870b156882b84003c92e73d579502ac7&d=1751982216\" \/>\n\t<meta property=\"og:image:width\" content=\"739\" \/>\n\t<meta property=\"og:image:height\" content=\"492\" \/>\n\t<meta property=\"og:image:type\" content=\"image\/jpeg\" \/>\n<meta name=\"author\" content=\"Sebastian\" \/>\n<meta name=\"twitter:card\" content=\"summary_large_image\" \/>\n<meta name=\"twitter:image\" content=\"https:\/\/www.revistachacra.com.ar\/files\/image\/60\/60230\/686d208700b47_739_492!.jpg?s=870b156882b84003c92e73d579502ac7&d=1751982216\" \/>\n<meta name=\"twitter:creator\" content=\"@InformeLitoral\" \/>\n<meta name=\"twitter:site\" content=\"@InformeLitoral\" \/>\n<meta name=\"twitter:label1\" content=\"Escrito por\" \/>\n\t<meta name=\"twitter:data1\" content=\"Sebastian\" \/>\n\t<meta name=\"twitter:label2\" content=\"Tiempo de lectura\" \/>\n\t<meta name=\"twitter:data2\" content=\"3 minutos\" \/>\n<script type=\"application\/ld+json\" class=\"yoast-schema-graph\">{\"@context\":\"https:\\\/\\\/schema.org\",\"@graph\":[{\"@type\":\"Article\",\"@id\":\"https:\\\/\\\/informelitoral.com.ar\\\/el-gobierno-nacional-disolvio-el-fondo-nacional-del-manejo-del-fuego\\\/#article\",\"isPartOf\":{\"@id\":\"https:\\\/\\\/informelitoral.com.ar\\\/el-gobierno-nacional-disolvio-el-fondo-nacional-del-manejo-del-fuego\\\/\"},\"author\":{\"name\":\"Sebastian\",\"@id\":\"https:\\\/\\\/informelitoral.com.ar\\\/#\\\/schema\\\/person\\\/f05f9f461677119578717524b127d6d5\"},\"headline\":\"El Gobierno nacional disolvi\u00f3 el Fondo Nacional del Manejo del Fuego\",\"datePublished\":\"2025-07-10T11:40:41+00:00\",\"dateModified\":\"2025-07-10T16:42:47+00:00\",\"mainEntityOfPage\":{\"@id\":\"https:\\\/\\\/informelitoral.com.ar\\\/el-gobierno-nacional-disolvio-el-fondo-nacional-del-manejo-del-fuego\\\/\"},\"wordCount\":503,\"commentCount\":0,\"publisher\":{\"@id\":\"https:\\\/\\\/informelitoral.com.ar\\\/#organization\"},\"image\":{\"@id\":\"https:\\\/\\\/informelitoral.com.ar\\\/el-gobierno-nacional-disolvio-el-fondo-nacional-del-manejo-del-fuego\\\/#primaryimage\"},\"thumbnailUrl\":\"https:\\\/\\\/www.revistachacra.com.ar\\\/files\\\/image\\\/60\\\/60230\\\/686d208700b47_739_492!.jpg?s=870b156882b84003c92e73d579502ac7&d=1751982216\",\"keywords\":[\"Desregulaci\u00f3n\",\"Fuego\",\"Gobierno nacional\"],\"articleSection\":[\"Nacionales\"],\"inLanguage\":\"es\",\"potentialAction\":[{\"@type\":\"CommentAction\",\"name\":\"Comment\",\"target\":[\"https:\\\/\\\/informelitoral.com.ar\\\/el-gobierno-nacional-disolvio-el-fondo-nacional-del-manejo-del-fuego\\\/#respond\"]}]},{\"@type\":\"WebPage\",\"@id\":\"https:\\\/\\\/informelitoral.com.ar\\\/el-gobierno-nacional-disolvio-el-fondo-nacional-del-manejo-del-fuego\\\/\",\"url\":\"https:\\\/\\\/informelitoral.com.ar\\\/el-gobierno-nacional-disolvio-el-fondo-nacional-del-manejo-del-fuego\\\/\",\"name\":\"El Gobierno nacional disolvi\u00f3 el Fondo Nacional del Manejo del Fuego - Informe Litoral\",\"isPartOf\":{\"@id\":\"https:\\\/\\\/informelitoral.com.ar\\\/#website\"},\"primaryImageOfPage\":{\"@id\":\"https:\\\/\\\/informelitoral.com.ar\\\/el-gobierno-nacional-disolvio-el-fondo-nacional-del-manejo-del-fuego\\\/#primaryimage\"},\"image\":{\"@id\":\"https:\\\/\\\/informelitoral.com.ar\\\/el-gobierno-nacional-disolvio-el-fondo-nacional-del-manejo-del-fuego\\\/#primaryimage\"},\"thumbnailUrl\":\"https:\\\/\\\/www.revistachacra.com.ar\\\/files\\\/image\\\/60\\\/60230\\\/686d208700b47_739_492!.jpg?s=870b156882b84003c92e73d579502ac7&d=1751982216\",\"datePublished\":\"2025-07-10T11:40:41+00:00\",\"dateModified\":\"2025-07-10T16:42:47+00:00\",\"breadcrumb\":{\"@id\":\"https:\\\/\\\/informelitoral.com.ar\\\/el-gobierno-nacional-disolvio-el-fondo-nacional-del-manejo-del-fuego\\\/#breadcrumb\"},\"inLanguage\":\"es\",\"potentialAction\":[{\"@type\":\"ReadAction\",\"target\":[\"https:\\\/\\\/informelitoral.com.ar\\\/el-gobierno-nacional-disolvio-el-fondo-nacional-del-manejo-del-fuego\\\/\"]}]},{\"@type\":\"ImageObject\",\"inLanguage\":\"es\",\"@id\":\"https:\\\/\\\/informelitoral.com.ar\\\/el-gobierno-nacional-disolvio-el-fondo-nacional-del-manejo-del-fuego\\\/#primaryimage\",\"url\":\"https:\\\/\\\/www.revistachacra.com.ar\\\/files\\\/image\\\/60\\\/60230\\\/686d208700b47_739_492!.jpg?s=870b156882b84003c92e73d579502ac7&d=1751982216\",\"contentUrl\":\"https:\\\/\\\/www.revistachacra.com.ar\\\/files\\\/image\\\/60\\\/60230\\\/686d208700b47_739_492!.jpg?s=870b156882b84003c92e73d579502ac7&d=1751982216\",\"width\":\"739\",\"height\":\"492\"},{\"@type\":\"BreadcrumbList\",\"@id\":\"https:\\\/\\\/informelitoral.com.ar\\\/el-gobierno-nacional-disolvio-el-fondo-nacional-del-manejo-del-fuego\\\/#breadcrumb\",\"itemListElement\":[{\"@type\":\"ListItem\",\"position\":1,\"name\":\"Portada\",\"item\":\"https:\\\/\\\/informelitoral.com.ar\\\/\"},{\"@type\":\"ListItem\",\"position\":2,\"name\":\"El Gobierno nacional disolvi\u00f3 el Fondo Nacional del Manejo del Fuego\"}]},{\"@type\":\"WebSite\",\"@id\":\"https:\\\/\\\/informelitoral.com.ar\\\/#website\",\"url\":\"https:\\\/\\\/informelitoral.com.ar\\\/\",\"name\":\"Informe Litoral\",\"description\":\"&quot;Nos informamos&quot; \",\"publisher\":{\"@id\":\"https:\\\/\\\/informelitoral.com.ar\\\/#organization\"},\"potentialAction\":[{\"@type\":\"SearchAction\",\"target\":{\"@type\":\"EntryPoint\",\"urlTemplate\":\"https:\\\/\\\/informelitoral.com.ar\\\/?s={search_term_string}\"},\"query-input\":{\"@type\":\"PropertyValueSpecification\",\"valueRequired\":true,\"valueName\":\"search_term_string\"}}],\"inLanguage\":\"es\"},{\"@type\":\"Organization\",\"@id\":\"https:\\\/\\\/informelitoral.com.ar\\\/#organization\",\"name\":\"Informe Litoral\",\"url\":\"https:\\\/\\\/informelitoral.com.ar\\\/\",\"logo\":{\"@type\":\"ImageObject\",\"inLanguage\":\"es\",\"@id\":\"https:\\\/\\\/informelitoral.com.ar\\\/#\\\/schema\\\/logo\\\/image\\\/\",\"url\":\"https:\\\/\\\/informelitoral.com.ar\\\/%77%70%2d%63%6f%6e%74%65%6e%74\\\/uploads\\\/2021\\\/01\\\/circulo.png\",\"contentUrl\":\"https:\\\/\\\/informelitoral.com.ar\\\/%77%70%2d%63%6f%6e%74%65%6e%74\\\/uploads\\\/2021\\\/01\\\/circulo.png\",\"width\":723,\"height\":731,\"caption\":\"Informe Litoral\"},\"image\":{\"@id\":\"https:\\\/\\\/informelitoral.com.ar\\\/#\\\/schema\\\/logo\\\/image\\\/\"},\"sameAs\":[\"https:\\\/\\\/www.facebook.com\\\/informelitoral\\\/\",\"https:\\\/\\\/x.com\\\/InformeLitoral\",\"https:\\\/\\\/www.instagram.com\\\/informelitoral\\\/\",\"https:\\\/\\\/www.youtube.com\\\/channel\\\/UCua4Qvz8Icb6MYqhoq9xLXw\"]},{\"@type\":\"Person\",\"@id\":\"https:\\\/\\\/informelitoral.com.ar\\\/#\\\/schema\\\/person\\\/f05f9f461677119578717524b127d6d5\",\"name\":\"Sebastian\",\"image\":{\"@type\":\"ImageObject\",\"inLanguage\":\"es\",\"@id\":\"https:\\\/\\\/secure.gravatar.com\\\/avatar\\\/b71bf7481d447dfb9583c7f2798e7cc64de6efb9067b74633ed8c31059a3bd82?s=96&d=mm&r=g\",\"url\":\"https:\\\/\\\/secure.gravatar.com\\\/avatar\\\/b71bf7481d447dfb9583c7f2798e7cc64de6efb9067b74633ed8c31059a3bd82?s=96&d=mm&r=g\",\"contentUrl\":\"https:\\\/\\\/secure.gravatar.com\\\/avatar\\\/b71bf7481d447dfb9583c7f2798e7cc64de6efb9067b74633ed8c31059a3bd82?s=96&d=mm&r=g\",\"caption\":\"Sebastian\"},\"url\":\"https:\\\/\\\/informelitoral.com.ar\\\/author\\\/sebastian\\\/\"}]}<\/script>","yoast_head_json":{"title":"El Gobierno nacional disolvi\u00f3 el Fondo Nacional del Manejo del Fuego - Informe Litoral","robots":{"index":"index","follow":"follow","max-snippet":"max-snippet:-1","max-image-preview":"max-image-preview:large","max-video-preview":"max-video-preview:-1"},"canonical":"https:\/\/informelitoral.com.ar\/el-gobierno-nacional-disolvio-el-fondo-nacional-del-manejo-del-fuego\/","og_locale":"es_ES","og_type":"article","og_title":"El Gobierno nacional disolvi\u00f3 el Fondo Nacional del Manejo del Fuego - Informe Litoral","og_description":"El Gobierno cerr\u00f3 el fideicomiso y el Ministerio de Seguridad asumir\u00e1 la gesti\u00f3n del sistema.","og_url":"https:\/\/informelitoral.com.ar\/el-gobierno-nacional-disolvio-el-fondo-nacional-del-manejo-del-fuego\/","og_site_name":"Informe Litoral","article_publisher":"https:\/\/www.facebook.com\/informelitoral\/","article_published_time":"2025-07-10T11:40:41+00:00","article_modified_time":"2025-07-10T16:42:47+00:00","og_image":[{"url":"https:\/\/www.revistachacra.com.ar\/files\/image\/60\/60230\/686d208700b47_739_492!.jpg?s=870b156882b84003c92e73d579502ac7&d=1751982216","type":"","width":"","height":""},{"width":739,"height":492,"url":"https:\/\/www.revistachacra.com.ar\/files\/image\/60\/60230\/686d208700b47_739_492!.jpg?s=870b156882b84003c92e73d579502ac7&d=1751982216","type":"image\/jpeg"}],"author":"Sebastian","twitter_card":"summary_large_image","twitter_image":"https:\/\/www.revistachacra.com.ar\/files\/image\/60\/60230\/686d208700b47_739_492!.jpg?s=870b156882b84003c92e73d579502ac7&d=1751982216","twitter_creator":"@InformeLitoral","twitter_site":"@InformeLitoral","twitter_misc":{"Escrito por":"Sebastian","Tiempo de lectura":"3 minutos"},"schema":{"@context":"https:\/\/schema.org","@graph":[{"@type":"Article","@id":"https:\/\/informelitoral.com.ar\/el-gobierno-nacional-disolvio-el-fondo-nacional-del-manejo-del-fuego\/#article","isPartOf":{"@id":"https:\/\/informelitoral.com.ar\/el-gobierno-nacional-disolvio-el-fondo-nacional-del-manejo-del-fuego\/"},"author":{"name":"Sebastian","@id":"https:\/\/informelitoral.com.ar\/#\/schema\/person\/f05f9f461677119578717524b127d6d5"},"headline":"El Gobierno nacional disolvi\u00f3 el Fondo Nacional del Manejo del Fuego","datePublished":"2025-07-10T11:40:41+00:00","dateModified":"2025-07-10T16:42:47+00:00","mainEntityOfPage":{"@id":"https:\/\/informelitoral.com.ar\/el-gobierno-nacional-disolvio-el-fondo-nacional-del-manejo-del-fuego\/"},"wordCount":503,"commentCount":0,"publisher":{"@id":"https:\/\/informelitoral.com.ar\/#organization"},"image":{"@id":"https:\/\/informelitoral.com.ar\/el-gobierno-nacional-disolvio-el-fondo-nacional-del-manejo-del-fuego\/#primaryimage"},"thumbnailUrl":"https:\/\/www.revistachacra.com.ar\/files\/image\/60\/60230\/686d208700b47_739_492!.jpg?s=870b156882b84003c92e73d579502ac7&d=1751982216","keywords":["Desregulaci\u00f3n","Fuego","Gobierno nacional"],"articleSection":["Nacionales"],"inLanguage":"es","potentialAction":[{"@type":"CommentAction","name":"Comment","target":["https:\/\/informelitoral.com.ar\/el-gobierno-nacional-disolvio-el-fondo-nacional-del-manejo-del-fuego\/#respond"]}]},{"@type":"WebPage","@id":"https:\/\/informelitoral.com.ar\/el-gobierno-nacional-disolvio-el-fondo-nacional-del-manejo-del-fuego\/","url":"https:\/\/informelitoral.com.ar\/el-gobierno-nacional-disolvio-el-fondo-nacional-del-manejo-del-fuego\/","name":"El Gobierno nacional disolvi\u00f3 el Fondo Nacional del Manejo del Fuego - Informe Litoral","isPartOf":{"@id":"https:\/\/informelitoral.com.ar\/#website"},"primaryImageOfPage":{"@id":"https:\/\/informelitoral.com.ar\/el-gobierno-nacional-disolvio-el-fondo-nacional-del-manejo-del-fuego\/#primaryimage"},"image":{"@id":"https:\/\/informelitoral.com.ar\/el-gobierno-nacional-disolvio-el-fondo-nacional-del-manejo-del-fuego\/#primaryimage"},"thumbnailUrl":"https:\/\/www.revistachacra.com.ar\/files\/image\/60\/60230\/686d208700b47_739_492!.jpg?s=870b156882b84003c92e73d579502ac7&d=1751982216","datePublished":"2025-07-10T11:40:41+00:00","dateModified":"2025-07-10T16:42:47+00:00","breadcrumb":{"@id":"https:\/\/informelitoral.com.ar\/el-gobierno-nacional-disolvio-el-fondo-nacional-del-manejo-del-fuego\/#breadcrumb"},"inLanguage":"es","potentialAction":[{"@type":"ReadAction","target":["https:\/\/informelitoral.com.ar\/el-gobierno-nacional-disolvio-el-fondo-nacional-del-manejo-del-fuego\/"]}]},{"@type":"ImageObject","inLanguage":"es","@id":"https:\/\/informelitoral.com.ar\/el-gobierno-nacional-disolvio-el-fondo-nacional-del-manejo-del-fuego\/#primaryimage","url":"https:\/\/www.revistachacra.com.ar\/files\/image\/60\/60230\/686d208700b47_739_492!.jpg?s=870b156882b84003c92e73d579502ac7&d=1751982216","contentUrl":"https:\/\/www.revistachacra.com.ar\/files\/image\/60\/60230\/686d208700b47_739_492!.jpg?s=870b156882b84003c92e73d579502ac7&d=1751982216","width":"739","height":"492"},{"@type":"BreadcrumbList","@id":"https:\/\/informelitoral.com.ar\/el-gobierno-nacional-disolvio-el-fondo-nacional-del-manejo-del-fuego\/#breadcrumb","itemListElement":[{"@type":"ListItem","position":1,"name":"Portada","item":"https:\/\/informelitoral.com.ar\/"},{"@type":"ListItem","position":2,"name":"El Gobierno nacional disolvi\u00f3 el Fondo Nacional del Manejo del Fuego"}]},{"@type":"WebSite","@id":"https:\/\/informelitoral.com.ar\/#website","url":"https:\/\/informelitoral.com.ar\/","name":"Informe Litoral","description":"&quot;Nos informamos&quot; ","publisher":{"@id":"https:\/\/informelitoral.com.ar\/#organization"},"potentialAction":[{"@type":"SearchAction","target":{"@type":"EntryPoint","urlTemplate":"https:\/\/informelitoral.com.ar\/?s={search_term_string}"},"query-input":{"@type":"PropertyValueSpecification","valueRequired":true,"valueName":"search_term_string"}}],"inLanguage":"es"},{"@type":"Organization","@id":"https:\/\/informelitoral.com.ar\/#organization","name":"Informe Litoral","url":"https:\/\/informelitoral.com.ar\/","logo":{"@type":"ImageObject","inLanguage":"es","@id":"https:\/\/informelitoral.com.ar\/#\/schema\/logo\/image\/","url":"https:\/\/informelitoral.com.ar\/%77%70%2d%63%6f%6e%74%65%6e%74\/uploads\/2021\/01\/circulo.png","contentUrl":"https:\/\/informelitoral.com.ar\/%77%70%2d%63%6f%6e%74%65%6e%74\/uploads\/2021\/01\/circulo.png","width":723,"height":731,"caption":"Informe Litoral"},"image":{"@id":"https:\/\/informelitoral.com.ar\/#\/schema\/logo\/image\/"},"sameAs":["https:\/\/www.facebook.com\/informelitoral\/","https:\/\/x.com\/InformeLitoral","https:\/\/www.instagram.com\/informelitoral\/","https:\/\/www.youtube.com\/channel\/UCua4Qvz8Icb6MYqhoq9xLXw"]},{"@type":"Person","@id":"https:\/\/informelitoral.com.ar\/#\/schema\/person\/f05f9f461677119578717524b127d6d5","name":"Sebastian","image":{"@type":"ImageObject","inLanguage":"es","@id":"https:\/\/secure.gravatar.com\/avatar\/b71bf7481d447dfb9583c7f2798e7cc64de6efb9067b74633ed8c31059a3bd82?s=96&d=mm&r=g","url":"https:\/\/secure.gravatar.com\/avatar\/b71bf7481d447dfb9583c7f2798e7cc64de6efb9067b74633ed8c31059a3bd82?s=96&d=mm&r=g","contentUrl":"https:\/\/secure.gravatar.com\/avatar\/b71bf7481d447dfb9583c7f2798e7cc64de6efb9067b74633ed8c31059a3bd82?s=96&d=mm&r=g","caption":"Sebastian"},"url":"https:\/\/informelitoral.com.ar\/author\/sebastian\/"}]}},"fifu_image_url":"https:\/\/www.revistachacra.com.ar\/files\/image\/60\/60230\/686d208700b47_739_492!.jpg?s=870b156882b84003c92e73d579502ac7&d=1751982216","_links":{"self":[{"href":"https:\/\/informelitoral.com.ar\/%77%70%2d%6a%73%6f%6e\/wp\/v2\/posts\/226738","targetHints":{"allow":["GET"]}}],"collection":[{"href":"https:\/\/informelitoral.com.ar\/%77%70%2d%6a%73%6f%6e\/wp\/v2\/posts"}],"about":[{"href":"https:\/\/informelitoral.com.ar\/%77%70%2d%6a%73%6f%6e\/wp\/v2\/types\/post"}],"author":[{"embeddable":true,"href":"https:\/\/informelitoral.com.ar\/%77%70%2d%6a%73%6f%6e\/wp\/v2\/users\/8"}],"replies":[{"embeddable":true,"href":"https:\/\/informelitoral.com.ar\/%77%70%2d%6a%73%6f%6e\/wp\/v2\/comments?post=226738"}],"version-history":[{"count":2,"href":"https:\/\/informelitoral.com.ar\/%77%70%2d%6a%73%6f%6e\/wp\/v2\/posts\/226738\/revisions"}],"predecessor-version":[{"id":226834,"href":"https:\/\/informelitoral.com.ar\/%77%70%2d%6a%73%6f%6e\/wp\/v2\/posts\/226738\/revisions\/226834"}],"wp:featuredmedia":[{"embeddable":true,"href":"https:\/\/informelitoral.com.ar\/%77%70%2d%6a%73%6f%6e\/wp\/v2\/media\/226739"}],"wp:attachment":[{"href":"https:\/\/informelitoral.com.ar\/%77%70%2d%6a%73%6f%6e\/wp\/v2\/media?parent=226738"}],"wp:term":[{"taxonomy":"category","embeddable":true,"href":"https:\/\/informelitoral.com.ar\/%77%70%2d%6a%73%6f%6e\/wp\/v2\/categories?post=226738"},{"taxonomy":"post_tag","embeddable":true,"href":"https:\/\/informelitoral.com.ar\/%77%70%2d%6a%73%6f%6e\/wp\/v2\/tags?post=226738"}],"curies":[{"name":"wp","href":"https:\/\/api.w.org\/{rel}","templated":true}]}}