{"id":226716,"date":"2025-07-10T07:31:57","date_gmt":"2025-07-10T10:31:57","guid":{"rendered":"https:\/\/informelitoral.com.ar\/?p=226716"},"modified":"2025-07-10T07:31:57","modified_gmt":"2025-07-10T10:31:57","slug":"frigerio-en-diamante-la-verdadera-independencia-se-construye-con-dignidad-y-con-trabajo","status":"publish","type":"post","link":"https:\/\/informelitoral.com.ar\/frigerio-en-diamante-la-verdadera-independencia-se-construye-con-dignidad-y-con-trabajo\/","title":{"rendered":"Frigerio en Diamante: \u00abLa verdadera independencia se construye con dignidad y con trabajo\u00bb"},"content":{"rendered":"<p>Junto al intendente de Diamante, <strong>Ezio Gieco<\/strong>, Frigerio particip\u00f3 del Tedeum en la Capilla El Buen Pastor, del Instituto Santa Mar\u00eda, a cargo del arzobispo de Paran\u00e1, <strong>Juan Alberto Puiggari<\/strong>; y luego se traslad\u00f3 a la plaza 9 de Julio, donde se desarroll\u00f3 el acto protocolar. Tras la revista de efectivos formados y el saludo a la agrupaci\u00f3n 9 de Julio y los discursos, se realiz\u00f3 el tradicional desfile c\u00edvico-militar.<\/p>\n<p>En la oportunidad, el mandatario hizo un repaso de los hechos hist\u00f3ricos y apel\u00f3 a \u00abhonrar ese legado y mantener viva esa llama de independencia y de libertad\u00bb, al tiempo que destac\u00f3 la importancia de conmemorar, no solo una fecha hist\u00f3rica, sino el compromiso diario con la verdadera independencia.<\/p>\n<p>\u00abLa verdadera independencia no es solo la que se declara, es la que se ejerce cada d\u00eda, es tener libertad de elegir d\u00f3nde vivir, de qu\u00e9 trabajar, qu\u00e9 legado dejar. Y esa libertad se consigue cuando nadie nos regala nada, cuando nadie se cree capaz de someternos y extorsionarnos por habernos dado lo b\u00e1sico que necesitamos para vivir\u00bb, advirti\u00f3.<\/p>\n<p>El mandatario subray\u00f3, adem\u00e1s, el valor de la dignidad y el esfuerzo productivo como pilares fundamentales para el desarrollo de Entre R\u00edos: \u00abNo hay dignidad posible si el Estado cosecha lo que el privado sembr\u00f3. Ese modelo frustr\u00f3 generaciones enteras y nos conden\u00f3 a vivir con lo justo, pero los entrerrianos decidimos cambiar. Creemos en un Estado que no se retira, pero sabe d\u00f3nde tiene que estar presente para cuidar lo esencial, la educaci\u00f3n, la salud, la seguridad, la infraestructura, porque esa es la verdadera independencia, la que se construye con dignidad y con trabajo\u00bb.<\/p>\n<p>Frigerio tambi\u00e9n hizo un llamado a la unidad y la responsabilidad compartida para construir el futuro de la provincia y del pa\u00eds. \u00abLa patria no se hace con discursos vac\u00edos. La patria se hace con trabajo, con responsabilidad y con planificaci\u00f3n. Se hace trabajando juntos para romper las cadenas que atrasan. Y eso estamos haciendo todos los d\u00edas con cada entrerriano que no se resigna, con cada docente que sigue ense\u00f1ando, con cada productor que no baja los brazos, con cada pyme que apuesta y que arriesga, con cada ciudadano que eligi\u00f3 seguir adelante\u00bb.<\/p>\n<p>Por su parte, el intendente Gieco agradeci\u00f3 \u00abel acompa\u00f1amiento del gobernador desde el primer d\u00eda; para nosotros es importante sentir el apoyo a la gesti\u00f3n, m\u00e1s all\u00e1 de lo econ\u00f3mico. Con todas las dificultades que tenemos, siempre al momento de necesitar algo de la provincia lo hemos conseguido\u00bb.<\/p>\n<p>Estuvieron presentes, adem\u00e1s, en el acto, los ministros de Hacienda y Finanzas, <strong>Fabi\u00e1n Boleas<\/strong>; y de Seguridad, <strong>N\u00e9stor Roncaglia<\/strong>; el presidente de la C\u00e1mara Diputados, <strong>Gustavo Hein<\/strong>; el arzobispo de Paran\u00e1, <strong>Juan Alberto Puiggari<\/strong>; dem\u00e1s autoridades provinciales y municipales; representantes de fuerzas armadas y de seguridad; veteranos de Malvinas; docentes, estudiantes; instituciones, entre otros.<\/p>\n<div class=\"youtube-embed\" data-video_id=\"q-am7IhH-I4\"><iframe loading=\"lazy\" title=\"La verdadera independencia se construye con dignidad y con trabajo\" width=\"696\" height=\"392\" src=\"https:\/\/www.youtube.com\/embed\/q-am7IhH-I4?feature=oembed&#038;enablejsapi=1\" frameborder=\"0\" allow=\"accelerometer; autoplay; clipboard-write; encrypted-media; gyroscope; picture-in-picture; web-share\" referrerpolicy=\"strict-origin-when-cross-origin\" allowfullscreen><\/iframe><\/div>\n","protected":false},"excerpt":{"rendered":"<p>En el marco de la celebraci\u00f3n del 209\u00ba aniversario de la Declaraci\u00f3n de Independencia, el gobernador Rogelio Frigerio destac\u00f3 que \u00abla verdadera independencia se construye con trabajo, dignidad y un Estado presente que protege lo esencial\u00bb; e hizo un llamado a la unidad y al esfuerzo conjunto para construir un futuro pr\u00f3spero para Entre R\u00edos y Argentina.<\/p>\n","protected":false},"author":2,"featured_media":226717,"comment_status":"open","ping_status":"open","sticky":false,"template":"","format":"standard","meta":{"fifu_image_url":"https:\/\/lh3.googleusercontent.com\/drive-storage\/AJQWtBMcBxRS_gPUExOiDR1aC4UprLax7Qd4c5ePIPjlzL0_2ULEWnRE3gCZQGjStlCksUx2VIdn3-S-d6JsL3whZytas9r-wB88snxUK3rueg4k4SA=w2048-h2048-p-k-nu","fifu_image_alt":"","footnotes":""},"categories":[16],"tags":[657,34,949],"class_list":{"0":"post-226716","1":"post","2":"type-post","3":"status-publish","4":"format-standard","5":"has-post-thumbnail","7":"category-politi","8":"tag-dia-de-la-independencia","9":"tag-diamante","10":"tag-rogelio-frigerio"},"yoast_head":"<title>Frigerio en Diamante: &quot;La verdadera independencia se construye con dignidad y con trabajo&quot; - Informe Litoral<\/title>\n<meta name=\"robots\" content=\"index, follow, max-snippet:-1, max-image-preview:large, max-video-preview:-1\" \/>\n<link rel=\"canonical\" href=\"https:\/\/informelitoral.com.ar\/frigerio-en-diamante-la-verdadera-independencia-se-construye-con-dignidad-y-con-trabajo\/\" \/>\n<meta property=\"og:locale\" content=\"es_ES\" \/>\n<meta property=\"og:type\" content=\"article\" \/>\n<meta property=\"og:title\" content=\"Frigerio en Diamante: &quot;La verdadera independencia se construye con dignidad y con trabajo&quot; - Informe Litoral\" \/>\n<meta property=\"og:description\" content=\"En el marco de la celebraci\u00f3n del 209\u00ba aniversario de la Declaraci\u00f3n de Independencia, el gobernador Rogelio Frigerio destac\u00f3 que &quot;la verdadera independencia se construye con trabajo, dignidad y un Estado presente que protege lo esencial&quot;; e hizo un llamado a la unidad y al esfuerzo conjunto para construir un futuro pr\u00f3spero para Entre R\u00edos y Argentina.\" \/>\n<meta property=\"og:url\" content=\"https:\/\/informelitoral.com.ar\/frigerio-en-diamante-la-verdadera-independencia-se-construye-con-dignidad-y-con-trabajo\/\" \/>\n<meta property=\"og:site_name\" content=\"Informe Litoral\" \/>\n<meta property=\"article:publisher\" content=\"https:\/\/www.facebook.com\/informelitoral\/\" \/>\n<meta property=\"article:published_time\" content=\"2025-07-10T10:31:57+00:00\" \/>\n<meta property=\"og:image\" content=\"https:\/\/lh3.googleusercontent.com\/drive-storage\/AJQWtBMcBxRS_gPUExOiDR1aC4UprLax7Qd4c5ePIPjlzL0_2ULEWnRE3gCZQGjStlCksUx2VIdn3-S-d6JsL3whZytas9r-wB88snxUK3rueg4k4SA=w2048-h2048-p-k-nu\" \/><meta property=\"og:image\" content=\"https:\/\/lh3.googleusercontent.com\/drive-storage\/AJQWtBMcBxRS_gPUExOiDR1aC4UprLax7Qd4c5ePIPjlzL0_2ULEWnRE3gCZQGjStlCksUx2VIdn3-S-d6JsL3whZytas9r-wB88snxUK3rueg4k4SA=w2048-h2048-p-k-nu\" \/>\n\t<meta property=\"og:image:width\" content=\"2048\" \/>\n\t<meta property=\"og:image:height\" content=\"1999\" \/>\n\t<meta property=\"og:image:type\" content=\"image\/jpeg\" \/>\n<meta name=\"author\" content=\"Gonzalo Schmidt\" \/>\n<meta name=\"twitter:card\" content=\"summary_large_image\" \/>\n<meta name=\"twitter:image\" content=\"https:\/\/lh3.googleusercontent.com\/drive-storage\/AJQWtBMcBxRS_gPUExOiDR1aC4UprLax7Qd4c5ePIPjlzL0_2ULEWnRE3gCZQGjStlCksUx2VIdn3-S-d6JsL3whZytas9r-wB88snxUK3rueg4k4SA=w2048-h2048-p-k-nu\" \/>\n<meta name=\"twitter:creator\" content=\"@InformeLitoral\" \/>\n<meta name=\"twitter:site\" content=\"@InformeLitoral\" \/>\n<meta name=\"twitter:label1\" content=\"Escrito por\" \/>\n\t<meta name=\"twitter:data1\" content=\"Gonzalo Schmidt\" \/>\n\t<meta name=\"twitter:label2\" content=\"Tiempo de lectura\" \/>\n\t<meta name=\"twitter:data2\" content=\"3 minutos\" \/>\n<script type=\"application\/ld+json\" class=\"yoast-schema-graph\">{\"@context\":\"https:\\\/\\\/schema.org\",\"@graph\":[{\"@type\":\"Article\",\"@id\":\"https:\\\/\\\/informelitoral.com.ar\\\/frigerio-en-diamante-la-verdadera-independencia-se-construye-con-dignidad-y-con-trabajo\\\/#article\",\"isPartOf\":{\"@id\":\"https:\\\/\\\/informelitoral.com.ar\\\/frigerio-en-diamante-la-verdadera-independencia-se-construye-con-dignidad-y-con-trabajo\\\/\"},\"author\":{\"name\":\"Gonzalo Schmidt\",\"@id\":\"https:\\\/\\\/informelitoral.com.ar\\\/#\\\/schema\\\/person\\\/b9d00407c836482871ef1d57bf8e3180\"},\"headline\":\"Frigerio en Diamante: \u00abLa verdadera independencia se construye con dignidad y con trabajo\u00bb\",\"datePublished\":\"2025-07-10T10:31:57+00:00\",\"mainEntityOfPage\":{\"@id\":\"https:\\\/\\\/informelitoral.com.ar\\\/frigerio-en-diamante-la-verdadera-independencia-se-construye-con-dignidad-y-con-trabajo\\\/\"},\"wordCount\":516,\"commentCount\":0,\"publisher\":{\"@id\":\"https:\\\/\\\/informelitoral.com.ar\\\/#organization\"},\"image\":{\"@id\":\"https:\\\/\\\/informelitoral.com.ar\\\/frigerio-en-diamante-la-verdadera-independencia-se-construye-con-dignidad-y-con-trabajo\\\/#primaryimage\"},\"thumbnailUrl\":\"https:\\\/\\\/lh3.googleusercontent.com\\\/drive-storage\\\/AJQWtBMcBxRS_gPUExOiDR1aC4UprLax7Qd4c5ePIPjlzL0_2ULEWnRE3gCZQGjStlCksUx2VIdn3-S-d6JsL3whZytas9r-wB88snxUK3rueg4k4SA=w2048-h2048-p-k-nu\",\"keywords\":[\"D\u00eda de la Independencia\",\"Diamante\",\"Rogelio Frigerio\"],\"articleSection\":[\"Politica\"],\"inLanguage\":\"es\",\"potentialAction\":[{\"@type\":\"CommentAction\",\"name\":\"Comment\",\"target\":[\"https:\\\/\\\/informelitoral.com.ar\\\/frigerio-en-diamante-la-verdadera-independencia-se-construye-con-dignidad-y-con-trabajo\\\/#respond\"]}]},{\"@type\":\"WebPage\",\"@id\":\"https:\\\/\\\/informelitoral.com.ar\\\/frigerio-en-diamante-la-verdadera-independencia-se-construye-con-dignidad-y-con-trabajo\\\/\",\"url\":\"https:\\\/\\\/informelitoral.com.ar\\\/frigerio-en-diamante-la-verdadera-independencia-se-construye-con-dignidad-y-con-trabajo\\\/\",\"name\":\"Frigerio en Diamante: \\\"La verdadera independencia se construye con dignidad y con trabajo\\\" - Informe Litoral\",\"isPartOf\":{\"@id\":\"https:\\\/\\\/informelitoral.com.ar\\\/#website\"},\"primaryImageOfPage\":{\"@id\":\"https:\\\/\\\/informelitoral.com.ar\\\/frigerio-en-diamante-la-verdadera-independencia-se-construye-con-dignidad-y-con-trabajo\\\/#primaryimage\"},\"image\":{\"@id\":\"https:\\\/\\\/informelitoral.com.ar\\\/frigerio-en-diamante-la-verdadera-independencia-se-construye-con-dignidad-y-con-trabajo\\\/#primaryimage\"},\"thumbnailUrl\":\"https:\\\/\\\/lh3.googleusercontent.com\\\/drive-storage\\\/AJQWtBMcBxRS_gPUExOiDR1aC4UprLax7Qd4c5ePIPjlzL0_2ULEWnRE3gCZQGjStlCksUx2VIdn3-S-d6JsL3whZytas9r-wB88snxUK3rueg4k4SA=w2048-h2048-p-k-nu\",\"datePublished\":\"2025-07-10T10:31:57+00:00\",\"breadcrumb\":{\"@id\":\"https:\\\/\\\/informelitoral.com.ar\\\/frigerio-en-diamante-la-verdadera-independencia-se-construye-con-dignidad-y-con-trabajo\\\/#breadcrumb\"},\"inLanguage\":\"es\",\"potentialAction\":[{\"@type\":\"ReadAction\",\"target\":[\"https:\\\/\\\/informelitoral.com.ar\\\/frigerio-en-diamante-la-verdadera-independencia-se-construye-con-dignidad-y-con-trabajo\\\/\"]}]},{\"@type\":\"ImageObject\",\"inLanguage\":\"es\",\"@id\":\"https:\\\/\\\/informelitoral.com.ar\\\/frigerio-en-diamante-la-verdadera-independencia-se-construye-con-dignidad-y-con-trabajo\\\/#primaryimage\",\"url\":\"https:\\\/\\\/lh3.googleusercontent.com\\\/drive-storage\\\/AJQWtBMcBxRS_gPUExOiDR1aC4UprLax7Qd4c5ePIPjlzL0_2ULEWnRE3gCZQGjStlCksUx2VIdn3-S-d6JsL3whZytas9r-wB88snxUK3rueg4k4SA=w2048-h2048-p-k-nu\",\"contentUrl\":\"https:\\\/\\\/lh3.googleusercontent.com\\\/drive-storage\\\/AJQWtBMcBxRS_gPUExOiDR1aC4UprLax7Qd4c5ePIPjlzL0_2ULEWnRE3gCZQGjStlCksUx2VIdn3-S-d6JsL3whZytas9r-wB88snxUK3rueg4k4SA=w2048-h2048-p-k-nu\",\"width\":\"2048\",\"height\":\"1999\"},{\"@type\":\"BreadcrumbList\",\"@id\":\"https:\\\/\\\/informelitoral.com.ar\\\/frigerio-en-diamante-la-verdadera-independencia-se-construye-con-dignidad-y-con-trabajo\\\/#breadcrumb\",\"itemListElement\":[{\"@type\":\"ListItem\",\"position\":1,\"name\":\"Portada\",\"item\":\"https:\\\/\\\/informelitoral.com.ar\\\/\"},{\"@type\":\"ListItem\",\"position\":2,\"name\":\"Frigerio en Diamante: \u00abLa verdadera independencia se construye con dignidad y con trabajo\u00bb\"}]},{\"@type\":\"WebSite\",\"@id\":\"https:\\\/\\\/informelitoral.com.ar\\\/#website\",\"url\":\"https:\\\/\\\/informelitoral.com.ar\\\/\",\"name\":\"Informe Litoral\",\"description\":\"&quot;Nos informamos&quot; \",\"publisher\":{\"@id\":\"https:\\\/\\\/informelitoral.com.ar\\\/#organization\"},\"potentialAction\":[{\"@type\":\"SearchAction\",\"target\":{\"@type\":\"EntryPoint\",\"urlTemplate\":\"https:\\\/\\\/informelitoral.com.ar\\\/?s={search_term_string}\"},\"query-input\":{\"@type\":\"PropertyValueSpecification\",\"valueRequired\":true,\"valueName\":\"search_term_string\"}}],\"inLanguage\":\"es\"},{\"@type\":\"Organization\",\"@id\":\"https:\\\/\\\/informelitoral.com.ar\\\/#organization\",\"name\":\"Informe Litoral\",\"url\":\"https:\\\/\\\/informelitoral.com.ar\\\/\",\"logo\":{\"@type\":\"ImageObject\",\"inLanguage\":\"es\",\"@id\":\"https:\\\/\\\/informelitoral.com.ar\\\/#\\\/schema\\\/logo\\\/image\\\/\",\"url\":\"https:\\\/\\\/informelitoral.com.ar\\\/%77%70%2d%63%6f%6e%74%65%6e%74\\\/uploads\\\/2021\\\/01\\\/circulo.png\",\"contentUrl\":\"https:\\\/\\\/informelitoral.com.ar\\\/%77%70%2d%63%6f%6e%74%65%6e%74\\\/uploads\\\/2021\\\/01\\\/circulo.png\",\"width\":723,\"height\":731,\"caption\":\"Informe Litoral\"},\"image\":{\"@id\":\"https:\\\/\\\/informelitoral.com.ar\\\/#\\\/schema\\\/logo\\\/image\\\/\"},\"sameAs\":[\"https:\\\/\\\/www.facebook.com\\\/informelitoral\\\/\",\"https:\\\/\\\/x.com\\\/InformeLitoral\",\"https:\\\/\\\/www.instagram.com\\\/informelitoral\\\/\",\"https:\\\/\\\/www.youtube.com\\\/channel\\\/UCua4Qvz8Icb6MYqhoq9xLXw\"]},{\"@type\":\"Person\",\"@id\":\"https:\\\/\\\/informelitoral.com.ar\\\/#\\\/schema\\\/person\\\/b9d00407c836482871ef1d57bf8e3180\",\"name\":\"Gonzalo Schmidt\",\"image\":{\"@type\":\"ImageObject\",\"inLanguage\":\"es\",\"@id\":\"https:\\\/\\\/secure.gravatar.com\\\/avatar\\\/31a1a7b66ff2de83bd0e9fd79d026630d2d99e55e8bfe501287647b4fd9743de?s=96&d=mm&r=g\",\"url\":\"https:\\\/\\\/secure.gravatar.com\\\/avatar\\\/31a1a7b66ff2de83bd0e9fd79d026630d2d99e55e8bfe501287647b4fd9743de?s=96&d=mm&r=g\",\"contentUrl\":\"https:\\\/\\\/secure.gravatar.com\\\/avatar\\\/31a1a7b66ff2de83bd0e9fd79d026630d2d99e55e8bfe501287647b4fd9743de?s=96&d=mm&r=g\",\"caption\":\"Gonzalo Schmidt\"},\"description\":\"Sitio web de noticias de la provincia de Entre R\u00edos, Argentina. Informaci\u00f3n y entretenimiento. Informe Litoral, nos informamos.\",\"sameAs\":[\"http:\\\/\\\/www.isletasnoticias.com.ar\"],\"url\":\"https:\\\/\\\/informelitoral.com.ar\\\/author\\\/gonzalo\\\/\"}]}<\/script>","yoast_head_json":{"title":"Frigerio en Diamante: \"La verdadera independencia se construye con dignidad y con trabajo\" - Informe Litoral","robots":{"index":"index","follow":"follow","max-snippet":"max-snippet:-1","max-image-preview":"max-image-preview:large","max-video-preview":"max-video-preview:-1"},"canonical":"https:\/\/informelitoral.com.ar\/frigerio-en-diamante-la-verdadera-independencia-se-construye-con-dignidad-y-con-trabajo\/","og_locale":"es_ES","og_type":"article","og_title":"Frigerio en Diamante: \"La verdadera independencia se construye con dignidad y con trabajo\" - Informe Litoral","og_description":"En el marco de la celebraci\u00f3n del 209\u00ba aniversario de la Declaraci\u00f3n de Independencia, el gobernador Rogelio Frigerio destac\u00f3 que \"la verdadera independencia se construye con trabajo, dignidad y un Estado presente que protege lo esencial\"; e hizo un llamado a la unidad y al esfuerzo conjunto para construir un futuro pr\u00f3spero para Entre R\u00edos y Argentina.","og_url":"https:\/\/informelitoral.com.ar\/frigerio-en-diamante-la-verdadera-independencia-se-construye-con-dignidad-y-con-trabajo\/","og_site_name":"Informe Litoral","article_publisher":"https:\/\/www.facebook.com\/informelitoral\/","article_published_time":"2025-07-10T10:31:57+00:00","og_image":[{"url":"https:\/\/lh3.googleusercontent.com\/drive-storage\/AJQWtBMcBxRS_gPUExOiDR1aC4UprLax7Qd4c5ePIPjlzL0_2ULEWnRE3gCZQGjStlCksUx2VIdn3-S-d6JsL3whZytas9r-wB88snxUK3rueg4k4SA=w2048-h2048-p-k-nu","type":"","width":"","height":""},{"width":2048,"height":1999,"url":"https:\/\/lh3.googleusercontent.com\/drive-storage\/AJQWtBMcBxRS_gPUExOiDR1aC4UprLax7Qd4c5ePIPjlzL0_2ULEWnRE3gCZQGjStlCksUx2VIdn3-S-d6JsL3whZytas9r-wB88snxUK3rueg4k4SA=w2048-h2048-p-k-nu","type":"image\/jpeg"}],"author":"Gonzalo Schmidt","twitter_card":"summary_large_image","twitter_image":"https:\/\/lh3.googleusercontent.com\/drive-storage\/AJQWtBMcBxRS_gPUExOiDR1aC4UprLax7Qd4c5ePIPjlzL0_2ULEWnRE3gCZQGjStlCksUx2VIdn3-S-d6JsL3whZytas9r-wB88snxUK3rueg4k4SA=w2048-h2048-p-k-nu","twitter_creator":"@InformeLitoral","twitter_site":"@InformeLitoral","twitter_misc":{"Escrito por":"Gonzalo Schmidt","Tiempo de lectura":"3 minutos"},"schema":{"@context":"https:\/\/schema.org","@graph":[{"@type":"Article","@id":"https:\/\/informelitoral.com.ar\/frigerio-en-diamante-la-verdadera-independencia-se-construye-con-dignidad-y-con-trabajo\/#article","isPartOf":{"@id":"https:\/\/informelitoral.com.ar\/frigerio-en-diamante-la-verdadera-independencia-se-construye-con-dignidad-y-con-trabajo\/"},"author":{"name":"Gonzalo Schmidt","@id":"https:\/\/informelitoral.com.ar\/#\/schema\/person\/b9d00407c836482871ef1d57bf8e3180"},"headline":"Frigerio en Diamante: \u00abLa verdadera independencia se construye con dignidad y con trabajo\u00bb","datePublished":"2025-07-10T10:31:57+00:00","mainEntityOfPage":{"@id":"https:\/\/informelitoral.com.ar\/frigerio-en-diamante-la-verdadera-independencia-se-construye-con-dignidad-y-con-trabajo\/"},"wordCount":516,"commentCount":0,"publisher":{"@id":"https:\/\/informelitoral.com.ar\/#organization"},"image":{"@id":"https:\/\/informelitoral.com.ar\/frigerio-en-diamante-la-verdadera-independencia-se-construye-con-dignidad-y-con-trabajo\/#primaryimage"},"thumbnailUrl":"https:\/\/lh3.googleusercontent.com\/drive-storage\/AJQWtBMcBxRS_gPUExOiDR1aC4UprLax7Qd4c5ePIPjlzL0_2ULEWnRE3gCZQGjStlCksUx2VIdn3-S-d6JsL3whZytas9r-wB88snxUK3rueg4k4SA=w2048-h2048-p-k-nu","keywords":["D\u00eda de la Independencia","Diamante","Rogelio Frigerio"],"articleSection":["Politica"],"inLanguage":"es","potentialAction":[{"@type":"CommentAction","name":"Comment","target":["https:\/\/informelitoral.com.ar\/frigerio-en-diamante-la-verdadera-independencia-se-construye-con-dignidad-y-con-trabajo\/#respond"]}]},{"@type":"WebPage","@id":"https:\/\/informelitoral.com.ar\/frigerio-en-diamante-la-verdadera-independencia-se-construye-con-dignidad-y-con-trabajo\/","url":"https:\/\/informelitoral.com.ar\/frigerio-en-diamante-la-verdadera-independencia-se-construye-con-dignidad-y-con-trabajo\/","name":"Frigerio en Diamante: \"La verdadera independencia se construye con dignidad y con trabajo\" - Informe Litoral","isPartOf":{"@id":"https:\/\/informelitoral.com.ar\/#website"},"primaryImageOfPage":{"@id":"https:\/\/informelitoral.com.ar\/frigerio-en-diamante-la-verdadera-independencia-se-construye-con-dignidad-y-con-trabajo\/#primaryimage"},"image":{"@id":"https:\/\/informelitoral.com.ar\/frigerio-en-diamante-la-verdadera-independencia-se-construye-con-dignidad-y-con-trabajo\/#primaryimage"},"thumbnailUrl":"https:\/\/lh3.googleusercontent.com\/drive-storage\/AJQWtBMcBxRS_gPUExOiDR1aC4UprLax7Qd4c5ePIPjlzL0_2ULEWnRE3gCZQGjStlCksUx2VIdn3-S-d6JsL3whZytas9r-wB88snxUK3rueg4k4SA=w2048-h2048-p-k-nu","datePublished":"2025-07-10T10:31:57+00:00","breadcrumb":{"@id":"https:\/\/informelitoral.com.ar\/frigerio-en-diamante-la-verdadera-independencia-se-construye-con-dignidad-y-con-trabajo\/#breadcrumb"},"inLanguage":"es","potentialAction":[{"@type":"ReadAction","target":["https:\/\/informelitoral.com.ar\/frigerio-en-diamante-la-verdadera-independencia-se-construye-con-dignidad-y-con-trabajo\/"]}]},{"@type":"ImageObject","inLanguage":"es","@id":"https:\/\/informelitoral.com.ar\/frigerio-en-diamante-la-verdadera-independencia-se-construye-con-dignidad-y-con-trabajo\/#primaryimage","url":"https:\/\/lh3.googleusercontent.com\/drive-storage\/AJQWtBMcBxRS_gPUExOiDR1aC4UprLax7Qd4c5ePIPjlzL0_2ULEWnRE3gCZQGjStlCksUx2VIdn3-S-d6JsL3whZytas9r-wB88snxUK3rueg4k4SA=w2048-h2048-p-k-nu","contentUrl":"https:\/\/lh3.googleusercontent.com\/drive-storage\/AJQWtBMcBxRS_gPUExOiDR1aC4UprLax7Qd4c5ePIPjlzL0_2ULEWnRE3gCZQGjStlCksUx2VIdn3-S-d6JsL3whZytas9r-wB88snxUK3rueg4k4SA=w2048-h2048-p-k-nu","width":"2048","height":"1999"},{"@type":"BreadcrumbList","@id":"https:\/\/informelitoral.com.ar\/frigerio-en-diamante-la-verdadera-independencia-se-construye-con-dignidad-y-con-trabajo\/#breadcrumb","itemListElement":[{"@type":"ListItem","position":1,"name":"Portada","item":"https:\/\/informelitoral.com.ar\/"},{"@type":"ListItem","position":2,"name":"Frigerio en Diamante: \u00abLa verdadera independencia se construye con dignidad y con trabajo\u00bb"}]},{"@type":"WebSite","@id":"https:\/\/informelitoral.com.ar\/#website","url":"https:\/\/informelitoral.com.ar\/","name":"Informe Litoral","description":"&quot;Nos informamos&quot; ","publisher":{"@id":"https:\/\/informelitoral.com.ar\/#organization"},"potentialAction":[{"@type":"SearchAction","target":{"@type":"EntryPoint","urlTemplate":"https:\/\/informelitoral.com.ar\/?s={search_term_string}"},"query-input":{"@type":"PropertyValueSpecification","valueRequired":true,"valueName":"search_term_string"}}],"inLanguage":"es"},{"@type":"Organization","@id":"https:\/\/informelitoral.com.ar\/#organization","name":"Informe Litoral","url":"https:\/\/informelitoral.com.ar\/","logo":{"@type":"ImageObject","inLanguage":"es","@id":"https:\/\/informelitoral.com.ar\/#\/schema\/logo\/image\/","url":"https:\/\/informelitoral.com.ar\/%77%70%2d%63%6f%6e%74%65%6e%74\/uploads\/2021\/01\/circulo.png","contentUrl":"https:\/\/informelitoral.com.ar\/%77%70%2d%63%6f%6e%74%65%6e%74\/uploads\/2021\/01\/circulo.png","width":723,"height":731,"caption":"Informe Litoral"},"image":{"@id":"https:\/\/informelitoral.com.ar\/#\/schema\/logo\/image\/"},"sameAs":["https:\/\/www.facebook.com\/informelitoral\/","https:\/\/x.com\/InformeLitoral","https:\/\/www.instagram.com\/informelitoral\/","https:\/\/www.youtube.com\/channel\/UCua4Qvz8Icb6MYqhoq9xLXw"]},{"@type":"Person","@id":"https:\/\/informelitoral.com.ar\/#\/schema\/person\/b9d00407c836482871ef1d57bf8e3180","name":"Gonzalo Schmidt","image":{"@type":"ImageObject","inLanguage":"es","@id":"https:\/\/secure.gravatar.com\/avatar\/31a1a7b66ff2de83bd0e9fd79d026630d2d99e55e8bfe501287647b4fd9743de?s=96&d=mm&r=g","url":"https:\/\/secure.gravatar.com\/avatar\/31a1a7b66ff2de83bd0e9fd79d026630d2d99e55e8bfe501287647b4fd9743de?s=96&d=mm&r=g","contentUrl":"https:\/\/secure.gravatar.com\/avatar\/31a1a7b66ff2de83bd0e9fd79d026630d2d99e55e8bfe501287647b4fd9743de?s=96&d=mm&r=g","caption":"Gonzalo Schmidt"},"description":"Sitio web de noticias de la provincia de Entre R\u00edos, Argentina. Informaci\u00f3n y entretenimiento. Informe Litoral, nos informamos.","sameAs":["http:\/\/www.isletasnoticias.com.ar"],"url":"https:\/\/informelitoral.com.ar\/author\/gonzalo\/"}]}},"fifu_image_url":"https:\/\/lh3.googleusercontent.com\/drive-storage\/AJQWtBMcBxRS_gPUExOiDR1aC4UprLax7Qd4c5ePIPjlzL0_2ULEWnRE3gCZQGjStlCksUx2VIdn3-S-d6JsL3whZytas9r-wB88snxUK3rueg4k4SA=w2048-h2048-p-k-nu","_links":{"self":[{"href":"https:\/\/informelitoral.com.ar\/%77%70%2d%6a%73%6f%6e\/wp\/v2\/posts\/226716","targetHints":{"allow":["GET"]}}],"collection":[{"href":"https:\/\/informelitoral.com.ar\/%77%70%2d%6a%73%6f%6e\/wp\/v2\/posts"}],"about":[{"href":"https:\/\/informelitoral.com.ar\/%77%70%2d%6a%73%6f%6e\/wp\/v2\/types\/post"}],"author":[{"embeddable":true,"href":"https:\/\/informelitoral.com.ar\/%77%70%2d%6a%73%6f%6e\/wp\/v2\/users\/2"}],"replies":[{"embeddable":true,"href":"https:\/\/informelitoral.com.ar\/%77%70%2d%6a%73%6f%6e\/wp\/v2\/comments?post=226716"}],"version-history":[{"count":1,"href":"https:\/\/informelitoral.com.ar\/%77%70%2d%6a%73%6f%6e\/wp\/v2\/posts\/226716\/revisions"}],"predecessor-version":[{"id":226718,"href":"https:\/\/informelitoral.com.ar\/%77%70%2d%6a%73%6f%6e\/wp\/v2\/posts\/226716\/revisions\/226718"}],"wp:featuredmedia":[{"embeddable":true,"href":"https:\/\/informelitoral.com.ar\/%77%70%2d%6a%73%6f%6e\/wp\/v2\/media\/226717"}],"wp:attachment":[{"href":"https:\/\/informelitoral.com.ar\/%77%70%2d%6a%73%6f%6e\/wp\/v2\/media?parent=226716"}],"wp:term":[{"taxonomy":"category","embeddable":true,"href":"https:\/\/informelitoral.com.ar\/%77%70%2d%6a%73%6f%6e\/wp\/v2\/categories?post=226716"},{"taxonomy":"post_tag","embeddable":true,"href":"https:\/\/informelitoral.com.ar\/%77%70%2d%6a%73%6f%6e\/wp\/v2\/tags?post=226716"}],"curies":[{"name":"wp","href":"https:\/\/api.w.org\/{rel}","templated":true}]}}