{"id":226590,"date":"2025-07-09T07:29:15","date_gmt":"2025-07-09T10:29:15","guid":{"rendered":"https:\/\/informelitoral.com.ar\/?p=226590"},"modified":"2025-07-09T07:29:15","modified_gmt":"2025-07-09T10:29:15","slug":"ramiro-munoz-consideramos-que-los-festejos-tienen-que-seguir-siendo-populares","status":"publish","type":"post","link":"https:\/\/informelitoral.com.ar\/ramiro-munoz-consideramos-que-los-festejos-tienen-que-seguir-siendo-populares\/","title":{"rendered":"Ramiro Mu\u00f1oz: \u201cConsideramos que los festejos tienen que seguir siendo populares\u00bb"},"content":{"rendered":"<p>Se estima que unas 3.500 personas participaron del evento con acceso libre y gratuito. Para ello, la Municipalidad realiz\u00f3 una importante inversi\u00f3n tanto en recursos econ\u00f3micos como en capital humano.<\/p>\n<h6><em><strong>Nota relacionada:\u00a0<a href=\"https:\/\/informelitoral.com.ar\/destacan-los-esfuerzos-compartidos-en-la-celebracion-del-117o-aniversario-de-aranguren\/\" target=\"_blank\" rel=\"noopener\">Destacan los \u00abesfuerzos compartidos\u00bb en la celebraci\u00f3n del 117\u00ba aniversario de Aranguren<\/a><\/strong><\/em><\/h6>\n<p>La jornada incluy\u00f3 una nutrida cartelera art\u00edstica, un concurso gastron\u00f3mico y la 1\u00aa Expo Aranguren.<\/p>\n<p>\u201cQuiero comenzar agradeciendo a todo el equipo de Gobierno y a los empleados municipales que trabajaron con gran compromiso antes, durante y despu\u00e9s del evento. Tambi\u00e9n a los funcionarios <strong>Yamila Cornejo<\/strong> (Cultura y Educaci\u00f3n), <strong>Carlos Garc\u00eda<\/strong> (Deportes y Turismo),<strong> Mariano Schreiner<\/strong> (Prensa) y <strong>Fabi\u00e1n Bruggeman<\/strong> (Producci\u00f3n y Ambiente), quien fue el ide\u00f3logo de la 1\u00aa Expo. La articulaci\u00f3n de estos esfuerzos individuales hizo posible un resultado tan lindo como el que vivimos el s\u00e1bado 28 de junio\u201d, expres\u00f3 Mu\u00f1oz.<\/p>\n<h2><strong>Un prop\u00f3sito claro: fortalecer el esp\u00edritu comunitario<\/strong><\/h2>\n<p>Mu\u00f1oz destac\u00f3 que, a pesar del dif\u00edcil contexto econ\u00f3mico, el objetivo de la fiesta fue conservar su car\u00e1cter popular y reforzar el sentido de pertenencia: \u201cEstamos atravesando tiempos complejos, lo sabemos y lo sentimos en la econom\u00eda familiar. Aun as\u00ed, creemos que los festejos deben seguir siendo populares, celebraciones que enaltezcan el esp\u00edritu de comunidad que caracteriza a Aranguren. Ese esp\u00edritu de apertura que recibimos quienes venimos de otros lugares -como me toc\u00f3 a m\u00ed- est\u00e1 profundamente arraigado en nuestra gente, y eso hay que celebrarlo\u201d.<\/p>\n<h2><strong>Autocr\u00edtica constructiva<\/strong><\/h2>\n<p>El secretario de Gobierno tambi\u00e9n se\u00f1al\u00f3 aspectos a mejorar, destacando la importancia de escuchar a los vecinos: \u201cDebemos mejorar la coordinaci\u00f3n con los n\u00fameros art\u00edsticos y sumar m\u00e1s artesanos. Recibimos cr\u00edticas constructivas que valoramos y que nos permitir\u00e1n hacer de esta fiesta una experiencia a\u00fan m\u00e1s disfrutable. Hubo observaciones sobre los horarios y la posibilidad de aprovechar mejor las horas de sol \u2014al mediod\u00eda y la siesta\u2014, considerando que nuestro aniversario se celebra en invierno. De igual manera, las cuestiones a corregir no opacan el alto nivel alcanzado\u201d.<\/p>\n<h2><strong>Mu\u00f1oz tambi\u00e9n destac\u00f3 el valor de la Expo, trat\u00e1ndose de su primera edici\u00f3n:<\/strong><\/h2>\n<p>\u201cHay que destacar que fue la primera experiencia de la Expo. Agradezco profundamente a las empresas y emprendedores que participaron: se not\u00f3 el trabajo, la dedicaci\u00f3n, el esfuerzo y la excelente predisposici\u00f3n para con la comunidad. Esta iniciativa tiene como prop\u00f3sito central visibilizar y fortalecer al sector productivo local, y me alegra enormemente haberla concretado de esta manera\u201d.<\/p>\n<h2><strong>Mirada al futuro<\/strong><\/h2>\n<p>Ramiro Mu\u00f1oz cerr\u00f3 con una visi\u00f3n optimista y de compromiso con el desarrollo local: \u201cEl hilo conductor de esta fiesta -y de nuestra gesti\u00f3n- es seguir enalteciendo a los principales actores de la sociedad. Aranguren es una localidad pujante, con un crecimiento demogr\u00e1fico sostenido y un rol cada vez m\u00e1s protag\u00f3nico en el departamento Nogoy\u00e1. Desde el gobierno local queremos acompa\u00f1ar ese dinamismo con decisiones que est\u00e9n a la altura de las circunstancias\u201d.<\/p>\n","protected":false},"excerpt":{"rendered":"<p>El secretario de Gobierno, bioingeniero Ramiro Mu\u00f1oz, realiz\u00f3 un balance de los festejos por el 117\u00ba aniversario de Aranguren, que se llevaron a cabo el pasado 28 de junio en el Complejo Deportivo Municipal.<\/p>\n","protected":false},"author":2,"featured_media":226591,"comment_status":"open","ping_status":"open","sticky":false,"template":"","format":"standard","meta":{"fifu_image_url":"https:\/\/lh3.googleusercontent.com\/drive-storage\/AJQWtBOtxbA4Q3aA1W7P13XDtU7J2yU8fJ_RfzlT8CuFOwBef-QClJvD9DVs8li--asG4NVfchrtK-bKgUqZaYHNOlbxrNfWmAUSUszE4moT4O776tI=w2048-h2048-p-k-nu","fifu_image_alt":"","footnotes":""},"categories":[4592],"tags":[143,3054],"class_list":{"0":"post-226590","1":"post","2":"type-post","3":"status-publish","4":"format-standard","5":"has-post-thumbnail","7":"category-departamento-nogoya","8":"tag-aranguren","9":"tag-festejo-de-aniversario"},"yoast_head":"<title>Ramiro Mu\u00f1oz: \u201cConsideramos que los festejos tienen que seguir siendo populares&quot; - Informe Litoral<\/title>\n<meta name=\"robots\" content=\"index, follow, max-snippet:-1, max-image-preview:large, max-video-preview:-1\" \/>\n<link rel=\"canonical\" href=\"https:\/\/informelitoral.com.ar\/ramiro-munoz-consideramos-que-los-festejos-tienen-que-seguir-siendo-populares\/\" \/>\n<meta property=\"og:locale\" content=\"es_ES\" \/>\n<meta property=\"og:type\" content=\"article\" \/>\n<meta property=\"og:title\" content=\"Ramiro Mu\u00f1oz: \u201cConsideramos que los festejos tienen que seguir siendo populares&quot; - Informe Litoral\" \/>\n<meta property=\"og:description\" content=\"El secretario de Gobierno, bioingeniero Ramiro Mu\u00f1oz, realiz\u00f3 un balance de los festejos por el 117\u00ba aniversario de Aranguren, que se llevaron a cabo el pasado 28 de junio en el Complejo Deportivo Municipal.\" \/>\n<meta property=\"og:url\" content=\"https:\/\/informelitoral.com.ar\/ramiro-munoz-consideramos-que-los-festejos-tienen-que-seguir-siendo-populares\/\" \/>\n<meta property=\"og:site_name\" content=\"Informe Litoral\" \/>\n<meta property=\"article:publisher\" content=\"https:\/\/www.facebook.com\/informelitoral\/\" \/>\n<meta property=\"article:published_time\" content=\"2025-07-09T10:29:15+00:00\" \/>\n<meta property=\"og:image\" content=\"https:\/\/lh3.googleusercontent.com\/drive-storage\/AJQWtBOtxbA4Q3aA1W7P13XDtU7J2yU8fJ_RfzlT8CuFOwBef-QClJvD9DVs8li--asG4NVfchrtK-bKgUqZaYHNOlbxrNfWmAUSUszE4moT4O776tI=w2048-h2048-p-k-nu\" \/><meta property=\"og:image\" content=\"https:\/\/lh3.googleusercontent.com\/drive-storage\/AJQWtBOtxbA4Q3aA1W7P13XDtU7J2yU8fJ_RfzlT8CuFOwBef-QClJvD9DVs8li--asG4NVfchrtK-bKgUqZaYHNOlbxrNfWmAUSUszE4moT4O776tI=w2048-h2048-p-k-nu\" \/>\n\t<meta property=\"og:image:width\" content=\"2048\" \/>\n\t<meta property=\"og:image:height\" content=\"1365\" \/>\n\t<meta property=\"og:image:type\" content=\"image\/jpeg\" \/>\n<meta name=\"author\" content=\"Gonzalo Schmidt\" \/>\n<meta name=\"twitter:card\" content=\"summary_large_image\" \/>\n<meta name=\"twitter:image\" content=\"https:\/\/lh3.googleusercontent.com\/drive-storage\/AJQWtBOtxbA4Q3aA1W7P13XDtU7J2yU8fJ_RfzlT8CuFOwBef-QClJvD9DVs8li--asG4NVfchrtK-bKgUqZaYHNOlbxrNfWmAUSUszE4moT4O776tI=w2048-h2048-p-k-nu\" \/>\n<meta name=\"twitter:creator\" content=\"@InformeLitoral\" \/>\n<meta name=\"twitter:site\" content=\"@InformeLitoral\" \/>\n<meta name=\"twitter:label1\" content=\"Escrito por\" \/>\n\t<meta name=\"twitter:data1\" content=\"Gonzalo Schmidt\" \/>\n\t<meta name=\"twitter:label2\" content=\"Tiempo de lectura\" \/>\n\t<meta name=\"twitter:data2\" content=\"3 minutos\" \/>\n<script type=\"application\/ld+json\" class=\"yoast-schema-graph\">{\"@context\":\"https:\\\/\\\/schema.org\",\"@graph\":[{\"@type\":\"Article\",\"@id\":\"https:\\\/\\\/informelitoral.com.ar\\\/ramiro-munoz-consideramos-que-los-festejos-tienen-que-seguir-siendo-populares\\\/#article\",\"isPartOf\":{\"@id\":\"https:\\\/\\\/informelitoral.com.ar\\\/ramiro-munoz-consideramos-que-los-festejos-tienen-que-seguir-siendo-populares\\\/\"},\"author\":{\"name\":\"Gonzalo Schmidt\",\"@id\":\"https:\\\/\\\/informelitoral.com.ar\\\/#\\\/schema\\\/person\\\/b9d00407c836482871ef1d57bf8e3180\"},\"headline\":\"Ramiro Mu\u00f1oz: \u201cConsideramos que los festejos tienen que seguir siendo populares\u00bb\",\"datePublished\":\"2025-07-09T10:29:15+00:00\",\"mainEntityOfPage\":{\"@id\":\"https:\\\/\\\/informelitoral.com.ar\\\/ramiro-munoz-consideramos-que-los-festejos-tienen-que-seguir-siendo-populares\\\/\"},\"wordCount\":527,\"commentCount\":0,\"publisher\":{\"@id\":\"https:\\\/\\\/informelitoral.com.ar\\\/#organization\"},\"image\":{\"@id\":\"https:\\\/\\\/informelitoral.com.ar\\\/ramiro-munoz-consideramos-que-los-festejos-tienen-que-seguir-siendo-populares\\\/#primaryimage\"},\"thumbnailUrl\":\"https:\\\/\\\/lh3.googleusercontent.com\\\/drive-storage\\\/AJQWtBOtxbA4Q3aA1W7P13XDtU7J2yU8fJ_RfzlT8CuFOwBef-QClJvD9DVs8li--asG4NVfchrtK-bKgUqZaYHNOlbxrNfWmAUSUszE4moT4O776tI=w2048-h2048-p-k-nu\",\"keywords\":[\"Aranguren\",\"Festejo de aniversario\"],\"articleSection\":[\"Departamento Nogoy\u00e1\"],\"inLanguage\":\"es\",\"potentialAction\":[{\"@type\":\"CommentAction\",\"name\":\"Comment\",\"target\":[\"https:\\\/\\\/informelitoral.com.ar\\\/ramiro-munoz-consideramos-que-los-festejos-tienen-que-seguir-siendo-populares\\\/#respond\"]}]},{\"@type\":\"WebPage\",\"@id\":\"https:\\\/\\\/informelitoral.com.ar\\\/ramiro-munoz-consideramos-que-los-festejos-tienen-que-seguir-siendo-populares\\\/\",\"url\":\"https:\\\/\\\/informelitoral.com.ar\\\/ramiro-munoz-consideramos-que-los-festejos-tienen-que-seguir-siendo-populares\\\/\",\"name\":\"Ramiro Mu\u00f1oz: \u201cConsideramos que los festejos tienen que seguir siendo populares\\\" - Informe Litoral\",\"isPartOf\":{\"@id\":\"https:\\\/\\\/informelitoral.com.ar\\\/#website\"},\"primaryImageOfPage\":{\"@id\":\"https:\\\/\\\/informelitoral.com.ar\\\/ramiro-munoz-consideramos-que-los-festejos-tienen-que-seguir-siendo-populares\\\/#primaryimage\"},\"image\":{\"@id\":\"https:\\\/\\\/informelitoral.com.ar\\\/ramiro-munoz-consideramos-que-los-festejos-tienen-que-seguir-siendo-populares\\\/#primaryimage\"},\"thumbnailUrl\":\"https:\\\/\\\/lh3.googleusercontent.com\\\/drive-storage\\\/AJQWtBOtxbA4Q3aA1W7P13XDtU7J2yU8fJ_RfzlT8CuFOwBef-QClJvD9DVs8li--asG4NVfchrtK-bKgUqZaYHNOlbxrNfWmAUSUszE4moT4O776tI=w2048-h2048-p-k-nu\",\"datePublished\":\"2025-07-09T10:29:15+00:00\",\"breadcrumb\":{\"@id\":\"https:\\\/\\\/informelitoral.com.ar\\\/ramiro-munoz-consideramos-que-los-festejos-tienen-que-seguir-siendo-populares\\\/#breadcrumb\"},\"inLanguage\":\"es\",\"potentialAction\":[{\"@type\":\"ReadAction\",\"target\":[\"https:\\\/\\\/informelitoral.com.ar\\\/ramiro-munoz-consideramos-que-los-festejos-tienen-que-seguir-siendo-populares\\\/\"]}]},{\"@type\":\"ImageObject\",\"inLanguage\":\"es\",\"@id\":\"https:\\\/\\\/informelitoral.com.ar\\\/ramiro-munoz-consideramos-que-los-festejos-tienen-que-seguir-siendo-populares\\\/#primaryimage\",\"url\":\"https:\\\/\\\/lh3.googleusercontent.com\\\/drive-storage\\\/AJQWtBOtxbA4Q3aA1W7P13XDtU7J2yU8fJ_RfzlT8CuFOwBef-QClJvD9DVs8li--asG4NVfchrtK-bKgUqZaYHNOlbxrNfWmAUSUszE4moT4O776tI=w2048-h2048-p-k-nu\",\"contentUrl\":\"https:\\\/\\\/lh3.googleusercontent.com\\\/drive-storage\\\/AJQWtBOtxbA4Q3aA1W7P13XDtU7J2yU8fJ_RfzlT8CuFOwBef-QClJvD9DVs8li--asG4NVfchrtK-bKgUqZaYHNOlbxrNfWmAUSUszE4moT4O776tI=w2048-h2048-p-k-nu\",\"width\":\"2048\",\"height\":\"1365\"},{\"@type\":\"BreadcrumbList\",\"@id\":\"https:\\\/\\\/informelitoral.com.ar\\\/ramiro-munoz-consideramos-que-los-festejos-tienen-que-seguir-siendo-populares\\\/#breadcrumb\",\"itemListElement\":[{\"@type\":\"ListItem\",\"position\":1,\"name\":\"Portada\",\"item\":\"https:\\\/\\\/informelitoral.com.ar\\\/\"},{\"@type\":\"ListItem\",\"position\":2,\"name\":\"Ramiro Mu\u00f1oz: \u201cConsideramos que los festejos tienen que seguir siendo populares\u00bb\"}]},{\"@type\":\"WebSite\",\"@id\":\"https:\\\/\\\/informelitoral.com.ar\\\/#website\",\"url\":\"https:\\\/\\\/informelitoral.com.ar\\\/\",\"name\":\"Informe Litoral\",\"description\":\"&quot;Nos informamos&quot; \",\"publisher\":{\"@id\":\"https:\\\/\\\/informelitoral.com.ar\\\/#organization\"},\"potentialAction\":[{\"@type\":\"SearchAction\",\"target\":{\"@type\":\"EntryPoint\",\"urlTemplate\":\"https:\\\/\\\/informelitoral.com.ar\\\/?s={search_term_string}\"},\"query-input\":{\"@type\":\"PropertyValueSpecification\",\"valueRequired\":true,\"valueName\":\"search_term_string\"}}],\"inLanguage\":\"es\"},{\"@type\":\"Organization\",\"@id\":\"https:\\\/\\\/informelitoral.com.ar\\\/#organization\",\"name\":\"Informe Litoral\",\"url\":\"https:\\\/\\\/informelitoral.com.ar\\\/\",\"logo\":{\"@type\":\"ImageObject\",\"inLanguage\":\"es\",\"@id\":\"https:\\\/\\\/informelitoral.com.ar\\\/#\\\/schema\\\/logo\\\/image\\\/\",\"url\":\"https:\\\/\\\/informelitoral.com.ar\\\/%77%70%2d%63%6f%6e%74%65%6e%74\\\/uploads\\\/2021\\\/01\\\/circulo.png\",\"contentUrl\":\"https:\\\/\\\/informelitoral.com.ar\\\/%77%70%2d%63%6f%6e%74%65%6e%74\\\/uploads\\\/2021\\\/01\\\/circulo.png\",\"width\":723,\"height\":731,\"caption\":\"Informe Litoral\"},\"image\":{\"@id\":\"https:\\\/\\\/informelitoral.com.ar\\\/#\\\/schema\\\/logo\\\/image\\\/\"},\"sameAs\":[\"https:\\\/\\\/www.facebook.com\\\/informelitoral\\\/\",\"https:\\\/\\\/x.com\\\/InformeLitoral\",\"https:\\\/\\\/www.instagram.com\\\/informelitoral\\\/\",\"https:\\\/\\\/www.youtube.com\\\/channel\\\/UCua4Qvz8Icb6MYqhoq9xLXw\"]},{\"@type\":\"Person\",\"@id\":\"https:\\\/\\\/informelitoral.com.ar\\\/#\\\/schema\\\/person\\\/b9d00407c836482871ef1d57bf8e3180\",\"name\":\"Gonzalo Schmidt\",\"image\":{\"@type\":\"ImageObject\",\"inLanguage\":\"es\",\"@id\":\"https:\\\/\\\/secure.gravatar.com\\\/avatar\\\/31a1a7b66ff2de83bd0e9fd79d026630d2d99e55e8bfe501287647b4fd9743de?s=96&d=mm&r=g\",\"url\":\"https:\\\/\\\/secure.gravatar.com\\\/avatar\\\/31a1a7b66ff2de83bd0e9fd79d026630d2d99e55e8bfe501287647b4fd9743de?s=96&d=mm&r=g\",\"contentUrl\":\"https:\\\/\\\/secure.gravatar.com\\\/avatar\\\/31a1a7b66ff2de83bd0e9fd79d026630d2d99e55e8bfe501287647b4fd9743de?s=96&d=mm&r=g\",\"caption\":\"Gonzalo Schmidt\"},\"description\":\"Sitio web de noticias de la provincia de Entre R\u00edos, Argentina. Informaci\u00f3n y entretenimiento. Informe Litoral, nos informamos.\",\"sameAs\":[\"http:\\\/\\\/www.isletasnoticias.com.ar\"],\"url\":\"https:\\\/\\\/informelitoral.com.ar\\\/author\\\/gonzalo\\\/\"}]}<\/script>","yoast_head_json":{"title":"Ramiro Mu\u00f1oz: \u201cConsideramos que los festejos tienen que seguir siendo populares\" - Informe Litoral","robots":{"index":"index","follow":"follow","max-snippet":"max-snippet:-1","max-image-preview":"max-image-preview:large","max-video-preview":"max-video-preview:-1"},"canonical":"https:\/\/informelitoral.com.ar\/ramiro-munoz-consideramos-que-los-festejos-tienen-que-seguir-siendo-populares\/","og_locale":"es_ES","og_type":"article","og_title":"Ramiro Mu\u00f1oz: \u201cConsideramos que los festejos tienen que seguir siendo populares\" - Informe Litoral","og_description":"El secretario de Gobierno, bioingeniero Ramiro Mu\u00f1oz, realiz\u00f3 un balance de los festejos por el 117\u00ba aniversario de Aranguren, que se llevaron a cabo el pasado 28 de junio en el Complejo Deportivo Municipal.","og_url":"https:\/\/informelitoral.com.ar\/ramiro-munoz-consideramos-que-los-festejos-tienen-que-seguir-siendo-populares\/","og_site_name":"Informe Litoral","article_publisher":"https:\/\/www.facebook.com\/informelitoral\/","article_published_time":"2025-07-09T10:29:15+00:00","og_image":[{"url":"https:\/\/lh3.googleusercontent.com\/drive-storage\/AJQWtBOtxbA4Q3aA1W7P13XDtU7J2yU8fJ_RfzlT8CuFOwBef-QClJvD9DVs8li--asG4NVfchrtK-bKgUqZaYHNOlbxrNfWmAUSUszE4moT4O776tI=w2048-h2048-p-k-nu","type":"","width":"","height":""},{"width":2048,"height":1365,"url":"https:\/\/lh3.googleusercontent.com\/drive-storage\/AJQWtBOtxbA4Q3aA1W7P13XDtU7J2yU8fJ_RfzlT8CuFOwBef-QClJvD9DVs8li--asG4NVfchrtK-bKgUqZaYHNOlbxrNfWmAUSUszE4moT4O776tI=w2048-h2048-p-k-nu","type":"image\/jpeg"}],"author":"Gonzalo Schmidt","twitter_card":"summary_large_image","twitter_image":"https:\/\/lh3.googleusercontent.com\/drive-storage\/AJQWtBOtxbA4Q3aA1W7P13XDtU7J2yU8fJ_RfzlT8CuFOwBef-QClJvD9DVs8li--asG4NVfchrtK-bKgUqZaYHNOlbxrNfWmAUSUszE4moT4O776tI=w2048-h2048-p-k-nu","twitter_creator":"@InformeLitoral","twitter_site":"@InformeLitoral","twitter_misc":{"Escrito por":"Gonzalo Schmidt","Tiempo de lectura":"3 minutos"},"schema":{"@context":"https:\/\/schema.org","@graph":[{"@type":"Article","@id":"https:\/\/informelitoral.com.ar\/ramiro-munoz-consideramos-que-los-festejos-tienen-que-seguir-siendo-populares\/#article","isPartOf":{"@id":"https:\/\/informelitoral.com.ar\/ramiro-munoz-consideramos-que-los-festejos-tienen-que-seguir-siendo-populares\/"},"author":{"name":"Gonzalo Schmidt","@id":"https:\/\/informelitoral.com.ar\/#\/schema\/person\/b9d00407c836482871ef1d57bf8e3180"},"headline":"Ramiro Mu\u00f1oz: \u201cConsideramos que los festejos tienen que seguir siendo populares\u00bb","datePublished":"2025-07-09T10:29:15+00:00","mainEntityOfPage":{"@id":"https:\/\/informelitoral.com.ar\/ramiro-munoz-consideramos-que-los-festejos-tienen-que-seguir-siendo-populares\/"},"wordCount":527,"commentCount":0,"publisher":{"@id":"https:\/\/informelitoral.com.ar\/#organization"},"image":{"@id":"https:\/\/informelitoral.com.ar\/ramiro-munoz-consideramos-que-los-festejos-tienen-que-seguir-siendo-populares\/#primaryimage"},"thumbnailUrl":"https:\/\/lh3.googleusercontent.com\/drive-storage\/AJQWtBOtxbA4Q3aA1W7P13XDtU7J2yU8fJ_RfzlT8CuFOwBef-QClJvD9DVs8li--asG4NVfchrtK-bKgUqZaYHNOlbxrNfWmAUSUszE4moT4O776tI=w2048-h2048-p-k-nu","keywords":["Aranguren","Festejo de aniversario"],"articleSection":["Departamento Nogoy\u00e1"],"inLanguage":"es","potentialAction":[{"@type":"CommentAction","name":"Comment","target":["https:\/\/informelitoral.com.ar\/ramiro-munoz-consideramos-que-los-festejos-tienen-que-seguir-siendo-populares\/#respond"]}]},{"@type":"WebPage","@id":"https:\/\/informelitoral.com.ar\/ramiro-munoz-consideramos-que-los-festejos-tienen-que-seguir-siendo-populares\/","url":"https:\/\/informelitoral.com.ar\/ramiro-munoz-consideramos-que-los-festejos-tienen-que-seguir-siendo-populares\/","name":"Ramiro Mu\u00f1oz: \u201cConsideramos que los festejos tienen que seguir siendo populares\" - Informe Litoral","isPartOf":{"@id":"https:\/\/informelitoral.com.ar\/#website"},"primaryImageOfPage":{"@id":"https:\/\/informelitoral.com.ar\/ramiro-munoz-consideramos-que-los-festejos-tienen-que-seguir-siendo-populares\/#primaryimage"},"image":{"@id":"https:\/\/informelitoral.com.ar\/ramiro-munoz-consideramos-que-los-festejos-tienen-que-seguir-siendo-populares\/#primaryimage"},"thumbnailUrl":"https:\/\/lh3.googleusercontent.com\/drive-storage\/AJQWtBOtxbA4Q3aA1W7P13XDtU7J2yU8fJ_RfzlT8CuFOwBef-QClJvD9DVs8li--asG4NVfchrtK-bKgUqZaYHNOlbxrNfWmAUSUszE4moT4O776tI=w2048-h2048-p-k-nu","datePublished":"2025-07-09T10:29:15+00:00","breadcrumb":{"@id":"https:\/\/informelitoral.com.ar\/ramiro-munoz-consideramos-que-los-festejos-tienen-que-seguir-siendo-populares\/#breadcrumb"},"inLanguage":"es","potentialAction":[{"@type":"ReadAction","target":["https:\/\/informelitoral.com.ar\/ramiro-munoz-consideramos-que-los-festejos-tienen-que-seguir-siendo-populares\/"]}]},{"@type":"ImageObject","inLanguage":"es","@id":"https:\/\/informelitoral.com.ar\/ramiro-munoz-consideramos-que-los-festejos-tienen-que-seguir-siendo-populares\/#primaryimage","url":"https:\/\/lh3.googleusercontent.com\/drive-storage\/AJQWtBOtxbA4Q3aA1W7P13XDtU7J2yU8fJ_RfzlT8CuFOwBef-QClJvD9DVs8li--asG4NVfchrtK-bKgUqZaYHNOlbxrNfWmAUSUszE4moT4O776tI=w2048-h2048-p-k-nu","contentUrl":"https:\/\/lh3.googleusercontent.com\/drive-storage\/AJQWtBOtxbA4Q3aA1W7P13XDtU7J2yU8fJ_RfzlT8CuFOwBef-QClJvD9DVs8li--asG4NVfchrtK-bKgUqZaYHNOlbxrNfWmAUSUszE4moT4O776tI=w2048-h2048-p-k-nu","width":"2048","height":"1365"},{"@type":"BreadcrumbList","@id":"https:\/\/informelitoral.com.ar\/ramiro-munoz-consideramos-que-los-festejos-tienen-que-seguir-siendo-populares\/#breadcrumb","itemListElement":[{"@type":"ListItem","position":1,"name":"Portada","item":"https:\/\/informelitoral.com.ar\/"},{"@type":"ListItem","position":2,"name":"Ramiro Mu\u00f1oz: \u201cConsideramos que los festejos tienen que seguir siendo populares\u00bb"}]},{"@type":"WebSite","@id":"https:\/\/informelitoral.com.ar\/#website","url":"https:\/\/informelitoral.com.ar\/","name":"Informe Litoral","description":"&quot;Nos informamos&quot; ","publisher":{"@id":"https:\/\/informelitoral.com.ar\/#organization"},"potentialAction":[{"@type":"SearchAction","target":{"@type":"EntryPoint","urlTemplate":"https:\/\/informelitoral.com.ar\/?s={search_term_string}"},"query-input":{"@type":"PropertyValueSpecification","valueRequired":true,"valueName":"search_term_string"}}],"inLanguage":"es"},{"@type":"Organization","@id":"https:\/\/informelitoral.com.ar\/#organization","name":"Informe Litoral","url":"https:\/\/informelitoral.com.ar\/","logo":{"@type":"ImageObject","inLanguage":"es","@id":"https:\/\/informelitoral.com.ar\/#\/schema\/logo\/image\/","url":"https:\/\/informelitoral.com.ar\/%77%70%2d%63%6f%6e%74%65%6e%74\/uploads\/2021\/01\/circulo.png","contentUrl":"https:\/\/informelitoral.com.ar\/%77%70%2d%63%6f%6e%74%65%6e%74\/uploads\/2021\/01\/circulo.png","width":723,"height":731,"caption":"Informe Litoral"},"image":{"@id":"https:\/\/informelitoral.com.ar\/#\/schema\/logo\/image\/"},"sameAs":["https:\/\/www.facebook.com\/informelitoral\/","https:\/\/x.com\/InformeLitoral","https:\/\/www.instagram.com\/informelitoral\/","https:\/\/www.youtube.com\/channel\/UCua4Qvz8Icb6MYqhoq9xLXw"]},{"@type":"Person","@id":"https:\/\/informelitoral.com.ar\/#\/schema\/person\/b9d00407c836482871ef1d57bf8e3180","name":"Gonzalo Schmidt","image":{"@type":"ImageObject","inLanguage":"es","@id":"https:\/\/secure.gravatar.com\/avatar\/31a1a7b66ff2de83bd0e9fd79d026630d2d99e55e8bfe501287647b4fd9743de?s=96&d=mm&r=g","url":"https:\/\/secure.gravatar.com\/avatar\/31a1a7b66ff2de83bd0e9fd79d026630d2d99e55e8bfe501287647b4fd9743de?s=96&d=mm&r=g","contentUrl":"https:\/\/secure.gravatar.com\/avatar\/31a1a7b66ff2de83bd0e9fd79d026630d2d99e55e8bfe501287647b4fd9743de?s=96&d=mm&r=g","caption":"Gonzalo Schmidt"},"description":"Sitio web de noticias de la provincia de Entre R\u00edos, Argentina. Informaci\u00f3n y entretenimiento. Informe Litoral, nos informamos.","sameAs":["http:\/\/www.isletasnoticias.com.ar"],"url":"https:\/\/informelitoral.com.ar\/author\/gonzalo\/"}]}},"fifu_image_url":"https:\/\/lh3.googleusercontent.com\/drive-storage\/AJQWtBOtxbA4Q3aA1W7P13XDtU7J2yU8fJ_RfzlT8CuFOwBef-QClJvD9DVs8li--asG4NVfchrtK-bKgUqZaYHNOlbxrNfWmAUSUszE4moT4O776tI=w2048-h2048-p-k-nu","_links":{"self":[{"href":"https:\/\/informelitoral.com.ar\/%77%70%2d%6a%73%6f%6e\/wp\/v2\/posts\/226590","targetHints":{"allow":["GET"]}}],"collection":[{"href":"https:\/\/informelitoral.com.ar\/%77%70%2d%6a%73%6f%6e\/wp\/v2\/posts"}],"about":[{"href":"https:\/\/informelitoral.com.ar\/%77%70%2d%6a%73%6f%6e\/wp\/v2\/types\/post"}],"author":[{"embeddable":true,"href":"https:\/\/informelitoral.com.ar\/%77%70%2d%6a%73%6f%6e\/wp\/v2\/users\/2"}],"replies":[{"embeddable":true,"href":"https:\/\/informelitoral.com.ar\/%77%70%2d%6a%73%6f%6e\/wp\/v2\/comments?post=226590"}],"version-history":[{"count":1,"href":"https:\/\/informelitoral.com.ar\/%77%70%2d%6a%73%6f%6e\/wp\/v2\/posts\/226590\/revisions"}],"predecessor-version":[{"id":226592,"href":"https:\/\/informelitoral.com.ar\/%77%70%2d%6a%73%6f%6e\/wp\/v2\/posts\/226590\/revisions\/226592"}],"wp:featuredmedia":[{"embeddable":true,"href":"https:\/\/informelitoral.com.ar\/%77%70%2d%6a%73%6f%6e\/wp\/v2\/media\/226591"}],"wp:attachment":[{"href":"https:\/\/informelitoral.com.ar\/%77%70%2d%6a%73%6f%6e\/wp\/v2\/media?parent=226590"}],"wp:term":[{"taxonomy":"category","embeddable":true,"href":"https:\/\/informelitoral.com.ar\/%77%70%2d%6a%73%6f%6e\/wp\/v2\/categories?post=226590"},{"taxonomy":"post_tag","embeddable":true,"href":"https:\/\/informelitoral.com.ar\/%77%70%2d%6a%73%6f%6e\/wp\/v2\/tags?post=226590"}],"curies":[{"name":"wp","href":"https:\/\/api.w.org\/{rel}","templated":true}]}}