{"id":226588,"date":"2025-07-09T07:10:14","date_gmt":"2025-07-09T10:10:14","guid":{"rendered":"https:\/\/informelitoral.com.ar\/?p=226588"},"modified":"2025-07-09T07:10:14","modified_gmt":"2025-07-09T10:10:14","slug":"matias-martiarena-el-gobierno-nacional-cometio-un-grave-error-al-quitarle-la-autarquia-al-inta","status":"publish","type":"post","link":"https:\/\/informelitoral.com.ar\/matias-martiarena-el-gobierno-nacional-cometio-un-grave-error-al-quitarle-la-autarquia-al-inta\/","title":{"rendered":"Mat\u00edas Martiarena: \u201cEl Gobierno nacional cometi\u00f3 un grave error al quitarle la autarqu\u00eda al INTA\u201d"},"content":{"rendered":"<p>\u201cCon esta resoluci\u00f3n, el INTA pierde su autarqu\u00eda, en una medida que finalmente se concret\u00f3 y que desde nuestra entidad venimos denunciando desde hace tiempo\u201d, afirm\u00f3 Martiarena. Y agreg\u00f3: \u201cEs un error enorme.<strong> De ahora en adelante, cualquier desarrollo o investigaci\u00f3n deber\u00e1 pedir permiso al Ministerio de Econom\u00eda, lo que ralentiza todo el proceso cient\u00edfico y t\u00e9cnico\u201d.<\/strong><\/p>\n<p>El dirigente destac\u00f3 el valor del organismo al enumerar algunos de sus <strong>aportes concretos en la regi\u00f3n:<\/strong> \u201c<strong>En la Estaci\u00f3n Experimental de Concepci\u00f3n del Uruguay tenemos un laboratorio de avanzada en avicultura,<\/strong> con tecnolog\u00eda de primer nivel. <strong>En la Experimental de Concordia funciona un banco de germoplasma del citrus entrerriano<\/strong>, donde se resguardan las plantas que garantizar\u00e1n la producci\u00f3n de las pr\u00f3ximas d\u00e9cadas. Todo esto ahora depender\u00e1 del esfuerzo del productor para sostenerse\u201d.<\/p>\n<p>Tambi\u00e9n hizo menci\u00f3n a otras \u00e1reas: \u201cNo podemos dejar de destacar los<strong> avances en ganader\u00eda y el desarrollo de radares de \u00faltima generaci\u00f3n en Paran\u00e1.<\/strong> El INTA ha proporcionado muchas herramientas fundamentales al productor sin delimitar escalas, beneficiando al campo y sus diferentes producciones\u201d.<\/p>\n<p>En cuanto a la decisi\u00f3n oficial, Martiarena remarc\u00f3: \u201cNada justifica este desguace basado en supuestas cuestiones administrativas. Desde Federaci\u00f3n Agraria hemos encabezado este reclamo. Lamentablemente, como se\u00f1al\u00f3 nuestra presidenta Andrea Sarnari, no supieron o no quisieron escucharnos, y el Instituto termina en esta situaci\u00f3n. Est\u00e1 claro que todo ser\u00e1 mucho m\u00e1s complejo a partir de ahora, van a tener que rearmar todos los presupuestos, algo que llevar\u00e1 su tiempo, teniendo en cuenta la burocracia reinante\u201d.<\/p>\n<p>Finalmente, sobre el <strong>cierre del INASE,<\/strong> advirti\u00f3 que la situaci\u00f3n traer\u00e1 consecuencias: \u201cEsto va a generar una complicaci\u00f3n adicional en lo relacionado con la propiedad intelectual, ya que no habr\u00e1 quien regule esos temas. Sabemos que hay muchas presiones de mercados extranjeros y, sin un organismo estatal que act\u00fae como contrapeso, estas din\u00e1micas de mercado pueden resultar muy da\u00f1inas para los productores. Sin dudas, representar\u00e1 una gran p\u00e9rdida para el sector\u201d.<\/p>\n<h6><em><strong>Del archivo:\u00a0<a href=\"https:\/\/informelitoral.com.ar\/matias-martiarena-tener-garrapatas-no-es-un-delito-si-un-gran-problema-que-hay-que-denunciar\/\" target=\"_blank\" rel=\"noopener\">Mat\u00edas Martiarena: \u201cTener garrapatas no es un delito, s\u00ed un gran problema que hay que denunciar\u201d<\/a><\/strong><\/em><\/h6>\n","protected":false},"excerpt":{"rendered":"<p>El director del Distrito III de Federaci\u00f3n Agraria Argentina, Mat\u00edas Martiarena, se refiri\u00f3 a los recientes anuncios del Gobierno nacional, al considerar como \u201cun grave error\u201d la decisi\u00f3n de quitarle la autarqu\u00eda al Instituto Nacional de Tecnolog\u00eda Agropecuaria (INTA). Adem\u00e1s, expres\u00f3 su preocupaci\u00f3n por la disoluci\u00f3n del Instituto Nacional de Semillas (INASE).<\/p>\n","protected":false},"author":2,"featured_media":73151,"comment_status":"open","ping_status":"open","sticky":false,"template":"","format":"standard","meta":{"fifu_image_url":"","fifu_image_alt":"","footnotes":""},"categories":[10],"tags":[3507,271,4289,160,3822],"class_list":{"0":"post-226588","1":"post","2":"type-post","3":"status-publish","4":"format-standard","5":"has-post-thumbnail","7":"category-campo","8":"tag-faa","9":"tag-federacion-agraria","10":"tag-federacion-agraria-de-entre-rios","11":"tag-inta","12":"tag-matias-martiarena"},"yoast_head":"<title>Mat\u00edas Martiarena: \u201cEl Gobierno nacional cometi\u00f3 un grave error al quitarle la autarqu\u00eda al INTA\u201d - Informe Litoral<\/title>\n<meta name=\"robots\" content=\"index, follow, max-snippet:-1, max-image-preview:large, max-video-preview:-1\" \/>\n<link rel=\"canonical\" href=\"https:\/\/informelitoral.com.ar\/matias-martiarena-el-gobierno-nacional-cometio-un-grave-error-al-quitarle-la-autarquia-al-inta\/\" \/>\n<meta property=\"og:locale\" content=\"es_ES\" \/>\n<meta property=\"og:type\" content=\"article\" \/>\n<meta property=\"og:title\" content=\"Mat\u00edas Martiarena: \u201cEl Gobierno nacional cometi\u00f3 un grave error al quitarle la autarqu\u00eda al INTA\u201d - Informe Litoral\" \/>\n<meta property=\"og:description\" content=\"El director del Distrito III de Federaci\u00f3n Agraria Argentina, Mat\u00edas Martiarena, se refiri\u00f3 a los recientes anuncios del Gobierno nacional, al considerar como \u201cun grave error\u201d la decisi\u00f3n de quitarle la autarqu\u00eda al Instituto Nacional de Tecnolog\u00eda Agropecuaria (INTA). Adem\u00e1s, expres\u00f3 su preocupaci\u00f3n por la disoluci\u00f3n del Instituto Nacional de Semillas (INASE).\" \/>\n<meta property=\"og:url\" content=\"https:\/\/informelitoral.com.ar\/matias-martiarena-el-gobierno-nacional-cometio-un-grave-error-al-quitarle-la-autarquia-al-inta\/\" \/>\n<meta property=\"og:site_name\" content=\"Informe Litoral\" \/>\n<meta property=\"article:publisher\" content=\"https:\/\/www.facebook.com\/informelitoral\/\" \/>\n<meta property=\"article:published_time\" content=\"2025-07-09T10:10:14+00:00\" \/>\n<meta property=\"og:image\" content=\"https:\/\/informelitoral.com.ar\/%77%70%2d%63%6f%6e%74%65%6e%74\/uploads\/2022\/03\/inta-infocampo.jpg\" \/>\n\t<meta property=\"og:image:width\" content=\"1000\" \/>\n\t<meta property=\"og:image:height\" content=\"570\" \/>\n\t<meta property=\"og:image:type\" content=\"image\/jpeg\" \/>\n<meta name=\"author\" content=\"Gonzalo Schmidt\" \/>\n<meta name=\"twitter:card\" content=\"summary_large_image\" \/>\n<meta name=\"twitter:creator\" content=\"@InformeLitoral\" \/>\n<meta name=\"twitter:site\" content=\"@InformeLitoral\" \/>\n<meta name=\"twitter:label1\" content=\"Escrito por\" \/>\n\t<meta name=\"twitter:data1\" content=\"Gonzalo Schmidt\" \/>\n\t<meta name=\"twitter:label2\" content=\"Tiempo de lectura\" \/>\n\t<meta name=\"twitter:data2\" content=\"2 minutos\" \/>\n<script type=\"application\/ld+json\" class=\"yoast-schema-graph\">{\"@context\":\"https:\\\/\\\/schema.org\",\"@graph\":[{\"@type\":\"Article\",\"@id\":\"https:\\\/\\\/informelitoral.com.ar\\\/matias-martiarena-el-gobierno-nacional-cometio-un-grave-error-al-quitarle-la-autarquia-al-inta\\\/#article\",\"isPartOf\":{\"@id\":\"https:\\\/\\\/informelitoral.com.ar\\\/matias-martiarena-el-gobierno-nacional-cometio-un-grave-error-al-quitarle-la-autarquia-al-inta\\\/\"},\"author\":{\"name\":\"Gonzalo Schmidt\",\"@id\":\"https:\\\/\\\/informelitoral.com.ar\\\/#\\\/schema\\\/person\\\/b9d00407c836482871ef1d57bf8e3180\"},\"headline\":\"Mat\u00edas Martiarena: \u201cEl Gobierno nacional cometi\u00f3 un grave error al quitarle la autarqu\u00eda al INTA\u201d\",\"datePublished\":\"2025-07-09T10:10:14+00:00\",\"mainEntityOfPage\":{\"@id\":\"https:\\\/\\\/informelitoral.com.ar\\\/matias-martiarena-el-gobierno-nacional-cometio-un-grave-error-al-quitarle-la-autarquia-al-inta\\\/\"},\"wordCount\":385,\"commentCount\":0,\"publisher\":{\"@id\":\"https:\\\/\\\/informelitoral.com.ar\\\/#organization\"},\"image\":{\"@id\":\"https:\\\/\\\/informelitoral.com.ar\\\/matias-martiarena-el-gobierno-nacional-cometio-un-grave-error-al-quitarle-la-autarquia-al-inta\\\/#primaryimage\"},\"thumbnailUrl\":\"https:\\\/\\\/informelitoral.com.ar\\\/%77%70%2d%63%6f%6e%74%65%6e%74\\\/uploads\\\/2022\\\/03\\\/inta-infocampo.jpg\",\"keywords\":[\"FAA\",\"Federaci\u00f3n Agraria\",\"Federaci\u00f3n Agraria de Entre R\u00edos\",\"INTA\",\"Mat\u00edas Martiarena\"],\"articleSection\":[\"Campo\"],\"inLanguage\":\"es\",\"potentialAction\":[{\"@type\":\"CommentAction\",\"name\":\"Comment\",\"target\":[\"https:\\\/\\\/informelitoral.com.ar\\\/matias-martiarena-el-gobierno-nacional-cometio-un-grave-error-al-quitarle-la-autarquia-al-inta\\\/#respond\"]}]},{\"@type\":\"WebPage\",\"@id\":\"https:\\\/\\\/informelitoral.com.ar\\\/matias-martiarena-el-gobierno-nacional-cometio-un-grave-error-al-quitarle-la-autarquia-al-inta\\\/\",\"url\":\"https:\\\/\\\/informelitoral.com.ar\\\/matias-martiarena-el-gobierno-nacional-cometio-un-grave-error-al-quitarle-la-autarquia-al-inta\\\/\",\"name\":\"Mat\u00edas Martiarena: \u201cEl Gobierno nacional cometi\u00f3 un grave error al quitarle la autarqu\u00eda al INTA\u201d - Informe Litoral\",\"isPartOf\":{\"@id\":\"https:\\\/\\\/informelitoral.com.ar\\\/#website\"},\"primaryImageOfPage\":{\"@id\":\"https:\\\/\\\/informelitoral.com.ar\\\/matias-martiarena-el-gobierno-nacional-cometio-un-grave-error-al-quitarle-la-autarquia-al-inta\\\/#primaryimage\"},\"image\":{\"@id\":\"https:\\\/\\\/informelitoral.com.ar\\\/matias-martiarena-el-gobierno-nacional-cometio-un-grave-error-al-quitarle-la-autarquia-al-inta\\\/#primaryimage\"},\"thumbnailUrl\":\"https:\\\/\\\/informelitoral.com.ar\\\/%77%70%2d%63%6f%6e%74%65%6e%74\\\/uploads\\\/2022\\\/03\\\/inta-infocampo.jpg\",\"datePublished\":\"2025-07-09T10:10:14+00:00\",\"breadcrumb\":{\"@id\":\"https:\\\/\\\/informelitoral.com.ar\\\/matias-martiarena-el-gobierno-nacional-cometio-un-grave-error-al-quitarle-la-autarquia-al-inta\\\/#breadcrumb\"},\"inLanguage\":\"es\",\"potentialAction\":[{\"@type\":\"ReadAction\",\"target\":[\"https:\\\/\\\/informelitoral.com.ar\\\/matias-martiarena-el-gobierno-nacional-cometio-un-grave-error-al-quitarle-la-autarquia-al-inta\\\/\"]}]},{\"@type\":\"ImageObject\",\"inLanguage\":\"es\",\"@id\":\"https:\\\/\\\/informelitoral.com.ar\\\/matias-martiarena-el-gobierno-nacional-cometio-un-grave-error-al-quitarle-la-autarquia-al-inta\\\/#primaryimage\",\"url\":\"https:\\\/\\\/informelitoral.com.ar\\\/%77%70%2d%63%6f%6e%74%65%6e%74\\\/uploads\\\/2022\\\/03\\\/inta-infocampo.jpg\",\"contentUrl\":\"https:\\\/\\\/informelitoral.com.ar\\\/%77%70%2d%63%6f%6e%74%65%6e%74\\\/uploads\\\/2022\\\/03\\\/inta-infocampo.jpg\",\"width\":1000,\"height\":570},{\"@type\":\"BreadcrumbList\",\"@id\":\"https:\\\/\\\/informelitoral.com.ar\\\/matias-martiarena-el-gobierno-nacional-cometio-un-grave-error-al-quitarle-la-autarquia-al-inta\\\/#breadcrumb\",\"itemListElement\":[{\"@type\":\"ListItem\",\"position\":1,\"name\":\"Portada\",\"item\":\"https:\\\/\\\/informelitoral.com.ar\\\/\"},{\"@type\":\"ListItem\",\"position\":2,\"name\":\"Mat\u00edas Martiarena: \u201cEl Gobierno nacional cometi\u00f3 un grave error al quitarle la autarqu\u00eda al INTA\u201d\"}]},{\"@type\":\"WebSite\",\"@id\":\"https:\\\/\\\/informelitoral.com.ar\\\/#website\",\"url\":\"https:\\\/\\\/informelitoral.com.ar\\\/\",\"name\":\"Informe Litoral\",\"description\":\"&quot;Nos informamos&quot; \",\"publisher\":{\"@id\":\"https:\\\/\\\/informelitoral.com.ar\\\/#organization\"},\"potentialAction\":[{\"@type\":\"SearchAction\",\"target\":{\"@type\":\"EntryPoint\",\"urlTemplate\":\"https:\\\/\\\/informelitoral.com.ar\\\/?s={search_term_string}\"},\"query-input\":{\"@type\":\"PropertyValueSpecification\",\"valueRequired\":true,\"valueName\":\"search_term_string\"}}],\"inLanguage\":\"es\"},{\"@type\":\"Organization\",\"@id\":\"https:\\\/\\\/informelitoral.com.ar\\\/#organization\",\"name\":\"Informe Litoral\",\"url\":\"https:\\\/\\\/informelitoral.com.ar\\\/\",\"logo\":{\"@type\":\"ImageObject\",\"inLanguage\":\"es\",\"@id\":\"https:\\\/\\\/informelitoral.com.ar\\\/#\\\/schema\\\/logo\\\/image\\\/\",\"url\":\"https:\\\/\\\/informelitoral.com.ar\\\/%77%70%2d%63%6f%6e%74%65%6e%74\\\/uploads\\\/2021\\\/01\\\/circulo.png\",\"contentUrl\":\"https:\\\/\\\/informelitoral.com.ar\\\/%77%70%2d%63%6f%6e%74%65%6e%74\\\/uploads\\\/2021\\\/01\\\/circulo.png\",\"width\":723,\"height\":731,\"caption\":\"Informe Litoral\"},\"image\":{\"@id\":\"https:\\\/\\\/informelitoral.com.ar\\\/#\\\/schema\\\/logo\\\/image\\\/\"},\"sameAs\":[\"https:\\\/\\\/www.facebook.com\\\/informelitoral\\\/\",\"https:\\\/\\\/x.com\\\/InformeLitoral\",\"https:\\\/\\\/www.instagram.com\\\/informelitoral\\\/\",\"https:\\\/\\\/www.youtube.com\\\/channel\\\/UCua4Qvz8Icb6MYqhoq9xLXw\"]},{\"@type\":\"Person\",\"@id\":\"https:\\\/\\\/informelitoral.com.ar\\\/#\\\/schema\\\/person\\\/b9d00407c836482871ef1d57bf8e3180\",\"name\":\"Gonzalo Schmidt\",\"image\":{\"@type\":\"ImageObject\",\"inLanguage\":\"es\",\"@id\":\"https:\\\/\\\/secure.gravatar.com\\\/avatar\\\/31a1a7b66ff2de83bd0e9fd79d026630d2d99e55e8bfe501287647b4fd9743de?s=96&d=mm&r=g\",\"url\":\"https:\\\/\\\/secure.gravatar.com\\\/avatar\\\/31a1a7b66ff2de83bd0e9fd79d026630d2d99e55e8bfe501287647b4fd9743de?s=96&d=mm&r=g\",\"contentUrl\":\"https:\\\/\\\/secure.gravatar.com\\\/avatar\\\/31a1a7b66ff2de83bd0e9fd79d026630d2d99e55e8bfe501287647b4fd9743de?s=96&d=mm&r=g\",\"caption\":\"Gonzalo Schmidt\"},\"description\":\"Sitio web de noticias de la provincia de Entre R\u00edos, Argentina. Informaci\u00f3n y entretenimiento. Informe Litoral, nos informamos.\",\"sameAs\":[\"http:\\\/\\\/www.isletasnoticias.com.ar\"],\"url\":\"https:\\\/\\\/informelitoral.com.ar\\\/author\\\/gonzalo\\\/\"}]}<\/script>","yoast_head_json":{"title":"Mat\u00edas Martiarena: \u201cEl Gobierno nacional cometi\u00f3 un grave error al quitarle la autarqu\u00eda al INTA\u201d - Informe Litoral","robots":{"index":"index","follow":"follow","max-snippet":"max-snippet:-1","max-image-preview":"max-image-preview:large","max-video-preview":"max-video-preview:-1"},"canonical":"https:\/\/informelitoral.com.ar\/matias-martiarena-el-gobierno-nacional-cometio-un-grave-error-al-quitarle-la-autarquia-al-inta\/","og_locale":"es_ES","og_type":"article","og_title":"Mat\u00edas Martiarena: \u201cEl Gobierno nacional cometi\u00f3 un grave error al quitarle la autarqu\u00eda al INTA\u201d - Informe Litoral","og_description":"El director del Distrito III de Federaci\u00f3n Agraria Argentina, Mat\u00edas Martiarena, se refiri\u00f3 a los recientes anuncios del Gobierno nacional, al considerar como \u201cun grave error\u201d la decisi\u00f3n de quitarle la autarqu\u00eda al Instituto Nacional de Tecnolog\u00eda Agropecuaria (INTA). Adem\u00e1s, expres\u00f3 su preocupaci\u00f3n por la disoluci\u00f3n del Instituto Nacional de Semillas (INASE).","og_url":"https:\/\/informelitoral.com.ar\/matias-martiarena-el-gobierno-nacional-cometio-un-grave-error-al-quitarle-la-autarquia-al-inta\/","og_site_name":"Informe Litoral","article_publisher":"https:\/\/www.facebook.com\/informelitoral\/","article_published_time":"2025-07-09T10:10:14+00:00","og_image":[{"width":1000,"height":570,"url":"https:\/\/informelitoral.com.ar\/%77%70%2d%63%6f%6e%74%65%6e%74\/uploads\/2022\/03\/inta-infocampo.jpg","type":"image\/jpeg"}],"author":"Gonzalo Schmidt","twitter_card":"summary_large_image","twitter_creator":"@InformeLitoral","twitter_site":"@InformeLitoral","twitter_misc":{"Escrito por":"Gonzalo Schmidt","Tiempo de lectura":"2 minutos"},"schema":{"@context":"https:\/\/schema.org","@graph":[{"@type":"Article","@id":"https:\/\/informelitoral.com.ar\/matias-martiarena-el-gobierno-nacional-cometio-un-grave-error-al-quitarle-la-autarquia-al-inta\/#article","isPartOf":{"@id":"https:\/\/informelitoral.com.ar\/matias-martiarena-el-gobierno-nacional-cometio-un-grave-error-al-quitarle-la-autarquia-al-inta\/"},"author":{"name":"Gonzalo Schmidt","@id":"https:\/\/informelitoral.com.ar\/#\/schema\/person\/b9d00407c836482871ef1d57bf8e3180"},"headline":"Mat\u00edas Martiarena: \u201cEl Gobierno nacional cometi\u00f3 un grave error al quitarle la autarqu\u00eda al INTA\u201d","datePublished":"2025-07-09T10:10:14+00:00","mainEntityOfPage":{"@id":"https:\/\/informelitoral.com.ar\/matias-martiarena-el-gobierno-nacional-cometio-un-grave-error-al-quitarle-la-autarquia-al-inta\/"},"wordCount":385,"commentCount":0,"publisher":{"@id":"https:\/\/informelitoral.com.ar\/#organization"},"image":{"@id":"https:\/\/informelitoral.com.ar\/matias-martiarena-el-gobierno-nacional-cometio-un-grave-error-al-quitarle-la-autarquia-al-inta\/#primaryimage"},"thumbnailUrl":"https:\/\/informelitoral.com.ar\/%77%70%2d%63%6f%6e%74%65%6e%74\/uploads\/2022\/03\/inta-infocampo.jpg","keywords":["FAA","Federaci\u00f3n Agraria","Federaci\u00f3n Agraria de Entre R\u00edos","INTA","Mat\u00edas Martiarena"],"articleSection":["Campo"],"inLanguage":"es","potentialAction":[{"@type":"CommentAction","name":"Comment","target":["https:\/\/informelitoral.com.ar\/matias-martiarena-el-gobierno-nacional-cometio-un-grave-error-al-quitarle-la-autarquia-al-inta\/#respond"]}]},{"@type":"WebPage","@id":"https:\/\/informelitoral.com.ar\/matias-martiarena-el-gobierno-nacional-cometio-un-grave-error-al-quitarle-la-autarquia-al-inta\/","url":"https:\/\/informelitoral.com.ar\/matias-martiarena-el-gobierno-nacional-cometio-un-grave-error-al-quitarle-la-autarquia-al-inta\/","name":"Mat\u00edas Martiarena: \u201cEl Gobierno nacional cometi\u00f3 un grave error al quitarle la autarqu\u00eda al INTA\u201d - Informe Litoral","isPartOf":{"@id":"https:\/\/informelitoral.com.ar\/#website"},"primaryImageOfPage":{"@id":"https:\/\/informelitoral.com.ar\/matias-martiarena-el-gobierno-nacional-cometio-un-grave-error-al-quitarle-la-autarquia-al-inta\/#primaryimage"},"image":{"@id":"https:\/\/informelitoral.com.ar\/matias-martiarena-el-gobierno-nacional-cometio-un-grave-error-al-quitarle-la-autarquia-al-inta\/#primaryimage"},"thumbnailUrl":"https:\/\/informelitoral.com.ar\/%77%70%2d%63%6f%6e%74%65%6e%74\/uploads\/2022\/03\/inta-infocampo.jpg","datePublished":"2025-07-09T10:10:14+00:00","breadcrumb":{"@id":"https:\/\/informelitoral.com.ar\/matias-martiarena-el-gobierno-nacional-cometio-un-grave-error-al-quitarle-la-autarquia-al-inta\/#breadcrumb"},"inLanguage":"es","potentialAction":[{"@type":"ReadAction","target":["https:\/\/informelitoral.com.ar\/matias-martiarena-el-gobierno-nacional-cometio-un-grave-error-al-quitarle-la-autarquia-al-inta\/"]}]},{"@type":"ImageObject","inLanguage":"es","@id":"https:\/\/informelitoral.com.ar\/matias-martiarena-el-gobierno-nacional-cometio-un-grave-error-al-quitarle-la-autarquia-al-inta\/#primaryimage","url":"https:\/\/informelitoral.com.ar\/%77%70%2d%63%6f%6e%74%65%6e%74\/uploads\/2022\/03\/inta-infocampo.jpg","contentUrl":"https:\/\/informelitoral.com.ar\/%77%70%2d%63%6f%6e%74%65%6e%74\/uploads\/2022\/03\/inta-infocampo.jpg","width":1000,"height":570},{"@type":"BreadcrumbList","@id":"https:\/\/informelitoral.com.ar\/matias-martiarena-el-gobierno-nacional-cometio-un-grave-error-al-quitarle-la-autarquia-al-inta\/#breadcrumb","itemListElement":[{"@type":"ListItem","position":1,"name":"Portada","item":"https:\/\/informelitoral.com.ar\/"},{"@type":"ListItem","position":2,"name":"Mat\u00edas Martiarena: \u201cEl Gobierno nacional cometi\u00f3 un grave error al quitarle la autarqu\u00eda al INTA\u201d"}]},{"@type":"WebSite","@id":"https:\/\/informelitoral.com.ar\/#website","url":"https:\/\/informelitoral.com.ar\/","name":"Informe Litoral","description":"&quot;Nos informamos&quot; ","publisher":{"@id":"https:\/\/informelitoral.com.ar\/#organization"},"potentialAction":[{"@type":"SearchAction","target":{"@type":"EntryPoint","urlTemplate":"https:\/\/informelitoral.com.ar\/?s={search_term_string}"},"query-input":{"@type":"PropertyValueSpecification","valueRequired":true,"valueName":"search_term_string"}}],"inLanguage":"es"},{"@type":"Organization","@id":"https:\/\/informelitoral.com.ar\/#organization","name":"Informe Litoral","url":"https:\/\/informelitoral.com.ar\/","logo":{"@type":"ImageObject","inLanguage":"es","@id":"https:\/\/informelitoral.com.ar\/#\/schema\/logo\/image\/","url":"https:\/\/informelitoral.com.ar\/%77%70%2d%63%6f%6e%74%65%6e%74\/uploads\/2021\/01\/circulo.png","contentUrl":"https:\/\/informelitoral.com.ar\/%77%70%2d%63%6f%6e%74%65%6e%74\/uploads\/2021\/01\/circulo.png","width":723,"height":731,"caption":"Informe Litoral"},"image":{"@id":"https:\/\/informelitoral.com.ar\/#\/schema\/logo\/image\/"},"sameAs":["https:\/\/www.facebook.com\/informelitoral\/","https:\/\/x.com\/InformeLitoral","https:\/\/www.instagram.com\/informelitoral\/","https:\/\/www.youtube.com\/channel\/UCua4Qvz8Icb6MYqhoq9xLXw"]},{"@type":"Person","@id":"https:\/\/informelitoral.com.ar\/#\/schema\/person\/b9d00407c836482871ef1d57bf8e3180","name":"Gonzalo Schmidt","image":{"@type":"ImageObject","inLanguage":"es","@id":"https:\/\/secure.gravatar.com\/avatar\/31a1a7b66ff2de83bd0e9fd79d026630d2d99e55e8bfe501287647b4fd9743de?s=96&d=mm&r=g","url":"https:\/\/secure.gravatar.com\/avatar\/31a1a7b66ff2de83bd0e9fd79d026630d2d99e55e8bfe501287647b4fd9743de?s=96&d=mm&r=g","contentUrl":"https:\/\/secure.gravatar.com\/avatar\/31a1a7b66ff2de83bd0e9fd79d026630d2d99e55e8bfe501287647b4fd9743de?s=96&d=mm&r=g","caption":"Gonzalo Schmidt"},"description":"Sitio web de noticias de la provincia de Entre R\u00edos, Argentina. Informaci\u00f3n y entretenimiento. Informe Litoral, nos informamos.","sameAs":["http:\/\/www.isletasnoticias.com.ar"],"url":"https:\/\/informelitoral.com.ar\/author\/gonzalo\/"}]}},"_links":{"self":[{"href":"https:\/\/informelitoral.com.ar\/%77%70%2d%6a%73%6f%6e\/wp\/v2\/posts\/226588","targetHints":{"allow":["GET"]}}],"collection":[{"href":"https:\/\/informelitoral.com.ar\/%77%70%2d%6a%73%6f%6e\/wp\/v2\/posts"}],"about":[{"href":"https:\/\/informelitoral.com.ar\/%77%70%2d%6a%73%6f%6e\/wp\/v2\/types\/post"}],"author":[{"embeddable":true,"href":"https:\/\/informelitoral.com.ar\/%77%70%2d%6a%73%6f%6e\/wp\/v2\/users\/2"}],"replies":[{"embeddable":true,"href":"https:\/\/informelitoral.com.ar\/%77%70%2d%6a%73%6f%6e\/wp\/v2\/comments?post=226588"}],"version-history":[{"count":1,"href":"https:\/\/informelitoral.com.ar\/%77%70%2d%6a%73%6f%6e\/wp\/v2\/posts\/226588\/revisions"}],"predecessor-version":[{"id":226589,"href":"https:\/\/informelitoral.com.ar\/%77%70%2d%6a%73%6f%6e\/wp\/v2\/posts\/226588\/revisions\/226589"}],"wp:featuredmedia":[{"embeddable":true,"href":"https:\/\/informelitoral.com.ar\/%77%70%2d%6a%73%6f%6e\/wp\/v2\/media\/73151"}],"wp:attachment":[{"href":"https:\/\/informelitoral.com.ar\/%77%70%2d%6a%73%6f%6e\/wp\/v2\/media?parent=226588"}],"wp:term":[{"taxonomy":"category","embeddable":true,"href":"https:\/\/informelitoral.com.ar\/%77%70%2d%6a%73%6f%6e\/wp\/v2\/categories?post=226588"},{"taxonomy":"post_tag","embeddable":true,"href":"https:\/\/informelitoral.com.ar\/%77%70%2d%6a%73%6f%6e\/wp\/v2\/tags?post=226588"}],"curies":[{"name":"wp","href":"https:\/\/api.w.org\/{rel}","templated":true}]}}