{"id":226420,"date":"2025-07-08T09:11:19","date_gmt":"2025-07-08T12:11:19","guid":{"rendered":"https:\/\/informelitoral.com.ar\/?p=226420"},"modified":"2025-07-08T23:05:51","modified_gmt":"2025-07-09T02:05:51","slug":"becas-progresar-2025-continuan-los-pagos-de-julio-y-esta-abierta-la-inscripcion","status":"publish","type":"post","link":"https:\/\/informelitoral.com.ar\/becas-progresar-2025-continuan-los-pagos-de-julio-y-esta-abierta-la-inscripcion\/","title":{"rendered":"Becas Progresar 2025: contin\u00faan los pagos de julio y est\u00e1 abierta la inscripci\u00f3n"},"content":{"rendered":"<p>En julio de 2025 contin\u00faa el calendario de pagos de las Becas Progresar, una ayuda econ\u00f3mica mensual que otorga el Estado nacional a estudiantes de distintos niveles y modalidades educativas. El beneficio est\u00e1 destinado a acompa\u00f1ar las trayectorias escolares, terciarias y universitarias, y se otorga siempre que se cumplan los requisitos establecidos.<\/p>\n<div class=\"embed nota-relacionada\">\n<div class=\"inner-art\">\n<article class=\" en-bandera\">\n<header class=\"en-bandera__header\">\n<h2 class=\"en-bandera__h2 titulo-sub \"><strong>Asignaciones familiares y AUH con nuevos montos y rangos salariales: cu\u00e1ndo se pagan<\/strong><\/h2>\n<\/header>\n<\/article>\n<\/div>\n<\/div>\n<p>El programa est\u00e1 gestionado por el Ministerio de Capital Humano a trav\u00e9s de la Secretar\u00eda de Educaci\u00f3n, y contempla diferentes l\u00edneas seg\u00fan el tipo de formaci\u00f3n del beneficiario: Progresar Obligatorio, Progresar Superior, Progresar Enfermer\u00eda y Progresar Trabajo.<\/p>\n<h2><strong>\u00bfCu\u00e1nto se cobra en julio de 2025?<\/strong><\/h2>\n<p>Los montos de las Becas Progresar no sufrieron modificaciones respecto al mes anterior. De esta manera, los pagos establecidos son:<\/p>\n<p>\u2022 Progresar Enfermer\u00eda: $35.000 mensuales.<\/p>\n<p>\u2022 Resto de las l\u00edneas Progresar: $28.000 por mes. De ese total, se paga el 80% de forma mensual y el 20% restante al finalizar el ciclo lectivo, previa certificaci\u00f3n de alumno regular.<\/p>\n<p>El objetivo de estos valores es garantizar la continuidad educativa, especialmente en sectores de mayor vulnerabilidad socioecon\u00f3mica.<\/p>\n<h2><strong>Requisitos actualizados por categor\u00eda<\/strong><\/h2>\n<p>El periodo de inscripci\u00f3n a las Becas Progresar permanecer\u00e1 abierto hasta el 30 de noviembre de 2025, y puede realizarse a trav\u00e9s de la p\u00e1gina oficial del programa (www.argentina.gob.ar\/educacion\/progresar).<\/p>\n<p>Progresar Nivel Superior (terciario, t\u00e9cnico o universitario):<\/p>\n<p>\u2022 Tener entre 17 y 24 a\u00f1os (hasta 30 si ya se cursa una carrera; sin l\u00edmite de edad para Enfermer\u00eda).<\/p>\n<p>\u2022 Ser argentino nativo o naturalizado, o extranjero con residencia legal m\u00ednima de 5 a\u00f1os.<\/p>\n<p>\u2022 Haber completado el nivel secundario.<\/p>\n<p>\u2022 Asistir a instituciones p\u00fablicas reconocidas.<\/p>\n<p>\u2022 Tener ingresos personales o del grupo familiar menores a tres salarios m\u00ednimos.<\/p>\n<p>\u2022 Acreditar regularidad acad\u00e9mica, esquema de vacunaci\u00f3n completo y participaci\u00f3n en actividades complementarias.<\/p>\n<div class=\"embed nota-relacionada\">\n<div class=\"inner-art\">\n<article class=\" en-bandera\">\n<figure class=\"en-bandera__figure \"><a class=\"en-bandera__ancla-img link-img\" href=\"https:\/\/www.elonce.com\/economia\/paso-a-paso-como-calcular-el-monto-de-los-vouchers-educativos-en-julio-2025.htm\" aria-label=\"Paso a paso: c\u00f3mo calcular el monto de los Vouchers Educativos en julio 2025\"><picture><source srcset=\"https:\/\/elonce-media.elonce.com\/fotos\/2025\/05\/08\/m_1746702823_64407.webp\" media=\"(max-width:767px)\" \/><source srcset=\"https:\/\/elonce-media.elonce.com\/fotos\/2025\/05\/08\/m_1746702823_64407.webp\" media=\"(max-width:1023px)\" \/><source srcset=\"https:\/\/elonce-media.elonce.com\/fotos\/2025\/05\/08\/m_1746702823_64407.webp\" \/><img loading=\"lazy\" decoding=\"async\" src=\"https:\/\/elonce-media.elonce.com\/fotos\/2025\/05\/08\/m_1746702823_64407.webp\" alt=\"Paso a paso: c\u00f3mo calcular el monto de los Vouchers Educativos en julio 2025\" width=\"600\" height=\"400\" \/><\/picture><\/a><\/figure>\n<header class=\"en-bandera__header\">\n<h2 class=\"en-bandera__h2 titulo-sub \"><strong>Paso a paso: c\u00f3mo calcular el monto de los Vouchers Educativos en julio 2025<\/strong><\/h2>\n<\/header>\n<\/article>\n<\/div>\n<\/div>\n<p><u><b>Progresar Trabajo (formaci\u00f3n profesional):<\/b><\/u><\/p>\n<p>\u2022 Tener entre 18 y 24 a\u00f1os, ampliable hasta 40 en caso de personas desempleadas.<\/p>\n<p>\u2022 Tener residencia legal m\u00ednima de 2 a\u00f1os.<\/p>\n<p>\u2022 Ingresos personales inferiores a tres salarios m\u00ednimos.<\/p>\n<p>\u2022 Presentar DNI vigente.<\/p>\n<p><u><b>Progresar Obligatorio (nivel secundario):<\/b><\/u><\/p>\n<p>\u2022 Tener entre 16 y 24 a\u00f1os.<\/p>\n<p>\u2022 Ser argentino o extranjero con residencia legal de al menos 2 a\u00f1os.<\/p>\n<p>\u2022 Cumplir con los requisitos acad\u00e9micos y asistir regularmente a clases.<\/p>\n<p>\u2022 Tener esquema de vacunaci\u00f3n al d\u00eda.<\/p>\n<p>\u2022 Completar los talleres de orientaci\u00f3n vocacional\/laboral para percibir el 100% del beneficio.<\/p>\n<h2><strong>\u00bfC\u00f3mo saber si cobr\u00e1s este mes?<\/strong><\/h2>\n<p>Para consultar el estado del pago de las Becas Progresar durante julio de 2025, los beneficiarios pueden acceder a:<\/p>\n<p>\u2022 Mi ANSES: ingresando con CUIL y Clave de la Seguridad Social a la opci\u00f3n \u00abMis cobros\u00bb.<\/p>\n<p>\u2022 Mi Argentina: a trav\u00e9s de la aplicaci\u00f3n o el sitio web, utilizando los datos personales registrados.<\/p>\n<p>Adem\u00e1s, quienes tengan dudas sobre la adjudicaci\u00f3n o estado del tr\u00e1mite pueden consultar tambi\u00e9n en la l\u00ednea 130 o en las delegaciones de ANSES.<\/p>\n<p>Las Becas Progresar constituyen una herramienta clave para garantizar el acceso, permanencia y egreso de miles de j\u00f3venes del sistema educativo argentino.(<em>TN<\/em>)<\/p>\n","protected":false},"excerpt":{"rendered":"<p>Durante julio contin\u00faa el pago de las Becas Progresar, el beneficio econ\u00f3mico para j\u00f3venes que estudian. Conoc\u00e9 los montos vigentes este mes y los requisitos seg\u00fan cada l\u00ednea del programa.<\/p>\n","protected":false},"author":8,"featured_media":190521,"comment_status":"open","ping_status":"open","sticky":false,"template":"","format":"standard","meta":{"fifu_image_url":"","fifu_image_alt":"","footnotes":""},"categories":[1594],"tags":[2419,2581,1041],"class_list":{"0":"post-226420","1":"post","2":"type-post","3":"status-publish","4":"format-standard","5":"has-post-thumbnail","7":"category-economia","8":"tag-becas-progresar","9":"tag-inscripciones","10":"tag-pago"},"yoast_head":"<title>Becas Progresar 2025: contin\u00faan los pagos de julio y est\u00e1 abierta la inscripci\u00f3n - Informe Litoral<\/title>\n<meta name=\"robots\" content=\"index, follow, max-snippet:-1, max-image-preview:large, max-video-preview:-1\" \/>\n<link rel=\"canonical\" href=\"https:\/\/informelitoral.com.ar\/becas-progresar-2025-continuan-los-pagos-de-julio-y-esta-abierta-la-inscripcion\/\" \/>\n<meta property=\"og:locale\" content=\"es_ES\" \/>\n<meta property=\"og:type\" content=\"article\" \/>\n<meta property=\"og:title\" content=\"Becas Progresar 2025: contin\u00faan los pagos de julio y est\u00e1 abierta la inscripci\u00f3n - Informe Litoral\" \/>\n<meta property=\"og:description\" content=\"Durante julio contin\u00faa el pago de las Becas Progresar, el beneficio econ\u00f3mico para j\u00f3venes que estudian. Conoc\u00e9 los montos vigentes este mes y los requisitos seg\u00fan cada l\u00ednea del programa.\" \/>\n<meta property=\"og:url\" content=\"https:\/\/informelitoral.com.ar\/becas-progresar-2025-continuan-los-pagos-de-julio-y-esta-abierta-la-inscripcion\/\" \/>\n<meta property=\"og:site_name\" content=\"Informe Litoral\" \/>\n<meta property=\"article:publisher\" content=\"https:\/\/www.facebook.com\/informelitoral\/\" \/>\n<meta property=\"article:published_time\" content=\"2025-07-08T12:11:19+00:00\" \/>\n<meta property=\"article:modified_time\" content=\"2025-07-09T02:05:51+00:00\" \/>\n<meta property=\"og:image\" content=\"https:\/\/informelitoral.com.ar\/%77%70%2d%63%6f%6e%74%65%6e%74\/uploads\/2024\/07\/becas-progresarjpg.webp\" \/>\n\t<meta property=\"og:image:width\" content=\"540\" \/>\n\t<meta property=\"og:image:height\" content=\"405\" \/>\n\t<meta property=\"og:image:type\" content=\"image\/webp\" \/>\n<meta name=\"author\" content=\"Sebastian\" \/>\n<meta name=\"twitter:card\" content=\"summary_large_image\" \/>\n<meta name=\"twitter:creator\" content=\"@InformeLitoral\" \/>\n<meta name=\"twitter:site\" content=\"@InformeLitoral\" \/>\n<meta name=\"twitter:label1\" content=\"Escrito por\" \/>\n\t<meta name=\"twitter:data1\" content=\"Sebastian\" \/>\n\t<meta name=\"twitter:label2\" content=\"Tiempo de lectura\" \/>\n\t<meta name=\"twitter:data2\" content=\"3 minutos\" \/>\n<script type=\"application\/ld+json\" class=\"yoast-schema-graph\">{\"@context\":\"https:\\\/\\\/schema.org\",\"@graph\":[{\"@type\":\"Article\",\"@id\":\"https:\\\/\\\/informelitoral.com.ar\\\/becas-progresar-2025-continuan-los-pagos-de-julio-y-esta-abierta-la-inscripcion\\\/#article\",\"isPartOf\":{\"@id\":\"https:\\\/\\\/informelitoral.com.ar\\\/becas-progresar-2025-continuan-los-pagos-de-julio-y-esta-abierta-la-inscripcion\\\/\"},\"author\":{\"name\":\"Sebastian\",\"@id\":\"https:\\\/\\\/informelitoral.com.ar\\\/#\\\/schema\\\/person\\\/f05f9f461677119578717524b127d6d5\"},\"headline\":\"Becas Progresar 2025: contin\u00faan los pagos de julio y est\u00e1 abierta la inscripci\u00f3n\",\"datePublished\":\"2025-07-08T12:11:19+00:00\",\"dateModified\":\"2025-07-09T02:05:51+00:00\",\"mainEntityOfPage\":{\"@id\":\"https:\\\/\\\/informelitoral.com.ar\\\/becas-progresar-2025-continuan-los-pagos-de-julio-y-esta-abierta-la-inscripcion\\\/\"},\"wordCount\":544,\"commentCount\":0,\"publisher\":{\"@id\":\"https:\\\/\\\/informelitoral.com.ar\\\/#organization\"},\"image\":{\"@id\":\"https:\\\/\\\/informelitoral.com.ar\\\/becas-progresar-2025-continuan-los-pagos-de-julio-y-esta-abierta-la-inscripcion\\\/#primaryimage\"},\"thumbnailUrl\":\"https:\\\/\\\/informelitoral.com.ar\\\/%77%70%2d%63%6f%6e%74%65%6e%74\\\/uploads\\\/2024\\\/07\\\/becas-progresarjpg.webp\",\"keywords\":[\"Becas progresar\",\"Inscripciones\",\"Pago\"],\"articleSection\":[\"Econom\u00eda\"],\"inLanguage\":\"es\",\"potentialAction\":[{\"@type\":\"CommentAction\",\"name\":\"Comment\",\"target\":[\"https:\\\/\\\/informelitoral.com.ar\\\/becas-progresar-2025-continuan-los-pagos-de-julio-y-esta-abierta-la-inscripcion\\\/#respond\"]}]},{\"@type\":\"WebPage\",\"@id\":\"https:\\\/\\\/informelitoral.com.ar\\\/becas-progresar-2025-continuan-los-pagos-de-julio-y-esta-abierta-la-inscripcion\\\/\",\"url\":\"https:\\\/\\\/informelitoral.com.ar\\\/becas-progresar-2025-continuan-los-pagos-de-julio-y-esta-abierta-la-inscripcion\\\/\",\"name\":\"Becas Progresar 2025: contin\u00faan los pagos de julio y est\u00e1 abierta la inscripci\u00f3n - Informe Litoral\",\"isPartOf\":{\"@id\":\"https:\\\/\\\/informelitoral.com.ar\\\/#website\"},\"primaryImageOfPage\":{\"@id\":\"https:\\\/\\\/informelitoral.com.ar\\\/becas-progresar-2025-continuan-los-pagos-de-julio-y-esta-abierta-la-inscripcion\\\/#primaryimage\"},\"image\":{\"@id\":\"https:\\\/\\\/informelitoral.com.ar\\\/becas-progresar-2025-continuan-los-pagos-de-julio-y-esta-abierta-la-inscripcion\\\/#primaryimage\"},\"thumbnailUrl\":\"https:\\\/\\\/informelitoral.com.ar\\\/%77%70%2d%63%6f%6e%74%65%6e%74\\\/uploads\\\/2024\\\/07\\\/becas-progresarjpg.webp\",\"datePublished\":\"2025-07-08T12:11:19+00:00\",\"dateModified\":\"2025-07-09T02:05:51+00:00\",\"breadcrumb\":{\"@id\":\"https:\\\/\\\/informelitoral.com.ar\\\/becas-progresar-2025-continuan-los-pagos-de-julio-y-esta-abierta-la-inscripcion\\\/#breadcrumb\"},\"inLanguage\":\"es\",\"potentialAction\":[{\"@type\":\"ReadAction\",\"target\":[\"https:\\\/\\\/informelitoral.com.ar\\\/becas-progresar-2025-continuan-los-pagos-de-julio-y-esta-abierta-la-inscripcion\\\/\"]}]},{\"@type\":\"ImageObject\",\"inLanguage\":\"es\",\"@id\":\"https:\\\/\\\/informelitoral.com.ar\\\/becas-progresar-2025-continuan-los-pagos-de-julio-y-esta-abierta-la-inscripcion\\\/#primaryimage\",\"url\":\"https:\\\/\\\/informelitoral.com.ar\\\/%77%70%2d%63%6f%6e%74%65%6e%74\\\/uploads\\\/2024\\\/07\\\/becas-progresarjpg.webp\",\"contentUrl\":\"https:\\\/\\\/informelitoral.com.ar\\\/%77%70%2d%63%6f%6e%74%65%6e%74\\\/uploads\\\/2024\\\/07\\\/becas-progresarjpg.webp\",\"width\":540,\"height\":405},{\"@type\":\"BreadcrumbList\",\"@id\":\"https:\\\/\\\/informelitoral.com.ar\\\/becas-progresar-2025-continuan-los-pagos-de-julio-y-esta-abierta-la-inscripcion\\\/#breadcrumb\",\"itemListElement\":[{\"@type\":\"ListItem\",\"position\":1,\"name\":\"Portada\",\"item\":\"https:\\\/\\\/informelitoral.com.ar\\\/\"},{\"@type\":\"ListItem\",\"position\":2,\"name\":\"Becas Progresar 2025: contin\u00faan los pagos de julio y est\u00e1 abierta la inscripci\u00f3n\"}]},{\"@type\":\"WebSite\",\"@id\":\"https:\\\/\\\/informelitoral.com.ar\\\/#website\",\"url\":\"https:\\\/\\\/informelitoral.com.ar\\\/\",\"name\":\"Informe Litoral\",\"description\":\"&quot;Nos informamos&quot; \",\"publisher\":{\"@id\":\"https:\\\/\\\/informelitoral.com.ar\\\/#organization\"},\"potentialAction\":[{\"@type\":\"SearchAction\",\"target\":{\"@type\":\"EntryPoint\",\"urlTemplate\":\"https:\\\/\\\/informelitoral.com.ar\\\/?s={search_term_string}\"},\"query-input\":{\"@type\":\"PropertyValueSpecification\",\"valueRequired\":true,\"valueName\":\"search_term_string\"}}],\"inLanguage\":\"es\"},{\"@type\":\"Organization\",\"@id\":\"https:\\\/\\\/informelitoral.com.ar\\\/#organization\",\"name\":\"Informe Litoral\",\"url\":\"https:\\\/\\\/informelitoral.com.ar\\\/\",\"logo\":{\"@type\":\"ImageObject\",\"inLanguage\":\"es\",\"@id\":\"https:\\\/\\\/informelitoral.com.ar\\\/#\\\/schema\\\/logo\\\/image\\\/\",\"url\":\"https:\\\/\\\/informelitoral.com.ar\\\/%77%70%2d%63%6f%6e%74%65%6e%74\\\/uploads\\\/2021\\\/01\\\/circulo.png\",\"contentUrl\":\"https:\\\/\\\/informelitoral.com.ar\\\/%77%70%2d%63%6f%6e%74%65%6e%74\\\/uploads\\\/2021\\\/01\\\/circulo.png\",\"width\":723,\"height\":731,\"caption\":\"Informe Litoral\"},\"image\":{\"@id\":\"https:\\\/\\\/informelitoral.com.ar\\\/#\\\/schema\\\/logo\\\/image\\\/\"},\"sameAs\":[\"https:\\\/\\\/www.facebook.com\\\/informelitoral\\\/\",\"https:\\\/\\\/x.com\\\/InformeLitoral\",\"https:\\\/\\\/www.instagram.com\\\/informelitoral\\\/\",\"https:\\\/\\\/www.youtube.com\\\/channel\\\/UCua4Qvz8Icb6MYqhoq9xLXw\"]},{\"@type\":\"Person\",\"@id\":\"https:\\\/\\\/informelitoral.com.ar\\\/#\\\/schema\\\/person\\\/f05f9f461677119578717524b127d6d5\",\"name\":\"Sebastian\",\"image\":{\"@type\":\"ImageObject\",\"inLanguage\":\"es\",\"@id\":\"https:\\\/\\\/secure.gravatar.com\\\/avatar\\\/b71bf7481d447dfb9583c7f2798e7cc64de6efb9067b74633ed8c31059a3bd82?s=96&d=mm&r=g\",\"url\":\"https:\\\/\\\/secure.gravatar.com\\\/avatar\\\/b71bf7481d447dfb9583c7f2798e7cc64de6efb9067b74633ed8c31059a3bd82?s=96&d=mm&r=g\",\"contentUrl\":\"https:\\\/\\\/secure.gravatar.com\\\/avatar\\\/b71bf7481d447dfb9583c7f2798e7cc64de6efb9067b74633ed8c31059a3bd82?s=96&d=mm&r=g\",\"caption\":\"Sebastian\"},\"url\":\"https:\\\/\\\/informelitoral.com.ar\\\/author\\\/sebastian\\\/\"}]}<\/script>","yoast_head_json":{"title":"Becas Progresar 2025: contin\u00faan los pagos de julio y est\u00e1 abierta la inscripci\u00f3n - Informe Litoral","robots":{"index":"index","follow":"follow","max-snippet":"max-snippet:-1","max-image-preview":"max-image-preview:large","max-video-preview":"max-video-preview:-1"},"canonical":"https:\/\/informelitoral.com.ar\/becas-progresar-2025-continuan-los-pagos-de-julio-y-esta-abierta-la-inscripcion\/","og_locale":"es_ES","og_type":"article","og_title":"Becas Progresar 2025: contin\u00faan los pagos de julio y est\u00e1 abierta la inscripci\u00f3n - Informe Litoral","og_description":"Durante julio contin\u00faa el pago de las Becas Progresar, el beneficio econ\u00f3mico para j\u00f3venes que estudian. Conoc\u00e9 los montos vigentes este mes y los requisitos seg\u00fan cada l\u00ednea del programa.","og_url":"https:\/\/informelitoral.com.ar\/becas-progresar-2025-continuan-los-pagos-de-julio-y-esta-abierta-la-inscripcion\/","og_site_name":"Informe Litoral","article_publisher":"https:\/\/www.facebook.com\/informelitoral\/","article_published_time":"2025-07-08T12:11:19+00:00","article_modified_time":"2025-07-09T02:05:51+00:00","og_image":[{"width":540,"height":405,"url":"https:\/\/informelitoral.com.ar\/%77%70%2d%63%6f%6e%74%65%6e%74\/uploads\/2024\/07\/becas-progresarjpg.webp","type":"image\/webp"}],"author":"Sebastian","twitter_card":"summary_large_image","twitter_creator":"@InformeLitoral","twitter_site":"@InformeLitoral","twitter_misc":{"Escrito por":"Sebastian","Tiempo de lectura":"3 minutos"},"schema":{"@context":"https:\/\/schema.org","@graph":[{"@type":"Article","@id":"https:\/\/informelitoral.com.ar\/becas-progresar-2025-continuan-los-pagos-de-julio-y-esta-abierta-la-inscripcion\/#article","isPartOf":{"@id":"https:\/\/informelitoral.com.ar\/becas-progresar-2025-continuan-los-pagos-de-julio-y-esta-abierta-la-inscripcion\/"},"author":{"name":"Sebastian","@id":"https:\/\/informelitoral.com.ar\/#\/schema\/person\/f05f9f461677119578717524b127d6d5"},"headline":"Becas Progresar 2025: contin\u00faan los pagos de julio y est\u00e1 abierta la inscripci\u00f3n","datePublished":"2025-07-08T12:11:19+00:00","dateModified":"2025-07-09T02:05:51+00:00","mainEntityOfPage":{"@id":"https:\/\/informelitoral.com.ar\/becas-progresar-2025-continuan-los-pagos-de-julio-y-esta-abierta-la-inscripcion\/"},"wordCount":544,"commentCount":0,"publisher":{"@id":"https:\/\/informelitoral.com.ar\/#organization"},"image":{"@id":"https:\/\/informelitoral.com.ar\/becas-progresar-2025-continuan-los-pagos-de-julio-y-esta-abierta-la-inscripcion\/#primaryimage"},"thumbnailUrl":"https:\/\/informelitoral.com.ar\/%77%70%2d%63%6f%6e%74%65%6e%74\/uploads\/2024\/07\/becas-progresarjpg.webp","keywords":["Becas progresar","Inscripciones","Pago"],"articleSection":["Econom\u00eda"],"inLanguage":"es","potentialAction":[{"@type":"CommentAction","name":"Comment","target":["https:\/\/informelitoral.com.ar\/becas-progresar-2025-continuan-los-pagos-de-julio-y-esta-abierta-la-inscripcion\/#respond"]}]},{"@type":"WebPage","@id":"https:\/\/informelitoral.com.ar\/becas-progresar-2025-continuan-los-pagos-de-julio-y-esta-abierta-la-inscripcion\/","url":"https:\/\/informelitoral.com.ar\/becas-progresar-2025-continuan-los-pagos-de-julio-y-esta-abierta-la-inscripcion\/","name":"Becas Progresar 2025: contin\u00faan los pagos de julio y est\u00e1 abierta la inscripci\u00f3n - Informe Litoral","isPartOf":{"@id":"https:\/\/informelitoral.com.ar\/#website"},"primaryImageOfPage":{"@id":"https:\/\/informelitoral.com.ar\/becas-progresar-2025-continuan-los-pagos-de-julio-y-esta-abierta-la-inscripcion\/#primaryimage"},"image":{"@id":"https:\/\/informelitoral.com.ar\/becas-progresar-2025-continuan-los-pagos-de-julio-y-esta-abierta-la-inscripcion\/#primaryimage"},"thumbnailUrl":"https:\/\/informelitoral.com.ar\/%77%70%2d%63%6f%6e%74%65%6e%74\/uploads\/2024\/07\/becas-progresarjpg.webp","datePublished":"2025-07-08T12:11:19+00:00","dateModified":"2025-07-09T02:05:51+00:00","breadcrumb":{"@id":"https:\/\/informelitoral.com.ar\/becas-progresar-2025-continuan-los-pagos-de-julio-y-esta-abierta-la-inscripcion\/#breadcrumb"},"inLanguage":"es","potentialAction":[{"@type":"ReadAction","target":["https:\/\/informelitoral.com.ar\/becas-progresar-2025-continuan-los-pagos-de-julio-y-esta-abierta-la-inscripcion\/"]}]},{"@type":"ImageObject","inLanguage":"es","@id":"https:\/\/informelitoral.com.ar\/becas-progresar-2025-continuan-los-pagos-de-julio-y-esta-abierta-la-inscripcion\/#primaryimage","url":"https:\/\/informelitoral.com.ar\/%77%70%2d%63%6f%6e%74%65%6e%74\/uploads\/2024\/07\/becas-progresarjpg.webp","contentUrl":"https:\/\/informelitoral.com.ar\/%77%70%2d%63%6f%6e%74%65%6e%74\/uploads\/2024\/07\/becas-progresarjpg.webp","width":540,"height":405},{"@type":"BreadcrumbList","@id":"https:\/\/informelitoral.com.ar\/becas-progresar-2025-continuan-los-pagos-de-julio-y-esta-abierta-la-inscripcion\/#breadcrumb","itemListElement":[{"@type":"ListItem","position":1,"name":"Portada","item":"https:\/\/informelitoral.com.ar\/"},{"@type":"ListItem","position":2,"name":"Becas Progresar 2025: contin\u00faan los pagos de julio y est\u00e1 abierta la inscripci\u00f3n"}]},{"@type":"WebSite","@id":"https:\/\/informelitoral.com.ar\/#website","url":"https:\/\/informelitoral.com.ar\/","name":"Informe Litoral","description":"&quot;Nos informamos&quot; ","publisher":{"@id":"https:\/\/informelitoral.com.ar\/#organization"},"potentialAction":[{"@type":"SearchAction","target":{"@type":"EntryPoint","urlTemplate":"https:\/\/informelitoral.com.ar\/?s={search_term_string}"},"query-input":{"@type":"PropertyValueSpecification","valueRequired":true,"valueName":"search_term_string"}}],"inLanguage":"es"},{"@type":"Organization","@id":"https:\/\/informelitoral.com.ar\/#organization","name":"Informe Litoral","url":"https:\/\/informelitoral.com.ar\/","logo":{"@type":"ImageObject","inLanguage":"es","@id":"https:\/\/informelitoral.com.ar\/#\/schema\/logo\/image\/","url":"https:\/\/informelitoral.com.ar\/%77%70%2d%63%6f%6e%74%65%6e%74\/uploads\/2021\/01\/circulo.png","contentUrl":"https:\/\/informelitoral.com.ar\/%77%70%2d%63%6f%6e%74%65%6e%74\/uploads\/2021\/01\/circulo.png","width":723,"height":731,"caption":"Informe Litoral"},"image":{"@id":"https:\/\/informelitoral.com.ar\/#\/schema\/logo\/image\/"},"sameAs":["https:\/\/www.facebook.com\/informelitoral\/","https:\/\/x.com\/InformeLitoral","https:\/\/www.instagram.com\/informelitoral\/","https:\/\/www.youtube.com\/channel\/UCua4Qvz8Icb6MYqhoq9xLXw"]},{"@type":"Person","@id":"https:\/\/informelitoral.com.ar\/#\/schema\/person\/f05f9f461677119578717524b127d6d5","name":"Sebastian","image":{"@type":"ImageObject","inLanguage":"es","@id":"https:\/\/secure.gravatar.com\/avatar\/b71bf7481d447dfb9583c7f2798e7cc64de6efb9067b74633ed8c31059a3bd82?s=96&d=mm&r=g","url":"https:\/\/secure.gravatar.com\/avatar\/b71bf7481d447dfb9583c7f2798e7cc64de6efb9067b74633ed8c31059a3bd82?s=96&d=mm&r=g","contentUrl":"https:\/\/secure.gravatar.com\/avatar\/b71bf7481d447dfb9583c7f2798e7cc64de6efb9067b74633ed8c31059a3bd82?s=96&d=mm&r=g","caption":"Sebastian"},"url":"https:\/\/informelitoral.com.ar\/author\/sebastian\/"}]}},"_links":{"self":[{"href":"https:\/\/informelitoral.com.ar\/%77%70%2d%6a%73%6f%6e\/wp\/v2\/posts\/226420","targetHints":{"allow":["GET"]}}],"collection":[{"href":"https:\/\/informelitoral.com.ar\/%77%70%2d%6a%73%6f%6e\/wp\/v2\/posts"}],"about":[{"href":"https:\/\/informelitoral.com.ar\/%77%70%2d%6a%73%6f%6e\/wp\/v2\/types\/post"}],"author":[{"embeddable":true,"href":"https:\/\/informelitoral.com.ar\/%77%70%2d%6a%73%6f%6e\/wp\/v2\/users\/8"}],"replies":[{"embeddable":true,"href":"https:\/\/informelitoral.com.ar\/%77%70%2d%6a%73%6f%6e\/wp\/v2\/comments?post=226420"}],"version-history":[{"count":3,"href":"https:\/\/informelitoral.com.ar\/%77%70%2d%6a%73%6f%6e\/wp\/v2\/posts\/226420\/revisions"}],"predecessor-version":[{"id":226581,"href":"https:\/\/informelitoral.com.ar\/%77%70%2d%6a%73%6f%6e\/wp\/v2\/posts\/226420\/revisions\/226581"}],"wp:featuredmedia":[{"embeddable":true,"href":"https:\/\/informelitoral.com.ar\/%77%70%2d%6a%73%6f%6e\/wp\/v2\/media\/190521"}],"wp:attachment":[{"href":"https:\/\/informelitoral.com.ar\/%77%70%2d%6a%73%6f%6e\/wp\/v2\/media?parent=226420"}],"wp:term":[{"taxonomy":"category","embeddable":true,"href":"https:\/\/informelitoral.com.ar\/%77%70%2d%6a%73%6f%6e\/wp\/v2\/categories?post=226420"},{"taxonomy":"post_tag","embeddable":true,"href":"https:\/\/informelitoral.com.ar\/%77%70%2d%6a%73%6f%6e\/wp\/v2\/tags?post=226420"}],"curies":[{"name":"wp","href":"https:\/\/api.w.org\/{rel}","templated":true}]}}