{"id":226413,"date":"2025-07-08T09:06:24","date_gmt":"2025-07-08T12:06:24","guid":{"rendered":"https:\/\/informelitoral.com.ar\/?p=226413"},"modified":"2025-07-08T09:06:24","modified_gmt":"2025-07-08T12:06:24","slug":"ascenso-de-temperaturas-en-gran-parte-del-pais-pero-con-alerta-por-niebla-en-entre-rios","status":"publish","type":"post","link":"https:\/\/informelitoral.com.ar\/ascenso-de-temperaturas-en-gran-parte-del-pais-pero-con-alerta-por-niebla-en-entre-rios\/","title":{"rendered":"Ascenso de temperaturas en gran parte del pa\u00eds, pero con alerta por niebla en Entre R\u00edos"},"content":{"rendered":"<p>Luego de haber atravesado los d\u00edas m\u00e1s fr\u00edos del a\u00f1o hasta el momento, buena parte del pa\u00eds experiment\u00f3 este martes un leve ascenso t\u00e9rmico. Seg\u00fan inform\u00f3 el Servicio Meteorol\u00f3gico Nacional, la temperatura m\u00e1xima prevista para hoy alcanza los 20\u00b0C, mientras que la m\u00ednima fue de 12\u00b0C. El viento sopla desde el este con rotaci\u00f3n al noreste, lo que contribuye al aumento paulatino del registro t\u00e9rmico.<\/p>\n<p><u>La amplitud t\u00e9rmica ser\u00e1 reducida en esta jornada<\/u>, pero las condiciones se presentan m\u00e1s templadas en comparaci\u00f3n con la semana pasada, cuando se registraron temperaturas extremadamente bajas.<\/p>\n<p>Adem\u00e1s, el Servicio Meteorol\u00f3gico Nacional (SMN) emiti\u00f3 una alerta violeta para un \u00e1rea de Entre R\u00edos que ser\u00e1 afectada por bancos de niebla y neblinas. El fen\u00f3meno provocar\u00e1 una significativa reducci\u00f3n de visibilidad y regir\u00e1 en gran parte del territorio provincial.<\/p>\n<h2><b>Alerta violeta en el sur de la provincia por presencia de niebla: recomiendan precauci\u00f3n al manejar<\/b><\/h2>\n<p>Seg\u00fan se inform\u00f3, los departamentos afectados por el aviso de alerta son Victoria, Gualeguay, Gualeguaych\u00fa, Islas del Ibicuy, Uruguay, Col\u00f3n y Tala.<\/p>\n<p>Para que exista niebla, o neblina, la humedad de la tierra o del agua m\u00e1s c\u00e1lida se evapora y se mezcla con las masas m\u00e1s bajas de aire fr\u00edo que pasan por encima; esto lleva a una mezcla de temperaturas que causa la condensaci\u00f3n y suele formar niebla.<\/p>\n<p>El meteor\u00f3logo Leonardo De Benedictis explic\u00f3 que \u201centre el mi\u00e9rcoles y jueves se consolidar\u00e1 un nuevo pulso de humedad que impulsar\u00e1 nuevamente lluvias, chaparrones y tormentas en la zona central del pa\u00eds\u201d, detall\u00f3 el especialista.<\/p>\n<p>\u201cEl jueves ser\u00e1 el d\u00eda de mayor actividad, con precipitaciones de intensidad moderada que podr\u00edan extenderse al norte de La Pampa, reforzando la inestabilidad en toda la regi\u00f3n pampeana\u201d, se\u00f1al\u00f3 De Benedictis. No obstante, aclar\u00f3 que \u201cno se prev\u00e9n tormentas fuertes ni fen\u00f3menos severos, manteni\u00e9ndose dentro de los par\u00e1metros normales para el invierno\u201d.<\/p>\n<h2><strong>Pron\u00f3stico para los pr\u00f3ximos d\u00edas<\/strong><\/h2>\n<p>De acuerdo con el pron\u00f3stico extendido, se mantendr\u00e1n \u201ccondiciones templadas, especialmente en el centro y norte del pa\u00eds\u201d, impulsadas por la persistencia de vientos del cuadrante norte, seg\u00fan indic\u00f3 el meteor\u00f3logo.<\/p>\n<p>En Entre R\u00edos,<b>\u00a0tanto el mi\u00e9rcoles como el jueves las temperaturas m\u00ednimas rondar\u00e1n los 11\u00b0C<\/b>, mientras que las m\u00e1ximas se ubicar\u00e1n en torno a los 20\u00b0C, con vientos predominantes del norte que rotar\u00e1n hacia el sur. En cuanto al\u00a0<b>viernes,<\/b>\u00a0no se descartan lloviznas aisladas en Paran\u00e1 y zonas aleda\u00f1as, con una temperatura m\u00e1xima prevista de 18\u00b0C.<\/p>\n<p>De cara al pr\u00f3ximo fin de semana, De Benedictis anticip\u00f3 un nuevo y marcado ascenso t\u00e9rmico: \u201cLas provincias del norte argentino podr\u00edan alcanzar valores por encima de los 30\u00b0C, un dato relevante para quienes planifican actividades al aire libre o tareas agropecuarias que requieran seguimiento de las condiciones t\u00e9rmicas\u201d.<\/p>\n<p>El escenario proyectado para los pr\u00f3ximos d\u00edas ofrece un alivio frente a los registros extremos de la semana anterior y permite prever una relativa estabilidad en cuanto a temperaturas, aunque con episodios de humedad e inestabilidad desde el jueves.<i>\u00a0<\/i><\/p>\n<h6><em><strong>Del archivo:\u00a0<a href=\"https:\/\/informelitoral.com.ar\/combustibles-aumentos-de-julio-impulsan-la-busqueda-de-descuentos-para-ahorrar-hasta-un-30\/\" target=\"_blank\" rel=\"noopener\">Combustibles: aumentos de julio impulsan la b\u00fasqueda de descuentos para ahorrar hasta un 30%<\/a><\/strong><\/em><\/h6>\n","protected":false},"excerpt":{"rendered":"<p>Este martes se registr\u00f3 una m\u00ednima de 12\u00b0C y se espera una m\u00e1xima de 20\u00b0C, con viento del noreste y escasa amplitud t\u00e9rmica. Las temperaturas seguir\u00e1n en ascenso paulatino durante la semana, con posibles cambios en las condiciones hacia el jueves.<\/p>\n","protected":false},"author":8,"featured_media":80937,"comment_status":"open","ping_status":"open","sticky":false,"template":"","format":"standard","meta":{"fifu_image_url":"","fifu_image_alt":"","footnotes":""},"categories":[7],"tags":[113],"class_list":{"0":"post-226413","1":"post","2":"type-post","3":"status-publish","4":"format-standard","5":"has-post-thumbnail","7":"category-nacionales","8":"tag-smn"},"yoast_head":"<title>Ascenso de temperaturas en gran parte del pa\u00eds, pero con alerta por niebla en Entre R\u00edos - Informe Litoral<\/title>\n<meta name=\"robots\" content=\"index, follow, max-snippet:-1, max-image-preview:large, max-video-preview:-1\" \/>\n<link rel=\"canonical\" href=\"https:\/\/informelitoral.com.ar\/ascenso-de-temperaturas-en-gran-parte-del-pais-pero-con-alerta-por-niebla-en-entre-rios\/\" \/>\n<meta property=\"og:locale\" content=\"es_ES\" \/>\n<meta property=\"og:type\" content=\"article\" \/>\n<meta property=\"og:title\" content=\"Ascenso de temperaturas en gran parte del pa\u00eds, pero con alerta por niebla en Entre R\u00edos - Informe Litoral\" \/>\n<meta property=\"og:description\" content=\"Este martes se registr\u00f3 una m\u00ednima de 12\u00b0C y se espera una m\u00e1xima de 20\u00b0C, con viento del noreste y escasa amplitud t\u00e9rmica. Las temperaturas seguir\u00e1n en ascenso paulatino durante la semana, con posibles cambios en las condiciones hacia el jueves.\" \/>\n<meta property=\"og:url\" content=\"https:\/\/informelitoral.com.ar\/ascenso-de-temperaturas-en-gran-parte-del-pais-pero-con-alerta-por-niebla-en-entre-rios\/\" \/>\n<meta property=\"og:site_name\" content=\"Informe Litoral\" \/>\n<meta property=\"article:publisher\" content=\"https:\/\/www.facebook.com\/informelitoral\/\" \/>\n<meta property=\"article:published_time\" content=\"2025-07-08T12:06:24+00:00\" \/>\n<meta property=\"og:image\" content=\"https:\/\/informelitoral.com.ar\/%77%70%2d%63%6f%6e%74%65%6e%74\/uploads\/2022\/07\/220529-frio-3.jpg\" \/>\n\t<meta property=\"og:image:width\" content=\"807\" \/>\n\t<meta property=\"og:image:height\" content=\"608\" \/>\n\t<meta property=\"og:image:type\" content=\"image\/jpeg\" \/>\n<meta name=\"author\" content=\"Sebastian\" \/>\n<meta name=\"twitter:card\" content=\"summary_large_image\" \/>\n<meta name=\"twitter:creator\" content=\"@InformeLitoral\" \/>\n<meta name=\"twitter:site\" content=\"@InformeLitoral\" \/>\n<meta name=\"twitter:label1\" content=\"Escrito por\" \/>\n\t<meta name=\"twitter:data1\" content=\"Sebastian\" \/>\n\t<meta name=\"twitter:label2\" content=\"Tiempo de lectura\" \/>\n\t<meta name=\"twitter:data2\" content=\"3 minutos\" \/>\n<script type=\"application\/ld+json\" class=\"yoast-schema-graph\">{\"@context\":\"https:\\\/\\\/schema.org\",\"@graph\":[{\"@type\":\"Article\",\"@id\":\"https:\\\/\\\/informelitoral.com.ar\\\/ascenso-de-temperaturas-en-gran-parte-del-pais-pero-con-alerta-por-niebla-en-entre-rios\\\/#article\",\"isPartOf\":{\"@id\":\"https:\\\/\\\/informelitoral.com.ar\\\/ascenso-de-temperaturas-en-gran-parte-del-pais-pero-con-alerta-por-niebla-en-entre-rios\\\/\"},\"author\":{\"name\":\"Sebastian\",\"@id\":\"https:\\\/\\\/informelitoral.com.ar\\\/#\\\/schema\\\/person\\\/f05f9f461677119578717524b127d6d5\"},\"headline\":\"Ascenso de temperaturas en gran parte del pa\u00eds, pero con alerta por niebla en Entre R\u00edos\",\"datePublished\":\"2025-07-08T12:06:24+00:00\",\"mainEntityOfPage\":{\"@id\":\"https:\\\/\\\/informelitoral.com.ar\\\/ascenso-de-temperaturas-en-gran-parte-del-pais-pero-con-alerta-por-niebla-en-entre-rios\\\/\"},\"wordCount\":584,\"commentCount\":0,\"publisher\":{\"@id\":\"https:\\\/\\\/informelitoral.com.ar\\\/#organization\"},\"image\":{\"@id\":\"https:\\\/\\\/informelitoral.com.ar\\\/ascenso-de-temperaturas-en-gran-parte-del-pais-pero-con-alerta-por-niebla-en-entre-rios\\\/#primaryimage\"},\"thumbnailUrl\":\"https:\\\/\\\/informelitoral.com.ar\\\/%77%70%2d%63%6f%6e%74%65%6e%74\\\/uploads\\\/2022\\\/07\\\/220529-frio-3.jpg\",\"keywords\":[\"SMN\"],\"articleSection\":[\"Nacionales\"],\"inLanguage\":\"es\",\"potentialAction\":[{\"@type\":\"CommentAction\",\"name\":\"Comment\",\"target\":[\"https:\\\/\\\/informelitoral.com.ar\\\/ascenso-de-temperaturas-en-gran-parte-del-pais-pero-con-alerta-por-niebla-en-entre-rios\\\/#respond\"]}]},{\"@type\":\"WebPage\",\"@id\":\"https:\\\/\\\/informelitoral.com.ar\\\/ascenso-de-temperaturas-en-gran-parte-del-pais-pero-con-alerta-por-niebla-en-entre-rios\\\/\",\"url\":\"https:\\\/\\\/informelitoral.com.ar\\\/ascenso-de-temperaturas-en-gran-parte-del-pais-pero-con-alerta-por-niebla-en-entre-rios\\\/\",\"name\":\"Ascenso de temperaturas en gran parte del pa\u00eds, pero con alerta por niebla en Entre R\u00edos - Informe Litoral\",\"isPartOf\":{\"@id\":\"https:\\\/\\\/informelitoral.com.ar\\\/#website\"},\"primaryImageOfPage\":{\"@id\":\"https:\\\/\\\/informelitoral.com.ar\\\/ascenso-de-temperaturas-en-gran-parte-del-pais-pero-con-alerta-por-niebla-en-entre-rios\\\/#primaryimage\"},\"image\":{\"@id\":\"https:\\\/\\\/informelitoral.com.ar\\\/ascenso-de-temperaturas-en-gran-parte-del-pais-pero-con-alerta-por-niebla-en-entre-rios\\\/#primaryimage\"},\"thumbnailUrl\":\"https:\\\/\\\/informelitoral.com.ar\\\/%77%70%2d%63%6f%6e%74%65%6e%74\\\/uploads\\\/2022\\\/07\\\/220529-frio-3.jpg\",\"datePublished\":\"2025-07-08T12:06:24+00:00\",\"breadcrumb\":{\"@id\":\"https:\\\/\\\/informelitoral.com.ar\\\/ascenso-de-temperaturas-en-gran-parte-del-pais-pero-con-alerta-por-niebla-en-entre-rios\\\/#breadcrumb\"},\"inLanguage\":\"es\",\"potentialAction\":[{\"@type\":\"ReadAction\",\"target\":[\"https:\\\/\\\/informelitoral.com.ar\\\/ascenso-de-temperaturas-en-gran-parte-del-pais-pero-con-alerta-por-niebla-en-entre-rios\\\/\"]}]},{\"@type\":\"ImageObject\",\"inLanguage\":\"es\",\"@id\":\"https:\\\/\\\/informelitoral.com.ar\\\/ascenso-de-temperaturas-en-gran-parte-del-pais-pero-con-alerta-por-niebla-en-entre-rios\\\/#primaryimage\",\"url\":\"https:\\\/\\\/informelitoral.com.ar\\\/%77%70%2d%63%6f%6e%74%65%6e%74\\\/uploads\\\/2022\\\/07\\\/220529-frio-3.jpg\",\"contentUrl\":\"https:\\\/\\\/informelitoral.com.ar\\\/%77%70%2d%63%6f%6e%74%65%6e%74\\\/uploads\\\/2022\\\/07\\\/220529-frio-3.jpg\",\"width\":807,\"height\":608},{\"@type\":\"BreadcrumbList\",\"@id\":\"https:\\\/\\\/informelitoral.com.ar\\\/ascenso-de-temperaturas-en-gran-parte-del-pais-pero-con-alerta-por-niebla-en-entre-rios\\\/#breadcrumb\",\"itemListElement\":[{\"@type\":\"ListItem\",\"position\":1,\"name\":\"Portada\",\"item\":\"https:\\\/\\\/informelitoral.com.ar\\\/\"},{\"@type\":\"ListItem\",\"position\":2,\"name\":\"Ascenso de temperaturas en gran parte del pa\u00eds, pero con alerta por niebla en Entre R\u00edos\"}]},{\"@type\":\"WebSite\",\"@id\":\"https:\\\/\\\/informelitoral.com.ar\\\/#website\",\"url\":\"https:\\\/\\\/informelitoral.com.ar\\\/\",\"name\":\"Informe Litoral\",\"description\":\"&quot;Nos informamos&quot; \",\"publisher\":{\"@id\":\"https:\\\/\\\/informelitoral.com.ar\\\/#organization\"},\"potentialAction\":[{\"@type\":\"SearchAction\",\"target\":{\"@type\":\"EntryPoint\",\"urlTemplate\":\"https:\\\/\\\/informelitoral.com.ar\\\/?s={search_term_string}\"},\"query-input\":{\"@type\":\"PropertyValueSpecification\",\"valueRequired\":true,\"valueName\":\"search_term_string\"}}],\"inLanguage\":\"es\"},{\"@type\":\"Organization\",\"@id\":\"https:\\\/\\\/informelitoral.com.ar\\\/#organization\",\"name\":\"Informe Litoral\",\"url\":\"https:\\\/\\\/informelitoral.com.ar\\\/\",\"logo\":{\"@type\":\"ImageObject\",\"inLanguage\":\"es\",\"@id\":\"https:\\\/\\\/informelitoral.com.ar\\\/#\\\/schema\\\/logo\\\/image\\\/\",\"url\":\"https:\\\/\\\/informelitoral.com.ar\\\/%77%70%2d%63%6f%6e%74%65%6e%74\\\/uploads\\\/2021\\\/01\\\/circulo.png\",\"contentUrl\":\"https:\\\/\\\/informelitoral.com.ar\\\/%77%70%2d%63%6f%6e%74%65%6e%74\\\/uploads\\\/2021\\\/01\\\/circulo.png\",\"width\":723,\"height\":731,\"caption\":\"Informe Litoral\"},\"image\":{\"@id\":\"https:\\\/\\\/informelitoral.com.ar\\\/#\\\/schema\\\/logo\\\/image\\\/\"},\"sameAs\":[\"https:\\\/\\\/www.facebook.com\\\/informelitoral\\\/\",\"https:\\\/\\\/x.com\\\/InformeLitoral\",\"https:\\\/\\\/www.instagram.com\\\/informelitoral\\\/\",\"https:\\\/\\\/www.youtube.com\\\/channel\\\/UCua4Qvz8Icb6MYqhoq9xLXw\"]},{\"@type\":\"Person\",\"@id\":\"https:\\\/\\\/informelitoral.com.ar\\\/#\\\/schema\\\/person\\\/f05f9f461677119578717524b127d6d5\",\"name\":\"Sebastian\",\"image\":{\"@type\":\"ImageObject\",\"inLanguage\":\"es\",\"@id\":\"https:\\\/\\\/secure.gravatar.com\\\/avatar\\\/b71bf7481d447dfb9583c7f2798e7cc64de6efb9067b74633ed8c31059a3bd82?s=96&d=mm&r=g\",\"url\":\"https:\\\/\\\/secure.gravatar.com\\\/avatar\\\/b71bf7481d447dfb9583c7f2798e7cc64de6efb9067b74633ed8c31059a3bd82?s=96&d=mm&r=g\",\"contentUrl\":\"https:\\\/\\\/secure.gravatar.com\\\/avatar\\\/b71bf7481d447dfb9583c7f2798e7cc64de6efb9067b74633ed8c31059a3bd82?s=96&d=mm&r=g\",\"caption\":\"Sebastian\"},\"url\":\"https:\\\/\\\/informelitoral.com.ar\\\/author\\\/sebastian\\\/\"}]}<\/script>","yoast_head_json":{"title":"Ascenso de temperaturas en gran parte del pa\u00eds, pero con alerta por niebla en Entre R\u00edos - Informe Litoral","robots":{"index":"index","follow":"follow","max-snippet":"max-snippet:-1","max-image-preview":"max-image-preview:large","max-video-preview":"max-video-preview:-1"},"canonical":"https:\/\/informelitoral.com.ar\/ascenso-de-temperaturas-en-gran-parte-del-pais-pero-con-alerta-por-niebla-en-entre-rios\/","og_locale":"es_ES","og_type":"article","og_title":"Ascenso de temperaturas en gran parte del pa\u00eds, pero con alerta por niebla en Entre R\u00edos - Informe Litoral","og_description":"Este martes se registr\u00f3 una m\u00ednima de 12\u00b0C y se espera una m\u00e1xima de 20\u00b0C, con viento del noreste y escasa amplitud t\u00e9rmica. Las temperaturas seguir\u00e1n en ascenso paulatino durante la semana, con posibles cambios en las condiciones hacia el jueves.","og_url":"https:\/\/informelitoral.com.ar\/ascenso-de-temperaturas-en-gran-parte-del-pais-pero-con-alerta-por-niebla-en-entre-rios\/","og_site_name":"Informe Litoral","article_publisher":"https:\/\/www.facebook.com\/informelitoral\/","article_published_time":"2025-07-08T12:06:24+00:00","og_image":[{"width":807,"height":608,"url":"https:\/\/informelitoral.com.ar\/%77%70%2d%63%6f%6e%74%65%6e%74\/uploads\/2022\/07\/220529-frio-3.jpg","type":"image\/jpeg"}],"author":"Sebastian","twitter_card":"summary_large_image","twitter_creator":"@InformeLitoral","twitter_site":"@InformeLitoral","twitter_misc":{"Escrito por":"Sebastian","Tiempo de lectura":"3 minutos"},"schema":{"@context":"https:\/\/schema.org","@graph":[{"@type":"Article","@id":"https:\/\/informelitoral.com.ar\/ascenso-de-temperaturas-en-gran-parte-del-pais-pero-con-alerta-por-niebla-en-entre-rios\/#article","isPartOf":{"@id":"https:\/\/informelitoral.com.ar\/ascenso-de-temperaturas-en-gran-parte-del-pais-pero-con-alerta-por-niebla-en-entre-rios\/"},"author":{"name":"Sebastian","@id":"https:\/\/informelitoral.com.ar\/#\/schema\/person\/f05f9f461677119578717524b127d6d5"},"headline":"Ascenso de temperaturas en gran parte del pa\u00eds, pero con alerta por niebla en Entre R\u00edos","datePublished":"2025-07-08T12:06:24+00:00","mainEntityOfPage":{"@id":"https:\/\/informelitoral.com.ar\/ascenso-de-temperaturas-en-gran-parte-del-pais-pero-con-alerta-por-niebla-en-entre-rios\/"},"wordCount":584,"commentCount":0,"publisher":{"@id":"https:\/\/informelitoral.com.ar\/#organization"},"image":{"@id":"https:\/\/informelitoral.com.ar\/ascenso-de-temperaturas-en-gran-parte-del-pais-pero-con-alerta-por-niebla-en-entre-rios\/#primaryimage"},"thumbnailUrl":"https:\/\/informelitoral.com.ar\/%77%70%2d%63%6f%6e%74%65%6e%74\/uploads\/2022\/07\/220529-frio-3.jpg","keywords":["SMN"],"articleSection":["Nacionales"],"inLanguage":"es","potentialAction":[{"@type":"CommentAction","name":"Comment","target":["https:\/\/informelitoral.com.ar\/ascenso-de-temperaturas-en-gran-parte-del-pais-pero-con-alerta-por-niebla-en-entre-rios\/#respond"]}]},{"@type":"WebPage","@id":"https:\/\/informelitoral.com.ar\/ascenso-de-temperaturas-en-gran-parte-del-pais-pero-con-alerta-por-niebla-en-entre-rios\/","url":"https:\/\/informelitoral.com.ar\/ascenso-de-temperaturas-en-gran-parte-del-pais-pero-con-alerta-por-niebla-en-entre-rios\/","name":"Ascenso de temperaturas en gran parte del pa\u00eds, pero con alerta por niebla en Entre R\u00edos - Informe Litoral","isPartOf":{"@id":"https:\/\/informelitoral.com.ar\/#website"},"primaryImageOfPage":{"@id":"https:\/\/informelitoral.com.ar\/ascenso-de-temperaturas-en-gran-parte-del-pais-pero-con-alerta-por-niebla-en-entre-rios\/#primaryimage"},"image":{"@id":"https:\/\/informelitoral.com.ar\/ascenso-de-temperaturas-en-gran-parte-del-pais-pero-con-alerta-por-niebla-en-entre-rios\/#primaryimage"},"thumbnailUrl":"https:\/\/informelitoral.com.ar\/%77%70%2d%63%6f%6e%74%65%6e%74\/uploads\/2022\/07\/220529-frio-3.jpg","datePublished":"2025-07-08T12:06:24+00:00","breadcrumb":{"@id":"https:\/\/informelitoral.com.ar\/ascenso-de-temperaturas-en-gran-parte-del-pais-pero-con-alerta-por-niebla-en-entre-rios\/#breadcrumb"},"inLanguage":"es","potentialAction":[{"@type":"ReadAction","target":["https:\/\/informelitoral.com.ar\/ascenso-de-temperaturas-en-gran-parte-del-pais-pero-con-alerta-por-niebla-en-entre-rios\/"]}]},{"@type":"ImageObject","inLanguage":"es","@id":"https:\/\/informelitoral.com.ar\/ascenso-de-temperaturas-en-gran-parte-del-pais-pero-con-alerta-por-niebla-en-entre-rios\/#primaryimage","url":"https:\/\/informelitoral.com.ar\/%77%70%2d%63%6f%6e%74%65%6e%74\/uploads\/2022\/07\/220529-frio-3.jpg","contentUrl":"https:\/\/informelitoral.com.ar\/%77%70%2d%63%6f%6e%74%65%6e%74\/uploads\/2022\/07\/220529-frio-3.jpg","width":807,"height":608},{"@type":"BreadcrumbList","@id":"https:\/\/informelitoral.com.ar\/ascenso-de-temperaturas-en-gran-parte-del-pais-pero-con-alerta-por-niebla-en-entre-rios\/#breadcrumb","itemListElement":[{"@type":"ListItem","position":1,"name":"Portada","item":"https:\/\/informelitoral.com.ar\/"},{"@type":"ListItem","position":2,"name":"Ascenso de temperaturas en gran parte del pa\u00eds, pero con alerta por niebla en Entre R\u00edos"}]},{"@type":"WebSite","@id":"https:\/\/informelitoral.com.ar\/#website","url":"https:\/\/informelitoral.com.ar\/","name":"Informe Litoral","description":"&quot;Nos informamos&quot; ","publisher":{"@id":"https:\/\/informelitoral.com.ar\/#organization"},"potentialAction":[{"@type":"SearchAction","target":{"@type":"EntryPoint","urlTemplate":"https:\/\/informelitoral.com.ar\/?s={search_term_string}"},"query-input":{"@type":"PropertyValueSpecification","valueRequired":true,"valueName":"search_term_string"}}],"inLanguage":"es"},{"@type":"Organization","@id":"https:\/\/informelitoral.com.ar\/#organization","name":"Informe Litoral","url":"https:\/\/informelitoral.com.ar\/","logo":{"@type":"ImageObject","inLanguage":"es","@id":"https:\/\/informelitoral.com.ar\/#\/schema\/logo\/image\/","url":"https:\/\/informelitoral.com.ar\/%77%70%2d%63%6f%6e%74%65%6e%74\/uploads\/2021\/01\/circulo.png","contentUrl":"https:\/\/informelitoral.com.ar\/%77%70%2d%63%6f%6e%74%65%6e%74\/uploads\/2021\/01\/circulo.png","width":723,"height":731,"caption":"Informe Litoral"},"image":{"@id":"https:\/\/informelitoral.com.ar\/#\/schema\/logo\/image\/"},"sameAs":["https:\/\/www.facebook.com\/informelitoral\/","https:\/\/x.com\/InformeLitoral","https:\/\/www.instagram.com\/informelitoral\/","https:\/\/www.youtube.com\/channel\/UCua4Qvz8Icb6MYqhoq9xLXw"]},{"@type":"Person","@id":"https:\/\/informelitoral.com.ar\/#\/schema\/person\/f05f9f461677119578717524b127d6d5","name":"Sebastian","image":{"@type":"ImageObject","inLanguage":"es","@id":"https:\/\/secure.gravatar.com\/avatar\/b71bf7481d447dfb9583c7f2798e7cc64de6efb9067b74633ed8c31059a3bd82?s=96&d=mm&r=g","url":"https:\/\/secure.gravatar.com\/avatar\/b71bf7481d447dfb9583c7f2798e7cc64de6efb9067b74633ed8c31059a3bd82?s=96&d=mm&r=g","contentUrl":"https:\/\/secure.gravatar.com\/avatar\/b71bf7481d447dfb9583c7f2798e7cc64de6efb9067b74633ed8c31059a3bd82?s=96&d=mm&r=g","caption":"Sebastian"},"url":"https:\/\/informelitoral.com.ar\/author\/sebastian\/"}]}},"_links":{"self":[{"href":"https:\/\/informelitoral.com.ar\/%77%70%2d%6a%73%6f%6e\/wp\/v2\/posts\/226413","targetHints":{"allow":["GET"]}}],"collection":[{"href":"https:\/\/informelitoral.com.ar\/%77%70%2d%6a%73%6f%6e\/wp\/v2\/posts"}],"about":[{"href":"https:\/\/informelitoral.com.ar\/%77%70%2d%6a%73%6f%6e\/wp\/v2\/types\/post"}],"author":[{"embeddable":true,"href":"https:\/\/informelitoral.com.ar\/%77%70%2d%6a%73%6f%6e\/wp\/v2\/users\/8"}],"replies":[{"embeddable":true,"href":"https:\/\/informelitoral.com.ar\/%77%70%2d%6a%73%6f%6e\/wp\/v2\/comments?post=226413"}],"version-history":[{"count":1,"href":"https:\/\/informelitoral.com.ar\/%77%70%2d%6a%73%6f%6e\/wp\/v2\/posts\/226413\/revisions"}],"predecessor-version":[{"id":226414,"href":"https:\/\/informelitoral.com.ar\/%77%70%2d%6a%73%6f%6e\/wp\/v2\/posts\/226413\/revisions\/226414"}],"wp:featuredmedia":[{"embeddable":true,"href":"https:\/\/informelitoral.com.ar\/%77%70%2d%6a%73%6f%6e\/wp\/v2\/media\/80937"}],"wp:attachment":[{"href":"https:\/\/informelitoral.com.ar\/%77%70%2d%6a%73%6f%6e\/wp\/v2\/media?parent=226413"}],"wp:term":[{"taxonomy":"category","embeddable":true,"href":"https:\/\/informelitoral.com.ar\/%77%70%2d%6a%73%6f%6e\/wp\/v2\/categories?post=226413"},{"taxonomy":"post_tag","embeddable":true,"href":"https:\/\/informelitoral.com.ar\/%77%70%2d%6a%73%6f%6e\/wp\/v2\/tags?post=226413"}],"curies":[{"name":"wp","href":"https:\/\/api.w.org\/{rel}","templated":true}]}}